{"id":466090,"date":"2026-09-02T21:43:26","date_gmt":"2026-09-03T00:43:26","guid":{"rendered":"https:\/\/mrnews.com.br\/index.php\/2026\/09\/02\/pgr-defende-arquivamento-de-depoimento-sobre-suposta-ameaca-a-vorcaro\/"},"modified":"2026-09-02T21:43:26","modified_gmt":"2026-09-03T00:43:26","slug":"pgr-defende-arquivamento-de-depoimento-sobre-suposta-ameaca-a-vorcaro","status":"publish","type":"post","link":"https:\/\/mrnews.com.br\/index.php\/2026\/09\/02\/pgr-defende-arquivamento-de-depoimento-sobre-suposta-ameaca-a-vorcaro\/","title":{"rendered":"PGR defende arquivamento de depoimento sobre suposta amea\u00e7a a Vorcaro"},"content":{"rendered":"<p>Por EBC, <\/p>\n<div>\n<p><strong>A Procuradoria-Geral da Rep\u00fablica (PGR) defendeu nesta quarta-feira (2) o arquivamento do depoimento no qual o ex-banqueiro Daniel Vorcaro relatou ter sofrido &#8220;graves intimida\u00e7\u00f5es&#8221; durante as tratativas para obter um acordo de dela\u00e7\u00e3o premiada.\u00a0<\/strong><\/p>\n<p>O depoimento de Vorcaro, que est\u00e1 preso, foi tomado na semana passada por um juiz auxiliar do ministro do Supremo Tribunal Federal (STF) Andr\u00e9 Mendon\u00e7a, relator do caso Master, ap\u00f3s requerimento da defesa.<\/p>\n<p><strong>No parecer enviado ao Supremo, a procuradoria disse que Vorcaro n\u00e3o apresentou provas das supostas amea\u00e7as.\u00a0<\/strong><\/p>\n<p>O ex-banqueiro busca retomar as tratativas para assinar um acordo de dela\u00e7\u00e3o premiada, j\u00e1 rejeitado duas vezes pela Pol\u00edcia Federal (PF) e pela Procuradoria-Geral da Rep\u00fablica (PGR).<\/p>\n<p>Os investigadores entenderam que o ex-banqueiro n\u00e3o apresentou novidades em rela\u00e7\u00e3o ao material que j\u00e1 foi apreendido e n\u00e3o assumiu que cometeu crimes.\u00a0<\/p>\n<h2>Moraes<\/h2>\n<p>Nesta ter\u00e7a-feira, a PGR defendeu a anula\u00e7\u00e3o do relat\u00f3rio da PF que encontrou as mensagens trocadas entre Vorcaro e o ministro Alexandre de Moraes.<\/p>\n<p>Na manifesta\u00e7\u00e3o enviada \u00e0 Corte, o procurador-geral, Paulo Gonet, disse que Mendon\u00e7a investigou Moraes ilegalmente ao determinar o aprofundamento da investiga\u00e7\u00e3o sobre o caso Master para esmiu\u00e7ar as conversas envolvendo Moraes e o ex-banqueiro.<\/p>\n<p>No entendimento do procurador, o aprofundamento da apura\u00e7\u00e3o s\u00f3 poderia ocorrer ap\u00f3s autoriza\u00e7\u00e3o do plen\u00e1rio da Corte.<\/p>\n<p>O caso deve ser analisado pelo plen\u00e1rio do STF. A data ainda n\u00e3o foi definida.\u00a0<\/p>\n<p>      <!-- Relacionada --><\/p>\n<p>            <!-- Relacionada -->\n    <\/div>\n","protected":false},"excerpt":{"rendered":"<p>Por EBC, A Procuradoria-Geral da Rep\u00fablica (PGR) defendeu nesta quarta-feira (2) o arquivamento do depoimento no qual o ex-banqueiro Daniel Vorcaro relatou ter sofrido &#8220;graves intimida\u00e7\u00f5es&#8221; durante as tratativas para obter um acordo de dela\u00e7\u00e3o premiada.\u00a0 O depoimento de Vorcaro, que est\u00e1 preso, foi tomado na semana passada por um juiz auxiliar do ministro do &hellip;<\/p>\n","protected":false},"author":39,"featured_media":0,"comment_status":"open","ping_status":"open","sticky":false,"template":"","format":"standard","meta":{"_jetpack_newsletter_access":"","_jetpack_dont_email_post_to_subs":false,"_jetpack_newsletter_tier_id":0,"_jetpack_memberships_contains_paywalled_content":false,"_jetpack_feature_clip_id":0,"_jetpack_memberships_contains_paid_content":false,"footnotes":"","jetpack_post_was_ever_published":false},"categories":[4],"tags":[],"class_list":["post-466090","post","type-post","status-publish","format-standard","hentry","category-servicos"],"yoast_head":"<!-- This site is optimized with the Yoast SEO plugin v28.4 - https:\/\/yoast.com\/product\/yoast-seo-wordpress\/ -->\n<title>PGR defende arquivamento de depoimento sobre suposta amea\u00e7a a Vorcaro<\/title>\n<meta name=\"robots\" content=\"index, follow, max-snippet:-1, max-image-preview:large, max-video-preview:-1\" \/>\n<link rel=\"canonical\" href=\"https:\/\/agenciabrasil.ebc.com.br\/justica\/noticia\/2026-09\/pgr-defende-arquivamento-de-depoimento-sobre-suposta-ameaca-vorcaro\" \/>\n<meta property=\"og:locale\" content=\"pt_BR\" \/>\n<meta property=\"og:type\" content=\"article\" \/>\n<meta property=\"og:title\" content=\"PGR defende arquivamento de depoimento sobre suposta amea\u00e7a a Vorcaro\" \/>\n<meta property=\"og:description\" content=\"Por EBC, A Procuradoria-Geral da Rep\u00fablica (PGR) defendeu nesta quarta-feira (2) o arquivamento do depoimento no qual o ex-banqueiro Daniel Vorcaro relatou ter sofrido &#8220;graves intimida\u00e7\u00f5es&#8221; durante as tratativas para obter um acordo de dela\u00e7\u00e3o premiada.\u00a0 O depoimento de Vorcaro, que est\u00e1 preso, foi tomado na semana passada por um juiz auxiliar do ministro do &hellip;\" \/>\n<meta property=\"og:url\" content=\"https:\/\/agenciabrasil.ebc.com.br\/justica\/noticia\/2026-09\/pgr-defende-arquivamento-de-depoimento-sobre-suposta-ameaca-vorcaro\" \/>\n<meta property=\"og:site_name\" content=\"MRNews\" \/>\n<meta property=\"article:publisher\" content=\"https:\/\/www.facebook.com\/eaipahpah\/?locale2=pt_BR\" \/>\n<meta property=\"article:published_time\" content=\"2026-09-03T00:43:26+00:00\" \/>\n<meta name=\"author\" content=\"Fernando Corraa\" \/>\n<meta name=\"twitter:card\" content=\"summary_large_image\" \/>\n<meta name=\"twitter:creator\" content=\"@conspirou\" \/>\n<meta name=\"twitter:site\" content=\"@conspirou\" \/>\n<meta name=\"twitter:label1\" content=\"Escrito por\" \/>\n\t<meta name=\"twitter:data1\" content=\"Fernando Corraa\" \/>\n\t<meta name=\"twitter:label2\" content=\"Est. tempo de leitura\" \/>\n\t<meta name=\"twitter:data2\" content=\"1 minuto\" \/>\n<script type=\"application\/ld+json\" class=\"yoast-schema-graph\">{\"@context\":\"https:\\\/\\\/schema.org\",\"@graph\":[{\"@type\":\"Article\",\"@id\":\"https:\\\/\\\/agenciabrasil.ebc.com.br\\\/justica\\\/noticia\\\/2026-09\\\/pgr-defende-arquivamento-de-depoimento-sobre-suposta-ameaca-vorcaro#article\",\"isPartOf\":{\"@id\":\"https:\\\/\\\/mrnews.com.br\\\/index.php\\\/2026\\\/09\\\/02\\\/pgr-defende-arquivamento-de-depoimento-sobre-suposta-ameaca-a-vorcaro\\\/\"},\"author\":{\"name\":\"Fernando Corraa\",\"@id\":\"https:\\\/\\\/mrnews.com.br\\\/#\\\/schema\\\/person\\\/2f073f2d87903a2ff9a065e41bbf17d4\"},\"headline\":\"PGR defende arquivamento de depoimento sobre suposta amea\u00e7a a Vorcaro\",\"datePublished\":\"2026-09-03T00:43:26+00:00\",\"mainEntityOfPage\":{\"@id\":\"https:\\\/\\\/mrnews.com.br\\\/index.php\\\/2026\\\/09\\\/02\\\/pgr-defende-arquivamento-de-depoimento-sobre-suposta-ameaca-a-vorcaro\\\/\"},\"wordCount\":261,\"commentCount\":0,\"publisher\":{\"@id\":\"https:\\\/\\\/mrnews.com.br\\\/#organization\"},\"articleSection\":[\"SERVI\u00c7OS\"],\"inLanguage\":\"pt-BR\",\"potentialAction\":[{\"@type\":\"CommentAction\",\"name\":\"Comment\",\"target\":[\"https:\\\/\\\/agenciabrasil.ebc.com.br\\\/justica\\\/noticia\\\/2026-09\\\/pgr-defende-arquivamento-de-depoimento-sobre-suposta-ameaca-vorcaro#respond\"]}]},{\"@type\":\"WebPage\",\"@id\":\"https:\\\/\\\/mrnews.com.br\\\/index.php\\\/2026\\\/09\\\/02\\\/pgr-defende-arquivamento-de-depoimento-sobre-suposta-ameaca-a-vorcaro\\\/\",\"url\":\"https:\\\/\\\/agenciabrasil.ebc.com.br\\\/justica\\\/noticia\\\/2026-09\\\/pgr-defende-arquivamento-de-depoimento-sobre-suposta-ameaca-vorcaro\",\"name\":\"PGR defende arquivamento de depoimento sobre suposta amea\u00e7a a Vorcaro\",\"isPartOf\":{\"@id\":\"https:\\\/\\\/mrnews.com.br\\\/#website\"},\"datePublished\":\"2026-09-03T00:43:26+00:00\",\"breadcrumb\":{\"@id\":\"https:\\\/\\\/agenciabrasil.ebc.com.br\\\/justica\\\/noticia\\\/2026-09\\\/pgr-defende-arquivamento-de-depoimento-sobre-suposta-ameaca-vorcaro#breadcrumb\"},\"inLanguage\":\"pt-BR\",\"potentialAction\":[{\"@type\":\"ReadAction\",\"target\":[\"https:\\\/\\\/agenciabrasil.ebc.com.br\\\/justica\\\/noticia\\\/2026-09\\\/pgr-defende-arquivamento-de-depoimento-sobre-suposta-ameaca-vorcaro\"]}]},{\"@type\":\"BreadcrumbList\",\"@id\":\"https:\\\/\\\/agenciabrasil.ebc.com.br\\\/justica\\\/noticia\\\/2026-09\\\/pgr-defende-arquivamento-de-depoimento-sobre-suposta-ameaca-vorcaro#breadcrumb\",\"itemListElement\":[{\"@type\":\"ListItem\",\"position\":1,\"name\":\"In\u00edcio\",\"item\":\"https:\\\/\\\/mrnews.com.br\\\/\"},{\"@type\":\"ListItem\",\"position\":2,\"name\":\"PGR defende arquivamento de depoimento sobre suposta amea\u00e7a a Vorcaro\"}]},{\"@type\":\"WebSite\",\"@id\":\"https:\\\/\\\/mrnews.com.br\\\/#website\",\"url\":\"https:\\\/\\\/mrnews.com.br\\\/\",\"name\":\"MRNews\",\"description\":\"MRNews Jogos de hoje da TV, transmiss\u00f5es ao vivo, Not\u00edcias de futebol, Jogos ao vivo, Lives, resumo de novelas, Programa\u00e7\u00e3o da Globo, A Fazenda e BBB\",\"publisher\":{\"@id\":\"https:\\\/\\\/mrnews.com.br\\\/#organization\"},\"potentialAction\":[{\"@type\":\"SearchAction\",\"target\":{\"@type\":\"EntryPoint\",\"urlTemplate\":\"https:\\\/\\\/mrnews.com.br\\\/?s={search_term_string}\"},\"query-input\":{\"@type\":\"PropertyValueSpecification\",\"valueRequired\":true,\"valueName\":\"search_term_string\"}}],\"inLanguage\":\"pt-BR\"},{\"@type\":\"Organization\",\"@id\":\"https:\\\/\\\/mrnews.com.br\\\/#organization\",\"name\":\"MRNews\",\"url\":\"https:\\\/\\\/mrnews.com.br\\\/\",\"logo\":{\"@type\":\"ImageObject\",\"inLanguage\":\"pt-BR\",\"@id\":\"https:\\\/\\\/mrnews.com.br\\\/#\\\/schema\\\/logo\\\/image\\\/\",\"url\":\"https:\\\/\\\/mrnews.com.br\\\/wp-content\\\/uploads\\\/2026\\\/08\\\/MRNEws.png\",\"contentUrl\":\"https:\\\/\\\/mrnews.com.br\\\/wp-content\\\/uploads\\\/2026\\\/08\\\/MRNEws.png\",\"width\":1254,\"height\":1254,\"caption\":\"MRNews\"},\"image\":{\"@id\":\"https:\\\/\\\/mrnews.com.br\\\/#\\\/schema\\\/logo\\\/image\\\/\"},\"sameAs\":[\"https:\\\/\\\/www.facebook.com\\\/eaipahpah\\\/?locale2=pt_BR\",\"https:\\\/\\\/x.com\\\/conspirou\",\"https:\\\/\\\/www.instagram.com\\\/eai_pahpah\",\"https:\\\/\\\/br.pinterest.com\\\/mrnewsn\\\/boards\\\/\",\"https:\\\/\\\/www.youtube.com\\\/channel\\\/UCacgnpznQ61fifLWr1tQ-vA?view_as=subscriber\"]},{\"@type\":\"Person\",\"@id\":\"https:\\\/\\\/mrnews.com.br\\\/#\\\/schema\\\/person\\\/2f073f2d87903a2ff9a065e41bbf17d4\",\"name\":\"Fernando Corraa\",\"image\":{\"@type\":\"ImageObject\",\"inLanguage\":\"pt-BR\",\"@id\":\"https:\\\/\\\/secure.gravatar.com\\\/avatar\\\/9069acb0e588c9f4346ba747284aef18a5faaab575e89e9ccc64e315003f0b82?s=96&d=monsterid&r=g\",\"url\":\"https:\\\/\\\/secure.gravatar.com\\\/avatar\\\/9069acb0e588c9f4346ba747284aef18a5faaab575e89e9ccc64e315003f0b82?s=96&d=monsterid&r=g\",\"contentUrl\":\"https:\\\/\\\/secure.gravatar.com\\\/avatar\\\/9069acb0e588c9f4346ba747284aef18a5faaab575e89e9ccc64e315003f0b82?s=96&d=monsterid&r=g\",\"caption\":\"Fernando Corraa\"},\"url\":\"https:\\\/\\\/mrnews.com.br\\\/index.php\\\/author\\\/fernando-corraa\\\/\"}]}<\/script>\n<!-- \/ Yoast SEO plugin. -->","yoast_head_json":{"title":"PGR defende arquivamento de depoimento sobre suposta amea\u00e7a a Vorcaro","robots":{"index":"index","follow":"follow","max-snippet":"max-snippet:-1","max-image-preview":"max-image-preview:large","max-video-preview":"max-video-preview:-1"},"canonical":"https:\/\/agenciabrasil.ebc.com.br\/justica\/noticia\/2026-09\/pgr-defende-arquivamento-de-depoimento-sobre-suposta-ameaca-vorcaro","og_locale":"pt_BR","og_type":"article","og_title":"PGR defende arquivamento de depoimento sobre suposta amea\u00e7a a Vorcaro","og_description":"Por EBC, A Procuradoria-Geral da Rep\u00fablica (PGR) defendeu nesta quarta-feira (2) o arquivamento do depoimento no qual o ex-banqueiro Daniel Vorcaro relatou ter sofrido &#8220;graves intimida\u00e7\u00f5es&#8221; durante as tratativas para obter um acordo de dela\u00e7\u00e3o premiada.\u00a0 O depoimento de Vorcaro, que est\u00e1 preso, foi tomado na semana passada por um juiz auxiliar do ministro do &hellip;","og_url":"https:\/\/agenciabrasil.ebc.com.br\/justica\/noticia\/2026-09\/pgr-defende-arquivamento-de-depoimento-sobre-suposta-ameaca-vorcaro","og_site_name":"MRNews","article_publisher":"https:\/\/www.facebook.com\/eaipahpah\/?locale2=pt_BR","article_published_time":"2026-09-03T00:43:26+00:00","author":"Fernando Corraa","twitter_card":"summary_large_image","twitter_creator":"@conspirou","twitter_site":"@conspirou","twitter_misc":{"Escrito por":"Fernando Corraa","Est. tempo de leitura":"1 minuto"},"schema":{"@context":"https:\/\/schema.org","@graph":[{"@type":"Article","@id":"https:\/\/agenciabrasil.ebc.com.br\/justica\/noticia\/2026-09\/pgr-defende-arquivamento-de-depoimento-sobre-suposta-ameaca-vorcaro#article","isPartOf":{"@id":"https:\/\/mrnews.com.br\/index.php\/2026\/09\/02\/pgr-defende-arquivamento-de-depoimento-sobre-suposta-ameaca-a-vorcaro\/"},"author":{"name":"Fernando Corraa","@id":"https:\/\/mrnews.com.br\/#\/schema\/person\/2f073f2d87903a2ff9a065e41bbf17d4"},"headline":"PGR defende arquivamento de depoimento sobre suposta amea\u00e7a a Vorcaro","datePublished":"2026-09-03T00:43:26+00:00","mainEntityOfPage":{"@id":"https:\/\/mrnews.com.br\/index.php\/2026\/09\/02\/pgr-defende-arquivamento-de-depoimento-sobre-suposta-ameaca-a-vorcaro\/"},"wordCount":261,"commentCount":0,"publisher":{"@id":"https:\/\/mrnews.com.br\/#organization"},"articleSection":["SERVI\u00c7OS"],"inLanguage":"pt-BR","potentialAction":[{"@type":"CommentAction","name":"Comment","target":["https:\/\/agenciabrasil.ebc.com.br\/justica\/noticia\/2026-09\/pgr-defende-arquivamento-de-depoimento-sobre-suposta-ameaca-vorcaro#respond"]}]},{"@type":"WebPage","@id":"https:\/\/mrnews.com.br\/index.php\/2026\/09\/02\/pgr-defende-arquivamento-de-depoimento-sobre-suposta-ameaca-a-vorcaro\/","url":"https:\/\/agenciabrasil.ebc.com.br\/justica\/noticia\/2026-09\/pgr-defende-arquivamento-de-depoimento-sobre-suposta-ameaca-vorcaro","name":"PGR defende arquivamento de depoimento sobre suposta amea\u00e7a a Vorcaro","isPartOf":{"@id":"https:\/\/mrnews.com.br\/#website"},"datePublished":"2026-09-03T00:43:26+00:00","breadcrumb":{"@id":"https:\/\/agenciabrasil.ebc.com.br\/justica\/noticia\/2026-09\/pgr-defende-arquivamento-de-depoimento-sobre-suposta-ameaca-vorcaro#breadcrumb"},"inLanguage":"pt-BR","potentialAction":[{"@type":"ReadAction","target":["https:\/\/agenciabrasil.ebc.com.br\/justica\/noticia\/2026-09\/pgr-defende-arquivamento-de-depoimento-sobre-suposta-ameaca-vorcaro"]}]},{"@type":"BreadcrumbList","@id":"https:\/\/agenciabrasil.ebc.com.br\/justica\/noticia\/2026-09\/pgr-defende-arquivamento-de-depoimento-sobre-suposta-ameaca-vorcaro#breadcrumb","itemListElement":[{"@type":"ListItem","position":1,"name":"In\u00edcio","item":"https:\/\/mrnews.com.br\/"},{"@type":"ListItem","position":2,"name":"PGR defende arquivamento de depoimento sobre suposta amea\u00e7a a Vorcaro"}]},{"@type":"WebSite","@id":"https:\/\/mrnews.com.br\/#website","url":"https:\/\/mrnews.com.br\/","name":"MRNews","description":"MRNews Jogos de hoje da TV, transmiss\u00f5es ao vivo, Not\u00edcias de futebol, Jogos ao vivo, Lives, resumo de novelas, Programa\u00e7\u00e3o da Globo, A Fazenda e BBB","publisher":{"@id":"https:\/\/mrnews.com.br\/#organization"},"potentialAction":[{"@type":"SearchAction","target":{"@type":"EntryPoint","urlTemplate":"https:\/\/mrnews.com.br\/?s={search_term_string}"},"query-input":{"@type":"PropertyValueSpecification","valueRequired":true,"valueName":"search_term_string"}}],"inLanguage":"pt-BR"},{"@type":"Organization","@id":"https:\/\/mrnews.com.br\/#organization","name":"MRNews","url":"https:\/\/mrnews.com.br\/","logo":{"@type":"ImageObject","inLanguage":"pt-BR","@id":"https:\/\/mrnews.com.br\/#\/schema\/logo\/image\/","url":"https:\/\/mrnews.com.br\/wp-content\/uploads\/2026\/08\/MRNEws.png","contentUrl":"https:\/\/mrnews.com.br\/wp-content\/uploads\/2026\/08\/MRNEws.png","width":1254,"height":1254,"caption":"MRNews"},"image":{"@id":"https:\/\/mrnews.com.br\/#\/schema\/logo\/image\/"},"sameAs":["https:\/\/www.facebook.com\/eaipahpah\/?locale2=pt_BR","https:\/\/x.com\/conspirou","https:\/\/www.instagram.com\/eai_pahpah","https:\/\/br.pinterest.com\/mrnewsn\/boards\/","https:\/\/www.youtube.com\/channel\/UCacgnpznQ61fifLWr1tQ-vA?view_as=subscriber"]},{"@type":"Person","@id":"https:\/\/mrnews.com.br\/#\/schema\/person\/2f073f2d87903a2ff9a065e41bbf17d4","name":"Fernando Corraa","image":{"@type":"ImageObject","inLanguage":"pt-BR","@id":"https:\/\/secure.gravatar.com\/avatar\/9069acb0e588c9f4346ba747284aef18a5faaab575e89e9ccc64e315003f0b82?s=96&d=monsterid&r=g","url":"https:\/\/secure.gravatar.com\/avatar\/9069acb0e588c9f4346ba747284aef18a5faaab575e89e9ccc64e315003f0b82?s=96&d=monsterid&r=g","contentUrl":"https:\/\/secure.gravatar.com\/avatar\/9069acb0e588c9f4346ba747284aef18a5faaab575e89e9ccc64e315003f0b82?s=96&d=monsterid&r=g","caption":"Fernando Corraa"},"url":"https:\/\/mrnews.com.br\/index.php\/author\/fernando-corraa\/"}]}},"jetpack_sharing_enabled":true,"jetpack_shortlink":"https:\/\/wp.me\/pa2Qf7-1XfA","amp_enabled":true,"jetpack_featured_media_url":"","_links":{"self":[{"href":"https:\/\/mrnews.com.br\/index.php\/wp-json\/wp\/v2\/posts\/466090","targetHints":{"allow":["GET"]}}],"collection":[{"href":"https:\/\/mrnews.com.br\/index.php\/wp-json\/wp\/v2\/posts"}],"about":[{"href":"https:\/\/mrnews.com.br\/index.php\/wp-json\/wp\/v2\/types\/post"}],"author":[{"embeddable":true,"href":"https:\/\/mrnews.com.br\/index.php\/wp-json\/wp\/v2\/users\/39"}],"replies":[{"embeddable":true,"href":"https:\/\/mrnews.com.br\/index.php\/wp-json\/wp\/v2\/comments?post=466090"}],"version-history":[{"count":0,"href":"https:\/\/mrnews.com.br\/index.php\/wp-json\/wp\/v2\/posts\/466090\/revisions"}],"wp:attachment":[{"href":"https:\/\/mrnews.com.br\/index.php\/wp-json\/wp\/v2\/media?parent=466090"}],"wp:term":[{"taxonomy":"category","embeddable":true,"href":"https:\/\/mrnews.com.br\/index.php\/wp-json\/wp\/v2\/categories?post=466090"},{"taxonomy":"post_tag","embeddable":true,"href":"https:\/\/mrnews.com.br\/index.php\/wp-json\/wp\/v2\/tags?post=466090"}],"curies":[{"name":"wp","href":"https:\/\/api.w.org\/{rel}","templated":true}]}}