{"id":466091,"date":"2026-09-02T21:50:26","date_gmt":"2026-09-03T00:50:26","guid":{"rendered":"https:\/\/mrnews.com.br\/index.php\/2026\/09\/02\/mesmo-com-nota-10-medina-e-vice-campeao-da-etapa-de-fiji-da-wsl\/"},"modified":"2026-09-02T21:50:26","modified_gmt":"2026-09-03T00:50:26","slug":"mesmo-com-nota-10-medina-e-vice-campeao-da-etapa-de-fiji-da-wsl","status":"publish","type":"post","link":"https:\/\/mrnews.com.br\/index.php\/2026\/09\/02\/mesmo-com-nota-10-medina-e-vice-campeao-da-etapa-de-fiji-da-wsl\/","title":{"rendered":"Mesmo com nota 10, Medina \u00e9 vice-campe\u00e3o da etapa de Fiji da WSL"},"content":{"rendered":"<p><\/p>\n<div>\n<p>O surfista brasileiro Gabriel Medina \u00e9 vice-campe\u00e3o da etapa de Fiji (Oceania), a oitava do circuito de surfe, a World Surf League (WSL). O paulista de S\u00e3o Sebasti\u00e3o ficou bem perto do t\u00edtulo durante uma final eletrizante contra o norte-americano Cole Houshmand na noite desta quarta-feira (2). O brasileiro saiu atr\u00e1s do placar e a cinco minutos do fim da bateria, quando precisava de nota 9.66 para virar o marcador, desceu um \u00f3tima onda que lhe valeu nota 10. No fim, o norte-americano cravou outra boa nota (8.37) e fechou com somat\u00f3rio mais alto: 16.87 contra 15.17 do brasileiro.<\/p>\n<p>Antes da decis\u00e3o do t\u00edtulo, tamb\u00e9m nesta quarta, Medina cravou duas vit\u00f3rias seguidas. Tricampe\u00e3o mundial (2014, 2018 e 2021), o paulista subiu da quinta para a quarta posi\u00e7\u00e3o no ranking da temporada. O compatriota \u00cdtalo Ferreira segue na lideran\u00e7a, seguido pelo italiano Leonardo Fioravanti em segundo. Completam o top 5 o catarinense Yago Dora (4\u00ba) e o paulista Miguel Pupo (5\u00ba).\u00a0 J\u00e1 o norte-americano\u00a0Cole Houshmand, campe\u00e3o em Fiji, subiu da 22\u00aa para a 17\u00aa posi\u00e7\u00e3o na tabela.\u00a0<\/p>\n<p>Na disputa feminina, o t\u00edtulo ficou com a canadense Erin Brooks, em raz\u00e3o da desist\u00eancia da advers\u00e1ria, a\u00a0australiana Isabela Nichols, que se lesionou.\u00a0\u00a0<\/p>\n<blockquote class=\"instagram-media\" data-instgrm-captioned=\"\" data-instgrm-permalink=\"https:\/\/www.instagram.com\/reel\/DczVZ15hm9K\/?utm_source=ig_embed&amp;utm_campaign=loading\" data-instgrm-version=\"14\" style=\" background:#FFF; border:0; border-radius:3px; box-shadow:0 0 1px 0 rgba(0,0,0,0.5),0 1px 10px 0 rgba(0,0,0,0.15); margin: 1px; max-width:540px; min-width:326px; padding:0; width:99.375%; width:-webkit-calc(100% - 2px); width:calc(100% - 2px);\">\n<\/blockquote>\n<p>\u00a0<\/p>\n<p>Natural de S\u00e3o Sebasti\u00e3o, no litoral paulista, Medina come\u00e7ou a quarta-feira\u00a0esbanjando precis\u00e3o t\u00e9cnica nas ondas tubulares de esquerda de Cloudbreak, um dos famosos picos de surfe das Ilha Fiji. O brasileiro eliminou o franc\u00eas Kauli Vasst, que derrotara antes o compatriota Miguel Pupo nas oitavas, com somat\u00f3rio de 15.66 (9.33 + 6.33), contra 7.55 (5.33 + 2.00) do europeu.<\/p>\n<p>Depois nas semifinais, Medina voltou a brilhar ao cravar 9.77 &#8211; a segunda melhor nota do dia &#8211;\u00a0ao pegar um tubo perfeito na disputa contra o norte-americano Griffin Colapinto. O brasileiro avan\u00e7ou \u00e0 final com somat\u00f3rio 19.04 (notas 9.77 e 9.27), enquanto Colapinto totalizou apenas 14.57 (7.50 e 7.07).<\/p>\n<h2>Hist\u00f3rico da etapa<\/h2>\n<p>A etapa de Fiji foi retomada na tarde de ter\u00e7a (1\u00ba), ap\u00f3s alguns dias de paralisa\u00e7\u00e3o por conta das condi\u00e7\u00f5es do mar. A disputa recome\u00e7ou com as baterias das oitavas de final, com cinco brasileiros ainda na disputa, dos quais s\u00f3 avan\u00e7aram Yago Dora e Medina.<\/p>\n<p>Atual campe\u00e3o mundial, Dora sobrou diante do japon\u00eas Kanoa Igarashi com somat\u00f3rio 14.40 contra 6.83 do asi\u00e1tico. No entanto, foi eliminado na primeira bateria das quartas &#8211; \u00fanica disputada na madrugada de hoje (2) &#8211; pelo norte-americano Cole Housmand. J\u00e1 Medina se classificou \u00e0s quartas com cent\u00e9simos de vantagem sobre Barron Mamiya (13.77 contra 13.33).<\/p>\n<p>L\u00edder da temporada, o potiguar \u00cdtalo Ferreira caiu na oitavas, assim como os irm\u00e3os Samuel e Miguel Pupo. O Brasil contou com outros cinco representantes desde o in\u00edcio da etapa, que come\u00e7ou em 25 de agosto. Filipe Toledo, Alejo Muniz, Matheus Herdy e Jo\u00e3o Chianca se despediram precocemente na estreia, assim como Luana Silva, \u00fanica representante feminina do pa\u00eds na temporada.<\/p>\n<p>Na disputa feminina, o t\u00edtulo ficou com a canadense Erin Brooks, em raz\u00e3o da desist\u00eancia da advers\u00e1ria, a\u00a0australiana Isabela Nichols, que se lesionou.\u00a0\u00a0<\/p>\n<p>      <!-- Relacionada --><\/p>\n<p>            <!-- Relacionada -->\n    <\/div>\n<p><script async src=\"\/\/www.instagram.com\/embed.js\"><\/script><\/p>\n","protected":false},"excerpt":{"rendered":"<p>O surfista brasileiro Gabriel Medina \u00e9 vice-campe\u00e3o da etapa de Fiji (Oceania), a oitava do circuito de surfe, a World Surf League (WSL). O paulista de S\u00e3o Sebasti\u00e3o ficou bem perto do t\u00edtulo durante uma final eletrizante contra o norte-americano Cole Houshmand na noite desta quarta-feira (2). O brasileiro saiu atr\u00e1s do placar e a &hellip;<\/p>\n","protected":false},"author":39,"featured_media":0,"comment_status":"open","ping_status":"open","sticky":false,"template":"","format":"standard","meta":{"_jetpack_newsletter_access":"","_jetpack_dont_email_post_to_subs":false,"_jetpack_newsletter_tier_id":0,"_jetpack_memberships_contains_paywalled_content":false,"_jetpack_feature_clip_id":0,"_jetpack_memberships_contains_paid_content":false,"footnotes":"","jetpack_post_was_ever_published":false},"categories":[3,4587,4],"tags":[],"class_list":["post-466091","post","type-post","status-publish","format-standard","hentry","category-esportes1","category-esportes","category-servicos"],"yoast_head":"<!-- This site is optimized with the Yoast SEO plugin v28.4 - https:\/\/yoast.com\/product\/yoast-seo-wordpress\/ -->\n<title>Mesmo com nota 10, Medina \u00e9 vice-campe\u00e3o da etapa de Fiji da WSL<\/title>\n<meta name=\"robots\" content=\"index, follow, max-snippet:-1, max-image-preview:large, max-video-preview:-1\" \/>\n<link rel=\"canonical\" href=\"https:\/\/agenciabrasil.ebc.com.br\/esportes\/noticia\/2026-09\/mesmo-com-nota-10-medina-e-vice-campeao-da-etapa-de-fiji-da-wsl\" \/>\n<meta property=\"og:locale\" content=\"pt_BR\" \/>\n<meta property=\"og:type\" content=\"article\" \/>\n<meta property=\"og:title\" content=\"Mesmo com nota 10, Medina \u00e9 vice-campe\u00e3o da etapa de Fiji da WSL\" \/>\n<meta property=\"og:description\" content=\"O surfista brasileiro Gabriel Medina \u00e9 vice-campe\u00e3o da etapa de Fiji (Oceania), a oitava do circuito de surfe, a World Surf League (WSL). O paulista de S\u00e3o Sebasti\u00e3o ficou bem perto do t\u00edtulo durante uma final eletrizante contra o norte-americano Cole Houshmand na noite desta quarta-feira (2). O brasileiro saiu atr\u00e1s do placar e a &hellip;\" \/>\n<meta property=\"og:url\" content=\"https:\/\/agenciabrasil.ebc.com.br\/esportes\/noticia\/2026-09\/mesmo-com-nota-10-medina-e-vice-campeao-da-etapa-de-fiji-da-wsl\" \/>\n<meta property=\"og:site_name\" content=\"MRNews\" \/>\n<meta property=\"article:publisher\" content=\"https:\/\/www.facebook.com\/eaipahpah\/?locale2=pt_BR\" \/>\n<meta property=\"article:published_time\" content=\"2026-09-03T00:50:26+00:00\" \/>\n<meta name=\"author\" content=\"Fernando Corraa\" \/>\n<meta name=\"twitter:card\" content=\"summary_large_image\" \/>\n<meta name=\"twitter:creator\" content=\"@conspirou\" \/>\n<meta name=\"twitter:site\" content=\"@conspirou\" \/>\n<meta name=\"twitter:label1\" content=\"Escrito por\" \/>\n\t<meta name=\"twitter:data1\" content=\"Fernando Corraa\" \/>\n\t<meta name=\"twitter:label2\" content=\"Est. tempo de leitura\" \/>\n\t<meta name=\"twitter:data2\" content=\"3 minutos\" \/>\n<script type=\"application\/ld+json\" class=\"yoast-schema-graph\">{\"@context\":\"https:\\\/\\\/schema.org\",\"@graph\":[{\"@type\":\"Article\",\"@id\":\"https:\\\/\\\/agenciabrasil.ebc.com.br\\\/esportes\\\/noticia\\\/2026-09\\\/mesmo-com-nota-10-medina-e-vice-campeao-da-etapa-de-fiji-da-wsl#article\",\"isPartOf\":{\"@id\":\"https:\\\/\\\/mrnews.com.br\\\/index.php\\\/2026\\\/09\\\/02\\\/mesmo-com-nota-10-medina-e-vice-campeao-da-etapa-de-fiji-da-wsl\\\/\"},\"author\":{\"name\":\"Fernando Corraa\",\"@id\":\"https:\\\/\\\/mrnews.com.br\\\/#\\\/schema\\\/person\\\/2f073f2d87903a2ff9a065e41bbf17d4\"},\"headline\":\"Mesmo com nota 10, Medina \u00e9 vice-campe\u00e3o da etapa de Fiji da WSL\",\"datePublished\":\"2026-09-03T00:50:26+00:00\",\"mainEntityOfPage\":{\"@id\":\"https:\\\/\\\/mrnews.com.br\\\/index.php\\\/2026\\\/09\\\/02\\\/mesmo-com-nota-10-medina-e-vice-campeao-da-etapa-de-fiji-da-wsl\\\/\"},\"wordCount\":524,\"commentCount\":0,\"publisher\":{\"@id\":\"https:\\\/\\\/mrnews.com.br\\\/#organization\"},\"articleSection\":[\"ESPORTES\",\"Esportes\",\"SERVI\u00c7OS\"],\"inLanguage\":\"pt-BR\",\"potentialAction\":[{\"@type\":\"CommentAction\",\"name\":\"Comment\",\"target\":[\"https:\\\/\\\/agenciabrasil.ebc.com.br\\\/esportes\\\/noticia\\\/2026-09\\\/mesmo-com-nota-10-medina-e-vice-campeao-da-etapa-de-fiji-da-wsl#respond\"]}]},{\"@type\":\"WebPage\",\"@id\":\"https:\\\/\\\/mrnews.com.br\\\/index.php\\\/2026\\\/09\\\/02\\\/mesmo-com-nota-10-medina-e-vice-campeao-da-etapa-de-fiji-da-wsl\\\/\",\"url\":\"https:\\\/\\\/agenciabrasil.ebc.com.br\\\/esportes\\\/noticia\\\/2026-09\\\/mesmo-com-nota-10-medina-e-vice-campeao-da-etapa-de-fiji-da-wsl\",\"name\":\"Mesmo com nota 10, Medina \u00e9 vice-campe\u00e3o da etapa de Fiji da WSL\",\"isPartOf\":{\"@id\":\"https:\\\/\\\/mrnews.com.br\\\/#website\"},\"datePublished\":\"2026-09-03T00:50:26+00:00\",\"breadcrumb\":{\"@id\":\"https:\\\/\\\/agenciabrasil.ebc.com.br\\\/esportes\\\/noticia\\\/2026-09\\\/mesmo-com-nota-10-medina-e-vice-campeao-da-etapa-de-fiji-da-wsl#breadcrumb\"},\"inLanguage\":\"pt-BR\",\"potentialAction\":[{\"@type\":\"ReadAction\",\"target\":[\"https:\\\/\\\/agenciabrasil.ebc.com.br\\\/esportes\\\/noticia\\\/2026-09\\\/mesmo-com-nota-10-medina-e-vice-campeao-da-etapa-de-fiji-da-wsl\"]}]},{\"@type\":\"BreadcrumbList\",\"@id\":\"https:\\\/\\\/agenciabrasil.ebc.com.br\\\/esportes\\\/noticia\\\/2026-09\\\/mesmo-com-nota-10-medina-e-vice-campeao-da-etapa-de-fiji-da-wsl#breadcrumb\",\"itemListElement\":[{\"@type\":\"ListItem\",\"position\":1,\"name\":\"In\u00edcio\",\"item\":\"https:\\\/\\\/mrnews.com.br\\\/\"},{\"@type\":\"ListItem\",\"position\":2,\"name\":\"Mesmo com nota 10, Medina \u00e9 vice-campe\u00e3o da etapa de Fiji da WSL\"}]},{\"@type\":\"WebSite\",\"@id\":\"https:\\\/\\\/mrnews.com.br\\\/#website\",\"url\":\"https:\\\/\\\/mrnews.com.br\\\/\",\"name\":\"MRNews\",\"description\":\"MRNews Jogos de hoje da TV, transmiss\u00f5es ao vivo, Not\u00edcias de futebol, Jogos ao vivo, Lives, resumo de novelas, Programa\u00e7\u00e3o da Globo, A Fazenda e BBB\",\"publisher\":{\"@id\":\"https:\\\/\\\/mrnews.com.br\\\/#organization\"},\"potentialAction\":[{\"@type\":\"SearchAction\",\"target\":{\"@type\":\"EntryPoint\",\"urlTemplate\":\"https:\\\/\\\/mrnews.com.br\\\/?s={search_term_string}\"},\"query-input\":{\"@type\":\"PropertyValueSpecification\",\"valueRequired\":true,\"valueName\":\"search_term_string\"}}],\"inLanguage\":\"pt-BR\"},{\"@type\":\"Organization\",\"@id\":\"https:\\\/\\\/mrnews.com.br\\\/#organization\",\"name\":\"MRNews\",\"url\":\"https:\\\/\\\/mrnews.com.br\\\/\",\"logo\":{\"@type\":\"ImageObject\",\"inLanguage\":\"pt-BR\",\"@id\":\"https:\\\/\\\/mrnews.com.br\\\/#\\\/schema\\\/logo\\\/image\\\/\",\"url\":\"https:\\\/\\\/mrnews.com.br\\\/wp-content\\\/uploads\\\/2026\\\/08\\\/MRNEws.png\",\"contentUrl\":\"https:\\\/\\\/mrnews.com.br\\\/wp-content\\\/uploads\\\/2026\\\/08\\\/MRNEws.png\",\"width\":1254,\"height\":1254,\"caption\":\"MRNews\"},\"image\":{\"@id\":\"https:\\\/\\\/mrnews.com.br\\\/#\\\/schema\\\/logo\\\/image\\\/\"},\"sameAs\":[\"https:\\\/\\\/www.facebook.com\\\/eaipahpah\\\/?locale2=pt_BR\",\"https:\\\/\\\/x.com\\\/conspirou\",\"https:\\\/\\\/www.instagram.com\\\/eai_pahpah\",\"https:\\\/\\\/br.pinterest.com\\\/mrnewsn\\\/boards\\\/\",\"https:\\\/\\\/www.youtube.com\\\/channel\\\/UCacgnpznQ61fifLWr1tQ-vA?view_as=subscriber\"]},{\"@type\":\"Person\",\"@id\":\"https:\\\/\\\/mrnews.com.br\\\/#\\\/schema\\\/person\\\/2f073f2d87903a2ff9a065e41bbf17d4\",\"name\":\"Fernando Corraa\",\"image\":{\"@type\":\"ImageObject\",\"inLanguage\":\"pt-BR\",\"@id\":\"https:\\\/\\\/secure.gravatar.com\\\/avatar\\\/9069acb0e588c9f4346ba747284aef18a5faaab575e89e9ccc64e315003f0b82?s=96&d=monsterid&r=g\",\"url\":\"https:\\\/\\\/secure.gravatar.com\\\/avatar\\\/9069acb0e588c9f4346ba747284aef18a5faaab575e89e9ccc64e315003f0b82?s=96&d=monsterid&r=g\",\"contentUrl\":\"https:\\\/\\\/secure.gravatar.com\\\/avatar\\\/9069acb0e588c9f4346ba747284aef18a5faaab575e89e9ccc64e315003f0b82?s=96&d=monsterid&r=g\",\"caption\":\"Fernando Corraa\"},\"url\":\"https:\\\/\\\/mrnews.com.br\\\/index.php\\\/author\\\/fernando-corraa\\\/\"}]}<\/script>\n<!-- \/ Yoast SEO plugin. -->","yoast_head_json":{"title":"Mesmo com nota 10, Medina \u00e9 vice-campe\u00e3o da etapa de Fiji da WSL","robots":{"index":"index","follow":"follow","max-snippet":"max-snippet:-1","max-image-preview":"max-image-preview:large","max-video-preview":"max-video-preview:-1"},"canonical":"https:\/\/agenciabrasil.ebc.com.br\/esportes\/noticia\/2026-09\/mesmo-com-nota-10-medina-e-vice-campeao-da-etapa-de-fiji-da-wsl","og_locale":"pt_BR","og_type":"article","og_title":"Mesmo com nota 10, Medina \u00e9 vice-campe\u00e3o da etapa de Fiji da WSL","og_description":"O surfista brasileiro Gabriel Medina \u00e9 vice-campe\u00e3o da etapa de Fiji (Oceania), a oitava do circuito de surfe, a World Surf League (WSL). O paulista de S\u00e3o Sebasti\u00e3o ficou bem perto do t\u00edtulo durante uma final eletrizante contra o norte-americano Cole Houshmand na noite desta quarta-feira (2). O brasileiro saiu atr\u00e1s do placar e a &hellip;","og_url":"https:\/\/agenciabrasil.ebc.com.br\/esportes\/noticia\/2026-09\/mesmo-com-nota-10-medina-e-vice-campeao-da-etapa-de-fiji-da-wsl","og_site_name":"MRNews","article_publisher":"https:\/\/www.facebook.com\/eaipahpah\/?locale2=pt_BR","article_published_time":"2026-09-03T00:50:26+00:00","author":"Fernando Corraa","twitter_card":"summary_large_image","twitter_creator":"@conspirou","twitter_site":"@conspirou","twitter_misc":{"Escrito por":"Fernando Corraa","Est. tempo de leitura":"3 minutos"},"schema":{"@context":"https:\/\/schema.org","@graph":[{"@type":"Article","@id":"https:\/\/agenciabrasil.ebc.com.br\/esportes\/noticia\/2026-09\/mesmo-com-nota-10-medina-e-vice-campeao-da-etapa-de-fiji-da-wsl#article","isPartOf":{"@id":"https:\/\/mrnews.com.br\/index.php\/2026\/09\/02\/mesmo-com-nota-10-medina-e-vice-campeao-da-etapa-de-fiji-da-wsl\/"},"author":{"name":"Fernando Corraa","@id":"https:\/\/mrnews.com.br\/#\/schema\/person\/2f073f2d87903a2ff9a065e41bbf17d4"},"headline":"Mesmo com nota 10, Medina \u00e9 vice-campe\u00e3o da etapa de Fiji da WSL","datePublished":"2026-09-03T00:50:26+00:00","mainEntityOfPage":{"@id":"https:\/\/mrnews.com.br\/index.php\/2026\/09\/02\/mesmo-com-nota-10-medina-e-vice-campeao-da-etapa-de-fiji-da-wsl\/"},"wordCount":524,"commentCount":0,"publisher":{"@id":"https:\/\/mrnews.com.br\/#organization"},"articleSection":["ESPORTES","Esportes","SERVI\u00c7OS"],"inLanguage":"pt-BR","potentialAction":[{"@type":"CommentAction","name":"Comment","target":["https:\/\/agenciabrasil.ebc.com.br\/esportes\/noticia\/2026-09\/mesmo-com-nota-10-medina-e-vice-campeao-da-etapa-de-fiji-da-wsl#respond"]}]},{"@type":"WebPage","@id":"https:\/\/mrnews.com.br\/index.php\/2026\/09\/02\/mesmo-com-nota-10-medina-e-vice-campeao-da-etapa-de-fiji-da-wsl\/","url":"https:\/\/agenciabrasil.ebc.com.br\/esportes\/noticia\/2026-09\/mesmo-com-nota-10-medina-e-vice-campeao-da-etapa-de-fiji-da-wsl","name":"Mesmo com nota 10, Medina \u00e9 vice-campe\u00e3o da etapa de Fiji da WSL","isPartOf":{"@id":"https:\/\/mrnews.com.br\/#website"},"datePublished":"2026-09-03T00:50:26+00:00","breadcrumb":{"@id":"https:\/\/agenciabrasil.ebc.com.br\/esportes\/noticia\/2026-09\/mesmo-com-nota-10-medina-e-vice-campeao-da-etapa-de-fiji-da-wsl#breadcrumb"},"inLanguage":"pt-BR","potentialAction":[{"@type":"ReadAction","target":["https:\/\/agenciabrasil.ebc.com.br\/esportes\/noticia\/2026-09\/mesmo-com-nota-10-medina-e-vice-campeao-da-etapa-de-fiji-da-wsl"]}]},{"@type":"BreadcrumbList","@id":"https:\/\/agenciabrasil.ebc.com.br\/esportes\/noticia\/2026-09\/mesmo-com-nota-10-medina-e-vice-campeao-da-etapa-de-fiji-da-wsl#breadcrumb","itemListElement":[{"@type":"ListItem","position":1,"name":"In\u00edcio","item":"https:\/\/mrnews.com.br\/"},{"@type":"ListItem","position":2,"name":"Mesmo com nota 10, Medina \u00e9 vice-campe\u00e3o da etapa de Fiji da WSL"}]},{"@type":"WebSite","@id":"https:\/\/mrnews.com.br\/#website","url":"https:\/\/mrnews.com.br\/","name":"MRNews","description":"MRNews Jogos de hoje da TV, transmiss\u00f5es ao vivo, Not\u00edcias de futebol, Jogos ao vivo, Lives, resumo de novelas, Programa\u00e7\u00e3o da Globo, A Fazenda e BBB","publisher":{"@id":"https:\/\/mrnews.com.br\/#organization"},"potentialAction":[{"@type":"SearchAction","target":{"@type":"EntryPoint","urlTemplate":"https:\/\/mrnews.com.br\/?s={search_term_string}"},"query-input":{"@type":"PropertyValueSpecification","valueRequired":true,"valueName":"search_term_string"}}],"inLanguage":"pt-BR"},{"@type":"Organization","@id":"https:\/\/mrnews.com.br\/#organization","name":"MRNews","url":"https:\/\/mrnews.com.br\/","logo":{"@type":"ImageObject","inLanguage":"pt-BR","@id":"https:\/\/mrnews.com.br\/#\/schema\/logo\/image\/","url":"https:\/\/mrnews.com.br\/wp-content\/uploads\/2026\/08\/MRNEws.png","contentUrl":"https:\/\/mrnews.com.br\/wp-content\/uploads\/2026\/08\/MRNEws.png","width":1254,"height":1254,"caption":"MRNews"},"image":{"@id":"https:\/\/mrnews.com.br\/#\/schema\/logo\/image\/"},"sameAs":["https:\/\/www.facebook.com\/eaipahpah\/?locale2=pt_BR","https:\/\/x.com\/conspirou","https:\/\/www.instagram.com\/eai_pahpah","https:\/\/br.pinterest.com\/mrnewsn\/boards\/","https:\/\/www.youtube.com\/channel\/UCacgnpznQ61fifLWr1tQ-vA?view_as=subscriber"]},{"@type":"Person","@id":"https:\/\/mrnews.com.br\/#\/schema\/person\/2f073f2d87903a2ff9a065e41bbf17d4","name":"Fernando Corraa","image":{"@type":"ImageObject","inLanguage":"pt-BR","@id":"https:\/\/secure.gravatar.com\/avatar\/9069acb0e588c9f4346ba747284aef18a5faaab575e89e9ccc64e315003f0b82?s=96&d=monsterid&r=g","url":"https:\/\/secure.gravatar.com\/avatar\/9069acb0e588c9f4346ba747284aef18a5faaab575e89e9ccc64e315003f0b82?s=96&d=monsterid&r=g","contentUrl":"https:\/\/secure.gravatar.com\/avatar\/9069acb0e588c9f4346ba747284aef18a5faaab575e89e9ccc64e315003f0b82?s=96&d=monsterid&r=g","caption":"Fernando Corraa"},"url":"https:\/\/mrnews.com.br\/index.php\/author\/fernando-corraa\/"}]}},"jetpack_sharing_enabled":true,"jetpack_shortlink":"https:\/\/wp.me\/pa2Qf7-1XfB","amp_enabled":true,"jetpack_featured_media_url":"","_links":{"self":[{"href":"https:\/\/mrnews.com.br\/index.php\/wp-json\/wp\/v2\/posts\/466091","targetHints":{"allow":["GET"]}}],"collection":[{"href":"https:\/\/mrnews.com.br\/index.php\/wp-json\/wp\/v2\/posts"}],"about":[{"href":"https:\/\/mrnews.com.br\/index.php\/wp-json\/wp\/v2\/types\/post"}],"author":[{"embeddable":true,"href":"https:\/\/mrnews.com.br\/index.php\/wp-json\/wp\/v2\/users\/39"}],"replies":[{"embeddable":true,"href":"https:\/\/mrnews.com.br\/index.php\/wp-json\/wp\/v2\/comments?post=466091"}],"version-history":[{"count":0,"href":"https:\/\/mrnews.com.br\/index.php\/wp-json\/wp\/v2\/posts\/466091\/revisions"}],"wp:attachment":[{"href":"https:\/\/mrnews.com.br\/index.php\/wp-json\/wp\/v2\/media?parent=466091"}],"wp:term":[{"taxonomy":"category","embeddable":true,"href":"https:\/\/mrnews.com.br\/index.php\/wp-json\/wp\/v2\/categories?post=466091"},{"taxonomy":"post_tag","embeddable":true,"href":"https:\/\/mrnews.com.br\/index.php\/wp-json\/wp\/v2\/tags?post=466091"}],"curies":[{"name":"wp","href":"https:\/\/api.w.org\/{rel}","templated":true}]}}