{"id":466096,"date":"2026-09-02T22:25:05","date_gmt":"2026-09-03T01:25:05","guid":{"rendered":"https:\/\/mrnews.com.br\/index.php\/2026\/09\/02\/tse-aprova-registros-de-seis-candidatos-a-presidencia-da-republica\/"},"modified":"2026-09-02T22:25:05","modified_gmt":"2026-09-03T01:25:05","slug":"tse-aprova-registros-de-seis-candidatos-a-presidencia-da-republica","status":"publish","type":"post","link":"https:\/\/mrnews.com.br\/index.php\/2026\/09\/02\/tse-aprova-registros-de-seis-candidatos-a-presidencia-da-republica\/","title":{"rendered":"TSE aprova registros de seis candidatos \u00e0 Presid\u00eancia da Rep\u00fablica"},"content":{"rendered":"<p>Por EBC, <\/p>\n<div>\n<p><strong>O Tribunal Superior Eleitoral (TSE) aprovou nesta quarta-feira (2) o registro de seis chapas de candidatos \u00e0 Presid\u00eancia da Rep\u00fablica nas elei\u00e7\u00f5es de outubro.<\/strong><\/p>\n<p>Por unanimidade, foram aceitos os registros das seguintes chapas, que s\u00e3o formadas pelos candidatos e seus respectivos vices:<\/p>\n<ul>\n<li><strong>Edmilson Costa e Cleusa Santos (PCB);<\/strong><\/li>\n<li><strong>Fl\u00e1vio Bolsonaro e Alfredo Gaspar (PL);<\/strong><\/li>\n<li><strong>Hertz Dias e Vanessa Portugal (PSTU);<\/strong><\/li>\n<li><strong>Luiz In\u00e1cio Lula da Silva (PT) e Geraldo Alckmin (PSB);<\/strong><\/li>\n<li><strong>Romeu Zema e Eduardo Gir\u00e3o (Novo);<\/strong><\/li>\n<li><strong>Samara Martins e Raquel Br\u00edcio (UP).<\/strong><\/li>\n<\/ul>\n<p>A delibera\u00e7\u00e3o do TSE ocorreu durante sess\u00e3o virtual, na qual os ministros registram os votos no sistema da Corte e n\u00e3o h\u00e1 vota\u00e7\u00e3o presencial.<\/p>\n<p>Por unanimidade,<strong> os sete ministros conclu\u00edram que os candidatos apresentaram os documentos necess\u00e1rios e est\u00e3o aptos a disputar o pleito.\u00a0<\/strong><\/p>\n<p>No total, o tribunal recebeu 13 pedidos de registros de candidaturas.<strong> Ainda ser\u00e3o julgados os registros de sete candidatos e seus respectivos vices:<\/strong><\/p>\n<ul>\n<li><strong>Augusto Cury e J\u00falio Delgado (Avante);<\/strong><\/li>\n<li><strong>Clariana Bar\u00e3o e Fabiana Torquato (DC);<\/strong><\/li>\n<li><strong>Pablo Mar\u00e7al e Leonardo Avalanche (PRTB);<\/strong><\/li>\n<li><strong>Renan Santos e Coronel Medina (Miss\u00e3o);<\/strong><\/li>\n<li><strong>Ronaldo Caiado e Gilberto Kassab (PSD);<\/strong><\/li>\n<li><strong>Rui Costa Pimenta e Ant\u00f4nio Carlos (PCO);<\/strong><\/li>\n<li><strong>Wilson Grassi e Su\u00ead Haidar (Democrata).<\/strong><\/li>\n<\/ul>\n<p>No caso de Pablo Mar\u00e7al, o TSE j\u00e1 determinou que o candidato deve ficar proibido temporariamente de fazer campanha eleitoral, comparecer a debates e participar do hor\u00e1rio eleitoral no r\u00e1dio e na TV.<\/p>\n<p>Os ministros aceitaram um pedido de liminar protocolado pelo Minist\u00e9rio P\u00fablico Eleitoral (MPE) para suspender a campanha de Mar\u00e7al at\u00e9 que o TSE julgue de forma definitiva o registro de candidatura.\u00a0<\/p>\n<p>O MPE afirmou ao tribunal que Pablo Mar\u00e7al est\u00e1 ineleg\u00edvel at\u00e9 2032 por ter sido condenado pela Justi\u00e7a Eleitoral de S\u00e3o Paulo por ofertar grava\u00e7\u00f5es de v\u00eddeos para vereadores e prefeitos em troca de doa\u00e7\u00f5es em dinheiro. O epis\u00f3dio ocorreu nas elei\u00e7\u00f5es municipais de 2024.<\/p>\n<h2>Elei\u00e7\u00f5es<\/h2>\n<p>O primeiro turno ser\u00e1 realizado no dia 4 de outubro, quando ser\u00e3o eleitos deputados federais, estaduais, distritais, governadores, senadores e o presidente da Rep\u00fablica.<\/p>\n<p>O segundo turno est\u00e1 marcado para o dia 25 e pode ocorrer na disputa para os cargos de governador e presidente. Os eleitores voltar\u00e3o \u00e0s urnas se nenhum dos candidatos obtiver mais de 50% dos votos v\u00e1lidos, excluindo brancos e nulos, no primeiro turno.<\/p>\n<p>      <!-- Relacionada --><\/p>\n<p>            <!-- Relacionada -->\n    <\/div>\n","protected":false},"excerpt":{"rendered":"<p>Por EBC, O Tribunal Superior Eleitoral (TSE) aprovou nesta quarta-feira (2) o registro de seis chapas de candidatos \u00e0 Presid\u00eancia da Rep\u00fablica nas elei\u00e7\u00f5es de outubro. Por unanimidade, foram aceitos os registros das seguintes chapas, que s\u00e3o formadas pelos candidatos e seus respectivos vices: Edmilson Costa e Cleusa Santos (PCB); Fl\u00e1vio Bolsonaro e Alfredo Gaspar &hellip;<\/p>\n","protected":false},"author":39,"featured_media":0,"comment_status":"open","ping_status":"open","sticky":false,"template":"","format":"standard","meta":{"_jetpack_newsletter_access":"","_jetpack_dont_email_post_to_subs":false,"_jetpack_newsletter_tier_id":0,"_jetpack_memberships_contains_paywalled_content":false,"_jetpack_feature_clip_id":0,"_jetpack_memberships_contains_paid_content":false,"footnotes":"","jetpack_post_was_ever_published":false},"categories":[4],"tags":[],"class_list":["post-466096","post","type-post","status-publish","format-standard","hentry","category-servicos"],"yoast_head":"<!-- This site is optimized with the Yoast SEO plugin v28.4 - https:\/\/yoast.com\/product\/yoast-seo-wordpress\/ -->\n<title>TSE aprova registros de seis candidatos \u00e0 Presid\u00eancia da Rep\u00fablica<\/title>\n<meta name=\"robots\" content=\"index, follow, max-snippet:-1, max-image-preview:large, max-video-preview:-1\" \/>\n<link rel=\"canonical\" href=\"https:\/\/agenciabrasil.ebc.com.br\/justica\/noticia\/2026-09\/tse-aprova-registros-de-seis-candidatos-presidencia-da-republica\" \/>\n<meta property=\"og:locale\" content=\"pt_BR\" \/>\n<meta property=\"og:type\" content=\"article\" \/>\n<meta property=\"og:title\" content=\"TSE aprova registros de seis candidatos \u00e0 Presid\u00eancia da Rep\u00fablica\" \/>\n<meta property=\"og:description\" content=\"Por EBC, O Tribunal Superior Eleitoral (TSE) aprovou nesta quarta-feira (2) o registro de seis chapas de candidatos \u00e0 Presid\u00eancia da Rep\u00fablica nas elei\u00e7\u00f5es de outubro. Por unanimidade, foram aceitos os registros das seguintes chapas, que s\u00e3o formadas pelos candidatos e seus respectivos vices: Edmilson Costa e Cleusa Santos (PCB); Fl\u00e1vio Bolsonaro e Alfredo Gaspar &hellip;\" \/>\n<meta property=\"og:url\" content=\"https:\/\/agenciabrasil.ebc.com.br\/justica\/noticia\/2026-09\/tse-aprova-registros-de-seis-candidatos-presidencia-da-republica\" \/>\n<meta property=\"og:site_name\" content=\"MRNews\" \/>\n<meta property=\"article:publisher\" content=\"https:\/\/www.facebook.com\/eaipahpah\/?locale2=pt_BR\" \/>\n<meta property=\"article:published_time\" content=\"2026-09-03T01:25:05+00:00\" \/>\n<meta name=\"author\" content=\"Fernando Corraa\" \/>\n<meta name=\"twitter:card\" content=\"summary_large_image\" \/>\n<meta name=\"twitter:creator\" content=\"@conspirou\" \/>\n<meta name=\"twitter:site\" content=\"@conspirou\" \/>\n<meta name=\"twitter:label1\" content=\"Escrito por\" \/>\n\t<meta name=\"twitter:data1\" content=\"Fernando Corraa\" \/>\n\t<meta name=\"twitter:label2\" content=\"Est. tempo de leitura\" \/>\n\t<meta name=\"twitter:data2\" content=\"2 minutos\" \/>\n<script type=\"application\/ld+json\" class=\"yoast-schema-graph\">{\"@context\":\"https:\\\/\\\/schema.org\",\"@graph\":[{\"@type\":\"Article\",\"@id\":\"https:\\\/\\\/agenciabrasil.ebc.com.br\\\/justica\\\/noticia\\\/2026-09\\\/tse-aprova-registros-de-seis-candidatos-presidencia-da-republica#article\",\"isPartOf\":{\"@id\":\"https:\\\/\\\/mrnews.com.br\\\/index.php\\\/2026\\\/09\\\/02\\\/tse-aprova-registros-de-seis-candidatos-a-presidencia-da-republica\\\/\"},\"author\":{\"name\":\"Fernando Corraa\",\"@id\":\"https:\\\/\\\/mrnews.com.br\\\/#\\\/schema\\\/person\\\/2f073f2d87903a2ff9a065e41bbf17d4\"},\"headline\":\"TSE aprova registros de seis candidatos \u00e0 Presid\u00eancia da Rep\u00fablica\",\"datePublished\":\"2026-09-03T01:25:05+00:00\",\"mainEntityOfPage\":{\"@id\":\"https:\\\/\\\/mrnews.com.br\\\/index.php\\\/2026\\\/09\\\/02\\\/tse-aprova-registros-de-seis-candidatos-a-presidencia-da-republica\\\/\"},\"wordCount\":417,\"commentCount\":0,\"publisher\":{\"@id\":\"https:\\\/\\\/mrnews.com.br\\\/#organization\"},\"articleSection\":[\"SERVI\u00c7OS\"],\"inLanguage\":\"pt-BR\",\"potentialAction\":[{\"@type\":\"CommentAction\",\"name\":\"Comment\",\"target\":[\"https:\\\/\\\/agenciabrasil.ebc.com.br\\\/justica\\\/noticia\\\/2026-09\\\/tse-aprova-registros-de-seis-candidatos-presidencia-da-republica#respond\"]}]},{\"@type\":\"WebPage\",\"@id\":\"https:\\\/\\\/mrnews.com.br\\\/index.php\\\/2026\\\/09\\\/02\\\/tse-aprova-registros-de-seis-candidatos-a-presidencia-da-republica\\\/\",\"url\":\"https:\\\/\\\/agenciabrasil.ebc.com.br\\\/justica\\\/noticia\\\/2026-09\\\/tse-aprova-registros-de-seis-candidatos-presidencia-da-republica\",\"name\":\"TSE aprova registros de seis candidatos \u00e0 Presid\u00eancia da Rep\u00fablica\",\"isPartOf\":{\"@id\":\"https:\\\/\\\/mrnews.com.br\\\/#website\"},\"datePublished\":\"2026-09-03T01:25:05+00:00\",\"breadcrumb\":{\"@id\":\"https:\\\/\\\/agenciabrasil.ebc.com.br\\\/justica\\\/noticia\\\/2026-09\\\/tse-aprova-registros-de-seis-candidatos-presidencia-da-republica#breadcrumb\"},\"inLanguage\":\"pt-BR\",\"potentialAction\":[{\"@type\":\"ReadAction\",\"target\":[\"https:\\\/\\\/agenciabrasil.ebc.com.br\\\/justica\\\/noticia\\\/2026-09\\\/tse-aprova-registros-de-seis-candidatos-presidencia-da-republica\"]}]},{\"@type\":\"BreadcrumbList\",\"@id\":\"https:\\\/\\\/agenciabrasil.ebc.com.br\\\/justica\\\/noticia\\\/2026-09\\\/tse-aprova-registros-de-seis-candidatos-presidencia-da-republica#breadcrumb\",\"itemListElement\":[{\"@type\":\"ListItem\",\"position\":1,\"name\":\"In\u00edcio\",\"item\":\"https:\\\/\\\/mrnews.com.br\\\/\"},{\"@type\":\"ListItem\",\"position\":2,\"name\":\"TSE aprova registros de seis candidatos \u00e0 Presid\u00eancia da Rep\u00fablica\"}]},{\"@type\":\"WebSite\",\"@id\":\"https:\\\/\\\/mrnews.com.br\\\/#website\",\"url\":\"https:\\\/\\\/mrnews.com.br\\\/\",\"name\":\"MRNews\",\"description\":\"MRNews Jogos de hoje da TV, transmiss\u00f5es ao vivo, Not\u00edcias de futebol, Jogos ao vivo, Lives, resumo de novelas, Programa\u00e7\u00e3o da Globo, A Fazenda e BBB\",\"publisher\":{\"@id\":\"https:\\\/\\\/mrnews.com.br\\\/#organization\"},\"potentialAction\":[{\"@type\":\"SearchAction\",\"target\":{\"@type\":\"EntryPoint\",\"urlTemplate\":\"https:\\\/\\\/mrnews.com.br\\\/?s={search_term_string}\"},\"query-input\":{\"@type\":\"PropertyValueSpecification\",\"valueRequired\":true,\"valueName\":\"search_term_string\"}}],\"inLanguage\":\"pt-BR\"},{\"@type\":\"Organization\",\"@id\":\"https:\\\/\\\/mrnews.com.br\\\/#organization\",\"name\":\"MRNews\",\"url\":\"https:\\\/\\\/mrnews.com.br\\\/\",\"logo\":{\"@type\":\"ImageObject\",\"inLanguage\":\"pt-BR\",\"@id\":\"https:\\\/\\\/mrnews.com.br\\\/#\\\/schema\\\/logo\\\/image\\\/\",\"url\":\"https:\\\/\\\/mrnews.com.br\\\/wp-content\\\/uploads\\\/2026\\\/08\\\/MRNEws.png\",\"contentUrl\":\"https:\\\/\\\/mrnews.com.br\\\/wp-content\\\/uploads\\\/2026\\\/08\\\/MRNEws.png\",\"width\":1254,\"height\":1254,\"caption\":\"MRNews\"},\"image\":{\"@id\":\"https:\\\/\\\/mrnews.com.br\\\/#\\\/schema\\\/logo\\\/image\\\/\"},\"sameAs\":[\"https:\\\/\\\/www.facebook.com\\\/eaipahpah\\\/?locale2=pt_BR\",\"https:\\\/\\\/x.com\\\/conspirou\",\"https:\\\/\\\/www.instagram.com\\\/eai_pahpah\",\"https:\\\/\\\/br.pinterest.com\\\/mrnewsn\\\/boards\\\/\",\"https:\\\/\\\/www.youtube.com\\\/channel\\\/UCacgnpznQ61fifLWr1tQ-vA?view_as=subscriber\"]},{\"@type\":\"Person\",\"@id\":\"https:\\\/\\\/mrnews.com.br\\\/#\\\/schema\\\/person\\\/2f073f2d87903a2ff9a065e41bbf17d4\",\"name\":\"Fernando Corraa\",\"image\":{\"@type\":\"ImageObject\",\"inLanguage\":\"pt-BR\",\"@id\":\"https:\\\/\\\/secure.gravatar.com\\\/avatar\\\/9069acb0e588c9f4346ba747284aef18a5faaab575e89e9ccc64e315003f0b82?s=96&d=monsterid&r=g\",\"url\":\"https:\\\/\\\/secure.gravatar.com\\\/avatar\\\/9069acb0e588c9f4346ba747284aef18a5faaab575e89e9ccc64e315003f0b82?s=96&d=monsterid&r=g\",\"contentUrl\":\"https:\\\/\\\/secure.gravatar.com\\\/avatar\\\/9069acb0e588c9f4346ba747284aef18a5faaab575e89e9ccc64e315003f0b82?s=96&d=monsterid&r=g\",\"caption\":\"Fernando Corraa\"},\"url\":\"https:\\\/\\\/mrnews.com.br\\\/index.php\\\/author\\\/fernando-corraa\\\/\"}]}<\/script>\n<!-- \/ Yoast SEO plugin. -->","yoast_head_json":{"title":"TSE aprova registros de seis candidatos \u00e0 Presid\u00eancia da Rep\u00fablica","robots":{"index":"index","follow":"follow","max-snippet":"max-snippet:-1","max-image-preview":"max-image-preview:large","max-video-preview":"max-video-preview:-1"},"canonical":"https:\/\/agenciabrasil.ebc.com.br\/justica\/noticia\/2026-09\/tse-aprova-registros-de-seis-candidatos-presidencia-da-republica","og_locale":"pt_BR","og_type":"article","og_title":"TSE aprova registros de seis candidatos \u00e0 Presid\u00eancia da Rep\u00fablica","og_description":"Por EBC, O Tribunal Superior Eleitoral (TSE) aprovou nesta quarta-feira (2) o registro de seis chapas de candidatos \u00e0 Presid\u00eancia da Rep\u00fablica nas elei\u00e7\u00f5es de outubro. Por unanimidade, foram aceitos os registros das seguintes chapas, que s\u00e3o formadas pelos candidatos e seus respectivos vices: Edmilson Costa e Cleusa Santos (PCB); Fl\u00e1vio Bolsonaro e Alfredo Gaspar &hellip;","og_url":"https:\/\/agenciabrasil.ebc.com.br\/justica\/noticia\/2026-09\/tse-aprova-registros-de-seis-candidatos-presidencia-da-republica","og_site_name":"MRNews","article_publisher":"https:\/\/www.facebook.com\/eaipahpah\/?locale2=pt_BR","article_published_time":"2026-09-03T01:25:05+00:00","author":"Fernando Corraa","twitter_card":"summary_large_image","twitter_creator":"@conspirou","twitter_site":"@conspirou","twitter_misc":{"Escrito por":"Fernando Corraa","Est. tempo de leitura":"2 minutos"},"schema":{"@context":"https:\/\/schema.org","@graph":[{"@type":"Article","@id":"https:\/\/agenciabrasil.ebc.com.br\/justica\/noticia\/2026-09\/tse-aprova-registros-de-seis-candidatos-presidencia-da-republica#article","isPartOf":{"@id":"https:\/\/mrnews.com.br\/index.php\/2026\/09\/02\/tse-aprova-registros-de-seis-candidatos-a-presidencia-da-republica\/"},"author":{"name":"Fernando Corraa","@id":"https:\/\/mrnews.com.br\/#\/schema\/person\/2f073f2d87903a2ff9a065e41bbf17d4"},"headline":"TSE aprova registros de seis candidatos \u00e0 Presid\u00eancia da Rep\u00fablica","datePublished":"2026-09-03T01:25:05+00:00","mainEntityOfPage":{"@id":"https:\/\/mrnews.com.br\/index.php\/2026\/09\/02\/tse-aprova-registros-de-seis-candidatos-a-presidencia-da-republica\/"},"wordCount":417,"commentCount":0,"publisher":{"@id":"https:\/\/mrnews.com.br\/#organization"},"articleSection":["SERVI\u00c7OS"],"inLanguage":"pt-BR","potentialAction":[{"@type":"CommentAction","name":"Comment","target":["https:\/\/agenciabrasil.ebc.com.br\/justica\/noticia\/2026-09\/tse-aprova-registros-de-seis-candidatos-presidencia-da-republica#respond"]}]},{"@type":"WebPage","@id":"https:\/\/mrnews.com.br\/index.php\/2026\/09\/02\/tse-aprova-registros-de-seis-candidatos-a-presidencia-da-republica\/","url":"https:\/\/agenciabrasil.ebc.com.br\/justica\/noticia\/2026-09\/tse-aprova-registros-de-seis-candidatos-presidencia-da-republica","name":"TSE aprova registros de seis candidatos \u00e0 Presid\u00eancia da Rep\u00fablica","isPartOf":{"@id":"https:\/\/mrnews.com.br\/#website"},"datePublished":"2026-09-03T01:25:05+00:00","breadcrumb":{"@id":"https:\/\/agenciabrasil.ebc.com.br\/justica\/noticia\/2026-09\/tse-aprova-registros-de-seis-candidatos-presidencia-da-republica#breadcrumb"},"inLanguage":"pt-BR","potentialAction":[{"@type":"ReadAction","target":["https:\/\/agenciabrasil.ebc.com.br\/justica\/noticia\/2026-09\/tse-aprova-registros-de-seis-candidatos-presidencia-da-republica"]}]},{"@type":"BreadcrumbList","@id":"https:\/\/agenciabrasil.ebc.com.br\/justica\/noticia\/2026-09\/tse-aprova-registros-de-seis-candidatos-presidencia-da-republica#breadcrumb","itemListElement":[{"@type":"ListItem","position":1,"name":"In\u00edcio","item":"https:\/\/mrnews.com.br\/"},{"@type":"ListItem","position":2,"name":"TSE aprova registros de seis candidatos \u00e0 Presid\u00eancia da Rep\u00fablica"}]},{"@type":"WebSite","@id":"https:\/\/mrnews.com.br\/#website","url":"https:\/\/mrnews.com.br\/","name":"MRNews","description":"MRNews Jogos de hoje da TV, transmiss\u00f5es ao vivo, Not\u00edcias de futebol, Jogos ao vivo, Lives, resumo de novelas, Programa\u00e7\u00e3o da Globo, A Fazenda e BBB","publisher":{"@id":"https:\/\/mrnews.com.br\/#organization"},"potentialAction":[{"@type":"SearchAction","target":{"@type":"EntryPoint","urlTemplate":"https:\/\/mrnews.com.br\/?s={search_term_string}"},"query-input":{"@type":"PropertyValueSpecification","valueRequired":true,"valueName":"search_term_string"}}],"inLanguage":"pt-BR"},{"@type":"Organization","@id":"https:\/\/mrnews.com.br\/#organization","name":"MRNews","url":"https:\/\/mrnews.com.br\/","logo":{"@type":"ImageObject","inLanguage":"pt-BR","@id":"https:\/\/mrnews.com.br\/#\/schema\/logo\/image\/","url":"https:\/\/mrnews.com.br\/wp-content\/uploads\/2026\/08\/MRNEws.png","contentUrl":"https:\/\/mrnews.com.br\/wp-content\/uploads\/2026\/08\/MRNEws.png","width":1254,"height":1254,"caption":"MRNews"},"image":{"@id":"https:\/\/mrnews.com.br\/#\/schema\/logo\/image\/"},"sameAs":["https:\/\/www.facebook.com\/eaipahpah\/?locale2=pt_BR","https:\/\/x.com\/conspirou","https:\/\/www.instagram.com\/eai_pahpah","https:\/\/br.pinterest.com\/mrnewsn\/boards\/","https:\/\/www.youtube.com\/channel\/UCacgnpznQ61fifLWr1tQ-vA?view_as=subscriber"]},{"@type":"Person","@id":"https:\/\/mrnews.com.br\/#\/schema\/person\/2f073f2d87903a2ff9a065e41bbf17d4","name":"Fernando Corraa","image":{"@type":"ImageObject","inLanguage":"pt-BR","@id":"https:\/\/secure.gravatar.com\/avatar\/9069acb0e588c9f4346ba747284aef18a5faaab575e89e9ccc64e315003f0b82?s=96&d=monsterid&r=g","url":"https:\/\/secure.gravatar.com\/avatar\/9069acb0e588c9f4346ba747284aef18a5faaab575e89e9ccc64e315003f0b82?s=96&d=monsterid&r=g","contentUrl":"https:\/\/secure.gravatar.com\/avatar\/9069acb0e588c9f4346ba747284aef18a5faaab575e89e9ccc64e315003f0b82?s=96&d=monsterid&r=g","caption":"Fernando Corraa"},"url":"https:\/\/mrnews.com.br\/index.php\/author\/fernando-corraa\/"}]}},"jetpack_sharing_enabled":true,"jetpack_shortlink":"https:\/\/wp.me\/pa2Qf7-1XfG","amp_enabled":true,"jetpack_featured_media_url":"","_links":{"self":[{"href":"https:\/\/mrnews.com.br\/index.php\/wp-json\/wp\/v2\/posts\/466096","targetHints":{"allow":["GET"]}}],"collection":[{"href":"https:\/\/mrnews.com.br\/index.php\/wp-json\/wp\/v2\/posts"}],"about":[{"href":"https:\/\/mrnews.com.br\/index.php\/wp-json\/wp\/v2\/types\/post"}],"author":[{"embeddable":true,"href":"https:\/\/mrnews.com.br\/index.php\/wp-json\/wp\/v2\/users\/39"}],"replies":[{"embeddable":true,"href":"https:\/\/mrnews.com.br\/index.php\/wp-json\/wp\/v2\/comments?post=466096"}],"version-history":[{"count":0,"href":"https:\/\/mrnews.com.br\/index.php\/wp-json\/wp\/v2\/posts\/466096\/revisions"}],"wp:attachment":[{"href":"https:\/\/mrnews.com.br\/index.php\/wp-json\/wp\/v2\/media?parent=466096"}],"wp:term":[{"taxonomy":"category","embeddable":true,"href":"https:\/\/mrnews.com.br\/index.php\/wp-json\/wp\/v2\/categories?post=466096"},{"taxonomy":"post_tag","embeddable":true,"href":"https:\/\/mrnews.com.br\/index.php\/wp-json\/wp\/v2\/tags?post=466096"}],"curies":[{"name":"wp","href":"https:\/\/api.w.org\/{rel}","templated":true}]}}