{"id":466097,"date":"2026-09-02T23:07:27","date_gmt":"2026-09-03T02:07:27","guid":{"rendered":"https:\/\/mrnews.com.br\/index.php\/2026\/09\/02\/veja-como-foi-a-quarta-feira-2-dos-candidatos-a-presidente\/"},"modified":"2026-09-02T23:07:27","modified_gmt":"2026-09-03T02:07:27","slug":"veja-como-foi-a-quarta-feira-2-dos-candidatos-a-presidente","status":"publish","type":"post","link":"https:\/\/mrnews.com.br\/index.php\/2026\/09\/02\/veja-como-foi-a-quarta-feira-2-dos-candidatos-a-presidente\/","title":{"rendered":"Veja como foi a quarta-feira (2) dos candidatos a presidente"},"content":{"rendered":"<p>Por EBC, <\/p>\n<div>\n<p>A agenda dos presidenci\u00e1veis nesta quarta-feira (2) incluiu entrevistas e sabatinas, al\u00e9m de visitas a institui\u00e7\u00f5es e mercados, caminhadas,\u00a0encontros com diferentes segmentos da popula\u00e7\u00e3o e atividades partid\u00e1rias.<\/p>\n<h2>&gt;&gt; Veja como foi o dia dos candidatos a presidente:<\/h2>\n<p><strong>Rui Costa Pimenta (PCO)<\/strong><br \/>O candidato Rui Costa Pimenta\u00a0n\u00e3o teve agenda p\u00fablica de campanha.<\/p>\n<p><strong>Samara Martins (UP)<\/strong><br \/>A candidata Samara Martins cumpriu agenda no Rio de Janeiro, onde participou de reuni\u00e3o com estudantes e trabalhadores em frente ao Hospital Clementino Fraga Filho, da UFRJ, na Ilha do Fund\u00e3o, e visitou o restaurante universit\u00e1rio.<\/p>\n<p><strong>Wilson Grassi (Democrata)<\/strong><br \/>O candidato protestou, em frente ao Tribunal Superior Eleitoral (TSE),\u00a0em Bras\u00edlia, contra a suspens\u00e3o de sua campanha nas redes sociais. A medida foi tomada pelo ministro Dias Toffoli.\u00a0<\/p>\n<p>Ele voltou a afirmar que a medida \u00e9 desproporcional e que sua campanha \u00e9 totalmente realizada por meio das redes sociais, sem uso de recursos do fundo eleitoral, o que impede que ele siga apresentando sua candidatura aos eleitores.<\/p>\n<p><strong>Augusto Cury (Avante)<\/strong><br \/>Em S\u00e3o Paulo, o candidato Augusto Cury\u00a0visitou\u00a0a Federa\u00e7\u00e3o Israelita do Estado de S\u00e3o Paulo (Fisesp), onde participou de um encontro com representantes da comunidade judaica.<\/p>\n<p>Na conversa, Cury defendeu a\u00a0pacifica\u00e7\u00e3o e o combate\u00a0\u00e0\u00a0&#8220;viol\u00eancia contra a cultura, contra o desenvolvimento da personalidade&#8221;. &#8220;Todo o preconceito deve ser trabalhado de maneira intensa\u201d.<\/p>\n<p><strong>Clariana Bar\u00e3o (Democracia Crist\u00e3)<\/strong><br \/>A candidata Clariana Bar\u00e3o\u00a0cumpriu agenda em S\u00e3o Paulo, onde\u00a0participou de programas de r\u00e1dio e TV.<\/p>\n<p>Ela visitou a\u00a0regi\u00e3o do Br\u00e1s, no centro da capital paulista, e conversou\u00a0com os lojistas e comerciantes locais. A candidata esteve tamb\u00e9m na Casa da Mulher Brasileira, que auxilia mulheres em situa\u00e7\u00e3o de viol\u00eancia dom\u00e9stica.<\/p>\n<p><strong>Edmilson Costa (PCB)<\/strong><br \/>O candidato Edmilson Costa cumpriu agenda da secretaria-geral do PCB em Lisboa.<\/p>\n<p><strong>Fl\u00e1vio Bolsonaro (PL)<\/strong><br \/>O candidato Fl\u00e1vio Bolsonaro n\u00e3o teve agenda p\u00fablica de campanha.<\/p>\n<p><strong>Hertz Dias (PSTU)<\/strong><br \/>O candidato Hertz Dias n\u00e3o teve agenda p\u00fablica de campanha.<\/p>\n<p><strong>Luiz In\u00e1cio Lula da Silva (PT)<\/strong><br \/>O candidato Luiz In\u00e1cio Lula da Silva n\u00e3o teve agenda p\u00fablica de campanha.<\/p>\n<p><strong>Renan Santos (Miss\u00e3o)<\/strong><br \/>O candidato Renan Santos n\u00e3o teve agenda p\u00fablica de campanha.<\/p>\n<p><strong>Romeu Zema (Novo)<\/strong><br \/>O candidato Romeu Zema participou de encontro com motoristas de aplicativo, no centro de S\u00e3o Paulo. Ele defendeu a livre negocia\u00e7\u00e3o entre empresas e trabalhadores.<\/p>\n<p>&#8220;Eu acredito muito na livre negocia\u00e7\u00e3o entre as partes. Agora, \u00e9 preciso\u00a0haver uma negocia\u00e7\u00e3o que seja clara. Todo representante comercial sabe o que ele vai ganhar de comiss\u00e3o. Os motoristas de aplicativo nem sempre, dependendo da empresa. Isso seria\u00a0algo mais do que necess\u00e1rio&#8221;, completou.\u00a0<\/p>\n<p><strong>Ronaldo Caiado (PSD)<\/strong><br \/>O\u00a0candidato Ronaldo Caiado\u00a0concedeu entrevista \u00e0 r\u00e1dio Metropolitana 90.5 FM, em S\u00e3o Paulo.<\/p>\n<p>Ele visitou o Mercado Municipal de Pinheiros (SP), onde conversou com lojistas e consumidores e disse que, se eleito, pretende reduzir a taxa de juros a 7%.\u00a0<\/p>\n<p>\u201cO pequeno empres\u00e1rio diz que n\u00e3o fecha a conta no final do m\u00eas e tem demitido&#8221;, disse.\u00a0<\/p>\n<p>A ordem de apresenta\u00e7\u00e3o da cobertura da agenda dos candidatos a presidente segue rod\u00edzio di\u00e1rio em ordem alfab\u00e9tica.<\/p>\n<p><em>* Colaboraram Douglas C\u00f4rrea (Rio de Janeiro), Fl\u00e1via Albuquerque (S\u00e3o Paulo) e Luciano Nascimento (S\u00e3o Lu\u00eds)<\/em><\/p>\n<p>      <!-- Relacionada --><\/p>\n<p>            <!-- Relacionada -->\n    <\/div>\n","protected":false},"excerpt":{"rendered":"<p>Por EBC, A agenda dos presidenci\u00e1veis nesta quarta-feira (2) incluiu entrevistas e sabatinas, al\u00e9m de visitas a institui\u00e7\u00f5es e mercados, caminhadas,\u00a0encontros com diferentes segmentos da popula\u00e7\u00e3o e atividades partid\u00e1rias. &gt;&gt; Veja como foi o dia dos candidatos a presidente: Rui Costa Pimenta (PCO)O candidato Rui Costa Pimenta\u00a0n\u00e3o teve agenda p\u00fablica de campanha. Samara Martins (UP)A &hellip;<\/p>\n","protected":false},"author":39,"featured_media":0,"comment_status":"open","ping_status":"open","sticky":false,"template":"","format":"standard","meta":{"_jetpack_newsletter_access":"","_jetpack_dont_email_post_to_subs":false,"_jetpack_newsletter_tier_id":0,"_jetpack_memberships_contains_paywalled_content":false,"_jetpack_feature_clip_id":0,"_jetpack_memberships_contains_paid_content":false,"footnotes":"","jetpack_post_was_ever_published":false},"categories":[4],"tags":[],"class_list":["post-466097","post","type-post","status-publish","format-standard","hentry","category-servicos"],"yoast_head":"<!-- This site is optimized with the Yoast SEO plugin v28.4 - https:\/\/yoast.com\/product\/yoast-seo-wordpress\/ -->\n<title>Veja como foi a quarta-feira (2) dos candidatos a presidente<\/title>\n<meta name=\"robots\" content=\"index, follow, max-snippet:-1, max-image-preview:large, max-video-preview:-1\" \/>\n<link rel=\"canonical\" href=\"https:\/\/agenciabrasil.ebc.com.br\/politica\/noticia\/2026-09\/veja-como-foi-quarta-feira-2-dos-candidatos-presidente\" \/>\n<meta property=\"og:locale\" content=\"pt_BR\" \/>\n<meta property=\"og:type\" content=\"article\" \/>\n<meta property=\"og:title\" content=\"Veja como foi a quarta-feira (2) dos candidatos a presidente\" \/>\n<meta property=\"og:description\" content=\"Por EBC, A agenda dos presidenci\u00e1veis nesta quarta-feira (2) incluiu entrevistas e sabatinas, al\u00e9m de visitas a institui\u00e7\u00f5es e mercados, caminhadas,\u00a0encontros com diferentes segmentos da popula\u00e7\u00e3o e atividades partid\u00e1rias. &gt;&gt; Veja como foi o dia dos candidatos a presidente: Rui Costa Pimenta (PCO)O candidato Rui Costa Pimenta\u00a0n\u00e3o teve agenda p\u00fablica de campanha. Samara Martins (UP)A &hellip;\" \/>\n<meta property=\"og:url\" content=\"https:\/\/agenciabrasil.ebc.com.br\/politica\/noticia\/2026-09\/veja-como-foi-quarta-feira-2-dos-candidatos-presidente\" \/>\n<meta property=\"og:site_name\" content=\"MRNews\" \/>\n<meta property=\"article:publisher\" content=\"https:\/\/www.facebook.com\/eaipahpah\/?locale2=pt_BR\" \/>\n<meta property=\"article:published_time\" content=\"2026-09-03T02:07:27+00:00\" \/>\n<meta name=\"author\" content=\"Fernando Corraa\" \/>\n<meta name=\"twitter:card\" content=\"summary_large_image\" \/>\n<meta name=\"twitter:creator\" content=\"@conspirou\" \/>\n<meta name=\"twitter:site\" content=\"@conspirou\" \/>\n<meta name=\"twitter:label1\" content=\"Escrito por\" \/>\n\t<meta name=\"twitter:data1\" content=\"Fernando Corraa\" \/>\n\t<meta name=\"twitter:label2\" content=\"Est. tempo de leitura\" \/>\n\t<meta name=\"twitter:data2\" content=\"3 minutos\" \/>\n<script type=\"application\/ld+json\" class=\"yoast-schema-graph\">{\"@context\":\"https:\\\/\\\/schema.org\",\"@graph\":[{\"@type\":\"Article\",\"@id\":\"https:\\\/\\\/agenciabrasil.ebc.com.br\\\/politica\\\/noticia\\\/2026-09\\\/veja-como-foi-quarta-feira-2-dos-candidatos-presidente#article\",\"isPartOf\":{\"@id\":\"https:\\\/\\\/mrnews.com.br\\\/index.php\\\/2026\\\/09\\\/02\\\/veja-como-foi-a-quarta-feira-2-dos-candidatos-a-presidente\\\/\"},\"author\":{\"name\":\"Fernando Corraa\",\"@id\":\"https:\\\/\\\/mrnews.com.br\\\/#\\\/schema\\\/person\\\/2f073f2d87903a2ff9a065e41bbf17d4\"},\"headline\":\"Veja como foi a quarta-feira (2) dos candidatos a presidente\",\"datePublished\":\"2026-09-03T02:07:27+00:00\",\"mainEntityOfPage\":{\"@id\":\"https:\\\/\\\/mrnews.com.br\\\/index.php\\\/2026\\\/09\\\/02\\\/veja-como-foi-a-quarta-feira-2-dos-candidatos-a-presidente\\\/\"},\"wordCount\":583,\"commentCount\":0,\"publisher\":{\"@id\":\"https:\\\/\\\/mrnews.com.br\\\/#organization\"},\"articleSection\":[\"SERVI\u00c7OS\"],\"inLanguage\":\"pt-BR\",\"potentialAction\":[{\"@type\":\"CommentAction\",\"name\":\"Comment\",\"target\":[\"https:\\\/\\\/agenciabrasil.ebc.com.br\\\/politica\\\/noticia\\\/2026-09\\\/veja-como-foi-quarta-feira-2-dos-candidatos-presidente#respond\"]}]},{\"@type\":\"WebPage\",\"@id\":\"https:\\\/\\\/mrnews.com.br\\\/index.php\\\/2026\\\/09\\\/02\\\/veja-como-foi-a-quarta-feira-2-dos-candidatos-a-presidente\\\/\",\"url\":\"https:\\\/\\\/agenciabrasil.ebc.com.br\\\/politica\\\/noticia\\\/2026-09\\\/veja-como-foi-quarta-feira-2-dos-candidatos-presidente\",\"name\":\"Veja como foi a quarta-feira (2) dos candidatos a presidente\",\"isPartOf\":{\"@id\":\"https:\\\/\\\/mrnews.com.br\\\/#website\"},\"datePublished\":\"2026-09-03T02:07:27+00:00\",\"breadcrumb\":{\"@id\":\"https:\\\/\\\/agenciabrasil.ebc.com.br\\\/politica\\\/noticia\\\/2026-09\\\/veja-como-foi-quarta-feira-2-dos-candidatos-presidente#breadcrumb\"},\"inLanguage\":\"pt-BR\",\"potentialAction\":[{\"@type\":\"ReadAction\",\"target\":[\"https:\\\/\\\/agenciabrasil.ebc.com.br\\\/politica\\\/noticia\\\/2026-09\\\/veja-como-foi-quarta-feira-2-dos-candidatos-presidente\"]}]},{\"@type\":\"BreadcrumbList\",\"@id\":\"https:\\\/\\\/agenciabrasil.ebc.com.br\\\/politica\\\/noticia\\\/2026-09\\\/veja-como-foi-quarta-feira-2-dos-candidatos-presidente#breadcrumb\",\"itemListElement\":[{\"@type\":\"ListItem\",\"position\":1,\"name\":\"In\u00edcio\",\"item\":\"https:\\\/\\\/mrnews.com.br\\\/\"},{\"@type\":\"ListItem\",\"position\":2,\"name\":\"Veja como foi a quarta-feira (2) dos candidatos a presidente\"}]},{\"@type\":\"WebSite\",\"@id\":\"https:\\\/\\\/mrnews.com.br\\\/#website\",\"url\":\"https:\\\/\\\/mrnews.com.br\\\/\",\"name\":\"MRNews\",\"description\":\"MRNews Jogos de hoje da TV, transmiss\u00f5es ao vivo, Not\u00edcias de futebol, Jogos ao vivo, Lives, resumo de novelas, Programa\u00e7\u00e3o da Globo, A Fazenda e BBB\",\"publisher\":{\"@id\":\"https:\\\/\\\/mrnews.com.br\\\/#organization\"},\"potentialAction\":[{\"@type\":\"SearchAction\",\"target\":{\"@type\":\"EntryPoint\",\"urlTemplate\":\"https:\\\/\\\/mrnews.com.br\\\/?s={search_term_string}\"},\"query-input\":{\"@type\":\"PropertyValueSpecification\",\"valueRequired\":true,\"valueName\":\"search_term_string\"}}],\"inLanguage\":\"pt-BR\"},{\"@type\":\"Organization\",\"@id\":\"https:\\\/\\\/mrnews.com.br\\\/#organization\",\"name\":\"MRNews\",\"url\":\"https:\\\/\\\/mrnews.com.br\\\/\",\"logo\":{\"@type\":\"ImageObject\",\"inLanguage\":\"pt-BR\",\"@id\":\"https:\\\/\\\/mrnews.com.br\\\/#\\\/schema\\\/logo\\\/image\\\/\",\"url\":\"https:\\\/\\\/mrnews.com.br\\\/wp-content\\\/uploads\\\/2026\\\/08\\\/MRNEws.png\",\"contentUrl\":\"https:\\\/\\\/mrnews.com.br\\\/wp-content\\\/uploads\\\/2026\\\/08\\\/MRNEws.png\",\"width\":1254,\"height\":1254,\"caption\":\"MRNews\"},\"image\":{\"@id\":\"https:\\\/\\\/mrnews.com.br\\\/#\\\/schema\\\/logo\\\/image\\\/\"},\"sameAs\":[\"https:\\\/\\\/www.facebook.com\\\/eaipahpah\\\/?locale2=pt_BR\",\"https:\\\/\\\/x.com\\\/conspirou\",\"https:\\\/\\\/www.instagram.com\\\/eai_pahpah\",\"https:\\\/\\\/br.pinterest.com\\\/mrnewsn\\\/boards\\\/\",\"https:\\\/\\\/www.youtube.com\\\/channel\\\/UCacgnpznQ61fifLWr1tQ-vA?view_as=subscriber\"]},{\"@type\":\"Person\",\"@id\":\"https:\\\/\\\/mrnews.com.br\\\/#\\\/schema\\\/person\\\/2f073f2d87903a2ff9a065e41bbf17d4\",\"name\":\"Fernando Corraa\",\"image\":{\"@type\":\"ImageObject\",\"inLanguage\":\"pt-BR\",\"@id\":\"https:\\\/\\\/secure.gravatar.com\\\/avatar\\\/9069acb0e588c9f4346ba747284aef18a5faaab575e89e9ccc64e315003f0b82?s=96&d=monsterid&r=g\",\"url\":\"https:\\\/\\\/secure.gravatar.com\\\/avatar\\\/9069acb0e588c9f4346ba747284aef18a5faaab575e89e9ccc64e315003f0b82?s=96&d=monsterid&r=g\",\"contentUrl\":\"https:\\\/\\\/secure.gravatar.com\\\/avatar\\\/9069acb0e588c9f4346ba747284aef18a5faaab575e89e9ccc64e315003f0b82?s=96&d=monsterid&r=g\",\"caption\":\"Fernando Corraa\"},\"url\":\"https:\\\/\\\/mrnews.com.br\\\/index.php\\\/author\\\/fernando-corraa\\\/\"}]}<\/script>\n<!-- \/ Yoast SEO plugin. -->","yoast_head_json":{"title":"Veja como foi a quarta-feira (2) dos candidatos a presidente","robots":{"index":"index","follow":"follow","max-snippet":"max-snippet:-1","max-image-preview":"max-image-preview:large","max-video-preview":"max-video-preview:-1"},"canonical":"https:\/\/agenciabrasil.ebc.com.br\/politica\/noticia\/2026-09\/veja-como-foi-quarta-feira-2-dos-candidatos-presidente","og_locale":"pt_BR","og_type":"article","og_title":"Veja como foi a quarta-feira (2) dos candidatos a presidente","og_description":"Por EBC, A agenda dos presidenci\u00e1veis nesta quarta-feira (2) incluiu entrevistas e sabatinas, al\u00e9m de visitas a institui\u00e7\u00f5es e mercados, caminhadas,\u00a0encontros com diferentes segmentos da popula\u00e7\u00e3o e atividades partid\u00e1rias. &gt;&gt; Veja como foi o dia dos candidatos a presidente: Rui Costa Pimenta (PCO)O candidato Rui Costa Pimenta\u00a0n\u00e3o teve agenda p\u00fablica de campanha. Samara Martins (UP)A &hellip;","og_url":"https:\/\/agenciabrasil.ebc.com.br\/politica\/noticia\/2026-09\/veja-como-foi-quarta-feira-2-dos-candidatos-presidente","og_site_name":"MRNews","article_publisher":"https:\/\/www.facebook.com\/eaipahpah\/?locale2=pt_BR","article_published_time":"2026-09-03T02:07:27+00:00","author":"Fernando Corraa","twitter_card":"summary_large_image","twitter_creator":"@conspirou","twitter_site":"@conspirou","twitter_misc":{"Escrito por":"Fernando Corraa","Est. tempo de leitura":"3 minutos"},"schema":{"@context":"https:\/\/schema.org","@graph":[{"@type":"Article","@id":"https:\/\/agenciabrasil.ebc.com.br\/politica\/noticia\/2026-09\/veja-como-foi-quarta-feira-2-dos-candidatos-presidente#article","isPartOf":{"@id":"https:\/\/mrnews.com.br\/index.php\/2026\/09\/02\/veja-como-foi-a-quarta-feira-2-dos-candidatos-a-presidente\/"},"author":{"name":"Fernando Corraa","@id":"https:\/\/mrnews.com.br\/#\/schema\/person\/2f073f2d87903a2ff9a065e41bbf17d4"},"headline":"Veja como foi a quarta-feira (2) dos candidatos a presidente","datePublished":"2026-09-03T02:07:27+00:00","mainEntityOfPage":{"@id":"https:\/\/mrnews.com.br\/index.php\/2026\/09\/02\/veja-como-foi-a-quarta-feira-2-dos-candidatos-a-presidente\/"},"wordCount":583,"commentCount":0,"publisher":{"@id":"https:\/\/mrnews.com.br\/#organization"},"articleSection":["SERVI\u00c7OS"],"inLanguage":"pt-BR","potentialAction":[{"@type":"CommentAction","name":"Comment","target":["https:\/\/agenciabrasil.ebc.com.br\/politica\/noticia\/2026-09\/veja-como-foi-quarta-feira-2-dos-candidatos-presidente#respond"]}]},{"@type":"WebPage","@id":"https:\/\/mrnews.com.br\/index.php\/2026\/09\/02\/veja-como-foi-a-quarta-feira-2-dos-candidatos-a-presidente\/","url":"https:\/\/agenciabrasil.ebc.com.br\/politica\/noticia\/2026-09\/veja-como-foi-quarta-feira-2-dos-candidatos-presidente","name":"Veja como foi a quarta-feira (2) dos candidatos a presidente","isPartOf":{"@id":"https:\/\/mrnews.com.br\/#website"},"datePublished":"2026-09-03T02:07:27+00:00","breadcrumb":{"@id":"https:\/\/agenciabrasil.ebc.com.br\/politica\/noticia\/2026-09\/veja-como-foi-quarta-feira-2-dos-candidatos-presidente#breadcrumb"},"inLanguage":"pt-BR","potentialAction":[{"@type":"ReadAction","target":["https:\/\/agenciabrasil.ebc.com.br\/politica\/noticia\/2026-09\/veja-como-foi-quarta-feira-2-dos-candidatos-presidente"]}]},{"@type":"BreadcrumbList","@id":"https:\/\/agenciabrasil.ebc.com.br\/politica\/noticia\/2026-09\/veja-como-foi-quarta-feira-2-dos-candidatos-presidente#breadcrumb","itemListElement":[{"@type":"ListItem","position":1,"name":"In\u00edcio","item":"https:\/\/mrnews.com.br\/"},{"@type":"ListItem","position":2,"name":"Veja como foi a quarta-feira (2) dos candidatos a presidente"}]},{"@type":"WebSite","@id":"https:\/\/mrnews.com.br\/#website","url":"https:\/\/mrnews.com.br\/","name":"MRNews","description":"MRNews Jogos de hoje da TV, transmiss\u00f5es ao vivo, Not\u00edcias de futebol, Jogos ao vivo, Lives, resumo de novelas, Programa\u00e7\u00e3o da Globo, A Fazenda e BBB","publisher":{"@id":"https:\/\/mrnews.com.br\/#organization"},"potentialAction":[{"@type":"SearchAction","target":{"@type":"EntryPoint","urlTemplate":"https:\/\/mrnews.com.br\/?s={search_term_string}"},"query-input":{"@type":"PropertyValueSpecification","valueRequired":true,"valueName":"search_term_string"}}],"inLanguage":"pt-BR"},{"@type":"Organization","@id":"https:\/\/mrnews.com.br\/#organization","name":"MRNews","url":"https:\/\/mrnews.com.br\/","logo":{"@type":"ImageObject","inLanguage":"pt-BR","@id":"https:\/\/mrnews.com.br\/#\/schema\/logo\/image\/","url":"https:\/\/mrnews.com.br\/wp-content\/uploads\/2026\/08\/MRNEws.png","contentUrl":"https:\/\/mrnews.com.br\/wp-content\/uploads\/2026\/08\/MRNEws.png","width":1254,"height":1254,"caption":"MRNews"},"image":{"@id":"https:\/\/mrnews.com.br\/#\/schema\/logo\/image\/"},"sameAs":["https:\/\/www.facebook.com\/eaipahpah\/?locale2=pt_BR","https:\/\/x.com\/conspirou","https:\/\/www.instagram.com\/eai_pahpah","https:\/\/br.pinterest.com\/mrnewsn\/boards\/","https:\/\/www.youtube.com\/channel\/UCacgnpznQ61fifLWr1tQ-vA?view_as=subscriber"]},{"@type":"Person","@id":"https:\/\/mrnews.com.br\/#\/schema\/person\/2f073f2d87903a2ff9a065e41bbf17d4","name":"Fernando Corraa","image":{"@type":"ImageObject","inLanguage":"pt-BR","@id":"https:\/\/secure.gravatar.com\/avatar\/9069acb0e588c9f4346ba747284aef18a5faaab575e89e9ccc64e315003f0b82?s=96&d=monsterid&r=g","url":"https:\/\/secure.gravatar.com\/avatar\/9069acb0e588c9f4346ba747284aef18a5faaab575e89e9ccc64e315003f0b82?s=96&d=monsterid&r=g","contentUrl":"https:\/\/secure.gravatar.com\/avatar\/9069acb0e588c9f4346ba747284aef18a5faaab575e89e9ccc64e315003f0b82?s=96&d=monsterid&r=g","caption":"Fernando Corraa"},"url":"https:\/\/mrnews.com.br\/index.php\/author\/fernando-corraa\/"}]}},"jetpack_sharing_enabled":true,"jetpack_shortlink":"https:\/\/wp.me\/pa2Qf7-1XfH","amp_enabled":true,"jetpack_featured_media_url":"","_links":{"self":[{"href":"https:\/\/mrnews.com.br\/index.php\/wp-json\/wp\/v2\/posts\/466097","targetHints":{"allow":["GET"]}}],"collection":[{"href":"https:\/\/mrnews.com.br\/index.php\/wp-json\/wp\/v2\/posts"}],"about":[{"href":"https:\/\/mrnews.com.br\/index.php\/wp-json\/wp\/v2\/types\/post"}],"author":[{"embeddable":true,"href":"https:\/\/mrnews.com.br\/index.php\/wp-json\/wp\/v2\/users\/39"}],"replies":[{"embeddable":true,"href":"https:\/\/mrnews.com.br\/index.php\/wp-json\/wp\/v2\/comments?post=466097"}],"version-history":[{"count":0,"href":"https:\/\/mrnews.com.br\/index.php\/wp-json\/wp\/v2\/posts\/466097\/revisions"}],"wp:attachment":[{"href":"https:\/\/mrnews.com.br\/index.php\/wp-json\/wp\/v2\/media?parent=466097"}],"wp:term":[{"taxonomy":"category","embeddable":true,"href":"https:\/\/mrnews.com.br\/index.php\/wp-json\/wp\/v2\/categories?post=466097"},{"taxonomy":"post_tag","embeddable":true,"href":"https:\/\/mrnews.com.br\/index.php\/wp-json\/wp\/v2\/tags?post=466097"}],"curies":[{"name":"wp","href":"https:\/\/api.w.org\/{rel}","templated":true}]}}