{"id":466100,"date":"2026-09-03T00:43:27","date_gmt":"2026-09-03T03:43:27","guid":{"rendered":"https:\/\/mrnews.com.br\/index.php\/2026\/09\/03\/flamengo-vence-e-fica-a-um-ponto-do-palmeiras-lider-do-brasileirao\/"},"modified":"2026-09-03T00:43:27","modified_gmt":"2026-09-03T03:43:27","slug":"flamengo-vence-e-fica-a-um-ponto-do-palmeiras-lider-do-brasileirao","status":"publish","type":"post","link":"https:\/\/mrnews.com.br\/index.php\/2026\/09\/03\/flamengo-vence-e-fica-a-um-ponto-do-palmeiras-lider-do-brasileirao\/","title":{"rendered":"Flamengo vence e fica a um ponto do Palmeiras, l\u00edder do Brasileir\u00e3o"},"content":{"rendered":"<p><\/p>\n<div>\n<p><strong>O Flamengo depende apenas de si para assumir a lideran\u00e7a do Campeonato Brasileiro. Nesta quarta-feira (2), o Rubro-Negro encarou o Mirassol no Maracan\u00e3 e venceu por 2 a 0, em jogo atrasado da quarta rodada da competi\u00e7\u00e3o.<\/strong><\/p>\n<p>A partida, inicialmente agendada para 26 de fevereiro, teve que ser remarcada devido ao jogo de volta contra o Lan\u00fas, no Rio de Janeiro, pela Recopa Sul-Americana. Na ocasi\u00e3o, os cariocas perderam dos argentinos por 3 a 2, na prorroga\u00e7\u00e3o, ficando com o vice.<\/p>\n<p>O resultado desta quarta levou o Flamengo aos 51 pontos, apenas um a menos que o Palmeiras &#8211; a diferen\u00e7a, em agosto, chegou a estar em nove pontos.<\/p>\n<p>Neste domingo (6), o Rubro-Negro pega o Remo no Mangueir\u00e3o, \u00e0s 16h (hor\u00e1rio de Bras\u00edlia) &#8211; a\u00a0<strong>R\u00e1dio Nacional<\/strong>\u00a0transmite ao vivo. Se pontuar em Bel\u00e9m, assume a lideran\u00e7a provis\u00f3ria e pressiona o Verd\u00e3o, que vai ao Rio encarar o Botafogo \u00e0s 18h30, no Nilton Santos.<\/p>\n<p>Os cariocas ainda ter\u00e3o o jogo contra o pr\u00f3prio time alviverde. O jogo pela 36\u00aa rodada ser\u00e1 em novembro, com mando dos paulistas, em data e hor\u00e1rio a serem anunciados pela Confedera\u00e7\u00e3o Brasileira de Futebol (CBF).<\/p>\n<p>O Mirassol, estacionado nos 25 pontos, perdeu a oportunidade de se afastar da zona de rebaixamento, que engloba as quatro piores campanhas do Brasileir\u00e3o (o chamado Z-4).<\/p>\n<p>Em 16\u00ba lugar, o Le\u00e3o Caipira soma os mesmos 25 pontos de Vasco (17\u00ba) e Internacional (18\u00ba), mas supera o Cruzmaltino no confronto direto e o Colorado pelo n\u00famero de vit\u00f3rias (seis a cinco).<\/p>\n<p>A rede do Maracan\u00e3 precisou de 13 minutos para balan\u00e7ar. Em contra-ataque iniciado pelo volante Erick Pulgar, Samuel Lino recebeu pela esquerda, entrou na \u00e1rea e rolou para o tamb\u00e9m atacante Pedro, que abriu na direita para o meia Jorge Carrascal bater forte e abrir o marcador.<\/p>\n<p>O Flamengo ampliou pouco antes do intervalo. Aos 42, Carrascal recebeu pela direita e cruzou para o meia Lucas Paquet\u00e1, de cabe\u00e7a, mandar para o gol.<\/p>\n<p>Na segunda etapa, o Mirassol teve que trocar os goleiros, Walter, lesionado, dando lugar a Alex Muralha, que reencontrou o Flamengo pela primeira vez no Maracan\u00e3 desde que deixou o clube, em 2017. O time paulista equilibrou as a\u00e7\u00f5es e pressionou o Rubro-Negro na reta final da partida, mas sem conseguir mudar a hist\u00f3ria da partida.<\/p>\n<p>      <!-- Relacionada --><\/p>\n<p>            <!-- Relacionada -->\n    <\/div>\n","protected":false},"excerpt":{"rendered":"<p>O Flamengo depende apenas de si para assumir a lideran\u00e7a do Campeonato Brasileiro. Nesta quarta-feira (2), o Rubro-Negro encarou o Mirassol no Maracan\u00e3 e venceu por 2 a 0, em jogo atrasado da quarta rodada da competi\u00e7\u00e3o. A partida, inicialmente agendada para 26 de fevereiro, teve que ser remarcada devido ao jogo de volta contra &hellip;<\/p>\n","protected":false},"author":39,"featured_media":0,"comment_status":"open","ping_status":"open","sticky":false,"template":"","format":"standard","meta":{"_jetpack_newsletter_access":"","_jetpack_dont_email_post_to_subs":false,"_jetpack_newsletter_tier_id":0,"_jetpack_memberships_contains_paywalled_content":false,"_jetpack_feature_clip_id":0,"_jetpack_memberships_contains_paid_content":false,"footnotes":"","jetpack_post_was_ever_published":false},"categories":[4587,3,4],"tags":[],"class_list":["post-466100","post","type-post","status-publish","format-standard","hentry","category-esportes","category-esportes1","category-servicos"],"yoast_head":"<!-- This site is optimized with the Yoast SEO plugin v28.4 - https:\/\/yoast.com\/product\/yoast-seo-wordpress\/ -->\n<title>Flamengo vence e fica a um ponto do Palmeiras, l\u00edder do Brasileir\u00e3o<\/title>\n<meta name=\"robots\" content=\"index, follow, max-snippet:-1, max-image-preview:large, max-video-preview:-1\" \/>\n<link rel=\"canonical\" href=\"https:\/\/agenciabrasil.ebc.com.br\/esportes\/noticia\/2026-09\/flamengo-vence-e-fica-um-ponto-do-palmeiras-lider-do-brasileirao\" \/>\n<meta property=\"og:locale\" content=\"pt_BR\" \/>\n<meta property=\"og:type\" content=\"article\" \/>\n<meta property=\"og:title\" content=\"Flamengo vence e fica a um ponto do Palmeiras, l\u00edder do Brasileir\u00e3o\" \/>\n<meta property=\"og:description\" content=\"O Flamengo depende apenas de si para assumir a lideran\u00e7a do Campeonato Brasileiro. Nesta quarta-feira (2), o Rubro-Negro encarou o Mirassol no Maracan\u00e3 e venceu por 2 a 0, em jogo atrasado da quarta rodada da competi\u00e7\u00e3o. A partida, inicialmente agendada para 26 de fevereiro, teve que ser remarcada devido ao jogo de volta contra &hellip;\" \/>\n<meta property=\"og:url\" content=\"https:\/\/agenciabrasil.ebc.com.br\/esportes\/noticia\/2026-09\/flamengo-vence-e-fica-um-ponto-do-palmeiras-lider-do-brasileirao\" \/>\n<meta property=\"og:site_name\" content=\"MRNews\" \/>\n<meta property=\"article:publisher\" content=\"https:\/\/www.facebook.com\/eaipahpah\/?locale2=pt_BR\" \/>\n<meta property=\"article:published_time\" content=\"2026-09-03T03:43:27+00:00\" \/>\n<meta name=\"author\" content=\"Fernando Corraa\" \/>\n<meta name=\"twitter:card\" content=\"summary_large_image\" \/>\n<meta name=\"twitter:creator\" content=\"@conspirou\" \/>\n<meta name=\"twitter:site\" content=\"@conspirou\" \/>\n<meta name=\"twitter:label1\" content=\"Escrito por\" \/>\n\t<meta name=\"twitter:data1\" content=\"Fernando Corraa\" \/>\n\t<meta name=\"twitter:label2\" content=\"Est. tempo de leitura\" \/>\n\t<meta name=\"twitter:data2\" content=\"2 minutos\" \/>\n<script type=\"application\/ld+json\" class=\"yoast-schema-graph\">{\"@context\":\"https:\\\/\\\/schema.org\",\"@graph\":[{\"@type\":\"Article\",\"@id\":\"https:\\\/\\\/agenciabrasil.ebc.com.br\\\/esportes\\\/noticia\\\/2026-09\\\/flamengo-vence-e-fica-um-ponto-do-palmeiras-lider-do-brasileirao#article\",\"isPartOf\":{\"@id\":\"https:\\\/\\\/mrnews.com.br\\\/index.php\\\/2026\\\/09\\\/03\\\/flamengo-vence-e-fica-a-um-ponto-do-palmeiras-lider-do-brasileirao\\\/\"},\"author\":{\"name\":\"Fernando Corraa\",\"@id\":\"https:\\\/\\\/mrnews.com.br\\\/#\\\/schema\\\/person\\\/2f073f2d87903a2ff9a065e41bbf17d4\"},\"headline\":\"Flamengo vence e fica a um ponto do Palmeiras, l\u00edder do Brasileir\u00e3o\",\"datePublished\":\"2026-09-03T03:43:27+00:00\",\"mainEntityOfPage\":{\"@id\":\"https:\\\/\\\/mrnews.com.br\\\/index.php\\\/2026\\\/09\\\/03\\\/flamengo-vence-e-fica-a-um-ponto-do-palmeiras-lider-do-brasileirao\\\/\"},\"wordCount\":405,\"commentCount\":0,\"publisher\":{\"@id\":\"https:\\\/\\\/mrnews.com.br\\\/#organization\"},\"articleSection\":[\"Esportes\",\"ESPORTES\",\"SERVI\u00c7OS\"],\"inLanguage\":\"pt-BR\",\"potentialAction\":[{\"@type\":\"CommentAction\",\"name\":\"Comment\",\"target\":[\"https:\\\/\\\/agenciabrasil.ebc.com.br\\\/esportes\\\/noticia\\\/2026-09\\\/flamengo-vence-e-fica-um-ponto-do-palmeiras-lider-do-brasileirao#respond\"]}]},{\"@type\":\"WebPage\",\"@id\":\"https:\\\/\\\/mrnews.com.br\\\/index.php\\\/2026\\\/09\\\/03\\\/flamengo-vence-e-fica-a-um-ponto-do-palmeiras-lider-do-brasileirao\\\/\",\"url\":\"https:\\\/\\\/agenciabrasil.ebc.com.br\\\/esportes\\\/noticia\\\/2026-09\\\/flamengo-vence-e-fica-um-ponto-do-palmeiras-lider-do-brasileirao\",\"name\":\"Flamengo vence e fica a um ponto do Palmeiras, l\u00edder do Brasileir\u00e3o\",\"isPartOf\":{\"@id\":\"https:\\\/\\\/mrnews.com.br\\\/#website\"},\"datePublished\":\"2026-09-03T03:43:27+00:00\",\"breadcrumb\":{\"@id\":\"https:\\\/\\\/agenciabrasil.ebc.com.br\\\/esportes\\\/noticia\\\/2026-09\\\/flamengo-vence-e-fica-um-ponto-do-palmeiras-lider-do-brasileirao#breadcrumb\"},\"inLanguage\":\"pt-BR\",\"potentialAction\":[{\"@type\":\"ReadAction\",\"target\":[\"https:\\\/\\\/agenciabrasil.ebc.com.br\\\/esportes\\\/noticia\\\/2026-09\\\/flamengo-vence-e-fica-um-ponto-do-palmeiras-lider-do-brasileirao\"]}]},{\"@type\":\"BreadcrumbList\",\"@id\":\"https:\\\/\\\/agenciabrasil.ebc.com.br\\\/esportes\\\/noticia\\\/2026-09\\\/flamengo-vence-e-fica-um-ponto-do-palmeiras-lider-do-brasileirao#breadcrumb\",\"itemListElement\":[{\"@type\":\"ListItem\",\"position\":1,\"name\":\"In\u00edcio\",\"item\":\"https:\\\/\\\/mrnews.com.br\\\/\"},{\"@type\":\"ListItem\",\"position\":2,\"name\":\"Flamengo vence e fica a um ponto do Palmeiras, l\u00edder do Brasileir\u00e3o\"}]},{\"@type\":\"WebSite\",\"@id\":\"https:\\\/\\\/mrnews.com.br\\\/#website\",\"url\":\"https:\\\/\\\/mrnews.com.br\\\/\",\"name\":\"MRNews\",\"description\":\"MRNews Jogos de hoje da TV, transmiss\u00f5es ao vivo, Not\u00edcias de futebol, Jogos ao vivo, Lives, resumo de novelas, Programa\u00e7\u00e3o da Globo, A Fazenda e BBB\",\"publisher\":{\"@id\":\"https:\\\/\\\/mrnews.com.br\\\/#organization\"},\"potentialAction\":[{\"@type\":\"SearchAction\",\"target\":{\"@type\":\"EntryPoint\",\"urlTemplate\":\"https:\\\/\\\/mrnews.com.br\\\/?s={search_term_string}\"},\"query-input\":{\"@type\":\"PropertyValueSpecification\",\"valueRequired\":true,\"valueName\":\"search_term_string\"}}],\"inLanguage\":\"pt-BR\"},{\"@type\":\"Organization\",\"@id\":\"https:\\\/\\\/mrnews.com.br\\\/#organization\",\"name\":\"MRNews\",\"url\":\"https:\\\/\\\/mrnews.com.br\\\/\",\"logo\":{\"@type\":\"ImageObject\",\"inLanguage\":\"pt-BR\",\"@id\":\"https:\\\/\\\/mrnews.com.br\\\/#\\\/schema\\\/logo\\\/image\\\/\",\"url\":\"https:\\\/\\\/mrnews.com.br\\\/wp-content\\\/uploads\\\/2026\\\/08\\\/MRNEws.png\",\"contentUrl\":\"https:\\\/\\\/mrnews.com.br\\\/wp-content\\\/uploads\\\/2026\\\/08\\\/MRNEws.png\",\"width\":1254,\"height\":1254,\"caption\":\"MRNews\"},\"image\":{\"@id\":\"https:\\\/\\\/mrnews.com.br\\\/#\\\/schema\\\/logo\\\/image\\\/\"},\"sameAs\":[\"https:\\\/\\\/www.facebook.com\\\/eaipahpah\\\/?locale2=pt_BR\",\"https:\\\/\\\/x.com\\\/conspirou\",\"https:\\\/\\\/www.instagram.com\\\/eai_pahpah\",\"https:\\\/\\\/br.pinterest.com\\\/mrnewsn\\\/boards\\\/\",\"https:\\\/\\\/www.youtube.com\\\/channel\\\/UCacgnpznQ61fifLWr1tQ-vA?view_as=subscriber\"]},{\"@type\":\"Person\",\"@id\":\"https:\\\/\\\/mrnews.com.br\\\/#\\\/schema\\\/person\\\/2f073f2d87903a2ff9a065e41bbf17d4\",\"name\":\"Fernando Corraa\",\"image\":{\"@type\":\"ImageObject\",\"inLanguage\":\"pt-BR\",\"@id\":\"https:\\\/\\\/secure.gravatar.com\\\/avatar\\\/9069acb0e588c9f4346ba747284aef18a5faaab575e89e9ccc64e315003f0b82?s=96&d=monsterid&r=g\",\"url\":\"https:\\\/\\\/secure.gravatar.com\\\/avatar\\\/9069acb0e588c9f4346ba747284aef18a5faaab575e89e9ccc64e315003f0b82?s=96&d=monsterid&r=g\",\"contentUrl\":\"https:\\\/\\\/secure.gravatar.com\\\/avatar\\\/9069acb0e588c9f4346ba747284aef18a5faaab575e89e9ccc64e315003f0b82?s=96&d=monsterid&r=g\",\"caption\":\"Fernando Corraa\"},\"url\":\"https:\\\/\\\/mrnews.com.br\\\/index.php\\\/author\\\/fernando-corraa\\\/\"}]}<\/script>\n<!-- \/ Yoast SEO plugin. -->","yoast_head_json":{"title":"Flamengo vence e fica a um ponto do Palmeiras, l\u00edder do Brasileir\u00e3o","robots":{"index":"index","follow":"follow","max-snippet":"max-snippet:-1","max-image-preview":"max-image-preview:large","max-video-preview":"max-video-preview:-1"},"canonical":"https:\/\/agenciabrasil.ebc.com.br\/esportes\/noticia\/2026-09\/flamengo-vence-e-fica-um-ponto-do-palmeiras-lider-do-brasileirao","og_locale":"pt_BR","og_type":"article","og_title":"Flamengo vence e fica a um ponto do Palmeiras, l\u00edder do Brasileir\u00e3o","og_description":"O Flamengo depende apenas de si para assumir a lideran\u00e7a do Campeonato Brasileiro. Nesta quarta-feira (2), o Rubro-Negro encarou o Mirassol no Maracan\u00e3 e venceu por 2 a 0, em jogo atrasado da quarta rodada da competi\u00e7\u00e3o. A partida, inicialmente agendada para 26 de fevereiro, teve que ser remarcada devido ao jogo de volta contra &hellip;","og_url":"https:\/\/agenciabrasil.ebc.com.br\/esportes\/noticia\/2026-09\/flamengo-vence-e-fica-um-ponto-do-palmeiras-lider-do-brasileirao","og_site_name":"MRNews","article_publisher":"https:\/\/www.facebook.com\/eaipahpah\/?locale2=pt_BR","article_published_time":"2026-09-03T03:43:27+00:00","author":"Fernando Corraa","twitter_card":"summary_large_image","twitter_creator":"@conspirou","twitter_site":"@conspirou","twitter_misc":{"Escrito por":"Fernando Corraa","Est. tempo de leitura":"2 minutos"},"schema":{"@context":"https:\/\/schema.org","@graph":[{"@type":"Article","@id":"https:\/\/agenciabrasil.ebc.com.br\/esportes\/noticia\/2026-09\/flamengo-vence-e-fica-um-ponto-do-palmeiras-lider-do-brasileirao#article","isPartOf":{"@id":"https:\/\/mrnews.com.br\/index.php\/2026\/09\/03\/flamengo-vence-e-fica-a-um-ponto-do-palmeiras-lider-do-brasileirao\/"},"author":{"name":"Fernando Corraa","@id":"https:\/\/mrnews.com.br\/#\/schema\/person\/2f073f2d87903a2ff9a065e41bbf17d4"},"headline":"Flamengo vence e fica a um ponto do Palmeiras, l\u00edder do Brasileir\u00e3o","datePublished":"2026-09-03T03:43:27+00:00","mainEntityOfPage":{"@id":"https:\/\/mrnews.com.br\/index.php\/2026\/09\/03\/flamengo-vence-e-fica-a-um-ponto-do-palmeiras-lider-do-brasileirao\/"},"wordCount":405,"commentCount":0,"publisher":{"@id":"https:\/\/mrnews.com.br\/#organization"},"articleSection":["Esportes","ESPORTES","SERVI\u00c7OS"],"inLanguage":"pt-BR","potentialAction":[{"@type":"CommentAction","name":"Comment","target":["https:\/\/agenciabrasil.ebc.com.br\/esportes\/noticia\/2026-09\/flamengo-vence-e-fica-um-ponto-do-palmeiras-lider-do-brasileirao#respond"]}]},{"@type":"WebPage","@id":"https:\/\/mrnews.com.br\/index.php\/2026\/09\/03\/flamengo-vence-e-fica-a-um-ponto-do-palmeiras-lider-do-brasileirao\/","url":"https:\/\/agenciabrasil.ebc.com.br\/esportes\/noticia\/2026-09\/flamengo-vence-e-fica-um-ponto-do-palmeiras-lider-do-brasileirao","name":"Flamengo vence e fica a um ponto do Palmeiras, l\u00edder do Brasileir\u00e3o","isPartOf":{"@id":"https:\/\/mrnews.com.br\/#website"},"datePublished":"2026-09-03T03:43:27+00:00","breadcrumb":{"@id":"https:\/\/agenciabrasil.ebc.com.br\/esportes\/noticia\/2026-09\/flamengo-vence-e-fica-um-ponto-do-palmeiras-lider-do-brasileirao#breadcrumb"},"inLanguage":"pt-BR","potentialAction":[{"@type":"ReadAction","target":["https:\/\/agenciabrasil.ebc.com.br\/esportes\/noticia\/2026-09\/flamengo-vence-e-fica-um-ponto-do-palmeiras-lider-do-brasileirao"]}]},{"@type":"BreadcrumbList","@id":"https:\/\/agenciabrasil.ebc.com.br\/esportes\/noticia\/2026-09\/flamengo-vence-e-fica-um-ponto-do-palmeiras-lider-do-brasileirao#breadcrumb","itemListElement":[{"@type":"ListItem","position":1,"name":"In\u00edcio","item":"https:\/\/mrnews.com.br\/"},{"@type":"ListItem","position":2,"name":"Flamengo vence e fica a um ponto do Palmeiras, l\u00edder do Brasileir\u00e3o"}]},{"@type":"WebSite","@id":"https:\/\/mrnews.com.br\/#website","url":"https:\/\/mrnews.com.br\/","name":"MRNews","description":"MRNews Jogos de hoje da TV, transmiss\u00f5es ao vivo, Not\u00edcias de futebol, Jogos ao vivo, Lives, resumo de novelas, Programa\u00e7\u00e3o da Globo, A Fazenda e BBB","publisher":{"@id":"https:\/\/mrnews.com.br\/#organization"},"potentialAction":[{"@type":"SearchAction","target":{"@type":"EntryPoint","urlTemplate":"https:\/\/mrnews.com.br\/?s={search_term_string}"},"query-input":{"@type":"PropertyValueSpecification","valueRequired":true,"valueName":"search_term_string"}}],"inLanguage":"pt-BR"},{"@type":"Organization","@id":"https:\/\/mrnews.com.br\/#organization","name":"MRNews","url":"https:\/\/mrnews.com.br\/","logo":{"@type":"ImageObject","inLanguage":"pt-BR","@id":"https:\/\/mrnews.com.br\/#\/schema\/logo\/image\/","url":"https:\/\/mrnews.com.br\/wp-content\/uploads\/2026\/08\/MRNEws.png","contentUrl":"https:\/\/mrnews.com.br\/wp-content\/uploads\/2026\/08\/MRNEws.png","width":1254,"height":1254,"caption":"MRNews"},"image":{"@id":"https:\/\/mrnews.com.br\/#\/schema\/logo\/image\/"},"sameAs":["https:\/\/www.facebook.com\/eaipahpah\/?locale2=pt_BR","https:\/\/x.com\/conspirou","https:\/\/www.instagram.com\/eai_pahpah","https:\/\/br.pinterest.com\/mrnewsn\/boards\/","https:\/\/www.youtube.com\/channel\/UCacgnpznQ61fifLWr1tQ-vA?view_as=subscriber"]},{"@type":"Person","@id":"https:\/\/mrnews.com.br\/#\/schema\/person\/2f073f2d87903a2ff9a065e41bbf17d4","name":"Fernando Corraa","image":{"@type":"ImageObject","inLanguage":"pt-BR","@id":"https:\/\/secure.gravatar.com\/avatar\/9069acb0e588c9f4346ba747284aef18a5faaab575e89e9ccc64e315003f0b82?s=96&d=monsterid&r=g","url":"https:\/\/secure.gravatar.com\/avatar\/9069acb0e588c9f4346ba747284aef18a5faaab575e89e9ccc64e315003f0b82?s=96&d=monsterid&r=g","contentUrl":"https:\/\/secure.gravatar.com\/avatar\/9069acb0e588c9f4346ba747284aef18a5faaab575e89e9ccc64e315003f0b82?s=96&d=monsterid&r=g","caption":"Fernando Corraa"},"url":"https:\/\/mrnews.com.br\/index.php\/author\/fernando-corraa\/"}]}},"jetpack_sharing_enabled":true,"jetpack_shortlink":"https:\/\/wp.me\/pa2Qf7-1XfK","amp_enabled":true,"jetpack_featured_media_url":"","_links":{"self":[{"href":"https:\/\/mrnews.com.br\/index.php\/wp-json\/wp\/v2\/posts\/466100","targetHints":{"allow":["GET"]}}],"collection":[{"href":"https:\/\/mrnews.com.br\/index.php\/wp-json\/wp\/v2\/posts"}],"about":[{"href":"https:\/\/mrnews.com.br\/index.php\/wp-json\/wp\/v2\/types\/post"}],"author":[{"embeddable":true,"href":"https:\/\/mrnews.com.br\/index.php\/wp-json\/wp\/v2\/users\/39"}],"replies":[{"embeddable":true,"href":"https:\/\/mrnews.com.br\/index.php\/wp-json\/wp\/v2\/comments?post=466100"}],"version-history":[{"count":0,"href":"https:\/\/mrnews.com.br\/index.php\/wp-json\/wp\/v2\/posts\/466100\/revisions"}],"wp:attachment":[{"href":"https:\/\/mrnews.com.br\/index.php\/wp-json\/wp\/v2\/media?parent=466100"}],"wp:term":[{"taxonomy":"category","embeddable":true,"href":"https:\/\/mrnews.com.br\/index.php\/wp-json\/wp\/v2\/categories?post=466100"},{"taxonomy":"post_tag","embeddable":true,"href":"https:\/\/mrnews.com.br\/index.php\/wp-json\/wp\/v2\/tags?post=466100"}],"curies":[{"name":"wp","href":"https:\/\/api.w.org\/{rel}","templated":true}]}}