{"id":466103,"date":"2026-09-03T03:26:33","date_gmt":"2026-09-03T06:26:33","guid":{"rendered":"https:\/\/mrnews.com.br\/index.php\/2026\/09\/03\/funesp-e-cbf-debatem-melhorias-para-o-futebol-da-capital-cgnoticias\/"},"modified":"2026-09-03T03:26:33","modified_gmt":"2026-09-03T06:26:33","slug":"funesp-e-cbf-debatem-melhorias-para-o-futebol-da-capital-cgnoticias","status":"publish","type":"post","link":"https:\/\/mrnews.com.br\/index.php\/2026\/09\/03\/funesp-e-cbf-debatem-melhorias-para-o-futebol-da-capital-cgnoticias\/","title":{"rendered":"Funesp\u00a0e CBF debatem melhorias para o futebol da Capital\u00a0\u00a0 \u2013 CGNot\u00edcias"},"content":{"rendered":"<p><\/p>\n<div>\n<p>A Funda\u00e7\u00e3o Municipal de Esportes (Funesp) debateu o fortalecimento do futebol sul-mato-grossense com o presidente da Confedera\u00e7\u00e3o Brasileira de Futebol (CBF), Samir\u00a0Xaud. O encontro institucional ocorreu na manh\u00e3 desta quarta-feira (2), na sede da Federa\u00e7\u00e3o de Futebol de Mato Grosso do Sul (FFMS).\u00a0<\/p>\n<p>O diretor-presidente, Maicon\u00a0Mommad, e o diretor executivo, Ernani da Silva, representaram a autarquia municipal. A pauta priorizou a parceria mantida com a entidade estadual, chancelada por meio de Termo de Autoriza\u00e7\u00e3o de Uso dos est\u00e1dios Jacques da Luz e Vila Nasser para as competi\u00e7\u00f5es oficiais.\u00a0<\/p>\n<p>A gest\u00e3o, a fiscaliza\u00e7\u00e3o e o agendamento desses espa\u00e7os esportivos permanecem sob total responsabilidade do munic\u00edpio. O Est\u00e1dio Jacques da Luz, situado no bairro Moreninhas, atua de forma estrat\u00e9gica para os clubes locais. O local \u00e9 o \u00fanico palco de Campo Grande com laudos e condi\u00e7\u00f5es pr\u00e1ticas para sediar partidas profissionais.\u00a0<\/p>\n<p>\u201c\u00c9 uma alegria imensa para Campo Grande poder receber o presidente da CBF. \u00c9 muito importante para a nossa Capital poder receber autoridades, principalmente os representantes das confedera\u00e7\u00f5es e das federa\u00e7\u00f5es, para que a gente possa construir uma pol\u00edtica p\u00fablica mais s\u00f3lida, n\u00e3o s\u00f3 em n\u00edvel municipal, mas tamb\u00e9m a n\u00edvel nacional\u201d, destacou Maicon\u00a0Mommad.\u00a0<\/p>\n<p>O gestor enfatizou a necessidade de trocar experi\u00eancias e atrair novos conhecimentos para estruturar a\u00e7\u00f5es voltadas \u00e0 comunidade.\u00a0<\/p>\n<p>\u201cN\u00f3s trazemos a\u00ed a experi\u00eancia de um gestor em n\u00edvel nacional, que vem para lan\u00e7ar uma obra, que \u00e9 um legado da Copa do Mundo de 2014. Mas, al\u00e9m disso, vem para construir pontes\u00a0e tamb\u00e9m\u00a0para aprimorarmos a constru\u00e7\u00e3o das pol\u00edticas p\u00fablicas\u201d, afirmou.\u00a0<\/p>\n<p>As agendas oficiais continuar\u00e3o na manh\u00e3 desta quinta-feira (3). A\u00a0Funesp\u00a0participar\u00e1 da inaugura\u00e7\u00e3o do Centro de Desenvolvimento do Futebol, marcada para as 8h30. O novo espa\u00e7o esportivo fica na Avenida Tamandar\u00e9, n\u00famero 11.297, na regi\u00e3o da Vila Nasser.\u00a0<\/p>\n<\/div>\n<p><script async defer async defer src=\"https:\/\/connect.facebook.net\/en_US\/sdk.js?ver=1#xfbml=1&amp;version=v3.2\" id=\"prefeitura-campogrande-script-facebook-sdk-js\"><\/script><\/p>\n","protected":false},"excerpt":{"rendered":"<p>A Funda\u00e7\u00e3o Municipal de Esportes (Funesp) debateu o fortalecimento do futebol sul-mato-grossense com o presidente da Confedera\u00e7\u00e3o Brasileira de Futebol (CBF), Samir\u00a0Xaud. O encontro institucional ocorreu na manh\u00e3 desta quarta-feira (2), na sede da Federa\u00e7\u00e3o de Futebol de Mato Grosso do Sul (FFMS).\u00a0 O diretor-presidente, Maicon\u00a0Mommad, e o diretor executivo, Ernani da Silva, representaram a &hellip;<\/p>\n","protected":false},"author":39,"featured_media":0,"comment_status":"open","ping_status":"open","sticky":false,"template":"","format":"standard","meta":{"_jetpack_newsletter_access":"","_jetpack_dont_email_post_to_subs":false,"_jetpack_newsletter_tier_id":0,"_jetpack_memberships_contains_paywalled_content":false,"_jetpack_feature_clip_id":0,"_jetpack_memberships_contains_paid_content":false,"footnotes":"","jetpack_post_was_ever_published":false},"categories":[12410],"tags":[],"class_list":["post-466103","post","type-post","status-publish","format-standard","hentry","category-ms"],"yoast_head":"<!-- This site is optimized with the Yoast SEO plugin v28.4 - https:\/\/yoast.com\/product\/yoast-seo-wordpress\/ -->\n<title>Funesp\u00a0e CBF debatem melhorias para o futebol da Capital\u00a0\u00a0 \u2013 CGNot\u00edcias<\/title>\n<meta name=\"robots\" content=\"index, follow, max-snippet:-1, max-image-preview:large, max-video-preview:-1\" \/>\n<link rel=\"canonical\" href=\"https:\/\/www.campogrande.ms.gov.br\/cgnoticias\/noticia\/funesp-e-cbf-debatem-melhorias-para-o-futebol-da-capital\/\" \/>\n<meta property=\"og:locale\" content=\"pt_BR\" \/>\n<meta property=\"og:type\" content=\"article\" \/>\n<meta property=\"og:title\" content=\"Funesp\u00a0e CBF debatem melhorias para o futebol da Capital\u00a0\u00a0 \u2013 CGNot\u00edcias\" \/>\n<meta property=\"og:description\" content=\"A Funda\u00e7\u00e3o Municipal de Esportes (Funesp) debateu o fortalecimento do futebol sul-mato-grossense com o presidente da Confedera\u00e7\u00e3o Brasileira de Futebol (CBF), Samir\u00a0Xaud. O encontro institucional ocorreu na manh\u00e3 desta quarta-feira (2), na sede da Federa\u00e7\u00e3o de Futebol de Mato Grosso do Sul (FFMS).\u00a0 O diretor-presidente, Maicon\u00a0Mommad, e o diretor executivo, Ernani da Silva, representaram a &hellip;\" \/>\n<meta property=\"og:url\" content=\"https:\/\/www.campogrande.ms.gov.br\/cgnoticias\/noticia\/funesp-e-cbf-debatem-melhorias-para-o-futebol-da-capital\/\" \/>\n<meta property=\"og:site_name\" content=\"MRNews\" \/>\n<meta property=\"article:publisher\" content=\"https:\/\/www.facebook.com\/eaipahpah\/?locale2=pt_BR\" \/>\n<meta property=\"article:published_time\" content=\"2026-09-03T06:26:33+00:00\" \/>\n<meta name=\"author\" content=\"Fernando Corraa\" \/>\n<meta name=\"twitter:card\" content=\"summary_large_image\" \/>\n<meta name=\"twitter:creator\" content=\"@conspirou\" \/>\n<meta name=\"twitter:site\" content=\"@conspirou\" \/>\n<meta name=\"twitter:label1\" content=\"Escrito por\" \/>\n\t<meta name=\"twitter:data1\" content=\"Fernando Corraa\" \/>\n\t<meta name=\"twitter:label2\" content=\"Est. tempo de leitura\" \/>\n\t<meta name=\"twitter:data2\" content=\"2 minutos\" \/>\n<script type=\"application\/ld+json\" class=\"yoast-schema-graph\">{\"@context\":\"https:\\\/\\\/schema.org\",\"@graph\":[{\"@type\":\"Article\",\"@id\":\"https:\\\/\\\/www.campogrande.ms.gov.br\\\/cgnoticias\\\/noticia\\\/funesp-e-cbf-debatem-melhorias-para-o-futebol-da-capital\\\/#article\",\"isPartOf\":{\"@id\":\"https:\\\/\\\/mrnews.com.br\\\/index.php\\\/2026\\\/09\\\/03\\\/funesp-e-cbf-debatem-melhorias-para-o-futebol-da-capital-cgnoticias\\\/\"},\"author\":{\"name\":\"Fernando Corraa\",\"@id\":\"https:\\\/\\\/mrnews.com.br\\\/#\\\/schema\\\/person\\\/2f073f2d87903a2ff9a065e41bbf17d4\"},\"headline\":\"Funesp\u00a0e CBF debatem melhorias para o futebol da Capital\u00a0\u00a0 \u2013 CGNot\u00edcias\",\"datePublished\":\"2026-09-03T06:26:33+00:00\",\"mainEntityOfPage\":{\"@id\":\"https:\\\/\\\/mrnews.com.br\\\/index.php\\\/2026\\\/09\\\/03\\\/funesp-e-cbf-debatem-melhorias-para-o-futebol-da-capital-cgnoticias\\\/\"},\"wordCount\":339,\"commentCount\":0,\"publisher\":{\"@id\":\"https:\\\/\\\/mrnews.com.br\\\/#organization\"},\"articleSection\":[\"Mato Grosso do Sul\"],\"inLanguage\":\"pt-BR\",\"potentialAction\":[{\"@type\":\"CommentAction\",\"name\":\"Comment\",\"target\":[\"https:\\\/\\\/www.campogrande.ms.gov.br\\\/cgnoticias\\\/noticia\\\/funesp-e-cbf-debatem-melhorias-para-o-futebol-da-capital\\\/#respond\"]}]},{\"@type\":\"WebPage\",\"@id\":\"https:\\\/\\\/mrnews.com.br\\\/index.php\\\/2026\\\/09\\\/03\\\/funesp-e-cbf-debatem-melhorias-para-o-futebol-da-capital-cgnoticias\\\/\",\"url\":\"https:\\\/\\\/www.campogrande.ms.gov.br\\\/cgnoticias\\\/noticia\\\/funesp-e-cbf-debatem-melhorias-para-o-futebol-da-capital\\\/\",\"name\":\"Funesp\u00a0e CBF debatem melhorias para o futebol da Capital\u00a0\u00a0 \u2013 CGNot\u00edcias\",\"isPartOf\":{\"@id\":\"https:\\\/\\\/mrnews.com.br\\\/#website\"},\"datePublished\":\"2026-09-03T06:26:33+00:00\",\"breadcrumb\":{\"@id\":\"https:\\\/\\\/www.campogrande.ms.gov.br\\\/cgnoticias\\\/noticia\\\/funesp-e-cbf-debatem-melhorias-para-o-futebol-da-capital\\\/#breadcrumb\"},\"inLanguage\":\"pt-BR\",\"potentialAction\":[{\"@type\":\"ReadAction\",\"target\":[\"https:\\\/\\\/www.campogrande.ms.gov.br\\\/cgnoticias\\\/noticia\\\/funesp-e-cbf-debatem-melhorias-para-o-futebol-da-capital\\\/\"]}]},{\"@type\":\"BreadcrumbList\",\"@id\":\"https:\\\/\\\/www.campogrande.ms.gov.br\\\/cgnoticias\\\/noticia\\\/funesp-e-cbf-debatem-melhorias-para-o-futebol-da-capital\\\/#breadcrumb\",\"itemListElement\":[{\"@type\":\"ListItem\",\"position\":1,\"name\":\"In\u00edcio\",\"item\":\"https:\\\/\\\/mrnews.com.br\\\/\"},{\"@type\":\"ListItem\",\"position\":2,\"name\":\"Funesp\u00a0e CBF debatem melhorias para o futebol da Capital\u00a0\u00a0 \u2013 CGNot\u00edcias\"}]},{\"@type\":\"WebSite\",\"@id\":\"https:\\\/\\\/mrnews.com.br\\\/#website\",\"url\":\"https:\\\/\\\/mrnews.com.br\\\/\",\"name\":\"MRNews\",\"description\":\"MRNews Jogos de hoje da TV, transmiss\u00f5es ao vivo, Not\u00edcias de futebol, Jogos ao vivo, Lives, resumo de novelas, Programa\u00e7\u00e3o da Globo, A Fazenda e BBB\",\"publisher\":{\"@id\":\"https:\\\/\\\/mrnews.com.br\\\/#organization\"},\"potentialAction\":[{\"@type\":\"SearchAction\",\"target\":{\"@type\":\"EntryPoint\",\"urlTemplate\":\"https:\\\/\\\/mrnews.com.br\\\/?s={search_term_string}\"},\"query-input\":{\"@type\":\"PropertyValueSpecification\",\"valueRequired\":true,\"valueName\":\"search_term_string\"}}],\"inLanguage\":\"pt-BR\"},{\"@type\":\"Organization\",\"@id\":\"https:\\\/\\\/mrnews.com.br\\\/#organization\",\"name\":\"MRNews\",\"url\":\"https:\\\/\\\/mrnews.com.br\\\/\",\"logo\":{\"@type\":\"ImageObject\",\"inLanguage\":\"pt-BR\",\"@id\":\"https:\\\/\\\/mrnews.com.br\\\/#\\\/schema\\\/logo\\\/image\\\/\",\"url\":\"https:\\\/\\\/mrnews.com.br\\\/wp-content\\\/uploads\\\/2026\\\/08\\\/MRNEws.png\",\"contentUrl\":\"https:\\\/\\\/mrnews.com.br\\\/wp-content\\\/uploads\\\/2026\\\/08\\\/MRNEws.png\",\"width\":1254,\"height\":1254,\"caption\":\"MRNews\"},\"image\":{\"@id\":\"https:\\\/\\\/mrnews.com.br\\\/#\\\/schema\\\/logo\\\/image\\\/\"},\"sameAs\":[\"https:\\\/\\\/www.facebook.com\\\/eaipahpah\\\/?locale2=pt_BR\",\"https:\\\/\\\/x.com\\\/conspirou\",\"https:\\\/\\\/www.instagram.com\\\/eai_pahpah\",\"https:\\\/\\\/br.pinterest.com\\\/mrnewsn\\\/boards\\\/\",\"https:\\\/\\\/www.youtube.com\\\/channel\\\/UCacgnpznQ61fifLWr1tQ-vA?view_as=subscriber\"]},{\"@type\":\"Person\",\"@id\":\"https:\\\/\\\/mrnews.com.br\\\/#\\\/schema\\\/person\\\/2f073f2d87903a2ff9a065e41bbf17d4\",\"name\":\"Fernando Corraa\",\"image\":{\"@type\":\"ImageObject\",\"inLanguage\":\"pt-BR\",\"@id\":\"https:\\\/\\\/secure.gravatar.com\\\/avatar\\\/9069acb0e588c9f4346ba747284aef18a5faaab575e89e9ccc64e315003f0b82?s=96&d=monsterid&r=g\",\"url\":\"https:\\\/\\\/secure.gravatar.com\\\/avatar\\\/9069acb0e588c9f4346ba747284aef18a5faaab575e89e9ccc64e315003f0b82?s=96&d=monsterid&r=g\",\"contentUrl\":\"https:\\\/\\\/secure.gravatar.com\\\/avatar\\\/9069acb0e588c9f4346ba747284aef18a5faaab575e89e9ccc64e315003f0b82?s=96&d=monsterid&r=g\",\"caption\":\"Fernando Corraa\"},\"url\":\"https:\\\/\\\/mrnews.com.br\\\/index.php\\\/author\\\/fernando-corraa\\\/\"}]}<\/script>\n<!-- \/ Yoast SEO plugin. -->","yoast_head_json":{"title":"Funesp\u00a0e CBF debatem melhorias para o futebol da Capital\u00a0\u00a0 \u2013 CGNot\u00edcias","robots":{"index":"index","follow":"follow","max-snippet":"max-snippet:-1","max-image-preview":"max-image-preview:large","max-video-preview":"max-video-preview:-1"},"canonical":"https:\/\/www.campogrande.ms.gov.br\/cgnoticias\/noticia\/funesp-e-cbf-debatem-melhorias-para-o-futebol-da-capital\/","og_locale":"pt_BR","og_type":"article","og_title":"Funesp\u00a0e CBF debatem melhorias para o futebol da Capital\u00a0\u00a0 \u2013 CGNot\u00edcias","og_description":"A Funda\u00e7\u00e3o Municipal de Esportes (Funesp) debateu o fortalecimento do futebol sul-mato-grossense com o presidente da Confedera\u00e7\u00e3o Brasileira de Futebol (CBF), Samir\u00a0Xaud. O encontro institucional ocorreu na manh\u00e3 desta quarta-feira (2), na sede da Federa\u00e7\u00e3o de Futebol de Mato Grosso do Sul (FFMS).\u00a0 O diretor-presidente, Maicon\u00a0Mommad, e o diretor executivo, Ernani da Silva, representaram a &hellip;","og_url":"https:\/\/www.campogrande.ms.gov.br\/cgnoticias\/noticia\/funesp-e-cbf-debatem-melhorias-para-o-futebol-da-capital\/","og_site_name":"MRNews","article_publisher":"https:\/\/www.facebook.com\/eaipahpah\/?locale2=pt_BR","article_published_time":"2026-09-03T06:26:33+00:00","author":"Fernando Corraa","twitter_card":"summary_large_image","twitter_creator":"@conspirou","twitter_site":"@conspirou","twitter_misc":{"Escrito por":"Fernando Corraa","Est. tempo de leitura":"2 minutos"},"schema":{"@context":"https:\/\/schema.org","@graph":[{"@type":"Article","@id":"https:\/\/www.campogrande.ms.gov.br\/cgnoticias\/noticia\/funesp-e-cbf-debatem-melhorias-para-o-futebol-da-capital\/#article","isPartOf":{"@id":"https:\/\/mrnews.com.br\/index.php\/2026\/09\/03\/funesp-e-cbf-debatem-melhorias-para-o-futebol-da-capital-cgnoticias\/"},"author":{"name":"Fernando Corraa","@id":"https:\/\/mrnews.com.br\/#\/schema\/person\/2f073f2d87903a2ff9a065e41bbf17d4"},"headline":"Funesp\u00a0e CBF debatem melhorias para o futebol da Capital\u00a0\u00a0 \u2013 CGNot\u00edcias","datePublished":"2026-09-03T06:26:33+00:00","mainEntityOfPage":{"@id":"https:\/\/mrnews.com.br\/index.php\/2026\/09\/03\/funesp-e-cbf-debatem-melhorias-para-o-futebol-da-capital-cgnoticias\/"},"wordCount":339,"commentCount":0,"publisher":{"@id":"https:\/\/mrnews.com.br\/#organization"},"articleSection":["Mato Grosso do Sul"],"inLanguage":"pt-BR","potentialAction":[{"@type":"CommentAction","name":"Comment","target":["https:\/\/www.campogrande.ms.gov.br\/cgnoticias\/noticia\/funesp-e-cbf-debatem-melhorias-para-o-futebol-da-capital\/#respond"]}]},{"@type":"WebPage","@id":"https:\/\/mrnews.com.br\/index.php\/2026\/09\/03\/funesp-e-cbf-debatem-melhorias-para-o-futebol-da-capital-cgnoticias\/","url":"https:\/\/www.campogrande.ms.gov.br\/cgnoticias\/noticia\/funesp-e-cbf-debatem-melhorias-para-o-futebol-da-capital\/","name":"Funesp\u00a0e CBF debatem melhorias para o futebol da Capital\u00a0\u00a0 \u2013 CGNot\u00edcias","isPartOf":{"@id":"https:\/\/mrnews.com.br\/#website"},"datePublished":"2026-09-03T06:26:33+00:00","breadcrumb":{"@id":"https:\/\/www.campogrande.ms.gov.br\/cgnoticias\/noticia\/funesp-e-cbf-debatem-melhorias-para-o-futebol-da-capital\/#breadcrumb"},"inLanguage":"pt-BR","potentialAction":[{"@type":"ReadAction","target":["https:\/\/www.campogrande.ms.gov.br\/cgnoticias\/noticia\/funesp-e-cbf-debatem-melhorias-para-o-futebol-da-capital\/"]}]},{"@type":"BreadcrumbList","@id":"https:\/\/www.campogrande.ms.gov.br\/cgnoticias\/noticia\/funesp-e-cbf-debatem-melhorias-para-o-futebol-da-capital\/#breadcrumb","itemListElement":[{"@type":"ListItem","position":1,"name":"In\u00edcio","item":"https:\/\/mrnews.com.br\/"},{"@type":"ListItem","position":2,"name":"Funesp\u00a0e CBF debatem melhorias para o futebol da Capital\u00a0\u00a0 \u2013 CGNot\u00edcias"}]},{"@type":"WebSite","@id":"https:\/\/mrnews.com.br\/#website","url":"https:\/\/mrnews.com.br\/","name":"MRNews","description":"MRNews Jogos de hoje da TV, transmiss\u00f5es ao vivo, Not\u00edcias de futebol, Jogos ao vivo, Lives, resumo de novelas, Programa\u00e7\u00e3o da Globo, A Fazenda e BBB","publisher":{"@id":"https:\/\/mrnews.com.br\/#organization"},"potentialAction":[{"@type":"SearchAction","target":{"@type":"EntryPoint","urlTemplate":"https:\/\/mrnews.com.br\/?s={search_term_string}"},"query-input":{"@type":"PropertyValueSpecification","valueRequired":true,"valueName":"search_term_string"}}],"inLanguage":"pt-BR"},{"@type":"Organization","@id":"https:\/\/mrnews.com.br\/#organization","name":"MRNews","url":"https:\/\/mrnews.com.br\/","logo":{"@type":"ImageObject","inLanguage":"pt-BR","@id":"https:\/\/mrnews.com.br\/#\/schema\/logo\/image\/","url":"https:\/\/mrnews.com.br\/wp-content\/uploads\/2026\/08\/MRNEws.png","contentUrl":"https:\/\/mrnews.com.br\/wp-content\/uploads\/2026\/08\/MRNEws.png","width":1254,"height":1254,"caption":"MRNews"},"image":{"@id":"https:\/\/mrnews.com.br\/#\/schema\/logo\/image\/"},"sameAs":["https:\/\/www.facebook.com\/eaipahpah\/?locale2=pt_BR","https:\/\/x.com\/conspirou","https:\/\/www.instagram.com\/eai_pahpah","https:\/\/br.pinterest.com\/mrnewsn\/boards\/","https:\/\/www.youtube.com\/channel\/UCacgnpznQ61fifLWr1tQ-vA?view_as=subscriber"]},{"@type":"Person","@id":"https:\/\/mrnews.com.br\/#\/schema\/person\/2f073f2d87903a2ff9a065e41bbf17d4","name":"Fernando Corraa","image":{"@type":"ImageObject","inLanguage":"pt-BR","@id":"https:\/\/secure.gravatar.com\/avatar\/9069acb0e588c9f4346ba747284aef18a5faaab575e89e9ccc64e315003f0b82?s=96&d=monsterid&r=g","url":"https:\/\/secure.gravatar.com\/avatar\/9069acb0e588c9f4346ba747284aef18a5faaab575e89e9ccc64e315003f0b82?s=96&d=monsterid&r=g","contentUrl":"https:\/\/secure.gravatar.com\/avatar\/9069acb0e588c9f4346ba747284aef18a5faaab575e89e9ccc64e315003f0b82?s=96&d=monsterid&r=g","caption":"Fernando Corraa"},"url":"https:\/\/mrnews.com.br\/index.php\/author\/fernando-corraa\/"}]}},"jetpack_sharing_enabled":true,"jetpack_shortlink":"https:\/\/wp.me\/pa2Qf7-1XfN","amp_enabled":true,"jetpack_featured_media_url":"","_links":{"self":[{"href":"https:\/\/mrnews.com.br\/index.php\/wp-json\/wp\/v2\/posts\/466103","targetHints":{"allow":["GET"]}}],"collection":[{"href":"https:\/\/mrnews.com.br\/index.php\/wp-json\/wp\/v2\/posts"}],"about":[{"href":"https:\/\/mrnews.com.br\/index.php\/wp-json\/wp\/v2\/types\/post"}],"author":[{"embeddable":true,"href":"https:\/\/mrnews.com.br\/index.php\/wp-json\/wp\/v2\/users\/39"}],"replies":[{"embeddable":true,"href":"https:\/\/mrnews.com.br\/index.php\/wp-json\/wp\/v2\/comments?post=466103"}],"version-history":[{"count":0,"href":"https:\/\/mrnews.com.br\/index.php\/wp-json\/wp\/v2\/posts\/466103\/revisions"}],"wp:attachment":[{"href":"https:\/\/mrnews.com.br\/index.php\/wp-json\/wp\/v2\/media?parent=466103"}],"wp:term":[{"taxonomy":"category","embeddable":true,"href":"https:\/\/mrnews.com.br\/index.php\/wp-json\/wp\/v2\/categories?post=466103"},{"taxonomy":"post_tag","embeddable":true,"href":"https:\/\/mrnews.com.br\/index.php\/wp-json\/wp\/v2\/tags?post=466103"}],"curies":[{"name":"wp","href":"https:\/\/api.w.org\/{rel}","templated":true}]}}