{"id":466104,"date":"2026-09-03T06:50:34","date_gmt":"2026-09-03T09:50:34","guid":{"rendered":"https:\/\/mrnews.com.br\/?p=466104"},"modified":"2026-09-03T06:50:34","modified_gmt":"2026-09-03T09:50:34","slug":"juliano-cazarre-lamenta-estado-da-filha-apos-internacao-no-cti","status":"publish","type":"post","link":"https:\/\/mrnews.com.br\/index.php\/2026\/09\/03\/juliano-cazarre-lamenta-estado-da-filha-apos-internacao-no-cti\/","title":{"rendered":"Juliano Cazarr\u00e9 lamenta estado da filha ap\u00f3s interna\u00e7\u00e3o no CTI"},"content":{"rendered":"<h1>Juliano Cazarr\u00e9 lamenta estado da filha ap\u00f3s interna\u00e7\u00e3o no CTI: \u201cMuito dif\u00edcil aceitar\u201d<\/h1>\n<h2>Ator falou sobre Maria Guilhermina, de quatro anos, que precisou ser internada ap\u00f3s quadro de gastroenterite evoluir para pneumonia e uma infec\u00e7\u00e3o grave<\/h2>\n<p>Juliano Cazarr\u00e9 usou as redes sociais para atualizar os seguidores sobre o estado de sa\u00fade da filha, Maria Guilhermina, de quatro anos. A menina precisou ser internada no Centro de Terapia Intensiva (CTI) no \u00faltimo domingo (30), depois que um quadro inicialmente diagnosticado como gastroenterite apresentou uma evolu\u00e7\u00e3o preocupante.<\/p>\n<p>Em um v\u00eddeo publicado nas redes sociais, o ator falou sobre o momento delicado vivido pela fam\u00edlia e demonstrou sua preocupa\u00e7\u00e3o com a situa\u00e7\u00e3o da filha.<\/p>\n<h2>Quadro de sa\u00fade evoluiu rapidamente<\/h2>\n<p>De acordo com o relato de Juliano Cazarr\u00e9, Maria Guilhermina chegou ao hospital inicialmente com um quadro de gastroenterite. Entretanto, a situa\u00e7\u00e3o se agravou e evoluiu para pneumonia, acompanhada de uma infec\u00e7\u00e3o grave.<\/p>\n<p>Diante da piora do quadro, a menina precisou ser encaminhada ao CTI para receber acompanhamento e cuidados m\u00e9dicos intensivos.<\/p>\n<p>A interna\u00e7\u00e3o voltou a mobilizar a fam\u00edlia e os seguidores do ator, que acompanham a trajet\u00f3ria de Maria Guilhermina e as quest\u00f5es relacionadas \u00e0 sa\u00fade da menina.<\/p>\n<h2>Juliano Cazarr\u00e9 desabafa nas redes sociais<\/h2>\n<p>Ao falar sobre a situa\u00e7\u00e3o, Juliano n\u00e3o escondeu o impacto emocional provocado pelo novo epis\u00f3dio envolvendo a filha.<\/p>\n<p>O ator lamentou o ocorrido e afirmou que \u00e9 \u201cmuito dif\u00edcil aceitar\u201d o que est\u00e1 acontecendo.<\/p>\n<p>A manifesta\u00e7\u00e3o foi feita em meio \u00e0 preocupa\u00e7\u00e3o da fam\u00edlia com a recupera\u00e7\u00e3o da menina. O artista tamb\u00e9m aproveitou o espa\u00e7o nas redes sociais para compartilhar uma atualiza\u00e7\u00e3o com as pessoas que acompanham a fam\u00edlia.<\/p>\n<h2>Fam\u00edlia enfrenta novo momento de preocupa\u00e7\u00e3o<\/h2>\n<p>A interna\u00e7\u00e3o de Maria Guilhermina acontece ap\u00f3s a menina apresentar uma piora em seu estado de sa\u00fade. O caso chamou a aten\u00e7\u00e3o justamente pela rapidez com que o quadro inicial evoluiu.<\/p>\n<p>At\u00e9 o momento, o material divulgado n\u00e3o apresenta informa\u00e7\u00f5es detalhadas sobre previs\u00e3o de alta ou sobre quanto tempo Maria Guilhermina dever\u00e1 permanecer no CTI.<\/p>\n<p>Por isso, novas informa\u00e7\u00f5es sobre a recupera\u00e7\u00e3o da crian\u00e7a devem ser acompanhadas a partir de eventuais atualiza\u00e7\u00f5es divulgadas pela pr\u00f3pria fam\u00edlia.<\/p>\n<h2>Seguidores acompanham recupera\u00e7\u00e3o de Maria Guilhermina<\/h2>\n<p>A situa\u00e7\u00e3o de Maria Guilhermina despertou novamente a preocupa\u00e7\u00e3o dos seguidores de Juliano Cazarr\u00e9. A fam\u00edlia vem recebendo mensagens de apoio durante o per\u00edodo de interna\u00e7\u00e3o.<\/p>\n<p>O ator, por sua vez, decidiu dividir parte desse momento com o p\u00fablico, explicando a gravidade do quadro e demonstrando a ang\u00fastia diante da situa\u00e7\u00e3o.<\/p>\n<p>Neste momento, a principal expectativa \u00e9 pela recupera\u00e7\u00e3o da menina e por novas not\u00edcias sobre sua evolu\u00e7\u00e3o cl\u00ednica.<\/p>\n<p><strong>Importante:<\/strong> as informa\u00e7\u00f5es sobre o estado de sa\u00fade de Maria Guilhermina foram baseadas no relato divulgado por Juliano Cazarr\u00e9 nas redes sociais e no conte\u00fado publicado originalmente pelo TV Prime. N\u00e3o foram acrescentados diagn\u00f3sticos ou informa\u00e7\u00f5es m\u00e9dicas que n\u00e3o constavam na fonte.<\/p>\n<h1>Filha de Juliano Cazarr\u00e9 \u00e9 internada novamente e m\u00e3e pede ora\u00e7\u00f5es: \u201cReze com a gente\u201d<\/h1>\n<p><strong>Maria Guilhermina, de 4 anos, est\u00e1 internada no CTI ap\u00f3s apresentar gastroenterite, pneumonia e uma infec\u00e7\u00e3o. Menina nasceu com uma rara cardiopatia cong\u00eanita e enfrenta uma rotina de cuidados m\u00e9dicos desde o nascimento.<\/strong><\/p>\n<p>A fam\u00edlia do ator Juliano Cazarr\u00e9 voltou a enfrentar um momento delicado envolvendo a sa\u00fade de Maria Guilhermina, de 4 anos. A menina foi internada novamente e est\u00e1 recebendo cuidados no Centro de Terapia Intensiva (CTI). A situa\u00e7\u00e3o foi revelada por Let\u00edcia Cazarr\u00e9, m\u00e3e da crian\u00e7a, que recorreu \u00e0s redes sociais para pedir ora\u00e7\u00f5es pela recupera\u00e7\u00e3o da filha.<\/p>\n<p>Maria Guilhermina deu entrada no hospital inicialmente ap\u00f3s apresentar um quadro de gastroenterite. Segundo Juliano, a menina possui imunidade baixa em raz\u00e3o de sua condi\u00e7\u00e3o de sa\u00fade e acabou apresentando outras complica\u00e7\u00f5es.<\/p>\n<p>Em uma atualiza\u00e7\u00e3o publicada nas redes sociais, o ator informou que o quadro evoluiu para <strong>pneumonia e uma \u201cinfec\u00e7\u00e3o pesada\u201d<\/strong>. Apesar da gravidade da situa\u00e7\u00e3o, Juliano afirmou que a filha estava est\u00e1vel naquele momento.<\/p>\n<h2>Let\u00edcia Cazarr\u00e9 pede ora\u00e7\u00f5es pela filha<\/h2>\n<p>Antes da atualiza\u00e7\u00e3o feita pelo ator, Let\u00edcia j\u00e1 havia contado aos seguidores que Maria Guilhermina precisava permanecer no CTI para receber suporte m\u00e9dico e realizar novos exames.<\/p>\n<p>A m\u00e3e pediu que as pessoas que acompanham a fam\u00edlia se unissem em ora\u00e7\u00e3o pela menina.<\/p>\n<p>\u201cReze com a gente\u201d, foi o apelo feito por Let\u00edcia ao compartilhar a situa\u00e7\u00e3o da filha. Ela tamb\u00e9m destacou a incerteza que envolve uma interna\u00e7\u00e3o em uma unidade de terapia intensiva e pediu para que a recupera\u00e7\u00e3o de Guilhermina seja breve.<\/p>\n<p>O pedido rapidamente mobilizou seguidores, que deixaram mensagens de apoio e ora\u00e7\u00f5es para a fam\u00edlia.<\/p>\n<h2>Quadro evoluiu rapidamente<\/h2>\n<p>De acordo com Juliano Cazarr\u00e9, Guilhermina chegou ao hospital com gastroenterite, quadro que tamb\u00e9m havia afetado Let\u00edcia. A preocupa\u00e7\u00e3o aumentou porque a crian\u00e7a tem uma condi\u00e7\u00e3o de sa\u00fade complexa e apresenta baixa imunidade.<\/p>\n<p>Durante a interna\u00e7\u00e3o, al\u00e9m da gastroenterite, os m\u00e9dicos identificaram pneumonia e uma infec\u00e7\u00e3o considerada grave pelo ator.<\/p>\n<p>Juliano explicou ainda que a filha precisou receber um <strong>acesso profundo pela jugular<\/strong>, procedimento necess\u00e1rio porque o acesso utilizado anteriormente n\u00e3o era suficiente para administrar todos os medicamentos, soro e demais cuidados necess\u00e1rios.<\/p>\n<p>Em outra atualiza\u00e7\u00e3o, Let\u00edcia informou que exames indicaram a presen\u00e7a de um v\u00edrus agressivo e uma poss\u00edvel infec\u00e7\u00e3o bacteriana. A menina tamb\u00e9m apresentou redu\u00e7\u00e3o na diurese, o que passou a exigir acompanhamento ainda mais cuidadoso da equipe m\u00e9dica.<\/p>\n<h2>Maria Guilhermina nasceu com uma rara cardiopatia<\/h2>\n<p>A hist\u00f3ria de sa\u00fade de Maria Guilhermina \u00e9 acompanhada pelos seguidores de Juliano e Let\u00edcia desde o nascimento da menina.<\/p>\n<p>Guilhermina nasceu em junho de 2022 com <strong>Anomalia de Ebstein<\/strong>, uma rara cardiopatia cong\u00eanita. A condi\u00e7\u00e3o foi identificada ainda durante a gesta\u00e7\u00e3o e fez com que a crian\u00e7a precisasse passar por procedimentos m\u00e9dicos e uma cirurgia card\u00edaca logo ap\u00f3s o nascimento.<\/p>\n<p>Desde ent\u00e3o, a menina enfrentou uma longa rotina de interna\u00e7\u00f5es, tratamentos e cuidados especiais.<\/p>\n<p>A fam\u00edlia costuma compartilhar parte dessa trajet\u00f3ria nas redes sociais, especialmente para mostrar a realidade vivida por uma crian\u00e7a que depende de cuidados m\u00e9dicos constantes.<\/p>\n<h2>Juliano fala sobre o sofrimento da filha<\/h2>\n<p>Ao atualizar os seguidores, Juliano Cazarr\u00e9 tamb\u00e9m fez um desabafo sobre o sofrimento enfrentado pela filha ao longo dos quatro anos de vida.<\/p>\n<p>O ator falou sobre como \u00e9 dif\u00edcil compreender o sofrimento de uma crian\u00e7a e destacou que Guilhermina enfrenta desafios desde que nasceu.<\/p>\n<p>A f\u00e9 voltou a ocupar um lugar importante no discurso do ator. Juliano afirmou que a fam\u00edlia tenta enfrentar o momento com amor e confian\u00e7a, mesmo diante da dificuldade de compreender por que uma crian\u00e7a precisa passar por tantas situa\u00e7\u00f5es complicadas.<\/p>\n<p>\u201c\u00c9 algo muito dif\u00edcil de compreender e aceitar\u201d, afirmou o ator ao falar sobre o sofrimento da filha.<\/p>\n<h2>Fam\u00edlia se reveza no hospital<\/h2>\n<p>Juliano e Let\u00edcia Cazarr\u00e9 est\u00e3o acompanhando Guilhermina durante a interna\u00e7\u00e3o e se revezam nos cuidados com a filha.<\/p>\n<p>Apesar da preocupa\u00e7\u00e3o provocada pela pneumonia e pela infec\u00e7\u00e3o, as informa\u00e7\u00f5es mais recentes divulgadas pela fam\u00edlia indicam que a menina apresentou estabilidade em determinado momento do tratamento. Ela, entretanto, continua necessitando de acompanhamento intensivo.<\/p>\n<p>A fam\u00edlia segue pedindo ora\u00e7\u00f5es e mensagens de apoio pela recupera\u00e7\u00e3o da menina.<\/p>\n<h3>A luta de Guilhermina continua<\/h3>\n<p>A nova interna\u00e7\u00e3o representa mais um cap\u00edtulo na longa trajet\u00f3ria de Maria Guilhermina, que desde o nascimento enfrenta as consequ\u00eancias de uma cardiopatia rara.<\/p>\n<p>Para Juliano e Let\u00edcia, cada interna\u00e7\u00e3o traz novamente a apreens\u00e3o e a necessidade de acompanhar de perto cada evolu\u00e7\u00e3o do quadro.<\/p>\n<p>Neste momento, a fam\u00edlia mant\u00e9m a esperan\u00e7a na recupera\u00e7\u00e3o da menina e agradece o apoio recebido dos seguidores.<\/p>\n<p><strong>Que Maria Guilhermina tenha uma r\u00e1pida recupera\u00e7\u00e3o e que a fam\u00edlia Cazarr\u00e9 encontre for\u00e7a para atravessar mais esse momento dif\u00edcil.<\/strong><\/p>\n<p><strong>Tags:<\/strong> Juliano Cazarr\u00e9, Let\u00edcia Cazarr\u00e9, Maria Guilhermina, filha de Juliano Cazarr\u00e9, interna\u00e7\u00e3o, CTI, pneumonia, infec\u00e7\u00e3o, Anomalia de Ebstein, famosos, celebridades, sa\u00fade<\/p>\n<h2>Let\u00edcia Cazarr\u00e9 quebra o sil\u00eancio ap\u00f3s processo de ex-bab\u00e1 e faz desabafo nas redes sociais<\/h2>\n<p>A influenciadora Let\u00edcia Cazarr\u00e9 voltou a se manifestar publicamente sobre o processo trabalhista movido por uma ex-bab\u00e1 que trabalhou para sua fam\u00edlia. Em meio \u00e0 repercuss\u00e3o do caso, a esposa do ator Juliano Cazarr\u00e9 respondeu perguntas de seguidores nas redes sociais e fez declara\u00e7\u00f5es que rapidamente ganharam destaque na internet.<\/p>\n<p>O caso tem chamado aten\u00e7\u00e3o desde que a ex-funcion\u00e1ria ingressou na Justi\u00e7a com uma s\u00e9rie de acusa\u00e7\u00f5es envolvendo supostas irregularidades trabalhistas e condi\u00e7\u00f5es de trabalho dentro da resid\u00eancia da fam\u00edlia.<\/p>\n<h2>Desabafo nas redes sociais<\/h2>\n<p>Durante uma intera\u00e7\u00e3o com internautas, Let\u00edcia foi questionada sobre sua rela\u00e7\u00e3o com funcion\u00e1rios e decidiu abordar diretamente a pol\u00eamica.<\/p>\n<p>Segundo ela, ao longo de 16 anos empregando colaboradores, nunca havia enfrentado uma situa\u00e7\u00e3o semelhante.<\/p>\n<p>\u201cTenho funcion\u00e1rios h\u00e1 16 anos e \u00e9 a primeira vez que algu\u00e9m sai sem se sentir grato e deixando as portas fechadas\u201d, afirmou.<\/p>\n<p>A influenciadora tamb\u00e9m levantou uma reflex\u00e3o sobre a rela\u00e7\u00e3o entre empregadores e funcion\u00e1rios, questionando se toda pessoa contratada pode ser considerada automaticamente um bom profissional.<\/p>\n<p>A declara\u00e7\u00e3o dividiu opini\u00f5es nas redes sociais e gerou novas discuss\u00f5es sobre o caso.<\/p>\n<h2>O que diz a ex-bab\u00e1?<\/h2>\n<p>Na a\u00e7\u00e3o trabalhista, a ex-funcion\u00e1ria relata uma s\u00e9rie de situa\u00e7\u00f5es que teriam ocorrido durante o per\u00edodo em que trabalhou para a fam\u00edlia.<\/p>\n<p>Entre as alega\u00e7\u00f5es apresentadas est\u00e3o:<\/p>\n<ul>\n<li>Jornadas de trabalho que chegariam a 14 horas di\u00e1rias;<\/li>\n<li>Solicita\u00e7\u00f5es de atividades durante a madrugada;<\/li>\n<li>Parte do sal\u00e1rio paga sem registro formal;<\/li>\n<li>Suposto ass\u00e9dio moral;<\/li>\n<li>Dificuldades para obter atendimento m\u00e9dico ap\u00f3s um problema de sa\u00fade;<\/li>\n<li>Demiss\u00e3o ap\u00f3s reivindica\u00e7\u00f5es relacionadas aos seus direitos trabalhistas.<\/li>\n<\/ul>\n<p>O processo segue em tramita\u00e7\u00e3o e ainda n\u00e3o h\u00e1 decis\u00e3o definitiva da Justi\u00e7a sobre o caso.<\/p>\n<h2>Juliano Cazarr\u00e9 apresentou sua vers\u00e3o<\/h2>\n<p>Nos \u00faltimos dias, Juliano Cazarr\u00e9 tamb\u00e9m decidiu se pronunciar publicamente para rebater as acusa\u00e7\u00f5es.<\/p>\n<p>Segundo o ator, a ex-bab\u00e1 foi contratada formalmente com carteira assinada e remunera\u00e7\u00e3o mensal de R$ 5,5 mil.<\/p>\n<p>De acordo com ele, posteriormente a funcion\u00e1ria teria solicitado que parte dos pagamentos fosse realizada fora da folha de pagamento para reduzir descontos tribut\u00e1rios, situa\u00e7\u00e3o que, segundo o artista, acabou gerando problemas na rela\u00e7\u00e3o profissional.<\/p>\n<p>O ator afirmou ainda que a colaboradora possu\u00eda per\u00edodos de descanso, n\u00e3o era acionada para cuidar das crian\u00e7as durante a madrugada e sempre teve autoriza\u00e7\u00e3o para buscar atendimento m\u00e9dico quando necess\u00e1rio.<\/p>\n<h2>Fam\u00edlia nega irregularidades<\/h2>\n<p>Tanto Let\u00edcia quanto Juliano negam as acusa\u00e7\u00f5es apresentadas pela ex-funcion\u00e1ria.<\/p>\n<p>O casal sustenta que sempre manteve uma rela\u00e7\u00e3o respeitosa com seus colaboradores e afirma que tentou resolver diverg\u00eancias de forma amig\u00e1vel antes que a situa\u00e7\u00e3o chegasse \u00e0 Justi\u00e7a.<\/p>\n<p>Segundo Juliano, a decis\u00e3o de encerrar o v\u00ednculo profissional ocorreu ap\u00f3s dificuldades na rela\u00e7\u00e3o de trabalho e n\u00e3o teria liga\u00e7\u00e3o com reivindica\u00e7\u00f5es trabalhistas.<\/p>\n<h2>Caso segue sob an\u00e1lise judicial<\/h2>\n<p>Enquanto as vers\u00f5es apresentadas pelas partes continuam gerando repercuss\u00e3o nas redes sociais, o processo permanece em an\u00e1lise na Justi\u00e7a do Trabalho.<\/p>\n<p>At\u00e9 que haja uma decis\u00e3o definitiva, as alega\u00e7\u00f5es da ex-bab\u00e1 e as negativas apresentadas por Let\u00edcia e Juliano Cazarr\u00e9 seguem sendo objeto de apura\u00e7\u00e3o judicial.<\/p>\n<p>O caso continua despertando interesse do p\u00fablico e alimentando debates sobre rela\u00e7\u00f5es de trabalho dom\u00e9stico, direitos trabalhistas e os desafios envolvendo conflitos entre empregadores e funcion\u00e1rios.<\/p>\n<p><strong>Tags:<\/strong> Let\u00edcia Cazarr\u00e9, Juliano Cazarr\u00e9, ex-bab\u00e1, processo trabalhista, celebridades, Justi\u00e7a do Trabalho, redes sociais, pol\u00eamica, entretenimento, famosos.<\/p>\n<h2>Juliano Cazarr\u00e9 se pronuncia ap\u00f3s processo movido por ex-bab\u00e1 e rebate acusa\u00e7\u00f5es<\/h2>\n<p>O ator Juliano Cazarr\u00e9 decidiu se manifestar publicamente ap\u00f3s vir \u00e0 tona o processo trabalhista movido por uma ex-bab\u00e1 que trabalhou com sua fam\u00edlia. A a\u00e7\u00e3o judicial envolve alega\u00e7\u00f5es relacionadas \u00e0s condi\u00e7\u00f5es de trabalho, pagamentos salariais e supostos epis\u00f3dios de ass\u00e9dio moral.<\/p>\n<p>Em um v\u00eddeo divulgado em suas redes sociais na sexta-feira (26), o artista apresentou sua vers\u00e3o dos fatos e contestou diversos pontos levantados pela ex-funcion\u00e1ria. Segundo ele, algumas das acusa\u00e7\u00f5es n\u00e3o correspondem \u00e0 realidade vivida durante o per\u00edodo em que a profissional atuou em sua resid\u00eancia.<\/p>\n<h2>Ator admite pagamentos informais<\/h2>\n<p>Durante o pronunciamento, Juliano Cazarr\u00e9 confirmou que parte dos pagamentos foi realizada fora da folha oficial. No entanto, afirmou que a pr\u00e1tica ocorreu a pedido da pr\u00f3pria funcion\u00e1ria, que desejava reduzir os descontos de impostos sobre o sal\u00e1rio.<\/p>\n<p>De acordo com o ator, a bab\u00e1 recebia cerca de R$ 5.500 mensais e teria demonstrado insatisfa\u00e7\u00e3o ao receber o primeiro contracheque com os descontos legais previstos pela legisla\u00e7\u00e3o trabalhista.<\/p>\n<p>\u201cFizemos o que ela pediu\u201d, declarou Cazarr\u00e9 ao comentar a situa\u00e7\u00e3o.<\/p>\n<p>O artista reconheceu que a decis\u00e3o acabou criando uma situa\u00e7\u00e3o delicada do ponto de vista jur\u00eddico, mas afirmou que a inten\u00e7\u00e3o era manter uma profissional que desempenhava um trabalho considerado importante no cuidado de seu filho mais novo.<\/p>\n<h2>Tentativa de acordo antes da Justi\u00e7a<\/h2>\n<p>Ainda no v\u00eddeo, Juliano revelou que tentou resolver a quest\u00e3o de forma amig\u00e1vel antes que o caso chegasse ao Judici\u00e1rio. Segundo ele, houve uma tentativa de acordo intermediada pelo sindicato da categoria.<\/p>\n<p>O ator afirmou que foi apresentada uma proposta de aproximadamente R$ 8.500 para encerrar o impasse, mas a oferta teria sido recusada pela ex-funcion\u00e1ria, levando ao prosseguimento da a\u00e7\u00e3o judicial.<\/p>\n<h2>Acusa\u00e7\u00f5es s\u00e3o negadas<\/h2>\n<p>Cazarr\u00e9 tamb\u00e9m negou as alega\u00e7\u00f5es de ass\u00e9dio moral e de condi\u00e7\u00f5es inadequadas de trabalho. Segundo ele, a rela\u00e7\u00e3o profissional sempre foi respeitosa e a funcion\u00e1ria teria recebido diversos benef\u00edcios extras durante o per\u00edodo em que trabalhou para a fam\u00edlia.<\/p>\n<p>Entre os exemplos citados pelo ator est\u00e3o adiantamentos de f\u00e9rias, melhorias no espa\u00e7o destinado ao descanso da profissional e outras medidas que buscavam proporcionar conforto no ambiente de trabalho.<\/p>\n<p>O artista lamentou que a situa\u00e7\u00e3o tenha evolu\u00eddo para uma disputa judicial e afirmou confiar que os fatos ser\u00e3o devidamente esclarecidos durante o andamento do processo.<\/p>\n<h2>Caso segue na Justi\u00e7a<\/h2>\n<p>A a\u00e7\u00e3o trabalhista segue em tramita\u00e7\u00e3o e dever\u00e1 ser analisada pelas autoridades competentes. At\u00e9 o momento, n\u00e3o h\u00e1 decis\u00e3o definitiva sobre as alega\u00e7\u00f5es apresentadas pelas partes.<\/p>\n<p>Enquanto o processo continua, a manifesta\u00e7\u00e3o p\u00fablica de Juliano Cazarr\u00e9 ampliou a repercuss\u00e3o do caso nas redes sociais, onde seguidores e internautas acompanham os desdobramentos da disputa envolvendo o ator e sua ex-funcion\u00e1ria.<\/p>\n<p><strong>Tags:<\/strong> Juliano Cazarr\u00e9, ex-bab\u00e1, processo trabalhista, celebridades, TV Globo, justi\u00e7a, famosos, redes sociais.<\/p>\n","protected":false},"excerpt":{"rendered":"<p>Juliano Cazarr\u00e9 lamenta estado da filha ap\u00f3s interna\u00e7\u00e3o no CTI: \u201cMuito dif\u00edcil aceitar\u201d Ator falou sobre Maria Guilhermina, de quatro anos, que precisou ser internada ap\u00f3s quadro de gastroenterite evoluir para pneumonia e uma infec\u00e7\u00e3o grave Juliano Cazarr\u00e9 usou as redes sociais para atualizar os seguidores sobre o estado de sa\u00fade da filha, Maria Guilhermina, &hellip;<\/p>\n","protected":false},"author":1,"featured_media":460103,"comment_status":"open","ping_status":"open","sticky":false,"template":"","format":"standard","meta":{"_jetpack_newsletter_access":"","_jetpack_dont_email_post_to_subs":false,"_jetpack_newsletter_tier_id":0,"_jetpack_memberships_contains_paywalled_content":false,"_jetpack_feature_clip_id":0,"_jetpack_memberships_contains_paid_content":false,"footnotes":"","jetpack_post_was_ever_published":false},"categories":[2],"tags":[13305,15842,13996,15202,14682,15843,14268,12914],"class_list":["post-466104","post","type-post","status-publish","format-standard","has-post-thumbnail","hentry","category-entretenimento","tag-celebridades","tag-ex-baba","tag-famosos","tag-juliano-cazarre","tag-justica","tag-processo-trabalhista","tag-redes-sociais","tag-tv-globo"],"yoast_head":"<!-- This site is optimized with the Yoast SEO plugin v28.4 - https:\/\/yoast.com\/product\/yoast-seo-wordpress\/ -->\n<title>Juliano Cazarr\u00e9 lamenta estado da filha ap\u00f3s interna\u00e7\u00e3o no CTI<\/title>\n<meta name=\"robots\" content=\"index, follow, max-snippet:-1, max-image-preview:large, max-video-preview:-1\" \/>\n<link rel=\"canonical\" href=\"https:\/\/mrnews.com.br\/index.php\/2026\/09\/03\/juliano-cazarre-lamenta-estado-da-filha-apos-internacao-no-cti\/\" \/>\n<meta property=\"og:locale\" content=\"pt_BR\" \/>\n<meta property=\"og:type\" content=\"article\" \/>\n<meta property=\"og:title\" content=\"Juliano Cazarr\u00e9 lamenta estado da filha ap\u00f3s interna\u00e7\u00e3o no CTI\" \/>\n<meta property=\"og:description\" content=\"Juliano Cazarr\u00e9 lamenta estado da filha ap\u00f3s interna\u00e7\u00e3o no CTI: \u201cMuito dif\u00edcil aceitar\u201d Ator falou sobre Maria Guilhermina, de quatro anos, que precisou ser internada ap\u00f3s quadro de gastroenterite evoluir para pneumonia e uma infec\u00e7\u00e3o grave Juliano Cazarr\u00e9 usou as redes sociais para atualizar os seguidores sobre o estado de sa\u00fade da filha, Maria Guilhermina, &hellip;\" \/>\n<meta property=\"og:url\" content=\"https:\/\/mrnews.com.br\/index.php\/2026\/09\/03\/juliano-cazarre-lamenta-estado-da-filha-apos-internacao-no-cti\/\" \/>\n<meta property=\"og:site_name\" content=\"MRNews\" \/>\n<meta property=\"article:publisher\" content=\"https:\/\/www.facebook.com\/eaipahpah\/?locale2=pt_BR\" \/>\n<meta property=\"article:published_time\" content=\"2026-09-03T09:50:34+00:00\" \/>\n<meta property=\"og:image\" content=\"https:\/\/mrnews.com.br\/wp-content\/uploads\/2026\/04\/FB_IMG_1777506256262.jpg\" \/>\n\t<meta property=\"og:image:width\" content=\"728\" \/>\n\t<meta property=\"og:image:height\" content=\"910\" \/>\n\t<meta property=\"og:image:type\" content=\"image\/jpeg\" \/>\n<meta name=\"author\" content=\"MR News\" \/>\n<meta name=\"twitter:card\" content=\"summary_large_image\" \/>\n<meta name=\"twitter:creator\" content=\"@conspirou\" \/>\n<meta name=\"twitter:site\" content=\"@conspirou\" \/>\n<meta name=\"twitter:label1\" content=\"Escrito por\" \/>\n\t<meta name=\"twitter:data1\" content=\"MR News\" \/>\n\t<meta name=\"twitter:label2\" content=\"Est. tempo de leitura\" \/>\n\t<meta name=\"twitter:data2\" content=\"13 minutos\" \/>\n<script type=\"application\/ld+json\" class=\"yoast-schema-graph\">{\"@context\":\"https:\\\/\\\/schema.org\",\"@graph\":[{\"@type\":\"Article\",\"@id\":\"https:\\\/\\\/mrnews.com.br\\\/index.php\\\/2026\\\/09\\\/03\\\/juliano-cazarre-lamenta-estado-da-filha-apos-internacao-no-cti\\\/#article\",\"isPartOf\":{\"@id\":\"https:\\\/\\\/mrnews.com.br\\\/index.php\\\/2026\\\/09\\\/03\\\/juliano-cazarre-lamenta-estado-da-filha-apos-internacao-no-cti\\\/\"},\"author\":{\"name\":\"MR News\",\"@id\":\"https:\\\/\\\/mrnews.com.br\\\/#\\\/schema\\\/person\\\/be3203154562a9f207407861cef7827b\"},\"headline\":\"Juliano Cazarr\u00e9 lamenta estado da filha ap\u00f3s interna\u00e7\u00e3o no CTI\",\"datePublished\":\"2026-09-03T09:50:34+00:00\",\"mainEntityOfPage\":{\"@id\":\"https:\\\/\\\/mrnews.com.br\\\/index.php\\\/2026\\\/09\\\/03\\\/juliano-cazarre-lamenta-estado-da-filha-apos-internacao-no-cti\\\/\"},\"wordCount\":2609,\"commentCount\":0,\"publisher\":{\"@id\":\"https:\\\/\\\/mrnews.com.br\\\/#organization\"},\"image\":{\"@id\":\"https:\\\/\\\/mrnews.com.br\\\/index.php\\\/2026\\\/09\\\/03\\\/juliano-cazarre-lamenta-estado-da-filha-apos-internacao-no-cti\\\/#primaryimage\"},\"thumbnailUrl\":\"https:\\\/\\\/mrnews.com.br\\\/wp-content\\\/uploads\\\/2026\\\/04\\\/FB_IMG_1777506256262.jpg\",\"keywords\":[\"celebridades\",\"ex-bab\u00e1\",\"famosos\",\"juliano cazarr\u00e9\",\"Justi\u00e7a\",\"processo trabalhista\",\"redes sociais\",\"TV Globo\"],\"articleSection\":[\"ENTRETENIMENTO\"],\"inLanguage\":\"pt-BR\",\"potentialAction\":[{\"@type\":\"CommentAction\",\"name\":\"Comment\",\"target\":[\"https:\\\/\\\/mrnews.com.br\\\/index.php\\\/2026\\\/09\\\/03\\\/juliano-cazarre-lamenta-estado-da-filha-apos-internacao-no-cti\\\/#respond\"]}]},{\"@type\":\"WebPage\",\"@id\":\"https:\\\/\\\/mrnews.com.br\\\/index.php\\\/2026\\\/09\\\/03\\\/juliano-cazarre-lamenta-estado-da-filha-apos-internacao-no-cti\\\/\",\"url\":\"https:\\\/\\\/mrnews.com.br\\\/index.php\\\/2026\\\/09\\\/03\\\/juliano-cazarre-lamenta-estado-da-filha-apos-internacao-no-cti\\\/\",\"name\":\"Juliano Cazarr\u00e9 lamenta estado da filha ap\u00f3s interna\u00e7\u00e3o no CTI\",\"isPartOf\":{\"@id\":\"https:\\\/\\\/mrnews.com.br\\\/#website\"},\"primaryImageOfPage\":{\"@id\":\"https:\\\/\\\/mrnews.com.br\\\/index.php\\\/2026\\\/09\\\/03\\\/juliano-cazarre-lamenta-estado-da-filha-apos-internacao-no-cti\\\/#primaryimage\"},\"image\":{\"@id\":\"https:\\\/\\\/mrnews.com.br\\\/index.php\\\/2026\\\/09\\\/03\\\/juliano-cazarre-lamenta-estado-da-filha-apos-internacao-no-cti\\\/#primaryimage\"},\"thumbnailUrl\":\"https:\\\/\\\/mrnews.com.br\\\/wp-content\\\/uploads\\\/2026\\\/04\\\/FB_IMG_1777506256262.jpg\",\"datePublished\":\"2026-09-03T09:50:34+00:00\",\"breadcrumb\":{\"@id\":\"https:\\\/\\\/mrnews.com.br\\\/index.php\\\/2026\\\/09\\\/03\\\/juliano-cazarre-lamenta-estado-da-filha-apos-internacao-no-cti\\\/#breadcrumb\"},\"inLanguage\":\"pt-BR\",\"potentialAction\":[{\"@type\":\"ReadAction\",\"target\":[\"https:\\\/\\\/mrnews.com.br\\\/index.php\\\/2026\\\/09\\\/03\\\/juliano-cazarre-lamenta-estado-da-filha-apos-internacao-no-cti\\\/\"]}]},{\"@type\":\"ImageObject\",\"inLanguage\":\"pt-BR\",\"@id\":\"https:\\\/\\\/mrnews.com.br\\\/index.php\\\/2026\\\/09\\\/03\\\/juliano-cazarre-lamenta-estado-da-filha-apos-internacao-no-cti\\\/#primaryimage\",\"url\":\"https:\\\/\\\/mrnews.com.br\\\/wp-content\\\/uploads\\\/2026\\\/04\\\/FB_IMG_1777506256262.jpg\",\"contentUrl\":\"https:\\\/\\\/mrnews.com.br\\\/wp-content\\\/uploads\\\/2026\\\/04\\\/FB_IMG_1777506256262.jpg\",\"width\":728,\"height\":910},{\"@type\":\"BreadcrumbList\",\"@id\":\"https:\\\/\\\/mrnews.com.br\\\/index.php\\\/2026\\\/09\\\/03\\\/juliano-cazarre-lamenta-estado-da-filha-apos-internacao-no-cti\\\/#breadcrumb\",\"itemListElement\":[{\"@type\":\"ListItem\",\"position\":1,\"name\":\"In\u00edcio\",\"item\":\"https:\\\/\\\/mrnews.com.br\\\/\"},{\"@type\":\"ListItem\",\"position\":2,\"name\":\"Juliano Cazarr\u00e9 lamenta estado da filha ap\u00f3s interna\u00e7\u00e3o no CTI\"}]},{\"@type\":\"WebSite\",\"@id\":\"https:\\\/\\\/mrnews.com.br\\\/#website\",\"url\":\"https:\\\/\\\/mrnews.com.br\\\/\",\"name\":\"MRNews\",\"description\":\"MRNews Jogos de hoje da TV, transmiss\u00f5es ao vivo, Not\u00edcias de futebol, Jogos ao vivo, Lives, resumo de novelas, Programa\u00e7\u00e3o da Globo, A Fazenda e BBB\",\"publisher\":{\"@id\":\"https:\\\/\\\/mrnews.com.br\\\/#organization\"},\"potentialAction\":[{\"@type\":\"SearchAction\",\"target\":{\"@type\":\"EntryPoint\",\"urlTemplate\":\"https:\\\/\\\/mrnews.com.br\\\/?s={search_term_string}\"},\"query-input\":{\"@type\":\"PropertyValueSpecification\",\"valueRequired\":true,\"valueName\":\"search_term_string\"}}],\"inLanguage\":\"pt-BR\"},{\"@type\":\"Organization\",\"@id\":\"https:\\\/\\\/mrnews.com.br\\\/#organization\",\"name\":\"MRNews\",\"url\":\"https:\\\/\\\/mrnews.com.br\\\/\",\"logo\":{\"@type\":\"ImageObject\",\"inLanguage\":\"pt-BR\",\"@id\":\"https:\\\/\\\/mrnews.com.br\\\/#\\\/schema\\\/logo\\\/image\\\/\",\"url\":\"https:\\\/\\\/mrnews.com.br\\\/wp-content\\\/uploads\\\/2026\\\/08\\\/MRNEws.png\",\"contentUrl\":\"https:\\\/\\\/mrnews.com.br\\\/wp-content\\\/uploads\\\/2026\\\/08\\\/MRNEws.png\",\"width\":1254,\"height\":1254,\"caption\":\"MRNews\"},\"image\":{\"@id\":\"https:\\\/\\\/mrnews.com.br\\\/#\\\/schema\\\/logo\\\/image\\\/\"},\"sameAs\":[\"https:\\\/\\\/www.facebook.com\\\/eaipahpah\\\/?locale2=pt_BR\",\"https:\\\/\\\/x.com\\\/conspirou\",\"https:\\\/\\\/www.instagram.com\\\/eai_pahpah\",\"https:\\\/\\\/br.pinterest.com\\\/mrnewsn\\\/boards\\\/\",\"https:\\\/\\\/www.youtube.com\\\/channel\\\/UCacgnpznQ61fifLWr1tQ-vA?view_as=subscriber\"]},{\"@type\":\"Person\",\"@id\":\"https:\\\/\\\/mrnews.com.br\\\/#\\\/schema\\\/person\\\/be3203154562a9f207407861cef7827b\",\"name\":\"MR News\",\"image\":{\"@type\":\"ImageObject\",\"inLanguage\":\"pt-BR\",\"@id\":\"https:\\\/\\\/secure.gravatar.com\\\/avatar\\\/04084e6d73c042b8646e7c17b494073bf0ede3ea13c7105cfc45cbbbc28385a4?s=96&d=monsterid&r=g\",\"url\":\"https:\\\/\\\/secure.gravatar.com\\\/avatar\\\/04084e6d73c042b8646e7c17b494073bf0ede3ea13c7105cfc45cbbbc28385a4?s=96&d=monsterid&r=g\",\"contentUrl\":\"https:\\\/\\\/secure.gravatar.com\\\/avatar\\\/04084e6d73c042b8646e7c17b494073bf0ede3ea13c7105cfc45cbbbc28385a4?s=96&d=monsterid&r=g\",\"caption\":\"MR News\"},\"description\":\"Especializado em jornalismo colaborativo pela FTP em n\u00edvel de p\u00f3s-gradua\u00e7\u00e3o. suporte@oimeliga.combr\",\"sameAs\":[\"HUGO R.\",\"Admin\"],\"url\":\"https:\\\/\\\/mrnews.com.br\\\/index.php\\\/author\\\/admin\\\/\"}]}<\/script>\n<!-- \/ Yoast SEO plugin. -->","yoast_head_json":{"title":"Juliano Cazarr\u00e9 lamenta estado da filha ap\u00f3s interna\u00e7\u00e3o no CTI","robots":{"index":"index","follow":"follow","max-snippet":"max-snippet:-1","max-image-preview":"max-image-preview:large","max-video-preview":"max-video-preview:-1"},"canonical":"https:\/\/mrnews.com.br\/index.php\/2026\/09\/03\/juliano-cazarre-lamenta-estado-da-filha-apos-internacao-no-cti\/","og_locale":"pt_BR","og_type":"article","og_title":"Juliano Cazarr\u00e9 lamenta estado da filha ap\u00f3s interna\u00e7\u00e3o no CTI","og_description":"Juliano Cazarr\u00e9 lamenta estado da filha ap\u00f3s interna\u00e7\u00e3o no CTI: \u201cMuito dif\u00edcil aceitar\u201d Ator falou sobre Maria Guilhermina, de quatro anos, que precisou ser internada ap\u00f3s quadro de gastroenterite evoluir para pneumonia e uma infec\u00e7\u00e3o grave Juliano Cazarr\u00e9 usou as redes sociais para atualizar os seguidores sobre o estado de sa\u00fade da filha, Maria Guilhermina, &hellip;","og_url":"https:\/\/mrnews.com.br\/index.php\/2026\/09\/03\/juliano-cazarre-lamenta-estado-da-filha-apos-internacao-no-cti\/","og_site_name":"MRNews","article_publisher":"https:\/\/www.facebook.com\/eaipahpah\/?locale2=pt_BR","article_published_time":"2026-09-03T09:50:34+00:00","og_image":[{"width":728,"height":910,"url":"https:\/\/mrnews.com.br\/wp-content\/uploads\/2026\/04\/FB_IMG_1777506256262.jpg","type":"image\/jpeg"}],"author":"MR News","twitter_card":"summary_large_image","twitter_creator":"@conspirou","twitter_site":"@conspirou","twitter_misc":{"Escrito por":"MR News","Est. tempo de leitura":"13 minutos"},"schema":{"@context":"https:\/\/schema.org","@graph":[{"@type":"Article","@id":"https:\/\/mrnews.com.br\/index.php\/2026\/09\/03\/juliano-cazarre-lamenta-estado-da-filha-apos-internacao-no-cti\/#article","isPartOf":{"@id":"https:\/\/mrnews.com.br\/index.php\/2026\/09\/03\/juliano-cazarre-lamenta-estado-da-filha-apos-internacao-no-cti\/"},"author":{"name":"MR News","@id":"https:\/\/mrnews.com.br\/#\/schema\/person\/be3203154562a9f207407861cef7827b"},"headline":"Juliano Cazarr\u00e9 lamenta estado da filha ap\u00f3s interna\u00e7\u00e3o no CTI","datePublished":"2026-09-03T09:50:34+00:00","mainEntityOfPage":{"@id":"https:\/\/mrnews.com.br\/index.php\/2026\/09\/03\/juliano-cazarre-lamenta-estado-da-filha-apos-internacao-no-cti\/"},"wordCount":2609,"commentCount":0,"publisher":{"@id":"https:\/\/mrnews.com.br\/#organization"},"image":{"@id":"https:\/\/mrnews.com.br\/index.php\/2026\/09\/03\/juliano-cazarre-lamenta-estado-da-filha-apos-internacao-no-cti\/#primaryimage"},"thumbnailUrl":"https:\/\/mrnews.com.br\/wp-content\/uploads\/2026\/04\/FB_IMG_1777506256262.jpg","keywords":["celebridades","ex-bab\u00e1","famosos","juliano cazarr\u00e9","Justi\u00e7a","processo trabalhista","redes sociais","TV Globo"],"articleSection":["ENTRETENIMENTO"],"inLanguage":"pt-BR","potentialAction":[{"@type":"CommentAction","name":"Comment","target":["https:\/\/mrnews.com.br\/index.php\/2026\/09\/03\/juliano-cazarre-lamenta-estado-da-filha-apos-internacao-no-cti\/#respond"]}]},{"@type":"WebPage","@id":"https:\/\/mrnews.com.br\/index.php\/2026\/09\/03\/juliano-cazarre-lamenta-estado-da-filha-apos-internacao-no-cti\/","url":"https:\/\/mrnews.com.br\/index.php\/2026\/09\/03\/juliano-cazarre-lamenta-estado-da-filha-apos-internacao-no-cti\/","name":"Juliano Cazarr\u00e9 lamenta estado da filha ap\u00f3s interna\u00e7\u00e3o no CTI","isPartOf":{"@id":"https:\/\/mrnews.com.br\/#website"},"primaryImageOfPage":{"@id":"https:\/\/mrnews.com.br\/index.php\/2026\/09\/03\/juliano-cazarre-lamenta-estado-da-filha-apos-internacao-no-cti\/#primaryimage"},"image":{"@id":"https:\/\/mrnews.com.br\/index.php\/2026\/09\/03\/juliano-cazarre-lamenta-estado-da-filha-apos-internacao-no-cti\/#primaryimage"},"thumbnailUrl":"https:\/\/mrnews.com.br\/wp-content\/uploads\/2026\/04\/FB_IMG_1777506256262.jpg","datePublished":"2026-09-03T09:50:34+00:00","breadcrumb":{"@id":"https:\/\/mrnews.com.br\/index.php\/2026\/09\/03\/juliano-cazarre-lamenta-estado-da-filha-apos-internacao-no-cti\/#breadcrumb"},"inLanguage":"pt-BR","potentialAction":[{"@type":"ReadAction","target":["https:\/\/mrnews.com.br\/index.php\/2026\/09\/03\/juliano-cazarre-lamenta-estado-da-filha-apos-internacao-no-cti\/"]}]},{"@type":"ImageObject","inLanguage":"pt-BR","@id":"https:\/\/mrnews.com.br\/index.php\/2026\/09\/03\/juliano-cazarre-lamenta-estado-da-filha-apos-internacao-no-cti\/#primaryimage","url":"https:\/\/mrnews.com.br\/wp-content\/uploads\/2026\/04\/FB_IMG_1777506256262.jpg","contentUrl":"https:\/\/mrnews.com.br\/wp-content\/uploads\/2026\/04\/FB_IMG_1777506256262.jpg","width":728,"height":910},{"@type":"BreadcrumbList","@id":"https:\/\/mrnews.com.br\/index.php\/2026\/09\/03\/juliano-cazarre-lamenta-estado-da-filha-apos-internacao-no-cti\/#breadcrumb","itemListElement":[{"@type":"ListItem","position":1,"name":"In\u00edcio","item":"https:\/\/mrnews.com.br\/"},{"@type":"ListItem","position":2,"name":"Juliano Cazarr\u00e9 lamenta estado da filha ap\u00f3s interna\u00e7\u00e3o no CTI"}]},{"@type":"WebSite","@id":"https:\/\/mrnews.com.br\/#website","url":"https:\/\/mrnews.com.br\/","name":"MRNews","description":"MRNews Jogos de hoje da TV, transmiss\u00f5es ao vivo, Not\u00edcias de futebol, Jogos ao vivo, Lives, resumo de novelas, Programa\u00e7\u00e3o da Globo, A Fazenda e BBB","publisher":{"@id":"https:\/\/mrnews.com.br\/#organization"},"potentialAction":[{"@type":"SearchAction","target":{"@type":"EntryPoint","urlTemplate":"https:\/\/mrnews.com.br\/?s={search_term_string}"},"query-input":{"@type":"PropertyValueSpecification","valueRequired":true,"valueName":"search_term_string"}}],"inLanguage":"pt-BR"},{"@type":"Organization","@id":"https:\/\/mrnews.com.br\/#organization","name":"MRNews","url":"https:\/\/mrnews.com.br\/","logo":{"@type":"ImageObject","inLanguage":"pt-BR","@id":"https:\/\/mrnews.com.br\/#\/schema\/logo\/image\/","url":"https:\/\/mrnews.com.br\/wp-content\/uploads\/2026\/08\/MRNEws.png","contentUrl":"https:\/\/mrnews.com.br\/wp-content\/uploads\/2026\/08\/MRNEws.png","width":1254,"height":1254,"caption":"MRNews"},"image":{"@id":"https:\/\/mrnews.com.br\/#\/schema\/logo\/image\/"},"sameAs":["https:\/\/www.facebook.com\/eaipahpah\/?locale2=pt_BR","https:\/\/x.com\/conspirou","https:\/\/www.instagram.com\/eai_pahpah","https:\/\/br.pinterest.com\/mrnewsn\/boards\/","https:\/\/www.youtube.com\/channel\/UCacgnpznQ61fifLWr1tQ-vA?view_as=subscriber"]},{"@type":"Person","@id":"https:\/\/mrnews.com.br\/#\/schema\/person\/be3203154562a9f207407861cef7827b","name":"MR News","image":{"@type":"ImageObject","inLanguage":"pt-BR","@id":"https:\/\/secure.gravatar.com\/avatar\/04084e6d73c042b8646e7c17b494073bf0ede3ea13c7105cfc45cbbbc28385a4?s=96&d=monsterid&r=g","url":"https:\/\/secure.gravatar.com\/avatar\/04084e6d73c042b8646e7c17b494073bf0ede3ea13c7105cfc45cbbbc28385a4?s=96&d=monsterid&r=g","contentUrl":"https:\/\/secure.gravatar.com\/avatar\/04084e6d73c042b8646e7c17b494073bf0ede3ea13c7105cfc45cbbbc28385a4?s=96&d=monsterid&r=g","caption":"MR News"},"description":"Especializado em jornalismo colaborativo pela FTP em n\u00edvel de p\u00f3s-gradua\u00e7\u00e3o. suporte@oimeliga.combr","sameAs":["HUGO R.","Admin"],"url":"https:\/\/mrnews.com.br\/index.php\/author\/admin\/"}]}},"jetpack_sharing_enabled":true,"jetpack_shortlink":"https:\/\/wp.me\/pa2Qf7-1XfO","amp_enabled":true,"jetpack_featured_media_url":"https:\/\/mrnews.com.br\/wp-content\/uploads\/2026\/04\/FB_IMG_1777506256262.jpg","_links":{"self":[{"href":"https:\/\/mrnews.com.br\/index.php\/wp-json\/wp\/v2\/posts\/466104","targetHints":{"allow":["GET"]}}],"collection":[{"href":"https:\/\/mrnews.com.br\/index.php\/wp-json\/wp\/v2\/posts"}],"about":[{"href":"https:\/\/mrnews.com.br\/index.php\/wp-json\/wp\/v2\/types\/post"}],"author":[{"embeddable":true,"href":"https:\/\/mrnews.com.br\/index.php\/wp-json\/wp\/v2\/users\/1"}],"replies":[{"embeddable":true,"href":"https:\/\/mrnews.com.br\/index.php\/wp-json\/wp\/v2\/comments?post=466104"}],"version-history":[{"count":1,"href":"https:\/\/mrnews.com.br\/index.php\/wp-json\/wp\/v2\/posts\/466104\/revisions"}],"predecessor-version":[{"id":466105,"href":"https:\/\/mrnews.com.br\/index.php\/wp-json\/wp\/v2\/posts\/466104\/revisions\/466105"}],"wp:featuredmedia":[{"embeddable":true,"href":"https:\/\/mrnews.com.br\/index.php\/wp-json\/wp\/v2\/media\/460103"}],"wp:attachment":[{"href":"https:\/\/mrnews.com.br\/index.php\/wp-json\/wp\/v2\/media?parent=466104"}],"wp:term":[{"taxonomy":"category","embeddable":true,"href":"https:\/\/mrnews.com.br\/index.php\/wp-json\/wp\/v2\/categories?post=466104"},{"taxonomy":"post_tag","embeddable":true,"href":"https:\/\/mrnews.com.br\/index.php\/wp-json\/wp\/v2\/tags?post=466104"}],"curies":[{"name":"wp","href":"https:\/\/api.w.org\/{rel}","templated":true}]}}