{"id":466110,"date":"2026-09-03T09:32:30","date_gmt":"2026-09-03T12:32:30","guid":{"rendered":"https:\/\/mrnews.com.br\/index.php\/2026\/09\/03\/edital-convoca-agricultores-para-fornecer-hortifruti-ao-paa-cgnoticias\/"},"modified":"2026-09-03T09:32:30","modified_gmt":"2026-09-03T12:32:30","slug":"edital-convoca-agricultores-para-fornecer-hortifruti-ao-paa-cgnoticias","status":"publish","type":"post","link":"https:\/\/mrnews.com.br\/index.php\/2026\/09\/03\/edital-convoca-agricultores-para-fornecer-hortifruti-ao-paa-cgnoticias\/","title":{"rendered":"Edital convoca agricultores para fornecer hortifruti ao PAA \u2013 CGNot\u00edcias"},"content":{"rendered":"<p><\/p>\n<div>\n<p>A Prefeitura de Campo Grande deu in\u00edcio a Chamada P\u00fablica n\u00ba 01\/2026 para a participa\u00e7\u00e3o de agricultores familiares no Programa de Aquisi\u00e7\u00e3o de Alimentos (PAA), na modalidade Compra com Doa\u00e7\u00e3o Simult\u00e2nea (PAA-CDS). A iniciativa \u00e9 realizada em parceria com o Governo Federal, por meio do Minist\u00e9rio do Desenvolvimento e Assist\u00eancia Social, Fam\u00edlia e Combate \u00e0 Fome (MDS), respons\u00e1vel pelo repasse dos recursos do programa, enquanto o Munic\u00edpio atua na execu\u00e7\u00e3o e operacionaliza\u00e7\u00e3o das a\u00e7\u00f5es em Campo Grande.<\/p>\n<p>Podem participar agricultores familiares individuais residentes em Campo Grande, enquadrados na legisla\u00e7\u00e3o da agricultura familiar e no Programa Nacional de Fortalecimento da Agricultura Familiar (Pronaf), desde que possuam Cadastro Nacional da Agricultura Familiar (CAF) ativo ou Declara\u00e7\u00e3o de Aptid\u00e3o ao Pronaf (DAP) v\u00e1lida. A chamada prev\u00ea a aquisi\u00e7\u00e3o de g\u00eaneros aliment\u00edcios produzidos por agricultores familiares do Munic\u00edpio, que ser\u00e3o destinados \u00e0 doa\u00e7\u00e3o para atender pessoas que est\u00e3o em inseguran\u00e7a alimentar nutricional.<\/p>\n<p>O edital foi publicado no Diogrande do dia 31 de agosto e estabelece as regras para apresenta\u00e7\u00e3o das propostas e documenta\u00e7\u00e3o pelos produtores.<\/p>\n<p>As propostas e a documenta\u00e7\u00e3o exigida devem ser apresentadas entre os dias 1\u00ba e 11 de setembro de 2026, das 7h30 \u00e0s 13h30, na Secretaria Municipal de Meio Ambiente, Gest\u00e3o Urbana e Desenvolvimento Econ\u00f4mico, Tur\u00edstico e Sustent\u00e1vel (Semades), por meio da Ger\u00eancia do Agroneg\u00f3cio e Agricultura Familiar (GAF), localizada na Rua Padre Jo\u00e3o Crippa, n\u00ba 972, Centro.<\/p>\n<p>Entre os produtos que poder\u00e3o ser fornecidos est\u00e3o frutas, verduras, legumes, hortali\u00e7as, ra\u00edzes e outros alimentos da agricultura familiar, al\u00e9m de produtos processados, manipulados ou industrializados de origem animal e vegetal. A chamada contempla 72 tipos de produtos, incluindo abacate, banana, mandioca, melancia, milho verde, tomate, mel, doces, p\u00e3es, bolachas e rapadura.<\/p>\n<p>A sele\u00e7\u00e3o dos agricultores habilitados observar\u00e1 crit\u00e9rios de prioriza\u00e7\u00e3o previstos no edital, incluindo inscri\u00e7\u00e3o no Cadastro \u00danico, g\u00eanero, pertencimento a povos e comunidades tradicionais, condi\u00e7\u00e3o de assentado da reforma agr\u00e1ria, produ\u00e7\u00e3o org\u00e2nica e faixa et\u00e1ria de 18 a 29 anos.<\/p>\n<p>O fornecimento dos alimentos selecionados est\u00e1 previsto para ocorrer de 5 de outubro de 2026 a 5 de abril de 2027. Os produtos dever\u00e3o ser entregues na Central de Seguran\u00e7a Alimentar e Nutricional (CESAN\/Banco de Alimentos), localizada na Rua Kamiei Simabuco, n\u00ba 08, Vila Margarida, \u00e0s segundas, ter\u00e7as e quartas-feiras, das 7h30 \u00e0s 9h, exceto feriados e pontos facultativos.<\/p>\n<p>Nesta edi\u00e7\u00e3o, o programa contar\u00e1 com R$ 500 mil em recursos. O pagamento aos agricultores fornecedores \u00e9 realizado diretamente pelo MDS, mediante cr\u00e9dito banc\u00e1rio, a partir das informa\u00e7\u00f5es registradas pela unidade executora no Sistema de Informa\u00e7\u00e3o e Gest\u00e3o do Programa de Aquisi\u00e7\u00e3o de Alimentos (SISPAA).<\/p>\n<p>Cada agricultor familiar poder\u00e1 comercializar at\u00e9 R$ 7.500 por Cadastro Nacional da Agricultura Familiar (CAF), por ano civil, respeitando a disponibilidade financeira do programa e os limites registrados no SISPAA.<\/p>\n<p><strong>Resultados<\/strong><\/p>\n<p>A nova chamada d\u00e1 continuidade ao trabalho j\u00e1 desenvolvido em parceria entre o Governo Federal e o Munic\u00edpio para fortalecer a agricultura familiar e, ao mesmo tempo, ampliar o acesso a alimentos para fam\u00edlias em situa\u00e7\u00e3o de vulnerabilidade social.<\/p>\n<p>Na \u00faltima edi\u00e7\u00e3o do PAA, 82 agricultores familiares participaram da iniciativa, com alimentos destinados a 73 entidades da rede socioassistencial de Campo Grande. Entre outubro de 2025 e abril de 2026, foram distribu\u00eddas quase 60 toneladas de alimentos, fazendo com que a produ\u00e7\u00e3o dos agricultores familiares chegasse \u00e0s fam\u00edlias garantindo assim, seguran\u00e7a alimentar e nutricional.<\/p>\n<p>O resultado demonstra o alcance da pol\u00edtica p\u00fablica, que promove a gera\u00e7\u00e3o de renda para agricultores familiares estimulando a produ\u00e7\u00e3o local.<\/p>\n<p>Os agricultores interessados devem consultar o edital e os anexos, que apresentam a rela\u00e7\u00e3o completa dos documentos, produtos, pre\u00e7os e demais condi\u00e7\u00f5es da chamada p\u00fablica dispon\u00edvel na Semades, de segunda a sexta-feira, das 7h30 \u00e0s 13h30, pelo telefone (67) 4042-0497, ramal 2419.<\/p>\n<p><em>#PraTodosVerem: A imagem mostra alimentos sendo entregues na Central de Seguran\u00e7a Alimentar e Nutricional<\/em><\/p>\n<\/div>\n<p><script async defer async defer src=\"https:\/\/connect.facebook.net\/en_US\/sdk.js?ver=1#xfbml=1&amp;version=v3.2\" id=\"prefeitura-campogrande-script-facebook-sdk-js\"><\/script><\/p>\n","protected":false},"excerpt":{"rendered":"<p>A Prefeitura de Campo Grande deu in\u00edcio a Chamada P\u00fablica n\u00ba 01\/2026 para a participa\u00e7\u00e3o de agricultores familiares no Programa de Aquisi\u00e7\u00e3o de Alimentos (PAA), na modalidade Compra com Doa\u00e7\u00e3o Simult\u00e2nea (PAA-CDS). A iniciativa \u00e9 realizada em parceria com o Governo Federal, por meio do Minist\u00e9rio do Desenvolvimento e Assist\u00eancia Social, Fam\u00edlia e Combate \u00e0 &hellip;<\/p>\n","protected":false},"author":39,"featured_media":0,"comment_status":"open","ping_status":"open","sticky":false,"template":"","format":"standard","meta":{"_jetpack_newsletter_access":"","_jetpack_dont_email_post_to_subs":false,"_jetpack_newsletter_tier_id":0,"_jetpack_memberships_contains_paywalled_content":false,"_jetpack_feature_clip_id":0,"_jetpack_memberships_contains_paid_content":false,"footnotes":"","jetpack_post_was_ever_published":false},"categories":[12410],"tags":[],"class_list":["post-466110","post","type-post","status-publish","format-standard","hentry","category-ms"],"yoast_head":"<!-- This site is optimized with the Yoast SEO plugin v28.4 - https:\/\/yoast.com\/product\/yoast-seo-wordpress\/ -->\n<title>Edital convoca agricultores para fornecer hortifruti ao PAA \u2013 CGNot\u00edcias<\/title>\n<meta name=\"robots\" content=\"index, follow, max-snippet:-1, max-image-preview:large, max-video-preview:-1\" \/>\n<link rel=\"canonical\" href=\"https:\/\/www.campogrande.ms.gov.br\/cgnoticias\/noticia\/edital-convoca-agricultores-para-fornecer-hortifruti-ao-paa\/\" \/>\n<meta property=\"og:locale\" content=\"pt_BR\" \/>\n<meta property=\"og:type\" content=\"article\" \/>\n<meta property=\"og:title\" content=\"Edital convoca agricultores para fornecer hortifruti ao PAA \u2013 CGNot\u00edcias\" \/>\n<meta property=\"og:description\" content=\"A Prefeitura de Campo Grande deu in\u00edcio a Chamada P\u00fablica n\u00ba 01\/2026 para a participa\u00e7\u00e3o de agricultores familiares no Programa de Aquisi\u00e7\u00e3o de Alimentos (PAA), na modalidade Compra com Doa\u00e7\u00e3o Simult\u00e2nea (PAA-CDS). A iniciativa \u00e9 realizada em parceria com o Governo Federal, por meio do Minist\u00e9rio do Desenvolvimento e Assist\u00eancia Social, Fam\u00edlia e Combate \u00e0 &hellip;\" \/>\n<meta property=\"og:url\" content=\"https:\/\/www.campogrande.ms.gov.br\/cgnoticias\/noticia\/edital-convoca-agricultores-para-fornecer-hortifruti-ao-paa\/\" \/>\n<meta property=\"og:site_name\" content=\"MRNews\" \/>\n<meta property=\"article:publisher\" content=\"https:\/\/www.facebook.com\/eaipahpah\/?locale2=pt_BR\" \/>\n<meta property=\"article:published_time\" content=\"2026-09-03T12:32:30+00:00\" \/>\n<meta name=\"author\" content=\"Fernando Corraa\" \/>\n<meta name=\"twitter:card\" content=\"summary_large_image\" \/>\n<meta name=\"twitter:creator\" content=\"@conspirou\" \/>\n<meta name=\"twitter:site\" content=\"@conspirou\" \/>\n<meta name=\"twitter:label1\" content=\"Escrito por\" \/>\n\t<meta name=\"twitter:data1\" content=\"Fernando Corraa\" \/>\n\t<meta name=\"twitter:label2\" content=\"Est. tempo de leitura\" \/>\n\t<meta name=\"twitter:data2\" content=\"3 minutos\" \/>\n<script type=\"application\/ld+json\" class=\"yoast-schema-graph\">{\"@context\":\"https:\\\/\\\/schema.org\",\"@graph\":[{\"@type\":\"Article\",\"@id\":\"https:\\\/\\\/www.campogrande.ms.gov.br\\\/cgnoticias\\\/noticia\\\/edital-convoca-agricultores-para-fornecer-hortifruti-ao-paa\\\/#article\",\"isPartOf\":{\"@id\":\"https:\\\/\\\/mrnews.com.br\\\/index.php\\\/2026\\\/09\\\/03\\\/edital-convoca-agricultores-para-fornecer-hortifruti-ao-paa-cgnoticias\\\/\"},\"author\":{\"name\":\"Fernando Corraa\",\"@id\":\"https:\\\/\\\/mrnews.com.br\\\/#\\\/schema\\\/person\\\/2f073f2d87903a2ff9a065e41bbf17d4\"},\"headline\":\"Edital convoca agricultores para fornecer hortifruti ao PAA \u2013 CGNot\u00edcias\",\"datePublished\":\"2026-09-03T12:32:30+00:00\",\"mainEntityOfPage\":{\"@id\":\"https:\\\/\\\/mrnews.com.br\\\/index.php\\\/2026\\\/09\\\/03\\\/edital-convoca-agricultores-para-fornecer-hortifruti-ao-paa-cgnoticias\\\/\"},\"wordCount\":690,\"commentCount\":0,\"publisher\":{\"@id\":\"https:\\\/\\\/mrnews.com.br\\\/#organization\"},\"articleSection\":[\"Mato Grosso do Sul\"],\"inLanguage\":\"pt-BR\",\"potentialAction\":[{\"@type\":\"CommentAction\",\"name\":\"Comment\",\"target\":[\"https:\\\/\\\/www.campogrande.ms.gov.br\\\/cgnoticias\\\/noticia\\\/edital-convoca-agricultores-para-fornecer-hortifruti-ao-paa\\\/#respond\"]}]},{\"@type\":\"WebPage\",\"@id\":\"https:\\\/\\\/mrnews.com.br\\\/index.php\\\/2026\\\/09\\\/03\\\/edital-convoca-agricultores-para-fornecer-hortifruti-ao-paa-cgnoticias\\\/\",\"url\":\"https:\\\/\\\/www.campogrande.ms.gov.br\\\/cgnoticias\\\/noticia\\\/edital-convoca-agricultores-para-fornecer-hortifruti-ao-paa\\\/\",\"name\":\"Edital convoca agricultores para fornecer hortifruti ao PAA \u2013 CGNot\u00edcias\",\"isPartOf\":{\"@id\":\"https:\\\/\\\/mrnews.com.br\\\/#website\"},\"datePublished\":\"2026-09-03T12:32:30+00:00\",\"breadcrumb\":{\"@id\":\"https:\\\/\\\/www.campogrande.ms.gov.br\\\/cgnoticias\\\/noticia\\\/edital-convoca-agricultores-para-fornecer-hortifruti-ao-paa\\\/#breadcrumb\"},\"inLanguage\":\"pt-BR\",\"potentialAction\":[{\"@type\":\"ReadAction\",\"target\":[\"https:\\\/\\\/www.campogrande.ms.gov.br\\\/cgnoticias\\\/noticia\\\/edital-convoca-agricultores-para-fornecer-hortifruti-ao-paa\\\/\"]}]},{\"@type\":\"BreadcrumbList\",\"@id\":\"https:\\\/\\\/www.campogrande.ms.gov.br\\\/cgnoticias\\\/noticia\\\/edital-convoca-agricultores-para-fornecer-hortifruti-ao-paa\\\/#breadcrumb\",\"itemListElement\":[{\"@type\":\"ListItem\",\"position\":1,\"name\":\"In\u00edcio\",\"item\":\"https:\\\/\\\/mrnews.com.br\\\/\"},{\"@type\":\"ListItem\",\"position\":2,\"name\":\"Edital convoca agricultores para fornecer hortifruti ao PAA \u2013 CGNot\u00edcias\"}]},{\"@type\":\"WebSite\",\"@id\":\"https:\\\/\\\/mrnews.com.br\\\/#website\",\"url\":\"https:\\\/\\\/mrnews.com.br\\\/\",\"name\":\"MRNews\",\"description\":\"MRNews Jogos de hoje da TV, transmiss\u00f5es ao vivo, Not\u00edcias de futebol, Jogos ao vivo, Lives, resumo de novelas, Programa\u00e7\u00e3o da Globo, A Fazenda e BBB\",\"publisher\":{\"@id\":\"https:\\\/\\\/mrnews.com.br\\\/#organization\"},\"potentialAction\":[{\"@type\":\"SearchAction\",\"target\":{\"@type\":\"EntryPoint\",\"urlTemplate\":\"https:\\\/\\\/mrnews.com.br\\\/?s={search_term_string}\"},\"query-input\":{\"@type\":\"PropertyValueSpecification\",\"valueRequired\":true,\"valueName\":\"search_term_string\"}}],\"inLanguage\":\"pt-BR\"},{\"@type\":\"Organization\",\"@id\":\"https:\\\/\\\/mrnews.com.br\\\/#organization\",\"name\":\"MRNews\",\"url\":\"https:\\\/\\\/mrnews.com.br\\\/\",\"logo\":{\"@type\":\"ImageObject\",\"inLanguage\":\"pt-BR\",\"@id\":\"https:\\\/\\\/mrnews.com.br\\\/#\\\/schema\\\/logo\\\/image\\\/\",\"url\":\"https:\\\/\\\/mrnews.com.br\\\/wp-content\\\/uploads\\\/2026\\\/08\\\/MRNEws.png\",\"contentUrl\":\"https:\\\/\\\/mrnews.com.br\\\/wp-content\\\/uploads\\\/2026\\\/08\\\/MRNEws.png\",\"width\":1254,\"height\":1254,\"caption\":\"MRNews\"},\"image\":{\"@id\":\"https:\\\/\\\/mrnews.com.br\\\/#\\\/schema\\\/logo\\\/image\\\/\"},\"sameAs\":[\"https:\\\/\\\/www.facebook.com\\\/eaipahpah\\\/?locale2=pt_BR\",\"https:\\\/\\\/x.com\\\/conspirou\",\"https:\\\/\\\/www.instagram.com\\\/eai_pahpah\",\"https:\\\/\\\/br.pinterest.com\\\/mrnewsn\\\/boards\\\/\",\"https:\\\/\\\/www.youtube.com\\\/channel\\\/UCacgnpznQ61fifLWr1tQ-vA?view_as=subscriber\"]},{\"@type\":\"Person\",\"@id\":\"https:\\\/\\\/mrnews.com.br\\\/#\\\/schema\\\/person\\\/2f073f2d87903a2ff9a065e41bbf17d4\",\"name\":\"Fernando Corraa\",\"image\":{\"@type\":\"ImageObject\",\"inLanguage\":\"pt-BR\",\"@id\":\"https:\\\/\\\/secure.gravatar.com\\\/avatar\\\/9069acb0e588c9f4346ba747284aef18a5faaab575e89e9ccc64e315003f0b82?s=96&d=monsterid&r=g\",\"url\":\"https:\\\/\\\/secure.gravatar.com\\\/avatar\\\/9069acb0e588c9f4346ba747284aef18a5faaab575e89e9ccc64e315003f0b82?s=96&d=monsterid&r=g\",\"contentUrl\":\"https:\\\/\\\/secure.gravatar.com\\\/avatar\\\/9069acb0e588c9f4346ba747284aef18a5faaab575e89e9ccc64e315003f0b82?s=96&d=monsterid&r=g\",\"caption\":\"Fernando Corraa\"},\"url\":\"https:\\\/\\\/mrnews.com.br\\\/index.php\\\/author\\\/fernando-corraa\\\/\"}]}<\/script>\n<!-- \/ Yoast SEO plugin. -->","yoast_head_json":{"title":"Edital convoca agricultores para fornecer hortifruti ao PAA \u2013 CGNot\u00edcias","robots":{"index":"index","follow":"follow","max-snippet":"max-snippet:-1","max-image-preview":"max-image-preview:large","max-video-preview":"max-video-preview:-1"},"canonical":"https:\/\/www.campogrande.ms.gov.br\/cgnoticias\/noticia\/edital-convoca-agricultores-para-fornecer-hortifruti-ao-paa\/","og_locale":"pt_BR","og_type":"article","og_title":"Edital convoca agricultores para fornecer hortifruti ao PAA \u2013 CGNot\u00edcias","og_description":"A Prefeitura de Campo Grande deu in\u00edcio a Chamada P\u00fablica n\u00ba 01\/2026 para a participa\u00e7\u00e3o de agricultores familiares no Programa de Aquisi\u00e7\u00e3o de Alimentos (PAA), na modalidade Compra com Doa\u00e7\u00e3o Simult\u00e2nea (PAA-CDS). A iniciativa \u00e9 realizada em parceria com o Governo Federal, por meio do Minist\u00e9rio do Desenvolvimento e Assist\u00eancia Social, Fam\u00edlia e Combate \u00e0 &hellip;","og_url":"https:\/\/www.campogrande.ms.gov.br\/cgnoticias\/noticia\/edital-convoca-agricultores-para-fornecer-hortifruti-ao-paa\/","og_site_name":"MRNews","article_publisher":"https:\/\/www.facebook.com\/eaipahpah\/?locale2=pt_BR","article_published_time":"2026-09-03T12:32:30+00:00","author":"Fernando Corraa","twitter_card":"summary_large_image","twitter_creator":"@conspirou","twitter_site":"@conspirou","twitter_misc":{"Escrito por":"Fernando Corraa","Est. tempo de leitura":"3 minutos"},"schema":{"@context":"https:\/\/schema.org","@graph":[{"@type":"Article","@id":"https:\/\/www.campogrande.ms.gov.br\/cgnoticias\/noticia\/edital-convoca-agricultores-para-fornecer-hortifruti-ao-paa\/#article","isPartOf":{"@id":"https:\/\/mrnews.com.br\/index.php\/2026\/09\/03\/edital-convoca-agricultores-para-fornecer-hortifruti-ao-paa-cgnoticias\/"},"author":{"name":"Fernando Corraa","@id":"https:\/\/mrnews.com.br\/#\/schema\/person\/2f073f2d87903a2ff9a065e41bbf17d4"},"headline":"Edital convoca agricultores para fornecer hortifruti ao PAA \u2013 CGNot\u00edcias","datePublished":"2026-09-03T12:32:30+00:00","mainEntityOfPage":{"@id":"https:\/\/mrnews.com.br\/index.php\/2026\/09\/03\/edital-convoca-agricultores-para-fornecer-hortifruti-ao-paa-cgnoticias\/"},"wordCount":690,"commentCount":0,"publisher":{"@id":"https:\/\/mrnews.com.br\/#organization"},"articleSection":["Mato Grosso do Sul"],"inLanguage":"pt-BR","potentialAction":[{"@type":"CommentAction","name":"Comment","target":["https:\/\/www.campogrande.ms.gov.br\/cgnoticias\/noticia\/edital-convoca-agricultores-para-fornecer-hortifruti-ao-paa\/#respond"]}]},{"@type":"WebPage","@id":"https:\/\/mrnews.com.br\/index.php\/2026\/09\/03\/edital-convoca-agricultores-para-fornecer-hortifruti-ao-paa-cgnoticias\/","url":"https:\/\/www.campogrande.ms.gov.br\/cgnoticias\/noticia\/edital-convoca-agricultores-para-fornecer-hortifruti-ao-paa\/","name":"Edital convoca agricultores para fornecer hortifruti ao PAA \u2013 CGNot\u00edcias","isPartOf":{"@id":"https:\/\/mrnews.com.br\/#website"},"datePublished":"2026-09-03T12:32:30+00:00","breadcrumb":{"@id":"https:\/\/www.campogrande.ms.gov.br\/cgnoticias\/noticia\/edital-convoca-agricultores-para-fornecer-hortifruti-ao-paa\/#breadcrumb"},"inLanguage":"pt-BR","potentialAction":[{"@type":"ReadAction","target":["https:\/\/www.campogrande.ms.gov.br\/cgnoticias\/noticia\/edital-convoca-agricultores-para-fornecer-hortifruti-ao-paa\/"]}]},{"@type":"BreadcrumbList","@id":"https:\/\/www.campogrande.ms.gov.br\/cgnoticias\/noticia\/edital-convoca-agricultores-para-fornecer-hortifruti-ao-paa\/#breadcrumb","itemListElement":[{"@type":"ListItem","position":1,"name":"In\u00edcio","item":"https:\/\/mrnews.com.br\/"},{"@type":"ListItem","position":2,"name":"Edital convoca agricultores para fornecer hortifruti ao PAA \u2013 CGNot\u00edcias"}]},{"@type":"WebSite","@id":"https:\/\/mrnews.com.br\/#website","url":"https:\/\/mrnews.com.br\/","name":"MRNews","description":"MRNews Jogos de hoje da TV, transmiss\u00f5es ao vivo, Not\u00edcias de futebol, Jogos ao vivo, Lives, resumo de novelas, Programa\u00e7\u00e3o da Globo, A Fazenda e BBB","publisher":{"@id":"https:\/\/mrnews.com.br\/#organization"},"potentialAction":[{"@type":"SearchAction","target":{"@type":"EntryPoint","urlTemplate":"https:\/\/mrnews.com.br\/?s={search_term_string}"},"query-input":{"@type":"PropertyValueSpecification","valueRequired":true,"valueName":"search_term_string"}}],"inLanguage":"pt-BR"},{"@type":"Organization","@id":"https:\/\/mrnews.com.br\/#organization","name":"MRNews","url":"https:\/\/mrnews.com.br\/","logo":{"@type":"ImageObject","inLanguage":"pt-BR","@id":"https:\/\/mrnews.com.br\/#\/schema\/logo\/image\/","url":"https:\/\/mrnews.com.br\/wp-content\/uploads\/2026\/08\/MRNEws.png","contentUrl":"https:\/\/mrnews.com.br\/wp-content\/uploads\/2026\/08\/MRNEws.png","width":1254,"height":1254,"caption":"MRNews"},"image":{"@id":"https:\/\/mrnews.com.br\/#\/schema\/logo\/image\/"},"sameAs":["https:\/\/www.facebook.com\/eaipahpah\/?locale2=pt_BR","https:\/\/x.com\/conspirou","https:\/\/www.instagram.com\/eai_pahpah","https:\/\/br.pinterest.com\/mrnewsn\/boards\/","https:\/\/www.youtube.com\/channel\/UCacgnpznQ61fifLWr1tQ-vA?view_as=subscriber"]},{"@type":"Person","@id":"https:\/\/mrnews.com.br\/#\/schema\/person\/2f073f2d87903a2ff9a065e41bbf17d4","name":"Fernando Corraa","image":{"@type":"ImageObject","inLanguage":"pt-BR","@id":"https:\/\/secure.gravatar.com\/avatar\/9069acb0e588c9f4346ba747284aef18a5faaab575e89e9ccc64e315003f0b82?s=96&d=monsterid&r=g","url":"https:\/\/secure.gravatar.com\/avatar\/9069acb0e588c9f4346ba747284aef18a5faaab575e89e9ccc64e315003f0b82?s=96&d=monsterid&r=g","contentUrl":"https:\/\/secure.gravatar.com\/avatar\/9069acb0e588c9f4346ba747284aef18a5faaab575e89e9ccc64e315003f0b82?s=96&d=monsterid&r=g","caption":"Fernando Corraa"},"url":"https:\/\/mrnews.com.br\/index.php\/author\/fernando-corraa\/"}]}},"jetpack_sharing_enabled":true,"jetpack_shortlink":"https:\/\/wp.me\/pa2Qf7-1XfU","amp_enabled":true,"jetpack_featured_media_url":"","_links":{"self":[{"href":"https:\/\/mrnews.com.br\/index.php\/wp-json\/wp\/v2\/posts\/466110","targetHints":{"allow":["GET"]}}],"collection":[{"href":"https:\/\/mrnews.com.br\/index.php\/wp-json\/wp\/v2\/posts"}],"about":[{"href":"https:\/\/mrnews.com.br\/index.php\/wp-json\/wp\/v2\/types\/post"}],"author":[{"embeddable":true,"href":"https:\/\/mrnews.com.br\/index.php\/wp-json\/wp\/v2\/users\/39"}],"replies":[{"embeddable":true,"href":"https:\/\/mrnews.com.br\/index.php\/wp-json\/wp\/v2\/comments?post=466110"}],"version-history":[{"count":0,"href":"https:\/\/mrnews.com.br\/index.php\/wp-json\/wp\/v2\/posts\/466110\/revisions"}],"wp:attachment":[{"href":"https:\/\/mrnews.com.br\/index.php\/wp-json\/wp\/v2\/media?parent=466110"}],"wp:term":[{"taxonomy":"category","embeddable":true,"href":"https:\/\/mrnews.com.br\/index.php\/wp-json\/wp\/v2\/categories?post=466110"},{"taxonomy":"post_tag","embeddable":true,"href":"https:\/\/mrnews.com.br\/index.php\/wp-json\/wp\/v2\/tags?post=466110"}],"curies":[{"name":"wp","href":"https:\/\/api.w.org\/{rel}","templated":true}]}}