{"id":466112,"date":"2026-09-03T10:19:30","date_gmt":"2026-09-03T13:19:30","guid":{"rendered":"https:\/\/mrnews.com.br\/index.php\/2026\/09\/03\/onu-preve-el-nino-muito-forte-com-duracao-ate-fevereiro-de-2027\/"},"modified":"2026-09-03T10:19:30","modified_gmt":"2026-09-03T13:19:30","slug":"onu-preve-el-nino-muito-forte-com-duracao-ate-fevereiro-de-2027","status":"publish","type":"post","link":"https:\/\/mrnews.com.br\/index.php\/2026\/09\/03\/onu-preve-el-nino-muito-forte-com-duracao-ate-fevereiro-de-2027\/","title":{"rendered":"ONU prev\u00ea El Ni\u00f1o &#8220;muito forte&#8221; com dura\u00e7\u00e3o at\u00e9 fevereiro de 2027"},"content":{"rendered":"<p>Por EBC, <\/p>\n<div>\n<p>O fen\u00f4meno El Ni\u00f1o est\u00e1 &#8220;firmemente estabelecido&#8221; e dever\u00e1 aumentar seus efeitos\u00a0ainda mais nos pr\u00f3ximos meses, atingindo intensidade &#8220;muito forte&#8221; com probabilidade &#8220;pr\u00f3xima dos 100%&#8221; de durar at\u00e9 fevereiro de 2027, alertou hoje (3) a Organiza\u00e7\u00e3o Meteorol\u00f3gica Mundial.<\/p>\n<p>&#8220;O El Ni\u00f1o estabeleceu-se firmemente e ir\u00e1 se intensificar, tornando-se um fen\u00f4meno muito forte nos pr\u00f3ximos meses, com repercuss\u00f5es significativas nos padr\u00f5es de temperatura e precipita\u00e7\u00e3o, bem como nos riscos associados de inunda\u00e7\u00f5es, secas e calor extremo&#8221;, alerta nova atualiza\u00e7\u00e3o da Organiza\u00e7\u00e3o Meteorol\u00f3gica Mundial (OMM).<\/p>\n<p><strong>Al\u00e9m disso, a organiza\u00e7\u00e3o destaca\u00a0que as \u00faltimas previs\u00f5es sazonais dos centros de produ\u00e7\u00e3o globais da OMM indicam\u00a0&#8220;probabilidade excepcionalmente elevada&#8221;, de quase 100%, de que o El Ni\u00f1o persista at\u00e9 fevereiro de 2027.<\/strong><\/p>\n<p><strong>O secret\u00e1rio-geral da ONU, Ant\u00f3nio Guterres, alertou para a intensifica\u00e7\u00e3o nos pr\u00f3ximos meses do fen\u00f4meno El Ni\u00f1o, real\u00e7ando que o mundo vive uma situa\u00e7\u00e3o de \u201calto risco&#8221; com eventos clim\u00e1ticos extremos.<\/strong><\/p>\n<blockquote>\n<p>&#8220;A ci\u00eancia \u00e9 inequ\u00edvoca: o planeta est\u00e1 a entrar em \u00e1guas desconhecidas, e essas \u00e1guas est\u00e3o a aquecer,\u00a0disse Guterres em comunicado.<\/p>\n<\/blockquote>\n<p><strong>As temperaturas da superf\u00edcie do mar est\u00e3o atingem\u00a0n\u00edveis recordes, os term\u00f4metros continuam a subir\u00a0em zona de alto risco, onde os eventos clim\u00e1ticos extremos est\u00e3o se tornando a nova normalidade,<\/strong><\/p>\n<p>Ant\u00f3nio Guterres lembrou\u00a0que este evento excepcional do El Ni\u00f1o exige prepara\u00e7\u00e3o e resposta adequadas.<\/p>\n<blockquote>\n<p>\u201cN\u00e3o h\u00e1 tempo a perder. Est\u00e1 em curso uma corrida contra o tempo entre os riscos crescentes e a nossa determina\u00e7\u00e3o em agir contra as altera\u00e7\u00f5es clim\u00e1ticas e proteger as pessoas. \u00c9 uma corrida que devemos ganhar&#8221;, disse.<\/p>\n<\/blockquote>\n<p><strong>O El Ni\u00f1o \u00e9 um fen\u00f4meno natural que se repete a cada dois a sete anos. As \u00e1guas superficiais do Pac\u00edfico equatorial central e oriental come\u00e7am a aquecer na primavera, levando a grandes altera\u00e7\u00f5es nos padr\u00f5es de vento, press\u00e3o e precipita\u00e7\u00e3o em todo o mundo nos meses seguintes.<\/strong><\/p>\n<p>As temperaturas da superf\u00edcie do mar nesta zona do Pac\u00edfico equatorial j\u00e1 est\u00e3o significativamente acima da m\u00e9dia e continuam a subir.<\/p>\n<p>As temperaturas estiveram, em m\u00e9dia, 1,5 graus acima do normal entre maio e julho de 2026, passando para dois graus acima do normal em julho, segundo a OMM, que cita\u00a0ainda leituras de 2,2 graus a 2,6 graus acima da m\u00e9dia entre o final de julho e meados de agosto, &#8220;o que demonstra o cont\u00ednuo fortalecimento do fen\u00f4meno&#8221;.<\/p>\n<p>Abaixo da superf\u00edcie do oceano, as temperaturas\u00a0estiveram ainda mais de 0,8 graus acima da m\u00e9dia em algumas \u00e1reas durante julho e o in\u00edcio de agosto.<\/p>\n<p><strong>Embora cada El Ni\u00f1o seja diferente, o fen\u00f4meno causou ou intensificou historicamente secas e riscos de inc\u00eandio em partes da Amaz\u00f3nia, Am\u00e9rica Central, Indon\u00e9sia e Austr\u00e1lia, interrompeu a mon\u00e7\u00e3o na \u00cdndia e trouxe chuvas torrenciais para a \u00c1frica Oriental.<\/strong><\/p>\n<p>O evento clim\u00e1tico\u00a0soma-se \u00e0s altera\u00e7\u00f5es\u00a0causadas pelas atividades humanas, exacerbando os eventos\u00a0extremos.<\/p>\n<p><strong>Para o per\u00edodo de setembro a novembro deste ano, as previs\u00f5es da OMM indicam aumento da probabilidade de temperaturas acima da m\u00e9dia em quase todas as massas terrestres, bem como padr\u00f5es de precipita\u00e7\u00e3o consistentes com uma resposta atmosf\u00e9rica forte e cl\u00e1ssica a um El Ni\u00f1o intenso no Pac\u00edfico.<\/strong><\/p>\n<p>No ano seguinte ao El Ni\u00f1o, o calor armazenado no oceano \u00e9 libertado para a atmosfera, contribuindo geralmente para o aumento das temperaturas globais, levando muitos cientistas do clima a prever que 2027 ser\u00e1 o ano mais quente de que h\u00e1 registo.<\/p>\n<p>O ano mais quente at\u00e9 agora\u00a0\u00e9 2024, depois do \u00faltimo El Ni\u00f1o.<\/p>\n<p><em><strong>* \u00c9 proibida a reprodu\u00e7\u00e3o deste conte\u00fado.<\/strong><\/em><\/p>\n<p>      <!-- Relacionada --><\/p>\n<p>            <!-- Relacionada -->\n    <\/div>\n","protected":false},"excerpt":{"rendered":"<p>Por EBC, O fen\u00f4meno El Ni\u00f1o est\u00e1 &#8220;firmemente estabelecido&#8221; e dever\u00e1 aumentar seus efeitos\u00a0ainda mais nos pr\u00f3ximos meses, atingindo intensidade &#8220;muito forte&#8221; com probabilidade &#8220;pr\u00f3xima dos 100%&#8221; de durar at\u00e9 fevereiro de 2027, alertou hoje (3) a Organiza\u00e7\u00e3o Meteorol\u00f3gica Mundial. &#8220;O El Ni\u00f1o estabeleceu-se firmemente e ir\u00e1 se intensificar, tornando-se um fen\u00f4meno muito forte nos &hellip;<\/p>\n","protected":false},"author":39,"featured_media":0,"comment_status":"open","ping_status":"open","sticky":false,"template":"","format":"standard","meta":{"_jetpack_newsletter_access":"","_jetpack_dont_email_post_to_subs":false,"_jetpack_newsletter_tier_id":0,"_jetpack_memberships_contains_paywalled_content":false,"_jetpack_feature_clip_id":0,"_jetpack_memberships_contains_paid_content":false,"footnotes":"","jetpack_post_was_ever_published":false},"categories":[4],"tags":[],"class_list":["post-466112","post","type-post","status-publish","format-standard","hentry","category-servicos"],"yoast_head":"<!-- This site is optimized with the Yoast SEO plugin v28.4 - https:\/\/yoast.com\/product\/yoast-seo-wordpress\/ -->\n<title>ONU prev\u00ea El Ni\u00f1o &quot;muito forte&quot; com dura\u00e7\u00e3o at\u00e9 fevereiro de 2027<\/title>\n<meta name=\"robots\" content=\"index, follow, max-snippet:-1, max-image-preview:large, max-video-preview:-1\" \/>\n<link rel=\"canonical\" href=\"https:\/\/agenciabrasil.ebc.com.br\/internacional\/noticia\/2026-09\/onu-preve-el-nino-muito-forte-com-duracao-ate-fevereiro-de-2027\" \/>\n<meta property=\"og:locale\" content=\"pt_BR\" \/>\n<meta property=\"og:type\" content=\"article\" \/>\n<meta property=\"og:title\" content=\"ONU prev\u00ea El Ni\u00f1o &quot;muito forte&quot; com dura\u00e7\u00e3o at\u00e9 fevereiro de 2027\" \/>\n<meta property=\"og:description\" content=\"Por EBC, O fen\u00f4meno El Ni\u00f1o est\u00e1 &#8220;firmemente estabelecido&#8221; e dever\u00e1 aumentar seus efeitos\u00a0ainda mais nos pr\u00f3ximos meses, atingindo intensidade &#8220;muito forte&#8221; com probabilidade &#8220;pr\u00f3xima dos 100%&#8221; de durar at\u00e9 fevereiro de 2027, alertou hoje (3) a Organiza\u00e7\u00e3o Meteorol\u00f3gica Mundial. &#8220;O El Ni\u00f1o estabeleceu-se firmemente e ir\u00e1 se intensificar, tornando-se um fen\u00f4meno muito forte nos &hellip;\" \/>\n<meta property=\"og:url\" content=\"https:\/\/agenciabrasil.ebc.com.br\/internacional\/noticia\/2026-09\/onu-preve-el-nino-muito-forte-com-duracao-ate-fevereiro-de-2027\" \/>\n<meta property=\"og:site_name\" content=\"MRNews\" \/>\n<meta property=\"article:publisher\" content=\"https:\/\/www.facebook.com\/eaipahpah\/?locale2=pt_BR\" \/>\n<meta property=\"article:published_time\" content=\"2026-09-03T13:19:30+00:00\" \/>\n<meta name=\"author\" content=\"Fernando Corraa\" \/>\n<meta name=\"twitter:card\" content=\"summary_large_image\" \/>\n<meta name=\"twitter:creator\" content=\"@conspirou\" \/>\n<meta name=\"twitter:site\" content=\"@conspirou\" \/>\n<meta name=\"twitter:label1\" content=\"Escrito por\" \/>\n\t<meta name=\"twitter:data1\" content=\"Fernando Corraa\" \/>\n\t<meta name=\"twitter:label2\" content=\"Est. tempo de leitura\" \/>\n\t<meta name=\"twitter:data2\" content=\"3 minutos\" \/>\n<script type=\"application\/ld+json\" class=\"yoast-schema-graph\">{\"@context\":\"https:\\\/\\\/schema.org\",\"@graph\":[{\"@type\":\"Article\",\"@id\":\"https:\\\/\\\/agenciabrasil.ebc.com.br\\\/internacional\\\/noticia\\\/2026-09\\\/onu-preve-el-nino-muito-forte-com-duracao-ate-fevereiro-de-2027#article\",\"isPartOf\":{\"@id\":\"https:\\\/\\\/mrnews.com.br\\\/index.php\\\/2026\\\/09\\\/03\\\/onu-preve-el-nino-muito-forte-com-duracao-ate-fevereiro-de-2027\\\/\"},\"author\":{\"name\":\"Fernando Corraa\",\"@id\":\"https:\\\/\\\/mrnews.com.br\\\/#\\\/schema\\\/person\\\/2f073f2d87903a2ff9a065e41bbf17d4\"},\"headline\":\"ONU prev\u00ea El Ni\u00f1o &#8220;muito forte&#8221; com dura\u00e7\u00e3o at\u00e9 fevereiro de 2027\",\"datePublished\":\"2026-09-03T13:19:30+00:00\",\"mainEntityOfPage\":{\"@id\":\"https:\\\/\\\/mrnews.com.br\\\/index.php\\\/2026\\\/09\\\/03\\\/onu-preve-el-nino-muito-forte-com-duracao-ate-fevereiro-de-2027\\\/\"},\"wordCount\":655,\"commentCount\":0,\"publisher\":{\"@id\":\"https:\\\/\\\/mrnews.com.br\\\/#organization\"},\"articleSection\":[\"SERVI\u00c7OS\"],\"inLanguage\":\"pt-BR\",\"potentialAction\":[{\"@type\":\"CommentAction\",\"name\":\"Comment\",\"target\":[\"https:\\\/\\\/agenciabrasil.ebc.com.br\\\/internacional\\\/noticia\\\/2026-09\\\/onu-preve-el-nino-muito-forte-com-duracao-ate-fevereiro-de-2027#respond\"]}]},{\"@type\":\"WebPage\",\"@id\":\"https:\\\/\\\/mrnews.com.br\\\/index.php\\\/2026\\\/09\\\/03\\\/onu-preve-el-nino-muito-forte-com-duracao-ate-fevereiro-de-2027\\\/\",\"url\":\"https:\\\/\\\/agenciabrasil.ebc.com.br\\\/internacional\\\/noticia\\\/2026-09\\\/onu-preve-el-nino-muito-forte-com-duracao-ate-fevereiro-de-2027\",\"name\":\"ONU prev\u00ea El Ni\u00f1o \\\"muito forte\\\" com dura\u00e7\u00e3o at\u00e9 fevereiro de 2027\",\"isPartOf\":{\"@id\":\"https:\\\/\\\/mrnews.com.br\\\/#website\"},\"datePublished\":\"2026-09-03T13:19:30+00:00\",\"breadcrumb\":{\"@id\":\"https:\\\/\\\/agenciabrasil.ebc.com.br\\\/internacional\\\/noticia\\\/2026-09\\\/onu-preve-el-nino-muito-forte-com-duracao-ate-fevereiro-de-2027#breadcrumb\"},\"inLanguage\":\"pt-BR\",\"potentialAction\":[{\"@type\":\"ReadAction\",\"target\":[\"https:\\\/\\\/agenciabrasil.ebc.com.br\\\/internacional\\\/noticia\\\/2026-09\\\/onu-preve-el-nino-muito-forte-com-duracao-ate-fevereiro-de-2027\"]}]},{\"@type\":\"BreadcrumbList\",\"@id\":\"https:\\\/\\\/agenciabrasil.ebc.com.br\\\/internacional\\\/noticia\\\/2026-09\\\/onu-preve-el-nino-muito-forte-com-duracao-ate-fevereiro-de-2027#breadcrumb\",\"itemListElement\":[{\"@type\":\"ListItem\",\"position\":1,\"name\":\"In\u00edcio\",\"item\":\"https:\\\/\\\/mrnews.com.br\\\/\"},{\"@type\":\"ListItem\",\"position\":2,\"name\":\"ONU prev\u00ea El Ni\u00f1o &#8220;muito forte&#8221; com dura\u00e7\u00e3o at\u00e9 fevereiro de 2027\"}]},{\"@type\":\"WebSite\",\"@id\":\"https:\\\/\\\/mrnews.com.br\\\/#website\",\"url\":\"https:\\\/\\\/mrnews.com.br\\\/\",\"name\":\"MRNews\",\"description\":\"MRNews Jogos de hoje da TV, transmiss\u00f5es ao vivo, Not\u00edcias de futebol, Jogos ao vivo, Lives, resumo de novelas, Programa\u00e7\u00e3o da Globo, A Fazenda e BBB\",\"publisher\":{\"@id\":\"https:\\\/\\\/mrnews.com.br\\\/#organization\"},\"potentialAction\":[{\"@type\":\"SearchAction\",\"target\":{\"@type\":\"EntryPoint\",\"urlTemplate\":\"https:\\\/\\\/mrnews.com.br\\\/?s={search_term_string}\"},\"query-input\":{\"@type\":\"PropertyValueSpecification\",\"valueRequired\":true,\"valueName\":\"search_term_string\"}}],\"inLanguage\":\"pt-BR\"},{\"@type\":\"Organization\",\"@id\":\"https:\\\/\\\/mrnews.com.br\\\/#organization\",\"name\":\"MRNews\",\"url\":\"https:\\\/\\\/mrnews.com.br\\\/\",\"logo\":{\"@type\":\"ImageObject\",\"inLanguage\":\"pt-BR\",\"@id\":\"https:\\\/\\\/mrnews.com.br\\\/#\\\/schema\\\/logo\\\/image\\\/\",\"url\":\"https:\\\/\\\/mrnews.com.br\\\/wp-content\\\/uploads\\\/2026\\\/08\\\/MRNEws.png\",\"contentUrl\":\"https:\\\/\\\/mrnews.com.br\\\/wp-content\\\/uploads\\\/2026\\\/08\\\/MRNEws.png\",\"width\":1254,\"height\":1254,\"caption\":\"MRNews\"},\"image\":{\"@id\":\"https:\\\/\\\/mrnews.com.br\\\/#\\\/schema\\\/logo\\\/image\\\/\"},\"sameAs\":[\"https:\\\/\\\/www.facebook.com\\\/eaipahpah\\\/?locale2=pt_BR\",\"https:\\\/\\\/x.com\\\/conspirou\",\"https:\\\/\\\/www.instagram.com\\\/eai_pahpah\",\"https:\\\/\\\/br.pinterest.com\\\/mrnewsn\\\/boards\\\/\",\"https:\\\/\\\/www.youtube.com\\\/channel\\\/UCacgnpznQ61fifLWr1tQ-vA?view_as=subscriber\"]},{\"@type\":\"Person\",\"@id\":\"https:\\\/\\\/mrnews.com.br\\\/#\\\/schema\\\/person\\\/2f073f2d87903a2ff9a065e41bbf17d4\",\"name\":\"Fernando Corraa\",\"image\":{\"@type\":\"ImageObject\",\"inLanguage\":\"pt-BR\",\"@id\":\"https:\\\/\\\/secure.gravatar.com\\\/avatar\\\/9069acb0e588c9f4346ba747284aef18a5faaab575e89e9ccc64e315003f0b82?s=96&d=monsterid&r=g\",\"url\":\"https:\\\/\\\/secure.gravatar.com\\\/avatar\\\/9069acb0e588c9f4346ba747284aef18a5faaab575e89e9ccc64e315003f0b82?s=96&d=monsterid&r=g\",\"contentUrl\":\"https:\\\/\\\/secure.gravatar.com\\\/avatar\\\/9069acb0e588c9f4346ba747284aef18a5faaab575e89e9ccc64e315003f0b82?s=96&d=monsterid&r=g\",\"caption\":\"Fernando Corraa\"},\"url\":\"https:\\\/\\\/mrnews.com.br\\\/index.php\\\/author\\\/fernando-corraa\\\/\"}]}<\/script>\n<!-- \/ Yoast SEO plugin. -->","yoast_head_json":{"title":"ONU prev\u00ea El Ni\u00f1o \"muito forte\" com dura\u00e7\u00e3o at\u00e9 fevereiro de 2027","robots":{"index":"index","follow":"follow","max-snippet":"max-snippet:-1","max-image-preview":"max-image-preview:large","max-video-preview":"max-video-preview:-1"},"canonical":"https:\/\/agenciabrasil.ebc.com.br\/internacional\/noticia\/2026-09\/onu-preve-el-nino-muito-forte-com-duracao-ate-fevereiro-de-2027","og_locale":"pt_BR","og_type":"article","og_title":"ONU prev\u00ea El Ni\u00f1o \"muito forte\" com dura\u00e7\u00e3o at\u00e9 fevereiro de 2027","og_description":"Por EBC, O fen\u00f4meno El Ni\u00f1o est\u00e1 &#8220;firmemente estabelecido&#8221; e dever\u00e1 aumentar seus efeitos\u00a0ainda mais nos pr\u00f3ximos meses, atingindo intensidade &#8220;muito forte&#8221; com probabilidade &#8220;pr\u00f3xima dos 100%&#8221; de durar at\u00e9 fevereiro de 2027, alertou hoje (3) a Organiza\u00e7\u00e3o Meteorol\u00f3gica Mundial. &#8220;O El Ni\u00f1o estabeleceu-se firmemente e ir\u00e1 se intensificar, tornando-se um fen\u00f4meno muito forte nos &hellip;","og_url":"https:\/\/agenciabrasil.ebc.com.br\/internacional\/noticia\/2026-09\/onu-preve-el-nino-muito-forte-com-duracao-ate-fevereiro-de-2027","og_site_name":"MRNews","article_publisher":"https:\/\/www.facebook.com\/eaipahpah\/?locale2=pt_BR","article_published_time":"2026-09-03T13:19:30+00:00","author":"Fernando Corraa","twitter_card":"summary_large_image","twitter_creator":"@conspirou","twitter_site":"@conspirou","twitter_misc":{"Escrito por":"Fernando Corraa","Est. tempo de leitura":"3 minutos"},"schema":{"@context":"https:\/\/schema.org","@graph":[{"@type":"Article","@id":"https:\/\/agenciabrasil.ebc.com.br\/internacional\/noticia\/2026-09\/onu-preve-el-nino-muito-forte-com-duracao-ate-fevereiro-de-2027#article","isPartOf":{"@id":"https:\/\/mrnews.com.br\/index.php\/2026\/09\/03\/onu-preve-el-nino-muito-forte-com-duracao-ate-fevereiro-de-2027\/"},"author":{"name":"Fernando Corraa","@id":"https:\/\/mrnews.com.br\/#\/schema\/person\/2f073f2d87903a2ff9a065e41bbf17d4"},"headline":"ONU prev\u00ea El Ni\u00f1o &#8220;muito forte&#8221; com dura\u00e7\u00e3o at\u00e9 fevereiro de 2027","datePublished":"2026-09-03T13:19:30+00:00","mainEntityOfPage":{"@id":"https:\/\/mrnews.com.br\/index.php\/2026\/09\/03\/onu-preve-el-nino-muito-forte-com-duracao-ate-fevereiro-de-2027\/"},"wordCount":655,"commentCount":0,"publisher":{"@id":"https:\/\/mrnews.com.br\/#organization"},"articleSection":["SERVI\u00c7OS"],"inLanguage":"pt-BR","potentialAction":[{"@type":"CommentAction","name":"Comment","target":["https:\/\/agenciabrasil.ebc.com.br\/internacional\/noticia\/2026-09\/onu-preve-el-nino-muito-forte-com-duracao-ate-fevereiro-de-2027#respond"]}]},{"@type":"WebPage","@id":"https:\/\/mrnews.com.br\/index.php\/2026\/09\/03\/onu-preve-el-nino-muito-forte-com-duracao-ate-fevereiro-de-2027\/","url":"https:\/\/agenciabrasil.ebc.com.br\/internacional\/noticia\/2026-09\/onu-preve-el-nino-muito-forte-com-duracao-ate-fevereiro-de-2027","name":"ONU prev\u00ea El Ni\u00f1o \"muito forte\" com dura\u00e7\u00e3o at\u00e9 fevereiro de 2027","isPartOf":{"@id":"https:\/\/mrnews.com.br\/#website"},"datePublished":"2026-09-03T13:19:30+00:00","breadcrumb":{"@id":"https:\/\/agenciabrasil.ebc.com.br\/internacional\/noticia\/2026-09\/onu-preve-el-nino-muito-forte-com-duracao-ate-fevereiro-de-2027#breadcrumb"},"inLanguage":"pt-BR","potentialAction":[{"@type":"ReadAction","target":["https:\/\/agenciabrasil.ebc.com.br\/internacional\/noticia\/2026-09\/onu-preve-el-nino-muito-forte-com-duracao-ate-fevereiro-de-2027"]}]},{"@type":"BreadcrumbList","@id":"https:\/\/agenciabrasil.ebc.com.br\/internacional\/noticia\/2026-09\/onu-preve-el-nino-muito-forte-com-duracao-ate-fevereiro-de-2027#breadcrumb","itemListElement":[{"@type":"ListItem","position":1,"name":"In\u00edcio","item":"https:\/\/mrnews.com.br\/"},{"@type":"ListItem","position":2,"name":"ONU prev\u00ea El Ni\u00f1o &#8220;muito forte&#8221; com dura\u00e7\u00e3o at\u00e9 fevereiro de 2027"}]},{"@type":"WebSite","@id":"https:\/\/mrnews.com.br\/#website","url":"https:\/\/mrnews.com.br\/","name":"MRNews","description":"MRNews Jogos de hoje da TV, transmiss\u00f5es ao vivo, Not\u00edcias de futebol, Jogos ao vivo, Lives, resumo de novelas, Programa\u00e7\u00e3o da Globo, A Fazenda e BBB","publisher":{"@id":"https:\/\/mrnews.com.br\/#organization"},"potentialAction":[{"@type":"SearchAction","target":{"@type":"EntryPoint","urlTemplate":"https:\/\/mrnews.com.br\/?s={search_term_string}"},"query-input":{"@type":"PropertyValueSpecification","valueRequired":true,"valueName":"search_term_string"}}],"inLanguage":"pt-BR"},{"@type":"Organization","@id":"https:\/\/mrnews.com.br\/#organization","name":"MRNews","url":"https:\/\/mrnews.com.br\/","logo":{"@type":"ImageObject","inLanguage":"pt-BR","@id":"https:\/\/mrnews.com.br\/#\/schema\/logo\/image\/","url":"https:\/\/mrnews.com.br\/wp-content\/uploads\/2026\/08\/MRNEws.png","contentUrl":"https:\/\/mrnews.com.br\/wp-content\/uploads\/2026\/08\/MRNEws.png","width":1254,"height":1254,"caption":"MRNews"},"image":{"@id":"https:\/\/mrnews.com.br\/#\/schema\/logo\/image\/"},"sameAs":["https:\/\/www.facebook.com\/eaipahpah\/?locale2=pt_BR","https:\/\/x.com\/conspirou","https:\/\/www.instagram.com\/eai_pahpah","https:\/\/br.pinterest.com\/mrnewsn\/boards\/","https:\/\/www.youtube.com\/channel\/UCacgnpznQ61fifLWr1tQ-vA?view_as=subscriber"]},{"@type":"Person","@id":"https:\/\/mrnews.com.br\/#\/schema\/person\/2f073f2d87903a2ff9a065e41bbf17d4","name":"Fernando Corraa","image":{"@type":"ImageObject","inLanguage":"pt-BR","@id":"https:\/\/secure.gravatar.com\/avatar\/9069acb0e588c9f4346ba747284aef18a5faaab575e89e9ccc64e315003f0b82?s=96&d=monsterid&r=g","url":"https:\/\/secure.gravatar.com\/avatar\/9069acb0e588c9f4346ba747284aef18a5faaab575e89e9ccc64e315003f0b82?s=96&d=monsterid&r=g","contentUrl":"https:\/\/secure.gravatar.com\/avatar\/9069acb0e588c9f4346ba747284aef18a5faaab575e89e9ccc64e315003f0b82?s=96&d=monsterid&r=g","caption":"Fernando Corraa"},"url":"https:\/\/mrnews.com.br\/index.php\/author\/fernando-corraa\/"}]}},"jetpack_sharing_enabled":true,"jetpack_shortlink":"https:\/\/wp.me\/pa2Qf7-1XfW","amp_enabled":true,"jetpack_featured_media_url":"","_links":{"self":[{"href":"https:\/\/mrnews.com.br\/index.php\/wp-json\/wp\/v2\/posts\/466112","targetHints":{"allow":["GET"]}}],"collection":[{"href":"https:\/\/mrnews.com.br\/index.php\/wp-json\/wp\/v2\/posts"}],"about":[{"href":"https:\/\/mrnews.com.br\/index.php\/wp-json\/wp\/v2\/types\/post"}],"author":[{"embeddable":true,"href":"https:\/\/mrnews.com.br\/index.php\/wp-json\/wp\/v2\/users\/39"}],"replies":[{"embeddable":true,"href":"https:\/\/mrnews.com.br\/index.php\/wp-json\/wp\/v2\/comments?post=466112"}],"version-history":[{"count":0,"href":"https:\/\/mrnews.com.br\/index.php\/wp-json\/wp\/v2\/posts\/466112\/revisions"}],"wp:attachment":[{"href":"https:\/\/mrnews.com.br\/index.php\/wp-json\/wp\/v2\/media?parent=466112"}],"wp:term":[{"taxonomy":"category","embeddable":true,"href":"https:\/\/mrnews.com.br\/index.php\/wp-json\/wp\/v2\/categories?post=466112"},{"taxonomy":"post_tag","embeddable":true,"href":"https:\/\/mrnews.com.br\/index.php\/wp-json\/wp\/v2\/tags?post=466112"}],"curies":[{"name":"wp","href":"https:\/\/api.w.org\/{rel}","templated":true}]}}