{"id":466119,"date":"2026-09-03T13:50:05","date_gmt":"2026-09-03T16:50:05","guid":{"rendered":"https:\/\/mrnews.com.br\/index.php\/2026\/09\/03\/mendonca-diz-que-deixara-sociedade-no-instituto-iter\/"},"modified":"2026-09-03T13:50:05","modified_gmt":"2026-09-03T16:50:05","slug":"mendonca-diz-que-deixara-sociedade-no-instituto-iter","status":"publish","type":"post","link":"https:\/\/mrnews.com.br\/index.php\/2026\/09\/03\/mendonca-diz-que-deixara-sociedade-no-instituto-iter\/","title":{"rendered":"Mendon\u00e7a diz que deixar\u00e1 sociedade no Instituto Iter"},"content":{"rendered":"<p>Por EBC, <\/p>\n<div>\n<p><strong>O ministro Andr\u00e9 Mendon\u00e7a, do Supremo Tribunal Federal (STF), anunciou nesta quinta-feira (3), que vai deixar a sociedade no Instituto Iter, institui\u00e7\u00e3o de ensino privada que oferece cursos de capacita\u00e7\u00e3o e p\u00f3s-gradua\u00e7\u00e3o executiva.<\/strong><\/p>\n<p>Em nota, Mendon\u00e7a afirma\u00a0que nunca recebeu lucros advindos do instituto que ajudou a fundar, em novembro de 2023, quase dois anos ap\u00f3s ele ter tomado posse como ministro da mais alta Corte de justi\u00e7a do pa\u00eds.<\/p>\n<p><strong>Mendon\u00e7a disse que ceder\u00e1 suas cotas, bem como as de sua esposa, Janei Mendon\u00e7a, de maneira que eventuais valores decorrentes da participa\u00e7\u00e3o do casal na empresa sejam destinadas para fins sociais e educacionais.<\/strong><\/p>\n<p>Ainda segundo Mendon\u00e7a, o Iter ser\u00e1 transformado em entidade sem fins\u00a0lucrativos, \u201crefor\u00e7ando sua voca\u00e7\u00e3o exclusivamente educacional e social\u201d, \u00e0 qual \u201co ministro permanecer\u00e1 prestando servi\u00e7os exclusivamente acad\u00eamicos, na qualidade de professor\u201d. No site do Iter, Mendon\u00e7a\u00a0\u00e9 apontado como professor do curso <em>Arte e a Ci\u00eancia da Orat\u00f3ria<\/em>.\u00a0<\/p>\n<p><strong>De acordo com o ministro, a decis\u00e3o de transformar o Iter em entidade sem fins lucrativos foi tomada em conjunto com o presidente do instituto, Victor Godoy Veiga.<\/strong><\/p>\n<p>Mendon\u00e7a e Veiga foram ministros de Estado durante o governo de Jair Bolsonaro. O primeiro, comandou o Minist\u00e9rio da Justi\u00e7a e Seguran\u00e7a P\u00fablica entre abril de 2020 e mar\u00e7o de 2021. Veiga chefiou o Minist\u00e9rio da Educa\u00e7\u00e3o de mar\u00e7o a 2022 e janeiro 2023.<\/p>\n<p>A Revista F\u00f3rum noticiou, esta manh\u00e3, em seu site, que, desde que foi fundado, o Iter firmou ao menos 55 contratos com \u00f3rg\u00e3os p\u00fablicos de 14 unidades federativas. Somados, os contratos envolvem valores da ordem de R$ 10,8 milh\u00f5es. De acordo com a apura\u00e7\u00e3o do jornalista Pl\u00ednio Teodoro, da F\u00f3rum, 54 desses contratos foram formalizados por meio de contrata\u00e7\u00e3o direta, sem a realiza\u00e7\u00e3o de licita\u00e7\u00e3o pr\u00e9via.<\/p>\n<p><strong>A reportagem da Ag\u00eancia Brasil entrou em contato com o Instituto Iter e aguarda uma resposta.<\/strong><\/p>\n<p>      <!-- Relacionada --><\/p>\n<p>            <!-- Relacionada -->\n    <\/div>\n","protected":false},"excerpt":{"rendered":"<p>Por EBC, O ministro Andr\u00e9 Mendon\u00e7a, do Supremo Tribunal Federal (STF), anunciou nesta quinta-feira (3), que vai deixar a sociedade no Instituto Iter, institui\u00e7\u00e3o de ensino privada que oferece cursos de capacita\u00e7\u00e3o e p\u00f3s-gradua\u00e7\u00e3o executiva. Em nota, Mendon\u00e7a afirma\u00a0que nunca recebeu lucros advindos do instituto que ajudou a fundar, em novembro de 2023, quase dois &hellip;<\/p>\n","protected":false},"author":39,"featured_media":0,"comment_status":"open","ping_status":"open","sticky":false,"template":"","format":"standard","meta":{"_jetpack_newsletter_access":"","_jetpack_dont_email_post_to_subs":false,"_jetpack_newsletter_tier_id":0,"_jetpack_memberships_contains_paywalled_content":false,"_jetpack_feature_clip_id":0,"_jetpack_memberships_contains_paid_content":false,"footnotes":"","jetpack_post_was_ever_published":false},"categories":[4],"tags":[],"class_list":["post-466119","post","type-post","status-publish","format-standard","hentry","category-servicos"],"yoast_head":"<!-- This site is optimized with the Yoast SEO plugin v28.4 - https:\/\/yoast.com\/product\/yoast-seo-wordpress\/ -->\n<title>Mendon\u00e7a diz que deixar\u00e1 sociedade no Instituto Iter<\/title>\n<meta name=\"robots\" content=\"index, follow, max-snippet:-1, max-image-preview:large, max-video-preview:-1\" \/>\n<link rel=\"canonical\" href=\"https:\/\/agenciabrasil.ebc.com.br\/justica\/noticia\/2026-09\/mendonca-diz-que-deixara-sociedade-no-instituto-iter\" \/>\n<meta property=\"og:locale\" content=\"pt_BR\" \/>\n<meta property=\"og:type\" content=\"article\" \/>\n<meta property=\"og:title\" content=\"Mendon\u00e7a diz que deixar\u00e1 sociedade no Instituto Iter\" \/>\n<meta property=\"og:description\" content=\"Por EBC, O ministro Andr\u00e9 Mendon\u00e7a, do Supremo Tribunal Federal (STF), anunciou nesta quinta-feira (3), que vai deixar a sociedade no Instituto Iter, institui\u00e7\u00e3o de ensino privada que oferece cursos de capacita\u00e7\u00e3o e p\u00f3s-gradua\u00e7\u00e3o executiva. Em nota, Mendon\u00e7a afirma\u00a0que nunca recebeu lucros advindos do instituto que ajudou a fundar, em novembro de 2023, quase dois &hellip;\" \/>\n<meta property=\"og:url\" content=\"https:\/\/agenciabrasil.ebc.com.br\/justica\/noticia\/2026-09\/mendonca-diz-que-deixara-sociedade-no-instituto-iter\" \/>\n<meta property=\"og:site_name\" content=\"MRNews\" \/>\n<meta property=\"article:publisher\" content=\"https:\/\/www.facebook.com\/eaipahpah\/?locale2=pt_BR\" \/>\n<meta property=\"article:published_time\" content=\"2026-09-03T16:50:05+00:00\" \/>\n<meta name=\"author\" content=\"Fernando Corraa\" \/>\n<meta name=\"twitter:card\" content=\"summary_large_image\" \/>\n<meta name=\"twitter:creator\" content=\"@conspirou\" \/>\n<meta name=\"twitter:site\" content=\"@conspirou\" \/>\n<meta name=\"twitter:label1\" content=\"Escrito por\" \/>\n\t<meta name=\"twitter:data1\" content=\"Fernando Corraa\" \/>\n\t<meta name=\"twitter:label2\" content=\"Est. tempo de leitura\" \/>\n\t<meta name=\"twitter:data2\" content=\"2 minutos\" \/>\n<script type=\"application\/ld+json\" class=\"yoast-schema-graph\">{\"@context\":\"https:\\\/\\\/schema.org\",\"@graph\":[{\"@type\":\"Article\",\"@id\":\"https:\\\/\\\/agenciabrasil.ebc.com.br\\\/justica\\\/noticia\\\/2026-09\\\/mendonca-diz-que-deixara-sociedade-no-instituto-iter#article\",\"isPartOf\":{\"@id\":\"https:\\\/\\\/mrnews.com.br\\\/index.php\\\/2026\\\/09\\\/03\\\/mendonca-diz-que-deixara-sociedade-no-instituto-iter\\\/\"},\"author\":{\"name\":\"Fernando Corraa\",\"@id\":\"https:\\\/\\\/mrnews.com.br\\\/#\\\/schema\\\/person\\\/2f073f2d87903a2ff9a065e41bbf17d4\"},\"headline\":\"Mendon\u00e7a diz que deixar\u00e1 sociedade no Instituto Iter\",\"datePublished\":\"2026-09-03T16:50:05+00:00\",\"mainEntityOfPage\":{\"@id\":\"https:\\\/\\\/mrnews.com.br\\\/index.php\\\/2026\\\/09\\\/03\\\/mendonca-diz-que-deixara-sociedade-no-instituto-iter\\\/\"},\"wordCount\":347,\"commentCount\":0,\"publisher\":{\"@id\":\"https:\\\/\\\/mrnews.com.br\\\/#organization\"},\"articleSection\":[\"SERVI\u00c7OS\"],\"inLanguage\":\"pt-BR\",\"potentialAction\":[{\"@type\":\"CommentAction\",\"name\":\"Comment\",\"target\":[\"https:\\\/\\\/agenciabrasil.ebc.com.br\\\/justica\\\/noticia\\\/2026-09\\\/mendonca-diz-que-deixara-sociedade-no-instituto-iter#respond\"]}]},{\"@type\":\"WebPage\",\"@id\":\"https:\\\/\\\/mrnews.com.br\\\/index.php\\\/2026\\\/09\\\/03\\\/mendonca-diz-que-deixara-sociedade-no-instituto-iter\\\/\",\"url\":\"https:\\\/\\\/agenciabrasil.ebc.com.br\\\/justica\\\/noticia\\\/2026-09\\\/mendonca-diz-que-deixara-sociedade-no-instituto-iter\",\"name\":\"Mendon\u00e7a diz que deixar\u00e1 sociedade no Instituto Iter\",\"isPartOf\":{\"@id\":\"https:\\\/\\\/mrnews.com.br\\\/#website\"},\"datePublished\":\"2026-09-03T16:50:05+00:00\",\"breadcrumb\":{\"@id\":\"https:\\\/\\\/agenciabrasil.ebc.com.br\\\/justica\\\/noticia\\\/2026-09\\\/mendonca-diz-que-deixara-sociedade-no-instituto-iter#breadcrumb\"},\"inLanguage\":\"pt-BR\",\"potentialAction\":[{\"@type\":\"ReadAction\",\"target\":[\"https:\\\/\\\/agenciabrasil.ebc.com.br\\\/justica\\\/noticia\\\/2026-09\\\/mendonca-diz-que-deixara-sociedade-no-instituto-iter\"]}]},{\"@type\":\"BreadcrumbList\",\"@id\":\"https:\\\/\\\/agenciabrasil.ebc.com.br\\\/justica\\\/noticia\\\/2026-09\\\/mendonca-diz-que-deixara-sociedade-no-instituto-iter#breadcrumb\",\"itemListElement\":[{\"@type\":\"ListItem\",\"position\":1,\"name\":\"In\u00edcio\",\"item\":\"https:\\\/\\\/mrnews.com.br\\\/\"},{\"@type\":\"ListItem\",\"position\":2,\"name\":\"Mendon\u00e7a diz que deixar\u00e1 sociedade no Instituto Iter\"}]},{\"@type\":\"WebSite\",\"@id\":\"https:\\\/\\\/mrnews.com.br\\\/#website\",\"url\":\"https:\\\/\\\/mrnews.com.br\\\/\",\"name\":\"MRNews\",\"description\":\"MRNews Jogos de hoje da TV, transmiss\u00f5es ao vivo, Not\u00edcias de futebol, Jogos ao vivo, Lives, resumo de novelas, Programa\u00e7\u00e3o da Globo, A Fazenda e BBB\",\"publisher\":{\"@id\":\"https:\\\/\\\/mrnews.com.br\\\/#organization\"},\"potentialAction\":[{\"@type\":\"SearchAction\",\"target\":{\"@type\":\"EntryPoint\",\"urlTemplate\":\"https:\\\/\\\/mrnews.com.br\\\/?s={search_term_string}\"},\"query-input\":{\"@type\":\"PropertyValueSpecification\",\"valueRequired\":true,\"valueName\":\"search_term_string\"}}],\"inLanguage\":\"pt-BR\"},{\"@type\":\"Organization\",\"@id\":\"https:\\\/\\\/mrnews.com.br\\\/#organization\",\"name\":\"MRNews\",\"url\":\"https:\\\/\\\/mrnews.com.br\\\/\",\"logo\":{\"@type\":\"ImageObject\",\"inLanguage\":\"pt-BR\",\"@id\":\"https:\\\/\\\/mrnews.com.br\\\/#\\\/schema\\\/logo\\\/image\\\/\",\"url\":\"https:\\\/\\\/mrnews.com.br\\\/wp-content\\\/uploads\\\/2026\\\/08\\\/MRNEws.png\",\"contentUrl\":\"https:\\\/\\\/mrnews.com.br\\\/wp-content\\\/uploads\\\/2026\\\/08\\\/MRNEws.png\",\"width\":1254,\"height\":1254,\"caption\":\"MRNews\"},\"image\":{\"@id\":\"https:\\\/\\\/mrnews.com.br\\\/#\\\/schema\\\/logo\\\/image\\\/\"},\"sameAs\":[\"https:\\\/\\\/www.facebook.com\\\/eaipahpah\\\/?locale2=pt_BR\",\"https:\\\/\\\/x.com\\\/conspirou\",\"https:\\\/\\\/www.instagram.com\\\/eai_pahpah\",\"https:\\\/\\\/br.pinterest.com\\\/mrnewsn\\\/boards\\\/\",\"https:\\\/\\\/www.youtube.com\\\/channel\\\/UCacgnpznQ61fifLWr1tQ-vA?view_as=subscriber\"]},{\"@type\":\"Person\",\"@id\":\"https:\\\/\\\/mrnews.com.br\\\/#\\\/schema\\\/person\\\/2f073f2d87903a2ff9a065e41bbf17d4\",\"name\":\"Fernando Corraa\",\"image\":{\"@type\":\"ImageObject\",\"inLanguage\":\"pt-BR\",\"@id\":\"https:\\\/\\\/secure.gravatar.com\\\/avatar\\\/9069acb0e588c9f4346ba747284aef18a5faaab575e89e9ccc64e315003f0b82?s=96&d=monsterid&r=g\",\"url\":\"https:\\\/\\\/secure.gravatar.com\\\/avatar\\\/9069acb0e588c9f4346ba747284aef18a5faaab575e89e9ccc64e315003f0b82?s=96&d=monsterid&r=g\",\"contentUrl\":\"https:\\\/\\\/secure.gravatar.com\\\/avatar\\\/9069acb0e588c9f4346ba747284aef18a5faaab575e89e9ccc64e315003f0b82?s=96&d=monsterid&r=g\",\"caption\":\"Fernando Corraa\"},\"url\":\"https:\\\/\\\/mrnews.com.br\\\/index.php\\\/author\\\/fernando-corraa\\\/\"}]}<\/script>\n<!-- \/ Yoast SEO plugin. -->","yoast_head_json":{"title":"Mendon\u00e7a diz que deixar\u00e1 sociedade no Instituto Iter","robots":{"index":"index","follow":"follow","max-snippet":"max-snippet:-1","max-image-preview":"max-image-preview:large","max-video-preview":"max-video-preview:-1"},"canonical":"https:\/\/agenciabrasil.ebc.com.br\/justica\/noticia\/2026-09\/mendonca-diz-que-deixara-sociedade-no-instituto-iter","og_locale":"pt_BR","og_type":"article","og_title":"Mendon\u00e7a diz que deixar\u00e1 sociedade no Instituto Iter","og_description":"Por EBC, O ministro Andr\u00e9 Mendon\u00e7a, do Supremo Tribunal Federal (STF), anunciou nesta quinta-feira (3), que vai deixar a sociedade no Instituto Iter, institui\u00e7\u00e3o de ensino privada que oferece cursos de capacita\u00e7\u00e3o e p\u00f3s-gradua\u00e7\u00e3o executiva. Em nota, Mendon\u00e7a afirma\u00a0que nunca recebeu lucros advindos do instituto que ajudou a fundar, em novembro de 2023, quase dois &hellip;","og_url":"https:\/\/agenciabrasil.ebc.com.br\/justica\/noticia\/2026-09\/mendonca-diz-que-deixara-sociedade-no-instituto-iter","og_site_name":"MRNews","article_publisher":"https:\/\/www.facebook.com\/eaipahpah\/?locale2=pt_BR","article_published_time":"2026-09-03T16:50:05+00:00","author":"Fernando Corraa","twitter_card":"summary_large_image","twitter_creator":"@conspirou","twitter_site":"@conspirou","twitter_misc":{"Escrito por":"Fernando Corraa","Est. tempo de leitura":"2 minutos"},"schema":{"@context":"https:\/\/schema.org","@graph":[{"@type":"Article","@id":"https:\/\/agenciabrasil.ebc.com.br\/justica\/noticia\/2026-09\/mendonca-diz-que-deixara-sociedade-no-instituto-iter#article","isPartOf":{"@id":"https:\/\/mrnews.com.br\/index.php\/2026\/09\/03\/mendonca-diz-que-deixara-sociedade-no-instituto-iter\/"},"author":{"name":"Fernando Corraa","@id":"https:\/\/mrnews.com.br\/#\/schema\/person\/2f073f2d87903a2ff9a065e41bbf17d4"},"headline":"Mendon\u00e7a diz que deixar\u00e1 sociedade no Instituto Iter","datePublished":"2026-09-03T16:50:05+00:00","mainEntityOfPage":{"@id":"https:\/\/mrnews.com.br\/index.php\/2026\/09\/03\/mendonca-diz-que-deixara-sociedade-no-instituto-iter\/"},"wordCount":347,"commentCount":0,"publisher":{"@id":"https:\/\/mrnews.com.br\/#organization"},"articleSection":["SERVI\u00c7OS"],"inLanguage":"pt-BR","potentialAction":[{"@type":"CommentAction","name":"Comment","target":["https:\/\/agenciabrasil.ebc.com.br\/justica\/noticia\/2026-09\/mendonca-diz-que-deixara-sociedade-no-instituto-iter#respond"]}]},{"@type":"WebPage","@id":"https:\/\/mrnews.com.br\/index.php\/2026\/09\/03\/mendonca-diz-que-deixara-sociedade-no-instituto-iter\/","url":"https:\/\/agenciabrasil.ebc.com.br\/justica\/noticia\/2026-09\/mendonca-diz-que-deixara-sociedade-no-instituto-iter","name":"Mendon\u00e7a diz que deixar\u00e1 sociedade no Instituto Iter","isPartOf":{"@id":"https:\/\/mrnews.com.br\/#website"},"datePublished":"2026-09-03T16:50:05+00:00","breadcrumb":{"@id":"https:\/\/agenciabrasil.ebc.com.br\/justica\/noticia\/2026-09\/mendonca-diz-que-deixara-sociedade-no-instituto-iter#breadcrumb"},"inLanguage":"pt-BR","potentialAction":[{"@type":"ReadAction","target":["https:\/\/agenciabrasil.ebc.com.br\/justica\/noticia\/2026-09\/mendonca-diz-que-deixara-sociedade-no-instituto-iter"]}]},{"@type":"BreadcrumbList","@id":"https:\/\/agenciabrasil.ebc.com.br\/justica\/noticia\/2026-09\/mendonca-diz-que-deixara-sociedade-no-instituto-iter#breadcrumb","itemListElement":[{"@type":"ListItem","position":1,"name":"In\u00edcio","item":"https:\/\/mrnews.com.br\/"},{"@type":"ListItem","position":2,"name":"Mendon\u00e7a diz que deixar\u00e1 sociedade no Instituto Iter"}]},{"@type":"WebSite","@id":"https:\/\/mrnews.com.br\/#website","url":"https:\/\/mrnews.com.br\/","name":"MRNews","description":"MRNews Jogos de hoje da TV, transmiss\u00f5es ao vivo, Not\u00edcias de futebol, Jogos ao vivo, Lives, resumo de novelas, Programa\u00e7\u00e3o da Globo, A Fazenda e BBB","publisher":{"@id":"https:\/\/mrnews.com.br\/#organization"},"potentialAction":[{"@type":"SearchAction","target":{"@type":"EntryPoint","urlTemplate":"https:\/\/mrnews.com.br\/?s={search_term_string}"},"query-input":{"@type":"PropertyValueSpecification","valueRequired":true,"valueName":"search_term_string"}}],"inLanguage":"pt-BR"},{"@type":"Organization","@id":"https:\/\/mrnews.com.br\/#organization","name":"MRNews","url":"https:\/\/mrnews.com.br\/","logo":{"@type":"ImageObject","inLanguage":"pt-BR","@id":"https:\/\/mrnews.com.br\/#\/schema\/logo\/image\/","url":"https:\/\/mrnews.com.br\/wp-content\/uploads\/2026\/08\/MRNEws.png","contentUrl":"https:\/\/mrnews.com.br\/wp-content\/uploads\/2026\/08\/MRNEws.png","width":1254,"height":1254,"caption":"MRNews"},"image":{"@id":"https:\/\/mrnews.com.br\/#\/schema\/logo\/image\/"},"sameAs":["https:\/\/www.facebook.com\/eaipahpah\/?locale2=pt_BR","https:\/\/x.com\/conspirou","https:\/\/www.instagram.com\/eai_pahpah","https:\/\/br.pinterest.com\/mrnewsn\/boards\/","https:\/\/www.youtube.com\/channel\/UCacgnpznQ61fifLWr1tQ-vA?view_as=subscriber"]},{"@type":"Person","@id":"https:\/\/mrnews.com.br\/#\/schema\/person\/2f073f2d87903a2ff9a065e41bbf17d4","name":"Fernando Corraa","image":{"@type":"ImageObject","inLanguage":"pt-BR","@id":"https:\/\/secure.gravatar.com\/avatar\/9069acb0e588c9f4346ba747284aef18a5faaab575e89e9ccc64e315003f0b82?s=96&d=monsterid&r=g","url":"https:\/\/secure.gravatar.com\/avatar\/9069acb0e588c9f4346ba747284aef18a5faaab575e89e9ccc64e315003f0b82?s=96&d=monsterid&r=g","contentUrl":"https:\/\/secure.gravatar.com\/avatar\/9069acb0e588c9f4346ba747284aef18a5faaab575e89e9ccc64e315003f0b82?s=96&d=monsterid&r=g","caption":"Fernando Corraa"},"url":"https:\/\/mrnews.com.br\/index.php\/author\/fernando-corraa\/"}]}},"jetpack_sharing_enabled":true,"jetpack_shortlink":"https:\/\/wp.me\/pa2Qf7-1Xg3","amp_enabled":true,"jetpack_featured_media_url":"","_links":{"self":[{"href":"https:\/\/mrnews.com.br\/index.php\/wp-json\/wp\/v2\/posts\/466119","targetHints":{"allow":["GET"]}}],"collection":[{"href":"https:\/\/mrnews.com.br\/index.php\/wp-json\/wp\/v2\/posts"}],"about":[{"href":"https:\/\/mrnews.com.br\/index.php\/wp-json\/wp\/v2\/types\/post"}],"author":[{"embeddable":true,"href":"https:\/\/mrnews.com.br\/index.php\/wp-json\/wp\/v2\/users\/39"}],"replies":[{"embeddable":true,"href":"https:\/\/mrnews.com.br\/index.php\/wp-json\/wp\/v2\/comments?post=466119"}],"version-history":[{"count":0,"href":"https:\/\/mrnews.com.br\/index.php\/wp-json\/wp\/v2\/posts\/466119\/revisions"}],"wp:attachment":[{"href":"https:\/\/mrnews.com.br\/index.php\/wp-json\/wp\/v2\/media?parent=466119"}],"wp:term":[{"taxonomy":"category","embeddable":true,"href":"https:\/\/mrnews.com.br\/index.php\/wp-json\/wp\/v2\/categories?post=466119"},{"taxonomy":"post_tag","embeddable":true,"href":"https:\/\/mrnews.com.br\/index.php\/wp-json\/wp\/v2\/tags?post=466119"}],"curies":[{"name":"wp","href":"https:\/\/api.w.org\/{rel}","templated":true}]}}