{"id":466123,"date":"2026-09-03T15:14:04","date_gmt":"2026-09-03T18:14:04","guid":{"rendered":"https:\/\/mrnews.com.br\/index.php\/2026\/09\/03\/em-audio-nikolas-pede-ajuda-a-vorcaro-para-liberar-ativo-de-minerio\/"},"modified":"2026-09-03T15:14:04","modified_gmt":"2026-09-03T18:14:04","slug":"em-audio-nikolas-pede-ajuda-a-vorcaro-para-liberar-ativo-de-minerio","status":"publish","type":"post","link":"https:\/\/mrnews.com.br\/index.php\/2026\/09\/03\/em-audio-nikolas-pede-ajuda-a-vorcaro-para-liberar-ativo-de-minerio\/","title":{"rendered":"Em \u00e1udio, Nikolas pede ajuda a Vorcaro para liberar ativo de min\u00e9rio"},"content":{"rendered":"<p>Por EBC, <\/p>\n<div>\n<p>\u00c1udios revelados pela jornalista Juliana Dal Piva, do portal ICL, revelam que o deputado federal Nikolas Ferreira (PL-MG) manteve contato com Daniel Vorcaro, dono do Banco Master e preso devido a fraudes no sistema banc\u00e1rio.<\/p>\n<p>No \u00e1udio, do dia 30 de mar\u00e7o de 2025, Nikolas\u00a0liga para Vorcaro e solicita\u00a0uma ajuda para seu ex-assessor\u00a0Thiago Rodrigues de Faria. O deputado pede que o banqueiro auxilie na libera\u00e7\u00e3o de \u201cum ativo de min\u00e9rio\u201d.<\/p>\n<p>Na conversa, Nikolas detalha o assunto a Vorcaro:<\/p>\n<p>\u201cEi Dani, tudo bom? Como voc\u00ea est\u00e1? Como est\u00e3o as coisas a\u00ed? Desculpa te incomodar num domingo a\u00ed, \u00e9 jogo r\u00e1pido, tamb\u00e9m n\u00e3o quero tomar muito seu tempo. \u00c9 o seguinte, meu amigo, meu advogado, enfim, irm\u00e3o meu aqui, comentou comigo e falou daqui do seu nome. Eu falei: \u2018n\u00e3o conhe\u00e7o o Dani, enfim, n\u00e3o tenho a proximidade assim, at\u00e9 mesmo a que eu queria ter, enfim, de conversar e trocar ideia, mas eu o conhe\u00e7o.\u2019 Ele falou: \u2018cara, t\u00f4 com um ativo miner\u00e1rio l\u00e1, inclusive j\u00e1 passou pela ficha t\u00e9cnica, o pessoal t\u00e9cnico dele, enfim, t\u00e1 pendente l\u00e1, tem algumas pessoas que sabem disso l\u00e1 na empresa.\u2019 E eu falei: \u2018n\u00e3o, u\u00e9, eu posso dar um toque nele\u2019. Ent\u00e3o assim, n\u00e3o sei nem do que se trata, mas enfim como \u00e9 uma pessoa, enfim, que eu confio totalmente, t\u00f4 passando a\u00ed pra voc\u00ea, pra se for do teu interesse, passar o contato dele aqui pra voc\u00eas tocarem isso, beleza? No mais, qualquer coisa t\u00f4 aqui \u00e0 disposi\u00e7\u00e3o\u201d, disse em mensagem de \u00e1udio o pol\u00edtico do PL.<\/p>\n<p>Segundo a reportagem do ICL, Vorcaro enviou na sequ\u00eancia um \u00e1udio de visualiza\u00e7\u00e3o \u00fanica. Nikolas agradece e Vorcaro manda mensagem: \u201cam\u00e9m, irm\u00e3o. Estamos na guerra juntos\u201d. O ex-banqueiro finaliza dizendo para o deputado que Thiago pode procur\u00e1-lo.<\/p>\n<p>O contato entre Vorcaro e Nikolas continuou no dia seguinte, 1\u00ba de abril, quando o pol\u00edtico avisa ao banqueiro que Thiago estar\u00e1 em Bras\u00edlia. No dia 2, Vorcaro responde com \u201cdeixa comigo\u201d.<\/p>\n<p>Em outro \u00e1udio, o deputado federal pede desculpas a Vorcaro por ter criticado publicamente um evento do Banco Master em Londres, em 2024, que reuniu ministros do Superior Tribunal de Justi\u00e7a (STJ), Supremo Tribunal Federal (STF) e Tribunal Superior Eleitoral (TSE).<\/p>\n<p>Nikolas disse que \u201cn\u00e3o fazia ideia que era este o banco do Dani, sen\u00e3o, obviamente eu n\u00e3o teria postado, j\u00e1 teria conversado anteriormente\u201d. O pol\u00edtico termina a conversa nesse mesmo \u00e1udio falando \u201cdepois vamos marcar da gente se encontrar tamb\u00e9m, t\u00e1 bem? Um abra\u00e7o, lind\u00e3o\u201d.<\/p>\n<h2>Avi\u00e3o de Vorcaro<\/h2>\n<p>Em mar\u00e7o de 2026, o jornal <em>O Globo <\/em>revelou que o deputado Nikolas Ferreira\u00a0havia usado, durante 10 dias, em outubro de 2022, um avi\u00e3o que pertencia a Vorcaro. O pol\u00edtico, nessa \u00e9poca, fazia campanha pela reelei\u00e7\u00e3o do ex-presidente Jair Bolsonaro.<\/p>\n<p>Na oportunidade, Nikolas informou que n\u00e3o sabia quem era o propriet\u00e1rio do avi\u00e3o e que s\u00f3 depois da utiliza\u00e7\u00e3o da aeronave \u00e9 que descobriu que pertencia ao ex-banqueiro.<\/p>\n<p>Em mensagens reveladas hoje pelo portal ICL, Daniel Vorcaro confirma em conversa com o empres\u00e1rio Fl\u00e1vio Carneiro, em abril de 2024, que bancou todos os voos utilizados por Nikolas Ferreira.\u00a0<\/p>\n<p>\u201cEsse Nikolas eu banquei todos os voos dele\u201d, afirmou o banqueiro a Carneiro. Vorcaro\u00a0amea\u00e7a expor o deputado federal em uma mensagem com erros de grafia:\u00a0\u201cVouch (sic) mandar soltsr isso\u201d [\u201cVou mandar soltar isso\u201d]. Nas mensagens Vorcaro n\u00e3o esclarece quantos voos pagou nem o per\u00edodo dessas viagens.<\/p>\n<p>A reportagem da <strong>Ag\u00eancia Brasil<\/strong> procurou a assessoria do deputado e, se houver resposta, o texto ser\u00e1 atualizado.\u00a0<\/p>\n<p>      <!-- Relacionada --><\/p>\n<p>            <!-- Relacionada -->\n    <\/div>\n","protected":false},"excerpt":{"rendered":"<p>Por EBC, \u00c1udios revelados pela jornalista Juliana Dal Piva, do portal ICL, revelam que o deputado federal Nikolas Ferreira (PL-MG) manteve contato com Daniel Vorcaro, dono do Banco Master e preso devido a fraudes no sistema banc\u00e1rio. No \u00e1udio, do dia 30 de mar\u00e7o de 2025, Nikolas\u00a0liga para Vorcaro e solicita\u00a0uma ajuda para seu ex-assessor\u00a0Thiago &hellip;<\/p>\n","protected":false},"author":39,"featured_media":0,"comment_status":"open","ping_status":"open","sticky":false,"template":"","format":"standard","meta":{"_jetpack_newsletter_access":"","_jetpack_dont_email_post_to_subs":false,"_jetpack_newsletter_tier_id":0,"_jetpack_memberships_contains_paywalled_content":false,"_jetpack_feature_clip_id":0,"_jetpack_memberships_contains_paid_content":false,"footnotes":"","jetpack_post_was_ever_published":false},"categories":[4],"tags":[],"class_list":["post-466123","post","type-post","status-publish","format-standard","hentry","category-servicos"],"yoast_head":"<!-- This site is optimized with the Yoast SEO plugin v28.4 - https:\/\/yoast.com\/product\/yoast-seo-wordpress\/ -->\n<title>Em \u00e1udio, Nikolas pede ajuda a Vorcaro para liberar ativo de min\u00e9rio<\/title>\n<meta name=\"robots\" content=\"index, follow, max-snippet:-1, max-image-preview:large, max-video-preview:-1\" \/>\n<link rel=\"canonical\" href=\"https:\/\/agenciabrasil.ebc.com.br\/politica\/noticia\/2026-09\/em-audio-nikolas-pede-ajuda-vorcaro-para-liberar-ativo-de-minerio\" \/>\n<meta property=\"og:locale\" content=\"pt_BR\" \/>\n<meta property=\"og:type\" content=\"article\" \/>\n<meta property=\"og:title\" content=\"Em \u00e1udio, Nikolas pede ajuda a Vorcaro para liberar ativo de min\u00e9rio\" \/>\n<meta property=\"og:description\" content=\"Por EBC, \u00c1udios revelados pela jornalista Juliana Dal Piva, do portal ICL, revelam que o deputado federal Nikolas Ferreira (PL-MG) manteve contato com Daniel Vorcaro, dono do Banco Master e preso devido a fraudes no sistema banc\u00e1rio. No \u00e1udio, do dia 30 de mar\u00e7o de 2025, Nikolas\u00a0liga para Vorcaro e solicita\u00a0uma ajuda para seu ex-assessor\u00a0Thiago &hellip;\" \/>\n<meta property=\"og:url\" content=\"https:\/\/agenciabrasil.ebc.com.br\/politica\/noticia\/2026-09\/em-audio-nikolas-pede-ajuda-vorcaro-para-liberar-ativo-de-minerio\" \/>\n<meta property=\"og:site_name\" content=\"MRNews\" \/>\n<meta property=\"article:publisher\" content=\"https:\/\/www.facebook.com\/eaipahpah\/?locale2=pt_BR\" \/>\n<meta property=\"article:published_time\" content=\"2026-09-03T18:14:04+00:00\" \/>\n<meta name=\"author\" content=\"Fernando Corraa\" \/>\n<meta name=\"twitter:card\" content=\"summary_large_image\" \/>\n<meta name=\"twitter:creator\" content=\"@conspirou\" \/>\n<meta name=\"twitter:site\" content=\"@conspirou\" \/>\n<meta name=\"twitter:label1\" content=\"Escrito por\" \/>\n\t<meta name=\"twitter:data1\" content=\"Fernando Corraa\" \/>\n\t<meta name=\"twitter:label2\" content=\"Est. tempo de leitura\" \/>\n\t<meta name=\"twitter:data2\" content=\"3 minutos\" \/>\n<script type=\"application\/ld+json\" class=\"yoast-schema-graph\">{\"@context\":\"https:\\\/\\\/schema.org\",\"@graph\":[{\"@type\":\"Article\",\"@id\":\"https:\\\/\\\/agenciabrasil.ebc.com.br\\\/politica\\\/noticia\\\/2026-09\\\/em-audio-nikolas-pede-ajuda-vorcaro-para-liberar-ativo-de-minerio#article\",\"isPartOf\":{\"@id\":\"https:\\\/\\\/mrnews.com.br\\\/index.php\\\/2026\\\/09\\\/03\\\/em-audio-nikolas-pede-ajuda-a-vorcaro-para-liberar-ativo-de-minerio\\\/\"},\"author\":{\"name\":\"Fernando Corraa\",\"@id\":\"https:\\\/\\\/mrnews.com.br\\\/#\\\/schema\\\/person\\\/2f073f2d87903a2ff9a065e41bbf17d4\"},\"headline\":\"Em \u00e1udio, Nikolas pede ajuda a Vorcaro para liberar ativo de min\u00e9rio\",\"datePublished\":\"2026-09-03T18:14:04+00:00\",\"mainEntityOfPage\":{\"@id\":\"https:\\\/\\\/mrnews.com.br\\\/index.php\\\/2026\\\/09\\\/03\\\/em-audio-nikolas-pede-ajuda-a-vorcaro-para-liberar-ativo-de-minerio\\\/\"},\"wordCount\":634,\"commentCount\":0,\"publisher\":{\"@id\":\"https:\\\/\\\/mrnews.com.br\\\/#organization\"},\"articleSection\":[\"SERVI\u00c7OS\"],\"inLanguage\":\"pt-BR\",\"potentialAction\":[{\"@type\":\"CommentAction\",\"name\":\"Comment\",\"target\":[\"https:\\\/\\\/agenciabrasil.ebc.com.br\\\/politica\\\/noticia\\\/2026-09\\\/em-audio-nikolas-pede-ajuda-vorcaro-para-liberar-ativo-de-minerio#respond\"]}]},{\"@type\":\"WebPage\",\"@id\":\"https:\\\/\\\/mrnews.com.br\\\/index.php\\\/2026\\\/09\\\/03\\\/em-audio-nikolas-pede-ajuda-a-vorcaro-para-liberar-ativo-de-minerio\\\/\",\"url\":\"https:\\\/\\\/agenciabrasil.ebc.com.br\\\/politica\\\/noticia\\\/2026-09\\\/em-audio-nikolas-pede-ajuda-vorcaro-para-liberar-ativo-de-minerio\",\"name\":\"Em \u00e1udio, Nikolas pede ajuda a Vorcaro para liberar ativo de min\u00e9rio\",\"isPartOf\":{\"@id\":\"https:\\\/\\\/mrnews.com.br\\\/#website\"},\"datePublished\":\"2026-09-03T18:14:04+00:00\",\"breadcrumb\":{\"@id\":\"https:\\\/\\\/agenciabrasil.ebc.com.br\\\/politica\\\/noticia\\\/2026-09\\\/em-audio-nikolas-pede-ajuda-vorcaro-para-liberar-ativo-de-minerio#breadcrumb\"},\"inLanguage\":\"pt-BR\",\"potentialAction\":[{\"@type\":\"ReadAction\",\"target\":[\"https:\\\/\\\/agenciabrasil.ebc.com.br\\\/politica\\\/noticia\\\/2026-09\\\/em-audio-nikolas-pede-ajuda-vorcaro-para-liberar-ativo-de-minerio\"]}]},{\"@type\":\"BreadcrumbList\",\"@id\":\"https:\\\/\\\/agenciabrasil.ebc.com.br\\\/politica\\\/noticia\\\/2026-09\\\/em-audio-nikolas-pede-ajuda-vorcaro-para-liberar-ativo-de-minerio#breadcrumb\",\"itemListElement\":[{\"@type\":\"ListItem\",\"position\":1,\"name\":\"In\u00edcio\",\"item\":\"https:\\\/\\\/mrnews.com.br\\\/\"},{\"@type\":\"ListItem\",\"position\":2,\"name\":\"Em \u00e1udio, Nikolas pede ajuda a Vorcaro para liberar ativo de min\u00e9rio\"}]},{\"@type\":\"WebSite\",\"@id\":\"https:\\\/\\\/mrnews.com.br\\\/#website\",\"url\":\"https:\\\/\\\/mrnews.com.br\\\/\",\"name\":\"MRNews\",\"description\":\"MRNews Jogos de hoje da TV, transmiss\u00f5es ao vivo, Not\u00edcias de futebol, Jogos ao vivo, Lives, resumo de novelas, Programa\u00e7\u00e3o da Globo, A Fazenda e BBB\",\"publisher\":{\"@id\":\"https:\\\/\\\/mrnews.com.br\\\/#organization\"},\"potentialAction\":[{\"@type\":\"SearchAction\",\"target\":{\"@type\":\"EntryPoint\",\"urlTemplate\":\"https:\\\/\\\/mrnews.com.br\\\/?s={search_term_string}\"},\"query-input\":{\"@type\":\"PropertyValueSpecification\",\"valueRequired\":true,\"valueName\":\"search_term_string\"}}],\"inLanguage\":\"pt-BR\"},{\"@type\":\"Organization\",\"@id\":\"https:\\\/\\\/mrnews.com.br\\\/#organization\",\"name\":\"MRNews\",\"url\":\"https:\\\/\\\/mrnews.com.br\\\/\",\"logo\":{\"@type\":\"ImageObject\",\"inLanguage\":\"pt-BR\",\"@id\":\"https:\\\/\\\/mrnews.com.br\\\/#\\\/schema\\\/logo\\\/image\\\/\",\"url\":\"https:\\\/\\\/mrnews.com.br\\\/wp-content\\\/uploads\\\/2026\\\/08\\\/MRNEws.png\",\"contentUrl\":\"https:\\\/\\\/mrnews.com.br\\\/wp-content\\\/uploads\\\/2026\\\/08\\\/MRNEws.png\",\"width\":1254,\"height\":1254,\"caption\":\"MRNews\"},\"image\":{\"@id\":\"https:\\\/\\\/mrnews.com.br\\\/#\\\/schema\\\/logo\\\/image\\\/\"},\"sameAs\":[\"https:\\\/\\\/www.facebook.com\\\/eaipahpah\\\/?locale2=pt_BR\",\"https:\\\/\\\/x.com\\\/conspirou\",\"https:\\\/\\\/www.instagram.com\\\/eai_pahpah\",\"https:\\\/\\\/br.pinterest.com\\\/mrnewsn\\\/boards\\\/\",\"https:\\\/\\\/www.youtube.com\\\/channel\\\/UCacgnpznQ61fifLWr1tQ-vA?view_as=subscriber\"]},{\"@type\":\"Person\",\"@id\":\"https:\\\/\\\/mrnews.com.br\\\/#\\\/schema\\\/person\\\/2f073f2d87903a2ff9a065e41bbf17d4\",\"name\":\"Fernando Corraa\",\"image\":{\"@type\":\"ImageObject\",\"inLanguage\":\"pt-BR\",\"@id\":\"https:\\\/\\\/secure.gravatar.com\\\/avatar\\\/9069acb0e588c9f4346ba747284aef18a5faaab575e89e9ccc64e315003f0b82?s=96&d=monsterid&r=g\",\"url\":\"https:\\\/\\\/secure.gravatar.com\\\/avatar\\\/9069acb0e588c9f4346ba747284aef18a5faaab575e89e9ccc64e315003f0b82?s=96&d=monsterid&r=g\",\"contentUrl\":\"https:\\\/\\\/secure.gravatar.com\\\/avatar\\\/9069acb0e588c9f4346ba747284aef18a5faaab575e89e9ccc64e315003f0b82?s=96&d=monsterid&r=g\",\"caption\":\"Fernando Corraa\"},\"url\":\"https:\\\/\\\/mrnews.com.br\\\/index.php\\\/author\\\/fernando-corraa\\\/\"}]}<\/script>\n<!-- \/ Yoast SEO plugin. -->","yoast_head_json":{"title":"Em \u00e1udio, Nikolas pede ajuda a Vorcaro para liberar ativo de min\u00e9rio","robots":{"index":"index","follow":"follow","max-snippet":"max-snippet:-1","max-image-preview":"max-image-preview:large","max-video-preview":"max-video-preview:-1"},"canonical":"https:\/\/agenciabrasil.ebc.com.br\/politica\/noticia\/2026-09\/em-audio-nikolas-pede-ajuda-vorcaro-para-liberar-ativo-de-minerio","og_locale":"pt_BR","og_type":"article","og_title":"Em \u00e1udio, Nikolas pede ajuda a Vorcaro para liberar ativo de min\u00e9rio","og_description":"Por EBC, \u00c1udios revelados pela jornalista Juliana Dal Piva, do portal ICL, revelam que o deputado federal Nikolas Ferreira (PL-MG) manteve contato com Daniel Vorcaro, dono do Banco Master e preso devido a fraudes no sistema banc\u00e1rio. No \u00e1udio, do dia 30 de mar\u00e7o de 2025, Nikolas\u00a0liga para Vorcaro e solicita\u00a0uma ajuda para seu ex-assessor\u00a0Thiago &hellip;","og_url":"https:\/\/agenciabrasil.ebc.com.br\/politica\/noticia\/2026-09\/em-audio-nikolas-pede-ajuda-vorcaro-para-liberar-ativo-de-minerio","og_site_name":"MRNews","article_publisher":"https:\/\/www.facebook.com\/eaipahpah\/?locale2=pt_BR","article_published_time":"2026-09-03T18:14:04+00:00","author":"Fernando Corraa","twitter_card":"summary_large_image","twitter_creator":"@conspirou","twitter_site":"@conspirou","twitter_misc":{"Escrito por":"Fernando Corraa","Est. tempo de leitura":"3 minutos"},"schema":{"@context":"https:\/\/schema.org","@graph":[{"@type":"Article","@id":"https:\/\/agenciabrasil.ebc.com.br\/politica\/noticia\/2026-09\/em-audio-nikolas-pede-ajuda-vorcaro-para-liberar-ativo-de-minerio#article","isPartOf":{"@id":"https:\/\/mrnews.com.br\/index.php\/2026\/09\/03\/em-audio-nikolas-pede-ajuda-a-vorcaro-para-liberar-ativo-de-minerio\/"},"author":{"name":"Fernando Corraa","@id":"https:\/\/mrnews.com.br\/#\/schema\/person\/2f073f2d87903a2ff9a065e41bbf17d4"},"headline":"Em \u00e1udio, Nikolas pede ajuda a Vorcaro para liberar ativo de min\u00e9rio","datePublished":"2026-09-03T18:14:04+00:00","mainEntityOfPage":{"@id":"https:\/\/mrnews.com.br\/index.php\/2026\/09\/03\/em-audio-nikolas-pede-ajuda-a-vorcaro-para-liberar-ativo-de-minerio\/"},"wordCount":634,"commentCount":0,"publisher":{"@id":"https:\/\/mrnews.com.br\/#organization"},"articleSection":["SERVI\u00c7OS"],"inLanguage":"pt-BR","potentialAction":[{"@type":"CommentAction","name":"Comment","target":["https:\/\/agenciabrasil.ebc.com.br\/politica\/noticia\/2026-09\/em-audio-nikolas-pede-ajuda-vorcaro-para-liberar-ativo-de-minerio#respond"]}]},{"@type":"WebPage","@id":"https:\/\/mrnews.com.br\/index.php\/2026\/09\/03\/em-audio-nikolas-pede-ajuda-a-vorcaro-para-liberar-ativo-de-minerio\/","url":"https:\/\/agenciabrasil.ebc.com.br\/politica\/noticia\/2026-09\/em-audio-nikolas-pede-ajuda-vorcaro-para-liberar-ativo-de-minerio","name":"Em \u00e1udio, Nikolas pede ajuda a Vorcaro para liberar ativo de min\u00e9rio","isPartOf":{"@id":"https:\/\/mrnews.com.br\/#website"},"datePublished":"2026-09-03T18:14:04+00:00","breadcrumb":{"@id":"https:\/\/agenciabrasil.ebc.com.br\/politica\/noticia\/2026-09\/em-audio-nikolas-pede-ajuda-vorcaro-para-liberar-ativo-de-minerio#breadcrumb"},"inLanguage":"pt-BR","potentialAction":[{"@type":"ReadAction","target":["https:\/\/agenciabrasil.ebc.com.br\/politica\/noticia\/2026-09\/em-audio-nikolas-pede-ajuda-vorcaro-para-liberar-ativo-de-minerio"]}]},{"@type":"BreadcrumbList","@id":"https:\/\/agenciabrasil.ebc.com.br\/politica\/noticia\/2026-09\/em-audio-nikolas-pede-ajuda-vorcaro-para-liberar-ativo-de-minerio#breadcrumb","itemListElement":[{"@type":"ListItem","position":1,"name":"In\u00edcio","item":"https:\/\/mrnews.com.br\/"},{"@type":"ListItem","position":2,"name":"Em \u00e1udio, Nikolas pede ajuda a Vorcaro para liberar ativo de min\u00e9rio"}]},{"@type":"WebSite","@id":"https:\/\/mrnews.com.br\/#website","url":"https:\/\/mrnews.com.br\/","name":"MRNews","description":"MRNews Jogos de hoje da TV, transmiss\u00f5es ao vivo, Not\u00edcias de futebol, Jogos ao vivo, Lives, resumo de novelas, Programa\u00e7\u00e3o da Globo, A Fazenda e BBB","publisher":{"@id":"https:\/\/mrnews.com.br\/#organization"},"potentialAction":[{"@type":"SearchAction","target":{"@type":"EntryPoint","urlTemplate":"https:\/\/mrnews.com.br\/?s={search_term_string}"},"query-input":{"@type":"PropertyValueSpecification","valueRequired":true,"valueName":"search_term_string"}}],"inLanguage":"pt-BR"},{"@type":"Organization","@id":"https:\/\/mrnews.com.br\/#organization","name":"MRNews","url":"https:\/\/mrnews.com.br\/","logo":{"@type":"ImageObject","inLanguage":"pt-BR","@id":"https:\/\/mrnews.com.br\/#\/schema\/logo\/image\/","url":"https:\/\/mrnews.com.br\/wp-content\/uploads\/2026\/08\/MRNEws.png","contentUrl":"https:\/\/mrnews.com.br\/wp-content\/uploads\/2026\/08\/MRNEws.png","width":1254,"height":1254,"caption":"MRNews"},"image":{"@id":"https:\/\/mrnews.com.br\/#\/schema\/logo\/image\/"},"sameAs":["https:\/\/www.facebook.com\/eaipahpah\/?locale2=pt_BR","https:\/\/x.com\/conspirou","https:\/\/www.instagram.com\/eai_pahpah","https:\/\/br.pinterest.com\/mrnewsn\/boards\/","https:\/\/www.youtube.com\/channel\/UCacgnpznQ61fifLWr1tQ-vA?view_as=subscriber"]},{"@type":"Person","@id":"https:\/\/mrnews.com.br\/#\/schema\/person\/2f073f2d87903a2ff9a065e41bbf17d4","name":"Fernando Corraa","image":{"@type":"ImageObject","inLanguage":"pt-BR","@id":"https:\/\/secure.gravatar.com\/avatar\/9069acb0e588c9f4346ba747284aef18a5faaab575e89e9ccc64e315003f0b82?s=96&d=monsterid&r=g","url":"https:\/\/secure.gravatar.com\/avatar\/9069acb0e588c9f4346ba747284aef18a5faaab575e89e9ccc64e315003f0b82?s=96&d=monsterid&r=g","contentUrl":"https:\/\/secure.gravatar.com\/avatar\/9069acb0e588c9f4346ba747284aef18a5faaab575e89e9ccc64e315003f0b82?s=96&d=monsterid&r=g","caption":"Fernando Corraa"},"url":"https:\/\/mrnews.com.br\/index.php\/author\/fernando-corraa\/"}]}},"jetpack_sharing_enabled":true,"jetpack_shortlink":"https:\/\/wp.me\/pa2Qf7-1Xg7","amp_enabled":true,"jetpack_featured_media_url":"","_links":{"self":[{"href":"https:\/\/mrnews.com.br\/index.php\/wp-json\/wp\/v2\/posts\/466123","targetHints":{"allow":["GET"]}}],"collection":[{"href":"https:\/\/mrnews.com.br\/index.php\/wp-json\/wp\/v2\/posts"}],"about":[{"href":"https:\/\/mrnews.com.br\/index.php\/wp-json\/wp\/v2\/types\/post"}],"author":[{"embeddable":true,"href":"https:\/\/mrnews.com.br\/index.php\/wp-json\/wp\/v2\/users\/39"}],"replies":[{"embeddable":true,"href":"https:\/\/mrnews.com.br\/index.php\/wp-json\/wp\/v2\/comments?post=466123"}],"version-history":[{"count":0,"href":"https:\/\/mrnews.com.br\/index.php\/wp-json\/wp\/v2\/posts\/466123\/revisions"}],"wp:attachment":[{"href":"https:\/\/mrnews.com.br\/index.php\/wp-json\/wp\/v2\/media?parent=466123"}],"wp:term":[{"taxonomy":"category","embeddable":true,"href":"https:\/\/mrnews.com.br\/index.php\/wp-json\/wp\/v2\/categories?post=466123"},{"taxonomy":"post_tag","embeddable":true,"href":"https:\/\/mrnews.com.br\/index.php\/wp-json\/wp\/v2\/tags?post=466123"}],"curies":[{"name":"wp","href":"https:\/\/api.w.org\/{rel}","templated":true}]}}