{"id":466124,"date":"2026-09-03T15:26:11","date_gmt":"2026-09-03T18:26:11","guid":{"rendered":"https:\/\/mrnews.com.br\/index.php\/2026\/09\/03\/idosos-do-cras-de-mangabeira-participam-do-desfile-civico-na-avenida-josefa-taveira\/"},"modified":"2026-09-03T15:26:11","modified_gmt":"2026-09-03T18:26:11","slug":"idosos-do-cras-de-mangabeira-participam-do-desfile-civico-na-avenida-josefa-taveira","status":"publish","type":"post","link":"https:\/\/mrnews.com.br\/index.php\/2026\/09\/03\/idosos-do-cras-de-mangabeira-participam-do-desfile-civico-na-avenida-josefa-taveira\/","title":{"rendered":"Idosos do Cras de Mangabeira participam do desfile c\u00edvico na Avenida Josefa Taveira"},"content":{"rendered":"<p><\/p>\n<div id=\"texto\">\n<p>Os grupos de idosos atendidos pelo Centro de Refer\u00eancia de Assist\u00eancia Social (Cras) de Mangabeira participar\u00e3o do Desfile C\u00edvico que acontece neste domingo (6), a partir das 8h, na Avenida Josefa Taveira, em Mangabeira. Quase 80 idosos levar\u00e3o uma mensagem de inclus\u00e3o, participa\u00e7\u00e3o e valoriza\u00e7\u00e3o da pessoa idosa.<\/p>\n<p>Entre as tem\u00e1ticas apresentadas estar\u00e3o: a proposta do curso \u2018Digital para Todos\u2019, incentivando o acesso e a autonomia dos idosos no uso das tecnologias; m\u00fasica para a terceira idade, com a apresenta\u00e7\u00e3o do Coral de Mangabeira; e dan\u00e7a para a terceira idade, valorizando a express\u00e3o corporal, a cultura e o envelhecimento ativo.<\/p>\n<p>A coordenadora do Cras de Mangabeira, Camilla Carvalho, conta que os idosos participaram ativamente da constru\u00e7\u00e3o da apresenta\u00e7\u00e3o, contribuindo na organiza\u00e7\u00e3o das alas, na escolha das tem\u00e1ticas e nos ensaios das m\u00fasicas, dan\u00e7as e demais atividades que ser\u00e3o apresentadas na avenida.<\/p>\n<p>\u201cJ\u00e1 s\u00e3o 10 anos participando do Desfile C\u00edvico de Mangabeira. A participa\u00e7\u00e3o deles no evento refor\u00e7a sua autonomia e protagonismo social, demonstrando que o envelhecimento \u00e9 acompanhado de cidadania e inclus\u00e3o. Al\u00e9m disso, a presen\u00e7a na avenida refor\u00e7a o impacto das pol\u00edticas de assist\u00eancia social na promo\u00e7\u00e3o da conviv\u00eancia e no fortalecimento dos v\u00ednculos comunit\u00e1rios\u201d, ressaltou Camilla Carvalho.<\/p>\n<p>O Cras Mangabeira atende aproximadamente 128 idosos por meio dos grupos do Servi\u00e7o de Conviv\u00eancia e Fortalecimento de V\u00ednculos (SCFV). S\u00e3o realizadas atividades voltadas para conviv\u00eancia, cultura, lazer, participa\u00e7\u00e3o social, preven\u00e7\u00e3o e promo\u00e7\u00e3o do envelhecimento ativo.<\/p>\n<p>Entre elas est\u00e3o: canto coral, dan\u00e7as populares, artesanato, atividades de lazer, passeios e atividades culturais, rodas de di\u00e1logo, a\u00e7\u00f5es preventivas e educativas, atividades de arte e cultura, al\u00e9m de momentos de conviv\u00eancia e integra\u00e7\u00e3o.<\/p>\n<\/p><\/div>\n","protected":false},"excerpt":{"rendered":"<p>Os grupos de idosos atendidos pelo Centro de Refer\u00eancia de Assist\u00eancia Social (Cras) de Mangabeira participar\u00e3o do Desfile C\u00edvico que acontece neste domingo (6), a partir das 8h, na Avenida Josefa Taveira, em Mangabeira. Quase 80 idosos levar\u00e3o uma mensagem de inclus\u00e3o, participa\u00e7\u00e3o e valoriza\u00e7\u00e3o da pessoa idosa. Entre as tem\u00e1ticas apresentadas estar\u00e3o: a proposta &hellip;<\/p>\n","protected":false},"author":39,"featured_media":0,"comment_status":"open","ping_status":"open","sticky":false,"template":"","format":"standard","meta":{"_jetpack_newsletter_access":"","_jetpack_dont_email_post_to_subs":false,"_jetpack_newsletter_tier_id":0,"_jetpack_memberships_contains_paywalled_content":false,"_jetpack_feature_clip_id":0,"_jetpack_memberships_contains_paid_content":false,"footnotes":"","jetpack_post_was_ever_published":false},"categories":[4],"tags":[],"class_list":["post-466124","post","type-post","status-publish","format-standard","hentry","category-servicos"],"yoast_head":"<!-- This site is optimized with the Yoast SEO plugin v28.4 - https:\/\/yoast.com\/product\/yoast-seo-wordpress\/ -->\n<title>Idosos do Cras de Mangabeira participam do desfile c\u00edvico na Avenida Josefa Taveira<\/title>\n<meta name=\"robots\" content=\"index, follow, max-snippet:-1, max-image-preview:large, max-video-preview:-1\" \/>\n<link rel=\"canonical\" href=\"https:\/\/www.joaopessoa.pb.gov.br\/noticias\/idosos-do-cras-de-mangabeira-participam-do-desfile-civico-na-avenida-josefa-taveira\/\" \/>\n<meta property=\"og:locale\" content=\"pt_BR\" \/>\n<meta property=\"og:type\" content=\"article\" \/>\n<meta property=\"og:title\" content=\"Idosos do Cras de Mangabeira participam do desfile c\u00edvico na Avenida Josefa Taveira\" \/>\n<meta property=\"og:description\" content=\"Os grupos de idosos atendidos pelo Centro de Refer\u00eancia de Assist\u00eancia Social (Cras) de Mangabeira participar\u00e3o do Desfile C\u00edvico que acontece neste domingo (6), a partir das 8h, na Avenida Josefa Taveira, em Mangabeira. Quase 80 idosos levar\u00e3o uma mensagem de inclus\u00e3o, participa\u00e7\u00e3o e valoriza\u00e7\u00e3o da pessoa idosa. Entre as tem\u00e1ticas apresentadas estar\u00e3o: a proposta &hellip;\" \/>\n<meta property=\"og:url\" content=\"https:\/\/www.joaopessoa.pb.gov.br\/noticias\/idosos-do-cras-de-mangabeira-participam-do-desfile-civico-na-avenida-josefa-taveira\/\" \/>\n<meta property=\"og:site_name\" content=\"MRNews\" \/>\n<meta property=\"article:publisher\" content=\"https:\/\/www.facebook.com\/eaipahpah\/?locale2=pt_BR\" \/>\n<meta property=\"article:published_time\" content=\"2026-09-03T18:26:11+00:00\" \/>\n<meta name=\"author\" content=\"Fernando Corraa\" \/>\n<meta name=\"twitter:card\" content=\"summary_large_image\" \/>\n<meta name=\"twitter:creator\" content=\"@conspirou\" \/>\n<meta name=\"twitter:site\" content=\"@conspirou\" \/>\n<meta name=\"twitter:label1\" content=\"Escrito por\" \/>\n\t<meta name=\"twitter:data1\" content=\"Fernando Corraa\" \/>\n\t<meta name=\"twitter:label2\" content=\"Est. tempo de leitura\" \/>\n\t<meta name=\"twitter:data2\" content=\"2 minutos\" \/>\n<script type=\"application\/ld+json\" class=\"yoast-schema-graph\">{\"@context\":\"https:\\\/\\\/schema.org\",\"@graph\":[{\"@type\":\"Article\",\"@id\":\"https:\\\/\\\/www.joaopessoa.pb.gov.br\\\/noticias\\\/idosos-do-cras-de-mangabeira-participam-do-desfile-civico-na-avenida-josefa-taveira\\\/#article\",\"isPartOf\":{\"@id\":\"https:\\\/\\\/mrnews.com.br\\\/index.php\\\/2026\\\/09\\\/03\\\/idosos-do-cras-de-mangabeira-participam-do-desfile-civico-na-avenida-josefa-taveira\\\/\"},\"author\":{\"name\":\"Fernando Corraa\",\"@id\":\"https:\\\/\\\/mrnews.com.br\\\/#\\\/schema\\\/person\\\/2f073f2d87903a2ff9a065e41bbf17d4\"},\"headline\":\"Idosos do Cras de Mangabeira participam do desfile c\u00edvico na Avenida Josefa Taveira\",\"datePublished\":\"2026-09-03T18:26:11+00:00\",\"mainEntityOfPage\":{\"@id\":\"https:\\\/\\\/mrnews.com.br\\\/index.php\\\/2026\\\/09\\\/03\\\/idosos-do-cras-de-mangabeira-participam-do-desfile-civico-na-avenida-josefa-taveira\\\/\"},\"wordCount\":328,\"commentCount\":0,\"publisher\":{\"@id\":\"https:\\\/\\\/mrnews.com.br\\\/#organization\"},\"articleSection\":[\"SERVI\u00c7OS\"],\"inLanguage\":\"pt-BR\",\"potentialAction\":[{\"@type\":\"CommentAction\",\"name\":\"Comment\",\"target\":[\"https:\\\/\\\/www.joaopessoa.pb.gov.br\\\/noticias\\\/idosos-do-cras-de-mangabeira-participam-do-desfile-civico-na-avenida-josefa-taveira\\\/#respond\"]}]},{\"@type\":\"WebPage\",\"@id\":\"https:\\\/\\\/mrnews.com.br\\\/index.php\\\/2026\\\/09\\\/03\\\/idosos-do-cras-de-mangabeira-participam-do-desfile-civico-na-avenida-josefa-taveira\\\/\",\"url\":\"https:\\\/\\\/www.joaopessoa.pb.gov.br\\\/noticias\\\/idosos-do-cras-de-mangabeira-participam-do-desfile-civico-na-avenida-josefa-taveira\\\/\",\"name\":\"Idosos do Cras de Mangabeira participam do desfile c\u00edvico na Avenida Josefa Taveira\",\"isPartOf\":{\"@id\":\"https:\\\/\\\/mrnews.com.br\\\/#website\"},\"datePublished\":\"2026-09-03T18:26:11+00:00\",\"breadcrumb\":{\"@id\":\"https:\\\/\\\/www.joaopessoa.pb.gov.br\\\/noticias\\\/idosos-do-cras-de-mangabeira-participam-do-desfile-civico-na-avenida-josefa-taveira\\\/#breadcrumb\"},\"inLanguage\":\"pt-BR\",\"potentialAction\":[{\"@type\":\"ReadAction\",\"target\":[\"https:\\\/\\\/www.joaopessoa.pb.gov.br\\\/noticias\\\/idosos-do-cras-de-mangabeira-participam-do-desfile-civico-na-avenida-josefa-taveira\\\/\"]}]},{\"@type\":\"BreadcrumbList\",\"@id\":\"https:\\\/\\\/www.joaopessoa.pb.gov.br\\\/noticias\\\/idosos-do-cras-de-mangabeira-participam-do-desfile-civico-na-avenida-josefa-taveira\\\/#breadcrumb\",\"itemListElement\":[{\"@type\":\"ListItem\",\"position\":1,\"name\":\"In\u00edcio\",\"item\":\"https:\\\/\\\/mrnews.com.br\\\/\"},{\"@type\":\"ListItem\",\"position\":2,\"name\":\"Idosos do Cras de Mangabeira participam do desfile c\u00edvico na Avenida Josefa Taveira\"}]},{\"@type\":\"WebSite\",\"@id\":\"https:\\\/\\\/mrnews.com.br\\\/#website\",\"url\":\"https:\\\/\\\/mrnews.com.br\\\/\",\"name\":\"MRNews\",\"description\":\"MRNews Jogos de hoje da TV, transmiss\u00f5es ao vivo, Not\u00edcias de futebol, Jogos ao vivo, Lives, resumo de novelas, Programa\u00e7\u00e3o da Globo, A Fazenda e BBB\",\"publisher\":{\"@id\":\"https:\\\/\\\/mrnews.com.br\\\/#organization\"},\"potentialAction\":[{\"@type\":\"SearchAction\",\"target\":{\"@type\":\"EntryPoint\",\"urlTemplate\":\"https:\\\/\\\/mrnews.com.br\\\/?s={search_term_string}\"},\"query-input\":{\"@type\":\"PropertyValueSpecification\",\"valueRequired\":true,\"valueName\":\"search_term_string\"}}],\"inLanguage\":\"pt-BR\"},{\"@type\":\"Organization\",\"@id\":\"https:\\\/\\\/mrnews.com.br\\\/#organization\",\"name\":\"MRNews\",\"url\":\"https:\\\/\\\/mrnews.com.br\\\/\",\"logo\":{\"@type\":\"ImageObject\",\"inLanguage\":\"pt-BR\",\"@id\":\"https:\\\/\\\/mrnews.com.br\\\/#\\\/schema\\\/logo\\\/image\\\/\",\"url\":\"https:\\\/\\\/mrnews.com.br\\\/wp-content\\\/uploads\\\/2026\\\/08\\\/MRNEws.png\",\"contentUrl\":\"https:\\\/\\\/mrnews.com.br\\\/wp-content\\\/uploads\\\/2026\\\/08\\\/MRNEws.png\",\"width\":1254,\"height\":1254,\"caption\":\"MRNews\"},\"image\":{\"@id\":\"https:\\\/\\\/mrnews.com.br\\\/#\\\/schema\\\/logo\\\/image\\\/\"},\"sameAs\":[\"https:\\\/\\\/www.facebook.com\\\/eaipahpah\\\/?locale2=pt_BR\",\"https:\\\/\\\/x.com\\\/conspirou\",\"https:\\\/\\\/www.instagram.com\\\/eai_pahpah\",\"https:\\\/\\\/br.pinterest.com\\\/mrnewsn\\\/boards\\\/\",\"https:\\\/\\\/www.youtube.com\\\/channel\\\/UCacgnpznQ61fifLWr1tQ-vA?view_as=subscriber\"]},{\"@type\":\"Person\",\"@id\":\"https:\\\/\\\/mrnews.com.br\\\/#\\\/schema\\\/person\\\/2f073f2d87903a2ff9a065e41bbf17d4\",\"name\":\"Fernando Corraa\",\"image\":{\"@type\":\"ImageObject\",\"inLanguage\":\"pt-BR\",\"@id\":\"https:\\\/\\\/secure.gravatar.com\\\/avatar\\\/9069acb0e588c9f4346ba747284aef18a5faaab575e89e9ccc64e315003f0b82?s=96&d=monsterid&r=g\",\"url\":\"https:\\\/\\\/secure.gravatar.com\\\/avatar\\\/9069acb0e588c9f4346ba747284aef18a5faaab575e89e9ccc64e315003f0b82?s=96&d=monsterid&r=g\",\"contentUrl\":\"https:\\\/\\\/secure.gravatar.com\\\/avatar\\\/9069acb0e588c9f4346ba747284aef18a5faaab575e89e9ccc64e315003f0b82?s=96&d=monsterid&r=g\",\"caption\":\"Fernando Corraa\"},\"url\":\"https:\\\/\\\/mrnews.com.br\\\/index.php\\\/author\\\/fernando-corraa\\\/\"}]}<\/script>\n<!-- \/ Yoast SEO plugin. -->","yoast_head_json":{"title":"Idosos do Cras de Mangabeira participam do desfile c\u00edvico na Avenida Josefa Taveira","robots":{"index":"index","follow":"follow","max-snippet":"max-snippet:-1","max-image-preview":"max-image-preview:large","max-video-preview":"max-video-preview:-1"},"canonical":"https:\/\/www.joaopessoa.pb.gov.br\/noticias\/idosos-do-cras-de-mangabeira-participam-do-desfile-civico-na-avenida-josefa-taveira\/","og_locale":"pt_BR","og_type":"article","og_title":"Idosos do Cras de Mangabeira participam do desfile c\u00edvico na Avenida Josefa Taveira","og_description":"Os grupos de idosos atendidos pelo Centro de Refer\u00eancia de Assist\u00eancia Social (Cras) de Mangabeira participar\u00e3o do Desfile C\u00edvico que acontece neste domingo (6), a partir das 8h, na Avenida Josefa Taveira, em Mangabeira. Quase 80 idosos levar\u00e3o uma mensagem de inclus\u00e3o, participa\u00e7\u00e3o e valoriza\u00e7\u00e3o da pessoa idosa. Entre as tem\u00e1ticas apresentadas estar\u00e3o: a proposta &hellip;","og_url":"https:\/\/www.joaopessoa.pb.gov.br\/noticias\/idosos-do-cras-de-mangabeira-participam-do-desfile-civico-na-avenida-josefa-taveira\/","og_site_name":"MRNews","article_publisher":"https:\/\/www.facebook.com\/eaipahpah\/?locale2=pt_BR","article_published_time":"2026-09-03T18:26:11+00:00","author":"Fernando Corraa","twitter_card":"summary_large_image","twitter_creator":"@conspirou","twitter_site":"@conspirou","twitter_misc":{"Escrito por":"Fernando Corraa","Est. tempo de leitura":"2 minutos"},"schema":{"@context":"https:\/\/schema.org","@graph":[{"@type":"Article","@id":"https:\/\/www.joaopessoa.pb.gov.br\/noticias\/idosos-do-cras-de-mangabeira-participam-do-desfile-civico-na-avenida-josefa-taveira\/#article","isPartOf":{"@id":"https:\/\/mrnews.com.br\/index.php\/2026\/09\/03\/idosos-do-cras-de-mangabeira-participam-do-desfile-civico-na-avenida-josefa-taveira\/"},"author":{"name":"Fernando Corraa","@id":"https:\/\/mrnews.com.br\/#\/schema\/person\/2f073f2d87903a2ff9a065e41bbf17d4"},"headline":"Idosos do Cras de Mangabeira participam do desfile c\u00edvico na Avenida Josefa Taveira","datePublished":"2026-09-03T18:26:11+00:00","mainEntityOfPage":{"@id":"https:\/\/mrnews.com.br\/index.php\/2026\/09\/03\/idosos-do-cras-de-mangabeira-participam-do-desfile-civico-na-avenida-josefa-taveira\/"},"wordCount":328,"commentCount":0,"publisher":{"@id":"https:\/\/mrnews.com.br\/#organization"},"articleSection":["SERVI\u00c7OS"],"inLanguage":"pt-BR","potentialAction":[{"@type":"CommentAction","name":"Comment","target":["https:\/\/www.joaopessoa.pb.gov.br\/noticias\/idosos-do-cras-de-mangabeira-participam-do-desfile-civico-na-avenida-josefa-taveira\/#respond"]}]},{"@type":"WebPage","@id":"https:\/\/mrnews.com.br\/index.php\/2026\/09\/03\/idosos-do-cras-de-mangabeira-participam-do-desfile-civico-na-avenida-josefa-taveira\/","url":"https:\/\/www.joaopessoa.pb.gov.br\/noticias\/idosos-do-cras-de-mangabeira-participam-do-desfile-civico-na-avenida-josefa-taveira\/","name":"Idosos do Cras de Mangabeira participam do desfile c\u00edvico na Avenida Josefa Taveira","isPartOf":{"@id":"https:\/\/mrnews.com.br\/#website"},"datePublished":"2026-09-03T18:26:11+00:00","breadcrumb":{"@id":"https:\/\/www.joaopessoa.pb.gov.br\/noticias\/idosos-do-cras-de-mangabeira-participam-do-desfile-civico-na-avenida-josefa-taveira\/#breadcrumb"},"inLanguage":"pt-BR","potentialAction":[{"@type":"ReadAction","target":["https:\/\/www.joaopessoa.pb.gov.br\/noticias\/idosos-do-cras-de-mangabeira-participam-do-desfile-civico-na-avenida-josefa-taveira\/"]}]},{"@type":"BreadcrumbList","@id":"https:\/\/www.joaopessoa.pb.gov.br\/noticias\/idosos-do-cras-de-mangabeira-participam-do-desfile-civico-na-avenida-josefa-taveira\/#breadcrumb","itemListElement":[{"@type":"ListItem","position":1,"name":"In\u00edcio","item":"https:\/\/mrnews.com.br\/"},{"@type":"ListItem","position":2,"name":"Idosos do Cras de Mangabeira participam do desfile c\u00edvico na Avenida Josefa Taveira"}]},{"@type":"WebSite","@id":"https:\/\/mrnews.com.br\/#website","url":"https:\/\/mrnews.com.br\/","name":"MRNews","description":"MRNews Jogos de hoje da TV, transmiss\u00f5es ao vivo, Not\u00edcias de futebol, Jogos ao vivo, Lives, resumo de novelas, Programa\u00e7\u00e3o da Globo, A Fazenda e BBB","publisher":{"@id":"https:\/\/mrnews.com.br\/#organization"},"potentialAction":[{"@type":"SearchAction","target":{"@type":"EntryPoint","urlTemplate":"https:\/\/mrnews.com.br\/?s={search_term_string}"},"query-input":{"@type":"PropertyValueSpecification","valueRequired":true,"valueName":"search_term_string"}}],"inLanguage":"pt-BR"},{"@type":"Organization","@id":"https:\/\/mrnews.com.br\/#organization","name":"MRNews","url":"https:\/\/mrnews.com.br\/","logo":{"@type":"ImageObject","inLanguage":"pt-BR","@id":"https:\/\/mrnews.com.br\/#\/schema\/logo\/image\/","url":"https:\/\/mrnews.com.br\/wp-content\/uploads\/2026\/08\/MRNEws.png","contentUrl":"https:\/\/mrnews.com.br\/wp-content\/uploads\/2026\/08\/MRNEws.png","width":1254,"height":1254,"caption":"MRNews"},"image":{"@id":"https:\/\/mrnews.com.br\/#\/schema\/logo\/image\/"},"sameAs":["https:\/\/www.facebook.com\/eaipahpah\/?locale2=pt_BR","https:\/\/x.com\/conspirou","https:\/\/www.instagram.com\/eai_pahpah","https:\/\/br.pinterest.com\/mrnewsn\/boards\/","https:\/\/www.youtube.com\/channel\/UCacgnpznQ61fifLWr1tQ-vA?view_as=subscriber"]},{"@type":"Person","@id":"https:\/\/mrnews.com.br\/#\/schema\/person\/2f073f2d87903a2ff9a065e41bbf17d4","name":"Fernando Corraa","image":{"@type":"ImageObject","inLanguage":"pt-BR","@id":"https:\/\/secure.gravatar.com\/avatar\/9069acb0e588c9f4346ba747284aef18a5faaab575e89e9ccc64e315003f0b82?s=96&d=monsterid&r=g","url":"https:\/\/secure.gravatar.com\/avatar\/9069acb0e588c9f4346ba747284aef18a5faaab575e89e9ccc64e315003f0b82?s=96&d=monsterid&r=g","contentUrl":"https:\/\/secure.gravatar.com\/avatar\/9069acb0e588c9f4346ba747284aef18a5faaab575e89e9ccc64e315003f0b82?s=96&d=monsterid&r=g","caption":"Fernando Corraa"},"url":"https:\/\/mrnews.com.br\/index.php\/author\/fernando-corraa\/"}]}},"jetpack_sharing_enabled":true,"jetpack_shortlink":"https:\/\/wp.me\/pa2Qf7-1Xg8","amp_enabled":true,"jetpack_featured_media_url":"","_links":{"self":[{"href":"https:\/\/mrnews.com.br\/index.php\/wp-json\/wp\/v2\/posts\/466124","targetHints":{"allow":["GET"]}}],"collection":[{"href":"https:\/\/mrnews.com.br\/index.php\/wp-json\/wp\/v2\/posts"}],"about":[{"href":"https:\/\/mrnews.com.br\/index.php\/wp-json\/wp\/v2\/types\/post"}],"author":[{"embeddable":true,"href":"https:\/\/mrnews.com.br\/index.php\/wp-json\/wp\/v2\/users\/39"}],"replies":[{"embeddable":true,"href":"https:\/\/mrnews.com.br\/index.php\/wp-json\/wp\/v2\/comments?post=466124"}],"version-history":[{"count":0,"href":"https:\/\/mrnews.com.br\/index.php\/wp-json\/wp\/v2\/posts\/466124\/revisions"}],"wp:attachment":[{"href":"https:\/\/mrnews.com.br\/index.php\/wp-json\/wp\/v2\/media?parent=466124"}],"wp:term":[{"taxonomy":"category","embeddable":true,"href":"https:\/\/mrnews.com.br\/index.php\/wp-json\/wp\/v2\/categories?post=466124"},{"taxonomy":"post_tag","embeddable":true,"href":"https:\/\/mrnews.com.br\/index.php\/wp-json\/wp\/v2\/tags?post=466124"}],"curies":[{"name":"wp","href":"https:\/\/api.w.org\/{rel}","templated":true}]}}