{"id":466126,"date":"2026-09-03T15:56:08","date_gmt":"2026-09-03T18:56:08","guid":{"rendered":"https:\/\/mrnews.com.br\/index.php\/2026\/09\/03\/lavagem-de-madeleine-exalta-cultura-afro-brasileira-em-paris\/"},"modified":"2026-09-03T15:56:08","modified_gmt":"2026-09-03T18:56:08","slug":"lavagem-de-madeleine-exalta-cultura-afro-brasileira-em-paris","status":"publish","type":"post","link":"https:\/\/mrnews.com.br\/index.php\/2026\/09\/03\/lavagem-de-madeleine-exalta-cultura-afro-brasileira-em-paris\/","title":{"rendered":"Lavagem de Madeleine exalta cultura afro-brasileira em Paris"},"content":{"rendered":"<p>Por EBC, <\/p>\n<div>\n<p><strong>Cerca de 60 mil pessoas devem participar este ano da 25\u00aa edi\u00e7\u00e3o da Lavagem de Madeleine \u2013 um dos maiores encontros da cultura afro-brasileira na Europa. Brasileiros, franceses e turistas de todo o mundo se encontrar\u00e3o, entre os dias 10 e 13 deste m\u00eas, em Paris.\u00a0<\/strong><\/p>\n<p>A expectativa \u00e9 do criador do evento, Roberto Chaves, o Robertinho, como \u00e9 chamado o multiartista negro,<em> queer<\/em>, andr\u00f3gino e de Candombl\u00e9. Nascido em Santo Amaro da Purifica\u00e7\u00e3o (BA), ele vive desde 1990 na Fran\u00e7a, onde divulga a cultura brasileira e afro-brasileira.<\/p>\n<p><strong>Patrim\u00f4nio Imaterial da Fran\u00e7a, a Lavagem de Madeleine faz parte do calend\u00e1rio oficial da capital francesa e conta com apoio da prefeitura local e da Secretaria de Turismo da Bahia, al\u00e9m de patroc\u00ednio da Ag\u00eancia Brasileira de Promo\u00e7\u00e3o Internacional do Turismo (Embratur).<\/strong><\/p>\n<p>O evento integra tamb\u00e9m a Rota dos Escravizados da Organiza\u00e7\u00e3o das Na\u00e7\u00f5es Unidas para a Educa\u00e7\u00e3o, a Ci\u00eancia e a Cultura (Unesco), roteiro cultural internacional que conecta locais relacionados \u00e0 hist\u00f3ria da escravid\u00e3o e busca preservar a mem\u00f3ria desse per\u00edodo.<\/p>\n<h2>Origem<br \/>\u00a0<\/h2>\n<div class=\"dnd-widget-wrapper context-cheio_8colunas type-image\">\n<div class=\"dnd-atom-rendered\"><!-- scald=473381:cheio_8colunas --><\/p>\n<p>    <!-- END scald=473381 --><\/div>\n<div class=\"dnd-caption-wrapper\">\n<p><!--copyright=473381-->P\u00fablico reunido nas escadarias da Igreja de la Madeleine. Foto:\u00a0<strong>Ulysses Venturin\/Lavagem de Madeleine<\/strong><!--END copyright=473381--><\/p>\n<\/div>\n<\/div>\n<p>Robertinho conta que a ideia de promover a lavagem da escadaria de uma igreja em Paris, inspirada na Lavagem da Igreja do Bonfim, de Salvador (BA), surgiu em 1998, na Bas\u00edlica do Sacr\u00e9-C\u0153ur, em Montmartre, aproveitando a Copa do Mundo de Futebol na Fran\u00e7a para divulgar o Brasil.<\/p>\n<blockquote>\n<p>\u201cEu estava querendo trazer o Brasil para perto de mim, matar o meu \u2018banzo\u2019, as saudades da fam\u00edlia, dos amigos, trazer a cultura, e pensei em fazer um evento da Bahia que eu tinha sabedoria. Um evento de branco, com pai de santo, tambores, um evento afro.\u201d<\/p>\n<\/blockquote>\n<p>Um dia, passando em frente \u00e0 Igreja de la Madeleine, Roberto Chaves resolveu conversar com o padre encarregado da administra\u00e7\u00e3o e descobriu que ele j\u00e1 havia visitado a Bahia e conhecia seu povo.\u00a0<\/p>\n<p>A partir dali, a Lavagem de Madeleine ocorreu ganhou propor\u00e7\u00e3o maior a cada ano. \u201cAno passado, foram 60 mil seguidores\u201d. O cortejo da edi\u00e7\u00e3o 2025 foi puxado pelo grupo Olodum.<\/p>\n<h2>Import\u00e2ncia<\/h2>\n<p>Robertinho considera que a Lavagem de Madeleine \u00e9 de grande relev\u00e2ncia para o Brasil e para a cultura afro-brasileira.\u00a0<\/p>\n<blockquote>\n<p>\u201cA Lavagem mostra que o Brasil tem culin\u00e1ria, tem cultura, capoeira, dan\u00e7a\u201d, disse. \u201cTem maracatu, samba de roda, afox\u00e9, v\u00e1rias alas representando os estados brasileiros. \u00c9 um festival da cultura brasileira\u201d, acrescentou.<\/p>\n<\/blockquote>\n<h2>Roteiro<br \/>\u00a0<\/h2>\n<div class=\"dnd-widget-wrapper context-cheio_8colunas type-image\">\n<div class=\"dnd-atom-rendered\"><!-- scald=473380:cheio_8colunas --><\/p>\n<p>    <!-- END scald=473380 --><\/div>\n<div class=\"dnd-caption-wrapper\">\n<p>Cerca de 60 mil pessoas devem participar este ano. Estimativa \u00e9 do criador do evento, Robertinho, ao centro\u00a0 &#8211; <strong>Ulysses Venturin\/Lavagem de Madeleine<\/strong><!--END copyright=473380--><\/p>\n<\/div>\n<\/div>\n<p>A exposi\u00e7\u00e3o fotogr\u00e1fica <em>Tr\u00eas Olhares<\/em>, em homenagem aos 25 anos da lavagem, abrir\u00e1 o evento no dia 10\/9, na Embaixada do Brasil na Fran\u00e7a. Nos dias 11 e 12 de setembro haver\u00e1 <em>workshop<\/em> de dan\u00e7a afro-brasileira.\u00a0<\/p>\n<p>O cortejo \u00e9 o ponto alto da Lavagem de Madeleine. Mais de 700 artistas v\u00e3o ocupar as ruas de Paris, no dia 13, apresentando a cultura afro-brasileira. Este ano, a cantora Mariene de Castro e Robertinho Chaves comandar\u00e3o o trio el\u00e9trico, que ter\u00e1 participa\u00e7\u00f5es dos artistas Jau, Gildaa e Lorena Pires.<\/p>\n<p>\u201cS\u00e3o 15 grupos folcl\u00f3ricos afros que desfilar\u00e3o no cortejo\u201d. Participam tamb\u00e9m grupos de percuss\u00e3o, samba, maracatu, capoeira, al\u00e9m da ala de baianas.<\/p>\n<p>A concentra\u00e7\u00e3o ser\u00e1 na Place de la R\u00e9publique. Dali, o cortejo seguir\u00e1 at\u00e9 a Igreja de La Madeleine, onde ocorrer\u00e1 a tradicional lavagem simb\u00f3lica das escadarias pelas baianas, em uma cerim\u00f4nia marcada pelo di\u00e1logo entre diferentes tradi\u00e7\u00f5es religiosas e culturais.<\/p>\n<p>Para marcar o sincretismo, a cantora l\u00edrica brasileira Lorena Pires, residente da Academia da \u00d3pera Nacional de Paris desde o ano passado, interpretar\u00e1 a m\u00fasica<em> Ave-Maria<\/em>, refor\u00e7ando o encontro entre as diferentes tradi\u00e7\u00f5es culturais que marcam a Lavagem.<\/p>\n<p>      <!-- Relacionada --><\/p>\n<p>            <!-- Relacionada -->\n    <\/div>\n","protected":false},"excerpt":{"rendered":"<p>Por EBC, Cerca de 60 mil pessoas devem participar este ano da 25\u00aa edi\u00e7\u00e3o da Lavagem de Madeleine \u2013 um dos maiores encontros da cultura afro-brasileira na Europa. Brasileiros, franceses e turistas de todo o mundo se encontrar\u00e3o, entre os dias 10 e 13 deste m\u00eas, em Paris.\u00a0 A expectativa \u00e9 do criador do evento, &hellip;<\/p>\n","protected":false},"author":39,"featured_media":0,"comment_status":"open","ping_status":"open","sticky":false,"template":"","format":"standard","meta":{"_jetpack_newsletter_access":"","_jetpack_dont_email_post_to_subs":false,"_jetpack_newsletter_tier_id":0,"_jetpack_memberships_contains_paywalled_content":false,"_jetpack_feature_clip_id":0,"_jetpack_memberships_contains_paid_content":false,"footnotes":"","jetpack_post_was_ever_published":false},"categories":[4],"tags":[],"class_list":["post-466126","post","type-post","status-publish","format-standard","hentry","category-servicos"],"yoast_head":"<!-- This site is optimized with the Yoast SEO plugin v28.4 - https:\/\/yoast.com\/product\/yoast-seo-wordpress\/ -->\n<title>Lavagem de Madeleine exalta cultura afro-brasileira em Paris<\/title>\n<meta name=\"robots\" content=\"index, follow, max-snippet:-1, max-image-preview:large, max-video-preview:-1\" \/>\n<link rel=\"canonical\" href=\"https:\/\/agenciabrasil.ebc.com.br\/cultura\/noticia\/2026-09\/lavagem-de-madeleine-exalta-cultura-afro-brasileira-em-paris\" \/>\n<meta property=\"og:locale\" content=\"pt_BR\" \/>\n<meta property=\"og:type\" content=\"article\" \/>\n<meta property=\"og:title\" content=\"Lavagem de Madeleine exalta cultura afro-brasileira em Paris\" \/>\n<meta property=\"og:description\" content=\"Por EBC, Cerca de 60 mil pessoas devem participar este ano da 25\u00aa edi\u00e7\u00e3o da Lavagem de Madeleine \u2013 um dos maiores encontros da cultura afro-brasileira na Europa. Brasileiros, franceses e turistas de todo o mundo se encontrar\u00e3o, entre os dias 10 e 13 deste m\u00eas, em Paris.\u00a0 A expectativa \u00e9 do criador do evento, &hellip;\" \/>\n<meta property=\"og:url\" content=\"https:\/\/agenciabrasil.ebc.com.br\/cultura\/noticia\/2026-09\/lavagem-de-madeleine-exalta-cultura-afro-brasileira-em-paris\" \/>\n<meta property=\"og:site_name\" content=\"MRNews\" \/>\n<meta property=\"article:publisher\" content=\"https:\/\/www.facebook.com\/eaipahpah\/?locale2=pt_BR\" \/>\n<meta property=\"article:published_time\" content=\"2026-09-03T18:56:08+00:00\" \/>\n<meta name=\"author\" content=\"Fernando Corraa\" \/>\n<meta name=\"twitter:card\" content=\"summary_large_image\" \/>\n<meta name=\"twitter:creator\" content=\"@conspirou\" \/>\n<meta name=\"twitter:site\" content=\"@conspirou\" \/>\n<meta name=\"twitter:label1\" content=\"Escrito por\" \/>\n\t<meta name=\"twitter:data1\" content=\"Fernando Corraa\" \/>\n\t<meta name=\"twitter:label2\" content=\"Est. tempo de leitura\" \/>\n\t<meta name=\"twitter:data2\" content=\"3 minutos\" \/>\n<script type=\"application\/ld+json\" class=\"yoast-schema-graph\">{\"@context\":\"https:\\\/\\\/schema.org\",\"@graph\":[{\"@type\":\"Article\",\"@id\":\"https:\\\/\\\/agenciabrasil.ebc.com.br\\\/cultura\\\/noticia\\\/2026-09\\\/lavagem-de-madeleine-exalta-cultura-afro-brasileira-em-paris#article\",\"isPartOf\":{\"@id\":\"https:\\\/\\\/mrnews.com.br\\\/index.php\\\/2026\\\/09\\\/03\\\/lavagem-de-madeleine-exalta-cultura-afro-brasileira-em-paris\\\/\"},\"author\":{\"name\":\"Fernando Corraa\",\"@id\":\"https:\\\/\\\/mrnews.com.br\\\/#\\\/schema\\\/person\\\/2f073f2d87903a2ff9a065e41bbf17d4\"},\"headline\":\"Lavagem de Madeleine exalta cultura afro-brasileira em Paris\",\"datePublished\":\"2026-09-03T18:56:08+00:00\",\"mainEntityOfPage\":{\"@id\":\"https:\\\/\\\/mrnews.com.br\\\/index.php\\\/2026\\\/09\\\/03\\\/lavagem-de-madeleine-exalta-cultura-afro-brasileira-em-paris\\\/\"},\"wordCount\":654,\"commentCount\":0,\"publisher\":{\"@id\":\"https:\\\/\\\/mrnews.com.br\\\/#organization\"},\"articleSection\":[\"SERVI\u00c7OS\"],\"inLanguage\":\"pt-BR\",\"potentialAction\":[{\"@type\":\"CommentAction\",\"name\":\"Comment\",\"target\":[\"https:\\\/\\\/agenciabrasil.ebc.com.br\\\/cultura\\\/noticia\\\/2026-09\\\/lavagem-de-madeleine-exalta-cultura-afro-brasileira-em-paris#respond\"]}]},{\"@type\":\"WebPage\",\"@id\":\"https:\\\/\\\/mrnews.com.br\\\/index.php\\\/2026\\\/09\\\/03\\\/lavagem-de-madeleine-exalta-cultura-afro-brasileira-em-paris\\\/\",\"url\":\"https:\\\/\\\/agenciabrasil.ebc.com.br\\\/cultura\\\/noticia\\\/2026-09\\\/lavagem-de-madeleine-exalta-cultura-afro-brasileira-em-paris\",\"name\":\"Lavagem de Madeleine exalta cultura afro-brasileira em Paris\",\"isPartOf\":{\"@id\":\"https:\\\/\\\/mrnews.com.br\\\/#website\"},\"datePublished\":\"2026-09-03T18:56:08+00:00\",\"breadcrumb\":{\"@id\":\"https:\\\/\\\/agenciabrasil.ebc.com.br\\\/cultura\\\/noticia\\\/2026-09\\\/lavagem-de-madeleine-exalta-cultura-afro-brasileira-em-paris#breadcrumb\"},\"inLanguage\":\"pt-BR\",\"potentialAction\":[{\"@type\":\"ReadAction\",\"target\":[\"https:\\\/\\\/agenciabrasil.ebc.com.br\\\/cultura\\\/noticia\\\/2026-09\\\/lavagem-de-madeleine-exalta-cultura-afro-brasileira-em-paris\"]}]},{\"@type\":\"BreadcrumbList\",\"@id\":\"https:\\\/\\\/agenciabrasil.ebc.com.br\\\/cultura\\\/noticia\\\/2026-09\\\/lavagem-de-madeleine-exalta-cultura-afro-brasileira-em-paris#breadcrumb\",\"itemListElement\":[{\"@type\":\"ListItem\",\"position\":1,\"name\":\"In\u00edcio\",\"item\":\"https:\\\/\\\/mrnews.com.br\\\/\"},{\"@type\":\"ListItem\",\"position\":2,\"name\":\"Lavagem de Madeleine exalta cultura afro-brasileira em Paris\"}]},{\"@type\":\"WebSite\",\"@id\":\"https:\\\/\\\/mrnews.com.br\\\/#website\",\"url\":\"https:\\\/\\\/mrnews.com.br\\\/\",\"name\":\"MRNews\",\"description\":\"MRNews Jogos de hoje da TV, transmiss\u00f5es ao vivo, Not\u00edcias de futebol, Jogos ao vivo, Lives, resumo de novelas, Programa\u00e7\u00e3o da Globo, A Fazenda e BBB\",\"publisher\":{\"@id\":\"https:\\\/\\\/mrnews.com.br\\\/#organization\"},\"potentialAction\":[{\"@type\":\"SearchAction\",\"target\":{\"@type\":\"EntryPoint\",\"urlTemplate\":\"https:\\\/\\\/mrnews.com.br\\\/?s={search_term_string}\"},\"query-input\":{\"@type\":\"PropertyValueSpecification\",\"valueRequired\":true,\"valueName\":\"search_term_string\"}}],\"inLanguage\":\"pt-BR\"},{\"@type\":\"Organization\",\"@id\":\"https:\\\/\\\/mrnews.com.br\\\/#organization\",\"name\":\"MRNews\",\"url\":\"https:\\\/\\\/mrnews.com.br\\\/\",\"logo\":{\"@type\":\"ImageObject\",\"inLanguage\":\"pt-BR\",\"@id\":\"https:\\\/\\\/mrnews.com.br\\\/#\\\/schema\\\/logo\\\/image\\\/\",\"url\":\"https:\\\/\\\/mrnews.com.br\\\/wp-content\\\/uploads\\\/2026\\\/08\\\/MRNEws.png\",\"contentUrl\":\"https:\\\/\\\/mrnews.com.br\\\/wp-content\\\/uploads\\\/2026\\\/08\\\/MRNEws.png\",\"width\":1254,\"height\":1254,\"caption\":\"MRNews\"},\"image\":{\"@id\":\"https:\\\/\\\/mrnews.com.br\\\/#\\\/schema\\\/logo\\\/image\\\/\"},\"sameAs\":[\"https:\\\/\\\/www.facebook.com\\\/eaipahpah\\\/?locale2=pt_BR\",\"https:\\\/\\\/x.com\\\/conspirou\",\"https:\\\/\\\/www.instagram.com\\\/eai_pahpah\",\"https:\\\/\\\/br.pinterest.com\\\/mrnewsn\\\/boards\\\/\",\"https:\\\/\\\/www.youtube.com\\\/channel\\\/UCacgnpznQ61fifLWr1tQ-vA?view_as=subscriber\"]},{\"@type\":\"Person\",\"@id\":\"https:\\\/\\\/mrnews.com.br\\\/#\\\/schema\\\/person\\\/2f073f2d87903a2ff9a065e41bbf17d4\",\"name\":\"Fernando Corraa\",\"image\":{\"@type\":\"ImageObject\",\"inLanguage\":\"pt-BR\",\"@id\":\"https:\\\/\\\/secure.gravatar.com\\\/avatar\\\/9069acb0e588c9f4346ba747284aef18a5faaab575e89e9ccc64e315003f0b82?s=96&d=monsterid&r=g\",\"url\":\"https:\\\/\\\/secure.gravatar.com\\\/avatar\\\/9069acb0e588c9f4346ba747284aef18a5faaab575e89e9ccc64e315003f0b82?s=96&d=monsterid&r=g\",\"contentUrl\":\"https:\\\/\\\/secure.gravatar.com\\\/avatar\\\/9069acb0e588c9f4346ba747284aef18a5faaab575e89e9ccc64e315003f0b82?s=96&d=monsterid&r=g\",\"caption\":\"Fernando Corraa\"},\"url\":\"https:\\\/\\\/mrnews.com.br\\\/index.php\\\/author\\\/fernando-corraa\\\/\"}]}<\/script>\n<!-- \/ Yoast SEO plugin. -->","yoast_head_json":{"title":"Lavagem de Madeleine exalta cultura afro-brasileira em Paris","robots":{"index":"index","follow":"follow","max-snippet":"max-snippet:-1","max-image-preview":"max-image-preview:large","max-video-preview":"max-video-preview:-1"},"canonical":"https:\/\/agenciabrasil.ebc.com.br\/cultura\/noticia\/2026-09\/lavagem-de-madeleine-exalta-cultura-afro-brasileira-em-paris","og_locale":"pt_BR","og_type":"article","og_title":"Lavagem de Madeleine exalta cultura afro-brasileira em Paris","og_description":"Por EBC, Cerca de 60 mil pessoas devem participar este ano da 25\u00aa edi\u00e7\u00e3o da Lavagem de Madeleine \u2013 um dos maiores encontros da cultura afro-brasileira na Europa. Brasileiros, franceses e turistas de todo o mundo se encontrar\u00e3o, entre os dias 10 e 13 deste m\u00eas, em Paris.\u00a0 A expectativa \u00e9 do criador do evento, &hellip;","og_url":"https:\/\/agenciabrasil.ebc.com.br\/cultura\/noticia\/2026-09\/lavagem-de-madeleine-exalta-cultura-afro-brasileira-em-paris","og_site_name":"MRNews","article_publisher":"https:\/\/www.facebook.com\/eaipahpah\/?locale2=pt_BR","article_published_time":"2026-09-03T18:56:08+00:00","author":"Fernando Corraa","twitter_card":"summary_large_image","twitter_creator":"@conspirou","twitter_site":"@conspirou","twitter_misc":{"Escrito por":"Fernando Corraa","Est. tempo de leitura":"3 minutos"},"schema":{"@context":"https:\/\/schema.org","@graph":[{"@type":"Article","@id":"https:\/\/agenciabrasil.ebc.com.br\/cultura\/noticia\/2026-09\/lavagem-de-madeleine-exalta-cultura-afro-brasileira-em-paris#article","isPartOf":{"@id":"https:\/\/mrnews.com.br\/index.php\/2026\/09\/03\/lavagem-de-madeleine-exalta-cultura-afro-brasileira-em-paris\/"},"author":{"name":"Fernando Corraa","@id":"https:\/\/mrnews.com.br\/#\/schema\/person\/2f073f2d87903a2ff9a065e41bbf17d4"},"headline":"Lavagem de Madeleine exalta cultura afro-brasileira em Paris","datePublished":"2026-09-03T18:56:08+00:00","mainEntityOfPage":{"@id":"https:\/\/mrnews.com.br\/index.php\/2026\/09\/03\/lavagem-de-madeleine-exalta-cultura-afro-brasileira-em-paris\/"},"wordCount":654,"commentCount":0,"publisher":{"@id":"https:\/\/mrnews.com.br\/#organization"},"articleSection":["SERVI\u00c7OS"],"inLanguage":"pt-BR","potentialAction":[{"@type":"CommentAction","name":"Comment","target":["https:\/\/agenciabrasil.ebc.com.br\/cultura\/noticia\/2026-09\/lavagem-de-madeleine-exalta-cultura-afro-brasileira-em-paris#respond"]}]},{"@type":"WebPage","@id":"https:\/\/mrnews.com.br\/index.php\/2026\/09\/03\/lavagem-de-madeleine-exalta-cultura-afro-brasileira-em-paris\/","url":"https:\/\/agenciabrasil.ebc.com.br\/cultura\/noticia\/2026-09\/lavagem-de-madeleine-exalta-cultura-afro-brasileira-em-paris","name":"Lavagem de Madeleine exalta cultura afro-brasileira em Paris","isPartOf":{"@id":"https:\/\/mrnews.com.br\/#website"},"datePublished":"2026-09-03T18:56:08+00:00","breadcrumb":{"@id":"https:\/\/agenciabrasil.ebc.com.br\/cultura\/noticia\/2026-09\/lavagem-de-madeleine-exalta-cultura-afro-brasileira-em-paris#breadcrumb"},"inLanguage":"pt-BR","potentialAction":[{"@type":"ReadAction","target":["https:\/\/agenciabrasil.ebc.com.br\/cultura\/noticia\/2026-09\/lavagem-de-madeleine-exalta-cultura-afro-brasileira-em-paris"]}]},{"@type":"BreadcrumbList","@id":"https:\/\/agenciabrasil.ebc.com.br\/cultura\/noticia\/2026-09\/lavagem-de-madeleine-exalta-cultura-afro-brasileira-em-paris#breadcrumb","itemListElement":[{"@type":"ListItem","position":1,"name":"In\u00edcio","item":"https:\/\/mrnews.com.br\/"},{"@type":"ListItem","position":2,"name":"Lavagem de Madeleine exalta cultura afro-brasileira em Paris"}]},{"@type":"WebSite","@id":"https:\/\/mrnews.com.br\/#website","url":"https:\/\/mrnews.com.br\/","name":"MRNews","description":"MRNews Jogos de hoje da TV, transmiss\u00f5es ao vivo, Not\u00edcias de futebol, Jogos ao vivo, Lives, resumo de novelas, Programa\u00e7\u00e3o da Globo, A Fazenda e BBB","publisher":{"@id":"https:\/\/mrnews.com.br\/#organization"},"potentialAction":[{"@type":"SearchAction","target":{"@type":"EntryPoint","urlTemplate":"https:\/\/mrnews.com.br\/?s={search_term_string}"},"query-input":{"@type":"PropertyValueSpecification","valueRequired":true,"valueName":"search_term_string"}}],"inLanguage":"pt-BR"},{"@type":"Organization","@id":"https:\/\/mrnews.com.br\/#organization","name":"MRNews","url":"https:\/\/mrnews.com.br\/","logo":{"@type":"ImageObject","inLanguage":"pt-BR","@id":"https:\/\/mrnews.com.br\/#\/schema\/logo\/image\/","url":"https:\/\/mrnews.com.br\/wp-content\/uploads\/2026\/08\/MRNEws.png","contentUrl":"https:\/\/mrnews.com.br\/wp-content\/uploads\/2026\/08\/MRNEws.png","width":1254,"height":1254,"caption":"MRNews"},"image":{"@id":"https:\/\/mrnews.com.br\/#\/schema\/logo\/image\/"},"sameAs":["https:\/\/www.facebook.com\/eaipahpah\/?locale2=pt_BR","https:\/\/x.com\/conspirou","https:\/\/www.instagram.com\/eai_pahpah","https:\/\/br.pinterest.com\/mrnewsn\/boards\/","https:\/\/www.youtube.com\/channel\/UCacgnpznQ61fifLWr1tQ-vA?view_as=subscriber"]},{"@type":"Person","@id":"https:\/\/mrnews.com.br\/#\/schema\/person\/2f073f2d87903a2ff9a065e41bbf17d4","name":"Fernando Corraa","image":{"@type":"ImageObject","inLanguage":"pt-BR","@id":"https:\/\/secure.gravatar.com\/avatar\/9069acb0e588c9f4346ba747284aef18a5faaab575e89e9ccc64e315003f0b82?s=96&d=monsterid&r=g","url":"https:\/\/secure.gravatar.com\/avatar\/9069acb0e588c9f4346ba747284aef18a5faaab575e89e9ccc64e315003f0b82?s=96&d=monsterid&r=g","contentUrl":"https:\/\/secure.gravatar.com\/avatar\/9069acb0e588c9f4346ba747284aef18a5faaab575e89e9ccc64e315003f0b82?s=96&d=monsterid&r=g","caption":"Fernando Corraa"},"url":"https:\/\/mrnews.com.br\/index.php\/author\/fernando-corraa\/"}]}},"jetpack_sharing_enabled":true,"jetpack_shortlink":"https:\/\/wp.me\/pa2Qf7-1Xga","amp_enabled":true,"jetpack_featured_media_url":"","_links":{"self":[{"href":"https:\/\/mrnews.com.br\/index.php\/wp-json\/wp\/v2\/posts\/466126","targetHints":{"allow":["GET"]}}],"collection":[{"href":"https:\/\/mrnews.com.br\/index.php\/wp-json\/wp\/v2\/posts"}],"about":[{"href":"https:\/\/mrnews.com.br\/index.php\/wp-json\/wp\/v2\/types\/post"}],"author":[{"embeddable":true,"href":"https:\/\/mrnews.com.br\/index.php\/wp-json\/wp\/v2\/users\/39"}],"replies":[{"embeddable":true,"href":"https:\/\/mrnews.com.br\/index.php\/wp-json\/wp\/v2\/comments?post=466126"}],"version-history":[{"count":0,"href":"https:\/\/mrnews.com.br\/index.php\/wp-json\/wp\/v2\/posts\/466126\/revisions"}],"wp:attachment":[{"href":"https:\/\/mrnews.com.br\/index.php\/wp-json\/wp\/v2\/media?parent=466126"}],"wp:term":[{"taxonomy":"category","embeddable":true,"href":"https:\/\/mrnews.com.br\/index.php\/wp-json\/wp\/v2\/categories?post=466126"},{"taxonomy":"post_tag","embeddable":true,"href":"https:\/\/mrnews.com.br\/index.php\/wp-json\/wp\/v2\/tags?post=466126"}],"curies":[{"name":"wp","href":"https:\/\/api.w.org\/{rel}","templated":true}]}}