{"id":466128,"date":"2026-09-03T18:44:04","date_gmt":"2026-09-03T21:44:04","guid":{"rendered":"https:\/\/mrnews.com.br\/index.php\/2026\/09\/03\/sao-paulo-reune-especialistas-em-saude-mental-e-trabalho\/"},"modified":"2026-09-03T18:44:04","modified_gmt":"2026-09-03T21:44:04","slug":"sao-paulo-reune-especialistas-em-saude-mental-e-trabalho","status":"publish","type":"post","link":"https:\/\/mrnews.com.br\/index.php\/2026\/09\/03\/sao-paulo-reune-especialistas-em-saude-mental-e-trabalho\/","title":{"rendered":"S\u00e3o Paulo re\u00fane especialistas em sa\u00fade mental e trabalho"},"content":{"rendered":"<p>Por EBC, <\/p>\n<div>\n<p>A edi\u00e7\u00e3o deste ano do Mind Summit, na capital paulista, nos dias 16 e 17 de setembro, <strong>dar\u00e1 \u00eanfase a temas como o burnout<\/strong>. Focado em sa\u00fade mental no mundo do trabalho, tamb\u00e9m inclui na programa\u00e7\u00e3o, de modo in\u00e9dito, treinamentos na \u00e1rea ao longo dos dois dias.<\/p>\n<p>O principal mote da edi\u00e7\u00e3o \u00e9 evidenciar a indissociabilidade entre bem-estar mental e as atividades laborais.\u00a0<\/p>\n<p>A psic\u00f3loga e economista Adriana Drulla, curadora do evento, explica que \u201cum equ\u00edvoco de gestores, bastante comum, e que come\u00e7a a ser desfeito na contemporaneidade, \u00e9 propor que subordinados busquem atenuar emo\u00e7\u00f5es como o estresse usando solu\u00e7\u00f5es passageiras, caso das zonas de lazer com mesas de pingue-pongue e fliperamas\u201d.<\/p>\n<p><strong>Nessas situa\u00e7\u00f5es, pondera, os gestores transferem aos empregados e \u00e0s empregadas a responsabilidade por resolver algo que, na realidade, \u00e9 de \u00e2mbito organizacional e social.<\/strong>\u00a0<\/p>\n<blockquote>\n<p>\u201cIsso faz com que as medidas sejam infrut\u00edferas, por ignorar a esfera coletiva e n\u00e3o modificar a raiz dos adoecimentos, que s\u00e3o o fluxo acelerado e a divis\u00e3o de trabalho e a din\u00e2mica das rela\u00e7\u00f5es nos mais diversos n\u00edveis de hierarquia\u201d, diz.<\/p>\n<\/blockquote>\n<p>&#8220;Todo o evento [Mind Summit] est\u00e1 constru\u00eddo em torno da tese de que se deve pensar na infraestrutura de performance. Se voc\u00ea quer ter um neg\u00f3cio que performa bem, d\u00e1 mais lucro, voc\u00ea precisa olhar para esse indicador&#8221;, avalia a curadora.\u00a0<\/p>\n<p><strong>Um dos workshops oferecidos instruir\u00e1 profissionais a melhorar o desenho do trabalho em suas organiza\u00e7\u00f5es, pensando no manejo de demandas e em consolidar rituais de gest\u00e3o.<\/strong>\u00a0<\/p>\n<p>&#8220;\u00c9 um olhar extremamente novo para um tema que \u00e9 falado h\u00e1 muito tempo, mas visto sob o ponto de vista de benef\u00edcio. Se voc\u00ea fala em bem-estar no trabalho, no que voc\u00ea pensa? Psic\u00f3logo, flexibilidade de <em>home office<\/em>, <em>mindfulness<\/em> [t\u00e9cnicas que condicionam a mente a privilegiar o momento presente], mesa de pingue-pongue&#8221;, esclarece Adriana Drulla.\u00a0<\/p>\n<p>&#8220;Com exce\u00e7\u00e3o da flexibilidade de home office, nenhum desses fatores t\u00eam a ver com o modo como o trabalho \u00e9 desenhado em si, e \u00e9 isso que produz o estresse cr\u00f4nico. Como a gente trabalha o estresse cr\u00f4nico na fonte? A gente vai trazer para a pr\u00e1tica, ensinando a esses gestores, habilidades de gest\u00e3o e outras, como se ter conversas dif\u00edceis, dar um feedback&#8221;, esclarece.<\/p>\n<p>Adriana Drulla ressalta ainda que comprova\u00e7\u00f5es cient\u00edficas como as que ser\u00e3o apresentadas durante o evento <strong>ajudam a convencer gestores mais resistentes a promover as mudan\u00e7as necess\u00e1rias no ambiente de trabalho<\/strong>.\u00a0<\/p>\n<p>\u201cDiante de argumentos com o uso de dados, chefias com perfis mais conservadores veem as iniciativas como leg\u00edtimas e cedem mais facilmente \u00e0s adapta\u00e7\u00f5es ou transforma\u00e7\u00f5es\u201d, explica.\u00a0<\/p>\n<p><strong>Em plen\u00e1rias, segundo a curadora, pesquisas conduzidas por especialistas brasileiros e estrangeiros ter\u00e3o como enfoque sa\u00fade mental, lideran\u00e7a, felicidade, burnout e cultura organizacional.<\/strong><\/p>\n<p>Entre os destaques internacionais est\u00e3o Amy Edmondson, professora da Harvard Business School e principal refer\u00eancia mundial em seguran\u00e7a psicol\u00f3gica; Christina Maslach, professora da Universidade da Calif\u00f3rnia em Berkeley e criadora do principal instrumento cient\u00edfico de avalia\u00e7\u00e3o do burnout; e Jan-Emmanuel De Neve, catedr\u00e1tico da Universidade de Oxford e diretor do Wellbeing Research Centre, refer\u00eancia internacional nas pesquisas sobre felicidade, produtividade e desempenho.\u00a0<\/p>\n<p>Tamb\u00e9m est\u00e1 confirmada a presen\u00e7a de Sonja Lyubomirsky, professora da Universidade da Calif\u00f3rnia, Riverside, considerada uma das maiores autoridades mundiais na ci\u00eancia da felicidade e autora dos best-sellers The How of Happiness e The Myths of Happiness.\u00a0<\/p>\n<p><strong>Servi\u00e7o<\/strong><\/p>\n<p>Mind Summit 2026<\/p>\n<p>Data: 16 e 17 de setembro de 2026<\/p>\n<p>Local: Expo S\u00e3o Paulo \u2013 S\u00e3o Paulo (SP)<\/p>\n<p>Ingressos, informa\u00e7\u00f5es e programa\u00e7\u00e3o no site do evento.<\/p>\n<p>      <!-- Relacionada --><\/p>\n<p>            <!-- Relacionada -->\n    <\/div>\n","protected":false},"excerpt":{"rendered":"<p>Por EBC, A edi\u00e7\u00e3o deste ano do Mind Summit, na capital paulista, nos dias 16 e 17 de setembro, dar\u00e1 \u00eanfase a temas como o burnout. Focado em sa\u00fade mental no mundo do trabalho, tamb\u00e9m inclui na programa\u00e7\u00e3o, de modo in\u00e9dito, treinamentos na \u00e1rea ao longo dos dois dias. O principal mote da edi\u00e7\u00e3o \u00e9 &hellip;<\/p>\n","protected":false},"author":39,"featured_media":0,"comment_status":"open","ping_status":"open","sticky":false,"template":"","format":"standard","meta":{"_jetpack_newsletter_access":"","_jetpack_dont_email_post_to_subs":false,"_jetpack_newsletter_tier_id":0,"_jetpack_memberships_contains_paywalled_content":false,"_jetpack_feature_clip_id":0,"_jetpack_memberships_contains_paid_content":false,"footnotes":"","jetpack_post_was_ever_published":false},"categories":[4],"tags":[],"class_list":["post-466128","post","type-post","status-publish","format-standard","hentry","category-servicos"],"yoast_head":"<!-- This site is optimized with the Yoast SEO plugin v28.4 - https:\/\/yoast.com\/product\/yoast-seo-wordpress\/ -->\n<title>S\u00e3o Paulo re\u00fane especialistas em sa\u00fade mental e trabalho<\/title>\n<meta name=\"robots\" content=\"index, follow, max-snippet:-1, max-image-preview:large, max-video-preview:-1\" \/>\n<link rel=\"canonical\" href=\"https:\/\/agenciabrasil.ebc.com.br\/educacao\/noticia\/2026-09\/sao-paulo-reune-especialistas-em-saude-mental-e-trabalho\" \/>\n<meta property=\"og:locale\" content=\"pt_BR\" \/>\n<meta property=\"og:type\" content=\"article\" \/>\n<meta property=\"og:title\" content=\"S\u00e3o Paulo re\u00fane especialistas em sa\u00fade mental e trabalho\" \/>\n<meta property=\"og:description\" content=\"Por EBC, A edi\u00e7\u00e3o deste ano do Mind Summit, na capital paulista, nos dias 16 e 17 de setembro, dar\u00e1 \u00eanfase a temas como o burnout. Focado em sa\u00fade mental no mundo do trabalho, tamb\u00e9m inclui na programa\u00e7\u00e3o, de modo in\u00e9dito, treinamentos na \u00e1rea ao longo dos dois dias. O principal mote da edi\u00e7\u00e3o \u00e9 &hellip;\" \/>\n<meta property=\"og:url\" content=\"https:\/\/agenciabrasil.ebc.com.br\/educacao\/noticia\/2026-09\/sao-paulo-reune-especialistas-em-saude-mental-e-trabalho\" \/>\n<meta property=\"og:site_name\" content=\"MRNews\" \/>\n<meta property=\"article:publisher\" content=\"https:\/\/www.facebook.com\/eaipahpah\/?locale2=pt_BR\" \/>\n<meta property=\"article:published_time\" content=\"2026-09-03T21:44:04+00:00\" \/>\n<meta name=\"author\" content=\"Fernando Corraa\" \/>\n<meta name=\"twitter:card\" content=\"summary_large_image\" \/>\n<meta name=\"twitter:creator\" content=\"@conspirou\" \/>\n<meta name=\"twitter:site\" content=\"@conspirou\" \/>\n<meta name=\"twitter:label1\" content=\"Escrito por\" \/>\n\t<meta name=\"twitter:data1\" content=\"Fernando Corraa\" \/>\n\t<meta name=\"twitter:label2\" content=\"Est. tempo de leitura\" \/>\n\t<meta name=\"twitter:data2\" content=\"3 minutos\" \/>\n<script type=\"application\/ld+json\" class=\"yoast-schema-graph\">{\"@context\":\"https:\\\/\\\/schema.org\",\"@graph\":[{\"@type\":\"Article\",\"@id\":\"https:\\\/\\\/agenciabrasil.ebc.com.br\\\/educacao\\\/noticia\\\/2026-09\\\/sao-paulo-reune-especialistas-em-saude-mental-e-trabalho#article\",\"isPartOf\":{\"@id\":\"https:\\\/\\\/mrnews.com.br\\\/index.php\\\/2026\\\/09\\\/03\\\/sao-paulo-reune-especialistas-em-saude-mental-e-trabalho\\\/\"},\"author\":{\"name\":\"Fernando Corraa\",\"@id\":\"https:\\\/\\\/mrnews.com.br\\\/#\\\/schema\\\/person\\\/2f073f2d87903a2ff9a065e41bbf17d4\"},\"headline\":\"S\u00e3o Paulo re\u00fane especialistas em sa\u00fade mental e trabalho\",\"datePublished\":\"2026-09-03T21:44:04+00:00\",\"mainEntityOfPage\":{\"@id\":\"https:\\\/\\\/mrnews.com.br\\\/index.php\\\/2026\\\/09\\\/03\\\/sao-paulo-reune-especialistas-em-saude-mental-e-trabalho\\\/\"},\"wordCount\":637,\"commentCount\":0,\"publisher\":{\"@id\":\"https:\\\/\\\/mrnews.com.br\\\/#organization\"},\"articleSection\":[\"SERVI\u00c7OS\"],\"inLanguage\":\"pt-BR\",\"potentialAction\":[{\"@type\":\"CommentAction\",\"name\":\"Comment\",\"target\":[\"https:\\\/\\\/agenciabrasil.ebc.com.br\\\/educacao\\\/noticia\\\/2026-09\\\/sao-paulo-reune-especialistas-em-saude-mental-e-trabalho#respond\"]}]},{\"@type\":\"WebPage\",\"@id\":\"https:\\\/\\\/mrnews.com.br\\\/index.php\\\/2026\\\/09\\\/03\\\/sao-paulo-reune-especialistas-em-saude-mental-e-trabalho\\\/\",\"url\":\"https:\\\/\\\/agenciabrasil.ebc.com.br\\\/educacao\\\/noticia\\\/2026-09\\\/sao-paulo-reune-especialistas-em-saude-mental-e-trabalho\",\"name\":\"S\u00e3o Paulo re\u00fane especialistas em sa\u00fade mental e trabalho\",\"isPartOf\":{\"@id\":\"https:\\\/\\\/mrnews.com.br\\\/#website\"},\"datePublished\":\"2026-09-03T21:44:04+00:00\",\"breadcrumb\":{\"@id\":\"https:\\\/\\\/agenciabrasil.ebc.com.br\\\/educacao\\\/noticia\\\/2026-09\\\/sao-paulo-reune-especialistas-em-saude-mental-e-trabalho#breadcrumb\"},\"inLanguage\":\"pt-BR\",\"potentialAction\":[{\"@type\":\"ReadAction\",\"target\":[\"https:\\\/\\\/agenciabrasil.ebc.com.br\\\/educacao\\\/noticia\\\/2026-09\\\/sao-paulo-reune-especialistas-em-saude-mental-e-trabalho\"]}]},{\"@type\":\"BreadcrumbList\",\"@id\":\"https:\\\/\\\/agenciabrasil.ebc.com.br\\\/educacao\\\/noticia\\\/2026-09\\\/sao-paulo-reune-especialistas-em-saude-mental-e-trabalho#breadcrumb\",\"itemListElement\":[{\"@type\":\"ListItem\",\"position\":1,\"name\":\"In\u00edcio\",\"item\":\"https:\\\/\\\/mrnews.com.br\\\/\"},{\"@type\":\"ListItem\",\"position\":2,\"name\":\"S\u00e3o Paulo re\u00fane especialistas em sa\u00fade mental e trabalho\"}]},{\"@type\":\"WebSite\",\"@id\":\"https:\\\/\\\/mrnews.com.br\\\/#website\",\"url\":\"https:\\\/\\\/mrnews.com.br\\\/\",\"name\":\"MRNews\",\"description\":\"MRNews Jogos de hoje da TV, transmiss\u00f5es ao vivo, Not\u00edcias de futebol, Jogos ao vivo, Lives, resumo de novelas, Programa\u00e7\u00e3o da Globo, A Fazenda e BBB\",\"publisher\":{\"@id\":\"https:\\\/\\\/mrnews.com.br\\\/#organization\"},\"potentialAction\":[{\"@type\":\"SearchAction\",\"target\":{\"@type\":\"EntryPoint\",\"urlTemplate\":\"https:\\\/\\\/mrnews.com.br\\\/?s={search_term_string}\"},\"query-input\":{\"@type\":\"PropertyValueSpecification\",\"valueRequired\":true,\"valueName\":\"search_term_string\"}}],\"inLanguage\":\"pt-BR\"},{\"@type\":\"Organization\",\"@id\":\"https:\\\/\\\/mrnews.com.br\\\/#organization\",\"name\":\"MRNews\",\"url\":\"https:\\\/\\\/mrnews.com.br\\\/\",\"logo\":{\"@type\":\"ImageObject\",\"inLanguage\":\"pt-BR\",\"@id\":\"https:\\\/\\\/mrnews.com.br\\\/#\\\/schema\\\/logo\\\/image\\\/\",\"url\":\"https:\\\/\\\/mrnews.com.br\\\/wp-content\\\/uploads\\\/2026\\\/08\\\/MRNEws.png\",\"contentUrl\":\"https:\\\/\\\/mrnews.com.br\\\/wp-content\\\/uploads\\\/2026\\\/08\\\/MRNEws.png\",\"width\":1254,\"height\":1254,\"caption\":\"MRNews\"},\"image\":{\"@id\":\"https:\\\/\\\/mrnews.com.br\\\/#\\\/schema\\\/logo\\\/image\\\/\"},\"sameAs\":[\"https:\\\/\\\/www.facebook.com\\\/eaipahpah\\\/?locale2=pt_BR\",\"https:\\\/\\\/x.com\\\/conspirou\",\"https:\\\/\\\/www.instagram.com\\\/eai_pahpah\",\"https:\\\/\\\/br.pinterest.com\\\/mrnewsn\\\/boards\\\/\",\"https:\\\/\\\/www.youtube.com\\\/channel\\\/UCacgnpznQ61fifLWr1tQ-vA?view_as=subscriber\"]},{\"@type\":\"Person\",\"@id\":\"https:\\\/\\\/mrnews.com.br\\\/#\\\/schema\\\/person\\\/2f073f2d87903a2ff9a065e41bbf17d4\",\"name\":\"Fernando Corraa\",\"image\":{\"@type\":\"ImageObject\",\"inLanguage\":\"pt-BR\",\"@id\":\"https:\\\/\\\/secure.gravatar.com\\\/avatar\\\/9069acb0e588c9f4346ba747284aef18a5faaab575e89e9ccc64e315003f0b82?s=96&d=monsterid&r=g\",\"url\":\"https:\\\/\\\/secure.gravatar.com\\\/avatar\\\/9069acb0e588c9f4346ba747284aef18a5faaab575e89e9ccc64e315003f0b82?s=96&d=monsterid&r=g\",\"contentUrl\":\"https:\\\/\\\/secure.gravatar.com\\\/avatar\\\/9069acb0e588c9f4346ba747284aef18a5faaab575e89e9ccc64e315003f0b82?s=96&d=monsterid&r=g\",\"caption\":\"Fernando Corraa\"},\"url\":\"https:\\\/\\\/mrnews.com.br\\\/index.php\\\/author\\\/fernando-corraa\\\/\"}]}<\/script>\n<!-- \/ Yoast SEO plugin. -->","yoast_head_json":{"title":"S\u00e3o Paulo re\u00fane especialistas em sa\u00fade mental e trabalho","robots":{"index":"index","follow":"follow","max-snippet":"max-snippet:-1","max-image-preview":"max-image-preview:large","max-video-preview":"max-video-preview:-1"},"canonical":"https:\/\/agenciabrasil.ebc.com.br\/educacao\/noticia\/2026-09\/sao-paulo-reune-especialistas-em-saude-mental-e-trabalho","og_locale":"pt_BR","og_type":"article","og_title":"S\u00e3o Paulo re\u00fane especialistas em sa\u00fade mental e trabalho","og_description":"Por EBC, A edi\u00e7\u00e3o deste ano do Mind Summit, na capital paulista, nos dias 16 e 17 de setembro, dar\u00e1 \u00eanfase a temas como o burnout. Focado em sa\u00fade mental no mundo do trabalho, tamb\u00e9m inclui na programa\u00e7\u00e3o, de modo in\u00e9dito, treinamentos na \u00e1rea ao longo dos dois dias. O principal mote da edi\u00e7\u00e3o \u00e9 &hellip;","og_url":"https:\/\/agenciabrasil.ebc.com.br\/educacao\/noticia\/2026-09\/sao-paulo-reune-especialistas-em-saude-mental-e-trabalho","og_site_name":"MRNews","article_publisher":"https:\/\/www.facebook.com\/eaipahpah\/?locale2=pt_BR","article_published_time":"2026-09-03T21:44:04+00:00","author":"Fernando Corraa","twitter_card":"summary_large_image","twitter_creator":"@conspirou","twitter_site":"@conspirou","twitter_misc":{"Escrito por":"Fernando Corraa","Est. tempo de leitura":"3 minutos"},"schema":{"@context":"https:\/\/schema.org","@graph":[{"@type":"Article","@id":"https:\/\/agenciabrasil.ebc.com.br\/educacao\/noticia\/2026-09\/sao-paulo-reune-especialistas-em-saude-mental-e-trabalho#article","isPartOf":{"@id":"https:\/\/mrnews.com.br\/index.php\/2026\/09\/03\/sao-paulo-reune-especialistas-em-saude-mental-e-trabalho\/"},"author":{"name":"Fernando Corraa","@id":"https:\/\/mrnews.com.br\/#\/schema\/person\/2f073f2d87903a2ff9a065e41bbf17d4"},"headline":"S\u00e3o Paulo re\u00fane especialistas em sa\u00fade mental e trabalho","datePublished":"2026-09-03T21:44:04+00:00","mainEntityOfPage":{"@id":"https:\/\/mrnews.com.br\/index.php\/2026\/09\/03\/sao-paulo-reune-especialistas-em-saude-mental-e-trabalho\/"},"wordCount":637,"commentCount":0,"publisher":{"@id":"https:\/\/mrnews.com.br\/#organization"},"articleSection":["SERVI\u00c7OS"],"inLanguage":"pt-BR","potentialAction":[{"@type":"CommentAction","name":"Comment","target":["https:\/\/agenciabrasil.ebc.com.br\/educacao\/noticia\/2026-09\/sao-paulo-reune-especialistas-em-saude-mental-e-trabalho#respond"]}]},{"@type":"WebPage","@id":"https:\/\/mrnews.com.br\/index.php\/2026\/09\/03\/sao-paulo-reune-especialistas-em-saude-mental-e-trabalho\/","url":"https:\/\/agenciabrasil.ebc.com.br\/educacao\/noticia\/2026-09\/sao-paulo-reune-especialistas-em-saude-mental-e-trabalho","name":"S\u00e3o Paulo re\u00fane especialistas em sa\u00fade mental e trabalho","isPartOf":{"@id":"https:\/\/mrnews.com.br\/#website"},"datePublished":"2026-09-03T21:44:04+00:00","breadcrumb":{"@id":"https:\/\/agenciabrasil.ebc.com.br\/educacao\/noticia\/2026-09\/sao-paulo-reune-especialistas-em-saude-mental-e-trabalho#breadcrumb"},"inLanguage":"pt-BR","potentialAction":[{"@type":"ReadAction","target":["https:\/\/agenciabrasil.ebc.com.br\/educacao\/noticia\/2026-09\/sao-paulo-reune-especialistas-em-saude-mental-e-trabalho"]}]},{"@type":"BreadcrumbList","@id":"https:\/\/agenciabrasil.ebc.com.br\/educacao\/noticia\/2026-09\/sao-paulo-reune-especialistas-em-saude-mental-e-trabalho#breadcrumb","itemListElement":[{"@type":"ListItem","position":1,"name":"In\u00edcio","item":"https:\/\/mrnews.com.br\/"},{"@type":"ListItem","position":2,"name":"S\u00e3o Paulo re\u00fane especialistas em sa\u00fade mental e trabalho"}]},{"@type":"WebSite","@id":"https:\/\/mrnews.com.br\/#website","url":"https:\/\/mrnews.com.br\/","name":"MRNews","description":"MRNews Jogos de hoje da TV, transmiss\u00f5es ao vivo, Not\u00edcias de futebol, Jogos ao vivo, Lives, resumo de novelas, Programa\u00e7\u00e3o da Globo, A Fazenda e BBB","publisher":{"@id":"https:\/\/mrnews.com.br\/#organization"},"potentialAction":[{"@type":"SearchAction","target":{"@type":"EntryPoint","urlTemplate":"https:\/\/mrnews.com.br\/?s={search_term_string}"},"query-input":{"@type":"PropertyValueSpecification","valueRequired":true,"valueName":"search_term_string"}}],"inLanguage":"pt-BR"},{"@type":"Organization","@id":"https:\/\/mrnews.com.br\/#organization","name":"MRNews","url":"https:\/\/mrnews.com.br\/","logo":{"@type":"ImageObject","inLanguage":"pt-BR","@id":"https:\/\/mrnews.com.br\/#\/schema\/logo\/image\/","url":"https:\/\/mrnews.com.br\/wp-content\/uploads\/2026\/08\/MRNEws.png","contentUrl":"https:\/\/mrnews.com.br\/wp-content\/uploads\/2026\/08\/MRNEws.png","width":1254,"height":1254,"caption":"MRNews"},"image":{"@id":"https:\/\/mrnews.com.br\/#\/schema\/logo\/image\/"},"sameAs":["https:\/\/www.facebook.com\/eaipahpah\/?locale2=pt_BR","https:\/\/x.com\/conspirou","https:\/\/www.instagram.com\/eai_pahpah","https:\/\/br.pinterest.com\/mrnewsn\/boards\/","https:\/\/www.youtube.com\/channel\/UCacgnpznQ61fifLWr1tQ-vA?view_as=subscriber"]},{"@type":"Person","@id":"https:\/\/mrnews.com.br\/#\/schema\/person\/2f073f2d87903a2ff9a065e41bbf17d4","name":"Fernando Corraa","image":{"@type":"ImageObject","inLanguage":"pt-BR","@id":"https:\/\/secure.gravatar.com\/avatar\/9069acb0e588c9f4346ba747284aef18a5faaab575e89e9ccc64e315003f0b82?s=96&d=monsterid&r=g","url":"https:\/\/secure.gravatar.com\/avatar\/9069acb0e588c9f4346ba747284aef18a5faaab575e89e9ccc64e315003f0b82?s=96&d=monsterid&r=g","contentUrl":"https:\/\/secure.gravatar.com\/avatar\/9069acb0e588c9f4346ba747284aef18a5faaab575e89e9ccc64e315003f0b82?s=96&d=monsterid&r=g","caption":"Fernando Corraa"},"url":"https:\/\/mrnews.com.br\/index.php\/author\/fernando-corraa\/"}]}},"jetpack_sharing_enabled":true,"jetpack_shortlink":"https:\/\/wp.me\/pa2Qf7-1Xgc","amp_enabled":true,"jetpack_featured_media_url":"","_links":{"self":[{"href":"https:\/\/mrnews.com.br\/index.php\/wp-json\/wp\/v2\/posts\/466128","targetHints":{"allow":["GET"]}}],"collection":[{"href":"https:\/\/mrnews.com.br\/index.php\/wp-json\/wp\/v2\/posts"}],"about":[{"href":"https:\/\/mrnews.com.br\/index.php\/wp-json\/wp\/v2\/types\/post"}],"author":[{"embeddable":true,"href":"https:\/\/mrnews.com.br\/index.php\/wp-json\/wp\/v2\/users\/39"}],"replies":[{"embeddable":true,"href":"https:\/\/mrnews.com.br\/index.php\/wp-json\/wp\/v2\/comments?post=466128"}],"version-history":[{"count":0,"href":"https:\/\/mrnews.com.br\/index.php\/wp-json\/wp\/v2\/posts\/466128\/revisions"}],"wp:attachment":[{"href":"https:\/\/mrnews.com.br\/index.php\/wp-json\/wp\/v2\/media?parent=466128"}],"wp:term":[{"taxonomy":"category","embeddable":true,"href":"https:\/\/mrnews.com.br\/index.php\/wp-json\/wp\/v2\/categories?post=466128"},{"taxonomy":"post_tag","embeddable":true,"href":"https:\/\/mrnews.com.br\/index.php\/wp-json\/wp\/v2\/tags?post=466128"}],"curies":[{"name":"wp","href":"https:\/\/api.w.org\/{rel}","templated":true}]}}