{"id":466129,"date":"2026-09-03T19:26:03","date_gmt":"2026-09-03T22:26:03","guid":{"rendered":"https:\/\/mrnews.com.br\/index.php\/2026\/09\/03\/ministro-da-previdencia-anuncia-o-fim-da-fila-de-espera-no-inss\/"},"modified":"2026-09-03T19:26:03","modified_gmt":"2026-09-03T22:26:03","slug":"ministro-da-previdencia-anuncia-o-fim-da-fila-de-espera-no-inss","status":"publish","type":"post","link":"https:\/\/mrnews.com.br\/index.php\/2026\/09\/03\/ministro-da-previdencia-anuncia-o-fim-da-fila-de-espera-no-inss\/","title":{"rendered":"Ministro da Previd\u00eancia anuncia o fim da fila de espera no INSS"},"content":{"rendered":"<p>Por EBC, <\/p>\n<div>\n<p>O ministro da Previd\u00eancia Social, Wolney Queiroz, anunciou, nesta quinta-feira (3), que a <strong>fila de atendimentos do Instituto Nacional do Seguro Social (INSS) foi zerada<\/strong>. A marca foi atingida no m\u00eas passado. O an\u00fancio foi feito no Pal\u00e1cio do Planalto, com a presen\u00e7a do presidente Luiz In\u00e1cio Lula da Silva.<\/p>\n<p>De acordo com o minist\u00e9rio, desde fevereiro at\u00e9 agosto, o n\u00famero de pedidos de per\u00edcia aguardando atendimento foi caindo gradativamente. Em fevereiro, eram 3,12 milh\u00f5es de pessoas na fila, ao mesmo tempo que 1,17 milh\u00e3o de pessoas abriram novos pedidos naquele m\u00eas. O n\u00famero de pessoas na fila foi caindo at\u00e9 chegar a 1,547 milh\u00e3o, em julho. <strong>Em agosto, o n\u00famero de novos pedidos superou o n\u00famero de pessoas na fila.<\/strong><\/p>\n<blockquote>\n<p>\u201cQuando isso acontece, n\u00e3o temos uma fila. Temos um fluxo de atendimento. Deixou de existir uma fila para existir atendimento. Estamos numa situa\u00e7\u00e3o parecida com uma loja que tem 12 vendedores e entram 8 clientes. Estamos com folga no atendimento por maior que seja a demanda\u201d, explicou Queiroz.<\/p>\n<\/blockquote>\n<p>O Minist\u00e9rio da Previd\u00eancia esclareceu que as causas do maior fluxo no atendimento e na redu\u00e7\u00e3o na espera pelo resultado da per\u00edcia passam pela nomea\u00e7\u00e3o de novos servidores por concurso p\u00fablico, pelas 865 ag\u00eancias funcionando com recursos de telemedicina e a ado\u00e7\u00e3o de per\u00edcia m\u00e9dica documental. <strong>Nesse tipo de per\u00edcia, n\u00e3o \u00e9 necess\u00e1ria a ida da pessoa a uma ag\u00eancia do INSS, apenas o envio de documenta\u00e7\u00e3o comprobat\u00f3ria.<\/strong><\/p>\n<p>O minist\u00e9rio tamb\u00e9m atribui os n\u00fameros alcan\u00e7ados \u00e0 ado\u00e7\u00e3o de mutir\u00f5es em fins de semana e pagamento de b\u00f4nus para servidores com tarefas conclu\u00eddas acima de suas metas.\u00a0<\/p>\n<p>\u201cEsse plano de gerenciamento de benef\u00edcios foi respons\u00e1vel por, somente em 2026, 2 milh\u00f5es de atendimentos a mais\u201d, disse o ministro.<\/p>\n<p><strong>O INSS recebe, atualmente, cerca de 1,3 milh\u00e3o de pedidos por m\u00eas.<\/strong> S\u00e3o 43 mil pedidos por dia. \u201c\u00c9 com esse gigante que lidamos\u201d, destacou Wolney Queiroz.<\/p>\n<p>\u201cO que a gente quer \u00e9 humanizar a fila. \u00c9 a pessoa ter o tempo correto de dar entrada, esperar e receber o seu benef\u00edcio\u201d, disse o presidente Luiz In\u00e1cio Lula da Silva.<\/p>\n<p><strong>Al\u00e9m da redu\u00e7\u00e3o da fila, houve redu\u00e7\u00e3o no tempo de espera por uma decis\u00e3o a respeito da per\u00edcia.<\/strong> O prazo definido por lei para uma decis\u00e3o \u00e9 de 45 dias, e o tempo m\u00e9dio atingido pelo instituto \u00e9 de 34 dias.<\/p>\n<p>No entanto, ainda existe, segundo o ministro Wolney Queiroz e o secret\u00e1rio-executivo da pasta, Felipe Cavalcante, um grupo de 224 mil pessoas aguardando o resultado de per\u00edcias por um prazo maior do que 45 dias.\u00a0<\/p>\n<p><strong>S\u00e3o casos espec\u00edficos e pedidos especiais, destacaram o ministro e o secret\u00e1rio.<\/strong>\u00a0<\/p>\n<p>Entre esses pedidos est\u00e3o o de benef\u00edcios de presta\u00e7\u00e3o continuada (BPC) e aposentadorias.<\/p>\n<p>      <!-- Relacionada --><\/p>\n<p>            <!-- Relacionada -->\n    <\/div>\n","protected":false},"excerpt":{"rendered":"<p>Por EBC, O ministro da Previd\u00eancia Social, Wolney Queiroz, anunciou, nesta quinta-feira (3), que a fila de atendimentos do Instituto Nacional do Seguro Social (INSS) foi zerada. A marca foi atingida no m\u00eas passado. O an\u00fancio foi feito no Pal\u00e1cio do Planalto, com a presen\u00e7a do presidente Luiz In\u00e1cio Lula da Silva. De acordo com &hellip;<\/p>\n","protected":false},"author":39,"featured_media":0,"comment_status":"open","ping_status":"open","sticky":false,"template":"","format":"standard","meta":{"_jetpack_newsletter_access":"","_jetpack_dont_email_post_to_subs":false,"_jetpack_newsletter_tier_id":0,"_jetpack_memberships_contains_paywalled_content":false,"_jetpack_feature_clip_id":0,"_jetpack_memberships_contains_paid_content":false,"footnotes":"","jetpack_post_was_ever_published":false},"categories":[4],"tags":[],"class_list":["post-466129","post","type-post","status-publish","format-standard","hentry","category-servicos"],"yoast_head":"<!-- This site is optimized with the Yoast SEO plugin v28.4 - https:\/\/yoast.com\/product\/yoast-seo-wordpress\/ -->\n<title>Ministro da Previd\u00eancia anuncia o fim da fila de espera no INSS<\/title>\n<meta name=\"robots\" content=\"index, follow, max-snippet:-1, max-image-preview:large, max-video-preview:-1\" \/>\n<link rel=\"canonical\" href=\"https:\/\/agenciabrasil.ebc.com.br\/geral\/noticia\/2026-09\/fila-de-espera-por-pericia-do-INSS-e-zerada-em-agosto\" \/>\n<meta property=\"og:locale\" content=\"pt_BR\" \/>\n<meta property=\"og:type\" content=\"article\" \/>\n<meta property=\"og:title\" content=\"Ministro da Previd\u00eancia anuncia o fim da fila de espera no INSS\" \/>\n<meta property=\"og:description\" content=\"Por EBC, O ministro da Previd\u00eancia Social, Wolney Queiroz, anunciou, nesta quinta-feira (3), que a fila de atendimentos do Instituto Nacional do Seguro Social (INSS) foi zerada. A marca foi atingida no m\u00eas passado. O an\u00fancio foi feito no Pal\u00e1cio do Planalto, com a presen\u00e7a do presidente Luiz In\u00e1cio Lula da Silva. De acordo com &hellip;\" \/>\n<meta property=\"og:url\" content=\"https:\/\/agenciabrasil.ebc.com.br\/geral\/noticia\/2026-09\/fila-de-espera-por-pericia-do-INSS-e-zerada-em-agosto\" \/>\n<meta property=\"og:site_name\" content=\"MRNews\" \/>\n<meta property=\"article:publisher\" content=\"https:\/\/www.facebook.com\/eaipahpah\/?locale2=pt_BR\" \/>\n<meta property=\"article:published_time\" content=\"2026-09-03T22:26:03+00:00\" \/>\n<meta name=\"author\" content=\"Fernando Corraa\" \/>\n<meta name=\"twitter:card\" content=\"summary_large_image\" \/>\n<meta name=\"twitter:creator\" content=\"@conspirou\" \/>\n<meta name=\"twitter:site\" content=\"@conspirou\" \/>\n<meta name=\"twitter:label1\" content=\"Escrito por\" \/>\n\t<meta name=\"twitter:data1\" content=\"Fernando Corraa\" \/>\n\t<meta name=\"twitter:label2\" content=\"Est. tempo de leitura\" \/>\n\t<meta name=\"twitter:data2\" content=\"2 minutos\" \/>\n<script type=\"application\/ld+json\" class=\"yoast-schema-graph\">{\"@context\":\"https:\\\/\\\/schema.org\",\"@graph\":[{\"@type\":\"Article\",\"@id\":\"https:\\\/\\\/agenciabrasil.ebc.com.br\\\/geral\\\/noticia\\\/2026-09\\\/fila-de-espera-por-pericia-do-INSS-e-zerada-em-agosto#article\",\"isPartOf\":{\"@id\":\"https:\\\/\\\/mrnews.com.br\\\/index.php\\\/2026\\\/09\\\/03\\\/ministro-da-previdencia-anuncia-o-fim-da-fila-de-espera-no-inss\\\/\"},\"author\":{\"name\":\"Fernando Corraa\",\"@id\":\"https:\\\/\\\/mrnews.com.br\\\/#\\\/schema\\\/person\\\/2f073f2d87903a2ff9a065e41bbf17d4\"},\"headline\":\"Ministro da Previd\u00eancia anuncia o fim da fila de espera no INSS\",\"datePublished\":\"2026-09-03T22:26:03+00:00\",\"mainEntityOfPage\":{\"@id\":\"https:\\\/\\\/mrnews.com.br\\\/index.php\\\/2026\\\/09\\\/03\\\/ministro-da-previdencia-anuncia-o-fim-da-fila-de-espera-no-inss\\\/\"},\"wordCount\":505,\"commentCount\":0,\"publisher\":{\"@id\":\"https:\\\/\\\/mrnews.com.br\\\/#organization\"},\"articleSection\":[\"SERVI\u00c7OS\"],\"inLanguage\":\"pt-BR\",\"potentialAction\":[{\"@type\":\"CommentAction\",\"name\":\"Comment\",\"target\":[\"https:\\\/\\\/agenciabrasil.ebc.com.br\\\/geral\\\/noticia\\\/2026-09\\\/fila-de-espera-por-pericia-do-INSS-e-zerada-em-agosto#respond\"]}]},{\"@type\":\"WebPage\",\"@id\":\"https:\\\/\\\/mrnews.com.br\\\/index.php\\\/2026\\\/09\\\/03\\\/ministro-da-previdencia-anuncia-o-fim-da-fila-de-espera-no-inss\\\/\",\"url\":\"https:\\\/\\\/agenciabrasil.ebc.com.br\\\/geral\\\/noticia\\\/2026-09\\\/fila-de-espera-por-pericia-do-INSS-e-zerada-em-agosto\",\"name\":\"Ministro da Previd\u00eancia anuncia o fim da fila de espera no INSS\",\"isPartOf\":{\"@id\":\"https:\\\/\\\/mrnews.com.br\\\/#website\"},\"datePublished\":\"2026-09-03T22:26:03+00:00\",\"breadcrumb\":{\"@id\":\"https:\\\/\\\/agenciabrasil.ebc.com.br\\\/geral\\\/noticia\\\/2026-09\\\/fila-de-espera-por-pericia-do-INSS-e-zerada-em-agosto#breadcrumb\"},\"inLanguage\":\"pt-BR\",\"potentialAction\":[{\"@type\":\"ReadAction\",\"target\":[\"https:\\\/\\\/agenciabrasil.ebc.com.br\\\/geral\\\/noticia\\\/2026-09\\\/fila-de-espera-por-pericia-do-INSS-e-zerada-em-agosto\"]}]},{\"@type\":\"BreadcrumbList\",\"@id\":\"https:\\\/\\\/agenciabrasil.ebc.com.br\\\/geral\\\/noticia\\\/2026-09\\\/fila-de-espera-por-pericia-do-INSS-e-zerada-em-agosto#breadcrumb\",\"itemListElement\":[{\"@type\":\"ListItem\",\"position\":1,\"name\":\"In\u00edcio\",\"item\":\"https:\\\/\\\/mrnews.com.br\\\/\"},{\"@type\":\"ListItem\",\"position\":2,\"name\":\"Ministro da Previd\u00eancia anuncia o fim da fila de espera no INSS\"}]},{\"@type\":\"WebSite\",\"@id\":\"https:\\\/\\\/mrnews.com.br\\\/#website\",\"url\":\"https:\\\/\\\/mrnews.com.br\\\/\",\"name\":\"MRNews\",\"description\":\"MRNews Jogos de hoje da TV, transmiss\u00f5es ao vivo, Not\u00edcias de futebol, Jogos ao vivo, Lives, resumo de novelas, Programa\u00e7\u00e3o da Globo, A Fazenda e BBB\",\"publisher\":{\"@id\":\"https:\\\/\\\/mrnews.com.br\\\/#organization\"},\"potentialAction\":[{\"@type\":\"SearchAction\",\"target\":{\"@type\":\"EntryPoint\",\"urlTemplate\":\"https:\\\/\\\/mrnews.com.br\\\/?s={search_term_string}\"},\"query-input\":{\"@type\":\"PropertyValueSpecification\",\"valueRequired\":true,\"valueName\":\"search_term_string\"}}],\"inLanguage\":\"pt-BR\"},{\"@type\":\"Organization\",\"@id\":\"https:\\\/\\\/mrnews.com.br\\\/#organization\",\"name\":\"MRNews\",\"url\":\"https:\\\/\\\/mrnews.com.br\\\/\",\"logo\":{\"@type\":\"ImageObject\",\"inLanguage\":\"pt-BR\",\"@id\":\"https:\\\/\\\/mrnews.com.br\\\/#\\\/schema\\\/logo\\\/image\\\/\",\"url\":\"https:\\\/\\\/mrnews.com.br\\\/wp-content\\\/uploads\\\/2026\\\/08\\\/MRNEws.png\",\"contentUrl\":\"https:\\\/\\\/mrnews.com.br\\\/wp-content\\\/uploads\\\/2026\\\/08\\\/MRNEws.png\",\"width\":1254,\"height\":1254,\"caption\":\"MRNews\"},\"image\":{\"@id\":\"https:\\\/\\\/mrnews.com.br\\\/#\\\/schema\\\/logo\\\/image\\\/\"},\"sameAs\":[\"https:\\\/\\\/www.facebook.com\\\/eaipahpah\\\/?locale2=pt_BR\",\"https:\\\/\\\/x.com\\\/conspirou\",\"https:\\\/\\\/www.instagram.com\\\/eai_pahpah\",\"https:\\\/\\\/br.pinterest.com\\\/mrnewsn\\\/boards\\\/\",\"https:\\\/\\\/www.youtube.com\\\/channel\\\/UCacgnpznQ61fifLWr1tQ-vA?view_as=subscriber\"]},{\"@type\":\"Person\",\"@id\":\"https:\\\/\\\/mrnews.com.br\\\/#\\\/schema\\\/person\\\/2f073f2d87903a2ff9a065e41bbf17d4\",\"name\":\"Fernando Corraa\",\"image\":{\"@type\":\"ImageObject\",\"inLanguage\":\"pt-BR\",\"@id\":\"https:\\\/\\\/secure.gravatar.com\\\/avatar\\\/9069acb0e588c9f4346ba747284aef18a5faaab575e89e9ccc64e315003f0b82?s=96&d=monsterid&r=g\",\"url\":\"https:\\\/\\\/secure.gravatar.com\\\/avatar\\\/9069acb0e588c9f4346ba747284aef18a5faaab575e89e9ccc64e315003f0b82?s=96&d=monsterid&r=g\",\"contentUrl\":\"https:\\\/\\\/secure.gravatar.com\\\/avatar\\\/9069acb0e588c9f4346ba747284aef18a5faaab575e89e9ccc64e315003f0b82?s=96&d=monsterid&r=g\",\"caption\":\"Fernando Corraa\"},\"url\":\"https:\\\/\\\/mrnews.com.br\\\/index.php\\\/author\\\/fernando-corraa\\\/\"}]}<\/script>\n<!-- \/ Yoast SEO plugin. -->","yoast_head_json":{"title":"Ministro da Previd\u00eancia anuncia o fim da fila de espera no INSS","robots":{"index":"index","follow":"follow","max-snippet":"max-snippet:-1","max-image-preview":"max-image-preview:large","max-video-preview":"max-video-preview:-1"},"canonical":"https:\/\/agenciabrasil.ebc.com.br\/geral\/noticia\/2026-09\/fila-de-espera-por-pericia-do-INSS-e-zerada-em-agosto","og_locale":"pt_BR","og_type":"article","og_title":"Ministro da Previd\u00eancia anuncia o fim da fila de espera no INSS","og_description":"Por EBC, O ministro da Previd\u00eancia Social, Wolney Queiroz, anunciou, nesta quinta-feira (3), que a fila de atendimentos do Instituto Nacional do Seguro Social (INSS) foi zerada. A marca foi atingida no m\u00eas passado. O an\u00fancio foi feito no Pal\u00e1cio do Planalto, com a presen\u00e7a do presidente Luiz In\u00e1cio Lula da Silva. De acordo com &hellip;","og_url":"https:\/\/agenciabrasil.ebc.com.br\/geral\/noticia\/2026-09\/fila-de-espera-por-pericia-do-INSS-e-zerada-em-agosto","og_site_name":"MRNews","article_publisher":"https:\/\/www.facebook.com\/eaipahpah\/?locale2=pt_BR","article_published_time":"2026-09-03T22:26:03+00:00","author":"Fernando Corraa","twitter_card":"summary_large_image","twitter_creator":"@conspirou","twitter_site":"@conspirou","twitter_misc":{"Escrito por":"Fernando Corraa","Est. tempo de leitura":"2 minutos"},"schema":{"@context":"https:\/\/schema.org","@graph":[{"@type":"Article","@id":"https:\/\/agenciabrasil.ebc.com.br\/geral\/noticia\/2026-09\/fila-de-espera-por-pericia-do-INSS-e-zerada-em-agosto#article","isPartOf":{"@id":"https:\/\/mrnews.com.br\/index.php\/2026\/09\/03\/ministro-da-previdencia-anuncia-o-fim-da-fila-de-espera-no-inss\/"},"author":{"name":"Fernando Corraa","@id":"https:\/\/mrnews.com.br\/#\/schema\/person\/2f073f2d87903a2ff9a065e41bbf17d4"},"headline":"Ministro da Previd\u00eancia anuncia o fim da fila de espera no INSS","datePublished":"2026-09-03T22:26:03+00:00","mainEntityOfPage":{"@id":"https:\/\/mrnews.com.br\/index.php\/2026\/09\/03\/ministro-da-previdencia-anuncia-o-fim-da-fila-de-espera-no-inss\/"},"wordCount":505,"commentCount":0,"publisher":{"@id":"https:\/\/mrnews.com.br\/#organization"},"articleSection":["SERVI\u00c7OS"],"inLanguage":"pt-BR","potentialAction":[{"@type":"CommentAction","name":"Comment","target":["https:\/\/agenciabrasil.ebc.com.br\/geral\/noticia\/2026-09\/fila-de-espera-por-pericia-do-INSS-e-zerada-em-agosto#respond"]}]},{"@type":"WebPage","@id":"https:\/\/mrnews.com.br\/index.php\/2026\/09\/03\/ministro-da-previdencia-anuncia-o-fim-da-fila-de-espera-no-inss\/","url":"https:\/\/agenciabrasil.ebc.com.br\/geral\/noticia\/2026-09\/fila-de-espera-por-pericia-do-INSS-e-zerada-em-agosto","name":"Ministro da Previd\u00eancia anuncia o fim da fila de espera no INSS","isPartOf":{"@id":"https:\/\/mrnews.com.br\/#website"},"datePublished":"2026-09-03T22:26:03+00:00","breadcrumb":{"@id":"https:\/\/agenciabrasil.ebc.com.br\/geral\/noticia\/2026-09\/fila-de-espera-por-pericia-do-INSS-e-zerada-em-agosto#breadcrumb"},"inLanguage":"pt-BR","potentialAction":[{"@type":"ReadAction","target":["https:\/\/agenciabrasil.ebc.com.br\/geral\/noticia\/2026-09\/fila-de-espera-por-pericia-do-INSS-e-zerada-em-agosto"]}]},{"@type":"BreadcrumbList","@id":"https:\/\/agenciabrasil.ebc.com.br\/geral\/noticia\/2026-09\/fila-de-espera-por-pericia-do-INSS-e-zerada-em-agosto#breadcrumb","itemListElement":[{"@type":"ListItem","position":1,"name":"In\u00edcio","item":"https:\/\/mrnews.com.br\/"},{"@type":"ListItem","position":2,"name":"Ministro da Previd\u00eancia anuncia o fim da fila de espera no INSS"}]},{"@type":"WebSite","@id":"https:\/\/mrnews.com.br\/#website","url":"https:\/\/mrnews.com.br\/","name":"MRNews","description":"MRNews Jogos de hoje da TV, transmiss\u00f5es ao vivo, Not\u00edcias de futebol, Jogos ao vivo, Lives, resumo de novelas, Programa\u00e7\u00e3o da Globo, A Fazenda e BBB","publisher":{"@id":"https:\/\/mrnews.com.br\/#organization"},"potentialAction":[{"@type":"SearchAction","target":{"@type":"EntryPoint","urlTemplate":"https:\/\/mrnews.com.br\/?s={search_term_string}"},"query-input":{"@type":"PropertyValueSpecification","valueRequired":true,"valueName":"search_term_string"}}],"inLanguage":"pt-BR"},{"@type":"Organization","@id":"https:\/\/mrnews.com.br\/#organization","name":"MRNews","url":"https:\/\/mrnews.com.br\/","logo":{"@type":"ImageObject","inLanguage":"pt-BR","@id":"https:\/\/mrnews.com.br\/#\/schema\/logo\/image\/","url":"https:\/\/mrnews.com.br\/wp-content\/uploads\/2026\/08\/MRNEws.png","contentUrl":"https:\/\/mrnews.com.br\/wp-content\/uploads\/2026\/08\/MRNEws.png","width":1254,"height":1254,"caption":"MRNews"},"image":{"@id":"https:\/\/mrnews.com.br\/#\/schema\/logo\/image\/"},"sameAs":["https:\/\/www.facebook.com\/eaipahpah\/?locale2=pt_BR","https:\/\/x.com\/conspirou","https:\/\/www.instagram.com\/eai_pahpah","https:\/\/br.pinterest.com\/mrnewsn\/boards\/","https:\/\/www.youtube.com\/channel\/UCacgnpznQ61fifLWr1tQ-vA?view_as=subscriber"]},{"@type":"Person","@id":"https:\/\/mrnews.com.br\/#\/schema\/person\/2f073f2d87903a2ff9a065e41bbf17d4","name":"Fernando Corraa","image":{"@type":"ImageObject","inLanguage":"pt-BR","@id":"https:\/\/secure.gravatar.com\/avatar\/9069acb0e588c9f4346ba747284aef18a5faaab575e89e9ccc64e315003f0b82?s=96&d=monsterid&r=g","url":"https:\/\/secure.gravatar.com\/avatar\/9069acb0e588c9f4346ba747284aef18a5faaab575e89e9ccc64e315003f0b82?s=96&d=monsterid&r=g","contentUrl":"https:\/\/secure.gravatar.com\/avatar\/9069acb0e588c9f4346ba747284aef18a5faaab575e89e9ccc64e315003f0b82?s=96&d=monsterid&r=g","caption":"Fernando Corraa"},"url":"https:\/\/mrnews.com.br\/index.php\/author\/fernando-corraa\/"}]}},"jetpack_sharing_enabled":true,"jetpack_shortlink":"https:\/\/wp.me\/pa2Qf7-1Xgd","amp_enabled":true,"jetpack_featured_media_url":"","_links":{"self":[{"href":"https:\/\/mrnews.com.br\/index.php\/wp-json\/wp\/v2\/posts\/466129","targetHints":{"allow":["GET"]}}],"collection":[{"href":"https:\/\/mrnews.com.br\/index.php\/wp-json\/wp\/v2\/posts"}],"about":[{"href":"https:\/\/mrnews.com.br\/index.php\/wp-json\/wp\/v2\/types\/post"}],"author":[{"embeddable":true,"href":"https:\/\/mrnews.com.br\/index.php\/wp-json\/wp\/v2\/users\/39"}],"replies":[{"embeddable":true,"href":"https:\/\/mrnews.com.br\/index.php\/wp-json\/wp\/v2\/comments?post=466129"}],"version-history":[{"count":0,"href":"https:\/\/mrnews.com.br\/index.php\/wp-json\/wp\/v2\/posts\/466129\/revisions"}],"wp:attachment":[{"href":"https:\/\/mrnews.com.br\/index.php\/wp-json\/wp\/v2\/media?parent=466129"}],"wp:term":[{"taxonomy":"category","embeddable":true,"href":"https:\/\/mrnews.com.br\/index.php\/wp-json\/wp\/v2\/categories?post=466129"},{"taxonomy":"post_tag","embeddable":true,"href":"https:\/\/mrnews.com.br\/index.php\/wp-json\/wp\/v2\/tags?post=466129"}],"curies":[{"name":"wp","href":"https:\/\/api.w.org\/{rel}","templated":true}]}}