{"id":466130,"date":"2026-09-03T20:36:17","date_gmt":"2026-09-03T23:36:17","guid":{"rendered":"https:\/\/mrnews.com.br\/?p=466130"},"modified":"2026-09-03T20:36:17","modified_gmt":"2026-09-03T23:36:17","slug":"jose-mayer-faz-rara-aparicao-publica-e-emociona-ao-amparar-filho-de-gracindo-jr-em-velorio","status":"publish","type":"post","link":"https:\/\/mrnews.com.br\/index.php\/2026\/09\/03\/jose-mayer-faz-rara-aparicao-publica-e-emociona-ao-amparar-filho-de-gracindo-jr-em-velorio\/","title":{"rendered":"Jos\u00e9 Mayer faz rara apari\u00e7\u00e3o p\u00fablica e emociona ao amparar filho de Gracindo Jr. em vel\u00f3rio"},"content":{"rendered":"<p>Jos\u00e9 Mayer faz rara apari\u00e7\u00e3o p\u00fablica e emociona ao amparar filho de Gracindo Jr. em vel\u00f3rio<\/p>\n<h2>Ator esteve no vel\u00f3rio de Gracindo Jr. e chamou aten\u00e7\u00e3o pela discri\u00e7\u00e3o e pelo gesto de solidariedade \u00e0 fam\u00edlia<\/h2>\n<p>Jos\u00e9 Mayer voltou a aparecer publicamente nesta quinta-feira (3), em um momento marcado pela emo\u00e7\u00e3o e pela despedida. O ator compareceu ao vel\u00f3rio de Gracindo Jr., realizado no Cemit\u00e9rio da Penit\u00eancia, no Caju, na Zona Portu\u00e1ria do Rio de Janeiro.<\/p>\n<p>A presen\u00e7a do veterano chamou aten\u00e7\u00e3o justamente por sua postura cada vez mais reservada nos \u00faltimos anos. Longe dos holofotes desde que deixou a televis\u00e3o, Jos\u00e9 Mayer apareceu no local para prestar uma \u00faltima homenagem ao colega de profiss\u00e3o.<\/p>\n<p>Gracindo Jr. morreu aos 83 anos na ter\u00e7a-feira (1\u00ba). Filho do consagrado ator Paulo Gracindo, ele construiu uma trajet\u00f3ria ligada \u00e0 televis\u00e3o, ao teatro e ao cinema brasileiro, deixando uma importante contribui\u00e7\u00e3o para as artes.<\/p>\n<h3>Jos\u00e9 Mayer demonstra solidariedade \u00e0 fam\u00edlia<\/h3>\n<p>Durante a cerim\u00f4nia de despedida, Jos\u00e9 Mayer foi visto pr\u00f3ximo aos familiares e demonstrou carinho especialmente ao filho de Gracindo Jr. O ator procurou oferecer apoio em um momento de profunda dor para a fam\u00edlia.<\/p>\n<p>O gesto ganhou destaque justamente pela simplicidade. Em vez de uma apari\u00e7\u00e3o cercada de publicidade, Mayer esteve no local de maneira discreta, como algu\u00e9m que desejava apenas prestar sua homenagem e oferecer conforto aos amigos.<\/p>\n<p>A rela\u00e7\u00e3o entre artistas que compartilharam d\u00e9cadas de televis\u00e3o e teatro ajuda a explicar a presen\u00e7a de Jos\u00e9 Mayer em uma ocasi\u00e3o t\u00e3o delicada.<\/p>\n<h3>Apari\u00e7\u00e3o rara chama aten\u00e7\u00e3o<\/h3>\n<p>A participa\u00e7\u00e3o de Jos\u00e9 Mayer no vel\u00f3rio tamb\u00e9m despertou coment\u00e1rios por causa de sua aus\u00eancia dos eventos p\u00fablicos nos \u00faltimos anos.<\/p>\n<p>O ator, que durante d\u00e9cadas esteve entre os grandes nomes da televis\u00e3o brasileira, passou a levar uma vida muito mais reservada depois de deixar a Globo. Por isso, cada apari\u00e7\u00e3o p\u00fablica acaba despertando a aten\u00e7\u00e3o dos f\u00e3s.<\/p>\n<p>Mesmo diante desse interesse, o momento desta quinta-feira foi marcado principalmente pelo respeito \u00e0 fam\u00edlia de Gracindo Jr. e pela despedida do artista.<\/p>\n<h3>Gracindo Jr. deixa trajet\u00f3ria na televis\u00e3o brasileira<\/h3>\n<p>Gracindo Jr. era filho de Paulo Gracindo, um dos nomes mais importantes da hist\u00f3ria da televis\u00e3o brasileira. Ao longo de sua carreira, tamb\u00e9m atuou e trabalhou em diferentes fun\u00e7\u00f5es relacionadas \u00e0s artes c\u00eanicas.<\/p>\n<p>Sua morte, aos 83 anos, provocou manifesta\u00e7\u00f5es de carinho entre colegas e amigos do meio art\u00edstico.<\/p>\n<p>O vel\u00f3rio reuniu diferentes personalidades que fizeram parte de sua trajet\u00f3ria profissional e pessoal. A presen\u00e7a de Jos\u00e9 Mayer foi uma das que mais chamou aten\u00e7\u00e3o, especialmente pelo perfil discreto adotado pelo ator nos \u00faltimos anos.<\/p>\n<h3>Uma despedida marcada pela emo\u00e7\u00e3o<\/h3>\n<p>Em momentos de luto, a presen\u00e7a de antigos colegas pode representar uma importante demonstra\u00e7\u00e3o de carinho para os familiares. Foi nesse contexto que Jos\u00e9 Mayer esteve no Cemit\u00e9rio da Penit\u00eancia para se despedir de Gracindo Jr.<\/p>\n<p>A cena refor\u00e7ou tamb\u00e9m os la\u00e7os constru\u00eddos ao longo de d\u00e9cadas entre grandes nomes da dramaturgia brasileira.<\/p>\n<p>Mais do que uma rara apari\u00e7\u00e3o p\u00fablica, a ida de Jos\u00e9 Mayer ao vel\u00f3rio representou um gesto de solidariedade em um momento de dor e despedida.<\/p>\n","protected":false},"excerpt":{"rendered":"<p>Jos\u00e9 Mayer faz rara apari\u00e7\u00e3o p\u00fablica e emociona ao amparar filho de Gracindo Jr. em vel\u00f3rio Ator esteve no vel\u00f3rio de Gracindo Jr. e chamou aten\u00e7\u00e3o pela discri\u00e7\u00e3o e pelo gesto de solidariedade \u00e0 fam\u00edlia Jos\u00e9 Mayer voltou a aparecer publicamente nesta quinta-feira (3), em um momento marcado pela emo\u00e7\u00e3o e pela despedida. O ator &hellip;<\/p>\n","protected":false},"author":1,"featured_media":464390,"comment_status":"open","ping_status":"open","sticky":false,"template":"","format":"standard","meta":{"_jetpack_newsletter_access":"","_jetpack_dont_email_post_to_subs":false,"_jetpack_newsletter_tier_id":0,"_jetpack_memberships_contains_paywalled_content":false,"_jetpack_feature_clip_id":0,"_jetpack_memberships_contains_paid_content":false,"footnotes":"","jetpack_post_was_ever_published":false},"categories":[2],"tags":[],"class_list":["post-466130","post","type-post","status-publish","format-standard","has-post-thumbnail","hentry","category-entretenimento"],"yoast_head":"<!-- This site is optimized with the Yoast SEO plugin v28.4 - https:\/\/yoast.com\/product\/yoast-seo-wordpress\/ -->\n<title>Jos\u00e9 Mayer faz rara apari\u00e7\u00e3o p\u00fablica e emociona ao amparar filho de Gracindo Jr. em vel\u00f3rio<\/title>\n<meta name=\"robots\" content=\"index, follow, max-snippet:-1, max-image-preview:large, max-video-preview:-1\" \/>\n<link rel=\"canonical\" href=\"https:\/\/mrnews.com.br\/index.php\/2026\/09\/03\/jose-mayer-faz-rara-aparicao-publica-e-emociona-ao-amparar-filho-de-gracindo-jr-em-velorio\/\" \/>\n<meta property=\"og:locale\" content=\"pt_BR\" \/>\n<meta property=\"og:type\" content=\"article\" \/>\n<meta property=\"og:title\" content=\"Jos\u00e9 Mayer faz rara apari\u00e7\u00e3o p\u00fablica e emociona ao amparar filho de Gracindo Jr. em vel\u00f3rio\" \/>\n<meta property=\"og:description\" content=\"Jos\u00e9 Mayer faz rara apari\u00e7\u00e3o p\u00fablica e emociona ao amparar filho de Gracindo Jr. em vel\u00f3rio Ator esteve no vel\u00f3rio de Gracindo Jr. e chamou aten\u00e7\u00e3o pela discri\u00e7\u00e3o e pelo gesto de solidariedade \u00e0 fam\u00edlia Jos\u00e9 Mayer voltou a aparecer publicamente nesta quinta-feira (3), em um momento marcado pela emo\u00e7\u00e3o e pela despedida. O ator &hellip;\" \/>\n<meta property=\"og:url\" content=\"https:\/\/mrnews.com.br\/index.php\/2026\/09\/03\/jose-mayer-faz-rara-aparicao-publica-e-emociona-ao-amparar-filho-de-gracindo-jr-em-velorio\/\" \/>\n<meta property=\"og:site_name\" content=\"MRNews\" \/>\n<meta property=\"article:publisher\" content=\"https:\/\/www.facebook.com\/eaipahpah\/?locale2=pt_BR\" \/>\n<meta property=\"article:published_time\" content=\"2026-09-03T23:36:17+00:00\" \/>\n<meta property=\"og:image\" content=\"https:\/\/mrnews.com.br\/wp-content\/uploads\/2026\/07\/09674d2f-cee5-4b0c-891a-fcf37bb79549-1024x683.png\" \/>\n\t<meta property=\"og:image:width\" content=\"1024\" \/>\n\t<meta property=\"og:image:height\" content=\"683\" \/>\n\t<meta property=\"og:image:type\" content=\"image\/png\" \/>\n<meta name=\"author\" content=\"MR News\" \/>\n<meta name=\"twitter:card\" content=\"summary_large_image\" \/>\n<meta name=\"twitter:creator\" content=\"@conspirou\" \/>\n<meta name=\"twitter:site\" content=\"@conspirou\" \/>\n<meta name=\"twitter:label1\" content=\"Escrito por\" \/>\n\t<meta name=\"twitter:data1\" content=\"MR News\" \/>\n\t<meta name=\"twitter:label2\" content=\"Est. tempo de leitura\" \/>\n\t<meta name=\"twitter:data2\" content=\"3 minutos\" \/>\n<script type=\"application\/ld+json\" class=\"yoast-schema-graph\">{\"@context\":\"https:\\\/\\\/schema.org\",\"@graph\":[{\"@type\":\"Article\",\"@id\":\"https:\\\/\\\/mrnews.com.br\\\/index.php\\\/2026\\\/09\\\/03\\\/jose-mayer-faz-rara-aparicao-publica-e-emociona-ao-amparar-filho-de-gracindo-jr-em-velorio\\\/#article\",\"isPartOf\":{\"@id\":\"https:\\\/\\\/mrnews.com.br\\\/index.php\\\/2026\\\/09\\\/03\\\/jose-mayer-faz-rara-aparicao-publica-e-emociona-ao-amparar-filho-de-gracindo-jr-em-velorio\\\/\"},\"author\":{\"name\":\"MR News\",\"@id\":\"https:\\\/\\\/mrnews.com.br\\\/#\\\/schema\\\/person\\\/be3203154562a9f207407861cef7827b\"},\"headline\":\"Jos\u00e9 Mayer faz rara apari\u00e7\u00e3o p\u00fablica e emociona ao amparar filho de Gracindo Jr. em vel\u00f3rio\",\"datePublished\":\"2026-09-03T23:36:17+00:00\",\"mainEntityOfPage\":{\"@id\":\"https:\\\/\\\/mrnews.com.br\\\/index.php\\\/2026\\\/09\\\/03\\\/jose-mayer-faz-rara-aparicao-publica-e-emociona-ao-amparar-filho-de-gracindo-jr-em-velorio\\\/\"},\"wordCount\":594,\"commentCount\":0,\"publisher\":{\"@id\":\"https:\\\/\\\/mrnews.com.br\\\/#organization\"},\"image\":{\"@id\":\"https:\\\/\\\/mrnews.com.br\\\/index.php\\\/2026\\\/09\\\/03\\\/jose-mayer-faz-rara-aparicao-publica-e-emociona-ao-amparar-filho-de-gracindo-jr-em-velorio\\\/#primaryimage\"},\"thumbnailUrl\":\"https:\\\/\\\/mrnews.com.br\\\/wp-content\\\/uploads\\\/2026\\\/07\\\/09674d2f-cee5-4b0c-891a-fcf37bb79549.png\",\"articleSection\":[\"ENTRETENIMENTO\"],\"inLanguage\":\"pt-BR\",\"potentialAction\":[{\"@type\":\"CommentAction\",\"name\":\"Comment\",\"target\":[\"https:\\\/\\\/mrnews.com.br\\\/index.php\\\/2026\\\/09\\\/03\\\/jose-mayer-faz-rara-aparicao-publica-e-emociona-ao-amparar-filho-de-gracindo-jr-em-velorio\\\/#respond\"]}]},{\"@type\":\"WebPage\",\"@id\":\"https:\\\/\\\/mrnews.com.br\\\/index.php\\\/2026\\\/09\\\/03\\\/jose-mayer-faz-rara-aparicao-publica-e-emociona-ao-amparar-filho-de-gracindo-jr-em-velorio\\\/\",\"url\":\"https:\\\/\\\/mrnews.com.br\\\/index.php\\\/2026\\\/09\\\/03\\\/jose-mayer-faz-rara-aparicao-publica-e-emociona-ao-amparar-filho-de-gracindo-jr-em-velorio\\\/\",\"name\":\"Jos\u00e9 Mayer faz rara apari\u00e7\u00e3o p\u00fablica e emociona ao amparar filho de Gracindo Jr. em vel\u00f3rio\",\"isPartOf\":{\"@id\":\"https:\\\/\\\/mrnews.com.br\\\/#website\"},\"primaryImageOfPage\":{\"@id\":\"https:\\\/\\\/mrnews.com.br\\\/index.php\\\/2026\\\/09\\\/03\\\/jose-mayer-faz-rara-aparicao-publica-e-emociona-ao-amparar-filho-de-gracindo-jr-em-velorio\\\/#primaryimage\"},\"image\":{\"@id\":\"https:\\\/\\\/mrnews.com.br\\\/index.php\\\/2026\\\/09\\\/03\\\/jose-mayer-faz-rara-aparicao-publica-e-emociona-ao-amparar-filho-de-gracindo-jr-em-velorio\\\/#primaryimage\"},\"thumbnailUrl\":\"https:\\\/\\\/mrnews.com.br\\\/wp-content\\\/uploads\\\/2026\\\/07\\\/09674d2f-cee5-4b0c-891a-fcf37bb79549.png\",\"datePublished\":\"2026-09-03T23:36:17+00:00\",\"breadcrumb\":{\"@id\":\"https:\\\/\\\/mrnews.com.br\\\/index.php\\\/2026\\\/09\\\/03\\\/jose-mayer-faz-rara-aparicao-publica-e-emociona-ao-amparar-filho-de-gracindo-jr-em-velorio\\\/#breadcrumb\"},\"inLanguage\":\"pt-BR\",\"potentialAction\":[{\"@type\":\"ReadAction\",\"target\":[\"https:\\\/\\\/mrnews.com.br\\\/index.php\\\/2026\\\/09\\\/03\\\/jose-mayer-faz-rara-aparicao-publica-e-emociona-ao-amparar-filho-de-gracindo-jr-em-velorio\\\/\"]}]},{\"@type\":\"ImageObject\",\"inLanguage\":\"pt-BR\",\"@id\":\"https:\\\/\\\/mrnews.com.br\\\/index.php\\\/2026\\\/09\\\/03\\\/jose-mayer-faz-rara-aparicao-publica-e-emociona-ao-amparar-filho-de-gracindo-jr-em-velorio\\\/#primaryimage\",\"url\":\"https:\\\/\\\/mrnews.com.br\\\/wp-content\\\/uploads\\\/2026\\\/07\\\/09674d2f-cee5-4b0c-891a-fcf37bb79549.png\",\"contentUrl\":\"https:\\\/\\\/mrnews.com.br\\\/wp-content\\\/uploads\\\/2026\\\/07\\\/09674d2f-cee5-4b0c-891a-fcf37bb79549.png\",\"width\":1536,\"height\":1024,\"caption\":\"Luto\"},{\"@type\":\"BreadcrumbList\",\"@id\":\"https:\\\/\\\/mrnews.com.br\\\/index.php\\\/2026\\\/09\\\/03\\\/jose-mayer-faz-rara-aparicao-publica-e-emociona-ao-amparar-filho-de-gracindo-jr-em-velorio\\\/#breadcrumb\",\"itemListElement\":[{\"@type\":\"ListItem\",\"position\":1,\"name\":\"In\u00edcio\",\"item\":\"https:\\\/\\\/mrnews.com.br\\\/\"},{\"@type\":\"ListItem\",\"position\":2,\"name\":\"Jos\u00e9 Mayer faz rara apari\u00e7\u00e3o p\u00fablica e emociona ao amparar filho de Gracindo Jr. em vel\u00f3rio\"}]},{\"@type\":\"WebSite\",\"@id\":\"https:\\\/\\\/mrnews.com.br\\\/#website\",\"url\":\"https:\\\/\\\/mrnews.com.br\\\/\",\"name\":\"MRNews\",\"description\":\"MRNews Jogos de hoje da TV, transmiss\u00f5es ao vivo, Not\u00edcias de futebol, Jogos ao vivo, Lives, resumo de novelas, Programa\u00e7\u00e3o da Globo, A Fazenda e BBB\",\"publisher\":{\"@id\":\"https:\\\/\\\/mrnews.com.br\\\/#organization\"},\"potentialAction\":[{\"@type\":\"SearchAction\",\"target\":{\"@type\":\"EntryPoint\",\"urlTemplate\":\"https:\\\/\\\/mrnews.com.br\\\/?s={search_term_string}\"},\"query-input\":{\"@type\":\"PropertyValueSpecification\",\"valueRequired\":true,\"valueName\":\"search_term_string\"}}],\"inLanguage\":\"pt-BR\"},{\"@type\":\"Organization\",\"@id\":\"https:\\\/\\\/mrnews.com.br\\\/#organization\",\"name\":\"MRNews\",\"url\":\"https:\\\/\\\/mrnews.com.br\\\/\",\"logo\":{\"@type\":\"ImageObject\",\"inLanguage\":\"pt-BR\",\"@id\":\"https:\\\/\\\/mrnews.com.br\\\/#\\\/schema\\\/logo\\\/image\\\/\",\"url\":\"https:\\\/\\\/mrnews.com.br\\\/wp-content\\\/uploads\\\/2026\\\/08\\\/MRNEws.png\",\"contentUrl\":\"https:\\\/\\\/mrnews.com.br\\\/wp-content\\\/uploads\\\/2026\\\/08\\\/MRNEws.png\",\"width\":1254,\"height\":1254,\"caption\":\"MRNews\"},\"image\":{\"@id\":\"https:\\\/\\\/mrnews.com.br\\\/#\\\/schema\\\/logo\\\/image\\\/\"},\"sameAs\":[\"https:\\\/\\\/www.facebook.com\\\/eaipahpah\\\/?locale2=pt_BR\",\"https:\\\/\\\/x.com\\\/conspirou\",\"https:\\\/\\\/www.instagram.com\\\/eai_pahpah\",\"https:\\\/\\\/br.pinterest.com\\\/mrnewsn\\\/boards\\\/\",\"https:\\\/\\\/www.youtube.com\\\/channel\\\/UCacgnpznQ61fifLWr1tQ-vA?view_as=subscriber\"]},{\"@type\":\"Person\",\"@id\":\"https:\\\/\\\/mrnews.com.br\\\/#\\\/schema\\\/person\\\/be3203154562a9f207407861cef7827b\",\"name\":\"MR News\",\"image\":{\"@type\":\"ImageObject\",\"inLanguage\":\"pt-BR\",\"@id\":\"https:\\\/\\\/secure.gravatar.com\\\/avatar\\\/04084e6d73c042b8646e7c17b494073bf0ede3ea13c7105cfc45cbbbc28385a4?s=96&d=monsterid&r=g\",\"url\":\"https:\\\/\\\/secure.gravatar.com\\\/avatar\\\/04084e6d73c042b8646e7c17b494073bf0ede3ea13c7105cfc45cbbbc28385a4?s=96&d=monsterid&r=g\",\"contentUrl\":\"https:\\\/\\\/secure.gravatar.com\\\/avatar\\\/04084e6d73c042b8646e7c17b494073bf0ede3ea13c7105cfc45cbbbc28385a4?s=96&d=monsterid&r=g\",\"caption\":\"MR News\"},\"description\":\"Especializado em jornalismo colaborativo pela FTP em n\u00edvel de p\u00f3s-gradua\u00e7\u00e3o. suporte@oimeliga.combr\",\"sameAs\":[\"HUGO R.\",\"Admin\"],\"url\":\"https:\\\/\\\/mrnews.com.br\\\/index.php\\\/author\\\/admin\\\/\"}]}<\/script>\n<!-- \/ Yoast SEO plugin. -->","yoast_head_json":{"title":"Jos\u00e9 Mayer faz rara apari\u00e7\u00e3o p\u00fablica e emociona ao amparar filho de Gracindo Jr. em vel\u00f3rio","robots":{"index":"index","follow":"follow","max-snippet":"max-snippet:-1","max-image-preview":"max-image-preview:large","max-video-preview":"max-video-preview:-1"},"canonical":"https:\/\/mrnews.com.br\/index.php\/2026\/09\/03\/jose-mayer-faz-rara-aparicao-publica-e-emociona-ao-amparar-filho-de-gracindo-jr-em-velorio\/","og_locale":"pt_BR","og_type":"article","og_title":"Jos\u00e9 Mayer faz rara apari\u00e7\u00e3o p\u00fablica e emociona ao amparar filho de Gracindo Jr. em vel\u00f3rio","og_description":"Jos\u00e9 Mayer faz rara apari\u00e7\u00e3o p\u00fablica e emociona ao amparar filho de Gracindo Jr. em vel\u00f3rio Ator esteve no vel\u00f3rio de Gracindo Jr. e chamou aten\u00e7\u00e3o pela discri\u00e7\u00e3o e pelo gesto de solidariedade \u00e0 fam\u00edlia Jos\u00e9 Mayer voltou a aparecer publicamente nesta quinta-feira (3), em um momento marcado pela emo\u00e7\u00e3o e pela despedida. O ator &hellip;","og_url":"https:\/\/mrnews.com.br\/index.php\/2026\/09\/03\/jose-mayer-faz-rara-aparicao-publica-e-emociona-ao-amparar-filho-de-gracindo-jr-em-velorio\/","og_site_name":"MRNews","article_publisher":"https:\/\/www.facebook.com\/eaipahpah\/?locale2=pt_BR","article_published_time":"2026-09-03T23:36:17+00:00","og_image":[{"width":1024,"height":683,"url":"https:\/\/mrnews.com.br\/wp-content\/uploads\/2026\/07\/09674d2f-cee5-4b0c-891a-fcf37bb79549-1024x683.png","type":"image\/png"}],"author":"MR News","twitter_card":"summary_large_image","twitter_creator":"@conspirou","twitter_site":"@conspirou","twitter_misc":{"Escrito por":"MR News","Est. tempo de leitura":"3 minutos"},"schema":{"@context":"https:\/\/schema.org","@graph":[{"@type":"Article","@id":"https:\/\/mrnews.com.br\/index.php\/2026\/09\/03\/jose-mayer-faz-rara-aparicao-publica-e-emociona-ao-amparar-filho-de-gracindo-jr-em-velorio\/#article","isPartOf":{"@id":"https:\/\/mrnews.com.br\/index.php\/2026\/09\/03\/jose-mayer-faz-rara-aparicao-publica-e-emociona-ao-amparar-filho-de-gracindo-jr-em-velorio\/"},"author":{"name":"MR News","@id":"https:\/\/mrnews.com.br\/#\/schema\/person\/be3203154562a9f207407861cef7827b"},"headline":"Jos\u00e9 Mayer faz rara apari\u00e7\u00e3o p\u00fablica e emociona ao amparar filho de Gracindo Jr. em vel\u00f3rio","datePublished":"2026-09-03T23:36:17+00:00","mainEntityOfPage":{"@id":"https:\/\/mrnews.com.br\/index.php\/2026\/09\/03\/jose-mayer-faz-rara-aparicao-publica-e-emociona-ao-amparar-filho-de-gracindo-jr-em-velorio\/"},"wordCount":594,"commentCount":0,"publisher":{"@id":"https:\/\/mrnews.com.br\/#organization"},"image":{"@id":"https:\/\/mrnews.com.br\/index.php\/2026\/09\/03\/jose-mayer-faz-rara-aparicao-publica-e-emociona-ao-amparar-filho-de-gracindo-jr-em-velorio\/#primaryimage"},"thumbnailUrl":"https:\/\/mrnews.com.br\/wp-content\/uploads\/2026\/07\/09674d2f-cee5-4b0c-891a-fcf37bb79549.png","articleSection":["ENTRETENIMENTO"],"inLanguage":"pt-BR","potentialAction":[{"@type":"CommentAction","name":"Comment","target":["https:\/\/mrnews.com.br\/index.php\/2026\/09\/03\/jose-mayer-faz-rara-aparicao-publica-e-emociona-ao-amparar-filho-de-gracindo-jr-em-velorio\/#respond"]}]},{"@type":"WebPage","@id":"https:\/\/mrnews.com.br\/index.php\/2026\/09\/03\/jose-mayer-faz-rara-aparicao-publica-e-emociona-ao-amparar-filho-de-gracindo-jr-em-velorio\/","url":"https:\/\/mrnews.com.br\/index.php\/2026\/09\/03\/jose-mayer-faz-rara-aparicao-publica-e-emociona-ao-amparar-filho-de-gracindo-jr-em-velorio\/","name":"Jos\u00e9 Mayer faz rara apari\u00e7\u00e3o p\u00fablica e emociona ao amparar filho de Gracindo Jr. em vel\u00f3rio","isPartOf":{"@id":"https:\/\/mrnews.com.br\/#website"},"primaryImageOfPage":{"@id":"https:\/\/mrnews.com.br\/index.php\/2026\/09\/03\/jose-mayer-faz-rara-aparicao-publica-e-emociona-ao-amparar-filho-de-gracindo-jr-em-velorio\/#primaryimage"},"image":{"@id":"https:\/\/mrnews.com.br\/index.php\/2026\/09\/03\/jose-mayer-faz-rara-aparicao-publica-e-emociona-ao-amparar-filho-de-gracindo-jr-em-velorio\/#primaryimage"},"thumbnailUrl":"https:\/\/mrnews.com.br\/wp-content\/uploads\/2026\/07\/09674d2f-cee5-4b0c-891a-fcf37bb79549.png","datePublished":"2026-09-03T23:36:17+00:00","breadcrumb":{"@id":"https:\/\/mrnews.com.br\/index.php\/2026\/09\/03\/jose-mayer-faz-rara-aparicao-publica-e-emociona-ao-amparar-filho-de-gracindo-jr-em-velorio\/#breadcrumb"},"inLanguage":"pt-BR","potentialAction":[{"@type":"ReadAction","target":["https:\/\/mrnews.com.br\/index.php\/2026\/09\/03\/jose-mayer-faz-rara-aparicao-publica-e-emociona-ao-amparar-filho-de-gracindo-jr-em-velorio\/"]}]},{"@type":"ImageObject","inLanguage":"pt-BR","@id":"https:\/\/mrnews.com.br\/index.php\/2026\/09\/03\/jose-mayer-faz-rara-aparicao-publica-e-emociona-ao-amparar-filho-de-gracindo-jr-em-velorio\/#primaryimage","url":"https:\/\/mrnews.com.br\/wp-content\/uploads\/2026\/07\/09674d2f-cee5-4b0c-891a-fcf37bb79549.png","contentUrl":"https:\/\/mrnews.com.br\/wp-content\/uploads\/2026\/07\/09674d2f-cee5-4b0c-891a-fcf37bb79549.png","width":1536,"height":1024,"caption":"Luto"},{"@type":"BreadcrumbList","@id":"https:\/\/mrnews.com.br\/index.php\/2026\/09\/03\/jose-mayer-faz-rara-aparicao-publica-e-emociona-ao-amparar-filho-de-gracindo-jr-em-velorio\/#breadcrumb","itemListElement":[{"@type":"ListItem","position":1,"name":"In\u00edcio","item":"https:\/\/mrnews.com.br\/"},{"@type":"ListItem","position":2,"name":"Jos\u00e9 Mayer faz rara apari\u00e7\u00e3o p\u00fablica e emociona ao amparar filho de Gracindo Jr. em vel\u00f3rio"}]},{"@type":"WebSite","@id":"https:\/\/mrnews.com.br\/#website","url":"https:\/\/mrnews.com.br\/","name":"MRNews","description":"MRNews Jogos de hoje da TV, transmiss\u00f5es ao vivo, Not\u00edcias de futebol, Jogos ao vivo, Lives, resumo de novelas, Programa\u00e7\u00e3o da Globo, A Fazenda e BBB","publisher":{"@id":"https:\/\/mrnews.com.br\/#organization"},"potentialAction":[{"@type":"SearchAction","target":{"@type":"EntryPoint","urlTemplate":"https:\/\/mrnews.com.br\/?s={search_term_string}"},"query-input":{"@type":"PropertyValueSpecification","valueRequired":true,"valueName":"search_term_string"}}],"inLanguage":"pt-BR"},{"@type":"Organization","@id":"https:\/\/mrnews.com.br\/#organization","name":"MRNews","url":"https:\/\/mrnews.com.br\/","logo":{"@type":"ImageObject","inLanguage":"pt-BR","@id":"https:\/\/mrnews.com.br\/#\/schema\/logo\/image\/","url":"https:\/\/mrnews.com.br\/wp-content\/uploads\/2026\/08\/MRNEws.png","contentUrl":"https:\/\/mrnews.com.br\/wp-content\/uploads\/2026\/08\/MRNEws.png","width":1254,"height":1254,"caption":"MRNews"},"image":{"@id":"https:\/\/mrnews.com.br\/#\/schema\/logo\/image\/"},"sameAs":["https:\/\/www.facebook.com\/eaipahpah\/?locale2=pt_BR","https:\/\/x.com\/conspirou","https:\/\/www.instagram.com\/eai_pahpah","https:\/\/br.pinterest.com\/mrnewsn\/boards\/","https:\/\/www.youtube.com\/channel\/UCacgnpznQ61fifLWr1tQ-vA?view_as=subscriber"]},{"@type":"Person","@id":"https:\/\/mrnews.com.br\/#\/schema\/person\/be3203154562a9f207407861cef7827b","name":"MR News","image":{"@type":"ImageObject","inLanguage":"pt-BR","@id":"https:\/\/secure.gravatar.com\/avatar\/04084e6d73c042b8646e7c17b494073bf0ede3ea13c7105cfc45cbbbc28385a4?s=96&d=monsterid&r=g","url":"https:\/\/secure.gravatar.com\/avatar\/04084e6d73c042b8646e7c17b494073bf0ede3ea13c7105cfc45cbbbc28385a4?s=96&d=monsterid&r=g","contentUrl":"https:\/\/secure.gravatar.com\/avatar\/04084e6d73c042b8646e7c17b494073bf0ede3ea13c7105cfc45cbbbc28385a4?s=96&d=monsterid&r=g","caption":"MR News"},"description":"Especializado em jornalismo colaborativo pela FTP em n\u00edvel de p\u00f3s-gradua\u00e7\u00e3o. suporte@oimeliga.combr","sameAs":["HUGO R.","Admin"],"url":"https:\/\/mrnews.com.br\/index.php\/author\/admin\/"}]}},"jetpack_sharing_enabled":true,"jetpack_shortlink":"https:\/\/wp.me\/pa2Qf7-1Xge","amp_enabled":true,"jetpack_featured_media_url":"https:\/\/mrnews.com.br\/wp-content\/uploads\/2026\/07\/09674d2f-cee5-4b0c-891a-fcf37bb79549.png","_links":{"self":[{"href":"https:\/\/mrnews.com.br\/index.php\/wp-json\/wp\/v2\/posts\/466130","targetHints":{"allow":["GET"]}}],"collection":[{"href":"https:\/\/mrnews.com.br\/index.php\/wp-json\/wp\/v2\/posts"}],"about":[{"href":"https:\/\/mrnews.com.br\/index.php\/wp-json\/wp\/v2\/types\/post"}],"author":[{"embeddable":true,"href":"https:\/\/mrnews.com.br\/index.php\/wp-json\/wp\/v2\/users\/1"}],"replies":[{"embeddable":true,"href":"https:\/\/mrnews.com.br\/index.php\/wp-json\/wp\/v2\/comments?post=466130"}],"version-history":[{"count":1,"href":"https:\/\/mrnews.com.br\/index.php\/wp-json\/wp\/v2\/posts\/466130\/revisions"}],"predecessor-version":[{"id":466131,"href":"https:\/\/mrnews.com.br\/index.php\/wp-json\/wp\/v2\/posts\/466130\/revisions\/466131"}],"wp:featuredmedia":[{"embeddable":true,"href":"https:\/\/mrnews.com.br\/index.php\/wp-json\/wp\/v2\/media\/464390"}],"wp:attachment":[{"href":"https:\/\/mrnews.com.br\/index.php\/wp-json\/wp\/v2\/media?parent=466130"}],"wp:term":[{"taxonomy":"category","embeddable":true,"href":"https:\/\/mrnews.com.br\/index.php\/wp-json\/wp\/v2\/categories?post=466130"},{"taxonomy":"post_tag","embeddable":true,"href":"https:\/\/mrnews.com.br\/index.php\/wp-json\/wp\/v2\/tags?post=466130"}],"curies":[{"name":"wp","href":"https:\/\/api.w.org\/{rel}","templated":true}]}}