{"id":466132,"date":"2026-09-03T20:56:15","date_gmt":"2026-09-03T23:56:15","guid":{"rendered":"https:\/\/mrnews.com.br\/index.php\/2026\/09\/03\/dupla-de-luisa-stefani-vence-estreia-e-avanca-a-2a-rodada-do-us-open\/"},"modified":"2026-09-03T20:56:15","modified_gmt":"2026-09-03T23:56:15","slug":"dupla-de-luisa-stefani-vence-estreia-e-avanca-a-2a-rodada-do-us-open","status":"publish","type":"post","link":"https:\/\/mrnews.com.br\/index.php\/2026\/09\/03\/dupla-de-luisa-stefani-vence-estreia-e-avanca-a-2a-rodada-do-us-open\/","title":{"rendered":"Dupla de Luisa Stefani vence estreia e avan\u00e7a \u00e0 2\u00aa rodada do US Open"},"content":{"rendered":"<p><\/p>\n<div>\n<p>A tenista brasileira Luisa Stefani venceu com tranquilidade a estreia nas duplas femininas do US Open, em Nova York (Estados Unidos), jogando ao lado da canadense Gabriela Dabrowski. Elas avan\u00e7aram \u00e0 segunda rodada nesta quinta-feira (3) ap\u00f3s derrotarem a parceria da russa Irina Khromacheva com a tcheca-moldava Anastasia Detiuc por 2 sets a 0, com parciais de 6\/1 e 6\/3.<\/p>\n<p>As advers\u00e1rias na pr\u00f3xima rodada ser\u00e3o as vencedoras do duelo entre a dupla da italiana Sara Errani com a austr\u00edaca Lilli Tagger contra as norte-americanas \u00a0Anicka Penickova e Kristina Penickova. A partida ser\u00e1 nesta sexta-feira (4), em hor\u00e1rio ainda a ser definido.<\/p>\n<blockquote class=\"twitter-tweet\">\n<p dir=\"ltr\" lang=\"en\" xml:lang=\"en\">QUALIFICATION CONFIRMED \ud83d\udc4f<\/p>\n<p>Gabriela Dabrowski &amp; Luisa Stefani confirm their place at the WTA Finals Indian Wells!<\/p>\n<p>Becoming champions in Dubai, Strasbourg &amp; Eastbourne, as well as finalists at Wimbledon, gets them a place on the #TheUltimateStage \ud83d\udcaa#WTAFinals <a href=\"https:\/\/t.co\/Pr1LYijt59\">pic.twitter.com\/Pr1LYijt59<\/a><\/p>\n<p>\u2014 wta (@WTA) September 3, 2026<\/p><\/blockquote>\n<p>Antes mesmo da estreia em Nova York,\u00a0a parceria Brasil-Canad\u00e1 comemorou a classifica\u00e7\u00e3o antecipada para o WTA Finals, competi\u00e7\u00e3o com as oito melhores duplas da temporada, entre os dias 8 e 15 de novembro em Indian Wells, na Calif\u00f3rnia (EUA). Stefani e Dabrowski formam a segunda melhor dupla do ano com tr\u00eas t\u00edtulos (<strong>WTA 1000 de Dubai<\/strong>, <strong>WTA 500 de Estrasburgo<\/strong>) e WTA 250 de Eastbourne) e classifica\u00e7\u00e3o \u00e0 final de Wimbledon e \u00e0s semifinais do Aberto da Austr\u00e1lia e de Roland Garros.<\/p>\n<p>No ano passado, Stefani foi vice-campe\u00e3 do WTA Finals na Ar\u00e1bia Saudita quando jogava em parceria com a\u00a0h\u00fangara Timea Babos.<\/p>\n<h2>Outros resultados<\/h2>\n<p>Primeira brasileira a estrear nesta quinta (3) no US Open foi Laura Pigossi em parceria com a h\u00fangara Panna Udvardy. No entanto, elas se despediram precocemente do torneio, ao serem superadas por 2 sets a 0 (6\/3 e 6\/0).<\/p>\n<h2>Estreias nesta sexta (4)<\/h2>\n<p>Cinco brasileiros entram em quadra nesta sexta (4) para a primeira rodada das duplas masculinas \u2013 os hor\u00e1rios seguem indefinidos. Ao lado do taiwan\u00eas Ray Ho, o ga\u00facho Marcelo Demoliner encara os norte-americanos Jackson Withrow e Nathaniel Lammons.<\/p>\n<p>A dupla 100% brasileira formada por Rafael Matos e Orlando Luz ter\u00e1 pela frente os norte-americanos Nikita Samuel Filin e Brandon Carpico.<\/p>\n<p>Ex-parciero de Rafael Matos nas quadras, o mineiro Marcelo Melo competir\u00e1 no US Open ao lado do australiano John Peers. Eles medir\u00e3o for\u00e7as com a dupla do s\u00e9rvio Miomir Kecmanovic com o australiano James Duckworth.<\/p>\n<p>Por fim, a parceria do carioca Fernando Romboli com o franc\u00eas T\u00e9rence Atmane encara os alem\u00e3es Kevin Krawietz e Tim Puetz.<\/p>\n<p>      <!-- Relacionada --><\/p>\n<p>            <!-- Relacionada -->\n    <\/div>\n<p><script async src=\"\/\/platform.twitter.com\/widgets.js\" charset=\"utf-8\"><\/script><\/p>\n","protected":false},"excerpt":{"rendered":"<p>A tenista brasileira Luisa Stefani venceu com tranquilidade a estreia nas duplas femininas do US Open, em Nova York (Estados Unidos), jogando ao lado da canadense Gabriela Dabrowski. Elas avan\u00e7aram \u00e0 segunda rodada nesta quinta-feira (3) ap\u00f3s derrotarem a parceria da russa Irina Khromacheva com a tcheca-moldava Anastasia Detiuc por 2 sets a 0, com &hellip;<\/p>\n","protected":false},"author":39,"featured_media":0,"comment_status":"open","ping_status":"open","sticky":false,"template":"","format":"standard","meta":{"_jetpack_newsletter_access":"","_jetpack_dont_email_post_to_subs":false,"_jetpack_newsletter_tier_id":0,"_jetpack_memberships_contains_paywalled_content":false,"_jetpack_feature_clip_id":0,"_jetpack_memberships_contains_paid_content":false,"footnotes":"","jetpack_post_was_ever_published":false},"categories":[3,4587,4],"tags":[],"class_list":["post-466132","post","type-post","status-publish","format-standard","hentry","category-esportes1","category-esportes","category-servicos"],"yoast_head":"<!-- This site is optimized with the Yoast SEO plugin v28.4 - https:\/\/yoast.com\/product\/yoast-seo-wordpress\/ -->\n<title>Dupla de Luisa Stefani vence estreia e avan\u00e7a \u00e0 2\u00aa rodada do US Open<\/title>\n<meta name=\"robots\" content=\"index, follow, max-snippet:-1, max-image-preview:large, max-video-preview:-1\" \/>\n<link rel=\"canonical\" href=\"https:\/\/agenciabrasil.ebc.com.br\/esportes\/noticia\/2026-09\/dupla-de-luisa-stefani-vence-estreia-e-avanca-no-us-open\" \/>\n<meta property=\"og:locale\" content=\"pt_BR\" \/>\n<meta property=\"og:type\" content=\"article\" \/>\n<meta property=\"og:title\" content=\"Dupla de Luisa Stefani vence estreia e avan\u00e7a \u00e0 2\u00aa rodada do US Open\" \/>\n<meta property=\"og:description\" content=\"A tenista brasileira Luisa Stefani venceu com tranquilidade a estreia nas duplas femininas do US Open, em Nova York (Estados Unidos), jogando ao lado da canadense Gabriela Dabrowski. Elas avan\u00e7aram \u00e0 segunda rodada nesta quinta-feira (3) ap\u00f3s derrotarem a parceria da russa Irina Khromacheva com a tcheca-moldava Anastasia Detiuc por 2 sets a 0, com &hellip;\" \/>\n<meta property=\"og:url\" content=\"https:\/\/agenciabrasil.ebc.com.br\/esportes\/noticia\/2026-09\/dupla-de-luisa-stefani-vence-estreia-e-avanca-no-us-open\" \/>\n<meta property=\"og:site_name\" content=\"MRNews\" \/>\n<meta property=\"article:publisher\" content=\"https:\/\/www.facebook.com\/eaipahpah\/?locale2=pt_BR\" \/>\n<meta property=\"article:published_time\" content=\"2026-09-03T23:56:15+00:00\" \/>\n<meta name=\"author\" content=\"Fernando Corraa\" \/>\n<meta name=\"twitter:card\" content=\"summary_large_image\" \/>\n<meta name=\"twitter:creator\" content=\"@conspirou\" \/>\n<meta name=\"twitter:site\" content=\"@conspirou\" \/>\n<meta name=\"twitter:label1\" content=\"Escrito por\" \/>\n\t<meta name=\"twitter:data1\" content=\"Fernando Corraa\" \/>\n\t<meta name=\"twitter:label2\" content=\"Est. tempo de leitura\" \/>\n\t<meta name=\"twitter:data2\" content=\"2 minutos\" \/>\n<script type=\"application\/ld+json\" class=\"yoast-schema-graph\">{\"@context\":\"https:\\\/\\\/schema.org\",\"@graph\":[{\"@type\":\"Article\",\"@id\":\"https:\\\/\\\/agenciabrasil.ebc.com.br\\\/esportes\\\/noticia\\\/2026-09\\\/dupla-de-luisa-stefani-vence-estreia-e-avanca-no-us-open#article\",\"isPartOf\":{\"@id\":\"https:\\\/\\\/mrnews.com.br\\\/index.php\\\/2026\\\/09\\\/03\\\/dupla-de-luisa-stefani-vence-estreia-e-avanca-a-2a-rodada-do-us-open\\\/\"},\"author\":{\"name\":\"Fernando Corraa\",\"@id\":\"https:\\\/\\\/mrnews.com.br\\\/#\\\/schema\\\/person\\\/2f073f2d87903a2ff9a065e41bbf17d4\"},\"headline\":\"Dupla de Luisa Stefani vence estreia e avan\u00e7a \u00e0 2\u00aa rodada do US Open\",\"datePublished\":\"2026-09-03T23:56:15+00:00\",\"mainEntityOfPage\":{\"@id\":\"https:\\\/\\\/mrnews.com.br\\\/index.php\\\/2026\\\/09\\\/03\\\/dupla-de-luisa-stefani-vence-estreia-e-avanca-a-2a-rodada-do-us-open\\\/\"},\"wordCount\":429,\"commentCount\":0,\"publisher\":{\"@id\":\"https:\\\/\\\/mrnews.com.br\\\/#organization\"},\"articleSection\":[\"ESPORTES\",\"Esportes\",\"SERVI\u00c7OS\"],\"inLanguage\":\"pt-BR\",\"potentialAction\":[{\"@type\":\"CommentAction\",\"name\":\"Comment\",\"target\":[\"https:\\\/\\\/agenciabrasil.ebc.com.br\\\/esportes\\\/noticia\\\/2026-09\\\/dupla-de-luisa-stefani-vence-estreia-e-avanca-no-us-open#respond\"]}]},{\"@type\":\"WebPage\",\"@id\":\"https:\\\/\\\/mrnews.com.br\\\/index.php\\\/2026\\\/09\\\/03\\\/dupla-de-luisa-stefani-vence-estreia-e-avanca-a-2a-rodada-do-us-open\\\/\",\"url\":\"https:\\\/\\\/agenciabrasil.ebc.com.br\\\/esportes\\\/noticia\\\/2026-09\\\/dupla-de-luisa-stefani-vence-estreia-e-avanca-no-us-open\",\"name\":\"Dupla de Luisa Stefani vence estreia e avan\u00e7a \u00e0 2\u00aa rodada do US Open\",\"isPartOf\":{\"@id\":\"https:\\\/\\\/mrnews.com.br\\\/#website\"},\"datePublished\":\"2026-09-03T23:56:15+00:00\",\"breadcrumb\":{\"@id\":\"https:\\\/\\\/agenciabrasil.ebc.com.br\\\/esportes\\\/noticia\\\/2026-09\\\/dupla-de-luisa-stefani-vence-estreia-e-avanca-no-us-open#breadcrumb\"},\"inLanguage\":\"pt-BR\",\"potentialAction\":[{\"@type\":\"ReadAction\",\"target\":[\"https:\\\/\\\/agenciabrasil.ebc.com.br\\\/esportes\\\/noticia\\\/2026-09\\\/dupla-de-luisa-stefani-vence-estreia-e-avanca-no-us-open\"]}]},{\"@type\":\"BreadcrumbList\",\"@id\":\"https:\\\/\\\/agenciabrasil.ebc.com.br\\\/esportes\\\/noticia\\\/2026-09\\\/dupla-de-luisa-stefani-vence-estreia-e-avanca-no-us-open#breadcrumb\",\"itemListElement\":[{\"@type\":\"ListItem\",\"position\":1,\"name\":\"In\u00edcio\",\"item\":\"https:\\\/\\\/mrnews.com.br\\\/\"},{\"@type\":\"ListItem\",\"position\":2,\"name\":\"Dupla de Luisa Stefani vence estreia e avan\u00e7a \u00e0 2\u00aa rodada do US Open\"}]},{\"@type\":\"WebSite\",\"@id\":\"https:\\\/\\\/mrnews.com.br\\\/#website\",\"url\":\"https:\\\/\\\/mrnews.com.br\\\/\",\"name\":\"MRNews\",\"description\":\"MRNews Jogos de hoje da TV, transmiss\u00f5es ao vivo, Not\u00edcias de futebol, Jogos ao vivo, Lives, resumo de novelas, Programa\u00e7\u00e3o da Globo, A Fazenda e BBB\",\"publisher\":{\"@id\":\"https:\\\/\\\/mrnews.com.br\\\/#organization\"},\"potentialAction\":[{\"@type\":\"SearchAction\",\"target\":{\"@type\":\"EntryPoint\",\"urlTemplate\":\"https:\\\/\\\/mrnews.com.br\\\/?s={search_term_string}\"},\"query-input\":{\"@type\":\"PropertyValueSpecification\",\"valueRequired\":true,\"valueName\":\"search_term_string\"}}],\"inLanguage\":\"pt-BR\"},{\"@type\":\"Organization\",\"@id\":\"https:\\\/\\\/mrnews.com.br\\\/#organization\",\"name\":\"MRNews\",\"url\":\"https:\\\/\\\/mrnews.com.br\\\/\",\"logo\":{\"@type\":\"ImageObject\",\"inLanguage\":\"pt-BR\",\"@id\":\"https:\\\/\\\/mrnews.com.br\\\/#\\\/schema\\\/logo\\\/image\\\/\",\"url\":\"https:\\\/\\\/mrnews.com.br\\\/wp-content\\\/uploads\\\/2026\\\/08\\\/MRNEws.png\",\"contentUrl\":\"https:\\\/\\\/mrnews.com.br\\\/wp-content\\\/uploads\\\/2026\\\/08\\\/MRNEws.png\",\"width\":1254,\"height\":1254,\"caption\":\"MRNews\"},\"image\":{\"@id\":\"https:\\\/\\\/mrnews.com.br\\\/#\\\/schema\\\/logo\\\/image\\\/\"},\"sameAs\":[\"https:\\\/\\\/www.facebook.com\\\/eaipahpah\\\/?locale2=pt_BR\",\"https:\\\/\\\/x.com\\\/conspirou\",\"https:\\\/\\\/www.instagram.com\\\/eai_pahpah\",\"https:\\\/\\\/br.pinterest.com\\\/mrnewsn\\\/boards\\\/\",\"https:\\\/\\\/www.youtube.com\\\/channel\\\/UCacgnpznQ61fifLWr1tQ-vA?view_as=subscriber\"]},{\"@type\":\"Person\",\"@id\":\"https:\\\/\\\/mrnews.com.br\\\/#\\\/schema\\\/person\\\/2f073f2d87903a2ff9a065e41bbf17d4\",\"name\":\"Fernando Corraa\",\"image\":{\"@type\":\"ImageObject\",\"inLanguage\":\"pt-BR\",\"@id\":\"https:\\\/\\\/secure.gravatar.com\\\/avatar\\\/9069acb0e588c9f4346ba747284aef18a5faaab575e89e9ccc64e315003f0b82?s=96&d=monsterid&r=g\",\"url\":\"https:\\\/\\\/secure.gravatar.com\\\/avatar\\\/9069acb0e588c9f4346ba747284aef18a5faaab575e89e9ccc64e315003f0b82?s=96&d=monsterid&r=g\",\"contentUrl\":\"https:\\\/\\\/secure.gravatar.com\\\/avatar\\\/9069acb0e588c9f4346ba747284aef18a5faaab575e89e9ccc64e315003f0b82?s=96&d=monsterid&r=g\",\"caption\":\"Fernando Corraa\"},\"url\":\"https:\\\/\\\/mrnews.com.br\\\/index.php\\\/author\\\/fernando-corraa\\\/\"}]}<\/script>\n<!-- \/ Yoast SEO plugin. -->","yoast_head_json":{"title":"Dupla de Luisa Stefani vence estreia e avan\u00e7a \u00e0 2\u00aa rodada do US Open","robots":{"index":"index","follow":"follow","max-snippet":"max-snippet:-1","max-image-preview":"max-image-preview:large","max-video-preview":"max-video-preview:-1"},"canonical":"https:\/\/agenciabrasil.ebc.com.br\/esportes\/noticia\/2026-09\/dupla-de-luisa-stefani-vence-estreia-e-avanca-no-us-open","og_locale":"pt_BR","og_type":"article","og_title":"Dupla de Luisa Stefani vence estreia e avan\u00e7a \u00e0 2\u00aa rodada do US Open","og_description":"A tenista brasileira Luisa Stefani venceu com tranquilidade a estreia nas duplas femininas do US Open, em Nova York (Estados Unidos), jogando ao lado da canadense Gabriela Dabrowski. Elas avan\u00e7aram \u00e0 segunda rodada nesta quinta-feira (3) ap\u00f3s derrotarem a parceria da russa Irina Khromacheva com a tcheca-moldava Anastasia Detiuc por 2 sets a 0, com &hellip;","og_url":"https:\/\/agenciabrasil.ebc.com.br\/esportes\/noticia\/2026-09\/dupla-de-luisa-stefani-vence-estreia-e-avanca-no-us-open","og_site_name":"MRNews","article_publisher":"https:\/\/www.facebook.com\/eaipahpah\/?locale2=pt_BR","article_published_time":"2026-09-03T23:56:15+00:00","author":"Fernando Corraa","twitter_card":"summary_large_image","twitter_creator":"@conspirou","twitter_site":"@conspirou","twitter_misc":{"Escrito por":"Fernando Corraa","Est. tempo de leitura":"2 minutos"},"schema":{"@context":"https:\/\/schema.org","@graph":[{"@type":"Article","@id":"https:\/\/agenciabrasil.ebc.com.br\/esportes\/noticia\/2026-09\/dupla-de-luisa-stefani-vence-estreia-e-avanca-no-us-open#article","isPartOf":{"@id":"https:\/\/mrnews.com.br\/index.php\/2026\/09\/03\/dupla-de-luisa-stefani-vence-estreia-e-avanca-a-2a-rodada-do-us-open\/"},"author":{"name":"Fernando Corraa","@id":"https:\/\/mrnews.com.br\/#\/schema\/person\/2f073f2d87903a2ff9a065e41bbf17d4"},"headline":"Dupla de Luisa Stefani vence estreia e avan\u00e7a \u00e0 2\u00aa rodada do US Open","datePublished":"2026-09-03T23:56:15+00:00","mainEntityOfPage":{"@id":"https:\/\/mrnews.com.br\/index.php\/2026\/09\/03\/dupla-de-luisa-stefani-vence-estreia-e-avanca-a-2a-rodada-do-us-open\/"},"wordCount":429,"commentCount":0,"publisher":{"@id":"https:\/\/mrnews.com.br\/#organization"},"articleSection":["ESPORTES","Esportes","SERVI\u00c7OS"],"inLanguage":"pt-BR","potentialAction":[{"@type":"CommentAction","name":"Comment","target":["https:\/\/agenciabrasil.ebc.com.br\/esportes\/noticia\/2026-09\/dupla-de-luisa-stefani-vence-estreia-e-avanca-no-us-open#respond"]}]},{"@type":"WebPage","@id":"https:\/\/mrnews.com.br\/index.php\/2026\/09\/03\/dupla-de-luisa-stefani-vence-estreia-e-avanca-a-2a-rodada-do-us-open\/","url":"https:\/\/agenciabrasil.ebc.com.br\/esportes\/noticia\/2026-09\/dupla-de-luisa-stefani-vence-estreia-e-avanca-no-us-open","name":"Dupla de Luisa Stefani vence estreia e avan\u00e7a \u00e0 2\u00aa rodada do US Open","isPartOf":{"@id":"https:\/\/mrnews.com.br\/#website"},"datePublished":"2026-09-03T23:56:15+00:00","breadcrumb":{"@id":"https:\/\/agenciabrasil.ebc.com.br\/esportes\/noticia\/2026-09\/dupla-de-luisa-stefani-vence-estreia-e-avanca-no-us-open#breadcrumb"},"inLanguage":"pt-BR","potentialAction":[{"@type":"ReadAction","target":["https:\/\/agenciabrasil.ebc.com.br\/esportes\/noticia\/2026-09\/dupla-de-luisa-stefani-vence-estreia-e-avanca-no-us-open"]}]},{"@type":"BreadcrumbList","@id":"https:\/\/agenciabrasil.ebc.com.br\/esportes\/noticia\/2026-09\/dupla-de-luisa-stefani-vence-estreia-e-avanca-no-us-open#breadcrumb","itemListElement":[{"@type":"ListItem","position":1,"name":"In\u00edcio","item":"https:\/\/mrnews.com.br\/"},{"@type":"ListItem","position":2,"name":"Dupla de Luisa Stefani vence estreia e avan\u00e7a \u00e0 2\u00aa rodada do US Open"}]},{"@type":"WebSite","@id":"https:\/\/mrnews.com.br\/#website","url":"https:\/\/mrnews.com.br\/","name":"MRNews","description":"MRNews Jogos de hoje da TV, transmiss\u00f5es ao vivo, Not\u00edcias de futebol, Jogos ao vivo, Lives, resumo de novelas, Programa\u00e7\u00e3o da Globo, A Fazenda e BBB","publisher":{"@id":"https:\/\/mrnews.com.br\/#organization"},"potentialAction":[{"@type":"SearchAction","target":{"@type":"EntryPoint","urlTemplate":"https:\/\/mrnews.com.br\/?s={search_term_string}"},"query-input":{"@type":"PropertyValueSpecification","valueRequired":true,"valueName":"search_term_string"}}],"inLanguage":"pt-BR"},{"@type":"Organization","@id":"https:\/\/mrnews.com.br\/#organization","name":"MRNews","url":"https:\/\/mrnews.com.br\/","logo":{"@type":"ImageObject","inLanguage":"pt-BR","@id":"https:\/\/mrnews.com.br\/#\/schema\/logo\/image\/","url":"https:\/\/mrnews.com.br\/wp-content\/uploads\/2026\/08\/MRNEws.png","contentUrl":"https:\/\/mrnews.com.br\/wp-content\/uploads\/2026\/08\/MRNEws.png","width":1254,"height":1254,"caption":"MRNews"},"image":{"@id":"https:\/\/mrnews.com.br\/#\/schema\/logo\/image\/"},"sameAs":["https:\/\/www.facebook.com\/eaipahpah\/?locale2=pt_BR","https:\/\/x.com\/conspirou","https:\/\/www.instagram.com\/eai_pahpah","https:\/\/br.pinterest.com\/mrnewsn\/boards\/","https:\/\/www.youtube.com\/channel\/UCacgnpznQ61fifLWr1tQ-vA?view_as=subscriber"]},{"@type":"Person","@id":"https:\/\/mrnews.com.br\/#\/schema\/person\/2f073f2d87903a2ff9a065e41bbf17d4","name":"Fernando Corraa","image":{"@type":"ImageObject","inLanguage":"pt-BR","@id":"https:\/\/secure.gravatar.com\/avatar\/9069acb0e588c9f4346ba747284aef18a5faaab575e89e9ccc64e315003f0b82?s=96&d=monsterid&r=g","url":"https:\/\/secure.gravatar.com\/avatar\/9069acb0e588c9f4346ba747284aef18a5faaab575e89e9ccc64e315003f0b82?s=96&d=monsterid&r=g","contentUrl":"https:\/\/secure.gravatar.com\/avatar\/9069acb0e588c9f4346ba747284aef18a5faaab575e89e9ccc64e315003f0b82?s=96&d=monsterid&r=g","caption":"Fernando Corraa"},"url":"https:\/\/mrnews.com.br\/index.php\/author\/fernando-corraa\/"}]}},"jetpack_sharing_enabled":true,"jetpack_shortlink":"https:\/\/wp.me\/pa2Qf7-1Xgg","amp_enabled":true,"jetpack_featured_media_url":"","_links":{"self":[{"href":"https:\/\/mrnews.com.br\/index.php\/wp-json\/wp\/v2\/posts\/466132","targetHints":{"allow":["GET"]}}],"collection":[{"href":"https:\/\/mrnews.com.br\/index.php\/wp-json\/wp\/v2\/posts"}],"about":[{"href":"https:\/\/mrnews.com.br\/index.php\/wp-json\/wp\/v2\/types\/post"}],"author":[{"embeddable":true,"href":"https:\/\/mrnews.com.br\/index.php\/wp-json\/wp\/v2\/users\/39"}],"replies":[{"embeddable":true,"href":"https:\/\/mrnews.com.br\/index.php\/wp-json\/wp\/v2\/comments?post=466132"}],"version-history":[{"count":0,"href":"https:\/\/mrnews.com.br\/index.php\/wp-json\/wp\/v2\/posts\/466132\/revisions"}],"wp:attachment":[{"href":"https:\/\/mrnews.com.br\/index.php\/wp-json\/wp\/v2\/media?parent=466132"}],"wp:term":[{"taxonomy":"category","embeddable":true,"href":"https:\/\/mrnews.com.br\/index.php\/wp-json\/wp\/v2\/categories?post=466132"},{"taxonomy":"post_tag","embeddable":true,"href":"https:\/\/mrnews.com.br\/index.php\/wp-json\/wp\/v2\/tags?post=466132"}],"curies":[{"name":"wp","href":"https:\/\/api.w.org\/{rel}","templated":true}]}}