{"id":466136,"date":"2026-09-04T08:05:02","date_gmt":"2026-09-04T11:05:02","guid":{"rendered":"https:\/\/mrnews.com.br\/index.php\/2026\/09\/04\/bancos-nao-terao-atendimento-presencial-no-feriado-da-independencia\/"},"modified":"2026-09-04T08:05:02","modified_gmt":"2026-09-04T11:05:02","slug":"bancos-nao-terao-atendimento-presencial-no-feriado-da-independencia","status":"publish","type":"post","link":"https:\/\/mrnews.com.br\/index.php\/2026\/09\/04\/bancos-nao-terao-atendimento-presencial-no-feriado-da-independencia\/","title":{"rendered":"Bancos n\u00e3o ter\u00e3o atendimento presencial no feriado da Independ\u00eancia"},"content":{"rendered":"<p>Por EBC, <\/p>\n<div>\n<p><strong>As ag\u00eancias banc\u00e1rias estar\u00e3o fechadas na pr\u00f3xima segunda-feira (7), feriado da Independ\u00eancia. De acordo com a Federa\u00e7\u00e3o Brasileira de Bancos (Febraban), o atendimento presencial ao p\u00fablico segue normalmente na ter\u00e7a-feira (8) nas localidades onde n\u00e3o haja feriado estadual ou municipal ou ponto facultativo.<\/strong><\/p>\n<p>A institui\u00e7\u00e3o esclarece que as opera\u00e7\u00f5es financeiras podem ser realizadas com total seguran\u00e7a e conveni\u00eancia pelos canais digitais dos bancos. Al\u00e9m disso, os clientes podem recorrer ao suporte por telefone e aos correspondentes banc\u00e1rios.<\/p>\n<p><strong>As salas de autoatendimento poder\u00e3o estar dispon\u00edveis em algumas localidades, a crit\u00e9rio de cada institui\u00e7\u00e3o.<\/strong><\/p>\n<p>As compensa\u00e7\u00f5es banc\u00e1rias n\u00e3o ser\u00e3o efetivadas durante o dia 7 de setembro, incluindo a TED. J\u00e1 o PIX, que funciona 24 horas todos os dias \u00fateis e feriados, poder\u00e1 ser feito normalmente.<\/p>\n<p><strong>Boletos de cobran\u00e7a e contas de consumo &#8211; \u00e1gua, energia, telefone, entre outros &#8211; com vencimento no feriado poder\u00e3o ser pagos, sem acr\u00e9scimo, no pr\u00f3ximo dia \u00fatil. Boletos banc\u00e1rios de clientes cadastrados como sacados eletr\u00f4nicos podem ser pagos via D\u00e9bito Direto Autorizado.<\/strong><\/p>\n<p>\u201cNo caso dos tributos e impostos, caso ven\u00e7am nos dias em que n\u00e3o h\u00e1 compensa\u00e7\u00e3o banc\u00e1ria, \u00e9 necess\u00e1rio que o pagamento seja antecipado, para evitar a incid\u00eancia de juros e multa, lembrando que o s\u00e1bado n\u00e3o \u00e9 considerado dia \u00fatil e, por essa raz\u00e3o, n\u00e3o h\u00e1 liquida\u00e7\u00e3o financeira\u201d, alertou a Febraban.<\/p>\n<p>      <!-- Relacionada --><\/p>\n<p>            <!-- Relacionada -->\n    <\/div>\n","protected":false},"excerpt":{"rendered":"<p>Por EBC, As ag\u00eancias banc\u00e1rias estar\u00e3o fechadas na pr\u00f3xima segunda-feira (7), feriado da Independ\u00eancia. De acordo com a Federa\u00e7\u00e3o Brasileira de Bancos (Febraban), o atendimento presencial ao p\u00fablico segue normalmente na ter\u00e7a-feira (8) nas localidades onde n\u00e3o haja feriado estadual ou municipal ou ponto facultativo. A institui\u00e7\u00e3o esclarece que as opera\u00e7\u00f5es financeiras podem ser realizadas &hellip;<\/p>\n","protected":false},"author":39,"featured_media":0,"comment_status":"open","ping_status":"open","sticky":false,"template":"","format":"standard","meta":{"_jetpack_newsletter_access":"","_jetpack_dont_email_post_to_subs":false,"_jetpack_newsletter_tier_id":0,"_jetpack_memberships_contains_paywalled_content":false,"_jetpack_feature_clip_id":0,"_jetpack_memberships_contains_paid_content":false,"footnotes":"","jetpack_post_was_ever_published":false},"categories":[4],"tags":[],"class_list":["post-466136","post","type-post","status-publish","format-standard","hentry","category-servicos"],"yoast_head":"<!-- This site is optimized with the Yoast SEO plugin v28.4 - https:\/\/yoast.com\/product\/yoast-seo-wordpress\/ -->\n<title>Bancos n\u00e3o ter\u00e3o atendimento presencial no feriado da Independ\u00eancia<\/title>\n<meta name=\"robots\" content=\"index, follow, max-snippet:-1, max-image-preview:large, max-video-preview:-1\" \/>\n<link rel=\"canonical\" href=\"https:\/\/agenciabrasil.ebc.com.br\/geral\/noticia\/2026-09\/bancos-nao-terao-atendimento-presencial-no-feriado-da-independencia\" \/>\n<meta property=\"og:locale\" content=\"pt_BR\" \/>\n<meta property=\"og:type\" content=\"article\" \/>\n<meta property=\"og:title\" content=\"Bancos n\u00e3o ter\u00e3o atendimento presencial no feriado da Independ\u00eancia\" \/>\n<meta property=\"og:description\" content=\"Por EBC, As ag\u00eancias banc\u00e1rias estar\u00e3o fechadas na pr\u00f3xima segunda-feira (7), feriado da Independ\u00eancia. De acordo com a Federa\u00e7\u00e3o Brasileira de Bancos (Febraban), o atendimento presencial ao p\u00fablico segue normalmente na ter\u00e7a-feira (8) nas localidades onde n\u00e3o haja feriado estadual ou municipal ou ponto facultativo. A institui\u00e7\u00e3o esclarece que as opera\u00e7\u00f5es financeiras podem ser realizadas &hellip;\" \/>\n<meta property=\"og:url\" content=\"https:\/\/agenciabrasil.ebc.com.br\/geral\/noticia\/2026-09\/bancos-nao-terao-atendimento-presencial-no-feriado-da-independencia\" \/>\n<meta property=\"og:site_name\" content=\"MRNews\" \/>\n<meta property=\"article:publisher\" content=\"https:\/\/www.facebook.com\/eaipahpah\/?locale2=pt_BR\" \/>\n<meta property=\"article:published_time\" content=\"2026-09-04T11:05:02+00:00\" \/>\n<meta name=\"author\" content=\"Fernando Corraa\" \/>\n<meta name=\"twitter:card\" content=\"summary_large_image\" \/>\n<meta name=\"twitter:creator\" content=\"@conspirou\" \/>\n<meta name=\"twitter:site\" content=\"@conspirou\" \/>\n<meta name=\"twitter:label1\" content=\"Escrito por\" \/>\n\t<meta name=\"twitter:data1\" content=\"Fernando Corraa\" \/>\n\t<meta name=\"twitter:label2\" content=\"Est. tempo de leitura\" \/>\n\t<meta name=\"twitter:data2\" content=\"1 minuto\" \/>\n<script type=\"application\/ld+json\" class=\"yoast-schema-graph\">{\"@context\":\"https:\\\/\\\/schema.org\",\"@graph\":[{\"@type\":\"Article\",\"@id\":\"https:\\\/\\\/agenciabrasil.ebc.com.br\\\/geral\\\/noticia\\\/2026-09\\\/bancos-nao-terao-atendimento-presencial-no-feriado-da-independencia#article\",\"isPartOf\":{\"@id\":\"https:\\\/\\\/mrnews.com.br\\\/index.php\\\/2026\\\/09\\\/04\\\/bancos-nao-terao-atendimento-presencial-no-feriado-da-independencia\\\/\"},\"author\":{\"name\":\"Fernando Corraa\",\"@id\":\"https:\\\/\\\/mrnews.com.br\\\/#\\\/schema\\\/person\\\/2f073f2d87903a2ff9a065e41bbf17d4\"},\"headline\":\"Bancos n\u00e3o ter\u00e3o atendimento presencial no feriado da Independ\u00eancia\",\"datePublished\":\"2026-09-04T11:05:02+00:00\",\"mainEntityOfPage\":{\"@id\":\"https:\\\/\\\/mrnews.com.br\\\/index.php\\\/2026\\\/09\\\/04\\\/bancos-nao-terao-atendimento-presencial-no-feriado-da-independencia\\\/\"},\"wordCount\":266,\"commentCount\":0,\"publisher\":{\"@id\":\"https:\\\/\\\/mrnews.com.br\\\/#organization\"},\"articleSection\":[\"SERVI\u00c7OS\"],\"inLanguage\":\"pt-BR\",\"potentialAction\":[{\"@type\":\"CommentAction\",\"name\":\"Comment\",\"target\":[\"https:\\\/\\\/agenciabrasil.ebc.com.br\\\/geral\\\/noticia\\\/2026-09\\\/bancos-nao-terao-atendimento-presencial-no-feriado-da-independencia#respond\"]}]},{\"@type\":\"WebPage\",\"@id\":\"https:\\\/\\\/mrnews.com.br\\\/index.php\\\/2026\\\/09\\\/04\\\/bancos-nao-terao-atendimento-presencial-no-feriado-da-independencia\\\/\",\"url\":\"https:\\\/\\\/agenciabrasil.ebc.com.br\\\/geral\\\/noticia\\\/2026-09\\\/bancos-nao-terao-atendimento-presencial-no-feriado-da-independencia\",\"name\":\"Bancos n\u00e3o ter\u00e3o atendimento presencial no feriado da Independ\u00eancia\",\"isPartOf\":{\"@id\":\"https:\\\/\\\/mrnews.com.br\\\/#website\"},\"datePublished\":\"2026-09-04T11:05:02+00:00\",\"breadcrumb\":{\"@id\":\"https:\\\/\\\/agenciabrasil.ebc.com.br\\\/geral\\\/noticia\\\/2026-09\\\/bancos-nao-terao-atendimento-presencial-no-feriado-da-independencia#breadcrumb\"},\"inLanguage\":\"pt-BR\",\"potentialAction\":[{\"@type\":\"ReadAction\",\"target\":[\"https:\\\/\\\/agenciabrasil.ebc.com.br\\\/geral\\\/noticia\\\/2026-09\\\/bancos-nao-terao-atendimento-presencial-no-feriado-da-independencia\"]}]},{\"@type\":\"BreadcrumbList\",\"@id\":\"https:\\\/\\\/agenciabrasil.ebc.com.br\\\/geral\\\/noticia\\\/2026-09\\\/bancos-nao-terao-atendimento-presencial-no-feriado-da-independencia#breadcrumb\",\"itemListElement\":[{\"@type\":\"ListItem\",\"position\":1,\"name\":\"In\u00edcio\",\"item\":\"https:\\\/\\\/mrnews.com.br\\\/\"},{\"@type\":\"ListItem\",\"position\":2,\"name\":\"Bancos n\u00e3o ter\u00e3o atendimento presencial no feriado da Independ\u00eancia\"}]},{\"@type\":\"WebSite\",\"@id\":\"https:\\\/\\\/mrnews.com.br\\\/#website\",\"url\":\"https:\\\/\\\/mrnews.com.br\\\/\",\"name\":\"MRNews\",\"description\":\"MRNews Jogos de hoje da TV, transmiss\u00f5es ao vivo, Not\u00edcias de futebol, Jogos ao vivo, Lives, resumo de novelas, Programa\u00e7\u00e3o da Globo, A Fazenda e BBB\",\"publisher\":{\"@id\":\"https:\\\/\\\/mrnews.com.br\\\/#organization\"},\"potentialAction\":[{\"@type\":\"SearchAction\",\"target\":{\"@type\":\"EntryPoint\",\"urlTemplate\":\"https:\\\/\\\/mrnews.com.br\\\/?s={search_term_string}\"},\"query-input\":{\"@type\":\"PropertyValueSpecification\",\"valueRequired\":true,\"valueName\":\"search_term_string\"}}],\"inLanguage\":\"pt-BR\"},{\"@type\":\"Organization\",\"@id\":\"https:\\\/\\\/mrnews.com.br\\\/#organization\",\"name\":\"MRNews\",\"url\":\"https:\\\/\\\/mrnews.com.br\\\/\",\"logo\":{\"@type\":\"ImageObject\",\"inLanguage\":\"pt-BR\",\"@id\":\"https:\\\/\\\/mrnews.com.br\\\/#\\\/schema\\\/logo\\\/image\\\/\",\"url\":\"https:\\\/\\\/mrnews.com.br\\\/wp-content\\\/uploads\\\/2026\\\/08\\\/MRNEws.png\",\"contentUrl\":\"https:\\\/\\\/mrnews.com.br\\\/wp-content\\\/uploads\\\/2026\\\/08\\\/MRNEws.png\",\"width\":1254,\"height\":1254,\"caption\":\"MRNews\"},\"image\":{\"@id\":\"https:\\\/\\\/mrnews.com.br\\\/#\\\/schema\\\/logo\\\/image\\\/\"},\"sameAs\":[\"https:\\\/\\\/www.facebook.com\\\/eaipahpah\\\/?locale2=pt_BR\",\"https:\\\/\\\/x.com\\\/conspirou\",\"https:\\\/\\\/www.instagram.com\\\/eai_pahpah\",\"https:\\\/\\\/br.pinterest.com\\\/mrnewsn\\\/boards\\\/\",\"https:\\\/\\\/www.youtube.com\\\/channel\\\/UCacgnpznQ61fifLWr1tQ-vA?view_as=subscriber\"]},{\"@type\":\"Person\",\"@id\":\"https:\\\/\\\/mrnews.com.br\\\/#\\\/schema\\\/person\\\/2f073f2d87903a2ff9a065e41bbf17d4\",\"name\":\"Fernando Corraa\",\"image\":{\"@type\":\"ImageObject\",\"inLanguage\":\"pt-BR\",\"@id\":\"https:\\\/\\\/secure.gravatar.com\\\/avatar\\\/9069acb0e588c9f4346ba747284aef18a5faaab575e89e9ccc64e315003f0b82?s=96&d=monsterid&r=g\",\"url\":\"https:\\\/\\\/secure.gravatar.com\\\/avatar\\\/9069acb0e588c9f4346ba747284aef18a5faaab575e89e9ccc64e315003f0b82?s=96&d=monsterid&r=g\",\"contentUrl\":\"https:\\\/\\\/secure.gravatar.com\\\/avatar\\\/9069acb0e588c9f4346ba747284aef18a5faaab575e89e9ccc64e315003f0b82?s=96&d=monsterid&r=g\",\"caption\":\"Fernando Corraa\"},\"url\":\"https:\\\/\\\/mrnews.com.br\\\/index.php\\\/author\\\/fernando-corraa\\\/\"}]}<\/script>\n<!-- \/ Yoast SEO plugin. -->","yoast_head_json":{"title":"Bancos n\u00e3o ter\u00e3o atendimento presencial no feriado da Independ\u00eancia","robots":{"index":"index","follow":"follow","max-snippet":"max-snippet:-1","max-image-preview":"max-image-preview:large","max-video-preview":"max-video-preview:-1"},"canonical":"https:\/\/agenciabrasil.ebc.com.br\/geral\/noticia\/2026-09\/bancos-nao-terao-atendimento-presencial-no-feriado-da-independencia","og_locale":"pt_BR","og_type":"article","og_title":"Bancos n\u00e3o ter\u00e3o atendimento presencial no feriado da Independ\u00eancia","og_description":"Por EBC, As ag\u00eancias banc\u00e1rias estar\u00e3o fechadas na pr\u00f3xima segunda-feira (7), feriado da Independ\u00eancia. De acordo com a Federa\u00e7\u00e3o Brasileira de Bancos (Febraban), o atendimento presencial ao p\u00fablico segue normalmente na ter\u00e7a-feira (8) nas localidades onde n\u00e3o haja feriado estadual ou municipal ou ponto facultativo. A institui\u00e7\u00e3o esclarece que as opera\u00e7\u00f5es financeiras podem ser realizadas &hellip;","og_url":"https:\/\/agenciabrasil.ebc.com.br\/geral\/noticia\/2026-09\/bancos-nao-terao-atendimento-presencial-no-feriado-da-independencia","og_site_name":"MRNews","article_publisher":"https:\/\/www.facebook.com\/eaipahpah\/?locale2=pt_BR","article_published_time":"2026-09-04T11:05:02+00:00","author":"Fernando Corraa","twitter_card":"summary_large_image","twitter_creator":"@conspirou","twitter_site":"@conspirou","twitter_misc":{"Escrito por":"Fernando Corraa","Est. tempo de leitura":"1 minuto"},"schema":{"@context":"https:\/\/schema.org","@graph":[{"@type":"Article","@id":"https:\/\/agenciabrasil.ebc.com.br\/geral\/noticia\/2026-09\/bancos-nao-terao-atendimento-presencial-no-feriado-da-independencia#article","isPartOf":{"@id":"https:\/\/mrnews.com.br\/index.php\/2026\/09\/04\/bancos-nao-terao-atendimento-presencial-no-feriado-da-independencia\/"},"author":{"name":"Fernando Corraa","@id":"https:\/\/mrnews.com.br\/#\/schema\/person\/2f073f2d87903a2ff9a065e41bbf17d4"},"headline":"Bancos n\u00e3o ter\u00e3o atendimento presencial no feriado da Independ\u00eancia","datePublished":"2026-09-04T11:05:02+00:00","mainEntityOfPage":{"@id":"https:\/\/mrnews.com.br\/index.php\/2026\/09\/04\/bancos-nao-terao-atendimento-presencial-no-feriado-da-independencia\/"},"wordCount":266,"commentCount":0,"publisher":{"@id":"https:\/\/mrnews.com.br\/#organization"},"articleSection":["SERVI\u00c7OS"],"inLanguage":"pt-BR","potentialAction":[{"@type":"CommentAction","name":"Comment","target":["https:\/\/agenciabrasil.ebc.com.br\/geral\/noticia\/2026-09\/bancos-nao-terao-atendimento-presencial-no-feriado-da-independencia#respond"]}]},{"@type":"WebPage","@id":"https:\/\/mrnews.com.br\/index.php\/2026\/09\/04\/bancos-nao-terao-atendimento-presencial-no-feriado-da-independencia\/","url":"https:\/\/agenciabrasil.ebc.com.br\/geral\/noticia\/2026-09\/bancos-nao-terao-atendimento-presencial-no-feriado-da-independencia","name":"Bancos n\u00e3o ter\u00e3o atendimento presencial no feriado da Independ\u00eancia","isPartOf":{"@id":"https:\/\/mrnews.com.br\/#website"},"datePublished":"2026-09-04T11:05:02+00:00","breadcrumb":{"@id":"https:\/\/agenciabrasil.ebc.com.br\/geral\/noticia\/2026-09\/bancos-nao-terao-atendimento-presencial-no-feriado-da-independencia#breadcrumb"},"inLanguage":"pt-BR","potentialAction":[{"@type":"ReadAction","target":["https:\/\/agenciabrasil.ebc.com.br\/geral\/noticia\/2026-09\/bancos-nao-terao-atendimento-presencial-no-feriado-da-independencia"]}]},{"@type":"BreadcrumbList","@id":"https:\/\/agenciabrasil.ebc.com.br\/geral\/noticia\/2026-09\/bancos-nao-terao-atendimento-presencial-no-feriado-da-independencia#breadcrumb","itemListElement":[{"@type":"ListItem","position":1,"name":"In\u00edcio","item":"https:\/\/mrnews.com.br\/"},{"@type":"ListItem","position":2,"name":"Bancos n\u00e3o ter\u00e3o atendimento presencial no feriado da Independ\u00eancia"}]},{"@type":"WebSite","@id":"https:\/\/mrnews.com.br\/#website","url":"https:\/\/mrnews.com.br\/","name":"MRNews","description":"MRNews Jogos de hoje da TV, transmiss\u00f5es ao vivo, Not\u00edcias de futebol, Jogos ao vivo, Lives, resumo de novelas, Programa\u00e7\u00e3o da Globo, A Fazenda e BBB","publisher":{"@id":"https:\/\/mrnews.com.br\/#organization"},"potentialAction":[{"@type":"SearchAction","target":{"@type":"EntryPoint","urlTemplate":"https:\/\/mrnews.com.br\/?s={search_term_string}"},"query-input":{"@type":"PropertyValueSpecification","valueRequired":true,"valueName":"search_term_string"}}],"inLanguage":"pt-BR"},{"@type":"Organization","@id":"https:\/\/mrnews.com.br\/#organization","name":"MRNews","url":"https:\/\/mrnews.com.br\/","logo":{"@type":"ImageObject","inLanguage":"pt-BR","@id":"https:\/\/mrnews.com.br\/#\/schema\/logo\/image\/","url":"https:\/\/mrnews.com.br\/wp-content\/uploads\/2026\/08\/MRNEws.png","contentUrl":"https:\/\/mrnews.com.br\/wp-content\/uploads\/2026\/08\/MRNEws.png","width":1254,"height":1254,"caption":"MRNews"},"image":{"@id":"https:\/\/mrnews.com.br\/#\/schema\/logo\/image\/"},"sameAs":["https:\/\/www.facebook.com\/eaipahpah\/?locale2=pt_BR","https:\/\/x.com\/conspirou","https:\/\/www.instagram.com\/eai_pahpah","https:\/\/br.pinterest.com\/mrnewsn\/boards\/","https:\/\/www.youtube.com\/channel\/UCacgnpznQ61fifLWr1tQ-vA?view_as=subscriber"]},{"@type":"Person","@id":"https:\/\/mrnews.com.br\/#\/schema\/person\/2f073f2d87903a2ff9a065e41bbf17d4","name":"Fernando Corraa","image":{"@type":"ImageObject","inLanguage":"pt-BR","@id":"https:\/\/secure.gravatar.com\/avatar\/9069acb0e588c9f4346ba747284aef18a5faaab575e89e9ccc64e315003f0b82?s=96&d=monsterid&r=g","url":"https:\/\/secure.gravatar.com\/avatar\/9069acb0e588c9f4346ba747284aef18a5faaab575e89e9ccc64e315003f0b82?s=96&d=monsterid&r=g","contentUrl":"https:\/\/secure.gravatar.com\/avatar\/9069acb0e588c9f4346ba747284aef18a5faaab575e89e9ccc64e315003f0b82?s=96&d=monsterid&r=g","caption":"Fernando Corraa"},"url":"https:\/\/mrnews.com.br\/index.php\/author\/fernando-corraa\/"}]}},"jetpack_sharing_enabled":true,"jetpack_shortlink":"https:\/\/wp.me\/pa2Qf7-1Xgk","amp_enabled":true,"jetpack_featured_media_url":"","_links":{"self":[{"href":"https:\/\/mrnews.com.br\/index.php\/wp-json\/wp\/v2\/posts\/466136","targetHints":{"allow":["GET"]}}],"collection":[{"href":"https:\/\/mrnews.com.br\/index.php\/wp-json\/wp\/v2\/posts"}],"about":[{"href":"https:\/\/mrnews.com.br\/index.php\/wp-json\/wp\/v2\/types\/post"}],"author":[{"embeddable":true,"href":"https:\/\/mrnews.com.br\/index.php\/wp-json\/wp\/v2\/users\/39"}],"replies":[{"embeddable":true,"href":"https:\/\/mrnews.com.br\/index.php\/wp-json\/wp\/v2\/comments?post=466136"}],"version-history":[{"count":0,"href":"https:\/\/mrnews.com.br\/index.php\/wp-json\/wp\/v2\/posts\/466136\/revisions"}],"wp:attachment":[{"href":"https:\/\/mrnews.com.br\/index.php\/wp-json\/wp\/v2\/media?parent=466136"}],"wp:term":[{"taxonomy":"category","embeddable":true,"href":"https:\/\/mrnews.com.br\/index.php\/wp-json\/wp\/v2\/categories?post=466136"},{"taxonomy":"post_tag","embeddable":true,"href":"https:\/\/mrnews.com.br\/index.php\/wp-json\/wp\/v2\/tags?post=466136"}],"curies":[{"name":"wp","href":"https:\/\/api.w.org\/{rel}","templated":true}]}}