{"id":466140,"date":"2026-09-04T09:30:04","date_gmt":"2026-09-04T12:30:04","guid":{"rendered":"https:\/\/mrnews.com.br\/index.php\/2026\/09\/04\/inmet-alerta-para-tempestades-no-sudeste-e-sul-do-pais\/"},"modified":"2026-09-04T09:30:04","modified_gmt":"2026-09-04T12:30:04","slug":"inmet-alerta-para-tempestades-no-sudeste-e-sul-do-pais","status":"publish","type":"post","link":"https:\/\/mrnews.com.br\/index.php\/2026\/09\/04\/inmet-alerta-para-tempestades-no-sudeste-e-sul-do-pais\/","title":{"rendered":"Inmet alerta para tempestades no Sudeste e Sul do pa\u00eds"},"content":{"rendered":"<p>Por EBC, <\/p>\n<div>\n<p>Nesta sexta-feira (4), um aviso amarelo de perigo potencial para tempestades est\u00e1 ativo para regi\u00e3o que vai do centro-sul de S\u00e3o Paulo, ao extremo norte do Rio Grande do Sul, passando pelo Paran\u00e1 e Santa Catarina, informa o Instituto Nacional de Meteorologia (Inmet).<\/p>\n<p><strong>Na Regi\u00e3o Sul, o dia come\u00e7a com possibilidade de chuva isolada no Paran\u00e1, em Santa Catarina e no norte e leste do Rio Grande do Sul, incluindo todas as capitais<\/strong>. Conforme vai chegando a\u00a0noite, a instabilidade aumenta na regi\u00e3o com pancadas de chuva e trovoadas isoladas, alcan\u00e7ando tamb\u00e9m o norte do Rio Grande do Sul.<\/p>\n<p>A temperatura m\u00ednima na regi\u00e3o, entre as capitais, ser\u00e1 de 12\u00b0C em Porto Alegre e a m\u00e1xima de 23\u00b0C em Curitiba.<\/p>\n<p><strong>No Sudeste, o dia ter\u00e1 poucas nuvens em Minas Gerais e no oeste do Rio de Janeiro e do Esp\u00edrito Santo<\/strong>. Haver\u00e1 muitas nuvens nas demais \u00e1reas, com possibilidade de chuvas isoladas no centro-sul, oeste e leste de S\u00e3o Paulo, incluindo a capital. Pode haver pancadas de chuva com trovoadas isoladas na divisa de S\u00e3o Paulo com o Paran\u00e1.<\/p>\n<p>Entre as capitais, os term\u00f4metros devem marcar m\u00ednima de 13\u00b0C em Belo Horizonte e m\u00e1xima de 32\u00b0C no Rio de Janeiro.<\/p>\n<p><strong>No Centro-Oeste, pode chover de forma isolada de\u00a0manh\u00e3 no norte de Mato Grosso e de Goi\u00e1s, no Distrito Federal e no centro-sul de Mato Grosso do Sul.<\/strong> A partir da tarde, as pancadas de chuva ficam mais intensas e podem vir acompanhadas de trovoadas isoladas no centro-sul de\u00a0Mato Grosso do Sul.<\/p>\n<p><strong>H\u00e1 aviso amarelo de perigo potencial para baixa umidade do ar no norte de Mato Grosso do Sul, oeste, centro-sul e leste de Mato Grosso, Goi\u00e1s e Distrito Federal.<\/strong><\/p>\n<p>Na regi\u00e3o, as temperaturas entre as capitais variam de 19\u00b0C em Campo Grande a 37\u00b0C em Cuiab\u00e1.<\/p>\n<p><strong>O Norte\u00a0tem previs\u00e3o de pancadas de chuva com trovoadas isoladas no oeste e noroeste do Amazona<\/strong>s. As pancadas de chuvas podem ocorrer com menos intensidade no sudeste do Par\u00e1 e no centro-oeste do\u00a0Tocantins. No Acre, centro-norte de Rond\u00f4nia, sudoeste do Par\u00e1, sul e sudeste do Amazonas e no centro-sul de Tocantins, as chuvas devem ocorrer\u00a0de forma isolada.<\/p>\n<p>Nas capitais, a temperatura m\u00e1xima chega a 38\u00b0C em Porto Velho e a \u00a0m\u00ednima a 22\u00b0C em Rio Branco.<\/p>\n<p><strong>No Nordeste do pa\u00eds, o c\u00e9u fica com muitas nuvens ao longo da faixa litor\u00e2nea, com possibilidade de chuva isolada apenas no litoral centro-sul da Bahia<\/strong>. Durante a tarde, pode chover tamb\u00e9m em \u00a0Sergipe, Alagoas, Pernambuco e Para\u00edba at\u00e9 o litoral leste do Rio Grande do Norte.<\/p>\n<p>A temperatura m\u00ednima entre as capitais ser\u00e1 de 22\u00b0C em Macei\u00f3 e a m\u00e1xima ser\u00e1 de 38\u00b0C em Teresina.<\/p>\n<p>      <!-- Relacionada --><\/p>\n<p>            <!-- Relacionada -->\n    <\/div>\n","protected":false},"excerpt":{"rendered":"<p>Por EBC, Nesta sexta-feira (4), um aviso amarelo de perigo potencial para tempestades est\u00e1 ativo para regi\u00e3o que vai do centro-sul de S\u00e3o Paulo, ao extremo norte do Rio Grande do Sul, passando pelo Paran\u00e1 e Santa Catarina, informa o Instituto Nacional de Meteorologia (Inmet). Na Regi\u00e3o Sul, o dia come\u00e7a com possibilidade de chuva &hellip;<\/p>\n","protected":false},"author":39,"featured_media":0,"comment_status":"open","ping_status":"open","sticky":false,"template":"","format":"standard","meta":{"_jetpack_newsletter_access":"","_jetpack_dont_email_post_to_subs":false,"_jetpack_newsletter_tier_id":0,"_jetpack_memberships_contains_paywalled_content":false,"_jetpack_feature_clip_id":0,"_jetpack_memberships_contains_paid_content":false,"footnotes":"","jetpack_post_was_ever_published":false},"categories":[4],"tags":[],"class_list":["post-466140","post","type-post","status-publish","format-standard","hentry","category-servicos"],"yoast_head":"<!-- This site is optimized with the Yoast SEO plugin v28.4 - https:\/\/yoast.com\/product\/yoast-seo-wordpress\/ -->\n<title>Inmet alerta para tempestades no Sudeste e Sul do pa\u00eds<\/title>\n<meta name=\"robots\" content=\"index, follow, max-snippet:-1, max-image-preview:large, max-video-preview:-1\" \/>\n<link rel=\"canonical\" href=\"https:\/\/agenciabrasil.ebc.com.br\/meio-ambiente\/noticia\/2026-09\/inmet-alerta-para-tempestades-no-sudeste-e-sul-do-pais\" \/>\n<meta property=\"og:locale\" content=\"pt_BR\" \/>\n<meta property=\"og:type\" content=\"article\" \/>\n<meta property=\"og:title\" content=\"Inmet alerta para tempestades no Sudeste e Sul do pa\u00eds\" \/>\n<meta property=\"og:description\" content=\"Por EBC, Nesta sexta-feira (4), um aviso amarelo de perigo potencial para tempestades est\u00e1 ativo para regi\u00e3o que vai do centro-sul de S\u00e3o Paulo, ao extremo norte do Rio Grande do Sul, passando pelo Paran\u00e1 e Santa Catarina, informa o Instituto Nacional de Meteorologia (Inmet). Na Regi\u00e3o Sul, o dia come\u00e7a com possibilidade de chuva &hellip;\" \/>\n<meta property=\"og:url\" content=\"https:\/\/agenciabrasil.ebc.com.br\/meio-ambiente\/noticia\/2026-09\/inmet-alerta-para-tempestades-no-sudeste-e-sul-do-pais\" \/>\n<meta property=\"og:site_name\" content=\"MRNews\" \/>\n<meta property=\"article:publisher\" content=\"https:\/\/www.facebook.com\/eaipahpah\/?locale2=pt_BR\" \/>\n<meta property=\"article:published_time\" content=\"2026-09-04T12:30:04+00:00\" \/>\n<meta name=\"author\" content=\"Fernando Corraa\" \/>\n<meta name=\"twitter:card\" content=\"summary_large_image\" \/>\n<meta name=\"twitter:creator\" content=\"@conspirou\" \/>\n<meta name=\"twitter:site\" content=\"@conspirou\" \/>\n<meta name=\"twitter:label1\" content=\"Escrito por\" \/>\n\t<meta name=\"twitter:data1\" content=\"Fernando Corraa\" \/>\n\t<meta name=\"twitter:label2\" content=\"Est. tempo de leitura\" \/>\n\t<meta name=\"twitter:data2\" content=\"2 minutos\" \/>\n<script type=\"application\/ld+json\" class=\"yoast-schema-graph\">{\"@context\":\"https:\\\/\\\/schema.org\",\"@graph\":[{\"@type\":\"Article\",\"@id\":\"https:\\\/\\\/agenciabrasil.ebc.com.br\\\/meio-ambiente\\\/noticia\\\/2026-09\\\/inmet-alerta-para-tempestades-no-sudeste-e-sul-do-pais#article\",\"isPartOf\":{\"@id\":\"https:\\\/\\\/mrnews.com.br\\\/index.php\\\/2026\\\/09\\\/04\\\/inmet-alerta-para-tempestades-no-sudeste-e-sul-do-pais\\\/\"},\"author\":{\"name\":\"Fernando Corraa\",\"@id\":\"https:\\\/\\\/mrnews.com.br\\\/#\\\/schema\\\/person\\\/2f073f2d87903a2ff9a065e41bbf17d4\"},\"headline\":\"Inmet alerta para tempestades no Sudeste e Sul do pa\u00eds\",\"datePublished\":\"2026-09-04T12:30:04+00:00\",\"mainEntityOfPage\":{\"@id\":\"https:\\\/\\\/mrnews.com.br\\\/index.php\\\/2026\\\/09\\\/04\\\/inmet-alerta-para-tempestades-no-sudeste-e-sul-do-pais\\\/\"},\"wordCount\":486,\"commentCount\":0,\"publisher\":{\"@id\":\"https:\\\/\\\/mrnews.com.br\\\/#organization\"},\"articleSection\":[\"SERVI\u00c7OS\"],\"inLanguage\":\"pt-BR\",\"potentialAction\":[{\"@type\":\"CommentAction\",\"name\":\"Comment\",\"target\":[\"https:\\\/\\\/agenciabrasil.ebc.com.br\\\/meio-ambiente\\\/noticia\\\/2026-09\\\/inmet-alerta-para-tempestades-no-sudeste-e-sul-do-pais#respond\"]}]},{\"@type\":\"WebPage\",\"@id\":\"https:\\\/\\\/mrnews.com.br\\\/index.php\\\/2026\\\/09\\\/04\\\/inmet-alerta-para-tempestades-no-sudeste-e-sul-do-pais\\\/\",\"url\":\"https:\\\/\\\/agenciabrasil.ebc.com.br\\\/meio-ambiente\\\/noticia\\\/2026-09\\\/inmet-alerta-para-tempestades-no-sudeste-e-sul-do-pais\",\"name\":\"Inmet alerta para tempestades no Sudeste e Sul do pa\u00eds\",\"isPartOf\":{\"@id\":\"https:\\\/\\\/mrnews.com.br\\\/#website\"},\"datePublished\":\"2026-09-04T12:30:04+00:00\",\"breadcrumb\":{\"@id\":\"https:\\\/\\\/agenciabrasil.ebc.com.br\\\/meio-ambiente\\\/noticia\\\/2026-09\\\/inmet-alerta-para-tempestades-no-sudeste-e-sul-do-pais#breadcrumb\"},\"inLanguage\":\"pt-BR\",\"potentialAction\":[{\"@type\":\"ReadAction\",\"target\":[\"https:\\\/\\\/agenciabrasil.ebc.com.br\\\/meio-ambiente\\\/noticia\\\/2026-09\\\/inmet-alerta-para-tempestades-no-sudeste-e-sul-do-pais\"]}]},{\"@type\":\"BreadcrumbList\",\"@id\":\"https:\\\/\\\/agenciabrasil.ebc.com.br\\\/meio-ambiente\\\/noticia\\\/2026-09\\\/inmet-alerta-para-tempestades-no-sudeste-e-sul-do-pais#breadcrumb\",\"itemListElement\":[{\"@type\":\"ListItem\",\"position\":1,\"name\":\"In\u00edcio\",\"item\":\"https:\\\/\\\/mrnews.com.br\\\/\"},{\"@type\":\"ListItem\",\"position\":2,\"name\":\"Inmet alerta para tempestades no Sudeste e Sul do pa\u00eds\"}]},{\"@type\":\"WebSite\",\"@id\":\"https:\\\/\\\/mrnews.com.br\\\/#website\",\"url\":\"https:\\\/\\\/mrnews.com.br\\\/\",\"name\":\"MRNews\",\"description\":\"MRNews Jogos de hoje da TV, transmiss\u00f5es ao vivo, Not\u00edcias de futebol, Jogos ao vivo, Lives, resumo de novelas, Programa\u00e7\u00e3o da Globo, A Fazenda e BBB\",\"publisher\":{\"@id\":\"https:\\\/\\\/mrnews.com.br\\\/#organization\"},\"potentialAction\":[{\"@type\":\"SearchAction\",\"target\":{\"@type\":\"EntryPoint\",\"urlTemplate\":\"https:\\\/\\\/mrnews.com.br\\\/?s={search_term_string}\"},\"query-input\":{\"@type\":\"PropertyValueSpecification\",\"valueRequired\":true,\"valueName\":\"search_term_string\"}}],\"inLanguage\":\"pt-BR\"},{\"@type\":\"Organization\",\"@id\":\"https:\\\/\\\/mrnews.com.br\\\/#organization\",\"name\":\"MRNews\",\"url\":\"https:\\\/\\\/mrnews.com.br\\\/\",\"logo\":{\"@type\":\"ImageObject\",\"inLanguage\":\"pt-BR\",\"@id\":\"https:\\\/\\\/mrnews.com.br\\\/#\\\/schema\\\/logo\\\/image\\\/\",\"url\":\"https:\\\/\\\/mrnews.com.br\\\/wp-content\\\/uploads\\\/2026\\\/08\\\/MRNEws.png\",\"contentUrl\":\"https:\\\/\\\/mrnews.com.br\\\/wp-content\\\/uploads\\\/2026\\\/08\\\/MRNEws.png\",\"width\":1254,\"height\":1254,\"caption\":\"MRNews\"},\"image\":{\"@id\":\"https:\\\/\\\/mrnews.com.br\\\/#\\\/schema\\\/logo\\\/image\\\/\"},\"sameAs\":[\"https:\\\/\\\/www.facebook.com\\\/eaipahpah\\\/?locale2=pt_BR\",\"https:\\\/\\\/x.com\\\/conspirou\",\"https:\\\/\\\/www.instagram.com\\\/eai_pahpah\",\"https:\\\/\\\/br.pinterest.com\\\/mrnewsn\\\/boards\\\/\",\"https:\\\/\\\/www.youtube.com\\\/channel\\\/UCacgnpznQ61fifLWr1tQ-vA?view_as=subscriber\"]},{\"@type\":\"Person\",\"@id\":\"https:\\\/\\\/mrnews.com.br\\\/#\\\/schema\\\/person\\\/2f073f2d87903a2ff9a065e41bbf17d4\",\"name\":\"Fernando Corraa\",\"image\":{\"@type\":\"ImageObject\",\"inLanguage\":\"pt-BR\",\"@id\":\"https:\\\/\\\/secure.gravatar.com\\\/avatar\\\/9069acb0e588c9f4346ba747284aef18a5faaab575e89e9ccc64e315003f0b82?s=96&d=monsterid&r=g\",\"url\":\"https:\\\/\\\/secure.gravatar.com\\\/avatar\\\/9069acb0e588c9f4346ba747284aef18a5faaab575e89e9ccc64e315003f0b82?s=96&d=monsterid&r=g\",\"contentUrl\":\"https:\\\/\\\/secure.gravatar.com\\\/avatar\\\/9069acb0e588c9f4346ba747284aef18a5faaab575e89e9ccc64e315003f0b82?s=96&d=monsterid&r=g\",\"caption\":\"Fernando Corraa\"},\"url\":\"https:\\\/\\\/mrnews.com.br\\\/index.php\\\/author\\\/fernando-corraa\\\/\"}]}<\/script>\n<!-- \/ Yoast SEO plugin. -->","yoast_head_json":{"title":"Inmet alerta para tempestades no Sudeste e Sul do pa\u00eds","robots":{"index":"index","follow":"follow","max-snippet":"max-snippet:-1","max-image-preview":"max-image-preview:large","max-video-preview":"max-video-preview:-1"},"canonical":"https:\/\/agenciabrasil.ebc.com.br\/meio-ambiente\/noticia\/2026-09\/inmet-alerta-para-tempestades-no-sudeste-e-sul-do-pais","og_locale":"pt_BR","og_type":"article","og_title":"Inmet alerta para tempestades no Sudeste e Sul do pa\u00eds","og_description":"Por EBC, Nesta sexta-feira (4), um aviso amarelo de perigo potencial para tempestades est\u00e1 ativo para regi\u00e3o que vai do centro-sul de S\u00e3o Paulo, ao extremo norte do Rio Grande do Sul, passando pelo Paran\u00e1 e Santa Catarina, informa o Instituto Nacional de Meteorologia (Inmet). Na Regi\u00e3o Sul, o dia come\u00e7a com possibilidade de chuva &hellip;","og_url":"https:\/\/agenciabrasil.ebc.com.br\/meio-ambiente\/noticia\/2026-09\/inmet-alerta-para-tempestades-no-sudeste-e-sul-do-pais","og_site_name":"MRNews","article_publisher":"https:\/\/www.facebook.com\/eaipahpah\/?locale2=pt_BR","article_published_time":"2026-09-04T12:30:04+00:00","author":"Fernando Corraa","twitter_card":"summary_large_image","twitter_creator":"@conspirou","twitter_site":"@conspirou","twitter_misc":{"Escrito por":"Fernando Corraa","Est. tempo de leitura":"2 minutos"},"schema":{"@context":"https:\/\/schema.org","@graph":[{"@type":"Article","@id":"https:\/\/agenciabrasil.ebc.com.br\/meio-ambiente\/noticia\/2026-09\/inmet-alerta-para-tempestades-no-sudeste-e-sul-do-pais#article","isPartOf":{"@id":"https:\/\/mrnews.com.br\/index.php\/2026\/09\/04\/inmet-alerta-para-tempestades-no-sudeste-e-sul-do-pais\/"},"author":{"name":"Fernando Corraa","@id":"https:\/\/mrnews.com.br\/#\/schema\/person\/2f073f2d87903a2ff9a065e41bbf17d4"},"headline":"Inmet alerta para tempestades no Sudeste e Sul do pa\u00eds","datePublished":"2026-09-04T12:30:04+00:00","mainEntityOfPage":{"@id":"https:\/\/mrnews.com.br\/index.php\/2026\/09\/04\/inmet-alerta-para-tempestades-no-sudeste-e-sul-do-pais\/"},"wordCount":486,"commentCount":0,"publisher":{"@id":"https:\/\/mrnews.com.br\/#organization"},"articleSection":["SERVI\u00c7OS"],"inLanguage":"pt-BR","potentialAction":[{"@type":"CommentAction","name":"Comment","target":["https:\/\/agenciabrasil.ebc.com.br\/meio-ambiente\/noticia\/2026-09\/inmet-alerta-para-tempestades-no-sudeste-e-sul-do-pais#respond"]}]},{"@type":"WebPage","@id":"https:\/\/mrnews.com.br\/index.php\/2026\/09\/04\/inmet-alerta-para-tempestades-no-sudeste-e-sul-do-pais\/","url":"https:\/\/agenciabrasil.ebc.com.br\/meio-ambiente\/noticia\/2026-09\/inmet-alerta-para-tempestades-no-sudeste-e-sul-do-pais","name":"Inmet alerta para tempestades no Sudeste e Sul do pa\u00eds","isPartOf":{"@id":"https:\/\/mrnews.com.br\/#website"},"datePublished":"2026-09-04T12:30:04+00:00","breadcrumb":{"@id":"https:\/\/agenciabrasil.ebc.com.br\/meio-ambiente\/noticia\/2026-09\/inmet-alerta-para-tempestades-no-sudeste-e-sul-do-pais#breadcrumb"},"inLanguage":"pt-BR","potentialAction":[{"@type":"ReadAction","target":["https:\/\/agenciabrasil.ebc.com.br\/meio-ambiente\/noticia\/2026-09\/inmet-alerta-para-tempestades-no-sudeste-e-sul-do-pais"]}]},{"@type":"BreadcrumbList","@id":"https:\/\/agenciabrasil.ebc.com.br\/meio-ambiente\/noticia\/2026-09\/inmet-alerta-para-tempestades-no-sudeste-e-sul-do-pais#breadcrumb","itemListElement":[{"@type":"ListItem","position":1,"name":"In\u00edcio","item":"https:\/\/mrnews.com.br\/"},{"@type":"ListItem","position":2,"name":"Inmet alerta para tempestades no Sudeste e Sul do pa\u00eds"}]},{"@type":"WebSite","@id":"https:\/\/mrnews.com.br\/#website","url":"https:\/\/mrnews.com.br\/","name":"MRNews","description":"MRNews Jogos de hoje da TV, transmiss\u00f5es ao vivo, Not\u00edcias de futebol, Jogos ao vivo, Lives, resumo de novelas, Programa\u00e7\u00e3o da Globo, A Fazenda e BBB","publisher":{"@id":"https:\/\/mrnews.com.br\/#organization"},"potentialAction":[{"@type":"SearchAction","target":{"@type":"EntryPoint","urlTemplate":"https:\/\/mrnews.com.br\/?s={search_term_string}"},"query-input":{"@type":"PropertyValueSpecification","valueRequired":true,"valueName":"search_term_string"}}],"inLanguage":"pt-BR"},{"@type":"Organization","@id":"https:\/\/mrnews.com.br\/#organization","name":"MRNews","url":"https:\/\/mrnews.com.br\/","logo":{"@type":"ImageObject","inLanguage":"pt-BR","@id":"https:\/\/mrnews.com.br\/#\/schema\/logo\/image\/","url":"https:\/\/mrnews.com.br\/wp-content\/uploads\/2026\/08\/MRNEws.png","contentUrl":"https:\/\/mrnews.com.br\/wp-content\/uploads\/2026\/08\/MRNEws.png","width":1254,"height":1254,"caption":"MRNews"},"image":{"@id":"https:\/\/mrnews.com.br\/#\/schema\/logo\/image\/"},"sameAs":["https:\/\/www.facebook.com\/eaipahpah\/?locale2=pt_BR","https:\/\/x.com\/conspirou","https:\/\/www.instagram.com\/eai_pahpah","https:\/\/br.pinterest.com\/mrnewsn\/boards\/","https:\/\/www.youtube.com\/channel\/UCacgnpznQ61fifLWr1tQ-vA?view_as=subscriber"]},{"@type":"Person","@id":"https:\/\/mrnews.com.br\/#\/schema\/person\/2f073f2d87903a2ff9a065e41bbf17d4","name":"Fernando Corraa","image":{"@type":"ImageObject","inLanguage":"pt-BR","@id":"https:\/\/secure.gravatar.com\/avatar\/9069acb0e588c9f4346ba747284aef18a5faaab575e89e9ccc64e315003f0b82?s=96&d=monsterid&r=g","url":"https:\/\/secure.gravatar.com\/avatar\/9069acb0e588c9f4346ba747284aef18a5faaab575e89e9ccc64e315003f0b82?s=96&d=monsterid&r=g","contentUrl":"https:\/\/secure.gravatar.com\/avatar\/9069acb0e588c9f4346ba747284aef18a5faaab575e89e9ccc64e315003f0b82?s=96&d=monsterid&r=g","caption":"Fernando Corraa"},"url":"https:\/\/mrnews.com.br\/index.php\/author\/fernando-corraa\/"}]}},"jetpack_sharing_enabled":true,"jetpack_shortlink":"https:\/\/wp.me\/pa2Qf7-1Xgo","amp_enabled":true,"jetpack_featured_media_url":"","_links":{"self":[{"href":"https:\/\/mrnews.com.br\/index.php\/wp-json\/wp\/v2\/posts\/466140","targetHints":{"allow":["GET"]}}],"collection":[{"href":"https:\/\/mrnews.com.br\/index.php\/wp-json\/wp\/v2\/posts"}],"about":[{"href":"https:\/\/mrnews.com.br\/index.php\/wp-json\/wp\/v2\/types\/post"}],"author":[{"embeddable":true,"href":"https:\/\/mrnews.com.br\/index.php\/wp-json\/wp\/v2\/users\/39"}],"replies":[{"embeddable":true,"href":"https:\/\/mrnews.com.br\/index.php\/wp-json\/wp\/v2\/comments?post=466140"}],"version-history":[{"count":0,"href":"https:\/\/mrnews.com.br\/index.php\/wp-json\/wp\/v2\/posts\/466140\/revisions"}],"wp:attachment":[{"href":"https:\/\/mrnews.com.br\/index.php\/wp-json\/wp\/v2\/media?parent=466140"}],"wp:term":[{"taxonomy":"category","embeddable":true,"href":"https:\/\/mrnews.com.br\/index.php\/wp-json\/wp\/v2\/categories?post=466140"},{"taxonomy":"post_tag","embeddable":true,"href":"https:\/\/mrnews.com.br\/index.php\/wp-json\/wp\/v2\/tags?post=466140"}],"curies":[{"name":"wp","href":"https:\/\/api.w.org\/{rel}","templated":true}]}}