{"id":466142,"date":"2026-09-04T10:12:07","date_gmt":"2026-09-04T13:12:07","guid":{"rendered":"https:\/\/mrnews.com.br\/index.php\/2026\/09\/04\/trens-e-metro-terao-operacao-especial-durante-o-rock-in-rio\/"},"modified":"2026-09-04T10:12:07","modified_gmt":"2026-09-04T13:12:07","slug":"trens-e-metro-terao-operacao-especial-durante-o-rock-in-rio","status":"publish","type":"post","link":"https:\/\/mrnews.com.br\/index.php\/2026\/09\/04\/trens-e-metro-terao-operacao-especial-durante-o-rock-in-rio\/","title":{"rendered":"Trens e metr\u00f4 ter\u00e3o opera\u00e7\u00e3o especial durante o Rock in Rio"},"content":{"rendered":"<p>Por EBC, <\/p>\n<div>\n<p>Os trens urbanos do Rio e a concession\u00e1ria Metr\u00f4Rio v\u00e3o funcionar 24 horas, com programa\u00e7\u00e3o especial para facilitar a ida e o retorno para casa dos passageiros que v\u00e3o participar da abertura do Rock in Rio, que tem in\u00edcio nesta sexta-feira (4).<\/p>\n<p><strong>A Secretaria de Transporte e Mobilidade Urbana (Setram) orienta os passageiros que v\u00e3o ao Rock in Rio a planejarem com anteced\u00eancia seus deslocamentos. Durante os dias do festival, que ser\u00e1 realizado, entre os dias 4 e 7 de setembro e, na segunda fase, de 11 a 13 deste m\u00eas<\/strong><\/p>\n<h2>Trens<\/h2>\n<p><strong>Pela primeira vez, as esta\u00e7\u00f5es Central do Brasil, Madureira e Deodoro ficar\u00e3o abertas durante toda a madrugada, com viagens extras de hora em hora. A finalidade \u00e9 facilitar a integra\u00e7\u00e3o com o sistema do metr\u00f4 (Central do Brasil) e BRT (Deodoro e Madureira) que atendem aos moradores e visitantes da cidade.<\/strong><\/p>\n<p>Haver\u00e1 oferta de trens extras para o retorno do evento, com partidas de Deodoro com destino \u00e0 Central\u00a0e da Central do Brasil com destino a Santa Cruz, Japeri, Saracuruna e Belford Roxo. As viagens ser\u00e3o realizadas de hora em hora durante a madrugada.<\/p>\n<h2>Justi\u00e7a<\/h2>\n<p><strong>O Tribunal de Justi\u00e7a do Rio estar\u00e1 presente em todos os dias do Rock in Rio para garantir o acesso \u00e0 Justi\u00e7a e assegurar os direitos do p\u00fablico. A expectativa \u00e9 de que cerca de 100 mil pessoas passem pela Cidade do Rock diariamente.<\/strong><\/p>\n<p>O Juizado Especial do Torcedor e dos Grandes Eventos funcionar\u00e1 durante todo o festival, oferecendo atendimento ao p\u00fablico para situa\u00e7\u00f5es como furto de celular, problemas relacionados a ingressos, conflitos com a organiza\u00e7\u00e3o do evento, quest\u00f5es de consumo e casos de viol\u00eancia.<\/p>\n<p><strong>O posto de atendimento ficar\u00e1 instalado na Arena Carioca 1, junto aos demais \u00f3rg\u00e3os p\u00fablicos, e funcionar\u00e1 das 14h at\u00e9 o encerramento das atividades do dia. O espa\u00e7o contar\u00e1 ainda com \u00e1rea de acolhimento destinada a v\u00edtimas de viol\u00eancia de g\u00eanero.<\/strong><\/p>\n<p>Nos casos de pris\u00e3o em flagrante, as audi\u00eancias de cust\u00f3dia ser\u00e3o realizadas no pr\u00f3prio posto do juizado. A equipe contar\u00e1 diariamente com dois magistrados, um em cada turno, al\u00e9m de um juiz coordenador.<\/p>\n<p>      <!-- Relacionada --><\/p>\n<p>            <!-- Relacionada -->\n    <\/div>\n","protected":false},"excerpt":{"rendered":"<p>Por EBC, Os trens urbanos do Rio e a concession\u00e1ria Metr\u00f4Rio v\u00e3o funcionar 24 horas, com programa\u00e7\u00e3o especial para facilitar a ida e o retorno para casa dos passageiros que v\u00e3o participar da abertura do Rock in Rio, que tem in\u00edcio nesta sexta-feira (4). A Secretaria de Transporte e Mobilidade Urbana (Setram) orienta os passageiros &hellip;<\/p>\n","protected":false},"author":39,"featured_media":0,"comment_status":"open","ping_status":"open","sticky":false,"template":"","format":"standard","meta":{"_jetpack_newsletter_access":"","_jetpack_dont_email_post_to_subs":false,"_jetpack_newsletter_tier_id":0,"_jetpack_memberships_contains_paywalled_content":false,"_jetpack_feature_clip_id":0,"_jetpack_memberships_contains_paid_content":false,"footnotes":"","jetpack_post_was_ever_published":false},"categories":[4],"tags":[],"class_list":["post-466142","post","type-post","status-publish","format-standard","hentry","category-servicos"],"yoast_head":"<!-- This site is optimized with the Yoast SEO plugin v28.4 - https:\/\/yoast.com\/product\/yoast-seo-wordpress\/ -->\n<title>Trens e metr\u00f4 ter\u00e3o opera\u00e7\u00e3o especial durante o Rock in Rio<\/title>\n<meta name=\"robots\" content=\"index, follow, max-snippet:-1, max-image-preview:large, max-video-preview:-1\" \/>\n<link rel=\"canonical\" href=\"https:\/\/agenciabrasil.ebc.com.br\/geral\/noticia\/2026-09\/trens-e-metro-terao-operacao-especial-durante-o-rock-rio\" \/>\n<meta property=\"og:locale\" content=\"pt_BR\" \/>\n<meta property=\"og:type\" content=\"article\" \/>\n<meta property=\"og:title\" content=\"Trens e metr\u00f4 ter\u00e3o opera\u00e7\u00e3o especial durante o Rock in Rio\" \/>\n<meta property=\"og:description\" content=\"Por EBC, Os trens urbanos do Rio e a concession\u00e1ria Metr\u00f4Rio v\u00e3o funcionar 24 horas, com programa\u00e7\u00e3o especial para facilitar a ida e o retorno para casa dos passageiros que v\u00e3o participar da abertura do Rock in Rio, que tem in\u00edcio nesta sexta-feira (4). A Secretaria de Transporte e Mobilidade Urbana (Setram) orienta os passageiros &hellip;\" \/>\n<meta property=\"og:url\" content=\"https:\/\/agenciabrasil.ebc.com.br\/geral\/noticia\/2026-09\/trens-e-metro-terao-operacao-especial-durante-o-rock-rio\" \/>\n<meta property=\"og:site_name\" content=\"MRNews\" \/>\n<meta property=\"article:publisher\" content=\"https:\/\/www.facebook.com\/eaipahpah\/?locale2=pt_BR\" \/>\n<meta property=\"article:published_time\" content=\"2026-09-04T13:12:07+00:00\" \/>\n<meta name=\"author\" content=\"Fernando Corraa\" \/>\n<meta name=\"twitter:card\" content=\"summary_large_image\" \/>\n<meta name=\"twitter:creator\" content=\"@conspirou\" \/>\n<meta name=\"twitter:site\" content=\"@conspirou\" \/>\n<meta name=\"twitter:label1\" content=\"Escrito por\" \/>\n\t<meta name=\"twitter:data1\" content=\"Fernando Corraa\" \/>\n\t<meta name=\"twitter:label2\" content=\"Est. tempo de leitura\" \/>\n\t<meta name=\"twitter:data2\" content=\"2 minutos\" \/>\n<script type=\"application\/ld+json\" class=\"yoast-schema-graph\">{\"@context\":\"https:\\\/\\\/schema.org\",\"@graph\":[{\"@type\":\"Article\",\"@id\":\"https:\\\/\\\/agenciabrasil.ebc.com.br\\\/geral\\\/noticia\\\/2026-09\\\/trens-e-metro-terao-operacao-especial-durante-o-rock-rio#article\",\"isPartOf\":{\"@id\":\"https:\\\/\\\/mrnews.com.br\\\/index.php\\\/2026\\\/09\\\/04\\\/trens-e-metro-terao-operacao-especial-durante-o-rock-in-rio\\\/\"},\"author\":{\"name\":\"Fernando Corraa\",\"@id\":\"https:\\\/\\\/mrnews.com.br\\\/#\\\/schema\\\/person\\\/2f073f2d87903a2ff9a065e41bbf17d4\"},\"headline\":\"Trens e metr\u00f4 ter\u00e3o opera\u00e7\u00e3o especial durante o Rock in Rio\",\"datePublished\":\"2026-09-04T13:12:07+00:00\",\"mainEntityOfPage\":{\"@id\":\"https:\\\/\\\/mrnews.com.br\\\/index.php\\\/2026\\\/09\\\/04\\\/trens-e-metro-terao-operacao-especial-durante-o-rock-in-rio\\\/\"},\"wordCount\":384,\"commentCount\":0,\"publisher\":{\"@id\":\"https:\\\/\\\/mrnews.com.br\\\/#organization\"},\"articleSection\":[\"SERVI\u00c7OS\"],\"inLanguage\":\"pt-BR\",\"potentialAction\":[{\"@type\":\"CommentAction\",\"name\":\"Comment\",\"target\":[\"https:\\\/\\\/agenciabrasil.ebc.com.br\\\/geral\\\/noticia\\\/2026-09\\\/trens-e-metro-terao-operacao-especial-durante-o-rock-rio#respond\"]}]},{\"@type\":\"WebPage\",\"@id\":\"https:\\\/\\\/mrnews.com.br\\\/index.php\\\/2026\\\/09\\\/04\\\/trens-e-metro-terao-operacao-especial-durante-o-rock-in-rio\\\/\",\"url\":\"https:\\\/\\\/agenciabrasil.ebc.com.br\\\/geral\\\/noticia\\\/2026-09\\\/trens-e-metro-terao-operacao-especial-durante-o-rock-rio\",\"name\":\"Trens e metr\u00f4 ter\u00e3o opera\u00e7\u00e3o especial durante o Rock in Rio\",\"isPartOf\":{\"@id\":\"https:\\\/\\\/mrnews.com.br\\\/#website\"},\"datePublished\":\"2026-09-04T13:12:07+00:00\",\"breadcrumb\":{\"@id\":\"https:\\\/\\\/agenciabrasil.ebc.com.br\\\/geral\\\/noticia\\\/2026-09\\\/trens-e-metro-terao-operacao-especial-durante-o-rock-rio#breadcrumb\"},\"inLanguage\":\"pt-BR\",\"potentialAction\":[{\"@type\":\"ReadAction\",\"target\":[\"https:\\\/\\\/agenciabrasil.ebc.com.br\\\/geral\\\/noticia\\\/2026-09\\\/trens-e-metro-terao-operacao-especial-durante-o-rock-rio\"]}]},{\"@type\":\"BreadcrumbList\",\"@id\":\"https:\\\/\\\/agenciabrasil.ebc.com.br\\\/geral\\\/noticia\\\/2026-09\\\/trens-e-metro-terao-operacao-especial-durante-o-rock-rio#breadcrumb\",\"itemListElement\":[{\"@type\":\"ListItem\",\"position\":1,\"name\":\"In\u00edcio\",\"item\":\"https:\\\/\\\/mrnews.com.br\\\/\"},{\"@type\":\"ListItem\",\"position\":2,\"name\":\"Trens e metr\u00f4 ter\u00e3o opera\u00e7\u00e3o especial durante o Rock in Rio\"}]},{\"@type\":\"WebSite\",\"@id\":\"https:\\\/\\\/mrnews.com.br\\\/#website\",\"url\":\"https:\\\/\\\/mrnews.com.br\\\/\",\"name\":\"MRNews\",\"description\":\"MRNews Jogos de hoje da TV, transmiss\u00f5es ao vivo, Not\u00edcias de futebol, Jogos ao vivo, Lives, resumo de novelas, Programa\u00e7\u00e3o da Globo, A Fazenda e BBB\",\"publisher\":{\"@id\":\"https:\\\/\\\/mrnews.com.br\\\/#organization\"},\"potentialAction\":[{\"@type\":\"SearchAction\",\"target\":{\"@type\":\"EntryPoint\",\"urlTemplate\":\"https:\\\/\\\/mrnews.com.br\\\/?s={search_term_string}\"},\"query-input\":{\"@type\":\"PropertyValueSpecification\",\"valueRequired\":true,\"valueName\":\"search_term_string\"}}],\"inLanguage\":\"pt-BR\"},{\"@type\":\"Organization\",\"@id\":\"https:\\\/\\\/mrnews.com.br\\\/#organization\",\"name\":\"MRNews\",\"url\":\"https:\\\/\\\/mrnews.com.br\\\/\",\"logo\":{\"@type\":\"ImageObject\",\"inLanguage\":\"pt-BR\",\"@id\":\"https:\\\/\\\/mrnews.com.br\\\/#\\\/schema\\\/logo\\\/image\\\/\",\"url\":\"https:\\\/\\\/mrnews.com.br\\\/wp-content\\\/uploads\\\/2026\\\/08\\\/MRNEws.png\",\"contentUrl\":\"https:\\\/\\\/mrnews.com.br\\\/wp-content\\\/uploads\\\/2026\\\/08\\\/MRNEws.png\",\"width\":1254,\"height\":1254,\"caption\":\"MRNews\"},\"image\":{\"@id\":\"https:\\\/\\\/mrnews.com.br\\\/#\\\/schema\\\/logo\\\/image\\\/\"},\"sameAs\":[\"https:\\\/\\\/www.facebook.com\\\/eaipahpah\\\/?locale2=pt_BR\",\"https:\\\/\\\/x.com\\\/conspirou\",\"https:\\\/\\\/www.instagram.com\\\/eai_pahpah\",\"https:\\\/\\\/br.pinterest.com\\\/mrnewsn\\\/boards\\\/\",\"https:\\\/\\\/www.youtube.com\\\/channel\\\/UCacgnpznQ61fifLWr1tQ-vA?view_as=subscriber\"]},{\"@type\":\"Person\",\"@id\":\"https:\\\/\\\/mrnews.com.br\\\/#\\\/schema\\\/person\\\/2f073f2d87903a2ff9a065e41bbf17d4\",\"name\":\"Fernando Corraa\",\"image\":{\"@type\":\"ImageObject\",\"inLanguage\":\"pt-BR\",\"@id\":\"https:\\\/\\\/secure.gravatar.com\\\/avatar\\\/9069acb0e588c9f4346ba747284aef18a5faaab575e89e9ccc64e315003f0b82?s=96&d=monsterid&r=g\",\"url\":\"https:\\\/\\\/secure.gravatar.com\\\/avatar\\\/9069acb0e588c9f4346ba747284aef18a5faaab575e89e9ccc64e315003f0b82?s=96&d=monsterid&r=g\",\"contentUrl\":\"https:\\\/\\\/secure.gravatar.com\\\/avatar\\\/9069acb0e588c9f4346ba747284aef18a5faaab575e89e9ccc64e315003f0b82?s=96&d=monsterid&r=g\",\"caption\":\"Fernando Corraa\"},\"url\":\"https:\\\/\\\/mrnews.com.br\\\/index.php\\\/author\\\/fernando-corraa\\\/\"}]}<\/script>\n<!-- \/ Yoast SEO plugin. -->","yoast_head_json":{"title":"Trens e metr\u00f4 ter\u00e3o opera\u00e7\u00e3o especial durante o Rock in Rio","robots":{"index":"index","follow":"follow","max-snippet":"max-snippet:-1","max-image-preview":"max-image-preview:large","max-video-preview":"max-video-preview:-1"},"canonical":"https:\/\/agenciabrasil.ebc.com.br\/geral\/noticia\/2026-09\/trens-e-metro-terao-operacao-especial-durante-o-rock-rio","og_locale":"pt_BR","og_type":"article","og_title":"Trens e metr\u00f4 ter\u00e3o opera\u00e7\u00e3o especial durante o Rock in Rio","og_description":"Por EBC, Os trens urbanos do Rio e a concession\u00e1ria Metr\u00f4Rio v\u00e3o funcionar 24 horas, com programa\u00e7\u00e3o especial para facilitar a ida e o retorno para casa dos passageiros que v\u00e3o participar da abertura do Rock in Rio, que tem in\u00edcio nesta sexta-feira (4). A Secretaria de Transporte e Mobilidade Urbana (Setram) orienta os passageiros &hellip;","og_url":"https:\/\/agenciabrasil.ebc.com.br\/geral\/noticia\/2026-09\/trens-e-metro-terao-operacao-especial-durante-o-rock-rio","og_site_name":"MRNews","article_publisher":"https:\/\/www.facebook.com\/eaipahpah\/?locale2=pt_BR","article_published_time":"2026-09-04T13:12:07+00:00","author":"Fernando Corraa","twitter_card":"summary_large_image","twitter_creator":"@conspirou","twitter_site":"@conspirou","twitter_misc":{"Escrito por":"Fernando Corraa","Est. tempo de leitura":"2 minutos"},"schema":{"@context":"https:\/\/schema.org","@graph":[{"@type":"Article","@id":"https:\/\/agenciabrasil.ebc.com.br\/geral\/noticia\/2026-09\/trens-e-metro-terao-operacao-especial-durante-o-rock-rio#article","isPartOf":{"@id":"https:\/\/mrnews.com.br\/index.php\/2026\/09\/04\/trens-e-metro-terao-operacao-especial-durante-o-rock-in-rio\/"},"author":{"name":"Fernando Corraa","@id":"https:\/\/mrnews.com.br\/#\/schema\/person\/2f073f2d87903a2ff9a065e41bbf17d4"},"headline":"Trens e metr\u00f4 ter\u00e3o opera\u00e7\u00e3o especial durante o Rock in Rio","datePublished":"2026-09-04T13:12:07+00:00","mainEntityOfPage":{"@id":"https:\/\/mrnews.com.br\/index.php\/2026\/09\/04\/trens-e-metro-terao-operacao-especial-durante-o-rock-in-rio\/"},"wordCount":384,"commentCount":0,"publisher":{"@id":"https:\/\/mrnews.com.br\/#organization"},"articleSection":["SERVI\u00c7OS"],"inLanguage":"pt-BR","potentialAction":[{"@type":"CommentAction","name":"Comment","target":["https:\/\/agenciabrasil.ebc.com.br\/geral\/noticia\/2026-09\/trens-e-metro-terao-operacao-especial-durante-o-rock-rio#respond"]}]},{"@type":"WebPage","@id":"https:\/\/mrnews.com.br\/index.php\/2026\/09\/04\/trens-e-metro-terao-operacao-especial-durante-o-rock-in-rio\/","url":"https:\/\/agenciabrasil.ebc.com.br\/geral\/noticia\/2026-09\/trens-e-metro-terao-operacao-especial-durante-o-rock-rio","name":"Trens e metr\u00f4 ter\u00e3o opera\u00e7\u00e3o especial durante o Rock in Rio","isPartOf":{"@id":"https:\/\/mrnews.com.br\/#website"},"datePublished":"2026-09-04T13:12:07+00:00","breadcrumb":{"@id":"https:\/\/agenciabrasil.ebc.com.br\/geral\/noticia\/2026-09\/trens-e-metro-terao-operacao-especial-durante-o-rock-rio#breadcrumb"},"inLanguage":"pt-BR","potentialAction":[{"@type":"ReadAction","target":["https:\/\/agenciabrasil.ebc.com.br\/geral\/noticia\/2026-09\/trens-e-metro-terao-operacao-especial-durante-o-rock-rio"]}]},{"@type":"BreadcrumbList","@id":"https:\/\/agenciabrasil.ebc.com.br\/geral\/noticia\/2026-09\/trens-e-metro-terao-operacao-especial-durante-o-rock-rio#breadcrumb","itemListElement":[{"@type":"ListItem","position":1,"name":"In\u00edcio","item":"https:\/\/mrnews.com.br\/"},{"@type":"ListItem","position":2,"name":"Trens e metr\u00f4 ter\u00e3o opera\u00e7\u00e3o especial durante o Rock in Rio"}]},{"@type":"WebSite","@id":"https:\/\/mrnews.com.br\/#website","url":"https:\/\/mrnews.com.br\/","name":"MRNews","description":"MRNews Jogos de hoje da TV, transmiss\u00f5es ao vivo, Not\u00edcias de futebol, Jogos ao vivo, Lives, resumo de novelas, Programa\u00e7\u00e3o da Globo, A Fazenda e BBB","publisher":{"@id":"https:\/\/mrnews.com.br\/#organization"},"potentialAction":[{"@type":"SearchAction","target":{"@type":"EntryPoint","urlTemplate":"https:\/\/mrnews.com.br\/?s={search_term_string}"},"query-input":{"@type":"PropertyValueSpecification","valueRequired":true,"valueName":"search_term_string"}}],"inLanguage":"pt-BR"},{"@type":"Organization","@id":"https:\/\/mrnews.com.br\/#organization","name":"MRNews","url":"https:\/\/mrnews.com.br\/","logo":{"@type":"ImageObject","inLanguage":"pt-BR","@id":"https:\/\/mrnews.com.br\/#\/schema\/logo\/image\/","url":"https:\/\/mrnews.com.br\/wp-content\/uploads\/2026\/08\/MRNEws.png","contentUrl":"https:\/\/mrnews.com.br\/wp-content\/uploads\/2026\/08\/MRNEws.png","width":1254,"height":1254,"caption":"MRNews"},"image":{"@id":"https:\/\/mrnews.com.br\/#\/schema\/logo\/image\/"},"sameAs":["https:\/\/www.facebook.com\/eaipahpah\/?locale2=pt_BR","https:\/\/x.com\/conspirou","https:\/\/www.instagram.com\/eai_pahpah","https:\/\/br.pinterest.com\/mrnewsn\/boards\/","https:\/\/www.youtube.com\/channel\/UCacgnpznQ61fifLWr1tQ-vA?view_as=subscriber"]},{"@type":"Person","@id":"https:\/\/mrnews.com.br\/#\/schema\/person\/2f073f2d87903a2ff9a065e41bbf17d4","name":"Fernando Corraa","image":{"@type":"ImageObject","inLanguage":"pt-BR","@id":"https:\/\/secure.gravatar.com\/avatar\/9069acb0e588c9f4346ba747284aef18a5faaab575e89e9ccc64e315003f0b82?s=96&d=monsterid&r=g","url":"https:\/\/secure.gravatar.com\/avatar\/9069acb0e588c9f4346ba747284aef18a5faaab575e89e9ccc64e315003f0b82?s=96&d=monsterid&r=g","contentUrl":"https:\/\/secure.gravatar.com\/avatar\/9069acb0e588c9f4346ba747284aef18a5faaab575e89e9ccc64e315003f0b82?s=96&d=monsterid&r=g","caption":"Fernando Corraa"},"url":"https:\/\/mrnews.com.br\/index.php\/author\/fernando-corraa\/"}]}},"jetpack_sharing_enabled":true,"jetpack_shortlink":"https:\/\/wp.me\/pa2Qf7-1Xgq","amp_enabled":true,"jetpack_featured_media_url":"","_links":{"self":[{"href":"https:\/\/mrnews.com.br\/index.php\/wp-json\/wp\/v2\/posts\/466142","targetHints":{"allow":["GET"]}}],"collection":[{"href":"https:\/\/mrnews.com.br\/index.php\/wp-json\/wp\/v2\/posts"}],"about":[{"href":"https:\/\/mrnews.com.br\/index.php\/wp-json\/wp\/v2\/types\/post"}],"author":[{"embeddable":true,"href":"https:\/\/mrnews.com.br\/index.php\/wp-json\/wp\/v2\/users\/39"}],"replies":[{"embeddable":true,"href":"https:\/\/mrnews.com.br\/index.php\/wp-json\/wp\/v2\/comments?post=466142"}],"version-history":[{"count":0,"href":"https:\/\/mrnews.com.br\/index.php\/wp-json\/wp\/v2\/posts\/466142\/revisions"}],"wp:attachment":[{"href":"https:\/\/mrnews.com.br\/index.php\/wp-json\/wp\/v2\/media?parent=466142"}],"wp:term":[{"taxonomy":"category","embeddable":true,"href":"https:\/\/mrnews.com.br\/index.php\/wp-json\/wp\/v2\/categories?post=466142"},{"taxonomy":"post_tag","embeddable":true,"href":"https:\/\/mrnews.com.br\/index.php\/wp-json\/wp\/v2\/tags?post=466142"}],"curies":[{"name":"wp","href":"https:\/\/api.w.org\/{rel}","templated":true}]}}