{"id":466145,"date":"2026-09-04T12:18:02","date_gmt":"2026-09-04T15:18:02","guid":{"rendered":"https:\/\/mrnews.com.br\/index.php\/2026\/09\/04\/fachin-da-5-dias-para-mendonca-e-gonet-responderem-acusacao-de-moraes\/"},"modified":"2026-09-04T12:18:02","modified_gmt":"2026-09-04T15:18:02","slug":"fachin-da-5-dias-para-mendonca-e-gonet-responderem-acusacao-de-moraes","status":"publish","type":"post","link":"https:\/\/mrnews.com.br\/index.php\/2026\/09\/04\/fachin-da-5-dias-para-mendonca-e-gonet-responderem-acusacao-de-moraes\/","title":{"rendered":"Fachin d\u00e1 5 dias para Mendon\u00e7a e Gonet responderem acusa\u00e7\u00e3o de Moraes"},"content":{"rendered":"<p>Por EBC, <\/p>\n<div>\n<p>O presidente do Supremo Tribunal Federal (STF), Edson Fachin, determinou nesta sexta-feira (4) cinco dias de prazo para que o ministro Andr\u00e9 Mendon\u00e7a, tamb\u00e9m da Corte, e o procurador-geral da Rep\u00fablica, Paulo Gonet, manifestem-se sobre supostas irregularidades na condu\u00e7\u00e3o do caso Master.\u00a0<\/p>\n<p><strong>Tais irregularidades foram apontadas pelo tamb\u00e9m\u00a0ministro do Supremo, Alexandre de Moraes. Para embasar suas afirma\u00e7\u00f5es, ele apresentou um relat\u00f3rio de intelig\u00eancia da Pol\u00edcia Federal (PF), embora o documento n\u00e3o traga o cabe\u00e7alho da institui\u00e7\u00e3o ou a assinatura de algum delegado, como \u00e9 de praxe para esse tipo de documento.\u00a0<\/strong><\/p>\n<p>Moraes apontou atos que considera improbidade administrativa, abuso de autoridade e crime de responsabilidade por parte de Mendon\u00e7a, a quem acusa de ter direcionado a investiga\u00e7\u00e3o do caso Master para atingi-lo.\u00a0<\/p>\n<p><strong>No relat\u00f3rio apresentado por Moraes consta a sugest\u00e3o de que Mendon\u00e7a pudesse estar direcionando as investiga\u00e7\u00f5es do caso Master para atingir\u00a0desafetos pol\u00edticos, incluindo o pr\u00f3prio Moraes e o presidente do Senado, Davi Alcolumbre (Uni\u00e3o-AP).\u00a0<\/strong><\/p>\n<p>O mesmo documento, contudo, diz que as afirma\u00e7\u00f5es s\u00e3o uma &#8220;an\u00e1lise de cen\u00e1rio&#8221; e tamb\u00e9m &#8220;sem valor probat\u00f3rio&#8221;. O relat\u00f3rio ap\u00f3crifo foi tornado p\u00fablico pelo Supremo.\u00a0<\/p>\n<h2>Mensagens\u00a0<\/h2>\n<p><strong>A crise entre ministros do Supremo emergiu nesta semana, ap\u00f3s Mendon\u00e7a retirar o sigilo de um relat\u00f3rio da PF que traz mensagens enviadas pelo ex-banqueiro Daniel Vorcaro, antigo dono do banco Master, a Moraes, segundo o documento.\u00a0<\/strong><\/p>\n<p>As conversas mostram cita\u00e7\u00f5es aos nomes de Moraes e Gonet. As mensagens foram recuperadas do celular de Vorcaro, alvo central da Opera\u00e7\u00e3o Compliance Zero, que trata da suspeita de fraudes financeiras bilion\u00e1rias no Master. O caso \u00e9 relatado por Mendon\u00e7a.\u00a0<\/p>\n<p><strong>As dezenas de mensagens sugerem, por exemplo, que Moraes editou um contrato de mais de R$ 130 milh\u00f5es entre o Master e o escrit\u00f3rio de advocacia de sua esposa, Viviane Barci de Moraes.\u00a0<\/strong><\/p>\n<h2><strong>Fachin<\/strong><\/h2>\n<p>Na quinta-feira (3), Fachin j\u00e1 havia cobrado que Gonet, Moraes e Mendon\u00e7a se manifestassem sobre as informa\u00e7\u00f5es constantes no relat\u00f3rio da PF sobre as conversas de Vorcaro.<\/p>\n<p><strong>O presidente do STF escreveu que levar\u00e1 ao plen\u00e1rio, no momento oportuno, um pedido do PGR para que as investiga\u00e7\u00f5es supervisionadas por Mendon\u00e7a sejam anuladas. \u00a0<\/strong><\/p>\n<blockquote>\n<p>\u201cCabe \u00e0 Presid\u00eancia do tribunal zelar para que a poss\u00edvel aprecia\u00e7\u00e3o\u00a0colegiada seja feita, a tempo e modo, com o elevado senso de\u00a0responsabilidade que os fatos reclamam, sempre assegurando o respeito\u00a0\u00e0s garantias constitucionais do devido processo legal, da ampla defesa e\u00a0do contradit\u00f3rio\u201d, escreveu.\u00a0<\/p>\n<\/blockquote>\n<p><strong>Em novo despacho nesta sexta-feira, Fachin determinou\u00a0que Gonet apresente parecer tamb\u00e9m sobre o pedido de investiga\u00e7\u00e3o contra Mendon\u00e7a, feito na noite de ontem por Moraes\u00a0<\/strong><\/p>\n<p>Ainda no despacho de hoje, Fachin determinou que o documento apresentado por Moraes para fazer as acusa\u00e7\u00f5es contra Mendon\u00e7a seja retirado do inqu\u00e9rito das Fake News, relatado pelo pr\u00f3prio Moraes, e anexado a uma peti\u00e7\u00e3o separada, relatada pelo presidente do Supremo.\u00a0<\/p>\n<blockquote>\n<p>\u201cAs provid\u00eancias ora determinadas destinam-se exclusivamente \u00e0 instru\u00e7\u00e3o do feito, sem antecipa\u00e7\u00e3o de ju\u00edzo quanto \u00e0 admissibilidade, \u00e0 regularidade do procedimento ou ao m\u00e9rito das imputa\u00e7\u00f5es\u201d, escreveu Fachin na decis\u00e3o.<\/p>\n<\/blockquote>\n<p>      <!-- Relacionada --><\/p>\n<p>            <!-- Relacionada -->\n    <\/div>\n","protected":false},"excerpt":{"rendered":"<p>Por EBC, O presidente do Supremo Tribunal Federal (STF), Edson Fachin, determinou nesta sexta-feira (4) cinco dias de prazo para que o ministro Andr\u00e9 Mendon\u00e7a, tamb\u00e9m da Corte, e o procurador-geral da Rep\u00fablica, Paulo Gonet, manifestem-se sobre supostas irregularidades na condu\u00e7\u00e3o do caso Master.\u00a0 Tais irregularidades foram apontadas pelo tamb\u00e9m\u00a0ministro do Supremo, Alexandre de Moraes. &hellip;<\/p>\n","protected":false},"author":39,"featured_media":0,"comment_status":"open","ping_status":"open","sticky":false,"template":"","format":"standard","meta":{"_jetpack_newsletter_access":"","_jetpack_dont_email_post_to_subs":false,"_jetpack_newsletter_tier_id":0,"_jetpack_memberships_contains_paywalled_content":false,"_jetpack_feature_clip_id":0,"_jetpack_memberships_contains_paid_content":false,"footnotes":"","jetpack_post_was_ever_published":false},"categories":[4],"tags":[],"class_list":["post-466145","post","type-post","status-publish","format-standard","hentry","category-servicos"],"yoast_head":"<!-- This site is optimized with the Yoast SEO plugin v28.4 - https:\/\/yoast.com\/product\/yoast-seo-wordpress\/ -->\n<title>Fachin d\u00e1 5 dias para Mendon\u00e7a e Gonet responderem acusa\u00e7\u00e3o de Moraes<\/title>\n<meta name=\"robots\" content=\"index, follow, max-snippet:-1, max-image-preview:large, max-video-preview:-1\" \/>\n<link rel=\"canonical\" href=\"https:\/\/agenciabrasil.ebc.com.br\/justica\/noticia\/2026-09\/fachin-da-5-dias-para-mendonca-e-gonet-responderem-acusacao-de-moraes\" \/>\n<meta property=\"og:locale\" content=\"pt_BR\" \/>\n<meta property=\"og:type\" content=\"article\" \/>\n<meta property=\"og:title\" content=\"Fachin d\u00e1 5 dias para Mendon\u00e7a e Gonet responderem acusa\u00e7\u00e3o de Moraes\" \/>\n<meta property=\"og:description\" content=\"Por EBC, O presidente do Supremo Tribunal Federal (STF), Edson Fachin, determinou nesta sexta-feira (4) cinco dias de prazo para que o ministro Andr\u00e9 Mendon\u00e7a, tamb\u00e9m da Corte, e o procurador-geral da Rep\u00fablica, Paulo Gonet, manifestem-se sobre supostas irregularidades na condu\u00e7\u00e3o do caso Master.\u00a0 Tais irregularidades foram apontadas pelo tamb\u00e9m\u00a0ministro do Supremo, Alexandre de Moraes. &hellip;\" \/>\n<meta property=\"og:url\" content=\"https:\/\/agenciabrasil.ebc.com.br\/justica\/noticia\/2026-09\/fachin-da-5-dias-para-mendonca-e-gonet-responderem-acusacao-de-moraes\" \/>\n<meta property=\"og:site_name\" content=\"MRNews\" \/>\n<meta property=\"article:publisher\" content=\"https:\/\/www.facebook.com\/eaipahpah\/?locale2=pt_BR\" \/>\n<meta property=\"article:published_time\" content=\"2026-09-04T15:18:02+00:00\" \/>\n<meta name=\"author\" content=\"Fernando Corraa\" \/>\n<meta name=\"twitter:card\" content=\"summary_large_image\" \/>\n<meta name=\"twitter:creator\" content=\"@conspirou\" \/>\n<meta name=\"twitter:site\" content=\"@conspirou\" \/>\n<meta name=\"twitter:label1\" content=\"Escrito por\" \/>\n\t<meta name=\"twitter:data1\" content=\"Fernando Corraa\" \/>\n\t<meta name=\"twitter:label2\" content=\"Est. tempo de leitura\" \/>\n\t<meta name=\"twitter:data2\" content=\"3 minutos\" \/>\n<script type=\"application\/ld+json\" class=\"yoast-schema-graph\">{\"@context\":\"https:\\\/\\\/schema.org\",\"@graph\":[{\"@type\":\"Article\",\"@id\":\"https:\\\/\\\/agenciabrasil.ebc.com.br\\\/justica\\\/noticia\\\/2026-09\\\/fachin-da-5-dias-para-mendonca-e-gonet-responderem-acusacao-de-moraes#article\",\"isPartOf\":{\"@id\":\"https:\\\/\\\/mrnews.com.br\\\/index.php\\\/2026\\\/09\\\/04\\\/fachin-da-5-dias-para-mendonca-e-gonet-responderem-acusacao-de-moraes\\\/\"},\"author\":{\"name\":\"Fernando Corraa\",\"@id\":\"https:\\\/\\\/mrnews.com.br\\\/#\\\/schema\\\/person\\\/2f073f2d87903a2ff9a065e41bbf17d4\"},\"headline\":\"Fachin d\u00e1 5 dias para Mendon\u00e7a e Gonet responderem acusa\u00e7\u00e3o de Moraes\",\"datePublished\":\"2026-09-04T15:18:02+00:00\",\"mainEntityOfPage\":{\"@id\":\"https:\\\/\\\/mrnews.com.br\\\/index.php\\\/2026\\\/09\\\/04\\\/fachin-da-5-dias-para-mendonca-e-gonet-responderem-acusacao-de-moraes\\\/\"},\"wordCount\":561,\"commentCount\":0,\"publisher\":{\"@id\":\"https:\\\/\\\/mrnews.com.br\\\/#organization\"},\"articleSection\":[\"SERVI\u00c7OS\"],\"inLanguage\":\"pt-BR\",\"potentialAction\":[{\"@type\":\"CommentAction\",\"name\":\"Comment\",\"target\":[\"https:\\\/\\\/agenciabrasil.ebc.com.br\\\/justica\\\/noticia\\\/2026-09\\\/fachin-da-5-dias-para-mendonca-e-gonet-responderem-acusacao-de-moraes#respond\"]}]},{\"@type\":\"WebPage\",\"@id\":\"https:\\\/\\\/mrnews.com.br\\\/index.php\\\/2026\\\/09\\\/04\\\/fachin-da-5-dias-para-mendonca-e-gonet-responderem-acusacao-de-moraes\\\/\",\"url\":\"https:\\\/\\\/agenciabrasil.ebc.com.br\\\/justica\\\/noticia\\\/2026-09\\\/fachin-da-5-dias-para-mendonca-e-gonet-responderem-acusacao-de-moraes\",\"name\":\"Fachin d\u00e1 5 dias para Mendon\u00e7a e Gonet responderem acusa\u00e7\u00e3o de Moraes\",\"isPartOf\":{\"@id\":\"https:\\\/\\\/mrnews.com.br\\\/#website\"},\"datePublished\":\"2026-09-04T15:18:02+00:00\",\"breadcrumb\":{\"@id\":\"https:\\\/\\\/agenciabrasil.ebc.com.br\\\/justica\\\/noticia\\\/2026-09\\\/fachin-da-5-dias-para-mendonca-e-gonet-responderem-acusacao-de-moraes#breadcrumb\"},\"inLanguage\":\"pt-BR\",\"potentialAction\":[{\"@type\":\"ReadAction\",\"target\":[\"https:\\\/\\\/agenciabrasil.ebc.com.br\\\/justica\\\/noticia\\\/2026-09\\\/fachin-da-5-dias-para-mendonca-e-gonet-responderem-acusacao-de-moraes\"]}]},{\"@type\":\"BreadcrumbList\",\"@id\":\"https:\\\/\\\/agenciabrasil.ebc.com.br\\\/justica\\\/noticia\\\/2026-09\\\/fachin-da-5-dias-para-mendonca-e-gonet-responderem-acusacao-de-moraes#breadcrumb\",\"itemListElement\":[{\"@type\":\"ListItem\",\"position\":1,\"name\":\"In\u00edcio\",\"item\":\"https:\\\/\\\/mrnews.com.br\\\/\"},{\"@type\":\"ListItem\",\"position\":2,\"name\":\"Fachin d\u00e1 5 dias para Mendon\u00e7a e Gonet responderem acusa\u00e7\u00e3o de Moraes\"}]},{\"@type\":\"WebSite\",\"@id\":\"https:\\\/\\\/mrnews.com.br\\\/#website\",\"url\":\"https:\\\/\\\/mrnews.com.br\\\/\",\"name\":\"MRNews\",\"description\":\"MRNews Jogos de hoje da TV, transmiss\u00f5es ao vivo, Not\u00edcias de futebol, Jogos ao vivo, Lives, resumo de novelas, Programa\u00e7\u00e3o da Globo, A Fazenda e BBB\",\"publisher\":{\"@id\":\"https:\\\/\\\/mrnews.com.br\\\/#organization\"},\"potentialAction\":[{\"@type\":\"SearchAction\",\"target\":{\"@type\":\"EntryPoint\",\"urlTemplate\":\"https:\\\/\\\/mrnews.com.br\\\/?s={search_term_string}\"},\"query-input\":{\"@type\":\"PropertyValueSpecification\",\"valueRequired\":true,\"valueName\":\"search_term_string\"}}],\"inLanguage\":\"pt-BR\"},{\"@type\":\"Organization\",\"@id\":\"https:\\\/\\\/mrnews.com.br\\\/#organization\",\"name\":\"MRNews\",\"url\":\"https:\\\/\\\/mrnews.com.br\\\/\",\"logo\":{\"@type\":\"ImageObject\",\"inLanguage\":\"pt-BR\",\"@id\":\"https:\\\/\\\/mrnews.com.br\\\/#\\\/schema\\\/logo\\\/image\\\/\",\"url\":\"https:\\\/\\\/mrnews.com.br\\\/wp-content\\\/uploads\\\/2026\\\/08\\\/MRNEws.png\",\"contentUrl\":\"https:\\\/\\\/mrnews.com.br\\\/wp-content\\\/uploads\\\/2026\\\/08\\\/MRNEws.png\",\"width\":1254,\"height\":1254,\"caption\":\"MRNews\"},\"image\":{\"@id\":\"https:\\\/\\\/mrnews.com.br\\\/#\\\/schema\\\/logo\\\/image\\\/\"},\"sameAs\":[\"https:\\\/\\\/www.facebook.com\\\/eaipahpah\\\/?locale2=pt_BR\",\"https:\\\/\\\/x.com\\\/conspirou\",\"https:\\\/\\\/www.instagram.com\\\/eai_pahpah\",\"https:\\\/\\\/br.pinterest.com\\\/mrnewsn\\\/boards\\\/\",\"https:\\\/\\\/www.youtube.com\\\/channel\\\/UCacgnpznQ61fifLWr1tQ-vA?view_as=subscriber\"]},{\"@type\":\"Person\",\"@id\":\"https:\\\/\\\/mrnews.com.br\\\/#\\\/schema\\\/person\\\/2f073f2d87903a2ff9a065e41bbf17d4\",\"name\":\"Fernando Corraa\",\"image\":{\"@type\":\"ImageObject\",\"inLanguage\":\"pt-BR\",\"@id\":\"https:\\\/\\\/secure.gravatar.com\\\/avatar\\\/9069acb0e588c9f4346ba747284aef18a5faaab575e89e9ccc64e315003f0b82?s=96&d=monsterid&r=g\",\"url\":\"https:\\\/\\\/secure.gravatar.com\\\/avatar\\\/9069acb0e588c9f4346ba747284aef18a5faaab575e89e9ccc64e315003f0b82?s=96&d=monsterid&r=g\",\"contentUrl\":\"https:\\\/\\\/secure.gravatar.com\\\/avatar\\\/9069acb0e588c9f4346ba747284aef18a5faaab575e89e9ccc64e315003f0b82?s=96&d=monsterid&r=g\",\"caption\":\"Fernando Corraa\"},\"url\":\"https:\\\/\\\/mrnews.com.br\\\/index.php\\\/author\\\/fernando-corraa\\\/\"}]}<\/script>\n<!-- \/ Yoast SEO plugin. -->","yoast_head_json":{"title":"Fachin d\u00e1 5 dias para Mendon\u00e7a e Gonet responderem acusa\u00e7\u00e3o de Moraes","robots":{"index":"index","follow":"follow","max-snippet":"max-snippet:-1","max-image-preview":"max-image-preview:large","max-video-preview":"max-video-preview:-1"},"canonical":"https:\/\/agenciabrasil.ebc.com.br\/justica\/noticia\/2026-09\/fachin-da-5-dias-para-mendonca-e-gonet-responderem-acusacao-de-moraes","og_locale":"pt_BR","og_type":"article","og_title":"Fachin d\u00e1 5 dias para Mendon\u00e7a e Gonet responderem acusa\u00e7\u00e3o de Moraes","og_description":"Por EBC, O presidente do Supremo Tribunal Federal (STF), Edson Fachin, determinou nesta sexta-feira (4) cinco dias de prazo para que o ministro Andr\u00e9 Mendon\u00e7a, tamb\u00e9m da Corte, e o procurador-geral da Rep\u00fablica, Paulo Gonet, manifestem-se sobre supostas irregularidades na condu\u00e7\u00e3o do caso Master.\u00a0 Tais irregularidades foram apontadas pelo tamb\u00e9m\u00a0ministro do Supremo, Alexandre de Moraes. &hellip;","og_url":"https:\/\/agenciabrasil.ebc.com.br\/justica\/noticia\/2026-09\/fachin-da-5-dias-para-mendonca-e-gonet-responderem-acusacao-de-moraes","og_site_name":"MRNews","article_publisher":"https:\/\/www.facebook.com\/eaipahpah\/?locale2=pt_BR","article_published_time":"2026-09-04T15:18:02+00:00","author":"Fernando Corraa","twitter_card":"summary_large_image","twitter_creator":"@conspirou","twitter_site":"@conspirou","twitter_misc":{"Escrito por":"Fernando Corraa","Est. tempo de leitura":"3 minutos"},"schema":{"@context":"https:\/\/schema.org","@graph":[{"@type":"Article","@id":"https:\/\/agenciabrasil.ebc.com.br\/justica\/noticia\/2026-09\/fachin-da-5-dias-para-mendonca-e-gonet-responderem-acusacao-de-moraes#article","isPartOf":{"@id":"https:\/\/mrnews.com.br\/index.php\/2026\/09\/04\/fachin-da-5-dias-para-mendonca-e-gonet-responderem-acusacao-de-moraes\/"},"author":{"name":"Fernando Corraa","@id":"https:\/\/mrnews.com.br\/#\/schema\/person\/2f073f2d87903a2ff9a065e41bbf17d4"},"headline":"Fachin d\u00e1 5 dias para Mendon\u00e7a e Gonet responderem acusa\u00e7\u00e3o de Moraes","datePublished":"2026-09-04T15:18:02+00:00","mainEntityOfPage":{"@id":"https:\/\/mrnews.com.br\/index.php\/2026\/09\/04\/fachin-da-5-dias-para-mendonca-e-gonet-responderem-acusacao-de-moraes\/"},"wordCount":561,"commentCount":0,"publisher":{"@id":"https:\/\/mrnews.com.br\/#organization"},"articleSection":["SERVI\u00c7OS"],"inLanguage":"pt-BR","potentialAction":[{"@type":"CommentAction","name":"Comment","target":["https:\/\/agenciabrasil.ebc.com.br\/justica\/noticia\/2026-09\/fachin-da-5-dias-para-mendonca-e-gonet-responderem-acusacao-de-moraes#respond"]}]},{"@type":"WebPage","@id":"https:\/\/mrnews.com.br\/index.php\/2026\/09\/04\/fachin-da-5-dias-para-mendonca-e-gonet-responderem-acusacao-de-moraes\/","url":"https:\/\/agenciabrasil.ebc.com.br\/justica\/noticia\/2026-09\/fachin-da-5-dias-para-mendonca-e-gonet-responderem-acusacao-de-moraes","name":"Fachin d\u00e1 5 dias para Mendon\u00e7a e Gonet responderem acusa\u00e7\u00e3o de Moraes","isPartOf":{"@id":"https:\/\/mrnews.com.br\/#website"},"datePublished":"2026-09-04T15:18:02+00:00","breadcrumb":{"@id":"https:\/\/agenciabrasil.ebc.com.br\/justica\/noticia\/2026-09\/fachin-da-5-dias-para-mendonca-e-gonet-responderem-acusacao-de-moraes#breadcrumb"},"inLanguage":"pt-BR","potentialAction":[{"@type":"ReadAction","target":["https:\/\/agenciabrasil.ebc.com.br\/justica\/noticia\/2026-09\/fachin-da-5-dias-para-mendonca-e-gonet-responderem-acusacao-de-moraes"]}]},{"@type":"BreadcrumbList","@id":"https:\/\/agenciabrasil.ebc.com.br\/justica\/noticia\/2026-09\/fachin-da-5-dias-para-mendonca-e-gonet-responderem-acusacao-de-moraes#breadcrumb","itemListElement":[{"@type":"ListItem","position":1,"name":"In\u00edcio","item":"https:\/\/mrnews.com.br\/"},{"@type":"ListItem","position":2,"name":"Fachin d\u00e1 5 dias para Mendon\u00e7a e Gonet responderem acusa\u00e7\u00e3o de Moraes"}]},{"@type":"WebSite","@id":"https:\/\/mrnews.com.br\/#website","url":"https:\/\/mrnews.com.br\/","name":"MRNews","description":"MRNews Jogos de hoje da TV, transmiss\u00f5es ao vivo, Not\u00edcias de futebol, Jogos ao vivo, Lives, resumo de novelas, Programa\u00e7\u00e3o da Globo, A Fazenda e BBB","publisher":{"@id":"https:\/\/mrnews.com.br\/#organization"},"potentialAction":[{"@type":"SearchAction","target":{"@type":"EntryPoint","urlTemplate":"https:\/\/mrnews.com.br\/?s={search_term_string}"},"query-input":{"@type":"PropertyValueSpecification","valueRequired":true,"valueName":"search_term_string"}}],"inLanguage":"pt-BR"},{"@type":"Organization","@id":"https:\/\/mrnews.com.br\/#organization","name":"MRNews","url":"https:\/\/mrnews.com.br\/","logo":{"@type":"ImageObject","inLanguage":"pt-BR","@id":"https:\/\/mrnews.com.br\/#\/schema\/logo\/image\/","url":"https:\/\/mrnews.com.br\/wp-content\/uploads\/2026\/08\/MRNEws.png","contentUrl":"https:\/\/mrnews.com.br\/wp-content\/uploads\/2026\/08\/MRNEws.png","width":1254,"height":1254,"caption":"MRNews"},"image":{"@id":"https:\/\/mrnews.com.br\/#\/schema\/logo\/image\/"},"sameAs":["https:\/\/www.facebook.com\/eaipahpah\/?locale2=pt_BR","https:\/\/x.com\/conspirou","https:\/\/www.instagram.com\/eai_pahpah","https:\/\/br.pinterest.com\/mrnewsn\/boards\/","https:\/\/www.youtube.com\/channel\/UCacgnpznQ61fifLWr1tQ-vA?view_as=subscriber"]},{"@type":"Person","@id":"https:\/\/mrnews.com.br\/#\/schema\/person\/2f073f2d87903a2ff9a065e41bbf17d4","name":"Fernando Corraa","image":{"@type":"ImageObject","inLanguage":"pt-BR","@id":"https:\/\/secure.gravatar.com\/avatar\/9069acb0e588c9f4346ba747284aef18a5faaab575e89e9ccc64e315003f0b82?s=96&d=monsterid&r=g","url":"https:\/\/secure.gravatar.com\/avatar\/9069acb0e588c9f4346ba747284aef18a5faaab575e89e9ccc64e315003f0b82?s=96&d=monsterid&r=g","contentUrl":"https:\/\/secure.gravatar.com\/avatar\/9069acb0e588c9f4346ba747284aef18a5faaab575e89e9ccc64e315003f0b82?s=96&d=monsterid&r=g","caption":"Fernando Corraa"},"url":"https:\/\/mrnews.com.br\/index.php\/author\/fernando-corraa\/"}]}},"jetpack_sharing_enabled":true,"jetpack_shortlink":"https:\/\/wp.me\/pa2Qf7-1Xgt","amp_enabled":true,"jetpack_featured_media_url":"","_links":{"self":[{"href":"https:\/\/mrnews.com.br\/index.php\/wp-json\/wp\/v2\/posts\/466145","targetHints":{"allow":["GET"]}}],"collection":[{"href":"https:\/\/mrnews.com.br\/index.php\/wp-json\/wp\/v2\/posts"}],"about":[{"href":"https:\/\/mrnews.com.br\/index.php\/wp-json\/wp\/v2\/types\/post"}],"author":[{"embeddable":true,"href":"https:\/\/mrnews.com.br\/index.php\/wp-json\/wp\/v2\/users\/39"}],"replies":[{"embeddable":true,"href":"https:\/\/mrnews.com.br\/index.php\/wp-json\/wp\/v2\/comments?post=466145"}],"version-history":[{"count":0,"href":"https:\/\/mrnews.com.br\/index.php\/wp-json\/wp\/v2\/posts\/466145\/revisions"}],"wp:attachment":[{"href":"https:\/\/mrnews.com.br\/index.php\/wp-json\/wp\/v2\/media?parent=466145"}],"wp:term":[{"taxonomy":"category","embeddable":true,"href":"https:\/\/mrnews.com.br\/index.php\/wp-json\/wp\/v2\/categories?post=466145"},{"taxonomy":"post_tag","embeddable":true,"href":"https:\/\/mrnews.com.br\/index.php\/wp-json\/wp\/v2\/tags?post=466145"}],"curies":[{"name":"wp","href":"https:\/\/api.w.org\/{rel}","templated":true}]}}