{"id":466146,"date":"2026-09-04T13:00:04","date_gmt":"2026-09-04T16:00:04","guid":{"rendered":"https:\/\/mrnews.com.br\/index.php\/2026\/09\/04\/brasil-tem-2-milhoes-de-pessoas-que-trabalham-por-meio-de-aplicativos\/"},"modified":"2026-09-04T13:00:04","modified_gmt":"2026-09-04T16:00:04","slug":"brasil-tem-2-milhoes-de-pessoas-que-trabalham-por-meio-de-aplicativos","status":"publish","type":"post","link":"https:\/\/mrnews.com.br\/index.php\/2026\/09\/04\/brasil-tem-2-milhoes-de-pessoas-que-trabalham-por-meio-de-aplicativos\/","title":{"rendered":"Brasil tem 2 milh\u00f5es de pessoas que trabalham por meio de aplicativos"},"content":{"rendered":"<p>Por EBC, <\/p>\n<div>\n<p><strong>Cerca de 2 milh\u00f5es de pessoas trabalharam por meio de aplicativos (apps) no pa\u00eds em 2025. A imensa maioria deles por conta pr\u00f3pria, com jornadas semanais mais longas que os demais ocupados no setor privado e ganhando menos por hora trabalhada.<\/strong><\/p>\n<p>A constata\u00e7\u00e3o faz parte de uma edi\u00e7\u00e3o sobre trabalho por meio de plataformas digitais da Pesquisa Nacional por Amostra de Domic\u00edlios (Pnad) Cont\u00ednua, divulgada nesta sexta-feira (4) pelo Instituto Brasileiro de Geografia e Estat\u00edstica (IBGE).\u00a0<\/p>\n<p>O IBGE buscou informa\u00e7\u00f5es de pessoas com 14 anos ou mais que utilizam os aplicativos para realizar servi\u00e7os de transporte e entregas. <strong>O instituto classifica esses trabalhadores como \u201cplataformizados\u201d.<\/strong><\/p>\n<p><strong>A pesquisa revela que o contingente de 1,959 milh\u00e3o de trabalhadores por apps representavam 1,9% do total de ocupados no pa\u00eds.<\/strong><\/p>\n<p>Cerca de 1,2 milh\u00e3o de trabalhadores plataformizados utilizam apps de transporte de passageiros. Isso representa praticamente seis em cada dez plataformizados (58,9%).<\/p>\n<p>Desses, 1,1 milh\u00e3o utilizam as plataformas como Uber e 99, enquanto 232 mil utilizam apps de t\u00e1xi exclusivamente.<\/p>\n<p>Um em cada cinco (19,2%) dos plataformizados tinha ocupa\u00e7\u00e3o como entregadores de apps de comida, produtos, etc. Eram 376 mil pessoas que faziam entregas para plataformas como Rappi, iFood, Z\u00e9 Delivery, entre outros.<\/p>\n<p>O IBGE mapeou ainda a categoria apps de presta\u00e7\u00e3o de servi\u00e7os gerais ou profissionais, que inclui profiss\u00f5es como designers, tradutores e at\u00e9 telemedicina, quando o m\u00e9dico usa a plataforma digital para captar pacientes e realizar consultas, por exemplo. Em 2025 eram 313 mil pessoas nessa categoria (16% dos plataformizados).<\/p>\n<p>A Pnad revela que a atividade econ\u00f4mica classificada como transporte, armazenagem e correios \u00e9 a que tem maior participa\u00e7\u00e3o de plataformizados, 75%. Ou seja, de cada quatro trabalhadores desse setor, tr\u00eas utilizam os apps.<\/p>\n<h2>Aumento ao longo dos anos<\/h2>\n<p>O IBGE detalha que a Pnad sobre trabalho por plataforma ainda \u00e9 experimental, ou seja, em fase de teste e sob avalia\u00e7\u00e3o. O levantamento j\u00e1 foi realizado em 2022 e 2024.\u00a0<\/p>\n<p>Diferentemente de 2025, as edi\u00e7\u00f5es anteriores buscaram informa\u00e7\u00e3o apenas dos trabalhadores que tinham os apps como ocupa\u00e7\u00e3o principal, ou seja, a pesquisa deixou de fora aquelas que usavam os aplicativos como renda complementar. Por isso, o n\u00famero de 2 milh\u00f5es de plataformizados em 2025 n\u00e3o pode ser comparado com anos anteriores.<\/p>\n<p>Ao se levar em considera\u00e7\u00e3o apenas os trabalhadores que tinham nos apps a ocupa\u00e7\u00e3o principal, o n\u00famero de 2025 chega a 1,8 milh\u00e3o. Esse dado pode ser comparado com as Pnad anteriores.<\/p>\n<p><strong>Trabalhadores que tinham os apps como ocupa\u00e7\u00e3o principal:<\/strong><\/p>\n<ul>\n<li><strong>2022: <\/strong>1,3 milh\u00e3o<\/li>\n<li><strong>2024:<\/strong> 1,7 milh\u00e3o<\/li>\n<li><strong>2025:<\/strong> 1,8 milh\u00e3o<\/li>\n<\/ul>\n<p>Dessa forma, o n\u00famero representa um crescimento de 9,1% em um ano e 36,8% em tr\u00eas anos.<\/p>\n<p>Comparando apenas 2024 e 2025, o n\u00famero de entregadores de app cresceu 18,6%. Foi a \u00fanica ocupa\u00e7\u00e3o que teve varia\u00e7\u00e3o na casa de dois d\u00edgitos.<\/p>\n<h2>Motiva\u00e7\u00e3o<\/h2>\n<p><strong>Em 2025, de cada 100 pessoas que tinham nos apps a ocupa\u00e7\u00e3o principal, 84,4 eram do sexo masculino.<\/strong> Em rela\u00e7\u00e3o \u00e0 idade, 47% tinham de 25 a 39 anos.<\/p>\n<p>Ao realizar as entrevistas, o IBGE procurou saber o motivo principal que levou as pessoas a trabalharem por meio das plataformas.<\/p>\n<p><strong>Especificamente entre os que atuam com apps de transporte (exceto t\u00e1xi) e entregadores, o motivo principal foi n\u00e3o conseguir encontrar outro trabalho.<\/strong> As outra motiva\u00e7\u00f5es apontadas foram flexibilidade e<strong>\u00a0<\/strong>rendimento maior do que em outros trabalhos dispon\u00edveis.\u00a0<\/p>\n<h2>Jornadas mais longas<\/h2>\n<p>Em 2025, o rendimento m\u00e9dio mensal do trabalho principal do plataformizados foi de R$ 3.147, mesmo patamar dos n\u00e3o plataformizados (R$ 3,148).<\/p>\n<p>Esses valores representaram aumento real (j\u00e1 descontada a infla\u00e7\u00e3o) de 4,1% para os n\u00e3o plataformizados e estabilidade para os plataformizados, que ganhavam R$ 3.151 em 2024.<\/p>\n<p>O IBGE explica que os valores s\u00e3o exatamente o que \u00e9 \u201cretirado\u201d pelos plataformizados, ou seja, o saldo ap\u00f3s o motorista pagar custos com gasolina para o carro, por exemplo.<\/p>\n<p><strong>Os trabalhadores por aplicativo tinham em 2025 jornada semanal de 44,7 horas, superior \u00e0 dos n\u00e3o plataformizados (39,3 horas). S\u00e3o 5,4 horas de diferen\u00e7a.<\/strong><\/p>\n<p><strong>O fato de as duas classes terem rendimentos no mesmo patamar e diferen\u00e7a na jornada faz com que o rendimento-hora m\u00e9dio do trabalhador de app seja menor. <\/strong>Eles recebiam R$ 16,2 por hora, 12% menos que os n\u00e3o plataformizados (R$ 18,4\/hora).<\/p>\n<h2>Informalidade<\/h2>\n<p>A pesquisa mostra que os trabalhadores por app vivenciavam mais a informalidade e tinham menos cobertura previdenci\u00e1ria.<\/p>\n<p>Plataformizados:<\/p>\n<ul>\n<li>72,1% na informalidade<\/li>\n<li>34% com cobertura previdenci\u00e1ria<\/li>\n<\/ul>\n<p>N\u00e3o plataformizados:<\/p>\n<ul>\n<li>42,7% na informalidade<\/li>\n<li>63% com cobertura previdenci\u00e1ria<\/li>\n<\/ul>\n<p>O IBGE considera informais os empregados sem carteira assinada e aut\u00f4nomos sem CNPJ, por exemplo. S\u00e3o pessoas sem a garantia de direitos trabalhistas, como f\u00e9rias e 13\u00ba sal\u00e1rio.<\/p>\n<p>J\u00e1 ao contribuir para institutos de previd\u00eancia, o trabalhador adquire garantias, como aposentadoria, benef\u00edcio por incapacidade e pens\u00e3o por morte.<\/p>\n<p><strong>&gt;&gt; Leia tamb\u00e9m:<\/strong> Apenas 1 em cada 5 motociclista de app tem cobertura previdenci\u00e1ria\u00a0<\/p>\n<h2>Conta pr\u00f3pria, mas dependente<\/h2>\n<p>\u00a0<\/p>\n<div class=\"dnd-widget-wrapper context-cheio_8colunas type-image\">\n<div class=\"dnd-atom-rendered\"><!-- scald=459349:cheio_8colunas --><\/p>\n<p>    <!-- END scald=459349 --><\/div>\n<div class=\"dnd-caption-wrapper\">\n<p>\u00a0Motoristas de aplicativos e motoboys de delivery &#8211; <strong>Paulo Pinto\/Ag\u00eancia Brasil<\/strong><!--END copyright=459349--><\/p>\n<\/div>\n<\/div>\n<p>Aproximadamente 1,6 mil de pessoas ocupadas por aplicativos se declararam trabalhadores por conta pr\u00f3pria. Essa marca representa 86,8% do total de plataformizados. Na economia como um todo, os conta pr\u00f3pria s\u00e3o 28,9% dos ocupados no setor privado.<\/p>\n<p>Apesar de trabalharem por iniciativa pr\u00f3pria, o IBGE ressalta que \u201ch\u00e1 evid\u00eancias de certo grau de depend\u00eancia da maior parte desses trabalhadores em rela\u00e7\u00e3o \u00e0s plataformas\u201d.<\/p>\n<p>Entre os que trabalham com apps de transporte de passageiros (exceto t\u00e1xis), 80,2% afirmam que o valor a ser recebido por cada tarefa depende totalmente das plataformas digitais.<\/p>\n<p>Entre os entregadores, 78,3% disseram que dependem totalmente. J\u00e1 65,9% responderam que o prazo para realiza\u00e7\u00e3o da tarefa depende dos apps, e 71,3% afirmaram que a forma de recebimento do pagamento \u00e9 decidida pela plataforma.<\/p>\n<p>O analista da pesquisa, Gustavo Geaquinto Fontes, aponta que esses trabalhadores t\u00eam uma situa\u00e7\u00e3o \u201cdiferente de um conta pr\u00f3pria tradicional\u201d.<\/p>\n<blockquote>\n<p>\u201cApesar de essa pessoa n\u00e3o ter um v\u00ednculo formal com a plataforma, ele, na verdade, tem uma depend\u00eancia em v\u00e1rios aspectos em rela\u00e7\u00e3o \u00e0 empresa que controla a plataforma digital\u201d.<\/p>\n<\/blockquote>\n<h2>Uberiza\u00e7\u00e3o<\/h2>\n<p>A divulga\u00e7\u00e3o do IBGE acontece cerca de uma semana depois de o Supremo Tribunal Federal (STF) adiar a retomada do julgamento sobre a chamada \u201cuberiza\u00e7\u00e3o\u201d.<\/p>\n<p>Representante de categorias que trabalham para aplicativos, como motoristas, buscam o reconhecimento de v\u00ednculo empregat\u00edcio com as plataformas digitais para evitar o que consideram precariza\u00e7\u00e3o do trabalho, alega\u00e7\u00e3o que as principais empresas do setor discordam.<\/p>\n<p>Um parecer da Procuradoria-Geral da Rep\u00fablica (PGR) defende que o STF n\u00e3o reconhe\u00e7a o v\u00ednculo.\u00a0<\/p>\n<p>\u00a0<\/p>\n<p>      <!-- Relacionada --><\/p>\n<p>            <!-- Relacionada -->\n    <\/div>\n","protected":false},"excerpt":{"rendered":"<p>Por EBC, Cerca de 2 milh\u00f5es de pessoas trabalharam por meio de aplicativos (apps) no pa\u00eds em 2025. A imensa maioria deles por conta pr\u00f3pria, com jornadas semanais mais longas que os demais ocupados no setor privado e ganhando menos por hora trabalhada. A constata\u00e7\u00e3o faz parte de uma edi\u00e7\u00e3o sobre trabalho por meio de &hellip;<\/p>\n","protected":false},"author":39,"featured_media":0,"comment_status":"open","ping_status":"open","sticky":false,"template":"","format":"standard","meta":{"_jetpack_newsletter_access":"","_jetpack_dont_email_post_to_subs":false,"_jetpack_newsletter_tier_id":0,"_jetpack_memberships_contains_paywalled_content":false,"_jetpack_feature_clip_id":0,"_jetpack_memberships_contains_paid_content":false,"footnotes":"","jetpack_post_was_ever_published":false},"categories":[4],"tags":[],"class_list":["post-466146","post","type-post","status-publish","format-standard","hentry","category-servicos"],"yoast_head":"<!-- This site is optimized with the Yoast SEO plugin v28.4 - https:\/\/yoast.com\/product\/yoast-seo-wordpress\/ -->\n<title>Brasil tem 2 milh\u00f5es de pessoas que trabalham por meio de aplicativos<\/title>\n<meta name=\"robots\" content=\"index, follow, max-snippet:-1, max-image-preview:large, max-video-preview:-1\" \/>\n<link rel=\"canonical\" href=\"https:\/\/agenciabrasil.ebc.com.br\/economia\/noticia\/2026-09\/brasil-tem-2-milhoes-de-pessoas-que-trabalham-por-meio-de-aplicativos\" \/>\n<meta property=\"og:locale\" content=\"pt_BR\" \/>\n<meta property=\"og:type\" content=\"article\" \/>\n<meta property=\"og:title\" content=\"Brasil tem 2 milh\u00f5es de pessoas que trabalham por meio de aplicativos\" \/>\n<meta property=\"og:description\" content=\"Por EBC, Cerca de 2 milh\u00f5es de pessoas trabalharam por meio de aplicativos (apps) no pa\u00eds em 2025. A imensa maioria deles por conta pr\u00f3pria, com jornadas semanais mais longas que os demais ocupados no setor privado e ganhando menos por hora trabalhada. A constata\u00e7\u00e3o faz parte de uma edi\u00e7\u00e3o sobre trabalho por meio de &hellip;\" \/>\n<meta property=\"og:url\" content=\"https:\/\/agenciabrasil.ebc.com.br\/economia\/noticia\/2026-09\/brasil-tem-2-milhoes-de-pessoas-que-trabalham-por-meio-de-aplicativos\" \/>\n<meta property=\"og:site_name\" content=\"MRNews\" \/>\n<meta property=\"article:publisher\" content=\"https:\/\/www.facebook.com\/eaipahpah\/?locale2=pt_BR\" \/>\n<meta property=\"article:published_time\" content=\"2026-09-04T16:00:04+00:00\" \/>\n<meta name=\"author\" content=\"Fernando Corraa\" \/>\n<meta name=\"twitter:card\" content=\"summary_large_image\" \/>\n<meta name=\"twitter:creator\" content=\"@conspirou\" \/>\n<meta name=\"twitter:site\" content=\"@conspirou\" \/>\n<meta name=\"twitter:label1\" content=\"Escrito por\" \/>\n\t<meta name=\"twitter:data1\" content=\"Fernando Corraa\" \/>\n\t<meta name=\"twitter:label2\" content=\"Est. tempo de leitura\" \/>\n\t<meta name=\"twitter:data2\" content=\"5 minutos\" \/>\n<script type=\"application\/ld+json\" class=\"yoast-schema-graph\">{\"@context\":\"https:\\\/\\\/schema.org\",\"@graph\":[{\"@type\":\"Article\",\"@id\":\"https:\\\/\\\/agenciabrasil.ebc.com.br\\\/economia\\\/noticia\\\/2026-09\\\/brasil-tem-2-milhoes-de-pessoas-que-trabalham-por-meio-de-aplicativos#article\",\"isPartOf\":{\"@id\":\"https:\\\/\\\/mrnews.com.br\\\/index.php\\\/2026\\\/09\\\/04\\\/brasil-tem-2-milhoes-de-pessoas-que-trabalham-por-meio-de-aplicativos\\\/\"},\"author\":{\"name\":\"Fernando Corraa\",\"@id\":\"https:\\\/\\\/mrnews.com.br\\\/#\\\/schema\\\/person\\\/2f073f2d87903a2ff9a065e41bbf17d4\"},\"headline\":\"Brasil tem 2 milh\u00f5es de pessoas que trabalham por meio de aplicativos\",\"datePublished\":\"2026-09-04T16:00:04+00:00\",\"mainEntityOfPage\":{\"@id\":\"https:\\\/\\\/mrnews.com.br\\\/index.php\\\/2026\\\/09\\\/04\\\/brasil-tem-2-milhoes-de-pessoas-que-trabalham-por-meio-de-aplicativos\\\/\"},\"wordCount\":1106,\"commentCount\":0,\"publisher\":{\"@id\":\"https:\\\/\\\/mrnews.com.br\\\/#organization\"},\"articleSection\":[\"SERVI\u00c7OS\"],\"inLanguage\":\"pt-BR\",\"potentialAction\":[{\"@type\":\"CommentAction\",\"name\":\"Comment\",\"target\":[\"https:\\\/\\\/agenciabrasil.ebc.com.br\\\/economia\\\/noticia\\\/2026-09\\\/brasil-tem-2-milhoes-de-pessoas-que-trabalham-por-meio-de-aplicativos#respond\"]}]},{\"@type\":\"WebPage\",\"@id\":\"https:\\\/\\\/mrnews.com.br\\\/index.php\\\/2026\\\/09\\\/04\\\/brasil-tem-2-milhoes-de-pessoas-que-trabalham-por-meio-de-aplicativos\\\/\",\"url\":\"https:\\\/\\\/agenciabrasil.ebc.com.br\\\/economia\\\/noticia\\\/2026-09\\\/brasil-tem-2-milhoes-de-pessoas-que-trabalham-por-meio-de-aplicativos\",\"name\":\"Brasil tem 2 milh\u00f5es de pessoas que trabalham por meio de aplicativos\",\"isPartOf\":{\"@id\":\"https:\\\/\\\/mrnews.com.br\\\/#website\"},\"datePublished\":\"2026-09-04T16:00:04+00:00\",\"breadcrumb\":{\"@id\":\"https:\\\/\\\/agenciabrasil.ebc.com.br\\\/economia\\\/noticia\\\/2026-09\\\/brasil-tem-2-milhoes-de-pessoas-que-trabalham-por-meio-de-aplicativos#breadcrumb\"},\"inLanguage\":\"pt-BR\",\"potentialAction\":[{\"@type\":\"ReadAction\",\"target\":[\"https:\\\/\\\/agenciabrasil.ebc.com.br\\\/economia\\\/noticia\\\/2026-09\\\/brasil-tem-2-milhoes-de-pessoas-que-trabalham-por-meio-de-aplicativos\"]}]},{\"@type\":\"BreadcrumbList\",\"@id\":\"https:\\\/\\\/agenciabrasil.ebc.com.br\\\/economia\\\/noticia\\\/2026-09\\\/brasil-tem-2-milhoes-de-pessoas-que-trabalham-por-meio-de-aplicativos#breadcrumb\",\"itemListElement\":[{\"@type\":\"ListItem\",\"position\":1,\"name\":\"In\u00edcio\",\"item\":\"https:\\\/\\\/mrnews.com.br\\\/\"},{\"@type\":\"ListItem\",\"position\":2,\"name\":\"Brasil tem 2 milh\u00f5es de pessoas que trabalham por meio de aplicativos\"}]},{\"@type\":\"WebSite\",\"@id\":\"https:\\\/\\\/mrnews.com.br\\\/#website\",\"url\":\"https:\\\/\\\/mrnews.com.br\\\/\",\"name\":\"MRNews\",\"description\":\"MRNews Jogos de hoje da TV, transmiss\u00f5es ao vivo, Not\u00edcias de futebol, Jogos ao vivo, Lives, resumo de novelas, Programa\u00e7\u00e3o da Globo, A Fazenda e BBB\",\"publisher\":{\"@id\":\"https:\\\/\\\/mrnews.com.br\\\/#organization\"},\"potentialAction\":[{\"@type\":\"SearchAction\",\"target\":{\"@type\":\"EntryPoint\",\"urlTemplate\":\"https:\\\/\\\/mrnews.com.br\\\/?s={search_term_string}\"},\"query-input\":{\"@type\":\"PropertyValueSpecification\",\"valueRequired\":true,\"valueName\":\"search_term_string\"}}],\"inLanguage\":\"pt-BR\"},{\"@type\":\"Organization\",\"@id\":\"https:\\\/\\\/mrnews.com.br\\\/#organization\",\"name\":\"MRNews\",\"url\":\"https:\\\/\\\/mrnews.com.br\\\/\",\"logo\":{\"@type\":\"ImageObject\",\"inLanguage\":\"pt-BR\",\"@id\":\"https:\\\/\\\/mrnews.com.br\\\/#\\\/schema\\\/logo\\\/image\\\/\",\"url\":\"https:\\\/\\\/mrnews.com.br\\\/wp-content\\\/uploads\\\/2026\\\/08\\\/MRNEws.png\",\"contentUrl\":\"https:\\\/\\\/mrnews.com.br\\\/wp-content\\\/uploads\\\/2026\\\/08\\\/MRNEws.png\",\"width\":1254,\"height\":1254,\"caption\":\"MRNews\"},\"image\":{\"@id\":\"https:\\\/\\\/mrnews.com.br\\\/#\\\/schema\\\/logo\\\/image\\\/\"},\"sameAs\":[\"https:\\\/\\\/www.facebook.com\\\/eaipahpah\\\/?locale2=pt_BR\",\"https:\\\/\\\/x.com\\\/conspirou\",\"https:\\\/\\\/www.instagram.com\\\/eai_pahpah\",\"https:\\\/\\\/br.pinterest.com\\\/mrnewsn\\\/boards\\\/\",\"https:\\\/\\\/www.youtube.com\\\/channel\\\/UCacgnpznQ61fifLWr1tQ-vA?view_as=subscriber\"]},{\"@type\":\"Person\",\"@id\":\"https:\\\/\\\/mrnews.com.br\\\/#\\\/schema\\\/person\\\/2f073f2d87903a2ff9a065e41bbf17d4\",\"name\":\"Fernando Corraa\",\"image\":{\"@type\":\"ImageObject\",\"inLanguage\":\"pt-BR\",\"@id\":\"https:\\\/\\\/secure.gravatar.com\\\/avatar\\\/9069acb0e588c9f4346ba747284aef18a5faaab575e89e9ccc64e315003f0b82?s=96&d=monsterid&r=g\",\"url\":\"https:\\\/\\\/secure.gravatar.com\\\/avatar\\\/9069acb0e588c9f4346ba747284aef18a5faaab575e89e9ccc64e315003f0b82?s=96&d=monsterid&r=g\",\"contentUrl\":\"https:\\\/\\\/secure.gravatar.com\\\/avatar\\\/9069acb0e588c9f4346ba747284aef18a5faaab575e89e9ccc64e315003f0b82?s=96&d=monsterid&r=g\",\"caption\":\"Fernando Corraa\"},\"url\":\"https:\\\/\\\/mrnews.com.br\\\/index.php\\\/author\\\/fernando-corraa\\\/\"}]}<\/script>\n<!-- \/ Yoast SEO plugin. -->","yoast_head_json":{"title":"Brasil tem 2 milh\u00f5es de pessoas que trabalham por meio de aplicativos","robots":{"index":"index","follow":"follow","max-snippet":"max-snippet:-1","max-image-preview":"max-image-preview:large","max-video-preview":"max-video-preview:-1"},"canonical":"https:\/\/agenciabrasil.ebc.com.br\/economia\/noticia\/2026-09\/brasil-tem-2-milhoes-de-pessoas-que-trabalham-por-meio-de-aplicativos","og_locale":"pt_BR","og_type":"article","og_title":"Brasil tem 2 milh\u00f5es de pessoas que trabalham por meio de aplicativos","og_description":"Por EBC, Cerca de 2 milh\u00f5es de pessoas trabalharam por meio de aplicativos (apps) no pa\u00eds em 2025. A imensa maioria deles por conta pr\u00f3pria, com jornadas semanais mais longas que os demais ocupados no setor privado e ganhando menos por hora trabalhada. A constata\u00e7\u00e3o faz parte de uma edi\u00e7\u00e3o sobre trabalho por meio de &hellip;","og_url":"https:\/\/agenciabrasil.ebc.com.br\/economia\/noticia\/2026-09\/brasil-tem-2-milhoes-de-pessoas-que-trabalham-por-meio-de-aplicativos","og_site_name":"MRNews","article_publisher":"https:\/\/www.facebook.com\/eaipahpah\/?locale2=pt_BR","article_published_time":"2026-09-04T16:00:04+00:00","author":"Fernando Corraa","twitter_card":"summary_large_image","twitter_creator":"@conspirou","twitter_site":"@conspirou","twitter_misc":{"Escrito por":"Fernando Corraa","Est. tempo de leitura":"5 minutos"},"schema":{"@context":"https:\/\/schema.org","@graph":[{"@type":"Article","@id":"https:\/\/agenciabrasil.ebc.com.br\/economia\/noticia\/2026-09\/brasil-tem-2-milhoes-de-pessoas-que-trabalham-por-meio-de-aplicativos#article","isPartOf":{"@id":"https:\/\/mrnews.com.br\/index.php\/2026\/09\/04\/brasil-tem-2-milhoes-de-pessoas-que-trabalham-por-meio-de-aplicativos\/"},"author":{"name":"Fernando Corraa","@id":"https:\/\/mrnews.com.br\/#\/schema\/person\/2f073f2d87903a2ff9a065e41bbf17d4"},"headline":"Brasil tem 2 milh\u00f5es de pessoas que trabalham por meio de aplicativos","datePublished":"2026-09-04T16:00:04+00:00","mainEntityOfPage":{"@id":"https:\/\/mrnews.com.br\/index.php\/2026\/09\/04\/brasil-tem-2-milhoes-de-pessoas-que-trabalham-por-meio-de-aplicativos\/"},"wordCount":1106,"commentCount":0,"publisher":{"@id":"https:\/\/mrnews.com.br\/#organization"},"articleSection":["SERVI\u00c7OS"],"inLanguage":"pt-BR","potentialAction":[{"@type":"CommentAction","name":"Comment","target":["https:\/\/agenciabrasil.ebc.com.br\/economia\/noticia\/2026-09\/brasil-tem-2-milhoes-de-pessoas-que-trabalham-por-meio-de-aplicativos#respond"]}]},{"@type":"WebPage","@id":"https:\/\/mrnews.com.br\/index.php\/2026\/09\/04\/brasil-tem-2-milhoes-de-pessoas-que-trabalham-por-meio-de-aplicativos\/","url":"https:\/\/agenciabrasil.ebc.com.br\/economia\/noticia\/2026-09\/brasil-tem-2-milhoes-de-pessoas-que-trabalham-por-meio-de-aplicativos","name":"Brasil tem 2 milh\u00f5es de pessoas que trabalham por meio de aplicativos","isPartOf":{"@id":"https:\/\/mrnews.com.br\/#website"},"datePublished":"2026-09-04T16:00:04+00:00","breadcrumb":{"@id":"https:\/\/agenciabrasil.ebc.com.br\/economia\/noticia\/2026-09\/brasil-tem-2-milhoes-de-pessoas-que-trabalham-por-meio-de-aplicativos#breadcrumb"},"inLanguage":"pt-BR","potentialAction":[{"@type":"ReadAction","target":["https:\/\/agenciabrasil.ebc.com.br\/economia\/noticia\/2026-09\/brasil-tem-2-milhoes-de-pessoas-que-trabalham-por-meio-de-aplicativos"]}]},{"@type":"BreadcrumbList","@id":"https:\/\/agenciabrasil.ebc.com.br\/economia\/noticia\/2026-09\/brasil-tem-2-milhoes-de-pessoas-que-trabalham-por-meio-de-aplicativos#breadcrumb","itemListElement":[{"@type":"ListItem","position":1,"name":"In\u00edcio","item":"https:\/\/mrnews.com.br\/"},{"@type":"ListItem","position":2,"name":"Brasil tem 2 milh\u00f5es de pessoas que trabalham por meio de aplicativos"}]},{"@type":"WebSite","@id":"https:\/\/mrnews.com.br\/#website","url":"https:\/\/mrnews.com.br\/","name":"MRNews","description":"MRNews Jogos de hoje da TV, transmiss\u00f5es ao vivo, Not\u00edcias de futebol, Jogos ao vivo, Lives, resumo de novelas, Programa\u00e7\u00e3o da Globo, A Fazenda e BBB","publisher":{"@id":"https:\/\/mrnews.com.br\/#organization"},"potentialAction":[{"@type":"SearchAction","target":{"@type":"EntryPoint","urlTemplate":"https:\/\/mrnews.com.br\/?s={search_term_string}"},"query-input":{"@type":"PropertyValueSpecification","valueRequired":true,"valueName":"search_term_string"}}],"inLanguage":"pt-BR"},{"@type":"Organization","@id":"https:\/\/mrnews.com.br\/#organization","name":"MRNews","url":"https:\/\/mrnews.com.br\/","logo":{"@type":"ImageObject","inLanguage":"pt-BR","@id":"https:\/\/mrnews.com.br\/#\/schema\/logo\/image\/","url":"https:\/\/mrnews.com.br\/wp-content\/uploads\/2026\/08\/MRNEws.png","contentUrl":"https:\/\/mrnews.com.br\/wp-content\/uploads\/2026\/08\/MRNEws.png","width":1254,"height":1254,"caption":"MRNews"},"image":{"@id":"https:\/\/mrnews.com.br\/#\/schema\/logo\/image\/"},"sameAs":["https:\/\/www.facebook.com\/eaipahpah\/?locale2=pt_BR","https:\/\/x.com\/conspirou","https:\/\/www.instagram.com\/eai_pahpah","https:\/\/br.pinterest.com\/mrnewsn\/boards\/","https:\/\/www.youtube.com\/channel\/UCacgnpznQ61fifLWr1tQ-vA?view_as=subscriber"]},{"@type":"Person","@id":"https:\/\/mrnews.com.br\/#\/schema\/person\/2f073f2d87903a2ff9a065e41bbf17d4","name":"Fernando Corraa","image":{"@type":"ImageObject","inLanguage":"pt-BR","@id":"https:\/\/secure.gravatar.com\/avatar\/9069acb0e588c9f4346ba747284aef18a5faaab575e89e9ccc64e315003f0b82?s=96&d=monsterid&r=g","url":"https:\/\/secure.gravatar.com\/avatar\/9069acb0e588c9f4346ba747284aef18a5faaab575e89e9ccc64e315003f0b82?s=96&d=monsterid&r=g","contentUrl":"https:\/\/secure.gravatar.com\/avatar\/9069acb0e588c9f4346ba747284aef18a5faaab575e89e9ccc64e315003f0b82?s=96&d=monsterid&r=g","caption":"Fernando Corraa"},"url":"https:\/\/mrnews.com.br\/index.php\/author\/fernando-corraa\/"}]}},"jetpack_sharing_enabled":true,"jetpack_shortlink":"https:\/\/wp.me\/pa2Qf7-1Xgu","amp_enabled":true,"jetpack_featured_media_url":"","_links":{"self":[{"href":"https:\/\/mrnews.com.br\/index.php\/wp-json\/wp\/v2\/posts\/466146","targetHints":{"allow":["GET"]}}],"collection":[{"href":"https:\/\/mrnews.com.br\/index.php\/wp-json\/wp\/v2\/posts"}],"about":[{"href":"https:\/\/mrnews.com.br\/index.php\/wp-json\/wp\/v2\/types\/post"}],"author":[{"embeddable":true,"href":"https:\/\/mrnews.com.br\/index.php\/wp-json\/wp\/v2\/users\/39"}],"replies":[{"embeddable":true,"href":"https:\/\/mrnews.com.br\/index.php\/wp-json\/wp\/v2\/comments?post=466146"}],"version-history":[{"count":0,"href":"https:\/\/mrnews.com.br\/index.php\/wp-json\/wp\/v2\/posts\/466146\/revisions"}],"wp:attachment":[{"href":"https:\/\/mrnews.com.br\/index.php\/wp-json\/wp\/v2\/media?parent=466146"}],"wp:term":[{"taxonomy":"category","embeddable":true,"href":"https:\/\/mrnews.com.br\/index.php\/wp-json\/wp\/v2\/categories?post=466146"},{"taxonomy":"post_tag","embeddable":true,"href":"https:\/\/mrnews.com.br\/index.php\/wp-json\/wp\/v2\/tags?post=466146"}],"curies":[{"name":"wp","href":"https:\/\/api.w.org\/{rel}","templated":true}]}}