{"id":466148,"date":"2026-09-04T14:24:03","date_gmt":"2026-09-04T17:24:03","guid":{"rendered":"https:\/\/mrnews.com.br\/index.php\/2026\/09\/04\/sindicatos-prometem-pressionar-senado-para-votar-6x1-antes-da-eleicao\/"},"modified":"2026-09-04T14:24:03","modified_gmt":"2026-09-04T17:24:03","slug":"sindicatos-prometem-pressionar-senado-para-votar-6x1-antes-da-eleicao","status":"publish","type":"post","link":"https:\/\/mrnews.com.br\/index.php\/2026\/09\/04\/sindicatos-prometem-pressionar-senado-para-votar-6x1-antes-da-eleicao\/","title":{"rendered":"Sindicatos prometem pressionar Senado para votar 6&#215;1 antes da elei\u00e7\u00e3o"},"content":{"rendered":"<p>Por EBC, <\/p>\n<div>\n<p><strong>As principais centrais sindicais do Brasil articulam pressionar os senadores em cada unidade da federa\u00e7\u00e3o (UF) para antecipar\u00a0a vota\u00e7\u00e3o da proposta de emenda \u00e0 Constitui\u00e7\u00e3o (PEC) que p\u00f5e fim \u00e0\u00a0escala de seis dias de trabalho por um de descanso e reduz a jornada\u00a0para 40 horas semanais. <\/strong><\/p>\n<p><strong>Com in\u00edcio neste fim de semana, o movimento quer que a PEC 221 de 2019 seja votada antes do primeiro turno das elei\u00e7\u00f5es de 2026.<\/strong><\/p>\n<p>O presidente da Central \u00danica dos Trabalhadores (CUT), S\u00e9rgio Nobre, avalia que o presidente do Senado, Davi Alcolumbre (Uni\u00e3o-AP), foi pressionado por empres\u00e1rios e senadores da oposi\u00e7\u00e3o a pautar a PEC para depois da elei\u00e7\u00e3o com o objetivo de possibilitar que os parlamentares \u201ctraiam o povo\u201d.\u00a0<\/p>\n<p>\u201cOs empres\u00e1rios falam que querem que vote depois da elei\u00e7\u00e3o porque sabem que o senador vai trair o povo. Fala que vota a favor do povo e, no dia seguinte, trai a popula\u00e7\u00e3o. \u00c9 isso que n\u00f3s vamos denunciar\u201d, disse \u00e0 <strong>Ag\u00eancia Brasil<\/strong>.<\/p>\n<p><strong>O presidente da CUT acredita que \u00e9 poss\u00edvel antecipar a vota\u00e7\u00e3o da PEC se houver forte press\u00e3o popular.<\/strong><\/p>\n<blockquote>\n<p>\u201cSe os senadores forem cobrados nos estados, eles v\u00e3o querer resolver essa situa\u00e7\u00e3o. Eles v\u00e3o ter que responder isso nas ruas. Vamos colocar o povo para cobrar. Vai pedir voto? Cad\u00ea a 6&#215;1 primeiro?\u201d, respondeu S\u00e9rgio Nobre.<\/p>\n<\/blockquote>\n<h2>Agenda contra a 6&#215;1<\/h2>\n<p>A agenda de a\u00e7\u00f5es a favor da PEC 221 de 2019 foi definida, nesta sexta-feira (4), em reuni\u00e3o do F\u00f3rum das Centrais Sindicais, que re\u00fane as seis principais entidades sindicais do pa\u00eds. A reuni\u00e3o foi convocada ap\u00f3s Alcolumbre anunciar a vota\u00e7\u00e3o da proposta para depois das elei\u00e7\u00f5es.\u00a0<\/p>\n<p><strong>Os dirigentes sindicais decidiram ainda intensificar panfletagens em centros comerciais, onde a escala 6&#215;1 \u00e9 mais comum, refor\u00e7ar a mobiliza\u00e7\u00e3o nas redes sociais e trabalhar para construir novos protestos de rua.<\/strong><\/p>\n<p>As centrais v\u00e3o ainda solicitar uma audi\u00eancia com o senador Alcolumbre para defender a vota\u00e7\u00e3o da PEC antes do 1\u00ba turno e denunciar os parlamentares que est\u00e3o contra a redu\u00e7\u00e3o da jornada de trabalho.<\/p>\n<p>O presidente da For\u00e7a Sindical, Miguel Torres, disse \u00e0 <strong>Ag\u00eancia Brasil<\/strong> que Alcolumbre \u201cvirou as costas\u201d para os trabalhadores.<\/p>\n<p>\u201cPara n\u00f3s, o adiamento da vota\u00e7\u00e3o foi uma surpresa negativa. Mais de 70% da popula\u00e7\u00e3o brasileira \u00e9 a favor da PEC. Vejo esse adiamento com muita preocupa\u00e7\u00e3o porque, se deixar para depois da elei\u00e7\u00e3o, podemos voltar para a estaca zero\u201d, comentou.<\/p>\n<div class=\"dnd-widget-wrapper context-cheio_8colunas type-image\">\n<div class=\"dnd-atom-rendered\"><!-- scald=473302:cheio_8colunas --><\/p>\n<p>    <!-- END scald=473302 --><\/div>\n<p><h6 class=\"meta\"><!--copyright=473302-->CCJ em reuni\u00e3o para analisar a PEC do fim da escala 6&#215;1.\u00a0 &#8211;<strong>Arquivo\/Geraldo Magela\/Ag\u00eancia Senado<\/strong><!--END copyright=473302--><\/h6>\n<\/p>\n<\/div>\n<h2>Sindicatos criticam adiamento<\/h2>\n<p>Inicialmente havia a expectativa da PEC do fim da\u00a0escala 6&#215;1 ir para o plen\u00e1rio logo ap\u00f3s a aprova\u00e7\u00e3o na Comiss\u00e3o de Constitui\u00e7\u00e3o e Justi\u00e7a (CCJ), na \u00faltima quarta-feira (2). A reportagem procurou a assessoria de Alcolumbre para comentar o tema, mas n\u00e3o obteve retorno.\u00a0<\/p>\n<p>O diretor da executiva da Uni\u00e3o Geral dos Trabalhadores (UGT), Paulo de Oliveira, disse que os sindicatos achavam poss\u00edvel ter votado a PEC nesta semana.<\/p>\n<p>\u201cNos parece desleal com os trabalhadores que v\u00e3o votar na elei\u00e7\u00e3o. Como passou o primeiro turno, n\u00e3o h\u00e1 mais preocupa\u00e7\u00e3o com os votos e a\u00ed eles podem atender outros interesses que n\u00e3o os da grande massa da popula\u00e7\u00e3o\u201d, disse \u00e0 <strong>Ag\u00eancia Brasil<\/strong>.<\/p>\n<p>Por sua vez, o presidente da Central dos Sindicatos Brasileiros (CSB), Ricardo Patah, lembrou que a redu\u00e7\u00e3o da jornada de trabalho para 40 horas \u00e9 uma demanda de quase 100 anos.dos trabalhadores.<\/p>\n<blockquote>\n<p>\u201cTivemos uma vit\u00f3ria extraordin\u00e1ria na CCJ, onde apenas quatro senadores foram contr\u00e1rios e todos eles n\u00e3o v\u00e3o disputar elei\u00e7\u00e3o agora. Temos a expectativa de falar com Alcolumbre e resolver isso\u201d, disse.<\/p>\n<\/blockquote>\n<p>As centrais sindicais defendem a PEC argumentando, entre outros motivos, que ela melhora a qualidade de vida e a sa\u00fade mental dos trabalhadores, que ter\u00e3o mais tempo para se dedicar \u00e0s fam\u00edlias ou a outras atividades.<\/p>\n<p>Al\u00e9m disso, argumentam que os custos da redu\u00e7\u00e3o da jornada s\u00e3o pequenos e podem ser absorvidos pelas empresas, assim como ocorreu com a redu\u00e7\u00e3o da jornada de 48 para 44 horas em 1988. \u00a0<\/p>\n<h2>Patr\u00f5es<\/h2>\n<p>As confedera\u00e7\u00f5es patronais, por outro lado, t\u00eam se manifestado contra a PEC do fim da 6&#215;1, alegando que ela aumenta os custos das empresas e pode prejudicar a economia. Estudos t\u00eam divergido sobre os impactos da mudan\u00e7a para infla\u00e7\u00e3o e o Produto Interno Bruto (PIB).\u00a0<\/p>\n<p>A Confedera\u00e7\u00e3o Nacional do Com\u00e9rcio de Bens, Servi\u00e7os e Turismo\u00a0(CNC) pediu para adiar a vota\u00e7\u00e3o da PEC 221 de 2019 para depois das elei\u00e7\u00f5es.<\/p>\n<p>\u201cMudan\u00e7as constitucionais nas rela\u00e7\u00f5es de trabalho exigem an\u00e1lise t\u00e9cnica, di\u00e1logo e previsibilidade. N\u00e3o \u00e9 uma discuss\u00e3o que deva ser conduzida sob a press\u00e3o do calend\u00e1rio eleitoral, mas sim em um ambiente que permita avaliar com responsabilidade seus impactos em empresas, empregos e trabalhadores\u201d, defendeu o presidente do Sistema CNC-Sesc-Senac, Jos\u00e9 Roberto Tadros.\u00a0<\/p>\n<p>      <!-- Relacionada --><\/p>\n<p>            <!-- Relacionada -->\n    <\/div>\n","protected":false},"excerpt":{"rendered":"<p>Por EBC, As principais centrais sindicais do Brasil articulam pressionar os senadores em cada unidade da federa\u00e7\u00e3o (UF) para antecipar\u00a0a vota\u00e7\u00e3o da proposta de emenda \u00e0 Constitui\u00e7\u00e3o (PEC) que p\u00f5e fim \u00e0\u00a0escala de seis dias de trabalho por um de descanso e reduz a jornada\u00a0para 40 horas semanais. Com in\u00edcio neste fim de semana, o &hellip;<\/p>\n","protected":false},"author":39,"featured_media":0,"comment_status":"open","ping_status":"open","sticky":false,"template":"","format":"standard","meta":{"_jetpack_newsletter_access":"","_jetpack_dont_email_post_to_subs":false,"_jetpack_newsletter_tier_id":0,"_jetpack_memberships_contains_paywalled_content":false,"_jetpack_feature_clip_id":0,"_jetpack_memberships_contains_paid_content":false,"footnotes":"","jetpack_post_was_ever_published":false},"categories":[4],"tags":[],"class_list":["post-466148","post","type-post","status-publish","format-standard","hentry","category-servicos"],"yoast_head":"<!-- This site is optimized with the Yoast SEO plugin v28.4 - https:\/\/yoast.com\/product\/yoast-seo-wordpress\/ -->\n<title>Sindicatos prometem pressionar Senado para votar 6x1 antes da elei\u00e7\u00e3o<\/title>\n<meta name=\"robots\" content=\"index, follow, max-snippet:-1, max-image-preview:large, max-video-preview:-1\" \/>\n<link rel=\"canonical\" href=\"https:\/\/agenciabrasil.ebc.com.br\/politica\/noticia\/2026-09\/sindicatos-prometem-pressionar-senado-para-votar-6x1-antes-da-eleicao\" \/>\n<meta property=\"og:locale\" content=\"pt_BR\" \/>\n<meta property=\"og:type\" content=\"article\" \/>\n<meta property=\"og:title\" content=\"Sindicatos prometem pressionar Senado para votar 6x1 antes da elei\u00e7\u00e3o\" \/>\n<meta property=\"og:description\" content=\"Por EBC, As principais centrais sindicais do Brasil articulam pressionar os senadores em cada unidade da federa\u00e7\u00e3o (UF) para antecipar\u00a0a vota\u00e7\u00e3o da proposta de emenda \u00e0 Constitui\u00e7\u00e3o (PEC) que p\u00f5e fim \u00e0\u00a0escala de seis dias de trabalho por um de descanso e reduz a jornada\u00a0para 40 horas semanais. Com in\u00edcio neste fim de semana, o &hellip;\" \/>\n<meta property=\"og:url\" content=\"https:\/\/agenciabrasil.ebc.com.br\/politica\/noticia\/2026-09\/sindicatos-prometem-pressionar-senado-para-votar-6x1-antes-da-eleicao\" \/>\n<meta property=\"og:site_name\" content=\"MRNews\" \/>\n<meta property=\"article:publisher\" content=\"https:\/\/www.facebook.com\/eaipahpah\/?locale2=pt_BR\" \/>\n<meta property=\"article:published_time\" content=\"2026-09-04T17:24:03+00:00\" \/>\n<meta name=\"author\" content=\"Fernando Corraa\" \/>\n<meta name=\"twitter:card\" content=\"summary_large_image\" \/>\n<meta name=\"twitter:creator\" content=\"@conspirou\" \/>\n<meta name=\"twitter:site\" content=\"@conspirou\" \/>\n<meta name=\"twitter:label1\" content=\"Escrito por\" \/>\n\t<meta name=\"twitter:data1\" content=\"Fernando Corraa\" \/>\n\t<meta name=\"twitter:label2\" content=\"Est. tempo de leitura\" \/>\n\t<meta name=\"twitter:data2\" content=\"4 minutos\" \/>\n<script type=\"application\/ld+json\" class=\"yoast-schema-graph\">{\"@context\":\"https:\\\/\\\/schema.org\",\"@graph\":[{\"@type\":\"Article\",\"@id\":\"https:\\\/\\\/agenciabrasil.ebc.com.br\\\/politica\\\/noticia\\\/2026-09\\\/sindicatos-prometem-pressionar-senado-para-votar-6x1-antes-da-eleicao#article\",\"isPartOf\":{\"@id\":\"https:\\\/\\\/mrnews.com.br\\\/index.php\\\/2026\\\/09\\\/04\\\/sindicatos-prometem-pressionar-senado-para-votar-6x1-antes-da-eleicao\\\/\"},\"author\":{\"name\":\"Fernando Corraa\",\"@id\":\"https:\\\/\\\/mrnews.com.br\\\/#\\\/schema\\\/person\\\/2f073f2d87903a2ff9a065e41bbf17d4\"},\"headline\":\"Sindicatos prometem pressionar Senado para votar 6&#215;1 antes da elei\u00e7\u00e3o\",\"datePublished\":\"2026-09-04T17:24:03+00:00\",\"mainEntityOfPage\":{\"@id\":\"https:\\\/\\\/mrnews.com.br\\\/index.php\\\/2026\\\/09\\\/04\\\/sindicatos-prometem-pressionar-senado-para-votar-6x1-antes-da-eleicao\\\/\"},\"wordCount\":865,\"commentCount\":0,\"publisher\":{\"@id\":\"https:\\\/\\\/mrnews.com.br\\\/#organization\"},\"articleSection\":[\"SERVI\u00c7OS\"],\"inLanguage\":\"pt-BR\",\"potentialAction\":[{\"@type\":\"CommentAction\",\"name\":\"Comment\",\"target\":[\"https:\\\/\\\/agenciabrasil.ebc.com.br\\\/politica\\\/noticia\\\/2026-09\\\/sindicatos-prometem-pressionar-senado-para-votar-6x1-antes-da-eleicao#respond\"]}]},{\"@type\":\"WebPage\",\"@id\":\"https:\\\/\\\/mrnews.com.br\\\/index.php\\\/2026\\\/09\\\/04\\\/sindicatos-prometem-pressionar-senado-para-votar-6x1-antes-da-eleicao\\\/\",\"url\":\"https:\\\/\\\/agenciabrasil.ebc.com.br\\\/politica\\\/noticia\\\/2026-09\\\/sindicatos-prometem-pressionar-senado-para-votar-6x1-antes-da-eleicao\",\"name\":\"Sindicatos prometem pressionar Senado para votar 6x1 antes da elei\u00e7\u00e3o\",\"isPartOf\":{\"@id\":\"https:\\\/\\\/mrnews.com.br\\\/#website\"},\"datePublished\":\"2026-09-04T17:24:03+00:00\",\"breadcrumb\":{\"@id\":\"https:\\\/\\\/agenciabrasil.ebc.com.br\\\/politica\\\/noticia\\\/2026-09\\\/sindicatos-prometem-pressionar-senado-para-votar-6x1-antes-da-eleicao#breadcrumb\"},\"inLanguage\":\"pt-BR\",\"potentialAction\":[{\"@type\":\"ReadAction\",\"target\":[\"https:\\\/\\\/agenciabrasil.ebc.com.br\\\/politica\\\/noticia\\\/2026-09\\\/sindicatos-prometem-pressionar-senado-para-votar-6x1-antes-da-eleicao\"]}]},{\"@type\":\"BreadcrumbList\",\"@id\":\"https:\\\/\\\/agenciabrasil.ebc.com.br\\\/politica\\\/noticia\\\/2026-09\\\/sindicatos-prometem-pressionar-senado-para-votar-6x1-antes-da-eleicao#breadcrumb\",\"itemListElement\":[{\"@type\":\"ListItem\",\"position\":1,\"name\":\"In\u00edcio\",\"item\":\"https:\\\/\\\/mrnews.com.br\\\/\"},{\"@type\":\"ListItem\",\"position\":2,\"name\":\"Sindicatos prometem pressionar Senado para votar 6&#215;1 antes da elei\u00e7\u00e3o\"}]},{\"@type\":\"WebSite\",\"@id\":\"https:\\\/\\\/mrnews.com.br\\\/#website\",\"url\":\"https:\\\/\\\/mrnews.com.br\\\/\",\"name\":\"MRNews\",\"description\":\"MRNews Jogos de hoje da TV, transmiss\u00f5es ao vivo, Not\u00edcias de futebol, Jogos ao vivo, Lives, resumo de novelas, Programa\u00e7\u00e3o da Globo, A Fazenda e BBB\",\"publisher\":{\"@id\":\"https:\\\/\\\/mrnews.com.br\\\/#organization\"},\"potentialAction\":[{\"@type\":\"SearchAction\",\"target\":{\"@type\":\"EntryPoint\",\"urlTemplate\":\"https:\\\/\\\/mrnews.com.br\\\/?s={search_term_string}\"},\"query-input\":{\"@type\":\"PropertyValueSpecification\",\"valueRequired\":true,\"valueName\":\"search_term_string\"}}],\"inLanguage\":\"pt-BR\"},{\"@type\":\"Organization\",\"@id\":\"https:\\\/\\\/mrnews.com.br\\\/#organization\",\"name\":\"MRNews\",\"url\":\"https:\\\/\\\/mrnews.com.br\\\/\",\"logo\":{\"@type\":\"ImageObject\",\"inLanguage\":\"pt-BR\",\"@id\":\"https:\\\/\\\/mrnews.com.br\\\/#\\\/schema\\\/logo\\\/image\\\/\",\"url\":\"https:\\\/\\\/mrnews.com.br\\\/wp-content\\\/uploads\\\/2026\\\/08\\\/MRNEws.png\",\"contentUrl\":\"https:\\\/\\\/mrnews.com.br\\\/wp-content\\\/uploads\\\/2026\\\/08\\\/MRNEws.png\",\"width\":1254,\"height\":1254,\"caption\":\"MRNews\"},\"image\":{\"@id\":\"https:\\\/\\\/mrnews.com.br\\\/#\\\/schema\\\/logo\\\/image\\\/\"},\"sameAs\":[\"https:\\\/\\\/www.facebook.com\\\/eaipahpah\\\/?locale2=pt_BR\",\"https:\\\/\\\/x.com\\\/conspirou\",\"https:\\\/\\\/www.instagram.com\\\/eai_pahpah\",\"https:\\\/\\\/br.pinterest.com\\\/mrnewsn\\\/boards\\\/\",\"https:\\\/\\\/www.youtube.com\\\/channel\\\/UCacgnpznQ61fifLWr1tQ-vA?view_as=subscriber\"]},{\"@type\":\"Person\",\"@id\":\"https:\\\/\\\/mrnews.com.br\\\/#\\\/schema\\\/person\\\/2f073f2d87903a2ff9a065e41bbf17d4\",\"name\":\"Fernando Corraa\",\"image\":{\"@type\":\"ImageObject\",\"inLanguage\":\"pt-BR\",\"@id\":\"https:\\\/\\\/secure.gravatar.com\\\/avatar\\\/9069acb0e588c9f4346ba747284aef18a5faaab575e89e9ccc64e315003f0b82?s=96&d=monsterid&r=g\",\"url\":\"https:\\\/\\\/secure.gravatar.com\\\/avatar\\\/9069acb0e588c9f4346ba747284aef18a5faaab575e89e9ccc64e315003f0b82?s=96&d=monsterid&r=g\",\"contentUrl\":\"https:\\\/\\\/secure.gravatar.com\\\/avatar\\\/9069acb0e588c9f4346ba747284aef18a5faaab575e89e9ccc64e315003f0b82?s=96&d=monsterid&r=g\",\"caption\":\"Fernando Corraa\"},\"url\":\"https:\\\/\\\/mrnews.com.br\\\/index.php\\\/author\\\/fernando-corraa\\\/\"}]}<\/script>\n<!-- \/ Yoast SEO plugin. -->","yoast_head_json":{"title":"Sindicatos prometem pressionar Senado para votar 6x1 antes da elei\u00e7\u00e3o","robots":{"index":"index","follow":"follow","max-snippet":"max-snippet:-1","max-image-preview":"max-image-preview:large","max-video-preview":"max-video-preview:-1"},"canonical":"https:\/\/agenciabrasil.ebc.com.br\/politica\/noticia\/2026-09\/sindicatos-prometem-pressionar-senado-para-votar-6x1-antes-da-eleicao","og_locale":"pt_BR","og_type":"article","og_title":"Sindicatos prometem pressionar Senado para votar 6x1 antes da elei\u00e7\u00e3o","og_description":"Por EBC, As principais centrais sindicais do Brasil articulam pressionar os senadores em cada unidade da federa\u00e7\u00e3o (UF) para antecipar\u00a0a vota\u00e7\u00e3o da proposta de emenda \u00e0 Constitui\u00e7\u00e3o (PEC) que p\u00f5e fim \u00e0\u00a0escala de seis dias de trabalho por um de descanso e reduz a jornada\u00a0para 40 horas semanais. Com in\u00edcio neste fim de semana, o &hellip;","og_url":"https:\/\/agenciabrasil.ebc.com.br\/politica\/noticia\/2026-09\/sindicatos-prometem-pressionar-senado-para-votar-6x1-antes-da-eleicao","og_site_name":"MRNews","article_publisher":"https:\/\/www.facebook.com\/eaipahpah\/?locale2=pt_BR","article_published_time":"2026-09-04T17:24:03+00:00","author":"Fernando Corraa","twitter_card":"summary_large_image","twitter_creator":"@conspirou","twitter_site":"@conspirou","twitter_misc":{"Escrito por":"Fernando Corraa","Est. tempo de leitura":"4 minutos"},"schema":{"@context":"https:\/\/schema.org","@graph":[{"@type":"Article","@id":"https:\/\/agenciabrasil.ebc.com.br\/politica\/noticia\/2026-09\/sindicatos-prometem-pressionar-senado-para-votar-6x1-antes-da-eleicao#article","isPartOf":{"@id":"https:\/\/mrnews.com.br\/index.php\/2026\/09\/04\/sindicatos-prometem-pressionar-senado-para-votar-6x1-antes-da-eleicao\/"},"author":{"name":"Fernando Corraa","@id":"https:\/\/mrnews.com.br\/#\/schema\/person\/2f073f2d87903a2ff9a065e41bbf17d4"},"headline":"Sindicatos prometem pressionar Senado para votar 6&#215;1 antes da elei\u00e7\u00e3o","datePublished":"2026-09-04T17:24:03+00:00","mainEntityOfPage":{"@id":"https:\/\/mrnews.com.br\/index.php\/2026\/09\/04\/sindicatos-prometem-pressionar-senado-para-votar-6x1-antes-da-eleicao\/"},"wordCount":865,"commentCount":0,"publisher":{"@id":"https:\/\/mrnews.com.br\/#organization"},"articleSection":["SERVI\u00c7OS"],"inLanguage":"pt-BR","potentialAction":[{"@type":"CommentAction","name":"Comment","target":["https:\/\/agenciabrasil.ebc.com.br\/politica\/noticia\/2026-09\/sindicatos-prometem-pressionar-senado-para-votar-6x1-antes-da-eleicao#respond"]}]},{"@type":"WebPage","@id":"https:\/\/mrnews.com.br\/index.php\/2026\/09\/04\/sindicatos-prometem-pressionar-senado-para-votar-6x1-antes-da-eleicao\/","url":"https:\/\/agenciabrasil.ebc.com.br\/politica\/noticia\/2026-09\/sindicatos-prometem-pressionar-senado-para-votar-6x1-antes-da-eleicao","name":"Sindicatos prometem pressionar Senado para votar 6x1 antes da elei\u00e7\u00e3o","isPartOf":{"@id":"https:\/\/mrnews.com.br\/#website"},"datePublished":"2026-09-04T17:24:03+00:00","breadcrumb":{"@id":"https:\/\/agenciabrasil.ebc.com.br\/politica\/noticia\/2026-09\/sindicatos-prometem-pressionar-senado-para-votar-6x1-antes-da-eleicao#breadcrumb"},"inLanguage":"pt-BR","potentialAction":[{"@type":"ReadAction","target":["https:\/\/agenciabrasil.ebc.com.br\/politica\/noticia\/2026-09\/sindicatos-prometem-pressionar-senado-para-votar-6x1-antes-da-eleicao"]}]},{"@type":"BreadcrumbList","@id":"https:\/\/agenciabrasil.ebc.com.br\/politica\/noticia\/2026-09\/sindicatos-prometem-pressionar-senado-para-votar-6x1-antes-da-eleicao#breadcrumb","itemListElement":[{"@type":"ListItem","position":1,"name":"In\u00edcio","item":"https:\/\/mrnews.com.br\/"},{"@type":"ListItem","position":2,"name":"Sindicatos prometem pressionar Senado para votar 6&#215;1 antes da elei\u00e7\u00e3o"}]},{"@type":"WebSite","@id":"https:\/\/mrnews.com.br\/#website","url":"https:\/\/mrnews.com.br\/","name":"MRNews","description":"MRNews Jogos de hoje da TV, transmiss\u00f5es ao vivo, Not\u00edcias de futebol, Jogos ao vivo, Lives, resumo de novelas, Programa\u00e7\u00e3o da Globo, A Fazenda e BBB","publisher":{"@id":"https:\/\/mrnews.com.br\/#organization"},"potentialAction":[{"@type":"SearchAction","target":{"@type":"EntryPoint","urlTemplate":"https:\/\/mrnews.com.br\/?s={search_term_string}"},"query-input":{"@type":"PropertyValueSpecification","valueRequired":true,"valueName":"search_term_string"}}],"inLanguage":"pt-BR"},{"@type":"Organization","@id":"https:\/\/mrnews.com.br\/#organization","name":"MRNews","url":"https:\/\/mrnews.com.br\/","logo":{"@type":"ImageObject","inLanguage":"pt-BR","@id":"https:\/\/mrnews.com.br\/#\/schema\/logo\/image\/","url":"https:\/\/mrnews.com.br\/wp-content\/uploads\/2026\/08\/MRNEws.png","contentUrl":"https:\/\/mrnews.com.br\/wp-content\/uploads\/2026\/08\/MRNEws.png","width":1254,"height":1254,"caption":"MRNews"},"image":{"@id":"https:\/\/mrnews.com.br\/#\/schema\/logo\/image\/"},"sameAs":["https:\/\/www.facebook.com\/eaipahpah\/?locale2=pt_BR","https:\/\/x.com\/conspirou","https:\/\/www.instagram.com\/eai_pahpah","https:\/\/br.pinterest.com\/mrnewsn\/boards\/","https:\/\/www.youtube.com\/channel\/UCacgnpznQ61fifLWr1tQ-vA?view_as=subscriber"]},{"@type":"Person","@id":"https:\/\/mrnews.com.br\/#\/schema\/person\/2f073f2d87903a2ff9a065e41bbf17d4","name":"Fernando Corraa","image":{"@type":"ImageObject","inLanguage":"pt-BR","@id":"https:\/\/secure.gravatar.com\/avatar\/9069acb0e588c9f4346ba747284aef18a5faaab575e89e9ccc64e315003f0b82?s=96&d=monsterid&r=g","url":"https:\/\/secure.gravatar.com\/avatar\/9069acb0e588c9f4346ba747284aef18a5faaab575e89e9ccc64e315003f0b82?s=96&d=monsterid&r=g","contentUrl":"https:\/\/secure.gravatar.com\/avatar\/9069acb0e588c9f4346ba747284aef18a5faaab575e89e9ccc64e315003f0b82?s=96&d=monsterid&r=g","caption":"Fernando Corraa"},"url":"https:\/\/mrnews.com.br\/index.php\/author\/fernando-corraa\/"}]}},"jetpack_sharing_enabled":true,"jetpack_shortlink":"https:\/\/wp.me\/pa2Qf7-1Xgw","amp_enabled":true,"jetpack_featured_media_url":"","_links":{"self":[{"href":"https:\/\/mrnews.com.br\/index.php\/wp-json\/wp\/v2\/posts\/466148","targetHints":{"allow":["GET"]}}],"collection":[{"href":"https:\/\/mrnews.com.br\/index.php\/wp-json\/wp\/v2\/posts"}],"about":[{"href":"https:\/\/mrnews.com.br\/index.php\/wp-json\/wp\/v2\/types\/post"}],"author":[{"embeddable":true,"href":"https:\/\/mrnews.com.br\/index.php\/wp-json\/wp\/v2\/users\/39"}],"replies":[{"embeddable":true,"href":"https:\/\/mrnews.com.br\/index.php\/wp-json\/wp\/v2\/comments?post=466148"}],"version-history":[{"count":0,"href":"https:\/\/mrnews.com.br\/index.php\/wp-json\/wp\/v2\/posts\/466148\/revisions"}],"wp:attachment":[{"href":"https:\/\/mrnews.com.br\/index.php\/wp-json\/wp\/v2\/media?parent=466148"}],"wp:term":[{"taxonomy":"category","embeddable":true,"href":"https:\/\/mrnews.com.br\/index.php\/wp-json\/wp\/v2\/categories?post=466148"},{"taxonomy":"post_tag","embeddable":true,"href":"https:\/\/mrnews.com.br\/index.php\/wp-json\/wp\/v2\/tags?post=466148"}],"curies":[{"name":"wp","href":"https:\/\/api.w.org\/{rel}","templated":true}]}}