{"id":466151,"date":"2026-09-04T15:06:25","date_gmt":"2026-09-04T18:06:25","guid":{"rendered":"https:\/\/mrnews.com.br\/index.php\/2026\/09\/04\/pf-afirma-que-castro-recebeu-adega-mansao-e-caviar-para-ajudar-refit\/"},"modified":"2026-09-04T15:06:25","modified_gmt":"2026-09-04T18:06:25","slug":"pf-afirma-que-castro-recebeu-adega-mansao-e-caviar-para-ajudar-refit","status":"publish","type":"post","link":"https:\/\/mrnews.com.br\/index.php\/2026\/09\/04\/pf-afirma-que-castro-recebeu-adega-mansao-e-caviar-para-ajudar-refit\/","title":{"rendered":"PF afirma que Castro recebeu adega, mans\u00e3o e caviar para ajudar Refit"},"content":{"rendered":"<p>Por EBC, <\/p>\n<div>\n<p>A Pol\u00edcia Federal (PF) apontou em relat\u00f3rio que o ex-governador do Rio de Janeiro Cl\u00e1udio Castro obteve diversas vantagens indevidas em troca da atua\u00e7\u00e3o de \u00f3rg\u00e3os estaduais em favor da refinaria Refit, a antiga Refinaria de Manguinhos. O ex-chefe do Executivo fluminense\u00a0nega as acusa\u00e7\u00f5es.<\/p>\n<p>As informa\u00e7\u00f5es constam em relat\u00f3rio da segunda fase da Opera\u00e7\u00e3o Sem Refino, cujo sigilo foi levantado na quinta-feira (3) pelo ministro Alexandre de Moraes, do Supremo Tribunal Federal (STF).\u00a0<\/p>\n<p><strong>Segundo o relat\u00f3rio, entre as vantagens indevidamente\u00a0recebidas est\u00e3o: <\/strong><\/p>\n<ul>\n<li>R$ 10,5 mil em caviar;<\/li>\n<li>pagamento do aluguel da resid\u00eancia de Castro na Barra da Tijuca, bairro da capital fluminense;<\/li>\n<li>usufruto de uma mans\u00e3o em Petr\u00f3polis, na regi\u00e3o serrana do Rio, onde teria sido constru\u00edda, sob encomenda do ex-governador, uma adega avaliada em R$ 245 mil.\u00a0<\/li>\n<\/ul>\n<p>O documento serviu como base para Moraes deferir\u00a016 mandados de busca e apreens\u00e3o pedidos pela PF para aprofundar as investiga\u00e7\u00f5es.<\/p>\n<p>A Opera\u00e7\u00e3o Sem Refino 2 foi deflagrada em 14 de agosto, com o objetivo de apurar fraudes na concess\u00e3o de licen\u00e7as ambientais para a refinaria.\u00a0<\/p>\n<p>De acordo com a PF, <strong>as licen\u00e7as teriam sido concedidas \u201c\u00e0 revelia das diretrizes dos \u00f3rg\u00e3os t\u00e9cnicos competentes, al\u00e9m de lavagem de capitais ligada ao esquema criminos\u201d<\/strong>.<\/p>\n<p>As investiga\u00e7\u00f5es buscam esclarecer \u201ca atua\u00e7\u00e3o de grupos criminosos organizados em atividade no estado e suas conex\u00f5es com agentes p\u00fablicos\u201d, acrescentou a corpora\u00e7\u00e3o, em nota.\u00a0<\/p>\n<h2>Despesas pessoais\u00a0<\/h2>\n<p>Segundo o relat\u00f3rio da PF, <strong>o esquema criminoso inclu\u00eda a lavagem de dinheiro e oculta\u00e7\u00e3o de patrim\u00f4nio, com o registro de bens de luxo em nome de \u201claranjas\u201d, como forma de beneficiar e pagar despesas pessoais de Castro<\/strong>.\u00a0<\/p>\n<p>Em troca, o ex-governador teria favorecido os interesses do empres\u00e1rio Ricardo Magro, apontado como l\u00edder da organiza\u00e7\u00e3o criminosa respons\u00e1vel por corromper agentes do Estado.\u00a0<\/p>\n<p>A investiga\u00e7\u00e3o apresenta mensagens extra\u00eddas de diversos celulares apreendidos, segundo as quais Castro mantinha contato direto com os respons\u00e1veis por licen\u00e7as ambientais para agilizar a libera\u00e7\u00e3o de empreendimentos e desfavorecer concorrentes de Magro.\u00a0<\/p>\n<p>Moraes j\u00e1 determinou a pris\u00e3o preventiva de Magro, mas o empres\u00e1rio se encontra\u00a0foragido e foi\u00a0inclu\u00eddo na lista de difus\u00e3o vermelha da Interpol.\u00a0<\/p>\n<h2>Vantagens\u00a0<\/h2>\n<p>O relat\u00f3rio policial indica, por exemplo, que Castro encomendou pessoalmente uma degusta\u00e7\u00e3o de caviares de diferentes gramaturas quando estava hospedado no Hotel Emiliano, de cinco estrelas, em S\u00e3o Paulo.\u00a0<\/p>\n<p>O pre\u00e7o da degusta\u00e7\u00e3o foi\u00a0R$ 10,5 mil, mas o valor n\u00e3o foi pago por ele, e, sim, pela empresa AC Santos Participa\u00e7\u00f5es e Empreendimentos, de propriedade do advogado Antonio Carlos da Concei\u00e7\u00e3o Santos.<\/p>\n<p>Apelidado como \u201cPipo\u201d, o advogado \u00e9 tido pelos investigadores como principal articulador da lavagem e oculta\u00e7\u00e3o de patrim\u00f4nio do grupo ligado \u00e0 Refit.\u00a0<\/p>\n<p>Ainda de acordo com a PF, Castro agia como dono de uma casa em Petr\u00f3polis registrada em nome da empresa Concrecasa Constru\u00e7\u00f5es Inteligentes Ltda. O ex-governador seria o respons\u00e1vel por determinar a rotina dos empregados e teria encomendado ainda a constru\u00e7\u00e3o de uma adega personalizada.\u00a0<\/p>\n<p>O usufruto da mans\u00e3o seria uma forma de compensa\u00e7\u00e3o em troca do favorecimento da empresa Enge Prat Engenharia, do empres\u00e1rio Luiz Fernando Gomes, que assinou R$ 355 milh\u00f5es em contratos com o governo fluminense, segundo a PF.\u00a0<\/p>\n<p>Os investigadores apontam ainda como ind\u00edcio de vantagem irregular o fato de Castro pagar apenas R$ 10 mil pelo aluguel da cobertura em que reside, na Barra da Tijuca, valor abaixo do praticado pelo mercado na regi\u00e3o,\u00a0em torno de R$ 25 mil.\u00a0<\/p>\n<p>A PF aponta que o im\u00f3vel foi adquirido pela empresa J3 Real Estate Participa\u00e7\u00f5es Ltda., por R$ 3,4 milh\u00f5es, 50 dias ap\u00f3s a pessoa jur\u00eddica ter sido criada, sendo o apartamento seu \u00fanico im\u00f3vel registrado.<\/p>\n<h2>Defesa\u00a0<\/h2>\n<p>Em nota, a defesa de Cl\u00e1udio Castro negou \u201cqualquer participa\u00e7\u00e3o em esquema de lavagem de dinheiro, recebimento de vantagem indevida ou favorecimento a terceiros\u201d.<\/p>\n<p>Em rela\u00e7\u00e3o aos im\u00f3veis citados na investiga\u00e7\u00e3o, a defesa alega que \u201co im\u00f3vel onde reside [o ex-governador] tem contrato regular de loca\u00e7\u00e3o, com pagamentos comprov\u00e1veis. O im\u00f3vel utilizado em Petr\u00f3polis tamb\u00e9m era alugado e o contrato j\u00e1 foi encerrado\u201d.\u00a0<\/p>\n<p>Sobre o caviar, a nota da defesa diz que \u201co epis\u00f3dio ocorreu mais de 30 dias ap\u00f3s Cl\u00e1udio Castro deixar o Governo do Estado. A encomenda havia sido feita por um amigo, e ele apenas retirou os produtos em S\u00e3o Paulo para entreg\u00e1-los, tendo consumido um deles com autoriza\u00e7\u00e3o do comprador\u201d.\u00a0<\/p>\n<p><strong>Nota da defesa na \u00edntegra:\u00a0<\/strong><\/p>\n<p><em>\u201cN\u00e3o h\u00e1 qualquer liga\u00e7\u00e3o entre os epis\u00f3dios envolvendo a compra e os im\u00f3veis com a Refit. S\u00e3o situa\u00e7\u00f5es distintas, sem rela\u00e7\u00e3o com a empresa ou com eventual favorecimento.<\/em><\/p>\n<p><em>Os contatos com representantes da Refit foram institucionais e n\u00e3o resultaram em qualquer benef\u00edcio. Durante sua gest\u00e3o, o Estado adotou medidas para cobrar valores devidos pela empresa.<\/em><\/p>\n<p><em>Tamb\u00e9m n\u00e3o \u00e9 verdade que uma viagem do ent\u00e3o governador a Nova York tenha sido custeada pela Refit. A viagem foi oficial, paga pelo Governo do Estado, com registros dispon\u00edveis no Portal da Transpar\u00eancia.<\/em><\/p>\n<p><em>A defesa j\u00e1 requereu ao ministro Alexandre de Moraes que Cl\u00e1udio Castro seja ouvido pela Pol\u00edcia Federal para esclarecer todos os pontos da investiga\u00e7\u00e3o e apresentar a documenta\u00e7\u00e3o comprobat\u00f3ria. O pedido aguarda decis\u00e3o.<\/em><\/p>\n<p><em>Cl\u00e1udio Castro reafirma que n\u00e3o praticou qualquer ato il\u00edcito&#8221;.<\/em><\/p>\n<p>      <!-- Relacionada --><\/p>\n<p>            <!-- Relacionada -->\n    <\/div>\n","protected":false},"excerpt":{"rendered":"<p>Por EBC, A Pol\u00edcia Federal (PF) apontou em relat\u00f3rio que o ex-governador do Rio de Janeiro Cl\u00e1udio Castro obteve diversas vantagens indevidas em troca da atua\u00e7\u00e3o de \u00f3rg\u00e3os estaduais em favor da refinaria Refit, a antiga Refinaria de Manguinhos. O ex-chefe do Executivo fluminense\u00a0nega as acusa\u00e7\u00f5es. As informa\u00e7\u00f5es constam em relat\u00f3rio da segunda fase da &hellip;<\/p>\n","protected":false},"author":39,"featured_media":0,"comment_status":"open","ping_status":"open","sticky":false,"template":"","format":"standard","meta":{"_jetpack_newsletter_access":"","_jetpack_dont_email_post_to_subs":false,"_jetpack_newsletter_tier_id":0,"_jetpack_memberships_contains_paywalled_content":false,"_jetpack_feature_clip_id":0,"_jetpack_memberships_contains_paid_content":false,"footnotes":"","jetpack_post_was_ever_published":false},"categories":[4],"tags":[],"class_list":["post-466151","post","type-post","status-publish","format-standard","hentry","category-servicos"],"yoast_head":"<!-- This site is optimized with the Yoast SEO plugin v28.4 - https:\/\/yoast.com\/product\/yoast-seo-wordpress\/ -->\n<title>PF afirma que Castro recebeu adega, mans\u00e3o e caviar para ajudar Refit<\/title>\n<meta name=\"robots\" content=\"index, follow, max-snippet:-1, max-image-preview:large, max-video-preview:-1\" \/>\n<link rel=\"canonical\" href=\"https:\/\/agenciabrasil.ebc.com.br\/justica\/noticia\/2026-09\/pf-afirma-que-castro-recebeu-adega-mansao-e-caviar-para-ajudar-refit\" \/>\n<meta property=\"og:locale\" content=\"pt_BR\" \/>\n<meta property=\"og:type\" content=\"article\" \/>\n<meta property=\"og:title\" content=\"PF afirma que Castro recebeu adega, mans\u00e3o e caviar para ajudar Refit\" \/>\n<meta property=\"og:description\" content=\"Por EBC, A Pol\u00edcia Federal (PF) apontou em relat\u00f3rio que o ex-governador do Rio de Janeiro Cl\u00e1udio Castro obteve diversas vantagens indevidas em troca da atua\u00e7\u00e3o de \u00f3rg\u00e3os estaduais em favor da refinaria Refit, a antiga Refinaria de Manguinhos. O ex-chefe do Executivo fluminense\u00a0nega as acusa\u00e7\u00f5es. As informa\u00e7\u00f5es constam em relat\u00f3rio da segunda fase da &hellip;\" \/>\n<meta property=\"og:url\" content=\"https:\/\/agenciabrasil.ebc.com.br\/justica\/noticia\/2026-09\/pf-afirma-que-castro-recebeu-adega-mansao-e-caviar-para-ajudar-refit\" \/>\n<meta property=\"og:site_name\" content=\"MRNews\" \/>\n<meta property=\"article:publisher\" content=\"https:\/\/www.facebook.com\/eaipahpah\/?locale2=pt_BR\" \/>\n<meta property=\"article:published_time\" content=\"2026-09-04T18:06:25+00:00\" \/>\n<meta name=\"author\" content=\"Fernando Corraa\" \/>\n<meta name=\"twitter:card\" content=\"summary_large_image\" \/>\n<meta name=\"twitter:creator\" content=\"@conspirou\" \/>\n<meta name=\"twitter:site\" content=\"@conspirou\" \/>\n<meta name=\"twitter:label1\" content=\"Escrito por\" \/>\n\t<meta name=\"twitter:data1\" content=\"Fernando Corraa\" \/>\n\t<meta name=\"twitter:label2\" content=\"Est. tempo de leitura\" \/>\n\t<meta name=\"twitter:data2\" content=\"5 minutos\" \/>\n<script type=\"application\/ld+json\" class=\"yoast-schema-graph\">{\"@context\":\"https:\\\/\\\/schema.org\",\"@graph\":[{\"@type\":\"Article\",\"@id\":\"https:\\\/\\\/agenciabrasil.ebc.com.br\\\/justica\\\/noticia\\\/2026-09\\\/pf-afirma-que-castro-recebeu-adega-mansao-e-caviar-para-ajudar-refit#article\",\"isPartOf\":{\"@id\":\"https:\\\/\\\/mrnews.com.br\\\/index.php\\\/2026\\\/09\\\/04\\\/pf-afirma-que-castro-recebeu-adega-mansao-e-caviar-para-ajudar-refit\\\/\"},\"author\":{\"name\":\"Fernando Corraa\",\"@id\":\"https:\\\/\\\/mrnews.com.br\\\/#\\\/schema\\\/person\\\/2f073f2d87903a2ff9a065e41bbf17d4\"},\"headline\":\"PF afirma que Castro recebeu adega, mans\u00e3o e caviar para ajudar Refit\",\"datePublished\":\"2026-09-04T18:06:25+00:00\",\"mainEntityOfPage\":{\"@id\":\"https:\\\/\\\/mrnews.com.br\\\/index.php\\\/2026\\\/09\\\/04\\\/pf-afirma-que-castro-recebeu-adega-mansao-e-caviar-para-ajudar-refit\\\/\"},\"wordCount\":958,\"commentCount\":0,\"publisher\":{\"@id\":\"https:\\\/\\\/mrnews.com.br\\\/#organization\"},\"articleSection\":[\"SERVI\u00c7OS\"],\"inLanguage\":\"pt-BR\",\"potentialAction\":[{\"@type\":\"CommentAction\",\"name\":\"Comment\",\"target\":[\"https:\\\/\\\/agenciabrasil.ebc.com.br\\\/justica\\\/noticia\\\/2026-09\\\/pf-afirma-que-castro-recebeu-adega-mansao-e-caviar-para-ajudar-refit#respond\"]}]},{\"@type\":\"WebPage\",\"@id\":\"https:\\\/\\\/mrnews.com.br\\\/index.php\\\/2026\\\/09\\\/04\\\/pf-afirma-que-castro-recebeu-adega-mansao-e-caviar-para-ajudar-refit\\\/\",\"url\":\"https:\\\/\\\/agenciabrasil.ebc.com.br\\\/justica\\\/noticia\\\/2026-09\\\/pf-afirma-que-castro-recebeu-adega-mansao-e-caviar-para-ajudar-refit\",\"name\":\"PF afirma que Castro recebeu adega, mans\u00e3o e caviar para ajudar Refit\",\"isPartOf\":{\"@id\":\"https:\\\/\\\/mrnews.com.br\\\/#website\"},\"datePublished\":\"2026-09-04T18:06:25+00:00\",\"breadcrumb\":{\"@id\":\"https:\\\/\\\/agenciabrasil.ebc.com.br\\\/justica\\\/noticia\\\/2026-09\\\/pf-afirma-que-castro-recebeu-adega-mansao-e-caviar-para-ajudar-refit#breadcrumb\"},\"inLanguage\":\"pt-BR\",\"potentialAction\":[{\"@type\":\"ReadAction\",\"target\":[\"https:\\\/\\\/agenciabrasil.ebc.com.br\\\/justica\\\/noticia\\\/2026-09\\\/pf-afirma-que-castro-recebeu-adega-mansao-e-caviar-para-ajudar-refit\"]}]},{\"@type\":\"BreadcrumbList\",\"@id\":\"https:\\\/\\\/agenciabrasil.ebc.com.br\\\/justica\\\/noticia\\\/2026-09\\\/pf-afirma-que-castro-recebeu-adega-mansao-e-caviar-para-ajudar-refit#breadcrumb\",\"itemListElement\":[{\"@type\":\"ListItem\",\"position\":1,\"name\":\"In\u00edcio\",\"item\":\"https:\\\/\\\/mrnews.com.br\\\/\"},{\"@type\":\"ListItem\",\"position\":2,\"name\":\"PF afirma que Castro recebeu adega, mans\u00e3o e caviar para ajudar Refit\"}]},{\"@type\":\"WebSite\",\"@id\":\"https:\\\/\\\/mrnews.com.br\\\/#website\",\"url\":\"https:\\\/\\\/mrnews.com.br\\\/\",\"name\":\"MRNews\",\"description\":\"MRNews Jogos de hoje da TV, transmiss\u00f5es ao vivo, Not\u00edcias de futebol, Jogos ao vivo, Lives, resumo de novelas, Programa\u00e7\u00e3o da Globo, A Fazenda e BBB\",\"publisher\":{\"@id\":\"https:\\\/\\\/mrnews.com.br\\\/#organization\"},\"potentialAction\":[{\"@type\":\"SearchAction\",\"target\":{\"@type\":\"EntryPoint\",\"urlTemplate\":\"https:\\\/\\\/mrnews.com.br\\\/?s={search_term_string}\"},\"query-input\":{\"@type\":\"PropertyValueSpecification\",\"valueRequired\":true,\"valueName\":\"search_term_string\"}}],\"inLanguage\":\"pt-BR\"},{\"@type\":\"Organization\",\"@id\":\"https:\\\/\\\/mrnews.com.br\\\/#organization\",\"name\":\"MRNews\",\"url\":\"https:\\\/\\\/mrnews.com.br\\\/\",\"logo\":{\"@type\":\"ImageObject\",\"inLanguage\":\"pt-BR\",\"@id\":\"https:\\\/\\\/mrnews.com.br\\\/#\\\/schema\\\/logo\\\/image\\\/\",\"url\":\"https:\\\/\\\/mrnews.com.br\\\/wp-content\\\/uploads\\\/2026\\\/08\\\/MRNEws.png\",\"contentUrl\":\"https:\\\/\\\/mrnews.com.br\\\/wp-content\\\/uploads\\\/2026\\\/08\\\/MRNEws.png\",\"width\":1254,\"height\":1254,\"caption\":\"MRNews\"},\"image\":{\"@id\":\"https:\\\/\\\/mrnews.com.br\\\/#\\\/schema\\\/logo\\\/image\\\/\"},\"sameAs\":[\"https:\\\/\\\/www.facebook.com\\\/eaipahpah\\\/?locale2=pt_BR\",\"https:\\\/\\\/x.com\\\/conspirou\",\"https:\\\/\\\/www.instagram.com\\\/eai_pahpah\",\"https:\\\/\\\/br.pinterest.com\\\/mrnewsn\\\/boards\\\/\",\"https:\\\/\\\/www.youtube.com\\\/channel\\\/UCacgnpznQ61fifLWr1tQ-vA?view_as=subscriber\"]},{\"@type\":\"Person\",\"@id\":\"https:\\\/\\\/mrnews.com.br\\\/#\\\/schema\\\/person\\\/2f073f2d87903a2ff9a065e41bbf17d4\",\"name\":\"Fernando Corraa\",\"image\":{\"@type\":\"ImageObject\",\"inLanguage\":\"pt-BR\",\"@id\":\"https:\\\/\\\/secure.gravatar.com\\\/avatar\\\/9069acb0e588c9f4346ba747284aef18a5faaab575e89e9ccc64e315003f0b82?s=96&d=monsterid&r=g\",\"url\":\"https:\\\/\\\/secure.gravatar.com\\\/avatar\\\/9069acb0e588c9f4346ba747284aef18a5faaab575e89e9ccc64e315003f0b82?s=96&d=monsterid&r=g\",\"contentUrl\":\"https:\\\/\\\/secure.gravatar.com\\\/avatar\\\/9069acb0e588c9f4346ba747284aef18a5faaab575e89e9ccc64e315003f0b82?s=96&d=monsterid&r=g\",\"caption\":\"Fernando Corraa\"},\"url\":\"https:\\\/\\\/mrnews.com.br\\\/index.php\\\/author\\\/fernando-corraa\\\/\"}]}<\/script>\n<!-- \/ Yoast SEO plugin. -->","yoast_head_json":{"title":"PF afirma que Castro recebeu adega, mans\u00e3o e caviar para ajudar Refit","robots":{"index":"index","follow":"follow","max-snippet":"max-snippet:-1","max-image-preview":"max-image-preview:large","max-video-preview":"max-video-preview:-1"},"canonical":"https:\/\/agenciabrasil.ebc.com.br\/justica\/noticia\/2026-09\/pf-afirma-que-castro-recebeu-adega-mansao-e-caviar-para-ajudar-refit","og_locale":"pt_BR","og_type":"article","og_title":"PF afirma que Castro recebeu adega, mans\u00e3o e caviar para ajudar Refit","og_description":"Por EBC, A Pol\u00edcia Federal (PF) apontou em relat\u00f3rio que o ex-governador do Rio de Janeiro Cl\u00e1udio Castro obteve diversas vantagens indevidas em troca da atua\u00e7\u00e3o de \u00f3rg\u00e3os estaduais em favor da refinaria Refit, a antiga Refinaria de Manguinhos. O ex-chefe do Executivo fluminense\u00a0nega as acusa\u00e7\u00f5es. As informa\u00e7\u00f5es constam em relat\u00f3rio da segunda fase da &hellip;","og_url":"https:\/\/agenciabrasil.ebc.com.br\/justica\/noticia\/2026-09\/pf-afirma-que-castro-recebeu-adega-mansao-e-caviar-para-ajudar-refit","og_site_name":"MRNews","article_publisher":"https:\/\/www.facebook.com\/eaipahpah\/?locale2=pt_BR","article_published_time":"2026-09-04T18:06:25+00:00","author":"Fernando Corraa","twitter_card":"summary_large_image","twitter_creator":"@conspirou","twitter_site":"@conspirou","twitter_misc":{"Escrito por":"Fernando Corraa","Est. tempo de leitura":"5 minutos"},"schema":{"@context":"https:\/\/schema.org","@graph":[{"@type":"Article","@id":"https:\/\/agenciabrasil.ebc.com.br\/justica\/noticia\/2026-09\/pf-afirma-que-castro-recebeu-adega-mansao-e-caviar-para-ajudar-refit#article","isPartOf":{"@id":"https:\/\/mrnews.com.br\/index.php\/2026\/09\/04\/pf-afirma-que-castro-recebeu-adega-mansao-e-caviar-para-ajudar-refit\/"},"author":{"name":"Fernando Corraa","@id":"https:\/\/mrnews.com.br\/#\/schema\/person\/2f073f2d87903a2ff9a065e41bbf17d4"},"headline":"PF afirma que Castro recebeu adega, mans\u00e3o e caviar para ajudar Refit","datePublished":"2026-09-04T18:06:25+00:00","mainEntityOfPage":{"@id":"https:\/\/mrnews.com.br\/index.php\/2026\/09\/04\/pf-afirma-que-castro-recebeu-adega-mansao-e-caviar-para-ajudar-refit\/"},"wordCount":958,"commentCount":0,"publisher":{"@id":"https:\/\/mrnews.com.br\/#organization"},"articleSection":["SERVI\u00c7OS"],"inLanguage":"pt-BR","potentialAction":[{"@type":"CommentAction","name":"Comment","target":["https:\/\/agenciabrasil.ebc.com.br\/justica\/noticia\/2026-09\/pf-afirma-que-castro-recebeu-adega-mansao-e-caviar-para-ajudar-refit#respond"]}]},{"@type":"WebPage","@id":"https:\/\/mrnews.com.br\/index.php\/2026\/09\/04\/pf-afirma-que-castro-recebeu-adega-mansao-e-caviar-para-ajudar-refit\/","url":"https:\/\/agenciabrasil.ebc.com.br\/justica\/noticia\/2026-09\/pf-afirma-que-castro-recebeu-adega-mansao-e-caviar-para-ajudar-refit","name":"PF afirma que Castro recebeu adega, mans\u00e3o e caviar para ajudar Refit","isPartOf":{"@id":"https:\/\/mrnews.com.br\/#website"},"datePublished":"2026-09-04T18:06:25+00:00","breadcrumb":{"@id":"https:\/\/agenciabrasil.ebc.com.br\/justica\/noticia\/2026-09\/pf-afirma-que-castro-recebeu-adega-mansao-e-caviar-para-ajudar-refit#breadcrumb"},"inLanguage":"pt-BR","potentialAction":[{"@type":"ReadAction","target":["https:\/\/agenciabrasil.ebc.com.br\/justica\/noticia\/2026-09\/pf-afirma-que-castro-recebeu-adega-mansao-e-caviar-para-ajudar-refit"]}]},{"@type":"BreadcrumbList","@id":"https:\/\/agenciabrasil.ebc.com.br\/justica\/noticia\/2026-09\/pf-afirma-que-castro-recebeu-adega-mansao-e-caviar-para-ajudar-refit#breadcrumb","itemListElement":[{"@type":"ListItem","position":1,"name":"In\u00edcio","item":"https:\/\/mrnews.com.br\/"},{"@type":"ListItem","position":2,"name":"PF afirma que Castro recebeu adega, mans\u00e3o e caviar para ajudar Refit"}]},{"@type":"WebSite","@id":"https:\/\/mrnews.com.br\/#website","url":"https:\/\/mrnews.com.br\/","name":"MRNews","description":"MRNews Jogos de hoje da TV, transmiss\u00f5es ao vivo, Not\u00edcias de futebol, Jogos ao vivo, Lives, resumo de novelas, Programa\u00e7\u00e3o da Globo, A Fazenda e BBB","publisher":{"@id":"https:\/\/mrnews.com.br\/#organization"},"potentialAction":[{"@type":"SearchAction","target":{"@type":"EntryPoint","urlTemplate":"https:\/\/mrnews.com.br\/?s={search_term_string}"},"query-input":{"@type":"PropertyValueSpecification","valueRequired":true,"valueName":"search_term_string"}}],"inLanguage":"pt-BR"},{"@type":"Organization","@id":"https:\/\/mrnews.com.br\/#organization","name":"MRNews","url":"https:\/\/mrnews.com.br\/","logo":{"@type":"ImageObject","inLanguage":"pt-BR","@id":"https:\/\/mrnews.com.br\/#\/schema\/logo\/image\/","url":"https:\/\/mrnews.com.br\/wp-content\/uploads\/2026\/08\/MRNEws.png","contentUrl":"https:\/\/mrnews.com.br\/wp-content\/uploads\/2026\/08\/MRNEws.png","width":1254,"height":1254,"caption":"MRNews"},"image":{"@id":"https:\/\/mrnews.com.br\/#\/schema\/logo\/image\/"},"sameAs":["https:\/\/www.facebook.com\/eaipahpah\/?locale2=pt_BR","https:\/\/x.com\/conspirou","https:\/\/www.instagram.com\/eai_pahpah","https:\/\/br.pinterest.com\/mrnewsn\/boards\/","https:\/\/www.youtube.com\/channel\/UCacgnpznQ61fifLWr1tQ-vA?view_as=subscriber"]},{"@type":"Person","@id":"https:\/\/mrnews.com.br\/#\/schema\/person\/2f073f2d87903a2ff9a065e41bbf17d4","name":"Fernando Corraa","image":{"@type":"ImageObject","inLanguage":"pt-BR","@id":"https:\/\/secure.gravatar.com\/avatar\/9069acb0e588c9f4346ba747284aef18a5faaab575e89e9ccc64e315003f0b82?s=96&d=monsterid&r=g","url":"https:\/\/secure.gravatar.com\/avatar\/9069acb0e588c9f4346ba747284aef18a5faaab575e89e9ccc64e315003f0b82?s=96&d=monsterid&r=g","contentUrl":"https:\/\/secure.gravatar.com\/avatar\/9069acb0e588c9f4346ba747284aef18a5faaab575e89e9ccc64e315003f0b82?s=96&d=monsterid&r=g","caption":"Fernando Corraa"},"url":"https:\/\/mrnews.com.br\/index.php\/author\/fernando-corraa\/"}]}},"jetpack_sharing_enabled":true,"jetpack_shortlink":"https:\/\/wp.me\/pa2Qf7-1Xgz","amp_enabled":true,"jetpack_featured_media_url":"","_links":{"self":[{"href":"https:\/\/mrnews.com.br\/index.php\/wp-json\/wp\/v2\/posts\/466151","targetHints":{"allow":["GET"]}}],"collection":[{"href":"https:\/\/mrnews.com.br\/index.php\/wp-json\/wp\/v2\/posts"}],"about":[{"href":"https:\/\/mrnews.com.br\/index.php\/wp-json\/wp\/v2\/types\/post"}],"author":[{"embeddable":true,"href":"https:\/\/mrnews.com.br\/index.php\/wp-json\/wp\/v2\/users\/39"}],"replies":[{"embeddable":true,"href":"https:\/\/mrnews.com.br\/index.php\/wp-json\/wp\/v2\/comments?post=466151"}],"version-history":[{"count":0,"href":"https:\/\/mrnews.com.br\/index.php\/wp-json\/wp\/v2\/posts\/466151\/revisions"}],"wp:attachment":[{"href":"https:\/\/mrnews.com.br\/index.php\/wp-json\/wp\/v2\/media?parent=466151"}],"wp:term":[{"taxonomy":"category","embeddable":true,"href":"https:\/\/mrnews.com.br\/index.php\/wp-json\/wp\/v2\/categories?post=466151"},{"taxonomy":"post_tag","embeddable":true,"href":"https:\/\/mrnews.com.br\/index.php\/wp-json\/wp\/v2\/tags?post=466151"}],"curies":[{"name":"wp","href":"https:\/\/api.w.org\/{rel}","templated":true}]}}