{"id":466155,"date":"2026-09-04T16:31:03","date_gmt":"2026-09-04T19:31:03","guid":{"rendered":"https:\/\/mrnews.com.br\/index.php\/2026\/09\/04\/rock-in-rio-comeca-nesta-sexta-com-muitas-novidades-no-palco-mundo\/"},"modified":"2026-09-04T16:31:03","modified_gmt":"2026-09-04T19:31:03","slug":"rock-in-rio-comeca-nesta-sexta-com-muitas-novidades-no-palco-mundo","status":"publish","type":"post","link":"https:\/\/mrnews.com.br\/index.php\/2026\/09\/04\/rock-in-rio-comeca-nesta-sexta-com-muitas-novidades-no-palco-mundo\/","title":{"rendered":"Rock in Rio come\u00e7a nesta sexta com muitas novidades no Palco Mundo"},"content":{"rendered":"<p>Por EBC, <\/p>\n<div>\n<p><strong>O Rock in Rio 2026, considerado globalmente como um dos maiores festivais de m\u00fasica e patrim\u00f4nio cultural imaterial do estado do Rio de Janeiro, come\u00e7a nesta sexta-feira (4) com muitas atra\u00e7\u00f5es e atividades.<\/strong><\/p>\n<p>Nesta edi\u00e7\u00e3o, o\u00a0Palco Mundo vai chamar aten\u00e7\u00e3o do p\u00fablico com cenografia in\u00e9dita que exp\u00f5e a estrutura frontal revestida por 2.400 m\u00b2 de pain\u00e9is de LED de alt\u00edssima defini\u00e7\u00e3o. Isso vai transformar o local onde se apresentar\u00e3o estrelas nacionais e internacionais em um gigantesco painel visual.<\/p>\n<div class=\"dnd-widget-wrapper context-medio_4colunas type-image atom-align-right\">\n<div class=\"dnd-atom-rendered\"><!-- scald=473360:medio_4colunas {\"additionalClasses\":\"\"} --><\/p>\n<p>    <!-- END scald=473360 --><\/div>\n<p><h6 class=\"meta\">\u00a0Rock in Rio apresenta estrutura em evento teste na Cidade do Rock, na Barra da Tijuca, no Rio de Janeiro. <strong>Foto: Tomaz Silva\/Ag\u00eancia Brasil<\/strong><!--END copyright=473360--><\/h6>\n<\/p>\n<\/div>\n<p><strong>Quem for \u00e0 Cidade do Rock vai ver neste palco, entre outras apresenta\u00e7\u00f5es, Elton John, Gilberto Gil, Foo Fighters, Ivete Sangalo, DJ Alok, Maroon 5, Black\u202fEyed\u202fPeas, Nelly e Bar\u00e3o Vermelho. A presen\u00e7a de Elton John est\u00e1 sendo muito aguardada, uma vez que o artista j\u00e1 tinha se despedido de turn\u00eas internacionais.<\/strong><\/p>\n<p>\u201cCertamente o que vai marcar esta edi\u00e7\u00e3o \u00e9 o Palco Mundo novo que vai ser uma forma da gente viver o impacto da tecnologia sempre privilegiando o humano, sempre de uma forma coletiva cantando junto em grande escala. Cada artista vai transformar o Palco Mundo em uma nova experi\u00eancia\u201d, afirmou Roberta Medina, vice-presidente executiva da Rock World, empresa produtora tamb\u00e9m dos festivais Rock in Rio, Rock in Rio Lisboa, The Town e Lollapaloosa Brasil.<\/p>\n<p>O aproveitamento dessa tecnologia pelos artistas vem sendo uma tend\u00eancia em festivais de m\u00fasica ao redor do mundo e aqui\u00a0a vice-presidente disse que n\u00e3o ser\u00e1 diferente, porque o luz de LED\u00a0traz milh\u00f5es de possibilidades.<\/p>\n<blockquote>\n<p>\u201cA beleza de trazer a tecnologia em um palco t\u00e3o grande de LED \u00e9 que cada artista vai construir o seu palco em termos de talento e criatividade. D\u00e1 muitas possibilidades. Acho que vai ser marcante para quem est\u00e1 assistindo. Adorei ver que o DJ Pedro Sampaio publicou um &#8216;teaserzinho&#8217; e vai provocar muito a galera com isso. Bacana ver como cada um deles vai utilizar a tecnologia a seu favor\u201d, indicou.<\/p>\n<\/blockquote>\n<h2>Todas as idades<\/h2>\n<p><strong>O encontro de gera\u00e7\u00f5es que ocorre em todas as edi\u00e7\u00f5es \u00e9, para a vice-presidente, a natureza do Rock in Rio, que nasceu falando com todos os estilos de pessoas e, ao longo dos 41 anos de vida, vem abra\u00e7ando as gera\u00e7\u00f5es mais velhas e mais novas.<\/strong><\/p>\n<p>\u201cUma das coisas que mais gosto no Rock in Rio \u00e9 a cada dia ter um p\u00fablico diferente. Um dia \u00e9 mais fam\u00edlia, outro \u00e9\u00a0dia dos roqueiros e vem a galera de preto, depois o colorido do pop. Parecem mundos diferentes acontecendo na mesma cidade. Isso \u00e9 o retrato da nossa sociedade. \u00c9 mostrando que a m\u00fasica pode, sim, e \u00e9 esse elo onde a gente pode discordar de coisas e ter opini\u00f5es politicas ou religiosas, o que quer que seja diferente, mas ainda respeitar e celebrar a vida juntos\u201d, pontuou.<\/p>\n<div class=\"dnd-widget-wrapper context-medio_4colunas type-image atom-align-right\">\n<div class=\"dnd-atom-rendered\"><!-- scald=473355:medio_4colunas {\"additionalClasses\":\"\"} --><\/p>\n<p>    <!-- END scald=473355 --><\/div>\n<p><h6 class=\"meta\">Rock in Rio apresenta estrutura em evento teste na Cidade do Rock, na Barra da Tijuca, no Rio de Janeiro.<strong> Foto: Tomaz Silva\/Ag\u00eancia Brasil\u00a0<\/strong><!--END copyright=473355--><\/h6>\n<\/p>\n<\/div>\n<p>Roberta disse que o dia do Elton John tra\u00e1\u00a0um p\u00fablico que fundou o Rock in Rio e vai para celebrar e levar a fam\u00edlia.\u201c\u00c9 sempre muito gostoso\u201d.<\/p>\n<p><strong>J\u00e1 no dia da apresenta\u00e7\u00e3o da banda Street Kids, a executiva\u00a0da Rock World\u00a0espera uma galera nova.<\/strong> \u201cHoje, no consumo de m\u00fasica, ningu\u00e9m pede licen\u00e7a. As crian\u00e7as n\u00e3o pedem licen\u00e7a para conhecer um artista. Elas descobrem e tamb\u00e9m querem fazer parte. A\u00ed\u00a0cabe\u00a0\u00e0s organiza\u00e7\u00f5es dispostas a acolher o p\u00fablico, preparar a infraestrutura para estar \u00e0 altura dos servi\u00e7os esperados\u201d, completou.<\/p>\n<p><strong>A Cidade do Rock tem ainda mais cinco palcos nos quais estar\u00e1 presente a diversidade musical: Sunset, Espa\u00e7o Favela, New Dance Order, Global Village e Supernova.<\/strong><\/p>\n<p>No Sunset tem Capital Inicial convida Dado Villa-Lobos, Hot\u202fMilk, Detonautas convidam Biquini e Di Ferrero, Jota Quest toca Tim Maia e BaianaSystem e\u202fCalema, entre outras atra\u00e7\u00f5es.\u00a0<\/p>\n<p>No Espa\u00e7o Favela tem MC Rodrigo do CN, Hitmaker e GBZ7N, tem Xam\u00e3, Rael e\u202fBudah. Este palco vai receber ainda Belo, Mart\u2019n\u00e1lia e\u202fTiee, o\u00a0New Dance Order Steve\u202fAngello, GIU x Carola, Atk\u00f6\u00a0e\u202fCat\u202fDealers, Meduza\u00b3, al\u00e9m de apresenta\u00e7\u00f5es de Liu, Casa Bonita -\u202fBrisotti e\u202fViot, e\u202fSofi\u202fTukker.\u00a0<\/p>\n<p>O Global Village recebe apresenta\u00e7\u00f5es de Paulinho Moska,\u202fLeela, Giovanna Moraes, Mohamed Ramadan, M\u00e3eana e Bento Gil convida Flor Gil, Jo\u00e3o Bosco, Joyce Moreno, Leila Pinheiro e Fernanda Takai e Wanda S\u00e1.\u00a0<\/p>\n<p>O Supernova traz Diogo Defante, Venere Vai\u202fVenus, Rock in Gil com Larissa Luz e\u202fChady, Blitzkrieg Psycho Bop &#8211; Ramones 50 Years &#8211; Jo\u00e3o Gordo &amp; Asteroides Trio, Matanza Ritual, Bayside\u202fKings e O Escrit\u00f3rio.\u202f<\/p>\n<h2>Show pirot\u00e9cnico<\/h2>\n<p><strong>Em todos os dias, pouco antes do come\u00e7o das apresenta\u00e7\u00f5es dos artistas no Palco Mundo haver\u00e1 um show de fogos de artif\u00edcio para empolgar o p\u00fablico na Cidade do Rock.<\/strong><\/p>\n<p>Esse \u00e9 um dos grandes momentos do festival quando ao som de m\u00fasicas, a luz e a pirotecnia se juntam para para um espet\u00e1culo no c\u00e9u que contar\u00e1 com 7 balsas e 15 pontos de fogos distribu\u00eddos no local, trazendo diferentes desenhos e efeitos. Al\u00e9m disso, mais sete balsas posicionadas na Cidade do Rock, v\u00e3o aumentar a dimens\u00e3o do espet\u00e1culo.<\/p>\n<div class=\"dnd-widget-wrapper context-cheio_8colunas type-image\">\n<div class=\"dnd-atom-rendered\"><!-- scald=473358:cheio_8colunas --><\/p>\n<p>    <!-- END scald=473358 --><\/div>\n<div class=\"dnd-caption-wrapper\">\n<p><!--copyright=473358-->Rio de Janeiro (RJ), 02\/09\/2026 \u2013 Rock in Rio apresenta estrutura em evento teste na Cidade do Rock, na Barra da Tijuca, no Rio de Janeiro. Foto: Tomaz Silva\/Ag\u00eancia Brasil &#8211; <strong>Tomaz Silva\/Ag\u00eancia Brasil<\/strong><!--END copyright=473358--><\/p>\n<\/div>\n<\/div>\n<h2>Avi\u00f5es<\/h2>\n<p>Nas aberturas de todos os dias, o espet\u00e1culo <em>The Flight<\/em>, composto por cinco avi\u00f5es da Esquadrilha C\u00e9u, j\u00e1 se tornou uma tradi\u00e7\u00e3o do festival de m\u00fasica e aumenta a adrenalina do p\u00fablico com suas manobras radicais em voos rasantes e acrobacias, combinadas com m\u00fasica. Os avi\u00f5es passam por cima da Cidade do Rock e deixam rastros de fuma\u00e7as coloridas.<\/p>\n<div class=\"dnd-widget-wrapper context-cheio_8colunas type-image\">\n<div class=\"dnd-atom-rendered\"><!-- scald=473347:cheio_8colunas --><\/p>\n<p>    <!-- END scald=473347 --><\/div>\n<p><h6 class=\"meta\">Rock in Rio apresenta estrutura em evento teste na Cidade do Rock, na Barra da Tijuca, no Rio de Janeiro. Foto:\u00a0<strong>Tomaz Silva\/Ag\u00eancia Brasil<\/strong><!--END copyright=473347--><\/h6>\n<\/p>\n<\/div>\n<h2>Drones<\/h2>\n<p>O p\u00fablico poder\u00e1 admirar tamb\u00e9m no c\u00e9u, em seis dias do festival, uma programa\u00e7\u00e3o especial de shows de imagens produzidas a partir de drones. No s\u00e1bado (5) ser\u00e1 em celebra\u00e7\u00e3o ao Dia da Amaz\u00f4nia. No dia seguinte o espet\u00e1culo <em>Cheers for Fans<\/em> \u00e9 dedicado aos f\u00e3s. Encerrando os primeiros dias do Rock in Rio, no dia 7 ser\u00e1 a vez do show <em>M\u00fasica Conecta<\/em>.<\/p>\n<p>Os drones voltar\u00e3o no dia 11 integrado \u00e0 apresenta\u00e7\u00e3o de Alok e no dia 12 no show do New Dance Order. No \u00faltimo dia desta edi\u00e7\u00e3o, no domingo (13), o espet\u00e1culo tem o tema Por <em>Um Mundo Melhor,<\/em> que \u00e9 uma das mensagens que marcam a hist\u00f3ria do Rock in Rio.<\/p>\n<h2>Outras divers\u00f5es<\/h2>\n<p>Enquanto a m\u00fasica rola nos diversos palcos, quem quiser ter\u00e1 a op\u00e7\u00e3o de se divertir nos brinquedos para v\u00e1rias idades como a Roda-Gigante, a Tirolesa e a Montanha-Russa. Tudo isso j\u00e1 estava dispon\u00edvel para quem esteve presente no evento-teste,\u00a0na quarta-feira (2), como tamb\u00e9m, o Mega Download e o Discovery.<\/p>\n<h2>Aplicativo<\/h2>\n<p><strong>Roberta Medina destacou que o uso da tecnologia avan\u00e7a a cada edi\u00e7\u00e3o. Na programa\u00e7\u00e3o de 2026, foram inclu\u00eddas v\u00e1rias atividades e servi\u00e7os que poder\u00e3o ser acessados por meio do aplicativo oficial do Rock in Rio (RiR).<\/strong><\/p>\n<p>Um deles \u00e9 a marca\u00e7\u00e3o de ingressos dos brinquedos, que ter\u00e3o a libera\u00e7\u00e3o dos hor\u00e1rios dispon\u00edveis para agendamento somente quando a pessoa estiver dentro da Cidade do Rock, o que ser\u00e1 feito com a utiliza\u00e7\u00e3o da geolocaliza\u00e7\u00e3o.<\/p>\n<blockquote>\n<p>\u201cAssim, o p\u00fablico poder\u00e1 garantir seu lugar nas atra\u00e7\u00f5es com anteced\u00eancia, sem precisar enfrentar filas, aproveitando melhor cada momento da experi\u00eancia no festival\u201d, informou a assessoria do festival.<\/p>\n<\/blockquote>\n<p>Tamb\u00e9m pelo aplicativo vai ser poss\u00edvel desfrutar das atra\u00e7\u00f5es e consultar os hor\u00e1rios de todos os shows e montar a pr\u00f3pria programa\u00e7\u00e3o dos palcos e espa\u00e7os da Cidade do Rock. Uma novidade em 2026 \u00e9 a possibilidade de compartilhar a agenda criada no aplicativo diretamente no Instagram. \u201cFacilitando os encontros entre amigos e permitindo que cada pessoa mostre o que vai viver no festival.\u201d<\/p>\n<p>O APP oficial do Rock in Rio vai permitir ainda que o p\u00fablico fa\u00e7a a compra antecipada de comidas e bebidas, uma facilidade que j\u00e1 est\u00e1 dispon\u00edvel para produtos de marcas como Heineken, Coca-Cola, Schweppes Mixed, Red Bull, Crystal e Bob\u2019s.<\/p>\n<p>\u201cPara comprar, basta acessar o aplicativo oficial do Rock in Rio, selecionar a op\u00e7\u00e3o Comprar Antecipadamente, preencher ou confirmar o cadastro, escolher o dia em que o produto ser\u00e1 consumido e realizar o pagamento, que poder\u00e1 ser feito por PIX ou cart\u00e3o de cr\u00e9dito\u201d, informou a organiza\u00e7\u00e3o do festival. A compra \u00e9 exclusiva pelo aplicativo e n\u00e3o est\u00e1 vinculada \u00e0 aquisi\u00e7\u00e3o do ingresso, que precisa ter sido garantido previamente para que o produto possa ser retirado na Cidade do Rock.<\/p>\n<p>\u201c[O app] \u00c9 uma ferramenta super importante para a galera poder organizar a agendinha, poder agendar os brinquedos, saber qual o banheiro que est\u00e1 cheio e n\u00e3o est\u00e1, n\u00e3o precisando perder tempo e fazer os pagamentos digitais. Esses t\u00eam sido os cuidados que muitas vezes n\u00e3o se v\u00ea, porque est\u00e3o no back, mas \u00e9 o que faz a diferen\u00e7a acontecer\u201d, afirmou,\u00a0se referindo \u00e0\u00a0busca da organiza\u00e7\u00e3o do festival em possibilitar mais facilidades ao p\u00fablico.<\/p>\n<p>Para a alimenta\u00e7\u00e3o, a Gourmet Square, que tem, neste ano, a curadoria do chef Pedro Siqueira, promete reunir muita gente em oito restaurantes com diversas op\u00e7\u00f5es entre pizzas, hamb\u00fargueres, comida regional brasileira e japonesa.<\/p>\n<p>Outro local que deve atrair o p\u00fablico \u00e9 o da Babil\u00f4nia Feira Hype, que retornou ao Rock in Rio reunindo 20 expositores de artesanatos.<\/p>\n<p>De acordo com os dados da organiza\u00e7\u00e3o do festival, desde a primeira edi\u00e7\u00e3o, em 1985, o Rock in Rio gerou mais de 297,6 mil empregos diretos e indiretos. Neste per\u00edodo passaram pelas Cidades do Rock, mais de 12,3 milh\u00f5es de visitantes, que assistiram a mais de 4.667 artistas em 141 dias de shows.<\/p>\n<blockquote>\n<p>\u201cEm 2024 [a \u00faltima edi\u00e7\u00e3o], o festival gerou um impacto econ\u00f4mico de R$ 2,9 bilh\u00f5es na cidade do Rio de Janeiro\u201d.<\/p>\n<\/blockquote>\n<p>      <!-- Relacionada --><\/p>\n<p>            <!-- Relacionada -->\n    <\/div>\n","protected":false},"excerpt":{"rendered":"<p>Por EBC, O Rock in Rio 2026, considerado globalmente como um dos maiores festivais de m\u00fasica e patrim\u00f4nio cultural imaterial do estado do Rio de Janeiro, come\u00e7a nesta sexta-feira (4) com muitas atra\u00e7\u00f5es e atividades. Nesta edi\u00e7\u00e3o, o\u00a0Palco Mundo vai chamar aten\u00e7\u00e3o do p\u00fablico com cenografia in\u00e9dita que exp\u00f5e a estrutura frontal revestida por 2.400 &hellip;<\/p>\n","protected":false},"author":39,"featured_media":0,"comment_status":"open","ping_status":"open","sticky":false,"template":"","format":"standard","meta":{"_jetpack_newsletter_access":"","_jetpack_dont_email_post_to_subs":false,"_jetpack_newsletter_tier_id":0,"_jetpack_memberships_contains_paywalled_content":false,"_jetpack_feature_clip_id":0,"_jetpack_memberships_contains_paid_content":false,"footnotes":"","jetpack_post_was_ever_published":false},"categories":[4],"tags":[],"class_list":["post-466155","post","type-post","status-publish","format-standard","hentry","category-servicos"],"yoast_head":"<!-- This site is optimized with the Yoast SEO plugin v28.4 - https:\/\/yoast.com\/product\/yoast-seo-wordpress\/ -->\n<title>Rock in Rio come\u00e7a nesta sexta com muitas novidades no Palco Mundo<\/title>\n<meta name=\"robots\" content=\"index, follow, max-snippet:-1, max-image-preview:large, max-video-preview:-1\" \/>\n<link rel=\"canonical\" href=\"https:\/\/agenciabrasil.ebc.com.br\/cultura\/noticia\/2026-09\/rock-rio-comeca-nesta-sexta-com-muitas-novidades-no-palco-mundo\" \/>\n<meta property=\"og:locale\" content=\"pt_BR\" \/>\n<meta property=\"og:type\" content=\"article\" \/>\n<meta property=\"og:title\" content=\"Rock in Rio come\u00e7a nesta sexta com muitas novidades no Palco Mundo\" \/>\n<meta property=\"og:description\" content=\"Por EBC, O Rock in Rio 2026, considerado globalmente como um dos maiores festivais de m\u00fasica e patrim\u00f4nio cultural imaterial do estado do Rio de Janeiro, come\u00e7a nesta sexta-feira (4) com muitas atra\u00e7\u00f5es e atividades. Nesta edi\u00e7\u00e3o, o\u00a0Palco Mundo vai chamar aten\u00e7\u00e3o do p\u00fablico com cenografia in\u00e9dita que exp\u00f5e a estrutura frontal revestida por 2.400 &hellip;\" \/>\n<meta property=\"og:url\" content=\"https:\/\/agenciabrasil.ebc.com.br\/cultura\/noticia\/2026-09\/rock-rio-comeca-nesta-sexta-com-muitas-novidades-no-palco-mundo\" \/>\n<meta property=\"og:site_name\" content=\"MRNews\" \/>\n<meta property=\"article:publisher\" content=\"https:\/\/www.facebook.com\/eaipahpah\/?locale2=pt_BR\" \/>\n<meta property=\"article:published_time\" content=\"2026-09-04T19:31:03+00:00\" \/>\n<meta name=\"author\" content=\"Fernando Corraa\" \/>\n<meta name=\"twitter:card\" content=\"summary_large_image\" \/>\n<meta name=\"twitter:creator\" content=\"@conspirou\" \/>\n<meta name=\"twitter:site\" content=\"@conspirou\" \/>\n<meta name=\"twitter:label1\" content=\"Escrito por\" \/>\n\t<meta name=\"twitter:data1\" content=\"Fernando Corraa\" \/>\n\t<meta name=\"twitter:label2\" content=\"Est. tempo de leitura\" \/>\n\t<meta name=\"twitter:data2\" content=\"9 minutos\" \/>\n<script type=\"application\/ld+json\" class=\"yoast-schema-graph\">{\"@context\":\"https:\\\/\\\/schema.org\",\"@graph\":[{\"@type\":\"Article\",\"@id\":\"https:\\\/\\\/agenciabrasil.ebc.com.br\\\/cultura\\\/noticia\\\/2026-09\\\/rock-rio-comeca-nesta-sexta-com-muitas-novidades-no-palco-mundo#article\",\"isPartOf\":{\"@id\":\"https:\\\/\\\/mrnews.com.br\\\/index.php\\\/2026\\\/09\\\/04\\\/rock-in-rio-comeca-nesta-sexta-com-muitas-novidades-no-palco-mundo\\\/\"},\"author\":{\"name\":\"Fernando Corraa\",\"@id\":\"https:\\\/\\\/mrnews.com.br\\\/#\\\/schema\\\/person\\\/2f073f2d87903a2ff9a065e41bbf17d4\"},\"headline\":\"Rock in Rio come\u00e7a nesta sexta com muitas novidades no Palco Mundo\",\"datePublished\":\"2026-09-04T19:31:03+00:00\",\"mainEntityOfPage\":{\"@id\":\"https:\\\/\\\/mrnews.com.br\\\/index.php\\\/2026\\\/09\\\/04\\\/rock-in-rio-comeca-nesta-sexta-com-muitas-novidades-no-palco-mundo\\\/\"},\"wordCount\":1774,\"commentCount\":0,\"publisher\":{\"@id\":\"https:\\\/\\\/mrnews.com.br\\\/#organization\"},\"articleSection\":[\"SERVI\u00c7OS\"],\"inLanguage\":\"pt-BR\",\"potentialAction\":[{\"@type\":\"CommentAction\",\"name\":\"Comment\",\"target\":[\"https:\\\/\\\/agenciabrasil.ebc.com.br\\\/cultura\\\/noticia\\\/2026-09\\\/rock-rio-comeca-nesta-sexta-com-muitas-novidades-no-palco-mundo#respond\"]}]},{\"@type\":\"WebPage\",\"@id\":\"https:\\\/\\\/mrnews.com.br\\\/index.php\\\/2026\\\/09\\\/04\\\/rock-in-rio-comeca-nesta-sexta-com-muitas-novidades-no-palco-mundo\\\/\",\"url\":\"https:\\\/\\\/agenciabrasil.ebc.com.br\\\/cultura\\\/noticia\\\/2026-09\\\/rock-rio-comeca-nesta-sexta-com-muitas-novidades-no-palco-mundo\",\"name\":\"Rock in Rio come\u00e7a nesta sexta com muitas novidades no Palco Mundo\",\"isPartOf\":{\"@id\":\"https:\\\/\\\/mrnews.com.br\\\/#website\"},\"datePublished\":\"2026-09-04T19:31:03+00:00\",\"breadcrumb\":{\"@id\":\"https:\\\/\\\/agenciabrasil.ebc.com.br\\\/cultura\\\/noticia\\\/2026-09\\\/rock-rio-comeca-nesta-sexta-com-muitas-novidades-no-palco-mundo#breadcrumb\"},\"inLanguage\":\"pt-BR\",\"potentialAction\":[{\"@type\":\"ReadAction\",\"target\":[\"https:\\\/\\\/agenciabrasil.ebc.com.br\\\/cultura\\\/noticia\\\/2026-09\\\/rock-rio-comeca-nesta-sexta-com-muitas-novidades-no-palco-mundo\"]}]},{\"@type\":\"BreadcrumbList\",\"@id\":\"https:\\\/\\\/agenciabrasil.ebc.com.br\\\/cultura\\\/noticia\\\/2026-09\\\/rock-rio-comeca-nesta-sexta-com-muitas-novidades-no-palco-mundo#breadcrumb\",\"itemListElement\":[{\"@type\":\"ListItem\",\"position\":1,\"name\":\"In\u00edcio\",\"item\":\"https:\\\/\\\/mrnews.com.br\\\/\"},{\"@type\":\"ListItem\",\"position\":2,\"name\":\"Rock in Rio come\u00e7a nesta sexta com muitas novidades no Palco Mundo\"}]},{\"@type\":\"WebSite\",\"@id\":\"https:\\\/\\\/mrnews.com.br\\\/#website\",\"url\":\"https:\\\/\\\/mrnews.com.br\\\/\",\"name\":\"MRNews\",\"description\":\"MRNews Jogos de hoje da TV, transmiss\u00f5es ao vivo, Not\u00edcias de futebol, Jogos ao vivo, Lives, resumo de novelas, Programa\u00e7\u00e3o da Globo, A Fazenda e BBB\",\"publisher\":{\"@id\":\"https:\\\/\\\/mrnews.com.br\\\/#organization\"},\"potentialAction\":[{\"@type\":\"SearchAction\",\"target\":{\"@type\":\"EntryPoint\",\"urlTemplate\":\"https:\\\/\\\/mrnews.com.br\\\/?s={search_term_string}\"},\"query-input\":{\"@type\":\"PropertyValueSpecification\",\"valueRequired\":true,\"valueName\":\"search_term_string\"}}],\"inLanguage\":\"pt-BR\"},{\"@type\":\"Organization\",\"@id\":\"https:\\\/\\\/mrnews.com.br\\\/#organization\",\"name\":\"MRNews\",\"url\":\"https:\\\/\\\/mrnews.com.br\\\/\",\"logo\":{\"@type\":\"ImageObject\",\"inLanguage\":\"pt-BR\",\"@id\":\"https:\\\/\\\/mrnews.com.br\\\/#\\\/schema\\\/logo\\\/image\\\/\",\"url\":\"https:\\\/\\\/mrnews.com.br\\\/wp-content\\\/uploads\\\/2026\\\/08\\\/MRNEws.png\",\"contentUrl\":\"https:\\\/\\\/mrnews.com.br\\\/wp-content\\\/uploads\\\/2026\\\/08\\\/MRNEws.png\",\"width\":1254,\"height\":1254,\"caption\":\"MRNews\"},\"image\":{\"@id\":\"https:\\\/\\\/mrnews.com.br\\\/#\\\/schema\\\/logo\\\/image\\\/\"},\"sameAs\":[\"https:\\\/\\\/www.facebook.com\\\/eaipahpah\\\/?locale2=pt_BR\",\"https:\\\/\\\/x.com\\\/conspirou\",\"https:\\\/\\\/www.instagram.com\\\/eai_pahpah\",\"https:\\\/\\\/br.pinterest.com\\\/mrnewsn\\\/boards\\\/\",\"https:\\\/\\\/www.youtube.com\\\/channel\\\/UCacgnpznQ61fifLWr1tQ-vA?view_as=subscriber\"]},{\"@type\":\"Person\",\"@id\":\"https:\\\/\\\/mrnews.com.br\\\/#\\\/schema\\\/person\\\/2f073f2d87903a2ff9a065e41bbf17d4\",\"name\":\"Fernando Corraa\",\"image\":{\"@type\":\"ImageObject\",\"inLanguage\":\"pt-BR\",\"@id\":\"https:\\\/\\\/secure.gravatar.com\\\/avatar\\\/9069acb0e588c9f4346ba747284aef18a5faaab575e89e9ccc64e315003f0b82?s=96&d=monsterid&r=g\",\"url\":\"https:\\\/\\\/secure.gravatar.com\\\/avatar\\\/9069acb0e588c9f4346ba747284aef18a5faaab575e89e9ccc64e315003f0b82?s=96&d=monsterid&r=g\",\"contentUrl\":\"https:\\\/\\\/secure.gravatar.com\\\/avatar\\\/9069acb0e588c9f4346ba747284aef18a5faaab575e89e9ccc64e315003f0b82?s=96&d=monsterid&r=g\",\"caption\":\"Fernando Corraa\"},\"url\":\"https:\\\/\\\/mrnews.com.br\\\/index.php\\\/author\\\/fernando-corraa\\\/\"}]}<\/script>\n<!-- \/ Yoast SEO plugin. -->","yoast_head_json":{"title":"Rock in Rio come\u00e7a nesta sexta com muitas novidades no Palco Mundo","robots":{"index":"index","follow":"follow","max-snippet":"max-snippet:-1","max-image-preview":"max-image-preview:large","max-video-preview":"max-video-preview:-1"},"canonical":"https:\/\/agenciabrasil.ebc.com.br\/cultura\/noticia\/2026-09\/rock-rio-comeca-nesta-sexta-com-muitas-novidades-no-palco-mundo","og_locale":"pt_BR","og_type":"article","og_title":"Rock in Rio come\u00e7a nesta sexta com muitas novidades no Palco Mundo","og_description":"Por EBC, O Rock in Rio 2026, considerado globalmente como um dos maiores festivais de m\u00fasica e patrim\u00f4nio cultural imaterial do estado do Rio de Janeiro, come\u00e7a nesta sexta-feira (4) com muitas atra\u00e7\u00f5es e atividades. Nesta edi\u00e7\u00e3o, o\u00a0Palco Mundo vai chamar aten\u00e7\u00e3o do p\u00fablico com cenografia in\u00e9dita que exp\u00f5e a estrutura frontal revestida por 2.400 &hellip;","og_url":"https:\/\/agenciabrasil.ebc.com.br\/cultura\/noticia\/2026-09\/rock-rio-comeca-nesta-sexta-com-muitas-novidades-no-palco-mundo","og_site_name":"MRNews","article_publisher":"https:\/\/www.facebook.com\/eaipahpah\/?locale2=pt_BR","article_published_time":"2026-09-04T19:31:03+00:00","author":"Fernando Corraa","twitter_card":"summary_large_image","twitter_creator":"@conspirou","twitter_site":"@conspirou","twitter_misc":{"Escrito por":"Fernando Corraa","Est. tempo de leitura":"9 minutos"},"schema":{"@context":"https:\/\/schema.org","@graph":[{"@type":"Article","@id":"https:\/\/agenciabrasil.ebc.com.br\/cultura\/noticia\/2026-09\/rock-rio-comeca-nesta-sexta-com-muitas-novidades-no-palco-mundo#article","isPartOf":{"@id":"https:\/\/mrnews.com.br\/index.php\/2026\/09\/04\/rock-in-rio-comeca-nesta-sexta-com-muitas-novidades-no-palco-mundo\/"},"author":{"name":"Fernando Corraa","@id":"https:\/\/mrnews.com.br\/#\/schema\/person\/2f073f2d87903a2ff9a065e41bbf17d4"},"headline":"Rock in Rio come\u00e7a nesta sexta com muitas novidades no Palco Mundo","datePublished":"2026-09-04T19:31:03+00:00","mainEntityOfPage":{"@id":"https:\/\/mrnews.com.br\/index.php\/2026\/09\/04\/rock-in-rio-comeca-nesta-sexta-com-muitas-novidades-no-palco-mundo\/"},"wordCount":1774,"commentCount":0,"publisher":{"@id":"https:\/\/mrnews.com.br\/#organization"},"articleSection":["SERVI\u00c7OS"],"inLanguage":"pt-BR","potentialAction":[{"@type":"CommentAction","name":"Comment","target":["https:\/\/agenciabrasil.ebc.com.br\/cultura\/noticia\/2026-09\/rock-rio-comeca-nesta-sexta-com-muitas-novidades-no-palco-mundo#respond"]}]},{"@type":"WebPage","@id":"https:\/\/mrnews.com.br\/index.php\/2026\/09\/04\/rock-in-rio-comeca-nesta-sexta-com-muitas-novidades-no-palco-mundo\/","url":"https:\/\/agenciabrasil.ebc.com.br\/cultura\/noticia\/2026-09\/rock-rio-comeca-nesta-sexta-com-muitas-novidades-no-palco-mundo","name":"Rock in Rio come\u00e7a nesta sexta com muitas novidades no Palco Mundo","isPartOf":{"@id":"https:\/\/mrnews.com.br\/#website"},"datePublished":"2026-09-04T19:31:03+00:00","breadcrumb":{"@id":"https:\/\/agenciabrasil.ebc.com.br\/cultura\/noticia\/2026-09\/rock-rio-comeca-nesta-sexta-com-muitas-novidades-no-palco-mundo#breadcrumb"},"inLanguage":"pt-BR","potentialAction":[{"@type":"ReadAction","target":["https:\/\/agenciabrasil.ebc.com.br\/cultura\/noticia\/2026-09\/rock-rio-comeca-nesta-sexta-com-muitas-novidades-no-palco-mundo"]}]},{"@type":"BreadcrumbList","@id":"https:\/\/agenciabrasil.ebc.com.br\/cultura\/noticia\/2026-09\/rock-rio-comeca-nesta-sexta-com-muitas-novidades-no-palco-mundo#breadcrumb","itemListElement":[{"@type":"ListItem","position":1,"name":"In\u00edcio","item":"https:\/\/mrnews.com.br\/"},{"@type":"ListItem","position":2,"name":"Rock in Rio come\u00e7a nesta sexta com muitas novidades no Palco Mundo"}]},{"@type":"WebSite","@id":"https:\/\/mrnews.com.br\/#website","url":"https:\/\/mrnews.com.br\/","name":"MRNews","description":"MRNews Jogos de hoje da TV, transmiss\u00f5es ao vivo, Not\u00edcias de futebol, Jogos ao vivo, Lives, resumo de novelas, Programa\u00e7\u00e3o da Globo, A Fazenda e BBB","publisher":{"@id":"https:\/\/mrnews.com.br\/#organization"},"potentialAction":[{"@type":"SearchAction","target":{"@type":"EntryPoint","urlTemplate":"https:\/\/mrnews.com.br\/?s={search_term_string}"},"query-input":{"@type":"PropertyValueSpecification","valueRequired":true,"valueName":"search_term_string"}}],"inLanguage":"pt-BR"},{"@type":"Organization","@id":"https:\/\/mrnews.com.br\/#organization","name":"MRNews","url":"https:\/\/mrnews.com.br\/","logo":{"@type":"ImageObject","inLanguage":"pt-BR","@id":"https:\/\/mrnews.com.br\/#\/schema\/logo\/image\/","url":"https:\/\/mrnews.com.br\/wp-content\/uploads\/2026\/08\/MRNEws.png","contentUrl":"https:\/\/mrnews.com.br\/wp-content\/uploads\/2026\/08\/MRNEws.png","width":1254,"height":1254,"caption":"MRNews"},"image":{"@id":"https:\/\/mrnews.com.br\/#\/schema\/logo\/image\/"},"sameAs":["https:\/\/www.facebook.com\/eaipahpah\/?locale2=pt_BR","https:\/\/x.com\/conspirou","https:\/\/www.instagram.com\/eai_pahpah","https:\/\/br.pinterest.com\/mrnewsn\/boards\/","https:\/\/www.youtube.com\/channel\/UCacgnpznQ61fifLWr1tQ-vA?view_as=subscriber"]},{"@type":"Person","@id":"https:\/\/mrnews.com.br\/#\/schema\/person\/2f073f2d87903a2ff9a065e41bbf17d4","name":"Fernando Corraa","image":{"@type":"ImageObject","inLanguage":"pt-BR","@id":"https:\/\/secure.gravatar.com\/avatar\/9069acb0e588c9f4346ba747284aef18a5faaab575e89e9ccc64e315003f0b82?s=96&d=monsterid&r=g","url":"https:\/\/secure.gravatar.com\/avatar\/9069acb0e588c9f4346ba747284aef18a5faaab575e89e9ccc64e315003f0b82?s=96&d=monsterid&r=g","contentUrl":"https:\/\/secure.gravatar.com\/avatar\/9069acb0e588c9f4346ba747284aef18a5faaab575e89e9ccc64e315003f0b82?s=96&d=monsterid&r=g","caption":"Fernando Corraa"},"url":"https:\/\/mrnews.com.br\/index.php\/author\/fernando-corraa\/"}]}},"jetpack_sharing_enabled":true,"jetpack_shortlink":"https:\/\/wp.me\/pa2Qf7-1XgD","amp_enabled":true,"jetpack_featured_media_url":"","_links":{"self":[{"href":"https:\/\/mrnews.com.br\/index.php\/wp-json\/wp\/v2\/posts\/466155","targetHints":{"allow":["GET"]}}],"collection":[{"href":"https:\/\/mrnews.com.br\/index.php\/wp-json\/wp\/v2\/posts"}],"about":[{"href":"https:\/\/mrnews.com.br\/index.php\/wp-json\/wp\/v2\/types\/post"}],"author":[{"embeddable":true,"href":"https:\/\/mrnews.com.br\/index.php\/wp-json\/wp\/v2\/users\/39"}],"replies":[{"embeddable":true,"href":"https:\/\/mrnews.com.br\/index.php\/wp-json\/wp\/v2\/comments?post=466155"}],"version-history":[{"count":0,"href":"https:\/\/mrnews.com.br\/index.php\/wp-json\/wp\/v2\/posts\/466155\/revisions"}],"wp:attachment":[{"href":"https:\/\/mrnews.com.br\/index.php\/wp-json\/wp\/v2\/media?parent=466155"}],"wp:term":[{"taxonomy":"category","embeddable":true,"href":"https:\/\/mrnews.com.br\/index.php\/wp-json\/wp\/v2\/categories?post=466155"},{"taxonomy":"post_tag","embeddable":true,"href":"https:\/\/mrnews.com.br\/index.php\/wp-json\/wp\/v2\/tags?post=466155"}],"curies":[{"name":"wp","href":"https:\/\/api.w.org\/{rel}","templated":true}]}}