{"id":466160,"date":"2026-09-04T19:20:05","date_gmt":"2026-09-04T22:20:05","guid":{"rendered":"https:\/\/mrnews.com.br\/index.php\/2026\/09\/04\/senado-aprova-direito-prioritario-da-crianca-a-meio-ambiente-saudavel\/"},"modified":"2026-09-04T19:20:05","modified_gmt":"2026-09-04T22:20:05","slug":"senado-aprova-direito-prioritario-da-crianca-a-meio-ambiente-saudavel","status":"publish","type":"post","link":"https:\/\/mrnews.com.br\/index.php\/2026\/09\/04\/senado-aprova-direito-prioritario-da-crianca-a-meio-ambiente-saudavel\/","title":{"rendered":"Senado aprova direito priorit\u00e1rio da crian\u00e7a a meio ambiente saud\u00e1vel"},"content":{"rendered":"<p>Por EBC, <\/p>\n<div>\n<p>O direito de crian\u00e7as e adolescentes ao meio ambiente, \u201ccom prioridade absoluta\u201d, \u00e9 o que determina o chamado ECA Ambiental, projeto aprovado pelo Senado na \u00faltima quarta-feira (2).\u00a0O texto aguarda a san\u00e7\u00e3o do presidente Luiz In\u00e1cio Lula da Silva.<\/p>\n<p>Entre outros pontos, <strong>o projeto prev\u00ea o direito da crian\u00e7a e do adolescente \u00e0 natureza, inclusive a \u00e1reas naturais saud\u00e1veis, o brincar livre em contato com ambientes naturais, a educa\u00e7\u00e3o baseada na natureza e a participa\u00e7\u00e3o na defesa, conserva\u00e7\u00e3o e recupera\u00e7\u00e3o ambiental<\/strong>.<\/p>\n<p>De autoria da deputada federal Laura Carneiro (PSD-RJ), o Projeto de Lei (PL) 2.225\/2024\u00a0modifica o Estatuto da Crian\u00e7a e do Adolescente (ECA) e a a Pol\u00edtica Nacional do Meio Ambiente (Lei 6.938, de 1981).<\/p>\n<p>No primeiro caso, a altera\u00e7\u00e3o \u00e9 para definir como dever da fam\u00edlia, da sociedade e do Estado a efetiva\u00e7\u00e3o do contato com o meio natural para crian\u00e7as e adolescentes.<\/p>\n<p>Em rela\u00e7\u00e3o \u00e0 pol\u00edtica nacional, o texto inclui o direito da inf\u00e2ncia ao meio ambiente equilibrado entre seus princ\u00edpios.<\/p>\n<p>Al\u00e9m disso, a Pol\u00edtica Nacional sobre Mudan\u00e7a do Clima (Lei 12.187, de 2009) ganha um dispositivo que torna obrigat\u00f3ria a atua\u00e7\u00e3o governamental priorit\u00e1ria na mitiga\u00e7\u00e3o dos impactos clim\u00e1ticos sobre esse p\u00fablico.<\/p>\n<h2>Prioridade para primeira inf\u00e2ncia<\/h2>\n<p><strong>Ter\u00e3o prioridade na efetiva\u00e7\u00e3o dessas garantias as crian\u00e7as na primeira inf\u00e2ncia e aquelas com defici\u00eancia. <\/strong>O texto confere ainda aten\u00e7\u00e3o especial a crian\u00e7as e adolescentes de povos e comunidades tradicionais e rurais.<\/p>\n<p>Al\u00e9m disso, prev\u00ea diretrizes para o espa\u00e7o escolar, o entorno da escola, a acessibilidade, a integra\u00e7\u00e3o com \u00e1reas verdes e o planejamento de a\u00e7\u00f5es de resposta a desastres clim\u00e1ticos que garantam a continuidade do aprendizado.<\/p>\n<p>O projeto tamb\u00e9m estabelece diretrizes sobre prote\u00e7\u00e3o ambiental, participa\u00e7\u00e3o de crian\u00e7as e adolescentes em pol\u00edticas clim\u00e1ticas, preven\u00e7\u00e3o de desastres, deslocamentos provocados por mudan\u00e7as clim\u00e1ticas e mitiga\u00e7\u00e3o de epis\u00f3dios cr\u00edticos de polui\u00e7\u00e3o atmosf\u00e9rica.<\/p>\n<p><strong>A mat\u00e9ria diz que o atendimento pleno desses novos direitos passa a ser objetivo buscado pela Uni\u00e3o, estados, Distrito Federal e munic\u00edpios.<\/strong><\/p>\n<p>Os senadores aprovaram o parecer do senador Alessandro Vieira (MDB-SE)\u00a0apresentado \u00e0 Comiss\u00e3o de Meio Ambiente (CMA). O senador destacou que a iniciativa coloca as crian\u00e7as e os adolescentes no debate sobre pol\u00edticas ambientais.<\/p>\n<p>\u201cA crise ambiental n\u00e3o produz efeitos homog\u00eaneos, uma vez que seus impactos incidem de modo mais intenso sobre grupos em condi\u00e7\u00e3o de maior vulnerabilidade, especialmente crian\u00e7as, adolescentes, pessoas com defici\u00eancia, comunidades tradicionais, popula\u00e7\u00f5es rurais e fam\u00edlias em situa\u00e7\u00e3o de vulnerabilidade socioecon\u00f4mica. Ao reconhecer essa assimetria, o projeto aproxima a pol\u00edtica ambiental de uma perspectiva de justi\u00e7a socioambiental\u201d, afirmou o senador.<\/p>\n<p>\u00a0<\/p>\n<p>      <!-- Relacionada --><\/p>\n<p>            <!-- Relacionada -->\n    <\/div>\n","protected":false},"excerpt":{"rendered":"<p>Por EBC, O direito de crian\u00e7as e adolescentes ao meio ambiente, \u201ccom prioridade absoluta\u201d, \u00e9 o que determina o chamado ECA Ambiental, projeto aprovado pelo Senado na \u00faltima quarta-feira (2).\u00a0O texto aguarda a san\u00e7\u00e3o do presidente Luiz In\u00e1cio Lula da Silva. Entre outros pontos, o projeto prev\u00ea o direito da crian\u00e7a e do adolescente \u00e0 &hellip;<\/p>\n","protected":false},"author":39,"featured_media":0,"comment_status":"open","ping_status":"open","sticky":false,"template":"","format":"standard","meta":{"_jetpack_newsletter_access":"","_jetpack_dont_email_post_to_subs":false,"_jetpack_newsletter_tier_id":0,"_jetpack_memberships_contains_paywalled_content":false,"_jetpack_feature_clip_id":0,"_jetpack_memberships_contains_paid_content":false,"footnotes":"","jetpack_post_was_ever_published":false},"categories":[4],"tags":[],"class_list":["post-466160","post","type-post","status-publish","format-standard","hentry","category-servicos"],"yoast_head":"<!-- This site is optimized with the Yoast SEO plugin v28.4 - https:\/\/yoast.com\/product\/yoast-seo-wordpress\/ -->\n<title>Senado aprova direito priorit\u00e1rio da crian\u00e7a a meio ambiente saud\u00e1vel<\/title>\n<meta name=\"robots\" content=\"index, follow, max-snippet:-1, max-image-preview:large, max-video-preview:-1\" \/>\n<link rel=\"canonical\" href=\"https:\/\/agenciabrasil.ebc.com.br\/meio-ambiente\/noticia\/2026-09\/senado-aprova-direito-prioritario-da-crianca-meio-ambiente-saudavel\" \/>\n<meta property=\"og:locale\" content=\"pt_BR\" \/>\n<meta property=\"og:type\" content=\"article\" \/>\n<meta property=\"og:title\" content=\"Senado aprova direito priorit\u00e1rio da crian\u00e7a a meio ambiente saud\u00e1vel\" \/>\n<meta property=\"og:description\" content=\"Por EBC, O direito de crian\u00e7as e adolescentes ao meio ambiente, \u201ccom prioridade absoluta\u201d, \u00e9 o que determina o chamado ECA Ambiental, projeto aprovado pelo Senado na \u00faltima quarta-feira (2).\u00a0O texto aguarda a san\u00e7\u00e3o do presidente Luiz In\u00e1cio Lula da Silva. Entre outros pontos, o projeto prev\u00ea o direito da crian\u00e7a e do adolescente \u00e0 &hellip;\" \/>\n<meta property=\"og:url\" content=\"https:\/\/agenciabrasil.ebc.com.br\/meio-ambiente\/noticia\/2026-09\/senado-aprova-direito-prioritario-da-crianca-meio-ambiente-saudavel\" \/>\n<meta property=\"og:site_name\" content=\"MRNews\" \/>\n<meta property=\"article:publisher\" content=\"https:\/\/www.facebook.com\/eaipahpah\/?locale2=pt_BR\" \/>\n<meta property=\"article:published_time\" content=\"2026-09-04T22:20:05+00:00\" \/>\n<meta name=\"author\" content=\"Fernando Corraa\" \/>\n<meta name=\"twitter:card\" content=\"summary_large_image\" \/>\n<meta name=\"twitter:creator\" content=\"@conspirou\" \/>\n<meta name=\"twitter:site\" content=\"@conspirou\" \/>\n<meta name=\"twitter:label1\" content=\"Escrito por\" \/>\n\t<meta name=\"twitter:data1\" content=\"Fernando Corraa\" \/>\n\t<meta name=\"twitter:label2\" content=\"Est. tempo de leitura\" \/>\n\t<meta name=\"twitter:data2\" content=\"2 minutos\" \/>\n<script type=\"application\/ld+json\" class=\"yoast-schema-graph\">{\"@context\":\"https:\\\/\\\/schema.org\",\"@graph\":[{\"@type\":\"Article\",\"@id\":\"https:\\\/\\\/agenciabrasil.ebc.com.br\\\/meio-ambiente\\\/noticia\\\/2026-09\\\/senado-aprova-direito-prioritario-da-crianca-meio-ambiente-saudavel#article\",\"isPartOf\":{\"@id\":\"https:\\\/\\\/mrnews.com.br\\\/index.php\\\/2026\\\/09\\\/04\\\/senado-aprova-direito-prioritario-da-crianca-a-meio-ambiente-saudavel\\\/\"},\"author\":{\"name\":\"Fernando Corraa\",\"@id\":\"https:\\\/\\\/mrnews.com.br\\\/#\\\/schema\\\/person\\\/2f073f2d87903a2ff9a065e41bbf17d4\"},\"headline\":\"Senado aprova direito priorit\u00e1rio da crian\u00e7a a meio ambiente saud\u00e1vel\",\"datePublished\":\"2026-09-04T22:20:05+00:00\",\"mainEntityOfPage\":{\"@id\":\"https:\\\/\\\/mrnews.com.br\\\/index.php\\\/2026\\\/09\\\/04\\\/senado-aprova-direito-prioritario-da-crianca-a-meio-ambiente-saudavel\\\/\"},\"wordCount\":491,\"commentCount\":0,\"publisher\":{\"@id\":\"https:\\\/\\\/mrnews.com.br\\\/#organization\"},\"articleSection\":[\"SERVI\u00c7OS\"],\"inLanguage\":\"pt-BR\",\"potentialAction\":[{\"@type\":\"CommentAction\",\"name\":\"Comment\",\"target\":[\"https:\\\/\\\/agenciabrasil.ebc.com.br\\\/meio-ambiente\\\/noticia\\\/2026-09\\\/senado-aprova-direito-prioritario-da-crianca-meio-ambiente-saudavel#respond\"]}]},{\"@type\":\"WebPage\",\"@id\":\"https:\\\/\\\/mrnews.com.br\\\/index.php\\\/2026\\\/09\\\/04\\\/senado-aprova-direito-prioritario-da-crianca-a-meio-ambiente-saudavel\\\/\",\"url\":\"https:\\\/\\\/agenciabrasil.ebc.com.br\\\/meio-ambiente\\\/noticia\\\/2026-09\\\/senado-aprova-direito-prioritario-da-crianca-meio-ambiente-saudavel\",\"name\":\"Senado aprova direito priorit\u00e1rio da crian\u00e7a a meio ambiente saud\u00e1vel\",\"isPartOf\":{\"@id\":\"https:\\\/\\\/mrnews.com.br\\\/#website\"},\"datePublished\":\"2026-09-04T22:20:05+00:00\",\"breadcrumb\":{\"@id\":\"https:\\\/\\\/agenciabrasil.ebc.com.br\\\/meio-ambiente\\\/noticia\\\/2026-09\\\/senado-aprova-direito-prioritario-da-crianca-meio-ambiente-saudavel#breadcrumb\"},\"inLanguage\":\"pt-BR\",\"potentialAction\":[{\"@type\":\"ReadAction\",\"target\":[\"https:\\\/\\\/agenciabrasil.ebc.com.br\\\/meio-ambiente\\\/noticia\\\/2026-09\\\/senado-aprova-direito-prioritario-da-crianca-meio-ambiente-saudavel\"]}]},{\"@type\":\"BreadcrumbList\",\"@id\":\"https:\\\/\\\/agenciabrasil.ebc.com.br\\\/meio-ambiente\\\/noticia\\\/2026-09\\\/senado-aprova-direito-prioritario-da-crianca-meio-ambiente-saudavel#breadcrumb\",\"itemListElement\":[{\"@type\":\"ListItem\",\"position\":1,\"name\":\"In\u00edcio\",\"item\":\"https:\\\/\\\/mrnews.com.br\\\/\"},{\"@type\":\"ListItem\",\"position\":2,\"name\":\"Senado aprova direito priorit\u00e1rio da crian\u00e7a a meio ambiente saud\u00e1vel\"}]},{\"@type\":\"WebSite\",\"@id\":\"https:\\\/\\\/mrnews.com.br\\\/#website\",\"url\":\"https:\\\/\\\/mrnews.com.br\\\/\",\"name\":\"MRNews\",\"description\":\"MRNews Jogos de hoje da TV, transmiss\u00f5es ao vivo, Not\u00edcias de futebol, Jogos ao vivo, Lives, resumo de novelas, Programa\u00e7\u00e3o da Globo, A Fazenda e BBB\",\"publisher\":{\"@id\":\"https:\\\/\\\/mrnews.com.br\\\/#organization\"},\"potentialAction\":[{\"@type\":\"SearchAction\",\"target\":{\"@type\":\"EntryPoint\",\"urlTemplate\":\"https:\\\/\\\/mrnews.com.br\\\/?s={search_term_string}\"},\"query-input\":{\"@type\":\"PropertyValueSpecification\",\"valueRequired\":true,\"valueName\":\"search_term_string\"}}],\"inLanguage\":\"pt-BR\"},{\"@type\":\"Organization\",\"@id\":\"https:\\\/\\\/mrnews.com.br\\\/#organization\",\"name\":\"MRNews\",\"url\":\"https:\\\/\\\/mrnews.com.br\\\/\",\"logo\":{\"@type\":\"ImageObject\",\"inLanguage\":\"pt-BR\",\"@id\":\"https:\\\/\\\/mrnews.com.br\\\/#\\\/schema\\\/logo\\\/image\\\/\",\"url\":\"https:\\\/\\\/mrnews.com.br\\\/wp-content\\\/uploads\\\/2026\\\/08\\\/MRNEws.png\",\"contentUrl\":\"https:\\\/\\\/mrnews.com.br\\\/wp-content\\\/uploads\\\/2026\\\/08\\\/MRNEws.png\",\"width\":1254,\"height\":1254,\"caption\":\"MRNews\"},\"image\":{\"@id\":\"https:\\\/\\\/mrnews.com.br\\\/#\\\/schema\\\/logo\\\/image\\\/\"},\"sameAs\":[\"https:\\\/\\\/www.facebook.com\\\/eaipahpah\\\/?locale2=pt_BR\",\"https:\\\/\\\/x.com\\\/conspirou\",\"https:\\\/\\\/www.instagram.com\\\/eai_pahpah\",\"https:\\\/\\\/br.pinterest.com\\\/mrnewsn\\\/boards\\\/\",\"https:\\\/\\\/www.youtube.com\\\/channel\\\/UCacgnpznQ61fifLWr1tQ-vA?view_as=subscriber\"]},{\"@type\":\"Person\",\"@id\":\"https:\\\/\\\/mrnews.com.br\\\/#\\\/schema\\\/person\\\/2f073f2d87903a2ff9a065e41bbf17d4\",\"name\":\"Fernando Corraa\",\"image\":{\"@type\":\"ImageObject\",\"inLanguage\":\"pt-BR\",\"@id\":\"https:\\\/\\\/secure.gravatar.com\\\/avatar\\\/9069acb0e588c9f4346ba747284aef18a5faaab575e89e9ccc64e315003f0b82?s=96&d=monsterid&r=g\",\"url\":\"https:\\\/\\\/secure.gravatar.com\\\/avatar\\\/9069acb0e588c9f4346ba747284aef18a5faaab575e89e9ccc64e315003f0b82?s=96&d=monsterid&r=g\",\"contentUrl\":\"https:\\\/\\\/secure.gravatar.com\\\/avatar\\\/9069acb0e588c9f4346ba747284aef18a5faaab575e89e9ccc64e315003f0b82?s=96&d=monsterid&r=g\",\"caption\":\"Fernando Corraa\"},\"url\":\"https:\\\/\\\/mrnews.com.br\\\/index.php\\\/author\\\/fernando-corraa\\\/\"}]}<\/script>\n<!-- \/ Yoast SEO plugin. -->","yoast_head_json":{"title":"Senado aprova direito priorit\u00e1rio da crian\u00e7a a meio ambiente saud\u00e1vel","robots":{"index":"index","follow":"follow","max-snippet":"max-snippet:-1","max-image-preview":"max-image-preview:large","max-video-preview":"max-video-preview:-1"},"canonical":"https:\/\/agenciabrasil.ebc.com.br\/meio-ambiente\/noticia\/2026-09\/senado-aprova-direito-prioritario-da-crianca-meio-ambiente-saudavel","og_locale":"pt_BR","og_type":"article","og_title":"Senado aprova direito priorit\u00e1rio da crian\u00e7a a meio ambiente saud\u00e1vel","og_description":"Por EBC, O direito de crian\u00e7as e adolescentes ao meio ambiente, \u201ccom prioridade absoluta\u201d, \u00e9 o que determina o chamado ECA Ambiental, projeto aprovado pelo Senado na \u00faltima quarta-feira (2).\u00a0O texto aguarda a san\u00e7\u00e3o do presidente Luiz In\u00e1cio Lula da Silva. Entre outros pontos, o projeto prev\u00ea o direito da crian\u00e7a e do adolescente \u00e0 &hellip;","og_url":"https:\/\/agenciabrasil.ebc.com.br\/meio-ambiente\/noticia\/2026-09\/senado-aprova-direito-prioritario-da-crianca-meio-ambiente-saudavel","og_site_name":"MRNews","article_publisher":"https:\/\/www.facebook.com\/eaipahpah\/?locale2=pt_BR","article_published_time":"2026-09-04T22:20:05+00:00","author":"Fernando Corraa","twitter_card":"summary_large_image","twitter_creator":"@conspirou","twitter_site":"@conspirou","twitter_misc":{"Escrito por":"Fernando Corraa","Est. tempo de leitura":"2 minutos"},"schema":{"@context":"https:\/\/schema.org","@graph":[{"@type":"Article","@id":"https:\/\/agenciabrasil.ebc.com.br\/meio-ambiente\/noticia\/2026-09\/senado-aprova-direito-prioritario-da-crianca-meio-ambiente-saudavel#article","isPartOf":{"@id":"https:\/\/mrnews.com.br\/index.php\/2026\/09\/04\/senado-aprova-direito-prioritario-da-crianca-a-meio-ambiente-saudavel\/"},"author":{"name":"Fernando Corraa","@id":"https:\/\/mrnews.com.br\/#\/schema\/person\/2f073f2d87903a2ff9a065e41bbf17d4"},"headline":"Senado aprova direito priorit\u00e1rio da crian\u00e7a a meio ambiente saud\u00e1vel","datePublished":"2026-09-04T22:20:05+00:00","mainEntityOfPage":{"@id":"https:\/\/mrnews.com.br\/index.php\/2026\/09\/04\/senado-aprova-direito-prioritario-da-crianca-a-meio-ambiente-saudavel\/"},"wordCount":491,"commentCount":0,"publisher":{"@id":"https:\/\/mrnews.com.br\/#organization"},"articleSection":["SERVI\u00c7OS"],"inLanguage":"pt-BR","potentialAction":[{"@type":"CommentAction","name":"Comment","target":["https:\/\/agenciabrasil.ebc.com.br\/meio-ambiente\/noticia\/2026-09\/senado-aprova-direito-prioritario-da-crianca-meio-ambiente-saudavel#respond"]}]},{"@type":"WebPage","@id":"https:\/\/mrnews.com.br\/index.php\/2026\/09\/04\/senado-aprova-direito-prioritario-da-crianca-a-meio-ambiente-saudavel\/","url":"https:\/\/agenciabrasil.ebc.com.br\/meio-ambiente\/noticia\/2026-09\/senado-aprova-direito-prioritario-da-crianca-meio-ambiente-saudavel","name":"Senado aprova direito priorit\u00e1rio da crian\u00e7a a meio ambiente saud\u00e1vel","isPartOf":{"@id":"https:\/\/mrnews.com.br\/#website"},"datePublished":"2026-09-04T22:20:05+00:00","breadcrumb":{"@id":"https:\/\/agenciabrasil.ebc.com.br\/meio-ambiente\/noticia\/2026-09\/senado-aprova-direito-prioritario-da-crianca-meio-ambiente-saudavel#breadcrumb"},"inLanguage":"pt-BR","potentialAction":[{"@type":"ReadAction","target":["https:\/\/agenciabrasil.ebc.com.br\/meio-ambiente\/noticia\/2026-09\/senado-aprova-direito-prioritario-da-crianca-meio-ambiente-saudavel"]}]},{"@type":"BreadcrumbList","@id":"https:\/\/agenciabrasil.ebc.com.br\/meio-ambiente\/noticia\/2026-09\/senado-aprova-direito-prioritario-da-crianca-meio-ambiente-saudavel#breadcrumb","itemListElement":[{"@type":"ListItem","position":1,"name":"In\u00edcio","item":"https:\/\/mrnews.com.br\/"},{"@type":"ListItem","position":2,"name":"Senado aprova direito priorit\u00e1rio da crian\u00e7a a meio ambiente saud\u00e1vel"}]},{"@type":"WebSite","@id":"https:\/\/mrnews.com.br\/#website","url":"https:\/\/mrnews.com.br\/","name":"MRNews","description":"MRNews Jogos de hoje da TV, transmiss\u00f5es ao vivo, Not\u00edcias de futebol, Jogos ao vivo, Lives, resumo de novelas, Programa\u00e7\u00e3o da Globo, A Fazenda e BBB","publisher":{"@id":"https:\/\/mrnews.com.br\/#organization"},"potentialAction":[{"@type":"SearchAction","target":{"@type":"EntryPoint","urlTemplate":"https:\/\/mrnews.com.br\/?s={search_term_string}"},"query-input":{"@type":"PropertyValueSpecification","valueRequired":true,"valueName":"search_term_string"}}],"inLanguage":"pt-BR"},{"@type":"Organization","@id":"https:\/\/mrnews.com.br\/#organization","name":"MRNews","url":"https:\/\/mrnews.com.br\/","logo":{"@type":"ImageObject","inLanguage":"pt-BR","@id":"https:\/\/mrnews.com.br\/#\/schema\/logo\/image\/","url":"https:\/\/mrnews.com.br\/wp-content\/uploads\/2026\/08\/MRNEws.png","contentUrl":"https:\/\/mrnews.com.br\/wp-content\/uploads\/2026\/08\/MRNEws.png","width":1254,"height":1254,"caption":"MRNews"},"image":{"@id":"https:\/\/mrnews.com.br\/#\/schema\/logo\/image\/"},"sameAs":["https:\/\/www.facebook.com\/eaipahpah\/?locale2=pt_BR","https:\/\/x.com\/conspirou","https:\/\/www.instagram.com\/eai_pahpah","https:\/\/br.pinterest.com\/mrnewsn\/boards\/","https:\/\/www.youtube.com\/channel\/UCacgnpznQ61fifLWr1tQ-vA?view_as=subscriber"]},{"@type":"Person","@id":"https:\/\/mrnews.com.br\/#\/schema\/person\/2f073f2d87903a2ff9a065e41bbf17d4","name":"Fernando Corraa","image":{"@type":"ImageObject","inLanguage":"pt-BR","@id":"https:\/\/secure.gravatar.com\/avatar\/9069acb0e588c9f4346ba747284aef18a5faaab575e89e9ccc64e315003f0b82?s=96&d=monsterid&r=g","url":"https:\/\/secure.gravatar.com\/avatar\/9069acb0e588c9f4346ba747284aef18a5faaab575e89e9ccc64e315003f0b82?s=96&d=monsterid&r=g","contentUrl":"https:\/\/secure.gravatar.com\/avatar\/9069acb0e588c9f4346ba747284aef18a5faaab575e89e9ccc64e315003f0b82?s=96&d=monsterid&r=g","caption":"Fernando Corraa"},"url":"https:\/\/mrnews.com.br\/index.php\/author\/fernando-corraa\/"}]}},"jetpack_sharing_enabled":true,"jetpack_shortlink":"https:\/\/wp.me\/pa2Qf7-1XgI","amp_enabled":true,"jetpack_featured_media_url":"","_links":{"self":[{"href":"https:\/\/mrnews.com.br\/index.php\/wp-json\/wp\/v2\/posts\/466160","targetHints":{"allow":["GET"]}}],"collection":[{"href":"https:\/\/mrnews.com.br\/index.php\/wp-json\/wp\/v2\/posts"}],"about":[{"href":"https:\/\/mrnews.com.br\/index.php\/wp-json\/wp\/v2\/types\/post"}],"author":[{"embeddable":true,"href":"https:\/\/mrnews.com.br\/index.php\/wp-json\/wp\/v2\/users\/39"}],"replies":[{"embeddable":true,"href":"https:\/\/mrnews.com.br\/index.php\/wp-json\/wp\/v2\/comments?post=466160"}],"version-history":[{"count":0,"href":"https:\/\/mrnews.com.br\/index.php\/wp-json\/wp\/v2\/posts\/466160\/revisions"}],"wp:attachment":[{"href":"https:\/\/mrnews.com.br\/index.php\/wp-json\/wp\/v2\/media?parent=466160"}],"wp:term":[{"taxonomy":"category","embeddable":true,"href":"https:\/\/mrnews.com.br\/index.php\/wp-json\/wp\/v2\/categories?post=466160"},{"taxonomy":"post_tag","embeddable":true,"href":"https:\/\/mrnews.com.br\/index.php\/wp-json\/wp\/v2\/tags?post=466160"}],"curies":[{"name":"wp","href":"https:\/\/api.w.org\/{rel}","templated":true}]}}