{"id":466161,"date":"2026-09-04T20:00:04","date_gmt":"2026-09-04T23:00:04","guid":{"rendered":"https:\/\/mrnews.com.br\/index.php\/2026\/09\/04\/wsl-exclui-etapa-de-abu-dhabi-do-circuito-mundial-de-surfe-deste-ano\/"},"modified":"2026-09-04T20:00:04","modified_gmt":"2026-09-04T23:00:04","slug":"wsl-exclui-etapa-de-abu-dhabi-do-circuito-mundial-de-surfe-deste-ano","status":"publish","type":"post","link":"https:\/\/mrnews.com.br\/index.php\/2026\/09\/04\/wsl-exclui-etapa-de-abu-dhabi-do-circuito-mundial-de-surfe-deste-ano\/","title":{"rendered":"WSL exclui etapa de Abu Dhabi do circuito mundial de surfe deste ano"},"content":{"rendered":"<p><\/p>\n<div>\n<p>A Liga Mundial de Surfe (World Surf League-WSL) excluiu a etapa de Abu Dhabi Pro, nos Emirados \u00c1rabes Unidos, do calend\u00e1rio deste ano do circuito mundial. A decis\u00e3o foi anunciada nesta sexta-feira (4) pela entidade, que alegou limita\u00e7\u00f5es log\u00edsticas como restri\u00e7\u00f5es de v\u00f4os na regi\u00e3o, que sofre com a guerra entre Estados Unidos e Ir\u00e3. \u00a0<\/p>\n<p>A etapa de Abu Dhabi, inicialmente programada outubro, j\u00e1 fora remarcada pela WSL para o per\u00edodo de 25 a 29 de novembro, na tentativa de manter a competi\u00e7\u00e3o no calend\u00e1rio de 2025..<\/p>\n<blockquote>\n<p>\u201cExploramos todas as op\u00e7\u00f5es para manter o Surf Abu Dhabi Pro no calend\u00e1rio deste ano\u201d, disse Ryan Crosby, diretor-executivo da WSL, em <strong>nota oficial.<\/strong> \u201cInfelizmente, as condi\u00e7\u00f5es atuais e as limita\u00e7\u00f5es log\u00edsticas tornaram imposs\u00edvel seguirmos em frente. Foi uma decis\u00e3o dif\u00edcil, mas a certa neste momento. Valorizamos nossa parceria com o Surf Abu Dhabi e esperamos retornar\u201d, concluiu.<\/p>\n<\/blockquote>\n<p>Com a retirada da etapa dos Emirados \u00c1rabes, o circuito mundial de surfe seguir\u00e1 com 12 etapas. O formato do Mundial, segundo a WSL, ser\u00e1 mantido, com tr\u00eas resultados descart\u00e1veis ao longo da temporada. \u00a0<\/p>\n<p>Faltam apenas quatro etapas para o t\u00e9rmino do circuito, sendo que a pr\u00f3xima em Trestles, na Calif\u00f3rnia (EUA), definir\u00e1 os 22 melhores surfistas homens e as 14 melhores atletas mulheres que avan\u00e7ar\u00e3o para a p\u00f3s-temporada (etapas de Peniche, em Portugal; e Cloud 9, nas Filipinas). Os campe\u00f5es mundiais ser\u00e3o conhecidos na grande etapa final, a Pipe Masters, no ic\u00f4nico pico de surfe no Hava\u00ed.<\/p>\n<p>Atualmente o potiguar \u00cdtalo Ferreira ocupa a vice-lideran\u00e7a do <strong>ranking mundial<\/strong>, atr\u00e1s apena do italiano Fioravanti. Completando o top 5 est\u00e3o o atual campe\u00e3o Yago Dora, o tricampe\u00e3o Gabriel Medina, e o paulista Miguel Pupo. Na disputa feminina, a brasileira-americana Luana Silva ocupa a quinta posi\u00e7\u00e3o.<\/p>\n<h2>Pr\u00f3ximas etapas do Mundial 2026<\/h2>\n<p>Etapa 9 &#8211; Lexus Trestles Pro &#8211; 11 a 20 de setembro de 2026;<\/p>\n<p>Etapa\u00a010 &#8211; MEO Rip Curl Pro Portugal &#8211; 16 a 25 de outubro de 2026;<\/p>\n<p>Etapa 11 &#8211; Philippines Pro apresentado pela Philippine Sports Commission &#8211; 31 de outubro a 10 de novembro de 2026;<\/p>\n<p>Etapa\u00a012 &#8211; Lexus Pipe Masters &#8211; 8 a 20 de dezembro de 2026.<\/p>\n<p>      <!-- Relacionada --><\/p>\n<p>            <!-- Relacionada -->\n    <\/div>\n","protected":false},"excerpt":{"rendered":"<p>A Liga Mundial de Surfe (World Surf League-WSL) excluiu a etapa de Abu Dhabi Pro, nos Emirados \u00c1rabes Unidos, do calend\u00e1rio deste ano do circuito mundial. A decis\u00e3o foi anunciada nesta sexta-feira (4) pela entidade, que alegou limita\u00e7\u00f5es log\u00edsticas como restri\u00e7\u00f5es de v\u00f4os na regi\u00e3o, que sofre com a guerra entre Estados Unidos e Ir\u00e3. &hellip;<\/p>\n","protected":false},"author":39,"featured_media":0,"comment_status":"open","ping_status":"open","sticky":false,"template":"","format":"standard","meta":{"_jetpack_newsletter_access":"","_jetpack_dont_email_post_to_subs":false,"_jetpack_newsletter_tier_id":0,"_jetpack_memberships_contains_paywalled_content":false,"_jetpack_feature_clip_id":0,"_jetpack_memberships_contains_paid_content":false,"footnotes":"","jetpack_post_was_ever_published":false},"categories":[3,4587,4],"tags":[],"class_list":["post-466161","post","type-post","status-publish","format-standard","hentry","category-esportes1","category-esportes","category-servicos"],"yoast_head":"<!-- This site is optimized with the Yoast SEO plugin v28.4 - https:\/\/yoast.com\/product\/yoast-seo-wordpress\/ -->\n<title>WSL exclui etapa de Abu Dhabi do circuito mundial de surfe deste ano<\/title>\n<meta name=\"robots\" content=\"index, follow, max-snippet:-1, max-image-preview:large, max-video-preview:-1\" \/>\n<link rel=\"canonical\" href=\"https:\/\/agenciabrasil.ebc.com.br\/esportes\/noticia\/2026-09\/wsl-exclui-etapa-de-abu-dhabi-do-circuito-mundial-de-surfe-deste-ano\" \/>\n<meta property=\"og:locale\" content=\"pt_BR\" \/>\n<meta property=\"og:type\" content=\"article\" \/>\n<meta property=\"og:title\" content=\"WSL exclui etapa de Abu Dhabi do circuito mundial de surfe deste ano\" \/>\n<meta property=\"og:description\" content=\"A Liga Mundial de Surfe (World Surf League-WSL) excluiu a etapa de Abu Dhabi Pro, nos Emirados \u00c1rabes Unidos, do calend\u00e1rio deste ano do circuito mundial. A decis\u00e3o foi anunciada nesta sexta-feira (4) pela entidade, que alegou limita\u00e7\u00f5es log\u00edsticas como restri\u00e7\u00f5es de v\u00f4os na regi\u00e3o, que sofre com a guerra entre Estados Unidos e Ir\u00e3. &hellip;\" \/>\n<meta property=\"og:url\" content=\"https:\/\/agenciabrasil.ebc.com.br\/esportes\/noticia\/2026-09\/wsl-exclui-etapa-de-abu-dhabi-do-circuito-mundial-de-surfe-deste-ano\" \/>\n<meta property=\"og:site_name\" content=\"MRNews\" \/>\n<meta property=\"article:publisher\" content=\"https:\/\/www.facebook.com\/eaipahpah\/?locale2=pt_BR\" \/>\n<meta property=\"article:published_time\" content=\"2026-09-04T23:00:04+00:00\" \/>\n<meta name=\"author\" content=\"Fernando Corraa\" \/>\n<meta name=\"twitter:card\" content=\"summary_large_image\" \/>\n<meta name=\"twitter:creator\" content=\"@conspirou\" \/>\n<meta name=\"twitter:site\" content=\"@conspirou\" \/>\n<meta name=\"twitter:label1\" content=\"Escrito por\" \/>\n\t<meta name=\"twitter:data1\" content=\"Fernando Corraa\" \/>\n\t<meta name=\"twitter:label2\" content=\"Est. tempo de leitura\" \/>\n\t<meta name=\"twitter:data2\" content=\"2 minutos\" \/>\n<script type=\"application\/ld+json\" class=\"yoast-schema-graph\">{\"@context\":\"https:\\\/\\\/schema.org\",\"@graph\":[{\"@type\":\"Article\",\"@id\":\"https:\\\/\\\/agenciabrasil.ebc.com.br\\\/esportes\\\/noticia\\\/2026-09\\\/wsl-exclui-etapa-de-abu-dhabi-do-circuito-mundial-de-surfe-deste-ano#article\",\"isPartOf\":{\"@id\":\"https:\\\/\\\/mrnews.com.br\\\/index.php\\\/2026\\\/09\\\/04\\\/wsl-exclui-etapa-de-abu-dhabi-do-circuito-mundial-de-surfe-deste-ano\\\/\"},\"author\":{\"name\":\"Fernando Corraa\",\"@id\":\"https:\\\/\\\/mrnews.com.br\\\/#\\\/schema\\\/person\\\/2f073f2d87903a2ff9a065e41bbf17d4\"},\"headline\":\"WSL exclui etapa de Abu Dhabi do circuito mundial de surfe deste ano\",\"datePublished\":\"2026-09-04T23:00:04+00:00\",\"mainEntityOfPage\":{\"@id\":\"https:\\\/\\\/mrnews.com.br\\\/index.php\\\/2026\\\/09\\\/04\\\/wsl-exclui-etapa-de-abu-dhabi-do-circuito-mundial-de-surfe-deste-ano\\\/\"},\"wordCount\":381,\"commentCount\":0,\"publisher\":{\"@id\":\"https:\\\/\\\/mrnews.com.br\\\/#organization\"},\"articleSection\":[\"ESPORTES\",\"Esportes\",\"SERVI\u00c7OS\"],\"inLanguage\":\"pt-BR\",\"potentialAction\":[{\"@type\":\"CommentAction\",\"name\":\"Comment\",\"target\":[\"https:\\\/\\\/agenciabrasil.ebc.com.br\\\/esportes\\\/noticia\\\/2026-09\\\/wsl-exclui-etapa-de-abu-dhabi-do-circuito-mundial-de-surfe-deste-ano#respond\"]}]},{\"@type\":\"WebPage\",\"@id\":\"https:\\\/\\\/mrnews.com.br\\\/index.php\\\/2026\\\/09\\\/04\\\/wsl-exclui-etapa-de-abu-dhabi-do-circuito-mundial-de-surfe-deste-ano\\\/\",\"url\":\"https:\\\/\\\/agenciabrasil.ebc.com.br\\\/esportes\\\/noticia\\\/2026-09\\\/wsl-exclui-etapa-de-abu-dhabi-do-circuito-mundial-de-surfe-deste-ano\",\"name\":\"WSL exclui etapa de Abu Dhabi do circuito mundial de surfe deste ano\",\"isPartOf\":{\"@id\":\"https:\\\/\\\/mrnews.com.br\\\/#website\"},\"datePublished\":\"2026-09-04T23:00:04+00:00\",\"breadcrumb\":{\"@id\":\"https:\\\/\\\/agenciabrasil.ebc.com.br\\\/esportes\\\/noticia\\\/2026-09\\\/wsl-exclui-etapa-de-abu-dhabi-do-circuito-mundial-de-surfe-deste-ano#breadcrumb\"},\"inLanguage\":\"pt-BR\",\"potentialAction\":[{\"@type\":\"ReadAction\",\"target\":[\"https:\\\/\\\/agenciabrasil.ebc.com.br\\\/esportes\\\/noticia\\\/2026-09\\\/wsl-exclui-etapa-de-abu-dhabi-do-circuito-mundial-de-surfe-deste-ano\"]}]},{\"@type\":\"BreadcrumbList\",\"@id\":\"https:\\\/\\\/agenciabrasil.ebc.com.br\\\/esportes\\\/noticia\\\/2026-09\\\/wsl-exclui-etapa-de-abu-dhabi-do-circuito-mundial-de-surfe-deste-ano#breadcrumb\",\"itemListElement\":[{\"@type\":\"ListItem\",\"position\":1,\"name\":\"In\u00edcio\",\"item\":\"https:\\\/\\\/mrnews.com.br\\\/\"},{\"@type\":\"ListItem\",\"position\":2,\"name\":\"WSL exclui etapa de Abu Dhabi do circuito mundial de surfe deste ano\"}]},{\"@type\":\"WebSite\",\"@id\":\"https:\\\/\\\/mrnews.com.br\\\/#website\",\"url\":\"https:\\\/\\\/mrnews.com.br\\\/\",\"name\":\"MRNews\",\"description\":\"MRNews Jogos de hoje da TV, transmiss\u00f5es ao vivo, Not\u00edcias de futebol, Jogos ao vivo, Lives, resumo de novelas, Programa\u00e7\u00e3o da Globo, A Fazenda e BBB\",\"publisher\":{\"@id\":\"https:\\\/\\\/mrnews.com.br\\\/#organization\"},\"potentialAction\":[{\"@type\":\"SearchAction\",\"target\":{\"@type\":\"EntryPoint\",\"urlTemplate\":\"https:\\\/\\\/mrnews.com.br\\\/?s={search_term_string}\"},\"query-input\":{\"@type\":\"PropertyValueSpecification\",\"valueRequired\":true,\"valueName\":\"search_term_string\"}}],\"inLanguage\":\"pt-BR\"},{\"@type\":\"Organization\",\"@id\":\"https:\\\/\\\/mrnews.com.br\\\/#organization\",\"name\":\"MRNews\",\"url\":\"https:\\\/\\\/mrnews.com.br\\\/\",\"logo\":{\"@type\":\"ImageObject\",\"inLanguage\":\"pt-BR\",\"@id\":\"https:\\\/\\\/mrnews.com.br\\\/#\\\/schema\\\/logo\\\/image\\\/\",\"url\":\"https:\\\/\\\/mrnews.com.br\\\/wp-content\\\/uploads\\\/2026\\\/08\\\/MRNEws.png\",\"contentUrl\":\"https:\\\/\\\/mrnews.com.br\\\/wp-content\\\/uploads\\\/2026\\\/08\\\/MRNEws.png\",\"width\":1254,\"height\":1254,\"caption\":\"MRNews\"},\"image\":{\"@id\":\"https:\\\/\\\/mrnews.com.br\\\/#\\\/schema\\\/logo\\\/image\\\/\"},\"sameAs\":[\"https:\\\/\\\/www.facebook.com\\\/eaipahpah\\\/?locale2=pt_BR\",\"https:\\\/\\\/x.com\\\/conspirou\",\"https:\\\/\\\/www.instagram.com\\\/eai_pahpah\",\"https:\\\/\\\/br.pinterest.com\\\/mrnewsn\\\/boards\\\/\",\"https:\\\/\\\/www.youtube.com\\\/channel\\\/UCacgnpznQ61fifLWr1tQ-vA?view_as=subscriber\"]},{\"@type\":\"Person\",\"@id\":\"https:\\\/\\\/mrnews.com.br\\\/#\\\/schema\\\/person\\\/2f073f2d87903a2ff9a065e41bbf17d4\",\"name\":\"Fernando Corraa\",\"image\":{\"@type\":\"ImageObject\",\"inLanguage\":\"pt-BR\",\"@id\":\"https:\\\/\\\/secure.gravatar.com\\\/avatar\\\/9069acb0e588c9f4346ba747284aef18a5faaab575e89e9ccc64e315003f0b82?s=96&d=monsterid&r=g\",\"url\":\"https:\\\/\\\/secure.gravatar.com\\\/avatar\\\/9069acb0e588c9f4346ba747284aef18a5faaab575e89e9ccc64e315003f0b82?s=96&d=monsterid&r=g\",\"contentUrl\":\"https:\\\/\\\/secure.gravatar.com\\\/avatar\\\/9069acb0e588c9f4346ba747284aef18a5faaab575e89e9ccc64e315003f0b82?s=96&d=monsterid&r=g\",\"caption\":\"Fernando Corraa\"},\"url\":\"https:\\\/\\\/mrnews.com.br\\\/index.php\\\/author\\\/fernando-corraa\\\/\"}]}<\/script>\n<!-- \/ Yoast SEO plugin. -->","yoast_head_json":{"title":"WSL exclui etapa de Abu Dhabi do circuito mundial de surfe deste ano","robots":{"index":"index","follow":"follow","max-snippet":"max-snippet:-1","max-image-preview":"max-image-preview:large","max-video-preview":"max-video-preview:-1"},"canonical":"https:\/\/agenciabrasil.ebc.com.br\/esportes\/noticia\/2026-09\/wsl-exclui-etapa-de-abu-dhabi-do-circuito-mundial-de-surfe-deste-ano","og_locale":"pt_BR","og_type":"article","og_title":"WSL exclui etapa de Abu Dhabi do circuito mundial de surfe deste ano","og_description":"A Liga Mundial de Surfe (World Surf League-WSL) excluiu a etapa de Abu Dhabi Pro, nos Emirados \u00c1rabes Unidos, do calend\u00e1rio deste ano do circuito mundial. A decis\u00e3o foi anunciada nesta sexta-feira (4) pela entidade, que alegou limita\u00e7\u00f5es log\u00edsticas como restri\u00e7\u00f5es de v\u00f4os na regi\u00e3o, que sofre com a guerra entre Estados Unidos e Ir\u00e3. &hellip;","og_url":"https:\/\/agenciabrasil.ebc.com.br\/esportes\/noticia\/2026-09\/wsl-exclui-etapa-de-abu-dhabi-do-circuito-mundial-de-surfe-deste-ano","og_site_name":"MRNews","article_publisher":"https:\/\/www.facebook.com\/eaipahpah\/?locale2=pt_BR","article_published_time":"2026-09-04T23:00:04+00:00","author":"Fernando Corraa","twitter_card":"summary_large_image","twitter_creator":"@conspirou","twitter_site":"@conspirou","twitter_misc":{"Escrito por":"Fernando Corraa","Est. tempo de leitura":"2 minutos"},"schema":{"@context":"https:\/\/schema.org","@graph":[{"@type":"Article","@id":"https:\/\/agenciabrasil.ebc.com.br\/esportes\/noticia\/2026-09\/wsl-exclui-etapa-de-abu-dhabi-do-circuito-mundial-de-surfe-deste-ano#article","isPartOf":{"@id":"https:\/\/mrnews.com.br\/index.php\/2026\/09\/04\/wsl-exclui-etapa-de-abu-dhabi-do-circuito-mundial-de-surfe-deste-ano\/"},"author":{"name":"Fernando Corraa","@id":"https:\/\/mrnews.com.br\/#\/schema\/person\/2f073f2d87903a2ff9a065e41bbf17d4"},"headline":"WSL exclui etapa de Abu Dhabi do circuito mundial de surfe deste ano","datePublished":"2026-09-04T23:00:04+00:00","mainEntityOfPage":{"@id":"https:\/\/mrnews.com.br\/index.php\/2026\/09\/04\/wsl-exclui-etapa-de-abu-dhabi-do-circuito-mundial-de-surfe-deste-ano\/"},"wordCount":381,"commentCount":0,"publisher":{"@id":"https:\/\/mrnews.com.br\/#organization"},"articleSection":["ESPORTES","Esportes","SERVI\u00c7OS"],"inLanguage":"pt-BR","potentialAction":[{"@type":"CommentAction","name":"Comment","target":["https:\/\/agenciabrasil.ebc.com.br\/esportes\/noticia\/2026-09\/wsl-exclui-etapa-de-abu-dhabi-do-circuito-mundial-de-surfe-deste-ano#respond"]}]},{"@type":"WebPage","@id":"https:\/\/mrnews.com.br\/index.php\/2026\/09\/04\/wsl-exclui-etapa-de-abu-dhabi-do-circuito-mundial-de-surfe-deste-ano\/","url":"https:\/\/agenciabrasil.ebc.com.br\/esportes\/noticia\/2026-09\/wsl-exclui-etapa-de-abu-dhabi-do-circuito-mundial-de-surfe-deste-ano","name":"WSL exclui etapa de Abu Dhabi do circuito mundial de surfe deste ano","isPartOf":{"@id":"https:\/\/mrnews.com.br\/#website"},"datePublished":"2026-09-04T23:00:04+00:00","breadcrumb":{"@id":"https:\/\/agenciabrasil.ebc.com.br\/esportes\/noticia\/2026-09\/wsl-exclui-etapa-de-abu-dhabi-do-circuito-mundial-de-surfe-deste-ano#breadcrumb"},"inLanguage":"pt-BR","potentialAction":[{"@type":"ReadAction","target":["https:\/\/agenciabrasil.ebc.com.br\/esportes\/noticia\/2026-09\/wsl-exclui-etapa-de-abu-dhabi-do-circuito-mundial-de-surfe-deste-ano"]}]},{"@type":"BreadcrumbList","@id":"https:\/\/agenciabrasil.ebc.com.br\/esportes\/noticia\/2026-09\/wsl-exclui-etapa-de-abu-dhabi-do-circuito-mundial-de-surfe-deste-ano#breadcrumb","itemListElement":[{"@type":"ListItem","position":1,"name":"In\u00edcio","item":"https:\/\/mrnews.com.br\/"},{"@type":"ListItem","position":2,"name":"WSL exclui etapa de Abu Dhabi do circuito mundial de surfe deste ano"}]},{"@type":"WebSite","@id":"https:\/\/mrnews.com.br\/#website","url":"https:\/\/mrnews.com.br\/","name":"MRNews","description":"MRNews Jogos de hoje da TV, transmiss\u00f5es ao vivo, Not\u00edcias de futebol, Jogos ao vivo, Lives, resumo de novelas, Programa\u00e7\u00e3o da Globo, A Fazenda e BBB","publisher":{"@id":"https:\/\/mrnews.com.br\/#organization"},"potentialAction":[{"@type":"SearchAction","target":{"@type":"EntryPoint","urlTemplate":"https:\/\/mrnews.com.br\/?s={search_term_string}"},"query-input":{"@type":"PropertyValueSpecification","valueRequired":true,"valueName":"search_term_string"}}],"inLanguage":"pt-BR"},{"@type":"Organization","@id":"https:\/\/mrnews.com.br\/#organization","name":"MRNews","url":"https:\/\/mrnews.com.br\/","logo":{"@type":"ImageObject","inLanguage":"pt-BR","@id":"https:\/\/mrnews.com.br\/#\/schema\/logo\/image\/","url":"https:\/\/mrnews.com.br\/wp-content\/uploads\/2026\/08\/MRNEws.png","contentUrl":"https:\/\/mrnews.com.br\/wp-content\/uploads\/2026\/08\/MRNEws.png","width":1254,"height":1254,"caption":"MRNews"},"image":{"@id":"https:\/\/mrnews.com.br\/#\/schema\/logo\/image\/"},"sameAs":["https:\/\/www.facebook.com\/eaipahpah\/?locale2=pt_BR","https:\/\/x.com\/conspirou","https:\/\/www.instagram.com\/eai_pahpah","https:\/\/br.pinterest.com\/mrnewsn\/boards\/","https:\/\/www.youtube.com\/channel\/UCacgnpznQ61fifLWr1tQ-vA?view_as=subscriber"]},{"@type":"Person","@id":"https:\/\/mrnews.com.br\/#\/schema\/person\/2f073f2d87903a2ff9a065e41bbf17d4","name":"Fernando Corraa","image":{"@type":"ImageObject","inLanguage":"pt-BR","@id":"https:\/\/secure.gravatar.com\/avatar\/9069acb0e588c9f4346ba747284aef18a5faaab575e89e9ccc64e315003f0b82?s=96&d=monsterid&r=g","url":"https:\/\/secure.gravatar.com\/avatar\/9069acb0e588c9f4346ba747284aef18a5faaab575e89e9ccc64e315003f0b82?s=96&d=monsterid&r=g","contentUrl":"https:\/\/secure.gravatar.com\/avatar\/9069acb0e588c9f4346ba747284aef18a5faaab575e89e9ccc64e315003f0b82?s=96&d=monsterid&r=g","caption":"Fernando Corraa"},"url":"https:\/\/mrnews.com.br\/index.php\/author\/fernando-corraa\/"}]}},"jetpack_sharing_enabled":true,"jetpack_shortlink":"https:\/\/wp.me\/pa2Qf7-1XgJ","amp_enabled":true,"jetpack_featured_media_url":"","_links":{"self":[{"href":"https:\/\/mrnews.com.br\/index.php\/wp-json\/wp\/v2\/posts\/466161","targetHints":{"allow":["GET"]}}],"collection":[{"href":"https:\/\/mrnews.com.br\/index.php\/wp-json\/wp\/v2\/posts"}],"about":[{"href":"https:\/\/mrnews.com.br\/index.php\/wp-json\/wp\/v2\/types\/post"}],"author":[{"embeddable":true,"href":"https:\/\/mrnews.com.br\/index.php\/wp-json\/wp\/v2\/users\/39"}],"replies":[{"embeddable":true,"href":"https:\/\/mrnews.com.br\/index.php\/wp-json\/wp\/v2\/comments?post=466161"}],"version-history":[{"count":0,"href":"https:\/\/mrnews.com.br\/index.php\/wp-json\/wp\/v2\/posts\/466161\/revisions"}],"wp:attachment":[{"href":"https:\/\/mrnews.com.br\/index.php\/wp-json\/wp\/v2\/media?parent=466161"}],"wp:term":[{"taxonomy":"category","embeddable":true,"href":"https:\/\/mrnews.com.br\/index.php\/wp-json\/wp\/v2\/categories?post=466161"},{"taxonomy":"post_tag","embeddable":true,"href":"https:\/\/mrnews.com.br\/index.php\/wp-json\/wp\/v2\/tags?post=466161"}],"curies":[{"name":"wp","href":"https:\/\/api.w.org\/{rel}","templated":true}]}}