{"id":466170,"date":"2026-09-04T22:08:02","date_gmt":"2026-09-05T01:08:02","guid":{"rendered":"https:\/\/mrnews.com.br\/index.php\/2026\/09\/04\/cmn-amplia-renegociacao-de-dividas-rurais-ligadas-a-eventos-climaticos\/"},"modified":"2026-09-04T22:08:02","modified_gmt":"2026-09-05T01:08:02","slug":"cmn-amplia-renegociacao-de-dividas-rurais-ligadas-a-eventos-climaticos","status":"publish","type":"post","link":"https:\/\/mrnews.com.br\/index.php\/2026\/09\/04\/cmn-amplia-renegociacao-de-dividas-rurais-ligadas-a-eventos-climaticos\/","title":{"rendered":"CMN amplia renegocia\u00e7\u00e3o de d\u00edvidas rurais ligadas a eventos clim\u00e1ticos"},"content":{"rendered":"<p>Por EBC, <\/p>\n<div>\n<p>Produtores rurais afetados por eventos clim\u00e1ticos ou outras condi\u00e7\u00f5es excepcionais <strong>ganharam mais um incentivo para renegociar d\u00edvidas<\/strong>. Em reuni\u00e3o extraordin\u00e1ria, o Conselho Monet\u00e1rio Nacional (CMN) aprovou nesta sexta-feira (4) uma medida que amplia as possibilidades de refinanciamento de d\u00e9bitos de agricultores, pecuaristas e cooperativas agropecu\u00e1rias afetados por eventos adversos ou outras condi\u00e7\u00f5es excepcionais que prejudicaram a capacidade de produ\u00e7\u00e3o e pagamento.<\/p>\n<p>A decis\u00e3o permite a composi\u00e7\u00e3o de d\u00edvidas que ficaram fora das regras da Resolu\u00e7\u00e3o CMN 5.330, aprovada em julho, por quest\u00f5es operacionais ou relacionadas aos prazos de formaliza\u00e7\u00e3o.<\/p>\n<p><strong>A medida busca atender aos produtores que preenchiam os requisitos para renegociar os d\u00e9bitos, mas perderam o enquadramento por n\u00e3o conseguirem concluir a opera\u00e7\u00e3o dentro do prazo.<\/strong><\/p>\n<p>Quem ser\u00e1 atendido<\/p>\n<p>Poder\u00e3o ser enquadradas:<\/p>\n<ul>\n<li>\u00a0 \u00a0 Opera\u00e7\u00f5es prorrogadas: d\u00edvidas que seguiram as regras da Resolu\u00e7\u00e3o 5.330, mas entraram em inadimpl\u00eancia ap\u00f3s o prazo de 30 dias porque a renegocia\u00e7\u00e3o n\u00e3o foi formalizada;<\/li>\n<li>\u00a0\u00a0\u00a0\u00a0D\u00edvidas com vencimento recente: opera\u00e7\u00f5es renegociadas ou prorrogadas at\u00e9 31 de maio de 2026, com vencimento entre 15 de agosto e a data de publica\u00e7\u00e3o da nova resolu\u00e7\u00e3o e que ficaram inadimplentes nesse per\u00edodo.<\/li>\n<\/ul>\n<p><strong>O prazo para contratar a recomposi\u00e7\u00e3o da d\u00edvida vai at\u00e9 12 de novembro.<\/strong><\/p>\n<p>O CMN tamb\u00e9m autorizou as institui\u00e7\u00f5es financeiras a oferecerem linhas de cr\u00e9dito com recursos livres para a recomposi\u00e7\u00e3o de d\u00edvidas rurais n\u00e3o contempladas pela Resolu\u00e7\u00e3o 5.330 ou quando os recursos originalmente destinados \u00e0 medida j\u00e1 tiverem sido totalmente utilizados.<\/p>\n<p>A contrata\u00e7\u00e3o depender\u00e1 de an\u00e1lise de cr\u00e9dito pelo banco, que far\u00e1 uma nova classifica\u00e7\u00e3o de risco. <strong>As garantias (bens tomados em caso de inadimpl\u00eancia) tamb\u00e9m poder\u00e3o ser reavaliadas.<\/strong><\/p>\n<p>O produtor, no entanto, deve ficar atento. Embora a medida amplie as op\u00e7\u00f5es de renegocia\u00e7\u00e3o, n\u00e3o significa aprova\u00e7\u00e3o autom\u00e1tica do cr\u00e9dito.<\/p>\n<h2>Fundos constitucionais<\/h2>\n<p>O Conselho aprovou ainda um tratamento espec\u00edfico para opera\u00e7\u00f5es contratadas com recursos dos Fundos Constitucionais de Financiamento do Norte (FNO), Nordeste (FNE) e Centro-Oeste (FCO).<\/p>\n<p>A regra prev\u00ea uma classifica\u00e7\u00e3o de risco mais favor\u00e1vel para determinadas opera\u00e7\u00f5es renegociadas de acordo com a legisla\u00e7\u00e3o vigente.\u00a0<\/p>\n<p><strong>Est\u00e3o contempladas opera\u00e7\u00f5es contratadas pelo Programa Nacional de Fortalecimento da Agricultura Familiar (Pronaf), pelo Programa Nacional de Apoio ao M\u00e9dio Produtor Rural (Pronamp) e demais linhas de cr\u00e9dito rural.<\/strong><\/p>\n<p>Para os fundos constitucionais, a regra contempla dois grupos.<\/p>\n<p><strong>Primeiro grupo<\/strong><\/p>\n<p>Opera\u00e7\u00f5es de custeio, comercializa\u00e7\u00e3o e industrializa\u00e7\u00e3o:<\/p>\n<ul>\n<li>\u00a0\u00a0\u00a0\u00a0renegociadas ou prorrogadas entre 1\u00ba de junho e 15 de julho de 2026;<\/li>\n<li>\u00a0\u00a0\u00a0\u00a0adimplentes (em dia) no momento da contrata\u00e7\u00e3o da nova opera\u00e7\u00e3o.<\/li>\n<\/ul>\n<p><strong>Segundo grupo<\/strong><\/p>\n<p>Opera\u00e7\u00f5es de custeio, investimento, comercializa\u00e7\u00e3o e industrializa\u00e7\u00e3o:<\/p>\n<ul>\n<li>\u00a0\u00a0\u00a0\u00a0contratadas at\u00e9 dezembro de 2025, mesmo que tenham sido renegociadas ou prorrogadas;<\/li>\n<li>\u00a0\u00a0\u00a0\u00a0inadimplentes desde 1\u00ba de janeiro de 2024;<\/li>\n<li>\u00a0\u00a0\u00a0\u00a0continuavam inadimplentes em 15 de julho de 2026.<\/li>\n<\/ul>\n<h2>Entenda<\/h2>\n<p>A nova regra surgiu ap\u00f3s o CMN identificar, durante a regulamenta\u00e7\u00e3o da renegocia\u00e7\u00e3o de d\u00edvidas rurais, opera\u00e7\u00f5es que atendiam aos crit\u00e9rios para renegocia\u00e7\u00e3o, mas ficaram impedidas de acessar as linhas de cr\u00e9dito por problemas operacionais relacionados \u00e0 formaliza\u00e7\u00e3o e aos prazos.<\/p>\n<p>Essa resolu\u00e7\u00e3o regulamentou a Medida Provis\u00f3ria (MP) 1.376, editada em julho para apoiar produtores e cooperativas afetados por eventos clim\u00e1ticos e outras condi\u00e7\u00f5es excepcionais.<\/p>\n<p>Publicada ap\u00f3s um acordo entre o governo e o Congresso, a MP prev\u00ea at\u00e9 dez anos de pagamento e a cria\u00e7\u00e3o de um fundo garantidor para ampliar o acesso ao financiamento rural de m\u00e9dio e longo prazo.<\/p>\n<p><strong>Com a nova decis\u00e3o, o CMN procura corrigir a lacuna e ampliar o alcance das medidas de apoio ao setor rural.<\/strong><\/p>\n<h2>Conselho<\/h2>\n<p>O Conselho Monet\u00e1rio Nacional \u00e9 o \u00f3rg\u00e3o respons\u00e1vel por formular diretrizes das pol\u00edticas monet\u00e1ria, credit\u00edcia e cambial do pa\u00eds.<\/p>\n<p>Presidido pelo ministro da Fazenda, Dario Durigan, o CMN tamb\u00e9m \u00e9 composto pelo presidente do Banco Central, Gabriel Gal\u00edpolo, e pelo ministro do Planejamento e Or\u00e7amento, Bruno Moretti.<\/p>\n<p>      <!-- Relacionada --><\/p>\n<p>            <!-- Relacionada -->\n    <\/div>\n","protected":false},"excerpt":{"rendered":"<p>Por EBC, Produtores rurais afetados por eventos clim\u00e1ticos ou outras condi\u00e7\u00f5es excepcionais ganharam mais um incentivo para renegociar d\u00edvidas. Em reuni\u00e3o extraordin\u00e1ria, o Conselho Monet\u00e1rio Nacional (CMN) aprovou nesta sexta-feira (4) uma medida que amplia as possibilidades de refinanciamento de d\u00e9bitos de agricultores, pecuaristas e cooperativas agropecu\u00e1rias afetados por eventos adversos ou outras condi\u00e7\u00f5es excepcionais &hellip;<\/p>\n","protected":false},"author":39,"featured_media":0,"comment_status":"open","ping_status":"open","sticky":false,"template":"","format":"standard","meta":{"_jetpack_newsletter_access":"","_jetpack_dont_email_post_to_subs":false,"_jetpack_newsletter_tier_id":0,"_jetpack_memberships_contains_paywalled_content":false,"_jetpack_feature_clip_id":0,"_jetpack_memberships_contains_paid_content":false,"footnotes":"","jetpack_post_was_ever_published":false},"categories":[4],"tags":[],"class_list":["post-466170","post","type-post","status-publish","format-standard","hentry","category-servicos"],"yoast_head":"<!-- This site is optimized with the Yoast SEO plugin v28.4 - https:\/\/yoast.com\/product\/yoast-seo-wordpress\/ -->\n<title>CMN amplia renegocia\u00e7\u00e3o de d\u00edvidas rurais ligadas a eventos clim\u00e1ticos<\/title>\n<meta name=\"robots\" content=\"index, follow, max-snippet:-1, max-image-preview:large, max-video-preview:-1\" \/>\n<link rel=\"canonical\" href=\"https:\/\/agenciabrasil.ebc.com.br\/economia\/noticia\/2026-09\/cmn-amplia-renegociacao-de-dividas-rurais-ligadas-eventos-climaticos\" \/>\n<meta property=\"og:locale\" content=\"pt_BR\" \/>\n<meta property=\"og:type\" content=\"article\" \/>\n<meta property=\"og:title\" content=\"CMN amplia renegocia\u00e7\u00e3o de d\u00edvidas rurais ligadas a eventos clim\u00e1ticos\" \/>\n<meta property=\"og:description\" content=\"Por EBC, Produtores rurais afetados por eventos clim\u00e1ticos ou outras condi\u00e7\u00f5es excepcionais ganharam mais um incentivo para renegociar d\u00edvidas. Em reuni\u00e3o extraordin\u00e1ria, o Conselho Monet\u00e1rio Nacional (CMN) aprovou nesta sexta-feira (4) uma medida que amplia as possibilidades de refinanciamento de d\u00e9bitos de agricultores, pecuaristas e cooperativas agropecu\u00e1rias afetados por eventos adversos ou outras condi\u00e7\u00f5es excepcionais &hellip;\" \/>\n<meta property=\"og:url\" content=\"https:\/\/agenciabrasil.ebc.com.br\/economia\/noticia\/2026-09\/cmn-amplia-renegociacao-de-dividas-rurais-ligadas-eventos-climaticos\" \/>\n<meta property=\"og:site_name\" content=\"MRNews\" \/>\n<meta property=\"article:publisher\" content=\"https:\/\/www.facebook.com\/eaipahpah\/?locale2=pt_BR\" \/>\n<meta property=\"article:published_time\" content=\"2026-09-05T01:08:02+00:00\" \/>\n<meta name=\"author\" content=\"Fernando Corraa\" \/>\n<meta name=\"twitter:card\" content=\"summary_large_image\" \/>\n<meta name=\"twitter:creator\" content=\"@conspirou\" \/>\n<meta name=\"twitter:site\" content=\"@conspirou\" \/>\n<meta name=\"twitter:label1\" content=\"Escrito por\" \/>\n\t<meta name=\"twitter:data1\" content=\"Fernando Corraa\" \/>\n\t<meta name=\"twitter:label2\" content=\"Est. tempo de leitura\" \/>\n\t<meta name=\"twitter:data2\" content=\"3 minutos\" \/>\n<script type=\"application\/ld+json\" class=\"yoast-schema-graph\">{\"@context\":\"https:\\\/\\\/schema.org\",\"@graph\":[{\"@type\":\"Article\",\"@id\":\"https:\\\/\\\/agenciabrasil.ebc.com.br\\\/economia\\\/noticia\\\/2026-09\\\/cmn-amplia-renegociacao-de-dividas-rurais-ligadas-eventos-climaticos#article\",\"isPartOf\":{\"@id\":\"https:\\\/\\\/mrnews.com.br\\\/index.php\\\/2026\\\/09\\\/04\\\/cmn-amplia-renegociacao-de-dividas-rurais-ligadas-a-eventos-climaticos\\\/\"},\"author\":{\"name\":\"Fernando Corraa\",\"@id\":\"https:\\\/\\\/mrnews.com.br\\\/#\\\/schema\\\/person\\\/2f073f2d87903a2ff9a065e41bbf17d4\"},\"headline\":\"CMN amplia renegocia\u00e7\u00e3o de d\u00edvidas rurais ligadas a eventos clim\u00e1ticos\",\"datePublished\":\"2026-09-05T01:08:02+00:00\",\"mainEntityOfPage\":{\"@id\":\"https:\\\/\\\/mrnews.com.br\\\/index.php\\\/2026\\\/09\\\/04\\\/cmn-amplia-renegociacao-de-dividas-rurais-ligadas-a-eventos-climaticos\\\/\"},\"wordCount\":698,\"commentCount\":0,\"publisher\":{\"@id\":\"https:\\\/\\\/mrnews.com.br\\\/#organization\"},\"articleSection\":[\"SERVI\u00c7OS\"],\"inLanguage\":\"pt-BR\",\"potentialAction\":[{\"@type\":\"CommentAction\",\"name\":\"Comment\",\"target\":[\"https:\\\/\\\/agenciabrasil.ebc.com.br\\\/economia\\\/noticia\\\/2026-09\\\/cmn-amplia-renegociacao-de-dividas-rurais-ligadas-eventos-climaticos#respond\"]}]},{\"@type\":\"WebPage\",\"@id\":\"https:\\\/\\\/mrnews.com.br\\\/index.php\\\/2026\\\/09\\\/04\\\/cmn-amplia-renegociacao-de-dividas-rurais-ligadas-a-eventos-climaticos\\\/\",\"url\":\"https:\\\/\\\/agenciabrasil.ebc.com.br\\\/economia\\\/noticia\\\/2026-09\\\/cmn-amplia-renegociacao-de-dividas-rurais-ligadas-eventos-climaticos\",\"name\":\"CMN amplia renegocia\u00e7\u00e3o de d\u00edvidas rurais ligadas a eventos clim\u00e1ticos\",\"isPartOf\":{\"@id\":\"https:\\\/\\\/mrnews.com.br\\\/#website\"},\"datePublished\":\"2026-09-05T01:08:02+00:00\",\"breadcrumb\":{\"@id\":\"https:\\\/\\\/agenciabrasil.ebc.com.br\\\/economia\\\/noticia\\\/2026-09\\\/cmn-amplia-renegociacao-de-dividas-rurais-ligadas-eventos-climaticos#breadcrumb\"},\"inLanguage\":\"pt-BR\",\"potentialAction\":[{\"@type\":\"ReadAction\",\"target\":[\"https:\\\/\\\/agenciabrasil.ebc.com.br\\\/economia\\\/noticia\\\/2026-09\\\/cmn-amplia-renegociacao-de-dividas-rurais-ligadas-eventos-climaticos\"]}]},{\"@type\":\"BreadcrumbList\",\"@id\":\"https:\\\/\\\/agenciabrasil.ebc.com.br\\\/economia\\\/noticia\\\/2026-09\\\/cmn-amplia-renegociacao-de-dividas-rurais-ligadas-eventos-climaticos#breadcrumb\",\"itemListElement\":[{\"@type\":\"ListItem\",\"position\":1,\"name\":\"In\u00edcio\",\"item\":\"https:\\\/\\\/mrnews.com.br\\\/\"},{\"@type\":\"ListItem\",\"position\":2,\"name\":\"CMN amplia renegocia\u00e7\u00e3o de d\u00edvidas rurais ligadas a eventos clim\u00e1ticos\"}]},{\"@type\":\"WebSite\",\"@id\":\"https:\\\/\\\/mrnews.com.br\\\/#website\",\"url\":\"https:\\\/\\\/mrnews.com.br\\\/\",\"name\":\"MRNews\",\"description\":\"MRNews Jogos de hoje da TV, transmiss\u00f5es ao vivo, Not\u00edcias de futebol, Jogos ao vivo, Lives, resumo de novelas, Programa\u00e7\u00e3o da Globo, A Fazenda e BBB\",\"publisher\":{\"@id\":\"https:\\\/\\\/mrnews.com.br\\\/#organization\"},\"potentialAction\":[{\"@type\":\"SearchAction\",\"target\":{\"@type\":\"EntryPoint\",\"urlTemplate\":\"https:\\\/\\\/mrnews.com.br\\\/?s={search_term_string}\"},\"query-input\":{\"@type\":\"PropertyValueSpecification\",\"valueRequired\":true,\"valueName\":\"search_term_string\"}}],\"inLanguage\":\"pt-BR\"},{\"@type\":\"Organization\",\"@id\":\"https:\\\/\\\/mrnews.com.br\\\/#organization\",\"name\":\"MRNews\",\"url\":\"https:\\\/\\\/mrnews.com.br\\\/\",\"logo\":{\"@type\":\"ImageObject\",\"inLanguage\":\"pt-BR\",\"@id\":\"https:\\\/\\\/mrnews.com.br\\\/#\\\/schema\\\/logo\\\/image\\\/\",\"url\":\"https:\\\/\\\/mrnews.com.br\\\/wp-content\\\/uploads\\\/2026\\\/08\\\/MRNEws.png\",\"contentUrl\":\"https:\\\/\\\/mrnews.com.br\\\/wp-content\\\/uploads\\\/2026\\\/08\\\/MRNEws.png\",\"width\":1254,\"height\":1254,\"caption\":\"MRNews\"},\"image\":{\"@id\":\"https:\\\/\\\/mrnews.com.br\\\/#\\\/schema\\\/logo\\\/image\\\/\"},\"sameAs\":[\"https:\\\/\\\/www.facebook.com\\\/eaipahpah\\\/?locale2=pt_BR\",\"https:\\\/\\\/x.com\\\/conspirou\",\"https:\\\/\\\/www.instagram.com\\\/eai_pahpah\",\"https:\\\/\\\/br.pinterest.com\\\/mrnewsn\\\/boards\\\/\",\"https:\\\/\\\/www.youtube.com\\\/channel\\\/UCacgnpznQ61fifLWr1tQ-vA?view_as=subscriber\"]},{\"@type\":\"Person\",\"@id\":\"https:\\\/\\\/mrnews.com.br\\\/#\\\/schema\\\/person\\\/2f073f2d87903a2ff9a065e41bbf17d4\",\"name\":\"Fernando Corraa\",\"image\":{\"@type\":\"ImageObject\",\"inLanguage\":\"pt-BR\",\"@id\":\"https:\\\/\\\/secure.gravatar.com\\\/avatar\\\/9069acb0e588c9f4346ba747284aef18a5faaab575e89e9ccc64e315003f0b82?s=96&d=monsterid&r=g\",\"url\":\"https:\\\/\\\/secure.gravatar.com\\\/avatar\\\/9069acb0e588c9f4346ba747284aef18a5faaab575e89e9ccc64e315003f0b82?s=96&d=monsterid&r=g\",\"contentUrl\":\"https:\\\/\\\/secure.gravatar.com\\\/avatar\\\/9069acb0e588c9f4346ba747284aef18a5faaab575e89e9ccc64e315003f0b82?s=96&d=monsterid&r=g\",\"caption\":\"Fernando Corraa\"},\"url\":\"https:\\\/\\\/mrnews.com.br\\\/index.php\\\/author\\\/fernando-corraa\\\/\"}]}<\/script>\n<!-- \/ Yoast SEO plugin. -->","yoast_head_json":{"title":"CMN amplia renegocia\u00e7\u00e3o de d\u00edvidas rurais ligadas a eventos clim\u00e1ticos","robots":{"index":"index","follow":"follow","max-snippet":"max-snippet:-1","max-image-preview":"max-image-preview:large","max-video-preview":"max-video-preview:-1"},"canonical":"https:\/\/agenciabrasil.ebc.com.br\/economia\/noticia\/2026-09\/cmn-amplia-renegociacao-de-dividas-rurais-ligadas-eventos-climaticos","og_locale":"pt_BR","og_type":"article","og_title":"CMN amplia renegocia\u00e7\u00e3o de d\u00edvidas rurais ligadas a eventos clim\u00e1ticos","og_description":"Por EBC, Produtores rurais afetados por eventos clim\u00e1ticos ou outras condi\u00e7\u00f5es excepcionais ganharam mais um incentivo para renegociar d\u00edvidas. Em reuni\u00e3o extraordin\u00e1ria, o Conselho Monet\u00e1rio Nacional (CMN) aprovou nesta sexta-feira (4) uma medida que amplia as possibilidades de refinanciamento de d\u00e9bitos de agricultores, pecuaristas e cooperativas agropecu\u00e1rias afetados por eventos adversos ou outras condi\u00e7\u00f5es excepcionais &hellip;","og_url":"https:\/\/agenciabrasil.ebc.com.br\/economia\/noticia\/2026-09\/cmn-amplia-renegociacao-de-dividas-rurais-ligadas-eventos-climaticos","og_site_name":"MRNews","article_publisher":"https:\/\/www.facebook.com\/eaipahpah\/?locale2=pt_BR","article_published_time":"2026-09-05T01:08:02+00:00","author":"Fernando Corraa","twitter_card":"summary_large_image","twitter_creator":"@conspirou","twitter_site":"@conspirou","twitter_misc":{"Escrito por":"Fernando Corraa","Est. tempo de leitura":"3 minutos"},"schema":{"@context":"https:\/\/schema.org","@graph":[{"@type":"Article","@id":"https:\/\/agenciabrasil.ebc.com.br\/economia\/noticia\/2026-09\/cmn-amplia-renegociacao-de-dividas-rurais-ligadas-eventos-climaticos#article","isPartOf":{"@id":"https:\/\/mrnews.com.br\/index.php\/2026\/09\/04\/cmn-amplia-renegociacao-de-dividas-rurais-ligadas-a-eventos-climaticos\/"},"author":{"name":"Fernando Corraa","@id":"https:\/\/mrnews.com.br\/#\/schema\/person\/2f073f2d87903a2ff9a065e41bbf17d4"},"headline":"CMN amplia renegocia\u00e7\u00e3o de d\u00edvidas rurais ligadas a eventos clim\u00e1ticos","datePublished":"2026-09-05T01:08:02+00:00","mainEntityOfPage":{"@id":"https:\/\/mrnews.com.br\/index.php\/2026\/09\/04\/cmn-amplia-renegociacao-de-dividas-rurais-ligadas-a-eventos-climaticos\/"},"wordCount":698,"commentCount":0,"publisher":{"@id":"https:\/\/mrnews.com.br\/#organization"},"articleSection":["SERVI\u00c7OS"],"inLanguage":"pt-BR","potentialAction":[{"@type":"CommentAction","name":"Comment","target":["https:\/\/agenciabrasil.ebc.com.br\/economia\/noticia\/2026-09\/cmn-amplia-renegociacao-de-dividas-rurais-ligadas-eventos-climaticos#respond"]}]},{"@type":"WebPage","@id":"https:\/\/mrnews.com.br\/index.php\/2026\/09\/04\/cmn-amplia-renegociacao-de-dividas-rurais-ligadas-a-eventos-climaticos\/","url":"https:\/\/agenciabrasil.ebc.com.br\/economia\/noticia\/2026-09\/cmn-amplia-renegociacao-de-dividas-rurais-ligadas-eventos-climaticos","name":"CMN amplia renegocia\u00e7\u00e3o de d\u00edvidas rurais ligadas a eventos clim\u00e1ticos","isPartOf":{"@id":"https:\/\/mrnews.com.br\/#website"},"datePublished":"2026-09-05T01:08:02+00:00","breadcrumb":{"@id":"https:\/\/agenciabrasil.ebc.com.br\/economia\/noticia\/2026-09\/cmn-amplia-renegociacao-de-dividas-rurais-ligadas-eventos-climaticos#breadcrumb"},"inLanguage":"pt-BR","potentialAction":[{"@type":"ReadAction","target":["https:\/\/agenciabrasil.ebc.com.br\/economia\/noticia\/2026-09\/cmn-amplia-renegociacao-de-dividas-rurais-ligadas-eventos-climaticos"]}]},{"@type":"BreadcrumbList","@id":"https:\/\/agenciabrasil.ebc.com.br\/economia\/noticia\/2026-09\/cmn-amplia-renegociacao-de-dividas-rurais-ligadas-eventos-climaticos#breadcrumb","itemListElement":[{"@type":"ListItem","position":1,"name":"In\u00edcio","item":"https:\/\/mrnews.com.br\/"},{"@type":"ListItem","position":2,"name":"CMN amplia renegocia\u00e7\u00e3o de d\u00edvidas rurais ligadas a eventos clim\u00e1ticos"}]},{"@type":"WebSite","@id":"https:\/\/mrnews.com.br\/#website","url":"https:\/\/mrnews.com.br\/","name":"MRNews","description":"MRNews Jogos de hoje da TV, transmiss\u00f5es ao vivo, Not\u00edcias de futebol, Jogos ao vivo, Lives, resumo de novelas, Programa\u00e7\u00e3o da Globo, A Fazenda e BBB","publisher":{"@id":"https:\/\/mrnews.com.br\/#organization"},"potentialAction":[{"@type":"SearchAction","target":{"@type":"EntryPoint","urlTemplate":"https:\/\/mrnews.com.br\/?s={search_term_string}"},"query-input":{"@type":"PropertyValueSpecification","valueRequired":true,"valueName":"search_term_string"}}],"inLanguage":"pt-BR"},{"@type":"Organization","@id":"https:\/\/mrnews.com.br\/#organization","name":"MRNews","url":"https:\/\/mrnews.com.br\/","logo":{"@type":"ImageObject","inLanguage":"pt-BR","@id":"https:\/\/mrnews.com.br\/#\/schema\/logo\/image\/","url":"https:\/\/mrnews.com.br\/wp-content\/uploads\/2026\/08\/MRNEws.png","contentUrl":"https:\/\/mrnews.com.br\/wp-content\/uploads\/2026\/08\/MRNEws.png","width":1254,"height":1254,"caption":"MRNews"},"image":{"@id":"https:\/\/mrnews.com.br\/#\/schema\/logo\/image\/"},"sameAs":["https:\/\/www.facebook.com\/eaipahpah\/?locale2=pt_BR","https:\/\/x.com\/conspirou","https:\/\/www.instagram.com\/eai_pahpah","https:\/\/br.pinterest.com\/mrnewsn\/boards\/","https:\/\/www.youtube.com\/channel\/UCacgnpznQ61fifLWr1tQ-vA?view_as=subscriber"]},{"@type":"Person","@id":"https:\/\/mrnews.com.br\/#\/schema\/person\/2f073f2d87903a2ff9a065e41bbf17d4","name":"Fernando Corraa","image":{"@type":"ImageObject","inLanguage":"pt-BR","@id":"https:\/\/secure.gravatar.com\/avatar\/9069acb0e588c9f4346ba747284aef18a5faaab575e89e9ccc64e315003f0b82?s=96&d=monsterid&r=g","url":"https:\/\/secure.gravatar.com\/avatar\/9069acb0e588c9f4346ba747284aef18a5faaab575e89e9ccc64e315003f0b82?s=96&d=monsterid&r=g","contentUrl":"https:\/\/secure.gravatar.com\/avatar\/9069acb0e588c9f4346ba747284aef18a5faaab575e89e9ccc64e315003f0b82?s=96&d=monsterid&r=g","caption":"Fernando Corraa"},"url":"https:\/\/mrnews.com.br\/index.php\/author\/fernando-corraa\/"}]}},"jetpack_sharing_enabled":true,"jetpack_shortlink":"https:\/\/wp.me\/pa2Qf7-1XgS","amp_enabled":true,"jetpack_featured_media_url":"","_links":{"self":[{"href":"https:\/\/mrnews.com.br\/index.php\/wp-json\/wp\/v2\/posts\/466170","targetHints":{"allow":["GET"]}}],"collection":[{"href":"https:\/\/mrnews.com.br\/index.php\/wp-json\/wp\/v2\/posts"}],"about":[{"href":"https:\/\/mrnews.com.br\/index.php\/wp-json\/wp\/v2\/types\/post"}],"author":[{"embeddable":true,"href":"https:\/\/mrnews.com.br\/index.php\/wp-json\/wp\/v2\/users\/39"}],"replies":[{"embeddable":true,"href":"https:\/\/mrnews.com.br\/index.php\/wp-json\/wp\/v2\/comments?post=466170"}],"version-history":[{"count":0,"href":"https:\/\/mrnews.com.br\/index.php\/wp-json\/wp\/v2\/posts\/466170\/revisions"}],"wp:attachment":[{"href":"https:\/\/mrnews.com.br\/index.php\/wp-json\/wp\/v2\/media?parent=466170"}],"wp:term":[{"taxonomy":"category","embeddable":true,"href":"https:\/\/mrnews.com.br\/index.php\/wp-json\/wp\/v2\/categories?post=466170"},{"taxonomy":"post_tag","embeddable":true,"href":"https:\/\/mrnews.com.br\/index.php\/wp-json\/wp\/v2\/tags?post=466170"}],"curies":[{"name":"wp","href":"https:\/\/api.w.org\/{rel}","templated":true}]}}