{"id":466174,"date":"2026-09-05T01:40:02","date_gmt":"2026-09-05T04:40:02","guid":{"rendered":"https:\/\/mrnews.com.br\/index.php\/2026\/09\/05\/confira-como-foi-a-sexta-feira-4-dos-candidatos-a-presidente\/"},"modified":"2026-09-05T01:40:02","modified_gmt":"2026-09-05T04:40:02","slug":"confira-como-foi-a-sexta-feira-4-dos-candidatos-a-presidente","status":"publish","type":"post","link":"https:\/\/mrnews.com.br\/index.php\/2026\/09\/05\/confira-como-foi-a-sexta-feira-4-dos-candidatos-a-presidente\/","title":{"rendered":"Confira como foi a sexta-feira (4) dos candidatos a presidente"},"content":{"rendered":"<p>Por EBC, <\/p>\n<div>\n<p>A agenda dos presidenci\u00e1veis nesta sexta-feira (4) incluiu caminhadas, com\u00edcios e eventos de campanha, al\u00e9m de entrevistas a emissoras de r\u00e1dio e ve\u00edculos de imprensa.\u00a0<\/p>\n<h2>&gt;&gt; Veja como foi o dia dos candidatos<\/h2>\n<p><strong>Wilson Grassi (Democrata)<\/strong><br \/>O candidato Wilson Grassi n\u00e3o teve agenda p\u00fablica de campanha.<\/p>\n<p><strong>Augusto Cury (Avante)<\/strong><br \/>O candidato\u00a0Augusto Cury participou de almo\u00e7o com empres\u00e1rios e visitou a Funda\u00e7\u00e3o Faculdade de Medicina, em S\u00e3o Jos\u00e9 do Rio Preto (SP). Ele tamb\u00e9m conversou com eleitores\u00a0no Mercado Municipal e no centro do cidade.<\/p>\n<p>Cury afirmou que, caso eleito, pretende acabar com a\u00a0reelei\u00e7\u00e3o para cargos do Executivo.<\/p>\n<p>\u201cCargos p\u00fablicos n\u00e3o devem ser tratados como patrim\u00f4nio pessoal ou familiar\u201d, disse.<\/p>\n<p><strong>Clariana Bar\u00e3o (Democracia Crist\u00e3)<\/strong><br \/>A candidata Clariana Bar\u00e3o n\u00e3o teve agenda p\u00fablica de campanha.<\/p>\n<p><strong>Edmilson Costa (PCB)<\/strong><br \/>O candidato Edmilson Costa\u00a0cumpre agenda da secretaria-geral do PCB, em\u00a0Lisboa.<\/p>\n<p><strong>Fl\u00e1vio Bolsonaro (PL)<\/strong><br \/>O candidato Fl\u00e1vio Bolsonaro defendeu a qualifica\u00e7\u00e3o e capacita\u00e7\u00e3o de\u00a0jovens ao\u00a0visitar\u00a0um hub tecnol\u00f3gico em S\u00e3o Carlos (SP).\u00a0<\/p>\n<p>\u201c\u00c9 um exemplo a ser seguido e que a gente pretende replicar para que os nossos c\u00e9rebros, nossas mentes brilhantes fiquem aqui no Brasil, desenvolvam as suas ideias aqui no Brasil e ganhem dinheiro aqui no Brasil\u201d. \u00a0<\/p>\n<p>Para o candidato, a capacita\u00e7\u00e3o da m\u00e3o de obra \u00e9 importante para atrair\u00a0atrair empresas estrangeiras para o Brasil.<\/p>\n<p><strong>Hertz Dias (PSTU)<\/strong><br \/>O candidato Hertz Dias fez campanha em Alagoinhas (BA), onde concedeu entrevistas \u00e0 93FM e \u00e0 R\u00e1dio Ouro Negro FM e fez panfletagem. \u00c0 noite, participou da apresenta\u00e7\u00e3o do programa do PSTU.<\/p>\n<p>Hertz defendeu projeto de desenvolvimento para as demandas\u00a0do Nordeste.<\/p>\n<p>&#8220;Grandes empresas chegam exigindo isen\u00e7\u00f5es fiscais, pagando poucos impostos e oferecendo sal\u00e1rios baixos. Enquanto isso, estados e munic\u00edpios abrem m\u00e3o de recursos que poderiam ser investidos em sa\u00fade, educa\u00e7\u00e3o, infraestrutura e gera\u00e7\u00e3o de empregos&#8221;, afirmou.<\/p>\n<p><strong>Luiz In\u00e1cio Lula da Silva (PT)<\/strong><br \/>O candidato Luiz In\u00e1cio Lula da Silva participou de uma caminhada em Juazeiro do Norte (CE).<\/p>\n<p>Em entrevista \u00e0\u00a0R\u00e1dio Progresso, Lula defendeu a aprova\u00e7\u00e3o da proposta que acaba com a escala de trabalho 6&#215;1, que tramita no Senado.\u00a0<\/p>\n<p>\u201cE falta aprovar o fim da escala 6&#215;1, para a gente ter o povo brasileiro trabalhador descansando um pouco mais, ficando um dia a mais com a fam\u00edlia, ou seja, o trabalhador vai poder estudar, vai criar os filhos, vai visitar parentes, vai fazer as coisas que todo mundo gosta de fazer&#8221;, afirmou.<\/p>\n<p><strong>Renan Santos (Miss\u00e3o)<\/strong><br \/>O candidato Renan Santos\u00a0participou de um com\u00edcio em Olinda (PE).<\/p>\n<p><strong>Romeu Zema (Novo)<\/strong><br \/>O candidato Romeu Zema\u00a0participou da sabatina do <em>Estad\u00e3o<\/em>, em S\u00e3o Paulo.<\/p>\n<p>Zema se encontrou com representantes da Uni\u00e3o Santa Ifig\u00eania, grupo formado por comerciantes e empres\u00e1rios do setor varejista.<\/p>\n<p>Sobre o projeto aprovado no Congresso que acaba com a chamada &#8220;taxa das blusinhas&#8221;, o candidato disse que o fim do\u00a0imposto sobre compras internacionais de at\u00e9 US$ 50\u00a0traz dificuldades para o empres\u00e1rio nacional, que pode acabar optando\u00a0por &#8220;fechar a sua loja aqui, o seu e-commerce, abrir em outro pa\u00eds e vender para o brasileiro\u201d.<\/p>\n<p><strong>Ronaldo Caiado (PSD)<\/strong><br \/>O candidato Ronaldo Caiado\u00a0participou de sabatina do <em>Uol<\/em>\u00a0e da<em> Folha de S.Paulo<\/em>, na capital paulista.<\/p>\n<p>Caiado visitou a\u00a0sede do Google e afirmou que, caso eleito, pretende investir no setor tecnol\u00f3gico.\u00a0\u00a0<\/p>\n<p>\u201cVou investir fortemente na economia do conhecimento\u201d, disse. \u00c0 noite, participou de sabatina da revista<em> Veja<\/em>.<\/p>\n<p><strong>Rui Costa Pimenta (PCO)<\/strong><br \/>O candidato Rui Costa Pimenta n\u00e3o teve agenda p\u00fablica de campanha.<\/p>\n<p><strong>Samara Martins (UP)<\/strong><br \/>A candidata Samara Martins n\u00e3o teve agenda p\u00fablica de campanha.<\/p>\n<p>A ordem de apresenta\u00e7\u00e3o da cobertura da agenda dos candidatos a presidente segue rod\u00edzio di\u00e1rio em ordem alfab\u00e9tica.<\/p>\n<p><em>* Colaboraram Douglas Corr\u00eaa (Rio de Janeiro), Luciano Nascimento (S\u00e3o Lu\u00eds)\u00a0e\u00a0reda\u00e7\u00e3o de S\u00e3o Paulo.<\/em><\/p>\n<p>      <!-- Relacionada --><\/p>\n<p>            <!-- Relacionada -->\n    <\/div>\n","protected":false},"excerpt":{"rendered":"<p>Por EBC, A agenda dos presidenci\u00e1veis nesta sexta-feira (4) incluiu caminhadas, com\u00edcios e eventos de campanha, al\u00e9m de entrevistas a emissoras de r\u00e1dio e ve\u00edculos de imprensa.\u00a0 &gt;&gt; Veja como foi o dia dos candidatos Wilson Grassi (Democrata)O candidato Wilson Grassi n\u00e3o teve agenda p\u00fablica de campanha. Augusto Cury (Avante)O candidato\u00a0Augusto Cury participou de almo\u00e7o &hellip;<\/p>\n","protected":false},"author":39,"featured_media":0,"comment_status":"open","ping_status":"open","sticky":false,"template":"","format":"standard","meta":{"_jetpack_newsletter_access":"","_jetpack_dont_email_post_to_subs":false,"_jetpack_newsletter_tier_id":0,"_jetpack_memberships_contains_paywalled_content":false,"_jetpack_feature_clip_id":0,"_jetpack_memberships_contains_paid_content":false,"footnotes":"","jetpack_post_was_ever_published":false},"categories":[4],"tags":[],"class_list":["post-466174","post","type-post","status-publish","format-standard","hentry","category-servicos"],"yoast_head":"<!-- This site is optimized with the Yoast SEO plugin v28.4 - https:\/\/yoast.com\/product\/yoast-seo-wordpress\/ -->\n<title>Confira como foi a sexta-feira (4) dos candidatos a presidente<\/title>\n<meta name=\"robots\" content=\"index, follow, max-snippet:-1, max-image-preview:large, max-video-preview:-1\" \/>\n<link rel=\"canonical\" href=\"https:\/\/agenciabrasil.ebc.com.br\/politica\/noticia\/2026-09\/confira-como-foi-sexta-feira-4-dos-candidatos-presidente\" \/>\n<meta property=\"og:locale\" content=\"pt_BR\" \/>\n<meta property=\"og:type\" content=\"article\" \/>\n<meta property=\"og:title\" content=\"Confira como foi a sexta-feira (4) dos candidatos a presidente\" \/>\n<meta property=\"og:description\" content=\"Por EBC, A agenda dos presidenci\u00e1veis nesta sexta-feira (4) incluiu caminhadas, com\u00edcios e eventos de campanha, al\u00e9m de entrevistas a emissoras de r\u00e1dio e ve\u00edculos de imprensa.\u00a0 &gt;&gt; Veja como foi o dia dos candidatos Wilson Grassi (Democrata)O candidato Wilson Grassi n\u00e3o teve agenda p\u00fablica de campanha. Augusto Cury (Avante)O candidato\u00a0Augusto Cury participou de almo\u00e7o &hellip;\" \/>\n<meta property=\"og:url\" content=\"https:\/\/agenciabrasil.ebc.com.br\/politica\/noticia\/2026-09\/confira-como-foi-sexta-feira-4-dos-candidatos-presidente\" \/>\n<meta property=\"og:site_name\" content=\"MRNews\" \/>\n<meta property=\"article:publisher\" content=\"https:\/\/www.facebook.com\/eaipahpah\/?locale2=pt_BR\" \/>\n<meta property=\"article:published_time\" content=\"2026-09-05T04:40:02+00:00\" \/>\n<meta name=\"author\" content=\"Fernando Corraa\" \/>\n<meta name=\"twitter:card\" content=\"summary_large_image\" \/>\n<meta name=\"twitter:creator\" content=\"@conspirou\" \/>\n<meta name=\"twitter:site\" content=\"@conspirou\" \/>\n<meta name=\"twitter:label1\" content=\"Escrito por\" \/>\n\t<meta name=\"twitter:data1\" content=\"Fernando Corraa\" \/>\n\t<meta name=\"twitter:label2\" content=\"Est. tempo de leitura\" \/>\n\t<meta name=\"twitter:data2\" content=\"3 minutos\" \/>\n<script type=\"application\/ld+json\" class=\"yoast-schema-graph\">{\"@context\":\"https:\\\/\\\/schema.org\",\"@graph\":[{\"@type\":\"Article\",\"@id\":\"https:\\\/\\\/agenciabrasil.ebc.com.br\\\/politica\\\/noticia\\\/2026-09\\\/confira-como-foi-sexta-feira-4-dos-candidatos-presidente#article\",\"isPartOf\":{\"@id\":\"https:\\\/\\\/mrnews.com.br\\\/index.php\\\/2026\\\/09\\\/05\\\/confira-como-foi-a-sexta-feira-4-dos-candidatos-a-presidente\\\/\"},\"author\":{\"name\":\"Fernando Corraa\",\"@id\":\"https:\\\/\\\/mrnews.com.br\\\/#\\\/schema\\\/person\\\/2f073f2d87903a2ff9a065e41bbf17d4\"},\"headline\":\"Confira como foi a sexta-feira (4) dos candidatos a presidente\",\"datePublished\":\"2026-09-05T04:40:02+00:00\",\"mainEntityOfPage\":{\"@id\":\"https:\\\/\\\/mrnews.com.br\\\/index.php\\\/2026\\\/09\\\/05\\\/confira-como-foi-a-sexta-feira-4-dos-candidatos-a-presidente\\\/\"},\"wordCount\":684,\"commentCount\":0,\"publisher\":{\"@id\":\"https:\\\/\\\/mrnews.com.br\\\/#organization\"},\"articleSection\":[\"SERVI\u00c7OS\"],\"inLanguage\":\"pt-BR\",\"potentialAction\":[{\"@type\":\"CommentAction\",\"name\":\"Comment\",\"target\":[\"https:\\\/\\\/agenciabrasil.ebc.com.br\\\/politica\\\/noticia\\\/2026-09\\\/confira-como-foi-sexta-feira-4-dos-candidatos-presidente#respond\"]}]},{\"@type\":\"WebPage\",\"@id\":\"https:\\\/\\\/mrnews.com.br\\\/index.php\\\/2026\\\/09\\\/05\\\/confira-como-foi-a-sexta-feira-4-dos-candidatos-a-presidente\\\/\",\"url\":\"https:\\\/\\\/agenciabrasil.ebc.com.br\\\/politica\\\/noticia\\\/2026-09\\\/confira-como-foi-sexta-feira-4-dos-candidatos-presidente\",\"name\":\"Confira como foi a sexta-feira (4) dos candidatos a presidente\",\"isPartOf\":{\"@id\":\"https:\\\/\\\/mrnews.com.br\\\/#website\"},\"datePublished\":\"2026-09-05T04:40:02+00:00\",\"breadcrumb\":{\"@id\":\"https:\\\/\\\/agenciabrasil.ebc.com.br\\\/politica\\\/noticia\\\/2026-09\\\/confira-como-foi-sexta-feira-4-dos-candidatos-presidente#breadcrumb\"},\"inLanguage\":\"pt-BR\",\"potentialAction\":[{\"@type\":\"ReadAction\",\"target\":[\"https:\\\/\\\/agenciabrasil.ebc.com.br\\\/politica\\\/noticia\\\/2026-09\\\/confira-como-foi-sexta-feira-4-dos-candidatos-presidente\"]}]},{\"@type\":\"BreadcrumbList\",\"@id\":\"https:\\\/\\\/agenciabrasil.ebc.com.br\\\/politica\\\/noticia\\\/2026-09\\\/confira-como-foi-sexta-feira-4-dos-candidatos-presidente#breadcrumb\",\"itemListElement\":[{\"@type\":\"ListItem\",\"position\":1,\"name\":\"In\u00edcio\",\"item\":\"https:\\\/\\\/mrnews.com.br\\\/\"},{\"@type\":\"ListItem\",\"position\":2,\"name\":\"Confira como foi a sexta-feira (4) dos candidatos a presidente\"}]},{\"@type\":\"WebSite\",\"@id\":\"https:\\\/\\\/mrnews.com.br\\\/#website\",\"url\":\"https:\\\/\\\/mrnews.com.br\\\/\",\"name\":\"MRNews\",\"description\":\"MRNews Jogos de hoje da TV, transmiss\u00f5es ao vivo, Not\u00edcias de futebol, Jogos ao vivo, Lives, resumo de novelas, Programa\u00e7\u00e3o da Globo, A Fazenda e BBB\",\"publisher\":{\"@id\":\"https:\\\/\\\/mrnews.com.br\\\/#organization\"},\"potentialAction\":[{\"@type\":\"SearchAction\",\"target\":{\"@type\":\"EntryPoint\",\"urlTemplate\":\"https:\\\/\\\/mrnews.com.br\\\/?s={search_term_string}\"},\"query-input\":{\"@type\":\"PropertyValueSpecification\",\"valueRequired\":true,\"valueName\":\"search_term_string\"}}],\"inLanguage\":\"pt-BR\"},{\"@type\":\"Organization\",\"@id\":\"https:\\\/\\\/mrnews.com.br\\\/#organization\",\"name\":\"MRNews\",\"url\":\"https:\\\/\\\/mrnews.com.br\\\/\",\"logo\":{\"@type\":\"ImageObject\",\"inLanguage\":\"pt-BR\",\"@id\":\"https:\\\/\\\/mrnews.com.br\\\/#\\\/schema\\\/logo\\\/image\\\/\",\"url\":\"https:\\\/\\\/mrnews.com.br\\\/wp-content\\\/uploads\\\/2026\\\/08\\\/MRNEws.png\",\"contentUrl\":\"https:\\\/\\\/mrnews.com.br\\\/wp-content\\\/uploads\\\/2026\\\/08\\\/MRNEws.png\",\"width\":1254,\"height\":1254,\"caption\":\"MRNews\"},\"image\":{\"@id\":\"https:\\\/\\\/mrnews.com.br\\\/#\\\/schema\\\/logo\\\/image\\\/\"},\"sameAs\":[\"https:\\\/\\\/www.facebook.com\\\/eaipahpah\\\/?locale2=pt_BR\",\"https:\\\/\\\/x.com\\\/conspirou\",\"https:\\\/\\\/www.instagram.com\\\/eai_pahpah\",\"https:\\\/\\\/br.pinterest.com\\\/mrnewsn\\\/boards\\\/\",\"https:\\\/\\\/www.youtube.com\\\/channel\\\/UCacgnpznQ61fifLWr1tQ-vA?view_as=subscriber\"]},{\"@type\":\"Person\",\"@id\":\"https:\\\/\\\/mrnews.com.br\\\/#\\\/schema\\\/person\\\/2f073f2d87903a2ff9a065e41bbf17d4\",\"name\":\"Fernando Corraa\",\"image\":{\"@type\":\"ImageObject\",\"inLanguage\":\"pt-BR\",\"@id\":\"https:\\\/\\\/secure.gravatar.com\\\/avatar\\\/9069acb0e588c9f4346ba747284aef18a5faaab575e89e9ccc64e315003f0b82?s=96&d=monsterid&r=g\",\"url\":\"https:\\\/\\\/secure.gravatar.com\\\/avatar\\\/9069acb0e588c9f4346ba747284aef18a5faaab575e89e9ccc64e315003f0b82?s=96&d=monsterid&r=g\",\"contentUrl\":\"https:\\\/\\\/secure.gravatar.com\\\/avatar\\\/9069acb0e588c9f4346ba747284aef18a5faaab575e89e9ccc64e315003f0b82?s=96&d=monsterid&r=g\",\"caption\":\"Fernando Corraa\"},\"url\":\"https:\\\/\\\/mrnews.com.br\\\/index.php\\\/author\\\/fernando-corraa\\\/\"}]}<\/script>\n<!-- \/ Yoast SEO plugin. -->","yoast_head_json":{"title":"Confira como foi a sexta-feira (4) dos candidatos a presidente","robots":{"index":"index","follow":"follow","max-snippet":"max-snippet:-1","max-image-preview":"max-image-preview:large","max-video-preview":"max-video-preview:-1"},"canonical":"https:\/\/agenciabrasil.ebc.com.br\/politica\/noticia\/2026-09\/confira-como-foi-sexta-feira-4-dos-candidatos-presidente","og_locale":"pt_BR","og_type":"article","og_title":"Confira como foi a sexta-feira (4) dos candidatos a presidente","og_description":"Por EBC, A agenda dos presidenci\u00e1veis nesta sexta-feira (4) incluiu caminhadas, com\u00edcios e eventos de campanha, al\u00e9m de entrevistas a emissoras de r\u00e1dio e ve\u00edculos de imprensa.\u00a0 &gt;&gt; Veja como foi o dia dos candidatos Wilson Grassi (Democrata)O candidato Wilson Grassi n\u00e3o teve agenda p\u00fablica de campanha. Augusto Cury (Avante)O candidato\u00a0Augusto Cury participou de almo\u00e7o &hellip;","og_url":"https:\/\/agenciabrasil.ebc.com.br\/politica\/noticia\/2026-09\/confira-como-foi-sexta-feira-4-dos-candidatos-presidente","og_site_name":"MRNews","article_publisher":"https:\/\/www.facebook.com\/eaipahpah\/?locale2=pt_BR","article_published_time":"2026-09-05T04:40:02+00:00","author":"Fernando Corraa","twitter_card":"summary_large_image","twitter_creator":"@conspirou","twitter_site":"@conspirou","twitter_misc":{"Escrito por":"Fernando Corraa","Est. tempo de leitura":"3 minutos"},"schema":{"@context":"https:\/\/schema.org","@graph":[{"@type":"Article","@id":"https:\/\/agenciabrasil.ebc.com.br\/politica\/noticia\/2026-09\/confira-como-foi-sexta-feira-4-dos-candidatos-presidente#article","isPartOf":{"@id":"https:\/\/mrnews.com.br\/index.php\/2026\/09\/05\/confira-como-foi-a-sexta-feira-4-dos-candidatos-a-presidente\/"},"author":{"name":"Fernando Corraa","@id":"https:\/\/mrnews.com.br\/#\/schema\/person\/2f073f2d87903a2ff9a065e41bbf17d4"},"headline":"Confira como foi a sexta-feira (4) dos candidatos a presidente","datePublished":"2026-09-05T04:40:02+00:00","mainEntityOfPage":{"@id":"https:\/\/mrnews.com.br\/index.php\/2026\/09\/05\/confira-como-foi-a-sexta-feira-4-dos-candidatos-a-presidente\/"},"wordCount":684,"commentCount":0,"publisher":{"@id":"https:\/\/mrnews.com.br\/#organization"},"articleSection":["SERVI\u00c7OS"],"inLanguage":"pt-BR","potentialAction":[{"@type":"CommentAction","name":"Comment","target":["https:\/\/agenciabrasil.ebc.com.br\/politica\/noticia\/2026-09\/confira-como-foi-sexta-feira-4-dos-candidatos-presidente#respond"]}]},{"@type":"WebPage","@id":"https:\/\/mrnews.com.br\/index.php\/2026\/09\/05\/confira-como-foi-a-sexta-feira-4-dos-candidatos-a-presidente\/","url":"https:\/\/agenciabrasil.ebc.com.br\/politica\/noticia\/2026-09\/confira-como-foi-sexta-feira-4-dos-candidatos-presidente","name":"Confira como foi a sexta-feira (4) dos candidatos a presidente","isPartOf":{"@id":"https:\/\/mrnews.com.br\/#website"},"datePublished":"2026-09-05T04:40:02+00:00","breadcrumb":{"@id":"https:\/\/agenciabrasil.ebc.com.br\/politica\/noticia\/2026-09\/confira-como-foi-sexta-feira-4-dos-candidatos-presidente#breadcrumb"},"inLanguage":"pt-BR","potentialAction":[{"@type":"ReadAction","target":["https:\/\/agenciabrasil.ebc.com.br\/politica\/noticia\/2026-09\/confira-como-foi-sexta-feira-4-dos-candidatos-presidente"]}]},{"@type":"BreadcrumbList","@id":"https:\/\/agenciabrasil.ebc.com.br\/politica\/noticia\/2026-09\/confira-como-foi-sexta-feira-4-dos-candidatos-presidente#breadcrumb","itemListElement":[{"@type":"ListItem","position":1,"name":"In\u00edcio","item":"https:\/\/mrnews.com.br\/"},{"@type":"ListItem","position":2,"name":"Confira como foi a sexta-feira (4) dos candidatos a presidente"}]},{"@type":"WebSite","@id":"https:\/\/mrnews.com.br\/#website","url":"https:\/\/mrnews.com.br\/","name":"MRNews","description":"MRNews Jogos de hoje da TV, transmiss\u00f5es ao vivo, Not\u00edcias de futebol, Jogos ao vivo, Lives, resumo de novelas, Programa\u00e7\u00e3o da Globo, A Fazenda e BBB","publisher":{"@id":"https:\/\/mrnews.com.br\/#organization"},"potentialAction":[{"@type":"SearchAction","target":{"@type":"EntryPoint","urlTemplate":"https:\/\/mrnews.com.br\/?s={search_term_string}"},"query-input":{"@type":"PropertyValueSpecification","valueRequired":true,"valueName":"search_term_string"}}],"inLanguage":"pt-BR"},{"@type":"Organization","@id":"https:\/\/mrnews.com.br\/#organization","name":"MRNews","url":"https:\/\/mrnews.com.br\/","logo":{"@type":"ImageObject","inLanguage":"pt-BR","@id":"https:\/\/mrnews.com.br\/#\/schema\/logo\/image\/","url":"https:\/\/mrnews.com.br\/wp-content\/uploads\/2026\/08\/MRNEws.png","contentUrl":"https:\/\/mrnews.com.br\/wp-content\/uploads\/2026\/08\/MRNEws.png","width":1254,"height":1254,"caption":"MRNews"},"image":{"@id":"https:\/\/mrnews.com.br\/#\/schema\/logo\/image\/"},"sameAs":["https:\/\/www.facebook.com\/eaipahpah\/?locale2=pt_BR","https:\/\/x.com\/conspirou","https:\/\/www.instagram.com\/eai_pahpah","https:\/\/br.pinterest.com\/mrnewsn\/boards\/","https:\/\/www.youtube.com\/channel\/UCacgnpznQ61fifLWr1tQ-vA?view_as=subscriber"]},{"@type":"Person","@id":"https:\/\/mrnews.com.br\/#\/schema\/person\/2f073f2d87903a2ff9a065e41bbf17d4","name":"Fernando Corraa","image":{"@type":"ImageObject","inLanguage":"pt-BR","@id":"https:\/\/secure.gravatar.com\/avatar\/9069acb0e588c9f4346ba747284aef18a5faaab575e89e9ccc64e315003f0b82?s=96&d=monsterid&r=g","url":"https:\/\/secure.gravatar.com\/avatar\/9069acb0e588c9f4346ba747284aef18a5faaab575e89e9ccc64e315003f0b82?s=96&d=monsterid&r=g","contentUrl":"https:\/\/secure.gravatar.com\/avatar\/9069acb0e588c9f4346ba747284aef18a5faaab575e89e9ccc64e315003f0b82?s=96&d=monsterid&r=g","caption":"Fernando Corraa"},"url":"https:\/\/mrnews.com.br\/index.php\/author\/fernando-corraa\/"}]}},"jetpack_sharing_enabled":true,"jetpack_shortlink":"https:\/\/wp.me\/pa2Qf7-1XgW","amp_enabled":true,"jetpack_featured_media_url":"","_links":{"self":[{"href":"https:\/\/mrnews.com.br\/index.php\/wp-json\/wp\/v2\/posts\/466174","targetHints":{"allow":["GET"]}}],"collection":[{"href":"https:\/\/mrnews.com.br\/index.php\/wp-json\/wp\/v2\/posts"}],"about":[{"href":"https:\/\/mrnews.com.br\/index.php\/wp-json\/wp\/v2\/types\/post"}],"author":[{"embeddable":true,"href":"https:\/\/mrnews.com.br\/index.php\/wp-json\/wp\/v2\/users\/39"}],"replies":[{"embeddable":true,"href":"https:\/\/mrnews.com.br\/index.php\/wp-json\/wp\/v2\/comments?post=466174"}],"version-history":[{"count":0,"href":"https:\/\/mrnews.com.br\/index.php\/wp-json\/wp\/v2\/posts\/466174\/revisions"}],"wp:attachment":[{"href":"https:\/\/mrnews.com.br\/index.php\/wp-json\/wp\/v2\/media?parent=466174"}],"wp:term":[{"taxonomy":"category","embeddable":true,"href":"https:\/\/mrnews.com.br\/index.php\/wp-json\/wp\/v2\/categories?post=466174"},{"taxonomy":"post_tag","embeddable":true,"href":"https:\/\/mrnews.com.br\/index.php\/wp-json\/wp\/v2\/tags?post=466174"}],"curies":[{"name":"wp","href":"https:\/\/api.w.org\/{rel}","templated":true}]}}