{"id":466179,"date":"2026-09-05T08:27:53","date_gmt":"2026-09-05T11:27:53","guid":{"rendered":"https:\/\/mrnews.com.br\/index.php\/2026\/09\/05\/ifsp-abre-consulta-publica-sobre-reserva-de-vagas-para-pessoas-trans-intersexo-e-nao-binarias-ifsp\/"},"modified":"2026-09-05T08:27:53","modified_gmt":"2026-09-05T11:27:53","slug":"ifsp-abre-consulta-publica-sobre-reserva-de-vagas-para-pessoas-trans-intersexo-e-nao-binarias-ifsp","status":"publish","type":"post","link":"https:\/\/mrnews.com.br\/index.php\/2026\/09\/05\/ifsp-abre-consulta-publica-sobre-reserva-de-vagas-para-pessoas-trans-intersexo-e-nao-binarias-ifsp\/","title":{"rendered":"IFSP abre consulta p\u00fablica sobre reserva de vagas para pessoas trans, intersexo e n\u00e3o bin\u00e1rias &#8211; IFSP"},"content":{"rendered":"<p><\/p>\n<div>\n<div class=\"subtitle\">\n<p class=\"PDq2pG_selectionAnchorContainer\" data-section-id=\"sn0klu\" data-start=\"335\" data-end=\"432\">Estudantes, servidores e colaboradores terceirizados podem contribuir com a minuta at\u00e9 15 de setembro<\/p>\n<\/div>\n<p><!-- fim .content-header-options-1 --><\/p>\n<p class=\"\" data-start=\"582\" data-end=\"973\">O Instituto Federal de S\u00e3o Paulo (IFSP) abriu consulta p\u00fablica \u00e0 comunidade acad\u00eamica sobre a minuta de resolu\u00e7\u00e3o que prop\u00f5e a cria\u00e7\u00e3o de reserva de vagas nos processos seletivos de ingresso para pessoas travestis, transexuais, transg\u00eaneras, intersexo e n\u00e3o bin\u00e1rias. As contribui\u00e7\u00f5es podem ser enviadas de 28 de agosto a 15 de setembro de 2026.<\/p>\n<p data-start=\"975\" data-end=\"1332\">A iniciativa \u00e9 conduzida pela Comiss\u00e3o Provis\u00f3ria de Apoio \u00e0 Implanta\u00e7\u00e3o da Reserva de Vagas para Pessoas Trans (Cair-TIN) e pelo N\u00facleo de Estudos sobre G\u00eanero e Sexualidade (Nugs). A consulta p\u00fablica tem como objetivo possibilitar a participa\u00e7\u00e3o da comunidade no aperfei\u00e7oamento da proposta de regulamenta\u00e7\u00e3o.<\/p>\n<p data-section-id=\"1d7d6l6\" data-start=\"1334\" data-end=\"1364\"><strong>Participa\u00e7\u00e3o da comunidade<\/strong><\/p>\n<p data-start=\"1366\" data-end=\"1613\">Estudantes, servidores e colaboradores terceirizados do IFSP est\u00e3o convidados a analisar a minuta e apresentar contribui\u00e7\u00f5es de car\u00e1ter t\u00e9cnico, pedag\u00f3gico e jur\u00eddico que possam contribuir para o aprimoramento do texto.<\/p>\n<p data-start=\"1366\" data-end=\"1613\">A comunidade pode consultar a minuta de resolu\u00e7\u00e3o\u00a0e encaminhar suas contribui\u00e7\u00f5es por meio do formul\u00e1rio eletr\u00f4nico\u00a0da consulta p\u00fablica.<\/p>\n<p data-start=\"1615\" data-end=\"1948\">A participa\u00e7\u00e3o deve ocorrer em ambiente de respeito \u00e0 dignidade humana e aos direitos fundamentais. O comunicado da Comiss\u00e3o destaca que manifesta\u00e7\u00f5es preconceituosas, transf\u00f3bicas, discriminat\u00f3rias ou que estimulem o \u00f3dio e a desumaniza\u00e7\u00e3o de pessoas ou grupos n\u00e3o ser\u00e3o toleradas, tampouco consideradas contribui\u00e7\u00f5es v\u00e1lidas.<\/p>\n<p data-start=\"1950\" data-end=\"2282\">A proposta est\u00e1 relacionada ao compromisso institucional do IFSP com uma educa\u00e7\u00e3o p\u00fablica, gratuita, inclusiva e voltada \u00e0 forma\u00e7\u00e3o cidad\u00e3. O comunicado tamb\u00e9m destaca o papel da institui\u00e7\u00e3o na promo\u00e7\u00e3o de condi\u00e7\u00f5es de acesso \u00e0 educa\u00e7\u00e3o e na constru\u00e7\u00e3o de um ambiente de respeito \u00e0 diversidade.<\/p>\n<p data-section-id=\"167fygv\" data-start=\"2284\" data-end=\"2303\"><strong>Documentos<\/strong><\/p>\n<p data-start=\"2451\" data-end=\"2616\">Minuta de resolu\u00e7\u00e3o<br data-start=\"2561\" data-end=\"2564\"\/>Formul\u00e1rio para contribui\u00e7\u00f5es<br \/>Comunicado sobre a consulta<\/p>\n<p data-start=\"2451\" data-end=\"2616\">\u00a0<\/p>\n<\/div>\n","protected":false},"excerpt":{"rendered":"<p>Estudantes, servidores e colaboradores terceirizados podem contribuir com a minuta at\u00e9 15 de setembro O Instituto Federal de S\u00e3o Paulo (IFSP) abriu consulta p\u00fablica \u00e0 comunidade acad\u00eamica sobre a minuta de resolu\u00e7\u00e3o que prop\u00f5e a cria\u00e7\u00e3o de reserva de vagas nos processos seletivos de ingresso para pessoas travestis, transexuais, transg\u00eaneras, intersexo e n\u00e3o bin\u00e1rias. As &hellip;<\/p>\n","protected":false},"author":39,"featured_media":0,"comment_status":"open","ping_status":"open","sticky":false,"template":"","format":"standard","meta":{"_jetpack_newsletter_access":"","_jetpack_dont_email_post_to_subs":false,"_jetpack_newsletter_tier_id":0,"_jetpack_memberships_contains_paywalled_content":false,"_jetpack_feature_clip_id":0,"_jetpack_memberships_contains_paid_content":false,"footnotes":"","jetpack_post_was_ever_published":false},"categories":[4],"tags":[],"class_list":["post-466179","post","type-post","status-publish","format-standard","hentry","category-servicos"],"yoast_head":"<!-- This site is optimized with the Yoast SEO plugin v28.4 - https:\/\/yoast.com\/product\/yoast-seo-wordpress\/ -->\n<title>IFSP abre consulta p\u00fablica sobre reserva de vagas para pessoas trans, intersexo e n\u00e3o bin\u00e1rias - IFSP<\/title>\n<meta name=\"robots\" content=\"index, follow, max-snippet:-1, max-image-preview:large, max-video-preview:-1\" \/>\n<link rel=\"canonical\" href=\"https:\/\/www.ifsp.edu.br\/ultimas-noticias\/6105-ifsp-abre-consulta-publica-sobre-reserva-de-vagas-para-pessoas-trans-intersexo-e-nao-binarias\" \/>\n<meta property=\"og:locale\" content=\"pt_BR\" \/>\n<meta property=\"og:type\" content=\"article\" \/>\n<meta property=\"og:title\" content=\"IFSP abre consulta p\u00fablica sobre reserva de vagas para pessoas trans, intersexo e n\u00e3o bin\u00e1rias - IFSP\" \/>\n<meta property=\"og:description\" content=\"Estudantes, servidores e colaboradores terceirizados podem contribuir com a minuta at\u00e9 15 de setembro O Instituto Federal de S\u00e3o Paulo (IFSP) abriu consulta p\u00fablica \u00e0 comunidade acad\u00eamica sobre a minuta de resolu\u00e7\u00e3o que prop\u00f5e a cria\u00e7\u00e3o de reserva de vagas nos processos seletivos de ingresso para pessoas travestis, transexuais, transg\u00eaneras, intersexo e n\u00e3o bin\u00e1rias. As &hellip;\" \/>\n<meta property=\"og:url\" content=\"https:\/\/www.ifsp.edu.br\/ultimas-noticias\/6105-ifsp-abre-consulta-publica-sobre-reserva-de-vagas-para-pessoas-trans-intersexo-e-nao-binarias\" \/>\n<meta property=\"og:site_name\" content=\"MRNews\" \/>\n<meta property=\"article:publisher\" content=\"https:\/\/www.facebook.com\/eaipahpah\/?locale2=pt_BR\" \/>\n<meta property=\"article:published_time\" content=\"2026-09-05T11:27:53+00:00\" \/>\n<meta name=\"author\" content=\"Fernando Corraa\" \/>\n<meta name=\"twitter:card\" content=\"summary_large_image\" \/>\n<meta name=\"twitter:creator\" content=\"@conspirou\" \/>\n<meta name=\"twitter:site\" content=\"@conspirou\" \/>\n<meta name=\"twitter:label1\" content=\"Escrito por\" \/>\n\t<meta name=\"twitter:data1\" content=\"Fernando Corraa\" \/>\n\t<meta name=\"twitter:label2\" content=\"Est. tempo de leitura\" \/>\n\t<meta name=\"twitter:data2\" content=\"2 minutos\" \/>\n<script type=\"application\/ld+json\" class=\"yoast-schema-graph\">{\"@context\":\"https:\\\/\\\/schema.org\",\"@graph\":[{\"@type\":\"Article\",\"@id\":\"https:\\\/\\\/www.ifsp.edu.br\\\/ultimas-noticias\\\/6105-ifsp-abre-consulta-publica-sobre-reserva-de-vagas-para-pessoas-trans-intersexo-e-nao-binarias#article\",\"isPartOf\":{\"@id\":\"https:\\\/\\\/mrnews.com.br\\\/index.php\\\/2026\\\/09\\\/05\\\/ifsp-abre-consulta-publica-sobre-reserva-de-vagas-para-pessoas-trans-intersexo-e-nao-binarias-ifsp\\\/\"},\"author\":{\"name\":\"Fernando Corraa\",\"@id\":\"https:\\\/\\\/mrnews.com.br\\\/#\\\/schema\\\/person\\\/2f073f2d87903a2ff9a065e41bbf17d4\"},\"headline\":\"IFSP abre consulta p\u00fablica sobre reserva de vagas para pessoas trans, intersexo e n\u00e3o bin\u00e1rias &#8211; IFSP\",\"datePublished\":\"2026-09-05T11:27:53+00:00\",\"mainEntityOfPage\":{\"@id\":\"https:\\\/\\\/mrnews.com.br\\\/index.php\\\/2026\\\/09\\\/05\\\/ifsp-abre-consulta-publica-sobre-reserva-de-vagas-para-pessoas-trans-intersexo-e-nao-binarias-ifsp\\\/\"},\"wordCount\":329,\"commentCount\":0,\"publisher\":{\"@id\":\"https:\\\/\\\/mrnews.com.br\\\/#organization\"},\"articleSection\":[\"SERVI\u00c7OS\"],\"inLanguage\":\"pt-BR\",\"potentialAction\":[{\"@type\":\"CommentAction\",\"name\":\"Comment\",\"target\":[\"https:\\\/\\\/www.ifsp.edu.br\\\/ultimas-noticias\\\/6105-ifsp-abre-consulta-publica-sobre-reserva-de-vagas-para-pessoas-trans-intersexo-e-nao-binarias#respond\"]}]},{\"@type\":\"WebPage\",\"@id\":\"https:\\\/\\\/mrnews.com.br\\\/index.php\\\/2026\\\/09\\\/05\\\/ifsp-abre-consulta-publica-sobre-reserva-de-vagas-para-pessoas-trans-intersexo-e-nao-binarias-ifsp\\\/\",\"url\":\"https:\\\/\\\/www.ifsp.edu.br\\\/ultimas-noticias\\\/6105-ifsp-abre-consulta-publica-sobre-reserva-de-vagas-para-pessoas-trans-intersexo-e-nao-binarias\",\"name\":\"IFSP abre consulta p\u00fablica sobre reserva de vagas para pessoas trans, intersexo e n\u00e3o bin\u00e1rias - IFSP\",\"isPartOf\":{\"@id\":\"https:\\\/\\\/mrnews.com.br\\\/#website\"},\"datePublished\":\"2026-09-05T11:27:53+00:00\",\"breadcrumb\":{\"@id\":\"https:\\\/\\\/www.ifsp.edu.br\\\/ultimas-noticias\\\/6105-ifsp-abre-consulta-publica-sobre-reserva-de-vagas-para-pessoas-trans-intersexo-e-nao-binarias#breadcrumb\"},\"inLanguage\":\"pt-BR\",\"potentialAction\":[{\"@type\":\"ReadAction\",\"target\":[\"https:\\\/\\\/www.ifsp.edu.br\\\/ultimas-noticias\\\/6105-ifsp-abre-consulta-publica-sobre-reserva-de-vagas-para-pessoas-trans-intersexo-e-nao-binarias\"]}]},{\"@type\":\"BreadcrumbList\",\"@id\":\"https:\\\/\\\/www.ifsp.edu.br\\\/ultimas-noticias\\\/6105-ifsp-abre-consulta-publica-sobre-reserva-de-vagas-para-pessoas-trans-intersexo-e-nao-binarias#breadcrumb\",\"itemListElement\":[{\"@type\":\"ListItem\",\"position\":1,\"name\":\"In\u00edcio\",\"item\":\"https:\\\/\\\/mrnews.com.br\\\/\"},{\"@type\":\"ListItem\",\"position\":2,\"name\":\"IFSP abre consulta p\u00fablica sobre reserva de vagas para pessoas trans, intersexo e n\u00e3o bin\u00e1rias &#8211; IFSP\"}]},{\"@type\":\"WebSite\",\"@id\":\"https:\\\/\\\/mrnews.com.br\\\/#website\",\"url\":\"https:\\\/\\\/mrnews.com.br\\\/\",\"name\":\"MRNews\",\"description\":\"MRNews Jogos de hoje da TV, transmiss\u00f5es ao vivo, Not\u00edcias de futebol, Jogos ao vivo, Lives, resumo de novelas, Programa\u00e7\u00e3o da Globo, A Fazenda e BBB\",\"publisher\":{\"@id\":\"https:\\\/\\\/mrnews.com.br\\\/#organization\"},\"potentialAction\":[{\"@type\":\"SearchAction\",\"target\":{\"@type\":\"EntryPoint\",\"urlTemplate\":\"https:\\\/\\\/mrnews.com.br\\\/?s={search_term_string}\"},\"query-input\":{\"@type\":\"PropertyValueSpecification\",\"valueRequired\":true,\"valueName\":\"search_term_string\"}}],\"inLanguage\":\"pt-BR\"},{\"@type\":\"Organization\",\"@id\":\"https:\\\/\\\/mrnews.com.br\\\/#organization\",\"name\":\"MRNews\",\"url\":\"https:\\\/\\\/mrnews.com.br\\\/\",\"logo\":{\"@type\":\"ImageObject\",\"inLanguage\":\"pt-BR\",\"@id\":\"https:\\\/\\\/mrnews.com.br\\\/#\\\/schema\\\/logo\\\/image\\\/\",\"url\":\"https:\\\/\\\/mrnews.com.br\\\/wp-content\\\/uploads\\\/2026\\\/08\\\/MRNEws.png\",\"contentUrl\":\"https:\\\/\\\/mrnews.com.br\\\/wp-content\\\/uploads\\\/2026\\\/08\\\/MRNEws.png\",\"width\":1254,\"height\":1254,\"caption\":\"MRNews\"},\"image\":{\"@id\":\"https:\\\/\\\/mrnews.com.br\\\/#\\\/schema\\\/logo\\\/image\\\/\"},\"sameAs\":[\"https:\\\/\\\/www.facebook.com\\\/eaipahpah\\\/?locale2=pt_BR\",\"https:\\\/\\\/x.com\\\/conspirou\",\"https:\\\/\\\/www.instagram.com\\\/eai_pahpah\",\"https:\\\/\\\/br.pinterest.com\\\/mrnewsn\\\/boards\\\/\",\"https:\\\/\\\/www.youtube.com\\\/channel\\\/UCacgnpznQ61fifLWr1tQ-vA?view_as=subscriber\"]},{\"@type\":\"Person\",\"@id\":\"https:\\\/\\\/mrnews.com.br\\\/#\\\/schema\\\/person\\\/2f073f2d87903a2ff9a065e41bbf17d4\",\"name\":\"Fernando Corraa\",\"image\":{\"@type\":\"ImageObject\",\"inLanguage\":\"pt-BR\",\"@id\":\"https:\\\/\\\/secure.gravatar.com\\\/avatar\\\/9069acb0e588c9f4346ba747284aef18a5faaab575e89e9ccc64e315003f0b82?s=96&d=monsterid&r=g\",\"url\":\"https:\\\/\\\/secure.gravatar.com\\\/avatar\\\/9069acb0e588c9f4346ba747284aef18a5faaab575e89e9ccc64e315003f0b82?s=96&d=monsterid&r=g\",\"contentUrl\":\"https:\\\/\\\/secure.gravatar.com\\\/avatar\\\/9069acb0e588c9f4346ba747284aef18a5faaab575e89e9ccc64e315003f0b82?s=96&d=monsterid&r=g\",\"caption\":\"Fernando Corraa\"},\"url\":\"https:\\\/\\\/mrnews.com.br\\\/index.php\\\/author\\\/fernando-corraa\\\/\"}]}<\/script>\n<!-- \/ Yoast SEO plugin. -->","yoast_head_json":{"title":"IFSP abre consulta p\u00fablica sobre reserva de vagas para pessoas trans, intersexo e n\u00e3o bin\u00e1rias - IFSP","robots":{"index":"index","follow":"follow","max-snippet":"max-snippet:-1","max-image-preview":"max-image-preview:large","max-video-preview":"max-video-preview:-1"},"canonical":"https:\/\/www.ifsp.edu.br\/ultimas-noticias\/6105-ifsp-abre-consulta-publica-sobre-reserva-de-vagas-para-pessoas-trans-intersexo-e-nao-binarias","og_locale":"pt_BR","og_type":"article","og_title":"IFSP abre consulta p\u00fablica sobre reserva de vagas para pessoas trans, intersexo e n\u00e3o bin\u00e1rias - IFSP","og_description":"Estudantes, servidores e colaboradores terceirizados podem contribuir com a minuta at\u00e9 15 de setembro O Instituto Federal de S\u00e3o Paulo (IFSP) abriu consulta p\u00fablica \u00e0 comunidade acad\u00eamica sobre a minuta de resolu\u00e7\u00e3o que prop\u00f5e a cria\u00e7\u00e3o de reserva de vagas nos processos seletivos de ingresso para pessoas travestis, transexuais, transg\u00eaneras, intersexo e n\u00e3o bin\u00e1rias. As &hellip;","og_url":"https:\/\/www.ifsp.edu.br\/ultimas-noticias\/6105-ifsp-abre-consulta-publica-sobre-reserva-de-vagas-para-pessoas-trans-intersexo-e-nao-binarias","og_site_name":"MRNews","article_publisher":"https:\/\/www.facebook.com\/eaipahpah\/?locale2=pt_BR","article_published_time":"2026-09-05T11:27:53+00:00","author":"Fernando Corraa","twitter_card":"summary_large_image","twitter_creator":"@conspirou","twitter_site":"@conspirou","twitter_misc":{"Escrito por":"Fernando Corraa","Est. tempo de leitura":"2 minutos"},"schema":{"@context":"https:\/\/schema.org","@graph":[{"@type":"Article","@id":"https:\/\/www.ifsp.edu.br\/ultimas-noticias\/6105-ifsp-abre-consulta-publica-sobre-reserva-de-vagas-para-pessoas-trans-intersexo-e-nao-binarias#article","isPartOf":{"@id":"https:\/\/mrnews.com.br\/index.php\/2026\/09\/05\/ifsp-abre-consulta-publica-sobre-reserva-de-vagas-para-pessoas-trans-intersexo-e-nao-binarias-ifsp\/"},"author":{"name":"Fernando Corraa","@id":"https:\/\/mrnews.com.br\/#\/schema\/person\/2f073f2d87903a2ff9a065e41bbf17d4"},"headline":"IFSP abre consulta p\u00fablica sobre reserva de vagas para pessoas trans, intersexo e n\u00e3o bin\u00e1rias &#8211; IFSP","datePublished":"2026-09-05T11:27:53+00:00","mainEntityOfPage":{"@id":"https:\/\/mrnews.com.br\/index.php\/2026\/09\/05\/ifsp-abre-consulta-publica-sobre-reserva-de-vagas-para-pessoas-trans-intersexo-e-nao-binarias-ifsp\/"},"wordCount":329,"commentCount":0,"publisher":{"@id":"https:\/\/mrnews.com.br\/#organization"},"articleSection":["SERVI\u00c7OS"],"inLanguage":"pt-BR","potentialAction":[{"@type":"CommentAction","name":"Comment","target":["https:\/\/www.ifsp.edu.br\/ultimas-noticias\/6105-ifsp-abre-consulta-publica-sobre-reserva-de-vagas-para-pessoas-trans-intersexo-e-nao-binarias#respond"]}]},{"@type":"WebPage","@id":"https:\/\/mrnews.com.br\/index.php\/2026\/09\/05\/ifsp-abre-consulta-publica-sobre-reserva-de-vagas-para-pessoas-trans-intersexo-e-nao-binarias-ifsp\/","url":"https:\/\/www.ifsp.edu.br\/ultimas-noticias\/6105-ifsp-abre-consulta-publica-sobre-reserva-de-vagas-para-pessoas-trans-intersexo-e-nao-binarias","name":"IFSP abre consulta p\u00fablica sobre reserva de vagas para pessoas trans, intersexo e n\u00e3o bin\u00e1rias - IFSP","isPartOf":{"@id":"https:\/\/mrnews.com.br\/#website"},"datePublished":"2026-09-05T11:27:53+00:00","breadcrumb":{"@id":"https:\/\/www.ifsp.edu.br\/ultimas-noticias\/6105-ifsp-abre-consulta-publica-sobre-reserva-de-vagas-para-pessoas-trans-intersexo-e-nao-binarias#breadcrumb"},"inLanguage":"pt-BR","potentialAction":[{"@type":"ReadAction","target":["https:\/\/www.ifsp.edu.br\/ultimas-noticias\/6105-ifsp-abre-consulta-publica-sobre-reserva-de-vagas-para-pessoas-trans-intersexo-e-nao-binarias"]}]},{"@type":"BreadcrumbList","@id":"https:\/\/www.ifsp.edu.br\/ultimas-noticias\/6105-ifsp-abre-consulta-publica-sobre-reserva-de-vagas-para-pessoas-trans-intersexo-e-nao-binarias#breadcrumb","itemListElement":[{"@type":"ListItem","position":1,"name":"In\u00edcio","item":"https:\/\/mrnews.com.br\/"},{"@type":"ListItem","position":2,"name":"IFSP abre consulta p\u00fablica sobre reserva de vagas para pessoas trans, intersexo e n\u00e3o bin\u00e1rias &#8211; IFSP"}]},{"@type":"WebSite","@id":"https:\/\/mrnews.com.br\/#website","url":"https:\/\/mrnews.com.br\/","name":"MRNews","description":"MRNews Jogos de hoje da TV, transmiss\u00f5es ao vivo, Not\u00edcias de futebol, Jogos ao vivo, Lives, resumo de novelas, Programa\u00e7\u00e3o da Globo, A Fazenda e BBB","publisher":{"@id":"https:\/\/mrnews.com.br\/#organization"},"potentialAction":[{"@type":"SearchAction","target":{"@type":"EntryPoint","urlTemplate":"https:\/\/mrnews.com.br\/?s={search_term_string}"},"query-input":{"@type":"PropertyValueSpecification","valueRequired":true,"valueName":"search_term_string"}}],"inLanguage":"pt-BR"},{"@type":"Organization","@id":"https:\/\/mrnews.com.br\/#organization","name":"MRNews","url":"https:\/\/mrnews.com.br\/","logo":{"@type":"ImageObject","inLanguage":"pt-BR","@id":"https:\/\/mrnews.com.br\/#\/schema\/logo\/image\/","url":"https:\/\/mrnews.com.br\/wp-content\/uploads\/2026\/08\/MRNEws.png","contentUrl":"https:\/\/mrnews.com.br\/wp-content\/uploads\/2026\/08\/MRNEws.png","width":1254,"height":1254,"caption":"MRNews"},"image":{"@id":"https:\/\/mrnews.com.br\/#\/schema\/logo\/image\/"},"sameAs":["https:\/\/www.facebook.com\/eaipahpah\/?locale2=pt_BR","https:\/\/x.com\/conspirou","https:\/\/www.instagram.com\/eai_pahpah","https:\/\/br.pinterest.com\/mrnewsn\/boards\/","https:\/\/www.youtube.com\/channel\/UCacgnpznQ61fifLWr1tQ-vA?view_as=subscriber"]},{"@type":"Person","@id":"https:\/\/mrnews.com.br\/#\/schema\/person\/2f073f2d87903a2ff9a065e41bbf17d4","name":"Fernando Corraa","image":{"@type":"ImageObject","inLanguage":"pt-BR","@id":"https:\/\/secure.gravatar.com\/avatar\/9069acb0e588c9f4346ba747284aef18a5faaab575e89e9ccc64e315003f0b82?s=96&d=monsterid&r=g","url":"https:\/\/secure.gravatar.com\/avatar\/9069acb0e588c9f4346ba747284aef18a5faaab575e89e9ccc64e315003f0b82?s=96&d=monsterid&r=g","contentUrl":"https:\/\/secure.gravatar.com\/avatar\/9069acb0e588c9f4346ba747284aef18a5faaab575e89e9ccc64e315003f0b82?s=96&d=monsterid&r=g","caption":"Fernando Corraa"},"url":"https:\/\/mrnews.com.br\/index.php\/author\/fernando-corraa\/"}]}},"jetpack_sharing_enabled":true,"jetpack_shortlink":"https:\/\/wp.me\/pa2Qf7-1Xh1","amp_enabled":true,"jetpack_featured_media_url":"","_links":{"self":[{"href":"https:\/\/mrnews.com.br\/index.php\/wp-json\/wp\/v2\/posts\/466179","targetHints":{"allow":["GET"]}}],"collection":[{"href":"https:\/\/mrnews.com.br\/index.php\/wp-json\/wp\/v2\/posts"}],"about":[{"href":"https:\/\/mrnews.com.br\/index.php\/wp-json\/wp\/v2\/types\/post"}],"author":[{"embeddable":true,"href":"https:\/\/mrnews.com.br\/index.php\/wp-json\/wp\/v2\/users\/39"}],"replies":[{"embeddable":true,"href":"https:\/\/mrnews.com.br\/index.php\/wp-json\/wp\/v2\/comments?post=466179"}],"version-history":[{"count":0,"href":"https:\/\/mrnews.com.br\/index.php\/wp-json\/wp\/v2\/posts\/466179\/revisions"}],"wp:attachment":[{"href":"https:\/\/mrnews.com.br\/index.php\/wp-json\/wp\/v2\/media?parent=466179"}],"wp:term":[{"taxonomy":"category","embeddable":true,"href":"https:\/\/mrnews.com.br\/index.php\/wp-json\/wp\/v2\/categories?post=466179"},{"taxonomy":"post_tag","embeddable":true,"href":"https:\/\/mrnews.com.br\/index.php\/wp-json\/wp\/v2\/tags?post=466179"}],"curies":[{"name":"wp","href":"https:\/\/api.w.org\/{rel}","templated":true}]}}