{"id":466181,"date":"2026-09-05T10:04:03","date_gmt":"2026-09-05T13:04:03","guid":{"rendered":"https:\/\/mrnews.com.br\/index.php\/2026\/09\/05\/no-dia-da-amazonia-campanha-pede-que-eleitor-vote-por-floresta-em-pe\/"},"modified":"2026-09-05T10:04:03","modified_gmt":"2026-09-05T13:04:03","slug":"no-dia-da-amazonia-campanha-pede-que-eleitor-vote-por-floresta-em-pe","status":"publish","type":"post","link":"https:\/\/mrnews.com.br\/index.php\/2026\/09\/05\/no-dia-da-amazonia-campanha-pede-que-eleitor-vote-por-floresta-em-pe\/","title":{"rendered":"No Dia da Amaz\u00f4nia, campanha pede que eleitor vote por floresta em p\u00e9"},"content":{"rendered":"<p>Por EBC, <\/p>\n<div>\n<p>O Dia da Amaz\u00f4nia, comemorado neste s\u00e1bado (5), marca tamb\u00e9m a contagem regressiva de 30 dias para as elei\u00e7\u00f5es gerais, em 4 de outubro. A coincid\u00eancia de datas \u00e9 um dos pontos altos da Virada Cultural Amaz\u00f4nia de P\u00e9, uma campanha de preserva\u00e7\u00e3o da floresta amaz\u00f4nica, que tem como tema da quinta edi\u00e7\u00e3o \u201cCada voto pela Amaz\u00f4nia conta\u201d.<\/p>\n<p>O objetivo \u00e9 incentivar as pessoas a escolher candidatos que estejam comprometidos com a conversa\u00e7\u00e3o ambiental. Neste fim de semana, diversas atividades, incluindo festivais culturais, gastron\u00f4micos, musicais e debates acontecem nas cinco regi\u00f5es do pa\u00eds.<\/p>\n<p>Os eventos s\u00e3o promovidos pelo movimento Amaz\u00f4nia de P\u00e9, formado por mais de 20 mil ativistas e cerca de 300 coletivos e organiza\u00e7\u00f5es n\u00e3o governamentais. Um mapa com a localiza\u00e7\u00e3o de todas as mais de 300 atividades pode ser consultado na internet.<\/p>\n<p>Na \u00faltima quinta-feira (3), uma cobra cenogr\u00e1fica de 30 metros de extens\u00e3o representou o in\u00edcio da virada cultural no Territ\u00f3rio Ind\u00edgena Borari, em Alter do Ch\u00e3o, distrito do munic\u00edpio paraense de Santar\u00e9m, meio do caminho entre Bel\u00e9m e Manaus.<\/p>\n<p>A alegoria \u00e9 a mesma que foi exposta em Bel\u00e9m, em novembro de 2025, durante a 30\u00aa Confer\u00eancia das Na\u00e7\u00f5es Unidas sobre Mudan\u00e7a do Clima (COP30), chamando aten\u00e7\u00e3o para a necessidade de prote\u00e7\u00e3o da maior floresta tropical do mundo. \u00a0<\/p>\n<p>\u00a0<\/p>\n<div class=\"dnd-widget-wrapper context-cheio_8colunas type-image\">\n<div class=\"dnd-atom-rendered\"><!-- scald=473452:cheio_8colunas --><\/p>\n<p>    <!-- END scald=473452 --><\/div>\n<p><h6 class=\"meta\"><!--copyright=473452-->Cobra de mais de 30 metros usada em virada cultural Foto:\u00a0<strong>B\u00e1rbara Vale\/ Divulga\u00e7\u00e3o<\/strong><!--END copyright=473452--><\/h6>\n<\/p>\n<\/div>\n<h2>Levante pelo pa\u00eds<\/h2>\n<p>A codiretora executiva da Amaz\u00f4nia de P\u00e9, Catarina Nefertari, considera que o Dia da Amaz\u00f4nia \u00e9 uma oportunidade de \u201cfalar bem alto que cada voto pela Amaz\u00f4nia conta\u201d.<\/p>\n<p>\u201c\u00c9 importante que a gente tamb\u00e9m esteja nas ruas sendo visto por quem est\u00e1 fazendo campanha, deixando claro que, muitas vezes, o plano de governo esquece de levar em considera\u00e7\u00e3o as solu\u00e7\u00f5es e os sonhos de quem est\u00e1 no territ\u00f3rio\u201d, diz a belenense.<\/p>\n<blockquote>\n<p>\u201cA gente v\u00ea o Brasil mais atento a esse territ\u00f3rio, mas a gente ainda tem muito caminho pela frente. A gente s\u00f3 protege aquilo que a gente conhece\u201d, disse \u00e0\u00a0<strong>Ag\u00eancia Brasil<\/strong>.<\/p>\n<\/blockquote>\n<p>A ativista, nascida e criada na \u00e1rea considerada Amaz\u00f4nia urbana, isto \u00e9, onde h\u00e1 cidades e \u00e1reas urbanizadas, acredita que a virada cultural, sendo realizada de Norte a Sul do pa\u00eds, \u00e9 um grande chamado.<\/p>\n<p>\u201cUm levante pelo pa\u00eds inteiro\u201d, diz. \u201c\u00c9 uma forma de a gente se empoderar enquanto sociedade\u201d.<\/p>\n<p>\u00a0<\/p>\n<div class=\"dnd-widget-wrapper context-cheio_8colunas type-image\">\n<div class=\"dnd-atom-rendered\"><!-- scald=473447:cheio_8colunas --><\/p>\n<p>    <!-- END scald=473447 --><\/div>\n<p><h6 class=\"meta\"><!--copyright=473447-->04\/09\/2026 &#8211; No Dia da Amaz\u00f4nia, campanha pede que eleitor vote por floresta em p\u00e9. Foto:\u00a0\u00a0<strong>Amaz\u00f4nia de P\u00e9\/ Divulga\u00e7\u00e3o<\/strong><!--END copyright=473447--><\/h6>\n<\/p>\n<\/div>\n<h2>Dia da Amaz\u00f4nia<\/h2>\n<p>Pelo menos no Acre\u00a0e no Amazonas, o 5 de setembro \u00e9 oficializado como Dia da Amaz\u00f4nia desde 1968.<\/p>\n<p>No \u00e2mbito nacional, a data \u00e9 reconhecida por lei desde 2007.\u00a0O dia 5 foi escolhido por representar a cria\u00e7\u00e3o da Prov\u00edncia Amaz\u00f4nica, ainda no Imp\u00e9rio, em 1850.<\/p>\n<p>A Amaz\u00f4nia \u00e9 o bioma brasileiro de maior extens\u00e3o, ocupando metade (49,5%) do territ\u00f3rio nacional. A situa\u00e7\u00e3o da floresta atrai olhares de autoridades e ativistas de dentro e fora do pa\u00eds.<\/p>\n<p>Uma das preocupa\u00e7\u00f5es do movimento Amaz\u00f4nia de P\u00e9 \u00e9 com as Florestas P\u00fablicas N\u00e3o Destinadas (FPNDs), conforme explica a codiretora do movimento, Karina Penha.<\/p>\n<p>\u201cS\u00e3o terras que ainda dependem de uma defini\u00e7\u00e3o oficial de uso e gest\u00e3o pelo Estado. Sem uma destina\u00e7\u00e3o para conserva\u00e7\u00e3o, uso sustent\u00e1vel ou reconhecimento territorial, tornam-se mais suscet\u00edveis aos crimes ambientais\u201d, pontua.<\/p>\n<p>No in\u00edcio de agosto, dados do Sistema de Detec\u00e7\u00e3o de Desmatamento em Tempo Real (Deter) apontaram que o desmatamento na Amaz\u00f4nia teve queda de 36,87% entre agosto de 2025 e julho de 2026.<\/p>\n<p>Foram 2.874,38 km\u00b2 de \u00e1rea sob alerta, representando o menor valor desde 2016, quando iniciou a s\u00e9rie hist\u00f3rica. A extens\u00e3o \u00e9\u00a0equivalente \u00e0 metade do territ\u00f3rio do Distrito Federal.<\/p>\n<p>Os n\u00fameros foram apresentados pelo Instituto Nacional de Pesquisas Espaciais (Inpe), \u00f3rg\u00e3o vinculado ao Minist\u00e9rio da Ci\u00eancia, Tecnologia e Inova\u00e7\u00e3o e sediado em S\u00e3o Jos\u00e9 dos Campos, no interior de S\u00e3o Paulo.<\/p>\n<p>No fim de agosto, o Sistema de Alerta de Desmatamento (SAD), do Instituto do Homem e Meio Ambiente da Amaz\u00f4nia (Imazon), uma institui\u00e7\u00e3o sem fins lucrativos, apontou que 60% das terras ind\u00edgenas na Amaz\u00f4nia registraram desmatamento zero de agosto de 2025 a julho de 2026.<\/p>\n<h2>Elei\u00e7\u00f5es<\/h2>\n<p>No primeiro turno das elei\u00e7\u00f5es gerais, os eleitores v\u00e3o escolher deputados federais, estaduais, distritais (no caso do Distrito Federal), governadores, senadores e o presidente da Rep\u00fablica.<\/p>\n<p>O segundo turno est\u00e1 marcado para o dia 25 e pode ocorrer na disputa para os cargos de governador e presidente, nas cidades com mais de 200 mil eleitores, caso nenhum dos candidatos obtiver mais de 50% dos votos v\u00e1lidos, excluindo brancos e nulos, no primeiro turno.<\/p>\n<p>      <!-- Relacionada --><\/p>\n<p>            <!-- Relacionada -->\n    <\/div>\n","protected":false},"excerpt":{"rendered":"<p>Por EBC, O Dia da Amaz\u00f4nia, comemorado neste s\u00e1bado (5), marca tamb\u00e9m a contagem regressiva de 30 dias para as elei\u00e7\u00f5es gerais, em 4 de outubro. A coincid\u00eancia de datas \u00e9 um dos pontos altos da Virada Cultural Amaz\u00f4nia de P\u00e9, uma campanha de preserva\u00e7\u00e3o da floresta amaz\u00f4nica, que tem como tema da quinta edi\u00e7\u00e3o &hellip;<\/p>\n","protected":false},"author":39,"featured_media":0,"comment_status":"open","ping_status":"open","sticky":false,"template":"","format":"standard","meta":{"_jetpack_newsletter_access":"","_jetpack_dont_email_post_to_subs":false,"_jetpack_newsletter_tier_id":0,"_jetpack_memberships_contains_paywalled_content":false,"_jetpack_feature_clip_id":0,"_jetpack_memberships_contains_paid_content":false,"footnotes":"","jetpack_post_was_ever_published":false},"categories":[4],"tags":[],"class_list":["post-466181","post","type-post","status-publish","format-standard","hentry","category-servicos"],"yoast_head":"<!-- This site is optimized with the Yoast SEO plugin v28.4 - https:\/\/yoast.com\/product\/yoast-seo-wordpress\/ -->\n<title>No Dia da Amaz\u00f4nia, campanha pede que eleitor vote por floresta em p\u00e9<\/title>\n<meta name=\"robots\" content=\"index, follow, max-snippet:-1, max-image-preview:large, max-video-preview:-1\" \/>\n<link rel=\"canonical\" href=\"https:\/\/agenciabrasil.ebc.com.br\/meio-ambiente\/noticia\/2026-09\/no-dia-da-amazonia-campanha-pede-que-eleitor-vote-por-floresta-em-pe\" \/>\n<meta property=\"og:locale\" content=\"pt_BR\" \/>\n<meta property=\"og:type\" content=\"article\" \/>\n<meta property=\"og:title\" content=\"No Dia da Amaz\u00f4nia, campanha pede que eleitor vote por floresta em p\u00e9\" \/>\n<meta property=\"og:description\" content=\"Por EBC, O Dia da Amaz\u00f4nia, comemorado neste s\u00e1bado (5), marca tamb\u00e9m a contagem regressiva de 30 dias para as elei\u00e7\u00f5es gerais, em 4 de outubro. A coincid\u00eancia de datas \u00e9 um dos pontos altos da Virada Cultural Amaz\u00f4nia de P\u00e9, uma campanha de preserva\u00e7\u00e3o da floresta amaz\u00f4nica, que tem como tema da quinta edi\u00e7\u00e3o &hellip;\" \/>\n<meta property=\"og:url\" content=\"https:\/\/agenciabrasil.ebc.com.br\/meio-ambiente\/noticia\/2026-09\/no-dia-da-amazonia-campanha-pede-que-eleitor-vote-por-floresta-em-pe\" \/>\n<meta property=\"og:site_name\" content=\"MRNews\" \/>\n<meta property=\"article:publisher\" content=\"https:\/\/www.facebook.com\/eaipahpah\/?locale2=pt_BR\" \/>\n<meta property=\"article:published_time\" content=\"2026-09-05T13:04:03+00:00\" \/>\n<meta name=\"author\" content=\"Fernando Corraa\" \/>\n<meta name=\"twitter:card\" content=\"summary_large_image\" \/>\n<meta name=\"twitter:creator\" content=\"@conspirou\" \/>\n<meta name=\"twitter:site\" content=\"@conspirou\" \/>\n<meta name=\"twitter:label1\" content=\"Escrito por\" \/>\n\t<meta name=\"twitter:data1\" content=\"Fernando Corraa\" \/>\n\t<meta name=\"twitter:label2\" content=\"Est. tempo de leitura\" \/>\n\t<meta name=\"twitter:data2\" content=\"4 minutos\" \/>\n<script type=\"application\/ld+json\" class=\"yoast-schema-graph\">{\"@context\":\"https:\\\/\\\/schema.org\",\"@graph\":[{\"@type\":\"Article\",\"@id\":\"https:\\\/\\\/agenciabrasil.ebc.com.br\\\/meio-ambiente\\\/noticia\\\/2026-09\\\/no-dia-da-amazonia-campanha-pede-que-eleitor-vote-por-floresta-em-pe#article\",\"isPartOf\":{\"@id\":\"https:\\\/\\\/mrnews.com.br\\\/index.php\\\/2026\\\/09\\\/05\\\/no-dia-da-amazonia-campanha-pede-que-eleitor-vote-por-floresta-em-pe\\\/\"},\"author\":{\"name\":\"Fernando Corraa\",\"@id\":\"https:\\\/\\\/mrnews.com.br\\\/#\\\/schema\\\/person\\\/2f073f2d87903a2ff9a065e41bbf17d4\"},\"headline\":\"No Dia da Amaz\u00f4nia, campanha pede que eleitor vote por floresta em p\u00e9\",\"datePublished\":\"2026-09-05T13:04:03+00:00\",\"mainEntityOfPage\":{\"@id\":\"https:\\\/\\\/mrnews.com.br\\\/index.php\\\/2026\\\/09\\\/05\\\/no-dia-da-amazonia-campanha-pede-que-eleitor-vote-por-floresta-em-pe\\\/\"},\"wordCount\":823,\"commentCount\":0,\"publisher\":{\"@id\":\"https:\\\/\\\/mrnews.com.br\\\/#organization\"},\"articleSection\":[\"SERVI\u00c7OS\"],\"inLanguage\":\"pt-BR\",\"potentialAction\":[{\"@type\":\"CommentAction\",\"name\":\"Comment\",\"target\":[\"https:\\\/\\\/agenciabrasil.ebc.com.br\\\/meio-ambiente\\\/noticia\\\/2026-09\\\/no-dia-da-amazonia-campanha-pede-que-eleitor-vote-por-floresta-em-pe#respond\"]}]},{\"@type\":\"WebPage\",\"@id\":\"https:\\\/\\\/mrnews.com.br\\\/index.php\\\/2026\\\/09\\\/05\\\/no-dia-da-amazonia-campanha-pede-que-eleitor-vote-por-floresta-em-pe\\\/\",\"url\":\"https:\\\/\\\/agenciabrasil.ebc.com.br\\\/meio-ambiente\\\/noticia\\\/2026-09\\\/no-dia-da-amazonia-campanha-pede-que-eleitor-vote-por-floresta-em-pe\",\"name\":\"No Dia da Amaz\u00f4nia, campanha pede que eleitor vote por floresta em p\u00e9\",\"isPartOf\":{\"@id\":\"https:\\\/\\\/mrnews.com.br\\\/#website\"},\"datePublished\":\"2026-09-05T13:04:03+00:00\",\"breadcrumb\":{\"@id\":\"https:\\\/\\\/agenciabrasil.ebc.com.br\\\/meio-ambiente\\\/noticia\\\/2026-09\\\/no-dia-da-amazonia-campanha-pede-que-eleitor-vote-por-floresta-em-pe#breadcrumb\"},\"inLanguage\":\"pt-BR\",\"potentialAction\":[{\"@type\":\"ReadAction\",\"target\":[\"https:\\\/\\\/agenciabrasil.ebc.com.br\\\/meio-ambiente\\\/noticia\\\/2026-09\\\/no-dia-da-amazonia-campanha-pede-que-eleitor-vote-por-floresta-em-pe\"]}]},{\"@type\":\"BreadcrumbList\",\"@id\":\"https:\\\/\\\/agenciabrasil.ebc.com.br\\\/meio-ambiente\\\/noticia\\\/2026-09\\\/no-dia-da-amazonia-campanha-pede-que-eleitor-vote-por-floresta-em-pe#breadcrumb\",\"itemListElement\":[{\"@type\":\"ListItem\",\"position\":1,\"name\":\"In\u00edcio\",\"item\":\"https:\\\/\\\/mrnews.com.br\\\/\"},{\"@type\":\"ListItem\",\"position\":2,\"name\":\"No Dia da Amaz\u00f4nia, campanha pede que eleitor vote por floresta em p\u00e9\"}]},{\"@type\":\"WebSite\",\"@id\":\"https:\\\/\\\/mrnews.com.br\\\/#website\",\"url\":\"https:\\\/\\\/mrnews.com.br\\\/\",\"name\":\"MRNews\",\"description\":\"MRNews Jogos de hoje da TV, transmiss\u00f5es ao vivo, Not\u00edcias de futebol, Jogos ao vivo, Lives, resumo de novelas, Programa\u00e7\u00e3o da Globo, A Fazenda e BBB\",\"publisher\":{\"@id\":\"https:\\\/\\\/mrnews.com.br\\\/#organization\"},\"potentialAction\":[{\"@type\":\"SearchAction\",\"target\":{\"@type\":\"EntryPoint\",\"urlTemplate\":\"https:\\\/\\\/mrnews.com.br\\\/?s={search_term_string}\"},\"query-input\":{\"@type\":\"PropertyValueSpecification\",\"valueRequired\":true,\"valueName\":\"search_term_string\"}}],\"inLanguage\":\"pt-BR\"},{\"@type\":\"Organization\",\"@id\":\"https:\\\/\\\/mrnews.com.br\\\/#organization\",\"name\":\"MRNews\",\"url\":\"https:\\\/\\\/mrnews.com.br\\\/\",\"logo\":{\"@type\":\"ImageObject\",\"inLanguage\":\"pt-BR\",\"@id\":\"https:\\\/\\\/mrnews.com.br\\\/#\\\/schema\\\/logo\\\/image\\\/\",\"url\":\"https:\\\/\\\/mrnews.com.br\\\/wp-content\\\/uploads\\\/2026\\\/08\\\/MRNEws.png\",\"contentUrl\":\"https:\\\/\\\/mrnews.com.br\\\/wp-content\\\/uploads\\\/2026\\\/08\\\/MRNEws.png\",\"width\":1254,\"height\":1254,\"caption\":\"MRNews\"},\"image\":{\"@id\":\"https:\\\/\\\/mrnews.com.br\\\/#\\\/schema\\\/logo\\\/image\\\/\"},\"sameAs\":[\"https:\\\/\\\/www.facebook.com\\\/eaipahpah\\\/?locale2=pt_BR\",\"https:\\\/\\\/x.com\\\/conspirou\",\"https:\\\/\\\/www.instagram.com\\\/eai_pahpah\",\"https:\\\/\\\/br.pinterest.com\\\/mrnewsn\\\/boards\\\/\",\"https:\\\/\\\/www.youtube.com\\\/channel\\\/UCacgnpznQ61fifLWr1tQ-vA?view_as=subscriber\"]},{\"@type\":\"Person\",\"@id\":\"https:\\\/\\\/mrnews.com.br\\\/#\\\/schema\\\/person\\\/2f073f2d87903a2ff9a065e41bbf17d4\",\"name\":\"Fernando Corraa\",\"image\":{\"@type\":\"ImageObject\",\"inLanguage\":\"pt-BR\",\"@id\":\"https:\\\/\\\/secure.gravatar.com\\\/avatar\\\/9069acb0e588c9f4346ba747284aef18a5faaab575e89e9ccc64e315003f0b82?s=96&d=monsterid&r=g\",\"url\":\"https:\\\/\\\/secure.gravatar.com\\\/avatar\\\/9069acb0e588c9f4346ba747284aef18a5faaab575e89e9ccc64e315003f0b82?s=96&d=monsterid&r=g\",\"contentUrl\":\"https:\\\/\\\/secure.gravatar.com\\\/avatar\\\/9069acb0e588c9f4346ba747284aef18a5faaab575e89e9ccc64e315003f0b82?s=96&d=monsterid&r=g\",\"caption\":\"Fernando Corraa\"},\"url\":\"https:\\\/\\\/mrnews.com.br\\\/index.php\\\/author\\\/fernando-corraa\\\/\"}]}<\/script>\n<!-- \/ Yoast SEO plugin. -->","yoast_head_json":{"title":"No Dia da Amaz\u00f4nia, campanha pede que eleitor vote por floresta em p\u00e9","robots":{"index":"index","follow":"follow","max-snippet":"max-snippet:-1","max-image-preview":"max-image-preview:large","max-video-preview":"max-video-preview:-1"},"canonical":"https:\/\/agenciabrasil.ebc.com.br\/meio-ambiente\/noticia\/2026-09\/no-dia-da-amazonia-campanha-pede-que-eleitor-vote-por-floresta-em-pe","og_locale":"pt_BR","og_type":"article","og_title":"No Dia da Amaz\u00f4nia, campanha pede que eleitor vote por floresta em p\u00e9","og_description":"Por EBC, O Dia da Amaz\u00f4nia, comemorado neste s\u00e1bado (5), marca tamb\u00e9m a contagem regressiva de 30 dias para as elei\u00e7\u00f5es gerais, em 4 de outubro. A coincid\u00eancia de datas \u00e9 um dos pontos altos da Virada Cultural Amaz\u00f4nia de P\u00e9, uma campanha de preserva\u00e7\u00e3o da floresta amaz\u00f4nica, que tem como tema da quinta edi\u00e7\u00e3o &hellip;","og_url":"https:\/\/agenciabrasil.ebc.com.br\/meio-ambiente\/noticia\/2026-09\/no-dia-da-amazonia-campanha-pede-que-eleitor-vote-por-floresta-em-pe","og_site_name":"MRNews","article_publisher":"https:\/\/www.facebook.com\/eaipahpah\/?locale2=pt_BR","article_published_time":"2026-09-05T13:04:03+00:00","author":"Fernando Corraa","twitter_card":"summary_large_image","twitter_creator":"@conspirou","twitter_site":"@conspirou","twitter_misc":{"Escrito por":"Fernando Corraa","Est. tempo de leitura":"4 minutos"},"schema":{"@context":"https:\/\/schema.org","@graph":[{"@type":"Article","@id":"https:\/\/agenciabrasil.ebc.com.br\/meio-ambiente\/noticia\/2026-09\/no-dia-da-amazonia-campanha-pede-que-eleitor-vote-por-floresta-em-pe#article","isPartOf":{"@id":"https:\/\/mrnews.com.br\/index.php\/2026\/09\/05\/no-dia-da-amazonia-campanha-pede-que-eleitor-vote-por-floresta-em-pe\/"},"author":{"name":"Fernando Corraa","@id":"https:\/\/mrnews.com.br\/#\/schema\/person\/2f073f2d87903a2ff9a065e41bbf17d4"},"headline":"No Dia da Amaz\u00f4nia, campanha pede que eleitor vote por floresta em p\u00e9","datePublished":"2026-09-05T13:04:03+00:00","mainEntityOfPage":{"@id":"https:\/\/mrnews.com.br\/index.php\/2026\/09\/05\/no-dia-da-amazonia-campanha-pede-que-eleitor-vote-por-floresta-em-pe\/"},"wordCount":823,"commentCount":0,"publisher":{"@id":"https:\/\/mrnews.com.br\/#organization"},"articleSection":["SERVI\u00c7OS"],"inLanguage":"pt-BR","potentialAction":[{"@type":"CommentAction","name":"Comment","target":["https:\/\/agenciabrasil.ebc.com.br\/meio-ambiente\/noticia\/2026-09\/no-dia-da-amazonia-campanha-pede-que-eleitor-vote-por-floresta-em-pe#respond"]}]},{"@type":"WebPage","@id":"https:\/\/mrnews.com.br\/index.php\/2026\/09\/05\/no-dia-da-amazonia-campanha-pede-que-eleitor-vote-por-floresta-em-pe\/","url":"https:\/\/agenciabrasil.ebc.com.br\/meio-ambiente\/noticia\/2026-09\/no-dia-da-amazonia-campanha-pede-que-eleitor-vote-por-floresta-em-pe","name":"No Dia da Amaz\u00f4nia, campanha pede que eleitor vote por floresta em p\u00e9","isPartOf":{"@id":"https:\/\/mrnews.com.br\/#website"},"datePublished":"2026-09-05T13:04:03+00:00","breadcrumb":{"@id":"https:\/\/agenciabrasil.ebc.com.br\/meio-ambiente\/noticia\/2026-09\/no-dia-da-amazonia-campanha-pede-que-eleitor-vote-por-floresta-em-pe#breadcrumb"},"inLanguage":"pt-BR","potentialAction":[{"@type":"ReadAction","target":["https:\/\/agenciabrasil.ebc.com.br\/meio-ambiente\/noticia\/2026-09\/no-dia-da-amazonia-campanha-pede-que-eleitor-vote-por-floresta-em-pe"]}]},{"@type":"BreadcrumbList","@id":"https:\/\/agenciabrasil.ebc.com.br\/meio-ambiente\/noticia\/2026-09\/no-dia-da-amazonia-campanha-pede-que-eleitor-vote-por-floresta-em-pe#breadcrumb","itemListElement":[{"@type":"ListItem","position":1,"name":"In\u00edcio","item":"https:\/\/mrnews.com.br\/"},{"@type":"ListItem","position":2,"name":"No Dia da Amaz\u00f4nia, campanha pede que eleitor vote por floresta em p\u00e9"}]},{"@type":"WebSite","@id":"https:\/\/mrnews.com.br\/#website","url":"https:\/\/mrnews.com.br\/","name":"MRNews","description":"MRNews Jogos de hoje da TV, transmiss\u00f5es ao vivo, Not\u00edcias de futebol, Jogos ao vivo, Lives, resumo de novelas, Programa\u00e7\u00e3o da Globo, A Fazenda e BBB","publisher":{"@id":"https:\/\/mrnews.com.br\/#organization"},"potentialAction":[{"@type":"SearchAction","target":{"@type":"EntryPoint","urlTemplate":"https:\/\/mrnews.com.br\/?s={search_term_string}"},"query-input":{"@type":"PropertyValueSpecification","valueRequired":true,"valueName":"search_term_string"}}],"inLanguage":"pt-BR"},{"@type":"Organization","@id":"https:\/\/mrnews.com.br\/#organization","name":"MRNews","url":"https:\/\/mrnews.com.br\/","logo":{"@type":"ImageObject","inLanguage":"pt-BR","@id":"https:\/\/mrnews.com.br\/#\/schema\/logo\/image\/","url":"https:\/\/mrnews.com.br\/wp-content\/uploads\/2026\/08\/MRNEws.png","contentUrl":"https:\/\/mrnews.com.br\/wp-content\/uploads\/2026\/08\/MRNEws.png","width":1254,"height":1254,"caption":"MRNews"},"image":{"@id":"https:\/\/mrnews.com.br\/#\/schema\/logo\/image\/"},"sameAs":["https:\/\/www.facebook.com\/eaipahpah\/?locale2=pt_BR","https:\/\/x.com\/conspirou","https:\/\/www.instagram.com\/eai_pahpah","https:\/\/br.pinterest.com\/mrnewsn\/boards\/","https:\/\/www.youtube.com\/channel\/UCacgnpznQ61fifLWr1tQ-vA?view_as=subscriber"]},{"@type":"Person","@id":"https:\/\/mrnews.com.br\/#\/schema\/person\/2f073f2d87903a2ff9a065e41bbf17d4","name":"Fernando Corraa","image":{"@type":"ImageObject","inLanguage":"pt-BR","@id":"https:\/\/secure.gravatar.com\/avatar\/9069acb0e588c9f4346ba747284aef18a5faaab575e89e9ccc64e315003f0b82?s=96&d=monsterid&r=g","url":"https:\/\/secure.gravatar.com\/avatar\/9069acb0e588c9f4346ba747284aef18a5faaab575e89e9ccc64e315003f0b82?s=96&d=monsterid&r=g","contentUrl":"https:\/\/secure.gravatar.com\/avatar\/9069acb0e588c9f4346ba747284aef18a5faaab575e89e9ccc64e315003f0b82?s=96&d=monsterid&r=g","caption":"Fernando Corraa"},"url":"https:\/\/mrnews.com.br\/index.php\/author\/fernando-corraa\/"}]}},"jetpack_sharing_enabled":true,"jetpack_shortlink":"https:\/\/wp.me\/pa2Qf7-1Xh3","amp_enabled":true,"jetpack_featured_media_url":"","_links":{"self":[{"href":"https:\/\/mrnews.com.br\/index.php\/wp-json\/wp\/v2\/posts\/466181","targetHints":{"allow":["GET"]}}],"collection":[{"href":"https:\/\/mrnews.com.br\/index.php\/wp-json\/wp\/v2\/posts"}],"about":[{"href":"https:\/\/mrnews.com.br\/index.php\/wp-json\/wp\/v2\/types\/post"}],"author":[{"embeddable":true,"href":"https:\/\/mrnews.com.br\/index.php\/wp-json\/wp\/v2\/users\/39"}],"replies":[{"embeddable":true,"href":"https:\/\/mrnews.com.br\/index.php\/wp-json\/wp\/v2\/comments?post=466181"}],"version-history":[{"count":0,"href":"https:\/\/mrnews.com.br\/index.php\/wp-json\/wp\/v2\/posts\/466181\/revisions"}],"wp:attachment":[{"href":"https:\/\/mrnews.com.br\/index.php\/wp-json\/wp\/v2\/media?parent=466181"}],"wp:term":[{"taxonomy":"category","embeddable":true,"href":"https:\/\/mrnews.com.br\/index.php\/wp-json\/wp\/v2\/categories?post=466181"},{"taxonomy":"post_tag","embeddable":true,"href":"https:\/\/mrnews.com.br\/index.php\/wp-json\/wp\/v2\/tags?post=466181"}],"curies":[{"name":"wp","href":"https:\/\/api.w.org\/{rel}","templated":true}]}}