{"id":466184,"date":"2026-09-05T10:46:05","date_gmt":"2026-09-05T13:46:05","guid":{"rendered":"https:\/\/mrnews.com.br\/index.php\/2026\/09\/05\/eleicoes-2026-candidaturas-de-autistas-aumentam-mais-de-cinco-vezes\/"},"modified":"2026-09-05T10:46:05","modified_gmt":"2026-09-05T13:46:05","slug":"eleicoes-2026-candidaturas-de-autistas-aumentam-mais-de-cinco-vezes","status":"publish","type":"post","link":"https:\/\/mrnews.com.br\/index.php\/2026\/09\/05\/eleicoes-2026-candidaturas-de-autistas-aumentam-mais-de-cinco-vezes\/","title":{"rendered":"Elei\u00e7\u00f5es 2026: candidaturas de autistas aumentam mais de cinco vezes"},"content":{"rendered":"<p>Por EBC, <\/p>\n<div>\n<p><strong>As candidaturas de pessoas que se declaram autistas cresceu mais de cinco vezes entre as elei\u00e7\u00f5es gerais de 2022 e as de 2026, saltando de 13 para 70 os pedidos de registro.<\/strong><\/p>\n<p>Trinta e nove desses candidatos concorrem a uma vaga como deputado estadual. Outros 22 almejam ser eleitos deputado federal. H\u00e1 tamb\u00e9m cinco candidatos \u00e0 C\u00e2mara Legislativa do Distrito Federal; tr\u00eas a vice-governador e um primeiro suplente.<\/p>\n<p><strong>Os n\u00fameros s\u00e3o do Tribunal Superior Eleitoral (TSE) e v\u00e3o na contram\u00e3o das candidaturas gerais, que diminu\u00edram de 29.262, em 2022, para 20.829, este ano \u2013 dado que ainda pode variar, conforme o TSE atualiza sua base de dados.<\/strong><\/p>\n<p>Segundo o Minist\u00e9rio da Sa\u00fade, o Transtorno do Espectro Autista (TEA) \u00e9 uma condi\u00e7\u00e3o do desenvolvimento do c\u00e9rebro que pode afetar a comunica\u00e7\u00e3o, as intera\u00e7\u00f5es sociais e os comportamentos, manifestando-se de formas diferentes em cada pessoa, de quadros leves at\u00e9 casos que exigem maior apoio.<\/p>\n<p>O Manual Diagn\u00f3stico e Estat\u00edstico de Transtornos Mentais (DSM-5), da Associa\u00e7\u00e3o Americana de Psiquiatria (APA), classifica o TEA em diferentes n\u00edveis de suporte, conforme o grau de autonomia de cada pessoa. Em geral, uma pessoa com autismo de n\u00edvel 1 de suporte que recebe ajuda adequada tem plenas condi\u00e7\u00f5es de trabalhar, estudar, praticar atividades culturais e f\u00edsicas, desenvolvendo uma vida independente e exercendo plenamente sua cidadania.<\/p>\n<h2>Defici\u00eancias<\/h2>\n<p><strong>No total, 524 candidatos declararam \u00e0 Justi\u00e7a Eleitoral que t\u00eam algum tipo de defici\u00eancia f\u00edsica (208); visual (112); auditiva (59) entre outras (145), incluindo o autismo.<\/strong><\/p>\n<p>Em 4 de outubro, data do primeiro turno, eles disputar\u00e3o a prefer\u00eancia de cerca de 158,74 milh\u00f5es de eleitores, dos quais aproximadamente 1,97 milh\u00e3o t\u00eam algum tipo de defici\u00eancia &#8211; um crescimento de 42% em rela\u00e7\u00e3o aos 1,38 milh\u00e3o registrados em 2022.<\/p>\n<p>M\u00e3e de duas filhas autistas e h\u00e1 30 anos militando a favor da promo\u00e7\u00e3o e garantia dos direitos das pessoas com defici\u00eancia, a presidenta da Associa\u00e7\u00e3o Vozes At\u00edpicas (AVA) e terapeuta Simone Alli Chair, considera que o aumento do n\u00famero de candidaturas \u00e9 reflexo da crescente visibilidade social que o segmento vem conquistando ano a ano.<\/p>\n<p>\u201cGra\u00e7as aos avan\u00e7os da ci\u00eancia, hoje s\u00e3o diagnosticados casos que, at\u00e9 h\u00e1 pouco tempo,\u00a0n\u00e3o eram considerados. Isso n\u00e3o significa que o n\u00famero de autistas, por exemplo, \u00e9 maior, mas sim que,\u00a0antes,\u00a0os casos eram subnotificados. De qualquer forma, estas pessoas est\u00e3o chamando cada vez mais aten\u00e7\u00e3o\u201d, ponderou Simone<\/p>\n<p>Consequentemente, acrescenta a ativista, o n\u00famero de candidaturas tamb\u00e9m vem aumentando gradualmente para todos os cargos. &#8220;Como o tema parece estar em alta, h\u00e1 cada vez mais candidatos e pol\u00edticos tentando se aproximar do segmento\u201d, acrescentou Simone. Por\u00e9m, ela\u00a0alerta\u00a0que nem sempre este aparente interesse vem acompanhado de compromisso real com a causa.<\/p>\n<blockquote>\n<p>\u201cMuitos candidatos n\u00e3o est\u00e3o interessados em realmente nos ajudar, mas sim em arregimentar eleitores. Quando chega a hora de pedirmos apoio a projetos que beneficiem nossa comunidade, querem condicion\u00e1-la \u00e0 propaganda, nos deixam em segundo plano ou ignoram nossas reais necessidades e sugest\u00f5es\u201d, disse a presidenta da AVA.<\/p>\n<\/blockquote>\n<p><strong>Para Simone, muitos candidatos pecam pela superficialidade ao priorizar, em suas propostas, a quantidade em detrimento da qualidade. Distor\u00e7\u00e3o que, segundo a terapeuta, muitos mant\u00e9m ap\u00f3s serem eleitos.<\/strong><\/p>\n<p>\u201cEm geral, os pol\u00edticos querem apresentar n\u00fameros, quantidade. S\u00f3 que n\u00f3s precisamos e queremos qualidade. Se uma crian\u00e7a autista precisa de uma psic\u00f3loga, n\u00e3o \u00e9 qualquer psic\u00f3loga. \u00c9 uma profissional com forma\u00e7\u00e3o espec\u00edfica para atender esta crian\u00e7a\u201d, frisou Simone.<\/p>\n<p>\u201cN\u00e3o adianta prometer, por exemplo, que vai construir CAPS [Centros de Aten\u00e7\u00e3o Psicossocial] ou ampliar o n\u00famero de atendimentos sem levar em conta a especificidade dos casos e a necessidade de profissionais qualificados. Ou, quando eleito, dizer que ajudou a que fossem feitos n\u00e3o sei quantos atendimentos \u2013 o que \u00e9 importante, mas precisa ser contextualizado \u2013 sem atentar para o tempo de espera; a qualidade do atendimento; se o tratamento foi continuado ou se h\u00e1 equipes multidisciplinares\u201d, acrescentou.<\/p>\n<p>Simone ressalta a necessidade de os\u00a0eleitores analisarem com rigor o hist\u00f3rico e a viabilidade t\u00e9cnica das propostas apresentadas nas urnas.<\/p>\n<h2>Segmenta\u00e7\u00e3o<\/h2>\n<p>Para o cientista pol\u00edtico e s\u00f3cio-fundador do Instituto Vox Populi Jo\u00e3o Francisco Meira\u00a0o crescimento das candidaturas voltadas \u00e0 neurodiversidade e aos direitos das pessoas com defici\u00eancia atende a uma l\u00f3gica de segmenta\u00e7\u00e3o e diferencia\u00e7\u00e3o, especialmente nas elei\u00e7\u00f5es proporcionais, ou seja, o sistema pelo qual s\u00e3o eleitos vereadores e deputados federais, estaduais e distritais.<\/p>\n<blockquote>\n<p>\u201cH\u00e1, hoje, tr\u00eas grandes categorias ideol\u00f3gicas dentro do eleitorado: do centro para a esquerda; do centro para a direita e, entre estas duas, os nichos dentro dos quais os candidatos proporcionais buscam se diferenciar em meio a centenas, milhares de outros candidatos que oferecem mais ou menos um mesmo card\u00e1pio\u201d, explicou Meira.<\/p>\n<\/blockquote>\n<p><strong>Para ele,\u00a0a segmenta\u00e7\u00e3o pode ajudar um candidato proporcional a atrair eleitores para al\u00e9m das divis\u00f5es partid\u00e1rias tradicionais.<\/strong><\/p>\n<p>\u201cAlgu\u00e9m que n\u00e3o comungue com suas ideias em geral pode prestar aten\u00e7\u00e3o em uma determinada proposta segmentada. Ou seja, h\u00e1 a\u00ed um pouco de economia da aten\u00e7\u00e3o, de segmenta\u00e7\u00e3o de mercado e um aspecto importante de diferencia\u00e7\u00e3o da narrativa\u201d, comentou Meira.<\/p>\n<p>Ele\u00a0sustenta\u00a0que \u00e9 comum que, a cada elei\u00e7\u00e3o, novos temas ganhem visibilidade e passem a atrair maior interesse de candidatos e eleitores, impactando as estrat\u00e9gias de campanha.<\/p>\n<p>\u201cNa medida em que alguns problemas v\u00e3o sendo resolvidos ou equacionados, novas preocupa\u00e7\u00f5es &#8211; demograficamente menos densas [em contraposi\u00e7\u00e3o a temas de apelo universal e massivo, como seguran\u00e7a p\u00fablica e sa\u00fade] &#8211; passam a receber um olhar diferenciado e entram na agenda pol\u00edtica\u201d, concluiu Meira.<\/p>\n<p>      <!-- Relacionada --><\/p>\n<p>            <!-- Relacionada -->\n    <\/div>\n","protected":false},"excerpt":{"rendered":"<p>Por EBC, As candidaturas de pessoas que se declaram autistas cresceu mais de cinco vezes entre as elei\u00e7\u00f5es gerais de 2022 e as de 2026, saltando de 13 para 70 os pedidos de registro. Trinta e nove desses candidatos concorrem a uma vaga como deputado estadual. Outros 22 almejam ser eleitos deputado federal. H\u00e1 tamb\u00e9m &hellip;<\/p>\n","protected":false},"author":39,"featured_media":0,"comment_status":"open","ping_status":"open","sticky":false,"template":"","format":"standard","meta":{"_jetpack_newsletter_access":"","_jetpack_dont_email_post_to_subs":false,"_jetpack_newsletter_tier_id":0,"_jetpack_memberships_contains_paywalled_content":false,"_jetpack_feature_clip_id":0,"_jetpack_memberships_contains_paid_content":false,"footnotes":"","jetpack_post_was_ever_published":false},"categories":[4],"tags":[],"class_list":["post-466184","post","type-post","status-publish","format-standard","hentry","category-servicos"],"yoast_head":"<!-- This site is optimized with the Yoast SEO plugin v28.4 - https:\/\/yoast.com\/product\/yoast-seo-wordpress\/ -->\n<title>Elei\u00e7\u00f5es 2026: candidaturas de autistas aumentam mais de cinco vezes<\/title>\n<meta name=\"robots\" content=\"index, follow, max-snippet:-1, max-image-preview:large, max-video-preview:-1\" \/>\n<link rel=\"canonical\" href=\"https:\/\/agenciabrasil.ebc.com.br\/politica\/noticia\/2026-09\/eleicoes-2026-candidaturas-de-autistas-aumentam-mais-de-cinco-vezes\" \/>\n<meta property=\"og:locale\" content=\"pt_BR\" \/>\n<meta property=\"og:type\" content=\"article\" \/>\n<meta property=\"og:title\" content=\"Elei\u00e7\u00f5es 2026: candidaturas de autistas aumentam mais de cinco vezes\" \/>\n<meta property=\"og:description\" content=\"Por EBC, As candidaturas de pessoas que se declaram autistas cresceu mais de cinco vezes entre as elei\u00e7\u00f5es gerais de 2022 e as de 2026, saltando de 13 para 70 os pedidos de registro. Trinta e nove desses candidatos concorrem a uma vaga como deputado estadual. Outros 22 almejam ser eleitos deputado federal. H\u00e1 tamb\u00e9m &hellip;\" \/>\n<meta property=\"og:url\" content=\"https:\/\/agenciabrasil.ebc.com.br\/politica\/noticia\/2026-09\/eleicoes-2026-candidaturas-de-autistas-aumentam-mais-de-cinco-vezes\" \/>\n<meta property=\"og:site_name\" content=\"MRNews\" \/>\n<meta property=\"article:publisher\" content=\"https:\/\/www.facebook.com\/eaipahpah\/?locale2=pt_BR\" \/>\n<meta property=\"article:published_time\" content=\"2026-09-05T13:46:05+00:00\" \/>\n<meta name=\"author\" content=\"Fernando Corraa\" \/>\n<meta name=\"twitter:card\" content=\"summary_large_image\" \/>\n<meta name=\"twitter:creator\" content=\"@conspirou\" \/>\n<meta name=\"twitter:site\" content=\"@conspirou\" \/>\n<meta name=\"twitter:label1\" content=\"Escrito por\" \/>\n\t<meta name=\"twitter:data1\" content=\"Fernando Corraa\" \/>\n\t<meta name=\"twitter:label2\" content=\"Est. tempo de leitura\" \/>\n\t<meta name=\"twitter:data2\" content=\"5 minutos\" \/>\n<script type=\"application\/ld+json\" class=\"yoast-schema-graph\">{\"@context\":\"https:\\\/\\\/schema.org\",\"@graph\":[{\"@type\":\"Article\",\"@id\":\"https:\\\/\\\/agenciabrasil.ebc.com.br\\\/politica\\\/noticia\\\/2026-09\\\/eleicoes-2026-candidaturas-de-autistas-aumentam-mais-de-cinco-vezes#article\",\"isPartOf\":{\"@id\":\"https:\\\/\\\/mrnews.com.br\\\/index.php\\\/2026\\\/09\\\/05\\\/eleicoes-2026-candidaturas-de-autistas-aumentam-mais-de-cinco-vezes\\\/\"},\"author\":{\"name\":\"Fernando Corraa\",\"@id\":\"https:\\\/\\\/mrnews.com.br\\\/#\\\/schema\\\/person\\\/2f073f2d87903a2ff9a065e41bbf17d4\"},\"headline\":\"Elei\u00e7\u00f5es 2026: candidaturas de autistas aumentam mais de cinco vezes\",\"datePublished\":\"2026-09-05T13:46:05+00:00\",\"mainEntityOfPage\":{\"@id\":\"https:\\\/\\\/mrnews.com.br\\\/index.php\\\/2026\\\/09\\\/05\\\/eleicoes-2026-candidaturas-de-autistas-aumentam-mais-de-cinco-vezes\\\/\"},\"wordCount\":987,\"commentCount\":0,\"publisher\":{\"@id\":\"https:\\\/\\\/mrnews.com.br\\\/#organization\"},\"articleSection\":[\"SERVI\u00c7OS\"],\"inLanguage\":\"pt-BR\",\"potentialAction\":[{\"@type\":\"CommentAction\",\"name\":\"Comment\",\"target\":[\"https:\\\/\\\/agenciabrasil.ebc.com.br\\\/politica\\\/noticia\\\/2026-09\\\/eleicoes-2026-candidaturas-de-autistas-aumentam-mais-de-cinco-vezes#respond\"]}]},{\"@type\":\"WebPage\",\"@id\":\"https:\\\/\\\/mrnews.com.br\\\/index.php\\\/2026\\\/09\\\/05\\\/eleicoes-2026-candidaturas-de-autistas-aumentam-mais-de-cinco-vezes\\\/\",\"url\":\"https:\\\/\\\/agenciabrasil.ebc.com.br\\\/politica\\\/noticia\\\/2026-09\\\/eleicoes-2026-candidaturas-de-autistas-aumentam-mais-de-cinco-vezes\",\"name\":\"Elei\u00e7\u00f5es 2026: candidaturas de autistas aumentam mais de cinco vezes\",\"isPartOf\":{\"@id\":\"https:\\\/\\\/mrnews.com.br\\\/#website\"},\"datePublished\":\"2026-09-05T13:46:05+00:00\",\"breadcrumb\":{\"@id\":\"https:\\\/\\\/agenciabrasil.ebc.com.br\\\/politica\\\/noticia\\\/2026-09\\\/eleicoes-2026-candidaturas-de-autistas-aumentam-mais-de-cinco-vezes#breadcrumb\"},\"inLanguage\":\"pt-BR\",\"potentialAction\":[{\"@type\":\"ReadAction\",\"target\":[\"https:\\\/\\\/agenciabrasil.ebc.com.br\\\/politica\\\/noticia\\\/2026-09\\\/eleicoes-2026-candidaturas-de-autistas-aumentam-mais-de-cinco-vezes\"]}]},{\"@type\":\"BreadcrumbList\",\"@id\":\"https:\\\/\\\/agenciabrasil.ebc.com.br\\\/politica\\\/noticia\\\/2026-09\\\/eleicoes-2026-candidaturas-de-autistas-aumentam-mais-de-cinco-vezes#breadcrumb\",\"itemListElement\":[{\"@type\":\"ListItem\",\"position\":1,\"name\":\"In\u00edcio\",\"item\":\"https:\\\/\\\/mrnews.com.br\\\/\"},{\"@type\":\"ListItem\",\"position\":2,\"name\":\"Elei\u00e7\u00f5es 2026: candidaturas de autistas aumentam mais de cinco vezes\"}]},{\"@type\":\"WebSite\",\"@id\":\"https:\\\/\\\/mrnews.com.br\\\/#website\",\"url\":\"https:\\\/\\\/mrnews.com.br\\\/\",\"name\":\"MRNews\",\"description\":\"MRNews Jogos de hoje da TV, transmiss\u00f5es ao vivo, Not\u00edcias de futebol, Jogos ao vivo, Lives, resumo de novelas, Programa\u00e7\u00e3o da Globo, A Fazenda e BBB\",\"publisher\":{\"@id\":\"https:\\\/\\\/mrnews.com.br\\\/#organization\"},\"potentialAction\":[{\"@type\":\"SearchAction\",\"target\":{\"@type\":\"EntryPoint\",\"urlTemplate\":\"https:\\\/\\\/mrnews.com.br\\\/?s={search_term_string}\"},\"query-input\":{\"@type\":\"PropertyValueSpecification\",\"valueRequired\":true,\"valueName\":\"search_term_string\"}}],\"inLanguage\":\"pt-BR\"},{\"@type\":\"Organization\",\"@id\":\"https:\\\/\\\/mrnews.com.br\\\/#organization\",\"name\":\"MRNews\",\"url\":\"https:\\\/\\\/mrnews.com.br\\\/\",\"logo\":{\"@type\":\"ImageObject\",\"inLanguage\":\"pt-BR\",\"@id\":\"https:\\\/\\\/mrnews.com.br\\\/#\\\/schema\\\/logo\\\/image\\\/\",\"url\":\"https:\\\/\\\/mrnews.com.br\\\/wp-content\\\/uploads\\\/2026\\\/08\\\/MRNEws.png\",\"contentUrl\":\"https:\\\/\\\/mrnews.com.br\\\/wp-content\\\/uploads\\\/2026\\\/08\\\/MRNEws.png\",\"width\":1254,\"height\":1254,\"caption\":\"MRNews\"},\"image\":{\"@id\":\"https:\\\/\\\/mrnews.com.br\\\/#\\\/schema\\\/logo\\\/image\\\/\"},\"sameAs\":[\"https:\\\/\\\/www.facebook.com\\\/eaipahpah\\\/?locale2=pt_BR\",\"https:\\\/\\\/x.com\\\/conspirou\",\"https:\\\/\\\/www.instagram.com\\\/eai_pahpah\",\"https:\\\/\\\/br.pinterest.com\\\/mrnewsn\\\/boards\\\/\",\"https:\\\/\\\/www.youtube.com\\\/channel\\\/UCacgnpznQ61fifLWr1tQ-vA?view_as=subscriber\"]},{\"@type\":\"Person\",\"@id\":\"https:\\\/\\\/mrnews.com.br\\\/#\\\/schema\\\/person\\\/2f073f2d87903a2ff9a065e41bbf17d4\",\"name\":\"Fernando Corraa\",\"image\":{\"@type\":\"ImageObject\",\"inLanguage\":\"pt-BR\",\"@id\":\"https:\\\/\\\/secure.gravatar.com\\\/avatar\\\/9069acb0e588c9f4346ba747284aef18a5faaab575e89e9ccc64e315003f0b82?s=96&d=monsterid&r=g\",\"url\":\"https:\\\/\\\/secure.gravatar.com\\\/avatar\\\/9069acb0e588c9f4346ba747284aef18a5faaab575e89e9ccc64e315003f0b82?s=96&d=monsterid&r=g\",\"contentUrl\":\"https:\\\/\\\/secure.gravatar.com\\\/avatar\\\/9069acb0e588c9f4346ba747284aef18a5faaab575e89e9ccc64e315003f0b82?s=96&d=monsterid&r=g\",\"caption\":\"Fernando Corraa\"},\"url\":\"https:\\\/\\\/mrnews.com.br\\\/index.php\\\/author\\\/fernando-corraa\\\/\"}]}<\/script>\n<!-- \/ Yoast SEO plugin. -->","yoast_head_json":{"title":"Elei\u00e7\u00f5es 2026: candidaturas de autistas aumentam mais de cinco vezes","robots":{"index":"index","follow":"follow","max-snippet":"max-snippet:-1","max-image-preview":"max-image-preview:large","max-video-preview":"max-video-preview:-1"},"canonical":"https:\/\/agenciabrasil.ebc.com.br\/politica\/noticia\/2026-09\/eleicoes-2026-candidaturas-de-autistas-aumentam-mais-de-cinco-vezes","og_locale":"pt_BR","og_type":"article","og_title":"Elei\u00e7\u00f5es 2026: candidaturas de autistas aumentam mais de cinco vezes","og_description":"Por EBC, As candidaturas de pessoas que se declaram autistas cresceu mais de cinco vezes entre as elei\u00e7\u00f5es gerais de 2022 e as de 2026, saltando de 13 para 70 os pedidos de registro. Trinta e nove desses candidatos concorrem a uma vaga como deputado estadual. Outros 22 almejam ser eleitos deputado federal. H\u00e1 tamb\u00e9m &hellip;","og_url":"https:\/\/agenciabrasil.ebc.com.br\/politica\/noticia\/2026-09\/eleicoes-2026-candidaturas-de-autistas-aumentam-mais-de-cinco-vezes","og_site_name":"MRNews","article_publisher":"https:\/\/www.facebook.com\/eaipahpah\/?locale2=pt_BR","article_published_time":"2026-09-05T13:46:05+00:00","author":"Fernando Corraa","twitter_card":"summary_large_image","twitter_creator":"@conspirou","twitter_site":"@conspirou","twitter_misc":{"Escrito por":"Fernando Corraa","Est. tempo de leitura":"5 minutos"},"schema":{"@context":"https:\/\/schema.org","@graph":[{"@type":"Article","@id":"https:\/\/agenciabrasil.ebc.com.br\/politica\/noticia\/2026-09\/eleicoes-2026-candidaturas-de-autistas-aumentam-mais-de-cinco-vezes#article","isPartOf":{"@id":"https:\/\/mrnews.com.br\/index.php\/2026\/09\/05\/eleicoes-2026-candidaturas-de-autistas-aumentam-mais-de-cinco-vezes\/"},"author":{"name":"Fernando Corraa","@id":"https:\/\/mrnews.com.br\/#\/schema\/person\/2f073f2d87903a2ff9a065e41bbf17d4"},"headline":"Elei\u00e7\u00f5es 2026: candidaturas de autistas aumentam mais de cinco vezes","datePublished":"2026-09-05T13:46:05+00:00","mainEntityOfPage":{"@id":"https:\/\/mrnews.com.br\/index.php\/2026\/09\/05\/eleicoes-2026-candidaturas-de-autistas-aumentam-mais-de-cinco-vezes\/"},"wordCount":987,"commentCount":0,"publisher":{"@id":"https:\/\/mrnews.com.br\/#organization"},"articleSection":["SERVI\u00c7OS"],"inLanguage":"pt-BR","potentialAction":[{"@type":"CommentAction","name":"Comment","target":["https:\/\/agenciabrasil.ebc.com.br\/politica\/noticia\/2026-09\/eleicoes-2026-candidaturas-de-autistas-aumentam-mais-de-cinco-vezes#respond"]}]},{"@type":"WebPage","@id":"https:\/\/mrnews.com.br\/index.php\/2026\/09\/05\/eleicoes-2026-candidaturas-de-autistas-aumentam-mais-de-cinco-vezes\/","url":"https:\/\/agenciabrasil.ebc.com.br\/politica\/noticia\/2026-09\/eleicoes-2026-candidaturas-de-autistas-aumentam-mais-de-cinco-vezes","name":"Elei\u00e7\u00f5es 2026: candidaturas de autistas aumentam mais de cinco vezes","isPartOf":{"@id":"https:\/\/mrnews.com.br\/#website"},"datePublished":"2026-09-05T13:46:05+00:00","breadcrumb":{"@id":"https:\/\/agenciabrasil.ebc.com.br\/politica\/noticia\/2026-09\/eleicoes-2026-candidaturas-de-autistas-aumentam-mais-de-cinco-vezes#breadcrumb"},"inLanguage":"pt-BR","potentialAction":[{"@type":"ReadAction","target":["https:\/\/agenciabrasil.ebc.com.br\/politica\/noticia\/2026-09\/eleicoes-2026-candidaturas-de-autistas-aumentam-mais-de-cinco-vezes"]}]},{"@type":"BreadcrumbList","@id":"https:\/\/agenciabrasil.ebc.com.br\/politica\/noticia\/2026-09\/eleicoes-2026-candidaturas-de-autistas-aumentam-mais-de-cinco-vezes#breadcrumb","itemListElement":[{"@type":"ListItem","position":1,"name":"In\u00edcio","item":"https:\/\/mrnews.com.br\/"},{"@type":"ListItem","position":2,"name":"Elei\u00e7\u00f5es 2026: candidaturas de autistas aumentam mais de cinco vezes"}]},{"@type":"WebSite","@id":"https:\/\/mrnews.com.br\/#website","url":"https:\/\/mrnews.com.br\/","name":"MRNews","description":"MRNews Jogos de hoje da TV, transmiss\u00f5es ao vivo, Not\u00edcias de futebol, Jogos ao vivo, Lives, resumo de novelas, Programa\u00e7\u00e3o da Globo, A Fazenda e BBB","publisher":{"@id":"https:\/\/mrnews.com.br\/#organization"},"potentialAction":[{"@type":"SearchAction","target":{"@type":"EntryPoint","urlTemplate":"https:\/\/mrnews.com.br\/?s={search_term_string}"},"query-input":{"@type":"PropertyValueSpecification","valueRequired":true,"valueName":"search_term_string"}}],"inLanguage":"pt-BR"},{"@type":"Organization","@id":"https:\/\/mrnews.com.br\/#organization","name":"MRNews","url":"https:\/\/mrnews.com.br\/","logo":{"@type":"ImageObject","inLanguage":"pt-BR","@id":"https:\/\/mrnews.com.br\/#\/schema\/logo\/image\/","url":"https:\/\/mrnews.com.br\/wp-content\/uploads\/2026\/08\/MRNEws.png","contentUrl":"https:\/\/mrnews.com.br\/wp-content\/uploads\/2026\/08\/MRNEws.png","width":1254,"height":1254,"caption":"MRNews"},"image":{"@id":"https:\/\/mrnews.com.br\/#\/schema\/logo\/image\/"},"sameAs":["https:\/\/www.facebook.com\/eaipahpah\/?locale2=pt_BR","https:\/\/x.com\/conspirou","https:\/\/www.instagram.com\/eai_pahpah","https:\/\/br.pinterest.com\/mrnewsn\/boards\/","https:\/\/www.youtube.com\/channel\/UCacgnpznQ61fifLWr1tQ-vA?view_as=subscriber"]},{"@type":"Person","@id":"https:\/\/mrnews.com.br\/#\/schema\/person\/2f073f2d87903a2ff9a065e41bbf17d4","name":"Fernando Corraa","image":{"@type":"ImageObject","inLanguage":"pt-BR","@id":"https:\/\/secure.gravatar.com\/avatar\/9069acb0e588c9f4346ba747284aef18a5faaab575e89e9ccc64e315003f0b82?s=96&d=monsterid&r=g","url":"https:\/\/secure.gravatar.com\/avatar\/9069acb0e588c9f4346ba747284aef18a5faaab575e89e9ccc64e315003f0b82?s=96&d=monsterid&r=g","contentUrl":"https:\/\/secure.gravatar.com\/avatar\/9069acb0e588c9f4346ba747284aef18a5faaab575e89e9ccc64e315003f0b82?s=96&d=monsterid&r=g","caption":"Fernando Corraa"},"url":"https:\/\/mrnews.com.br\/index.php\/author\/fernando-corraa\/"}]}},"jetpack_sharing_enabled":true,"jetpack_shortlink":"https:\/\/wp.me\/pa2Qf7-1Xh6","amp_enabled":true,"jetpack_featured_media_url":"","_links":{"self":[{"href":"https:\/\/mrnews.com.br\/index.php\/wp-json\/wp\/v2\/posts\/466184","targetHints":{"allow":["GET"]}}],"collection":[{"href":"https:\/\/mrnews.com.br\/index.php\/wp-json\/wp\/v2\/posts"}],"about":[{"href":"https:\/\/mrnews.com.br\/index.php\/wp-json\/wp\/v2\/types\/post"}],"author":[{"embeddable":true,"href":"https:\/\/mrnews.com.br\/index.php\/wp-json\/wp\/v2\/users\/39"}],"replies":[{"embeddable":true,"href":"https:\/\/mrnews.com.br\/index.php\/wp-json\/wp\/v2\/comments?post=466184"}],"version-history":[{"count":0,"href":"https:\/\/mrnews.com.br\/index.php\/wp-json\/wp\/v2\/posts\/466184\/revisions"}],"wp:attachment":[{"href":"https:\/\/mrnews.com.br\/index.php\/wp-json\/wp\/v2\/media?parent=466184"}],"wp:term":[{"taxonomy":"category","embeddable":true,"href":"https:\/\/mrnews.com.br\/index.php\/wp-json\/wp\/v2\/categories?post=466184"},{"taxonomy":"post_tag","embeddable":true,"href":"https:\/\/mrnews.com.br\/index.php\/wp-json\/wp\/v2\/tags?post=466184"}],"curies":[{"name":"wp","href":"https:\/\/api.w.org\/{rel}","templated":true}]}}