{"id":466185,"date":"2026-09-05T11:28:00","date_gmt":"2026-09-05T14:28:00","guid":{"rendered":"https:\/\/mrnews.com.br\/index.php\/2026\/09\/05\/rock-in-rio-mantem-foco-em-defesa-de-projetos-socioambientais\/"},"modified":"2026-09-05T11:28:00","modified_gmt":"2026-09-05T14:28:00","slug":"rock-in-rio-mantem-foco-em-defesa-de-projetos-socioambientais","status":"publish","type":"post","link":"https:\/\/mrnews.com.br\/index.php\/2026\/09\/05\/rock-in-rio-mantem-foco-em-defesa-de-projetos-socioambientais\/","title":{"rendered":"Rock in Rio mant\u00e9m foco em defesa de projetos socioambientais"},"content":{"rendered":"<p>Por EBC, <\/p>\n<div>\n<p><strong>Al\u00e9m de entreter o p\u00fablico com shows nacionais e internacionais, o Rock in Rio, ao longo dos 41 anos de exibi\u00e7\u00e3o, vem refor\u00e7ando o foco em\u00a0causas sociais e ambientais. Esse prop\u00f3sito avan\u00e7ou principalmente a partir de 2001, quando foi criado o projeto Por Um Mundo Melhor.<\/strong><\/p>\n<p>A edi\u00e7\u00e3o 2026 come\u00e7ou nessa sexta-feira (4), na Cidade do Rock, na Barra da Tijuca, zona sudoeste da cidade. Entre as atra\u00e7\u00f5es est\u00e3o Elton John, Gilberto Gil, Foo Fighters, Ivete Sangalo, DJ Alok, Maroon 5, Black\u202fEyed\u202fPeas, Nelly e Bar\u00e3o Vermelho.\u00a0<\/p>\n<p><strong>De acordo com a organiza\u00e7\u00e3o do festival, a\u00a0atua\u00e7\u00e3o do Rock in Rio em projetos socioambientais\u00a0soma R$ 118 milh\u00f5es investidos, mais de 200 institui\u00e7\u00f5es apoiadas e mais de 1 milh\u00e3o de pessoas beneficiadas diretamente.<\/strong><\/p>\n<p>Na \u00e1rea social, o projeto de combate \u00e0 fome A\u00e7\u00e3o da Cidadania mant\u00e9m parceria com o evento musical h\u00e1 25 anos. O p\u00fablico poder\u00e1 conhecer mais detalhes ao visitar a \u00e1rea exclusiva constru\u00edda no Rock in Rio.<\/p>\n<div class=\"dnd-widget-wrapper context-medio_4colunas type-image atom-align-left\">\n<div class=\"dnd-atom-rendered\"><!-- scald=471737:medio_4colunas {\"additionalClasses\":\"\"} --><\/p>\n<p>    <!-- END scald=471737 --><\/div>\n<div class=\"dnd-caption-wrapper\">\n<p><!--copyright=471737-->Os presidente da Rock World, Roberto Medina, e o\u00a0do Conselho da A\u00e7\u00e3o da Cidadania, Daniel de Souza, no Prat\u00f4metro montado na Cidade do Rock\u00a0&#8211; <strong>Cristina Indio do Brasil<\/strong><!--END copyright=471737--><\/p>\n<\/div>\n<\/div>\n<p>\u201cL\u00e1, voc\u00ea vai poder conhecer de perto o nosso trabalho e a nossa hist\u00f3ria, que come\u00e7ou com Betinho h\u00e1 mais de 33 anos, fazer sua doa\u00e7\u00e3o e se juntar \u00e0 A\u00e7\u00e3o da Cidadania no combate \u00e0 fome\u201d, informou em seu perfil no Instagram.<\/p>\n<p>A parceria nesta edi\u00e7\u00e3o tem a meta de alcan\u00e7ar 2 milh\u00f5es de pratos de comida. No gramado da Cidade do Rock, foi instalado o Prat\u00f4metro \u2013 painel que vai mostrar, em tempo real, a quanto caminham as doa\u00e7\u00f5es at\u00e9 o \u00faltimo dia de shows.<\/p>\n<p>\u201cNesta edi\u00e7\u00e3o avan\u00e7amos mais uma vez com a parceria com a A\u00e7\u00e3o da Cidadania. A gente tem trabalhado as \u00e1reas\u00a0social e ambiental em tr\u00eas escalas, aquilo que \u00e9 o curto, m\u00e9dio e longo prazos\u201d, explicou\u00a0Roberta Medina, vice-presidente executiva da Rock World, empresa produtora do festival.<\/p>\n<p>De acordo com ela, no curto prazo o foco \u00e9 o combate \u00e0 fome, em parceria com a A\u00e7\u00e3o da Cidadania. Nas atua\u00e7\u00f5es de m\u00e9dio prazo, a vice-presidente destacou a parceria hist\u00f3rica com a organiza\u00e7\u00e3o\u00a0Gerando Falc\u00f5es, que desenvolve o projeto Favela 3D.<\/p>\n<p>\u201c\u00c9 uma transforma\u00e7\u00e3o lind\u00edssima em favelas de pequena escala para melhorar a vida e trazer dignidade, cortar ali o n\u00edvel mais brabo de pobreza e para que as pessoas possam voar e fazer as suas jornadas.&#8221;<br \/>\u00a0<\/p>\n<div class=\"dnd-widget-wrapper context-cheio_8colunas type-image\">\n<div class=\"dnd-atom-rendered\"><!-- scald=473348:cheio_8colunas --><\/p>\n<p>    <!-- END scald=473348 --><\/div>\n<div class=\"dnd-caption-wrapper\">\n<p>Atua\u00e7\u00e3o do Rock in Rio em projetos socioambientais soma R$ 118 milh\u00f5es investidos. <strong>Tomaz Silva\/Ag\u00eancia Brasil<\/strong><!--END copyright=473348--><\/p>\n<\/div>\n<\/div>\n<p><strong>No longo prazo, est\u00e3o projetos na \u00e1rea ambiental. A preocupa\u00e7\u00e3o com as mudan\u00e7as clim\u00e1ticas, levou o Rock in Rio a desenvolver a\u00e7\u00f5es que s\u00e3o acompanhadas at\u00e9 no exterior, como a Amaz\u00f4nia Live para a conscientiza\u00e7\u00e3o ecol\u00f3gica e preserva\u00e7\u00e3o da Floresta Amaz\u00f4nica j\u00e1 realizada por duas vezes.<\/strong><\/p>\n<blockquote>\n<p>\u201cConversamos para fora e para dentro. Para fora as iniciativas sociais, para dentro os compromissos de como gerir res\u00edduo, como tratar da \u00e1gua e do consumo de energia. A gente vem buscando sempre formas de evoluir e minimizando impacto ambiental ampliando o impacto social e econ\u00f4mico.\u201d<\/p>\n<\/blockquote>\n<h2>Acessibilidade<\/h2>\n<p>Nesta edi\u00e7\u00e3o ter\u00e1 tamb\u00e9m o espa\u00e7o destinado \u00e0s pessoas com defici\u00eancia. Tudo feito para a acessibilidade e inclus\u00e3o. \u201cCada edi\u00e7\u00e3o tem mais cadeirantes, mais pessoas com problema de vis\u00e3o ou de audi\u00e7\u00e3o. Tem a sala de sensibiliza\u00e7\u00e3o sensorial para acolher os neurodivergentes. Isso faz com que a diversidade interna v\u00e1 crescendo cada vez mais e essa \u00e9 a nossa inten\u00e7\u00e3o\u201d, ressaltou Roberta Medina.<\/p>\n<h2>Combate \u00e0 viol\u00eancia<\/h2>\n<p>A busca por uma Cidade do Rock mais diversa, segura e acolhedora ganhou nesta edi\u00e7\u00e3o lugar de conscientiza\u00e7\u00e3o, preven\u00e7\u00e3o e combate \u00e0 viol\u00eancia. O Espa\u00e7o Plural destaca o enfrentamento \u00e0 viol\u00eancia de g\u00eanero, por meio de conte\u00fados imersivos. Em outro ponto, o Espa\u00e7o Delas ser\u00e1 um local de conex\u00e3o entre mulheres.<\/p>\n<p>\u201cCom essas iniciativas, o Rock in Rio amplia sua atua\u00e7\u00e3o para al\u00e9m dos palcos e refor\u00e7a uma mensagem que acompanha a experi\u00eancia do festival: respeito, cuidado e pertencimento tamb\u00e9m fazem parte do show\u201d, acrescentou a vice-presidente.<\/p>\n<p>      <!-- Relacionada --><\/p>\n<p>            <!-- Relacionada -->\n    <\/div>\n","protected":false},"excerpt":{"rendered":"<p>Por EBC, Al\u00e9m de entreter o p\u00fablico com shows nacionais e internacionais, o Rock in Rio, ao longo dos 41 anos de exibi\u00e7\u00e3o, vem refor\u00e7ando o foco em\u00a0causas sociais e ambientais. Esse prop\u00f3sito avan\u00e7ou principalmente a partir de 2001, quando foi criado o projeto Por Um Mundo Melhor. A edi\u00e7\u00e3o 2026 come\u00e7ou nessa sexta-feira (4), &hellip;<\/p>\n","protected":false},"author":39,"featured_media":0,"comment_status":"open","ping_status":"open","sticky":false,"template":"","format":"standard","meta":{"_jetpack_newsletter_access":"","_jetpack_dont_email_post_to_subs":false,"_jetpack_newsletter_tier_id":0,"_jetpack_memberships_contains_paywalled_content":false,"_jetpack_feature_clip_id":0,"_jetpack_memberships_contains_paid_content":false,"footnotes":"","jetpack_post_was_ever_published":false},"categories":[4],"tags":[],"class_list":["post-466185","post","type-post","status-publish","format-standard","hentry","category-servicos"],"yoast_head":"<!-- This site is optimized with the Yoast SEO plugin v28.4 - https:\/\/yoast.com\/product\/yoast-seo-wordpress\/ -->\n<title>Rock in Rio mant\u00e9m foco em defesa de projetos socioambientais<\/title>\n<meta name=\"robots\" content=\"index, follow, max-snippet:-1, max-image-preview:large, max-video-preview:-1\" \/>\n<link rel=\"canonical\" href=\"https:\/\/agenciabrasil.ebc.com.br\/cultura\/noticia\/2026-09\/rock-rio-mantem-foco-em-defesa-de-projetos-socioambientais\" \/>\n<meta property=\"og:locale\" content=\"pt_BR\" \/>\n<meta property=\"og:type\" content=\"article\" \/>\n<meta property=\"og:title\" content=\"Rock in Rio mant\u00e9m foco em defesa de projetos socioambientais\" \/>\n<meta property=\"og:description\" content=\"Por EBC, Al\u00e9m de entreter o p\u00fablico com shows nacionais e internacionais, o Rock in Rio, ao longo dos 41 anos de exibi\u00e7\u00e3o, vem refor\u00e7ando o foco em\u00a0causas sociais e ambientais. Esse prop\u00f3sito avan\u00e7ou principalmente a partir de 2001, quando foi criado o projeto Por Um Mundo Melhor. A edi\u00e7\u00e3o 2026 come\u00e7ou nessa sexta-feira (4), &hellip;\" \/>\n<meta property=\"og:url\" content=\"https:\/\/agenciabrasil.ebc.com.br\/cultura\/noticia\/2026-09\/rock-rio-mantem-foco-em-defesa-de-projetos-socioambientais\" \/>\n<meta property=\"og:site_name\" content=\"MRNews\" \/>\n<meta property=\"article:publisher\" content=\"https:\/\/www.facebook.com\/eaipahpah\/?locale2=pt_BR\" \/>\n<meta property=\"article:published_time\" content=\"2026-09-05T14:28:00+00:00\" \/>\n<meta name=\"author\" content=\"Fernando Corraa\" \/>\n<meta name=\"twitter:card\" content=\"summary_large_image\" \/>\n<meta name=\"twitter:creator\" content=\"@conspirou\" \/>\n<meta name=\"twitter:site\" content=\"@conspirou\" \/>\n<meta name=\"twitter:label1\" content=\"Escrito por\" \/>\n\t<meta name=\"twitter:data1\" content=\"Fernando Corraa\" \/>\n\t<meta name=\"twitter:label2\" content=\"Est. tempo de leitura\" \/>\n\t<meta name=\"twitter:data2\" content=\"4 minutos\" \/>\n<script type=\"application\/ld+json\" class=\"yoast-schema-graph\">{\"@context\":\"https:\\\/\\\/schema.org\",\"@graph\":[{\"@type\":\"Article\",\"@id\":\"https:\\\/\\\/agenciabrasil.ebc.com.br\\\/cultura\\\/noticia\\\/2026-09\\\/rock-rio-mantem-foco-em-defesa-de-projetos-socioambientais#article\",\"isPartOf\":{\"@id\":\"https:\\\/\\\/mrnews.com.br\\\/index.php\\\/2026\\\/09\\\/05\\\/rock-in-rio-mantem-foco-em-defesa-de-projetos-socioambientais\\\/\"},\"author\":{\"name\":\"Fernando Corraa\",\"@id\":\"https:\\\/\\\/mrnews.com.br\\\/#\\\/schema\\\/person\\\/2f073f2d87903a2ff9a065e41bbf17d4\"},\"headline\":\"Rock in Rio mant\u00e9m foco em defesa de projetos socioambientais\",\"datePublished\":\"2026-09-05T14:28:00+00:00\",\"mainEntityOfPage\":{\"@id\":\"https:\\\/\\\/mrnews.com.br\\\/index.php\\\/2026\\\/09\\\/05\\\/rock-in-rio-mantem-foco-em-defesa-de-projetos-socioambientais\\\/\"},\"wordCount\":743,\"commentCount\":0,\"publisher\":{\"@id\":\"https:\\\/\\\/mrnews.com.br\\\/#organization\"},\"articleSection\":[\"SERVI\u00c7OS\"],\"inLanguage\":\"pt-BR\",\"potentialAction\":[{\"@type\":\"CommentAction\",\"name\":\"Comment\",\"target\":[\"https:\\\/\\\/agenciabrasil.ebc.com.br\\\/cultura\\\/noticia\\\/2026-09\\\/rock-rio-mantem-foco-em-defesa-de-projetos-socioambientais#respond\"]}]},{\"@type\":\"WebPage\",\"@id\":\"https:\\\/\\\/mrnews.com.br\\\/index.php\\\/2026\\\/09\\\/05\\\/rock-in-rio-mantem-foco-em-defesa-de-projetos-socioambientais\\\/\",\"url\":\"https:\\\/\\\/agenciabrasil.ebc.com.br\\\/cultura\\\/noticia\\\/2026-09\\\/rock-rio-mantem-foco-em-defesa-de-projetos-socioambientais\",\"name\":\"Rock in Rio mant\u00e9m foco em defesa de projetos socioambientais\",\"isPartOf\":{\"@id\":\"https:\\\/\\\/mrnews.com.br\\\/#website\"},\"datePublished\":\"2026-09-05T14:28:00+00:00\",\"breadcrumb\":{\"@id\":\"https:\\\/\\\/agenciabrasil.ebc.com.br\\\/cultura\\\/noticia\\\/2026-09\\\/rock-rio-mantem-foco-em-defesa-de-projetos-socioambientais#breadcrumb\"},\"inLanguage\":\"pt-BR\",\"potentialAction\":[{\"@type\":\"ReadAction\",\"target\":[\"https:\\\/\\\/agenciabrasil.ebc.com.br\\\/cultura\\\/noticia\\\/2026-09\\\/rock-rio-mantem-foco-em-defesa-de-projetos-socioambientais\"]}]},{\"@type\":\"BreadcrumbList\",\"@id\":\"https:\\\/\\\/agenciabrasil.ebc.com.br\\\/cultura\\\/noticia\\\/2026-09\\\/rock-rio-mantem-foco-em-defesa-de-projetos-socioambientais#breadcrumb\",\"itemListElement\":[{\"@type\":\"ListItem\",\"position\":1,\"name\":\"In\u00edcio\",\"item\":\"https:\\\/\\\/mrnews.com.br\\\/\"},{\"@type\":\"ListItem\",\"position\":2,\"name\":\"Rock in Rio mant\u00e9m foco em defesa de projetos socioambientais\"}]},{\"@type\":\"WebSite\",\"@id\":\"https:\\\/\\\/mrnews.com.br\\\/#website\",\"url\":\"https:\\\/\\\/mrnews.com.br\\\/\",\"name\":\"MRNews\",\"description\":\"MRNews Jogos de hoje da TV, transmiss\u00f5es ao vivo, Not\u00edcias de futebol, Jogos ao vivo, Lives, resumo de novelas, Programa\u00e7\u00e3o da Globo, A Fazenda e BBB\",\"publisher\":{\"@id\":\"https:\\\/\\\/mrnews.com.br\\\/#organization\"},\"potentialAction\":[{\"@type\":\"SearchAction\",\"target\":{\"@type\":\"EntryPoint\",\"urlTemplate\":\"https:\\\/\\\/mrnews.com.br\\\/?s={search_term_string}\"},\"query-input\":{\"@type\":\"PropertyValueSpecification\",\"valueRequired\":true,\"valueName\":\"search_term_string\"}}],\"inLanguage\":\"pt-BR\"},{\"@type\":\"Organization\",\"@id\":\"https:\\\/\\\/mrnews.com.br\\\/#organization\",\"name\":\"MRNews\",\"url\":\"https:\\\/\\\/mrnews.com.br\\\/\",\"logo\":{\"@type\":\"ImageObject\",\"inLanguage\":\"pt-BR\",\"@id\":\"https:\\\/\\\/mrnews.com.br\\\/#\\\/schema\\\/logo\\\/image\\\/\",\"url\":\"https:\\\/\\\/mrnews.com.br\\\/wp-content\\\/uploads\\\/2026\\\/08\\\/MRNEws.png\",\"contentUrl\":\"https:\\\/\\\/mrnews.com.br\\\/wp-content\\\/uploads\\\/2026\\\/08\\\/MRNEws.png\",\"width\":1254,\"height\":1254,\"caption\":\"MRNews\"},\"image\":{\"@id\":\"https:\\\/\\\/mrnews.com.br\\\/#\\\/schema\\\/logo\\\/image\\\/\"},\"sameAs\":[\"https:\\\/\\\/www.facebook.com\\\/eaipahpah\\\/?locale2=pt_BR\",\"https:\\\/\\\/x.com\\\/conspirou\",\"https:\\\/\\\/www.instagram.com\\\/eai_pahpah\",\"https:\\\/\\\/br.pinterest.com\\\/mrnewsn\\\/boards\\\/\",\"https:\\\/\\\/www.youtube.com\\\/channel\\\/UCacgnpznQ61fifLWr1tQ-vA?view_as=subscriber\"]},{\"@type\":\"Person\",\"@id\":\"https:\\\/\\\/mrnews.com.br\\\/#\\\/schema\\\/person\\\/2f073f2d87903a2ff9a065e41bbf17d4\",\"name\":\"Fernando Corraa\",\"image\":{\"@type\":\"ImageObject\",\"inLanguage\":\"pt-BR\",\"@id\":\"https:\\\/\\\/secure.gravatar.com\\\/avatar\\\/9069acb0e588c9f4346ba747284aef18a5faaab575e89e9ccc64e315003f0b82?s=96&d=monsterid&r=g\",\"url\":\"https:\\\/\\\/secure.gravatar.com\\\/avatar\\\/9069acb0e588c9f4346ba747284aef18a5faaab575e89e9ccc64e315003f0b82?s=96&d=monsterid&r=g\",\"contentUrl\":\"https:\\\/\\\/secure.gravatar.com\\\/avatar\\\/9069acb0e588c9f4346ba747284aef18a5faaab575e89e9ccc64e315003f0b82?s=96&d=monsterid&r=g\",\"caption\":\"Fernando Corraa\"},\"url\":\"https:\\\/\\\/mrnews.com.br\\\/index.php\\\/author\\\/fernando-corraa\\\/\"}]}<\/script>\n<!-- \/ Yoast SEO plugin. -->","yoast_head_json":{"title":"Rock in Rio mant\u00e9m foco em defesa de projetos socioambientais","robots":{"index":"index","follow":"follow","max-snippet":"max-snippet:-1","max-image-preview":"max-image-preview:large","max-video-preview":"max-video-preview:-1"},"canonical":"https:\/\/agenciabrasil.ebc.com.br\/cultura\/noticia\/2026-09\/rock-rio-mantem-foco-em-defesa-de-projetos-socioambientais","og_locale":"pt_BR","og_type":"article","og_title":"Rock in Rio mant\u00e9m foco em defesa de projetos socioambientais","og_description":"Por EBC, Al\u00e9m de entreter o p\u00fablico com shows nacionais e internacionais, o Rock in Rio, ao longo dos 41 anos de exibi\u00e7\u00e3o, vem refor\u00e7ando o foco em\u00a0causas sociais e ambientais. Esse prop\u00f3sito avan\u00e7ou principalmente a partir de 2001, quando foi criado o projeto Por Um Mundo Melhor. A edi\u00e7\u00e3o 2026 come\u00e7ou nessa sexta-feira (4), &hellip;","og_url":"https:\/\/agenciabrasil.ebc.com.br\/cultura\/noticia\/2026-09\/rock-rio-mantem-foco-em-defesa-de-projetos-socioambientais","og_site_name":"MRNews","article_publisher":"https:\/\/www.facebook.com\/eaipahpah\/?locale2=pt_BR","article_published_time":"2026-09-05T14:28:00+00:00","author":"Fernando Corraa","twitter_card":"summary_large_image","twitter_creator":"@conspirou","twitter_site":"@conspirou","twitter_misc":{"Escrito por":"Fernando Corraa","Est. tempo de leitura":"4 minutos"},"schema":{"@context":"https:\/\/schema.org","@graph":[{"@type":"Article","@id":"https:\/\/agenciabrasil.ebc.com.br\/cultura\/noticia\/2026-09\/rock-rio-mantem-foco-em-defesa-de-projetos-socioambientais#article","isPartOf":{"@id":"https:\/\/mrnews.com.br\/index.php\/2026\/09\/05\/rock-in-rio-mantem-foco-em-defesa-de-projetos-socioambientais\/"},"author":{"name":"Fernando Corraa","@id":"https:\/\/mrnews.com.br\/#\/schema\/person\/2f073f2d87903a2ff9a065e41bbf17d4"},"headline":"Rock in Rio mant\u00e9m foco em defesa de projetos socioambientais","datePublished":"2026-09-05T14:28:00+00:00","mainEntityOfPage":{"@id":"https:\/\/mrnews.com.br\/index.php\/2026\/09\/05\/rock-in-rio-mantem-foco-em-defesa-de-projetos-socioambientais\/"},"wordCount":743,"commentCount":0,"publisher":{"@id":"https:\/\/mrnews.com.br\/#organization"},"articleSection":["SERVI\u00c7OS"],"inLanguage":"pt-BR","potentialAction":[{"@type":"CommentAction","name":"Comment","target":["https:\/\/agenciabrasil.ebc.com.br\/cultura\/noticia\/2026-09\/rock-rio-mantem-foco-em-defesa-de-projetos-socioambientais#respond"]}]},{"@type":"WebPage","@id":"https:\/\/mrnews.com.br\/index.php\/2026\/09\/05\/rock-in-rio-mantem-foco-em-defesa-de-projetos-socioambientais\/","url":"https:\/\/agenciabrasil.ebc.com.br\/cultura\/noticia\/2026-09\/rock-rio-mantem-foco-em-defesa-de-projetos-socioambientais","name":"Rock in Rio mant\u00e9m foco em defesa de projetos socioambientais","isPartOf":{"@id":"https:\/\/mrnews.com.br\/#website"},"datePublished":"2026-09-05T14:28:00+00:00","breadcrumb":{"@id":"https:\/\/agenciabrasil.ebc.com.br\/cultura\/noticia\/2026-09\/rock-rio-mantem-foco-em-defesa-de-projetos-socioambientais#breadcrumb"},"inLanguage":"pt-BR","potentialAction":[{"@type":"ReadAction","target":["https:\/\/agenciabrasil.ebc.com.br\/cultura\/noticia\/2026-09\/rock-rio-mantem-foco-em-defesa-de-projetos-socioambientais"]}]},{"@type":"BreadcrumbList","@id":"https:\/\/agenciabrasil.ebc.com.br\/cultura\/noticia\/2026-09\/rock-rio-mantem-foco-em-defesa-de-projetos-socioambientais#breadcrumb","itemListElement":[{"@type":"ListItem","position":1,"name":"In\u00edcio","item":"https:\/\/mrnews.com.br\/"},{"@type":"ListItem","position":2,"name":"Rock in Rio mant\u00e9m foco em defesa de projetos socioambientais"}]},{"@type":"WebSite","@id":"https:\/\/mrnews.com.br\/#website","url":"https:\/\/mrnews.com.br\/","name":"MRNews","description":"MRNews Jogos de hoje da TV, transmiss\u00f5es ao vivo, Not\u00edcias de futebol, Jogos ao vivo, Lives, resumo de novelas, Programa\u00e7\u00e3o da Globo, A Fazenda e BBB","publisher":{"@id":"https:\/\/mrnews.com.br\/#organization"},"potentialAction":[{"@type":"SearchAction","target":{"@type":"EntryPoint","urlTemplate":"https:\/\/mrnews.com.br\/?s={search_term_string}"},"query-input":{"@type":"PropertyValueSpecification","valueRequired":true,"valueName":"search_term_string"}}],"inLanguage":"pt-BR"},{"@type":"Organization","@id":"https:\/\/mrnews.com.br\/#organization","name":"MRNews","url":"https:\/\/mrnews.com.br\/","logo":{"@type":"ImageObject","inLanguage":"pt-BR","@id":"https:\/\/mrnews.com.br\/#\/schema\/logo\/image\/","url":"https:\/\/mrnews.com.br\/wp-content\/uploads\/2026\/08\/MRNEws.png","contentUrl":"https:\/\/mrnews.com.br\/wp-content\/uploads\/2026\/08\/MRNEws.png","width":1254,"height":1254,"caption":"MRNews"},"image":{"@id":"https:\/\/mrnews.com.br\/#\/schema\/logo\/image\/"},"sameAs":["https:\/\/www.facebook.com\/eaipahpah\/?locale2=pt_BR","https:\/\/x.com\/conspirou","https:\/\/www.instagram.com\/eai_pahpah","https:\/\/br.pinterest.com\/mrnewsn\/boards\/","https:\/\/www.youtube.com\/channel\/UCacgnpznQ61fifLWr1tQ-vA?view_as=subscriber"]},{"@type":"Person","@id":"https:\/\/mrnews.com.br\/#\/schema\/person\/2f073f2d87903a2ff9a065e41bbf17d4","name":"Fernando Corraa","image":{"@type":"ImageObject","inLanguage":"pt-BR","@id":"https:\/\/secure.gravatar.com\/avatar\/9069acb0e588c9f4346ba747284aef18a5faaab575e89e9ccc64e315003f0b82?s=96&d=monsterid&r=g","url":"https:\/\/secure.gravatar.com\/avatar\/9069acb0e588c9f4346ba747284aef18a5faaab575e89e9ccc64e315003f0b82?s=96&d=monsterid&r=g","contentUrl":"https:\/\/secure.gravatar.com\/avatar\/9069acb0e588c9f4346ba747284aef18a5faaab575e89e9ccc64e315003f0b82?s=96&d=monsterid&r=g","caption":"Fernando Corraa"},"url":"https:\/\/mrnews.com.br\/index.php\/author\/fernando-corraa\/"}]}},"jetpack_sharing_enabled":true,"jetpack_shortlink":"https:\/\/wp.me\/pa2Qf7-1Xh7","amp_enabled":true,"jetpack_featured_media_url":"","_links":{"self":[{"href":"https:\/\/mrnews.com.br\/index.php\/wp-json\/wp\/v2\/posts\/466185","targetHints":{"allow":["GET"]}}],"collection":[{"href":"https:\/\/mrnews.com.br\/index.php\/wp-json\/wp\/v2\/posts"}],"about":[{"href":"https:\/\/mrnews.com.br\/index.php\/wp-json\/wp\/v2\/types\/post"}],"author":[{"embeddable":true,"href":"https:\/\/mrnews.com.br\/index.php\/wp-json\/wp\/v2\/users\/39"}],"replies":[{"embeddable":true,"href":"https:\/\/mrnews.com.br\/index.php\/wp-json\/wp\/v2\/comments?post=466185"}],"version-history":[{"count":0,"href":"https:\/\/mrnews.com.br\/index.php\/wp-json\/wp\/v2\/posts\/466185\/revisions"}],"wp:attachment":[{"href":"https:\/\/mrnews.com.br\/index.php\/wp-json\/wp\/v2\/media?parent=466185"}],"wp:term":[{"taxonomy":"category","embeddable":true,"href":"https:\/\/mrnews.com.br\/index.php\/wp-json\/wp\/v2\/categories?post=466185"},{"taxonomy":"post_tag","embeddable":true,"href":"https:\/\/mrnews.com.br\/index.php\/wp-json\/wp\/v2\/tags?post=466185"}],"curies":[{"name":"wp","href":"https:\/\/api.w.org\/{rel}","templated":true}]}}