{"id":466186,"date":"2026-09-05T12:10:04","date_gmt":"2026-09-05T15:10:04","guid":{"rendered":"https:\/\/mrnews.com.br\/index.php\/2026\/09\/05\/radio-animada-celebra-amazonia-e-estreia-producao-da-parceira-unesp-fm\/"},"modified":"2026-09-05T12:10:04","modified_gmt":"2026-09-05T15:10:04","slug":"radio-animada-celebra-amazonia-e-estreia-producao-da-parceira-unesp-fm","status":"publish","type":"post","link":"https:\/\/mrnews.com.br\/index.php\/2026\/09\/05\/radio-animada-celebra-amazonia-e-estreia-producao-da-parceira-unesp-fm\/","title":{"rendered":"R\u00e1dio Animada celebra Amaz\u00f4nia e estreia produ\u00e7\u00e3o da parceira Unesp FM"},"content":{"rendered":"<p>Por EBC, <\/p>\n<div>\n<p>O pr\u00f3ximo epis\u00f3dio da\u00a0R\u00e1dio Animada, faixa infantojuvenil da\u00a0<strong>R\u00e1dio MEC AM Rio 800 kHz<\/strong>, celebra\u00a0a Amaz\u00f4nia neste domingo (6), das 8h \u00e0s 9h. A edi\u00e7\u00e3o, voltada para crian\u00e7as de todas as idades,\u00a0re\u00fane\u00a0m\u00fasicas, hist\u00f3rias, dicas culturais e quadros especiais sobre a maior floresta tropical do mundo.<\/p>\n<p><strong>Das 9h \u00e0s 10h, o programa\u00a0marca a estreia da\u00a0Unespinha\u00a0na emissora p\u00fablica, uma produ\u00e7\u00e3o da R\u00e1dio Unesp FM, da Universidade Estadual Paulista. Os ouvintes tamb\u00e9m podem ouvir a transmiss\u00e3o pela R\u00e1dio UFRJ, da Universidade Federal do Rio de Janeiro.<\/strong><\/p>\n<p>Durante a primeira hora, o p\u00fablico acompanha um epis\u00f3dio do Maritaca sobre os rios, trilhas de filmes sobre a floresta no quadro\u00a0M\u00fasica Brasileira para a Inf\u00e2ncia\u00a0e uma homenagem ao poeta Thiago de Mello no quadro\u00a0Biblioteca R\u00e1dio Animada.<\/p>\n<p><strong>O programa tamb\u00e9m ainda dicas culturais, com destaque para o livro A camaleoa Luni, escrito por Lhays Macedo; e o espet\u00e1culo Festa no Arraial, O Musical.<\/strong><\/p>\n<h2>Unespinha<\/h2>\n<p><strong>A novidade deste m\u00eas \u00e9 estreia da\u00a0R\u00e1dio Animada em Rede, faixa que passa a ocupar a segunda hora da atra\u00e7\u00e3o, das 9h \u00e0s 10h. No espa\u00e7o, a\u00a0R\u00e1dio MEC\u00a0e a R\u00e1dio UFRJ apresentam epis\u00f3dios in\u00e9ditos do\u00a0Unespinha, produ\u00e7\u00e3o infantojuvenil da R\u00e1dio Unesp FM, da Universidade Estadual Paulista.<\/strong><\/p>\n<p>O\u00a0Unespinha\u00a0foi selecionado em Edital de Chamada P\u00fablica, lan\u00e7ado pela\u00a0<strong>Empresa Brasil de Comunica\u00e7\u00e3o\u00a0(EBC)<\/strong>\u00a0em\u00a0mar\u00e7o de\u00a02026\u00a0com o objetivo de\u00a0ampliar a diversidade da programa\u00e7\u00e3o das emissoras p\u00fablicas, fortalecer a integra\u00e7\u00e3o entre as r\u00e1dios parceiras da\u00a0Rede Nacional de Comunica\u00e7\u00e3o P\u00fablica (RNCP)\u00a0e incentivar a produ\u00e7\u00e3o regional de conte\u00fados de interesse p\u00fablico.\u00a0<\/p>\n<p>Com formato\u00a0did\u00e1tico-pedag\u00f3gico e jornal\u00edstico para o p\u00fablico infantil, o\u00a0Unespinha\u00a0divulga conhecimento e ci\u00eancia, dicas de livros, entrevistas, curiosidades, contos e m\u00fasica.\u00a0<strong>O\u00a0Unespinha\u00a0\u00e9 produzido e apresentado pela jornalista Cilene Barros.\u00a0<\/strong><\/p>\n<h2>Sobre a R\u00e1dio MEC<\/h2>\n<p>Conhecida de norte a sul do pa\u00eds como <em>A R\u00e1dio de M\u00fasica Cl\u00e1ssica do Brasil<\/em>, a\u00a0<strong>R\u00e1dio MEC<\/strong>\u00a0\u00e9 consagrada pelo p\u00fablico por sua voca\u00e7\u00e3o direcionada \u00e0 m\u00fasica de concerto. A tradicional esta\u00e7\u00e3o dedica 80% de sua programa\u00e7\u00e3o \u00e0 m\u00fasica cl\u00e1ssica e leva ao ar compositores brasileiros e internacionais de todos os tempos. \u00a0<\/p>\n<p>A emissora pode ser sintonizada pela frequ\u00eancia FM 99,3 MHz e AM 800 kHz no Rio de Janeiro. O dial da<strong>\u00a0R\u00e1dio MEC<\/strong>\u00a0em Bras\u00edlia est\u00e1 em FM 87,1 MHz e AM 800 kHz. O p\u00fablico tamb\u00e9m acompanha a programa\u00e7\u00e3o em Belo Horizonte na frequ\u00eancia FM 87,1 MHz. O conte\u00fado ainda \u00e9 veiculado no app <strong>R\u00e1dios EBC<\/strong>. \u00a0<\/p>\n<p>Os ouvintes t\u00eam participa\u00e7\u00e3o garantida e podem colaborar com sugest\u00f5es para a programa\u00e7\u00e3o da\u00a0R\u00e1dio MEC.\u00a0O p\u00fablico pode interagir pelas redes sociais e pelo WhatsApp. <strong>Para isso, basta que os interessados enviem mensagens de texto para o n\u00famero (21) 99710-0537. \u00a0<\/strong><\/p>\n<h2>Servi\u00e7o<\/h2>\n<p>R\u00e1dio\u00a0Animada\u00a0&#8211;\u00a0domingo (6) \u2013\u00a0R\u00e1dio MEC AM\u00a0800khz e R\u00e1dio UFRJ<\/p>\n<p>8h \u00e0s 9h \u2013 Epis\u00f3dio especial do Maritaca sobre a Floresta Amaz\u00f4nica<\/p>\n<p>9h \u00e0s 10h \u2013 Estreia do Unespinha, produ\u00e7\u00e3o da Unesp FM<\/p>\n<p>R\u00e1dio MEC na internet e nas redes sociais<\/p>\n<p>Site:\u00a0https:\/\/radios.ebc.com.br\u00a0\u00a0<br \/>Instagram:\u00a0https:\/\/www.instagram.com\/radiomec\u00a0\u00a0<br \/>Spotify:\u00a0https:\/\/open.spotify.com\/user\/radiomec\u00a0\u00a0<br \/>YouTube:\u00a0https:\/\/www.youtube.com\/radiomec\u00a0\u00a0<br \/>Facebook:\u00a0https:\/\/www.facebook.com\/radiomec\u00a0\u00a0<br \/>X:\u00a0https:\/\/x.com\/radiomec**\u00a0**\u00a0<\/p>\n<p>WhatsApp: (21) 99710-0537 \u00a0<\/p>\n<h2>Como sintonizar a R\u00e1dio MEC\u00a0<\/h2>\n<p>Rio de Janeiro: FM 99,3 MHz e AM 800 kHz\u00a0<\/p>\n<p>Belo Horizonte: FM 87,1 MHz\u00a0<\/p>\n<p>Bras\u00edlia: FM 87,1 MHz e AM 800 kHz\u00a0<\/p>\n<p>Fortaleza (R\u00e1dio Educativa): 86,7 MHz \u00a0<\/p>\n<p>Parab\u00f3lica &#8211; Star\u00a0One\u00a0C2 &#8211; 3748,00 MHz &#8211; Servi\u00e7o 3\u00a0<\/p>\n<p>Celular &#8211; App R\u00e1dios EBC para Android e iOS<\/p>\n<p>      <!-- Relacionada --><\/p>\n<p>            <!-- Relacionada -->\n    <\/div>\n<p><script async src=\"\/\/www.instagram.com\/embed.js\"><\/script><\/p>\n","protected":false},"excerpt":{"rendered":"<p>Por EBC, O pr\u00f3ximo epis\u00f3dio da\u00a0R\u00e1dio Animada, faixa infantojuvenil da\u00a0R\u00e1dio MEC AM Rio 800 kHz, celebra\u00a0a Amaz\u00f4nia neste domingo (6), das 8h \u00e0s 9h. A edi\u00e7\u00e3o, voltada para crian\u00e7as de todas as idades,\u00a0re\u00fane\u00a0m\u00fasicas, hist\u00f3rias, dicas culturais e quadros especiais sobre a maior floresta tropical do mundo. Das 9h \u00e0s 10h, o programa\u00a0marca a estreia da\u00a0Unespinha\u00a0na &hellip;<\/p>\n","protected":false},"author":39,"featured_media":0,"comment_status":"open","ping_status":"open","sticky":false,"template":"","format":"standard","meta":{"_jetpack_newsletter_access":"","_jetpack_dont_email_post_to_subs":false,"_jetpack_newsletter_tier_id":0,"_jetpack_memberships_contains_paywalled_content":false,"_jetpack_feature_clip_id":0,"_jetpack_memberships_contains_paid_content":false,"footnotes":"","jetpack_post_was_ever_published":false},"categories":[4],"tags":[],"class_list":["post-466186","post","type-post","status-publish","format-standard","hentry","category-servicos"],"yoast_head":"<!-- This site is optimized with the Yoast SEO plugin v28.4 - https:\/\/yoast.com\/product\/yoast-seo-wordpress\/ -->\n<title>R\u00e1dio Animada celebra Amaz\u00f4nia e estreia produ\u00e7\u00e3o da parceira Unesp FM<\/title>\n<meta name=\"robots\" content=\"index, follow, max-snippet:-1, max-image-preview:large, max-video-preview:-1\" \/>\n<link rel=\"canonical\" href=\"https:\/\/agenciabrasil.ebc.com.br\/cultura\/noticia\/2026-09\/radio-animada-celebra-amazonia-e-estreia-producao-da-parceira-unesp-fm\" \/>\n<meta property=\"og:locale\" content=\"pt_BR\" \/>\n<meta property=\"og:type\" content=\"article\" \/>\n<meta property=\"og:title\" content=\"R\u00e1dio Animada celebra Amaz\u00f4nia e estreia produ\u00e7\u00e3o da parceira Unesp FM\" \/>\n<meta property=\"og:description\" content=\"Por EBC, O pr\u00f3ximo epis\u00f3dio da\u00a0R\u00e1dio Animada, faixa infantojuvenil da\u00a0R\u00e1dio MEC AM Rio 800 kHz, celebra\u00a0a Amaz\u00f4nia neste domingo (6), das 8h \u00e0s 9h. A edi\u00e7\u00e3o, voltada para crian\u00e7as de todas as idades,\u00a0re\u00fane\u00a0m\u00fasicas, hist\u00f3rias, dicas culturais e quadros especiais sobre a maior floresta tropical do mundo. Das 9h \u00e0s 10h, o programa\u00a0marca a estreia da\u00a0Unespinha\u00a0na &hellip;\" \/>\n<meta property=\"og:url\" content=\"https:\/\/agenciabrasil.ebc.com.br\/cultura\/noticia\/2026-09\/radio-animada-celebra-amazonia-e-estreia-producao-da-parceira-unesp-fm\" \/>\n<meta property=\"og:site_name\" content=\"MRNews\" \/>\n<meta property=\"article:publisher\" content=\"https:\/\/www.facebook.com\/eaipahpah\/?locale2=pt_BR\" \/>\n<meta property=\"article:published_time\" content=\"2026-09-05T15:10:04+00:00\" \/>\n<meta name=\"author\" content=\"Fernando Corraa\" \/>\n<meta name=\"twitter:card\" content=\"summary_large_image\" \/>\n<meta name=\"twitter:creator\" content=\"@conspirou\" \/>\n<meta name=\"twitter:site\" content=\"@conspirou\" \/>\n<meta name=\"twitter:label1\" content=\"Escrito por\" \/>\n\t<meta name=\"twitter:data1\" content=\"Fernando Corraa\" \/>\n\t<meta name=\"twitter:label2\" content=\"Est. tempo de leitura\" \/>\n\t<meta name=\"twitter:data2\" content=\"3 minutos\" \/>\n<script type=\"application\/ld+json\" class=\"yoast-schema-graph\">{\"@context\":\"https:\\\/\\\/schema.org\",\"@graph\":[{\"@type\":\"Article\",\"@id\":\"https:\\\/\\\/agenciabrasil.ebc.com.br\\\/cultura\\\/noticia\\\/2026-09\\\/radio-animada-celebra-amazonia-e-estreia-producao-da-parceira-unesp-fm#article\",\"isPartOf\":{\"@id\":\"https:\\\/\\\/mrnews.com.br\\\/index.php\\\/2026\\\/09\\\/05\\\/radio-animada-celebra-amazonia-e-estreia-producao-da-parceira-unesp-fm\\\/\"},\"author\":{\"name\":\"Fernando Corraa\",\"@id\":\"https:\\\/\\\/mrnews.com.br\\\/#\\\/schema\\\/person\\\/2f073f2d87903a2ff9a065e41bbf17d4\"},\"headline\":\"R\u00e1dio Animada celebra Amaz\u00f4nia e estreia produ\u00e7\u00e3o da parceira Unesp FM\",\"datePublished\":\"2026-09-05T15:10:04+00:00\",\"mainEntityOfPage\":{\"@id\":\"https:\\\/\\\/mrnews.com.br\\\/index.php\\\/2026\\\/09\\\/05\\\/radio-animada-celebra-amazonia-e-estreia-producao-da-parceira-unesp-fm\\\/\"},\"wordCount\":669,\"commentCount\":0,\"publisher\":{\"@id\":\"https:\\\/\\\/mrnews.com.br\\\/#organization\"},\"articleSection\":[\"SERVI\u00c7OS\"],\"inLanguage\":\"pt-BR\",\"potentialAction\":[{\"@type\":\"CommentAction\",\"name\":\"Comment\",\"target\":[\"https:\\\/\\\/agenciabrasil.ebc.com.br\\\/cultura\\\/noticia\\\/2026-09\\\/radio-animada-celebra-amazonia-e-estreia-producao-da-parceira-unesp-fm#respond\"]}]},{\"@type\":\"WebPage\",\"@id\":\"https:\\\/\\\/mrnews.com.br\\\/index.php\\\/2026\\\/09\\\/05\\\/radio-animada-celebra-amazonia-e-estreia-producao-da-parceira-unesp-fm\\\/\",\"url\":\"https:\\\/\\\/agenciabrasil.ebc.com.br\\\/cultura\\\/noticia\\\/2026-09\\\/radio-animada-celebra-amazonia-e-estreia-producao-da-parceira-unesp-fm\",\"name\":\"R\u00e1dio Animada celebra Amaz\u00f4nia e estreia produ\u00e7\u00e3o da parceira Unesp FM\",\"isPartOf\":{\"@id\":\"https:\\\/\\\/mrnews.com.br\\\/#website\"},\"datePublished\":\"2026-09-05T15:10:04+00:00\",\"breadcrumb\":{\"@id\":\"https:\\\/\\\/agenciabrasil.ebc.com.br\\\/cultura\\\/noticia\\\/2026-09\\\/radio-animada-celebra-amazonia-e-estreia-producao-da-parceira-unesp-fm#breadcrumb\"},\"inLanguage\":\"pt-BR\",\"potentialAction\":[{\"@type\":\"ReadAction\",\"target\":[\"https:\\\/\\\/agenciabrasil.ebc.com.br\\\/cultura\\\/noticia\\\/2026-09\\\/radio-animada-celebra-amazonia-e-estreia-producao-da-parceira-unesp-fm\"]}]},{\"@type\":\"BreadcrumbList\",\"@id\":\"https:\\\/\\\/agenciabrasil.ebc.com.br\\\/cultura\\\/noticia\\\/2026-09\\\/radio-animada-celebra-amazonia-e-estreia-producao-da-parceira-unesp-fm#breadcrumb\",\"itemListElement\":[{\"@type\":\"ListItem\",\"position\":1,\"name\":\"In\u00edcio\",\"item\":\"https:\\\/\\\/mrnews.com.br\\\/\"},{\"@type\":\"ListItem\",\"position\":2,\"name\":\"R\u00e1dio Animada celebra Amaz\u00f4nia e estreia produ\u00e7\u00e3o da parceira Unesp FM\"}]},{\"@type\":\"WebSite\",\"@id\":\"https:\\\/\\\/mrnews.com.br\\\/#website\",\"url\":\"https:\\\/\\\/mrnews.com.br\\\/\",\"name\":\"MRNews\",\"description\":\"MRNews Jogos de hoje da TV, transmiss\u00f5es ao vivo, Not\u00edcias de futebol, Jogos ao vivo, Lives, resumo de novelas, Programa\u00e7\u00e3o da Globo, A Fazenda e BBB\",\"publisher\":{\"@id\":\"https:\\\/\\\/mrnews.com.br\\\/#organization\"},\"potentialAction\":[{\"@type\":\"SearchAction\",\"target\":{\"@type\":\"EntryPoint\",\"urlTemplate\":\"https:\\\/\\\/mrnews.com.br\\\/?s={search_term_string}\"},\"query-input\":{\"@type\":\"PropertyValueSpecification\",\"valueRequired\":true,\"valueName\":\"search_term_string\"}}],\"inLanguage\":\"pt-BR\"},{\"@type\":\"Organization\",\"@id\":\"https:\\\/\\\/mrnews.com.br\\\/#organization\",\"name\":\"MRNews\",\"url\":\"https:\\\/\\\/mrnews.com.br\\\/\",\"logo\":{\"@type\":\"ImageObject\",\"inLanguage\":\"pt-BR\",\"@id\":\"https:\\\/\\\/mrnews.com.br\\\/#\\\/schema\\\/logo\\\/image\\\/\",\"url\":\"https:\\\/\\\/mrnews.com.br\\\/wp-content\\\/uploads\\\/2026\\\/08\\\/MRNEws.png\",\"contentUrl\":\"https:\\\/\\\/mrnews.com.br\\\/wp-content\\\/uploads\\\/2026\\\/08\\\/MRNEws.png\",\"width\":1254,\"height\":1254,\"caption\":\"MRNews\"},\"image\":{\"@id\":\"https:\\\/\\\/mrnews.com.br\\\/#\\\/schema\\\/logo\\\/image\\\/\"},\"sameAs\":[\"https:\\\/\\\/www.facebook.com\\\/eaipahpah\\\/?locale2=pt_BR\",\"https:\\\/\\\/x.com\\\/conspirou\",\"https:\\\/\\\/www.instagram.com\\\/eai_pahpah\",\"https:\\\/\\\/br.pinterest.com\\\/mrnewsn\\\/boards\\\/\",\"https:\\\/\\\/www.youtube.com\\\/channel\\\/UCacgnpznQ61fifLWr1tQ-vA?view_as=subscriber\"]},{\"@type\":\"Person\",\"@id\":\"https:\\\/\\\/mrnews.com.br\\\/#\\\/schema\\\/person\\\/2f073f2d87903a2ff9a065e41bbf17d4\",\"name\":\"Fernando Corraa\",\"image\":{\"@type\":\"ImageObject\",\"inLanguage\":\"pt-BR\",\"@id\":\"https:\\\/\\\/secure.gravatar.com\\\/avatar\\\/9069acb0e588c9f4346ba747284aef18a5faaab575e89e9ccc64e315003f0b82?s=96&d=monsterid&r=g\",\"url\":\"https:\\\/\\\/secure.gravatar.com\\\/avatar\\\/9069acb0e588c9f4346ba747284aef18a5faaab575e89e9ccc64e315003f0b82?s=96&d=monsterid&r=g\",\"contentUrl\":\"https:\\\/\\\/secure.gravatar.com\\\/avatar\\\/9069acb0e588c9f4346ba747284aef18a5faaab575e89e9ccc64e315003f0b82?s=96&d=monsterid&r=g\",\"caption\":\"Fernando Corraa\"},\"url\":\"https:\\\/\\\/mrnews.com.br\\\/index.php\\\/author\\\/fernando-corraa\\\/\"}]}<\/script>\n<!-- \/ Yoast SEO plugin. -->","yoast_head_json":{"title":"R\u00e1dio Animada celebra Amaz\u00f4nia e estreia produ\u00e7\u00e3o da parceira Unesp FM","robots":{"index":"index","follow":"follow","max-snippet":"max-snippet:-1","max-image-preview":"max-image-preview:large","max-video-preview":"max-video-preview:-1"},"canonical":"https:\/\/agenciabrasil.ebc.com.br\/cultura\/noticia\/2026-09\/radio-animada-celebra-amazonia-e-estreia-producao-da-parceira-unesp-fm","og_locale":"pt_BR","og_type":"article","og_title":"R\u00e1dio Animada celebra Amaz\u00f4nia e estreia produ\u00e7\u00e3o da parceira Unesp FM","og_description":"Por EBC, O pr\u00f3ximo epis\u00f3dio da\u00a0R\u00e1dio Animada, faixa infantojuvenil da\u00a0R\u00e1dio MEC AM Rio 800 kHz, celebra\u00a0a Amaz\u00f4nia neste domingo (6), das 8h \u00e0s 9h. A edi\u00e7\u00e3o, voltada para crian\u00e7as de todas as idades,\u00a0re\u00fane\u00a0m\u00fasicas, hist\u00f3rias, dicas culturais e quadros especiais sobre a maior floresta tropical do mundo. Das 9h \u00e0s 10h, o programa\u00a0marca a estreia da\u00a0Unespinha\u00a0na &hellip;","og_url":"https:\/\/agenciabrasil.ebc.com.br\/cultura\/noticia\/2026-09\/radio-animada-celebra-amazonia-e-estreia-producao-da-parceira-unesp-fm","og_site_name":"MRNews","article_publisher":"https:\/\/www.facebook.com\/eaipahpah\/?locale2=pt_BR","article_published_time":"2026-09-05T15:10:04+00:00","author":"Fernando Corraa","twitter_card":"summary_large_image","twitter_creator":"@conspirou","twitter_site":"@conspirou","twitter_misc":{"Escrito por":"Fernando Corraa","Est. tempo de leitura":"3 minutos"},"schema":{"@context":"https:\/\/schema.org","@graph":[{"@type":"Article","@id":"https:\/\/agenciabrasil.ebc.com.br\/cultura\/noticia\/2026-09\/radio-animada-celebra-amazonia-e-estreia-producao-da-parceira-unesp-fm#article","isPartOf":{"@id":"https:\/\/mrnews.com.br\/index.php\/2026\/09\/05\/radio-animada-celebra-amazonia-e-estreia-producao-da-parceira-unesp-fm\/"},"author":{"name":"Fernando Corraa","@id":"https:\/\/mrnews.com.br\/#\/schema\/person\/2f073f2d87903a2ff9a065e41bbf17d4"},"headline":"R\u00e1dio Animada celebra Amaz\u00f4nia e estreia produ\u00e7\u00e3o da parceira Unesp FM","datePublished":"2026-09-05T15:10:04+00:00","mainEntityOfPage":{"@id":"https:\/\/mrnews.com.br\/index.php\/2026\/09\/05\/radio-animada-celebra-amazonia-e-estreia-producao-da-parceira-unesp-fm\/"},"wordCount":669,"commentCount":0,"publisher":{"@id":"https:\/\/mrnews.com.br\/#organization"},"articleSection":["SERVI\u00c7OS"],"inLanguage":"pt-BR","potentialAction":[{"@type":"CommentAction","name":"Comment","target":["https:\/\/agenciabrasil.ebc.com.br\/cultura\/noticia\/2026-09\/radio-animada-celebra-amazonia-e-estreia-producao-da-parceira-unesp-fm#respond"]}]},{"@type":"WebPage","@id":"https:\/\/mrnews.com.br\/index.php\/2026\/09\/05\/radio-animada-celebra-amazonia-e-estreia-producao-da-parceira-unesp-fm\/","url":"https:\/\/agenciabrasil.ebc.com.br\/cultura\/noticia\/2026-09\/radio-animada-celebra-amazonia-e-estreia-producao-da-parceira-unesp-fm","name":"R\u00e1dio Animada celebra Amaz\u00f4nia e estreia produ\u00e7\u00e3o da parceira Unesp FM","isPartOf":{"@id":"https:\/\/mrnews.com.br\/#website"},"datePublished":"2026-09-05T15:10:04+00:00","breadcrumb":{"@id":"https:\/\/agenciabrasil.ebc.com.br\/cultura\/noticia\/2026-09\/radio-animada-celebra-amazonia-e-estreia-producao-da-parceira-unesp-fm#breadcrumb"},"inLanguage":"pt-BR","potentialAction":[{"@type":"ReadAction","target":["https:\/\/agenciabrasil.ebc.com.br\/cultura\/noticia\/2026-09\/radio-animada-celebra-amazonia-e-estreia-producao-da-parceira-unesp-fm"]}]},{"@type":"BreadcrumbList","@id":"https:\/\/agenciabrasil.ebc.com.br\/cultura\/noticia\/2026-09\/radio-animada-celebra-amazonia-e-estreia-producao-da-parceira-unesp-fm#breadcrumb","itemListElement":[{"@type":"ListItem","position":1,"name":"In\u00edcio","item":"https:\/\/mrnews.com.br\/"},{"@type":"ListItem","position":2,"name":"R\u00e1dio Animada celebra Amaz\u00f4nia e estreia produ\u00e7\u00e3o da parceira Unesp FM"}]},{"@type":"WebSite","@id":"https:\/\/mrnews.com.br\/#website","url":"https:\/\/mrnews.com.br\/","name":"MRNews","description":"MRNews Jogos de hoje da TV, transmiss\u00f5es ao vivo, Not\u00edcias de futebol, Jogos ao vivo, Lives, resumo de novelas, Programa\u00e7\u00e3o da Globo, A Fazenda e BBB","publisher":{"@id":"https:\/\/mrnews.com.br\/#organization"},"potentialAction":[{"@type":"SearchAction","target":{"@type":"EntryPoint","urlTemplate":"https:\/\/mrnews.com.br\/?s={search_term_string}"},"query-input":{"@type":"PropertyValueSpecification","valueRequired":true,"valueName":"search_term_string"}}],"inLanguage":"pt-BR"},{"@type":"Organization","@id":"https:\/\/mrnews.com.br\/#organization","name":"MRNews","url":"https:\/\/mrnews.com.br\/","logo":{"@type":"ImageObject","inLanguage":"pt-BR","@id":"https:\/\/mrnews.com.br\/#\/schema\/logo\/image\/","url":"https:\/\/mrnews.com.br\/wp-content\/uploads\/2026\/08\/MRNEws.png","contentUrl":"https:\/\/mrnews.com.br\/wp-content\/uploads\/2026\/08\/MRNEws.png","width":1254,"height":1254,"caption":"MRNews"},"image":{"@id":"https:\/\/mrnews.com.br\/#\/schema\/logo\/image\/"},"sameAs":["https:\/\/www.facebook.com\/eaipahpah\/?locale2=pt_BR","https:\/\/x.com\/conspirou","https:\/\/www.instagram.com\/eai_pahpah","https:\/\/br.pinterest.com\/mrnewsn\/boards\/","https:\/\/www.youtube.com\/channel\/UCacgnpznQ61fifLWr1tQ-vA?view_as=subscriber"]},{"@type":"Person","@id":"https:\/\/mrnews.com.br\/#\/schema\/person\/2f073f2d87903a2ff9a065e41bbf17d4","name":"Fernando Corraa","image":{"@type":"ImageObject","inLanguage":"pt-BR","@id":"https:\/\/secure.gravatar.com\/avatar\/9069acb0e588c9f4346ba747284aef18a5faaab575e89e9ccc64e315003f0b82?s=96&d=monsterid&r=g","url":"https:\/\/secure.gravatar.com\/avatar\/9069acb0e588c9f4346ba747284aef18a5faaab575e89e9ccc64e315003f0b82?s=96&d=monsterid&r=g","contentUrl":"https:\/\/secure.gravatar.com\/avatar\/9069acb0e588c9f4346ba747284aef18a5faaab575e89e9ccc64e315003f0b82?s=96&d=monsterid&r=g","caption":"Fernando Corraa"},"url":"https:\/\/mrnews.com.br\/index.php\/author\/fernando-corraa\/"}]}},"jetpack_sharing_enabled":true,"jetpack_shortlink":"https:\/\/wp.me\/pa2Qf7-1Xh8","amp_enabled":true,"jetpack_featured_media_url":"","_links":{"self":[{"href":"https:\/\/mrnews.com.br\/index.php\/wp-json\/wp\/v2\/posts\/466186","targetHints":{"allow":["GET"]}}],"collection":[{"href":"https:\/\/mrnews.com.br\/index.php\/wp-json\/wp\/v2\/posts"}],"about":[{"href":"https:\/\/mrnews.com.br\/index.php\/wp-json\/wp\/v2\/types\/post"}],"author":[{"embeddable":true,"href":"https:\/\/mrnews.com.br\/index.php\/wp-json\/wp\/v2\/users\/39"}],"replies":[{"embeddable":true,"href":"https:\/\/mrnews.com.br\/index.php\/wp-json\/wp\/v2\/comments?post=466186"}],"version-history":[{"count":0,"href":"https:\/\/mrnews.com.br\/index.php\/wp-json\/wp\/v2\/posts\/466186\/revisions"}],"wp:attachment":[{"href":"https:\/\/mrnews.com.br\/index.php\/wp-json\/wp\/v2\/media?parent=466186"}],"wp:term":[{"taxonomy":"category","embeddable":true,"href":"https:\/\/mrnews.com.br\/index.php\/wp-json\/wp\/v2\/categories?post=466186"},{"taxonomy":"post_tag","embeddable":true,"href":"https:\/\/mrnews.com.br\/index.php\/wp-json\/wp\/v2\/tags?post=466186"}],"curies":[{"name":"wp","href":"https:\/\/api.w.org\/{rel}","templated":true}]}}