{"id":466193,"date":"2026-09-05T13:11:22","date_gmt":"2026-09-05T16:11:22","guid":{"rendered":"https:\/\/mrnews.com.br\/?p=466193"},"modified":"2026-09-05T13:11:22","modified_gmt":"2026-09-05T16:11:22","slug":"melhor-amigo-da-atriz-titina-machado-m0rre-aos-48-anos-dias-depois-de-homenagea-la","status":"publish","type":"post","link":"https:\/\/mrnews.com.br\/index.php\/2026\/09\/05\/melhor-amigo-da-atriz-titina-machado-m0rre-aos-48-anos-dias-depois-de-homenagea-la\/","title":{"rendered":"Melhor amigo da atriz Titina Machado m0rre aos 48 anos dias depois de homenage\u00e1-la"},"content":{"rendered":"<p>Marc\u00edlio foi encontrado sem vida em sua resid\u00eancia, e <strong>a causa da morte ainda n\u00e3o havia sido divulgada<\/strong> at\u00e9 as \u00faltimas informa\u00e7\u00f5es dispon\u00edveis.<\/p>\n<p>A not\u00edcia ganhou ainda mais repercuss\u00e3o pela rela\u00e7\u00e3o de amizade que Marc\u00edlio mantinha com a atriz <strong>Titina Medeiros<\/strong>, que morreu em janeiro deste ano ap\u00f3s enfrentar um c\u00e2ncer de p\u00e2ncreas.<\/p>\n<h2>Marc\u00edlio havia feito uma emocionante homenagem a Titina<\/h2>\n<p>Um dos aspectos que mais chamou a aten\u00e7\u00e3o ap\u00f3s a not\u00edcia da morte de Marc\u00edlio foi o fato de que sua \u00faltima publica\u00e7\u00e3o nas redes sociais havia sido dedicada justamente a Titina.<\/p>\n<p>A atriz completaria 50 anos em 1\u00ba de setembro. Poucos dias antes de morrer, Marc\u00edlio publicou uma longa homenagem \u00e0 amiga, relembrando a trajet\u00f3ria dos dois e a amizade constru\u00edda ao longo de d\u00e9cadas.<\/p>\n<p>Segundo relatos publicados por ve\u00edculos locais, os dois se conheceram em 1995, ap\u00f3s uma apresenta\u00e7\u00e3o no Teatro Alberto Maranh\u00e3o, em Natal. A rela\u00e7\u00e3o se transformou em uma amizade de longa dura\u00e7\u00e3o e tamb\u00e9m em parceria profissional. (<a title=\"Cultura potiguar perde Marc\u00edlio Amorim, ator, jornalista e agente art\u00edstico\" href=\"https:\/\/saibamais.jor.br\/2026\/09\/cultura-potiguar-perde-marcilio-amorim-ator-jornalista-e-agente-artistico\/?utm_source=chatgpt.com\">Saiba Mais<\/a>)<\/p>\n<p>Na homenagem, Marc\u00edlio tratou Titina como uma pessoa extremamente importante em sua vida e lamentou profundamente a perda da amiga.<\/p>\n<p>A coincid\u00eancia entre a homenagem recente e a morte de Marc\u00edlio poucos dias depois provocou forte como\u00e7\u00e3o entre amigos, familiares e integrantes da comunidade art\u00edstica potiguar.<\/p>\n<h2>Amizade de d\u00e9cadas com Titina Medeiros<\/h2>\n<p>Marc\u00edlio e Titina tinham uma rela\u00e7\u00e3o que ultrapassava o ambiente profissional.<\/p>\n<p>Os dois participaram de projetos art\u00edsticos juntos e integraram o elenco do espet\u00e1culo <strong>\u201cMeu Serid\u00f3\u201d<\/strong>, da Casa de Zo\u00e9. Marc\u00edlio tamb\u00e9m atuava nos bastidores do setor cultural, enquanto Titina construiu uma carreira de destaque como atriz no teatro e na televis\u00e3o. (<a title=\"Grande Ponto - Morre o produtor, agente art\u00edstico e ator Marc\u00edlio Amorim, aos 48 anos, em Natal\" href=\"https:\/\/grandeponto.com.br\/noticia\/morre-o-produtor-agente-artistico-e-ator-marcilio-amorim-aos-48-anos-em-natal?utm_source=chatgpt.com\">Grande Ponto<\/a>)<\/p>\n<p>Titina morreu em 11 de janeiro de 2026, aos 48 anos, ap\u00f3s enfrentar um c\u00e2ncer de p\u00e2ncreas. A confirma\u00e7\u00e3o de sua morte havia sido feita justamente por Marc\u00edlio Amorim, que era seu amigo e agente art\u00edstico. (<a title=\"Morre Titina Medeiros, atriz de 'Cheias de Charme' - 11\/01\/2026 - Ilustrada - Folha\" href=\"https:\/\/www1.folha.uol.com.br\/ilustrada\/2026\/01\/morre-titina-medeiros-atriz-de-cheias-de-charme-e-filhos-do-mangue-aos-48.shtml?utm_source=chatgpt.com\">Folha de S.Paulo<\/a>)<\/p>\n<p>Agora, poucos meses depois, a comunidade cultural potiguar volta a enfrentar uma perda relacionada a um dos nomes pr\u00f3ximos da atriz.<\/p>\n<h2>Uma carreira dedicada \u00e0 cultura<\/h2>\n<p>Marc\u00edlio Amorim tinha uma trajet\u00f3ria ligada ao teatro, \u00e0 produ\u00e7\u00e3o cultural e ao agenciamento art\u00edstico.<\/p>\n<p>Al\u00e9m de atuar como produtor e agente, ele tamb\u00e9m trabalhou como ator e jornalista. Em Natal, esteve envolvido em projetos culturais e no recrutamento de artistas, mantendo atua\u00e7\u00e3o tanto no Rio Grande do Norte quanto em trabalhos com alcance nacional.<\/p>\n<p>Ele era diretor da empresa <strong>Elenco Mosh<\/strong> e tamb\u00e9m atuava como agente art\u00edstico e produtor da <strong>Trama Agenciamento<\/strong>. (<a title=\"Cultura potiguar perde Marc\u00edlio Amorim, ator, jornalista e agente art\u00edstico\" href=\"https:\/\/saibamais.jor.br\/2026\/09\/cultura-potiguar-perde-marcilio-amorim-ator-jornalista-e-agente-artistico\/?utm_source=chatgpt.com\">Saiba Mais<\/a>)<\/p>\n<p>Colegas destacaram sua capacidade de aproximar pessoas e abrir caminhos para artistas.<\/p>\n<p>O produtor cultural Arlindo Bezerra afirmou que Marc\u00edlio tinha uma personalidade capaz de unir diferentes grupos e que sua aus\u00eancia ser\u00e1 sentida tanto pelos amigos e familiares quanto pelo mercado de agenciamento art\u00edstico. (<a title=\"Morre em Natal o produtor e agente art\u00edstico Marc\u00edlio Amorim, aos 48 anos - Tribuna do Norte\" href=\"https:\/\/tribunadonorte.com.br\/viver\/morre-em-natal-o-produtor-e-agente-artistico-marcilio-amorim-aos-48-anos\/?utm_source=chatgpt.com\">Tribuna do Norte<\/a>)<\/p>\n<h2>Marc\u00edlio tamb\u00e9m ficou conhecido como Papai Noel<\/h2>\n<p>Uma faceta curiosa da trajet\u00f3ria de Marc\u00edlio era sua atua\u00e7\u00e3o durante o per\u00edodo natalino.<\/p>\n<p>Por anos, ele se vestiu de Papai Noel para levar alegria \u00e0s crian\u00e7as. A atividade acabou se tornando uma das caracter\u00edsticas pelas quais tamb\u00e9m era lembrado em Natal.<\/p>\n<p>A pr\u00f3pria imprensa potiguar resgatou essa parte de sua hist\u00f3ria ap\u00f3s a confirma\u00e7\u00e3o da morte, destacando o envolvimento do produtor com a\u00e7\u00f5es que aproximavam a cultura e o entretenimento do p\u00fablico. (<a title=\"Morre em Natal o produtor e agente art\u00edstico Marc\u00edlio Amorim, aos 48 anos - Tribuna do Norte\" href=\"https:\/\/tribunadonorte.com.br\/viver\/morre-em-natal-o-produtor-e-agente-artistico-marcilio-amorim-aos-48-anos\/?utm_source=chatgpt.com\">Tribuna do Norte<\/a>)<\/p>\n<h2>Causa da morte ainda n\u00e3o foi informada<\/h2>\n<p>Apesar das primeiras informa\u00e7\u00f5es sobre a morte de Marc\u00edlio Amorim, <strong>n\u00e3o havia confirma\u00e7\u00e3o oficial sobre a causa do falecimento<\/strong>.<\/p>\n<p>Alguns relatos apontaram que ele teria sido encontrado sem vida enquanto dormia, mas as circunst\u00e2ncias ainda n\u00e3o foram esclarecidas oficialmente. Por isso, qualquer especula\u00e7\u00e3o sobre o que provocou sua morte deve ser evitada at\u00e9 que familiares ou autoridades apresentem informa\u00e7\u00f5es definitivas. (<a title=\"Grande Ponto - Morre o produtor, agente art\u00edstico e ator Marc\u00edlio Amorim, aos 48 anos, em Natal\" href=\"https:\/\/grandeponto.com.br\/noticia\/morre-o-produtor-agente-artistico-e-ator-marcilio-amorim-aos-48-anos-em-natal?utm_source=chatgpt.com\">Grande Ponto<\/a>)<\/p>\n<p>Tamb\u00e9m n\u00e3o haviam sido divulgados, at\u00e9 as informa\u00e7\u00f5es mais recentes, os detalhes sobre hor\u00e1rio e local do vel\u00f3rio e do sepultamento.<\/p>\n<h2>Perda provoca como\u00e7\u00e3o no meio art\u00edstico<\/h2>\n<p>A morte de Marc\u00edlio representa uma nova perda para a cultura potiguar em um ano marcado pela despedida de Titina Medeiros.<\/p>\n<p>A atriz havia se tornado conhecida nacionalmente por trabalhos na televis\u00e3o, incluindo sua participa\u00e7\u00e3o em <strong>\u201cCheias de Charme\u201d<\/strong>, al\u00e9m de outras produ\u00e7\u00f5es como \u201cMar do Sert\u00e3o\u201d e \u201cNo Rancho Fundo\u201d.<\/p>\n<p>A rela\u00e7\u00e3o entre Titina e Marc\u00edlio, constru\u00edda durante d\u00e9cadas, torna a not\u00edcia ainda mais dolorosa para aqueles que conviviam com os dois.<\/p>\n<p>Em sua \u00faltima homenagem \u00e0 atriz, Marc\u00edlio demonstrou que a perda ainda permanecia muito presente. Poucos dias depois, sua pr\u00f3pria morte surpreendeu amigos e colegas.<\/p>\n<p>A cultura do Rio Grande do Norte perde, assim, um profissional que atuou em diferentes frentes \u2014 como ator, produtor, jornalista e agente art\u00edstico \u2014 e que deixou uma trajet\u00f3ria marcada pelo contato pr\u00f3ximo com artistas e pela capacidade de criar conex\u00f5es dentro do setor cultural.<\/p>\n<p><strong>Marc\u00edlio Amorim tinha 48 anos. A causa da morte ainda n\u00e3o foi divulgada oficialmente.<\/strong><br \/>\n\ue201<\/p>\n","protected":false},"excerpt":{"rendered":"<p>Marc\u00edlio foi encontrado sem vida em sua resid\u00eancia, e a causa da morte ainda n\u00e3o havia sido divulgada at\u00e9 as \u00faltimas informa\u00e7\u00f5es dispon\u00edveis. A not\u00edcia ganhou ainda mais repercuss\u00e3o pela rela\u00e7\u00e3o de amizade que Marc\u00edlio mantinha com a atriz Titina Medeiros, que morreu em janeiro deste ano ap\u00f3s enfrentar um c\u00e2ncer de p\u00e2ncreas. Marc\u00edlio havia &hellip;<\/p>\n","protected":false},"author":1,"featured_media":464390,"comment_status":"open","ping_status":"open","sticky":false,"template":"","format":"standard","meta":{"_jetpack_newsletter_access":"","_jetpack_dont_email_post_to_subs":false,"_jetpack_newsletter_tier_id":0,"_jetpack_memberships_contains_paywalled_content":false,"_jetpack_feature_clip_id":0,"_jetpack_memberships_contains_paid_content":false,"footnotes":"","jetpack_post_was_ever_published":false},"categories":[2],"tags":[],"class_list":["post-466193","post","type-post","status-publish","format-standard","has-post-thumbnail","hentry","category-entretenimento"],"yoast_head":"<!-- This site is optimized with the Yoast SEO plugin v28.4 - https:\/\/yoast.com\/product\/yoast-seo-wordpress\/ -->\n<title>Melhor amigo da atriz Titina Machado m0rre aos 48 anos dias depois de homenage\u00e1-la<\/title>\n<meta name=\"robots\" content=\"index, follow, max-snippet:-1, max-image-preview:large, max-video-preview:-1\" \/>\n<link rel=\"canonical\" href=\"https:\/\/mrnews.com.br\/index.php\/2026\/09\/05\/melhor-amigo-da-atriz-titina-machado-m0rre-aos-48-anos-dias-depois-de-homenagea-la\/\" \/>\n<meta property=\"og:locale\" content=\"pt_BR\" \/>\n<meta property=\"og:type\" content=\"article\" \/>\n<meta property=\"og:title\" content=\"Melhor amigo da atriz Titina Machado m0rre aos 48 anos dias depois de homenage\u00e1-la\" \/>\n<meta property=\"og:description\" content=\"Marc\u00edlio foi encontrado sem vida em sua resid\u00eancia, e a causa da morte ainda n\u00e3o havia sido divulgada at\u00e9 as \u00faltimas informa\u00e7\u00f5es dispon\u00edveis. A not\u00edcia ganhou ainda mais repercuss\u00e3o pela rela\u00e7\u00e3o de amizade que Marc\u00edlio mantinha com a atriz Titina Medeiros, que morreu em janeiro deste ano ap\u00f3s enfrentar um c\u00e2ncer de p\u00e2ncreas. Marc\u00edlio havia &hellip;\" \/>\n<meta property=\"og:url\" content=\"https:\/\/mrnews.com.br\/index.php\/2026\/09\/05\/melhor-amigo-da-atriz-titina-machado-m0rre-aos-48-anos-dias-depois-de-homenagea-la\/\" \/>\n<meta property=\"og:site_name\" content=\"MRNews\" \/>\n<meta property=\"article:publisher\" content=\"https:\/\/www.facebook.com\/eaipahpah\/?locale2=pt_BR\" \/>\n<meta property=\"article:published_time\" content=\"2026-09-05T16:11:22+00:00\" \/>\n<meta property=\"og:image\" content=\"https:\/\/mrnews.com.br\/wp-content\/uploads\/2026\/07\/09674d2f-cee5-4b0c-891a-fcf37bb79549-1024x683.png\" \/>\n\t<meta property=\"og:image:width\" content=\"1024\" \/>\n\t<meta property=\"og:image:height\" content=\"683\" \/>\n\t<meta property=\"og:image:type\" content=\"image\/png\" \/>\n<meta name=\"author\" content=\"MR News\" \/>\n<meta name=\"twitter:card\" content=\"summary_large_image\" \/>\n<meta name=\"twitter:creator\" content=\"@conspirou\" \/>\n<meta name=\"twitter:site\" content=\"@conspirou\" \/>\n<meta name=\"twitter:label1\" content=\"Escrito por\" \/>\n\t<meta name=\"twitter:data1\" content=\"MR News\" \/>\n\t<meta name=\"twitter:label2\" content=\"Est. tempo de leitura\" \/>\n\t<meta name=\"twitter:data2\" content=\"5 minutos\" \/>\n<script type=\"application\/ld+json\" class=\"yoast-schema-graph\">{\"@context\":\"https:\\\/\\\/schema.org\",\"@graph\":[{\"@type\":\"Article\",\"@id\":\"https:\\\/\\\/mrnews.com.br\\\/index.php\\\/2026\\\/09\\\/05\\\/melhor-amigo-da-atriz-titina-machado-m0rre-aos-48-anos-dias-depois-de-homenagea-la\\\/#article\",\"isPartOf\":{\"@id\":\"https:\\\/\\\/mrnews.com.br\\\/index.php\\\/2026\\\/09\\\/05\\\/melhor-amigo-da-atriz-titina-machado-m0rre-aos-48-anos-dias-depois-de-homenagea-la\\\/\"},\"author\":{\"name\":\"MR News\",\"@id\":\"https:\\\/\\\/mrnews.com.br\\\/#\\\/schema\\\/person\\\/be3203154562a9f207407861cef7827b\"},\"headline\":\"Melhor amigo da atriz Titina Machado m0rre aos 48 anos dias depois de homenage\u00e1-la\",\"datePublished\":\"2026-09-05T16:11:22+00:00\",\"mainEntityOfPage\":{\"@id\":\"https:\\\/\\\/mrnews.com.br\\\/index.php\\\/2026\\\/09\\\/05\\\/melhor-amigo-da-atriz-titina-machado-m0rre-aos-48-anos-dias-depois-de-homenagea-la\\\/\"},\"wordCount\":910,\"commentCount\":0,\"publisher\":{\"@id\":\"https:\\\/\\\/mrnews.com.br\\\/#organization\"},\"image\":{\"@id\":\"https:\\\/\\\/mrnews.com.br\\\/index.php\\\/2026\\\/09\\\/05\\\/melhor-amigo-da-atriz-titina-machado-m0rre-aos-48-anos-dias-depois-de-homenagea-la\\\/#primaryimage\"},\"thumbnailUrl\":\"https:\\\/\\\/mrnews.com.br\\\/wp-content\\\/uploads\\\/2026\\\/07\\\/09674d2f-cee5-4b0c-891a-fcf37bb79549.png\",\"articleSection\":[\"ENTRETENIMENTO\"],\"inLanguage\":\"pt-BR\",\"potentialAction\":[{\"@type\":\"CommentAction\",\"name\":\"Comment\",\"target\":[\"https:\\\/\\\/mrnews.com.br\\\/index.php\\\/2026\\\/09\\\/05\\\/melhor-amigo-da-atriz-titina-machado-m0rre-aos-48-anos-dias-depois-de-homenagea-la\\\/#respond\"]}]},{\"@type\":\"WebPage\",\"@id\":\"https:\\\/\\\/mrnews.com.br\\\/index.php\\\/2026\\\/09\\\/05\\\/melhor-amigo-da-atriz-titina-machado-m0rre-aos-48-anos-dias-depois-de-homenagea-la\\\/\",\"url\":\"https:\\\/\\\/mrnews.com.br\\\/index.php\\\/2026\\\/09\\\/05\\\/melhor-amigo-da-atriz-titina-machado-m0rre-aos-48-anos-dias-depois-de-homenagea-la\\\/\",\"name\":\"Melhor amigo da atriz Titina Machado m0rre aos 48 anos dias depois de homenage\u00e1-la\",\"isPartOf\":{\"@id\":\"https:\\\/\\\/mrnews.com.br\\\/#website\"},\"primaryImageOfPage\":{\"@id\":\"https:\\\/\\\/mrnews.com.br\\\/index.php\\\/2026\\\/09\\\/05\\\/melhor-amigo-da-atriz-titina-machado-m0rre-aos-48-anos-dias-depois-de-homenagea-la\\\/#primaryimage\"},\"image\":{\"@id\":\"https:\\\/\\\/mrnews.com.br\\\/index.php\\\/2026\\\/09\\\/05\\\/melhor-amigo-da-atriz-titina-machado-m0rre-aos-48-anos-dias-depois-de-homenagea-la\\\/#primaryimage\"},\"thumbnailUrl\":\"https:\\\/\\\/mrnews.com.br\\\/wp-content\\\/uploads\\\/2026\\\/07\\\/09674d2f-cee5-4b0c-891a-fcf37bb79549.png\",\"datePublished\":\"2026-09-05T16:11:22+00:00\",\"breadcrumb\":{\"@id\":\"https:\\\/\\\/mrnews.com.br\\\/index.php\\\/2026\\\/09\\\/05\\\/melhor-amigo-da-atriz-titina-machado-m0rre-aos-48-anos-dias-depois-de-homenagea-la\\\/#breadcrumb\"},\"inLanguage\":\"pt-BR\",\"potentialAction\":[{\"@type\":\"ReadAction\",\"target\":[\"https:\\\/\\\/mrnews.com.br\\\/index.php\\\/2026\\\/09\\\/05\\\/melhor-amigo-da-atriz-titina-machado-m0rre-aos-48-anos-dias-depois-de-homenagea-la\\\/\"]}]},{\"@type\":\"ImageObject\",\"inLanguage\":\"pt-BR\",\"@id\":\"https:\\\/\\\/mrnews.com.br\\\/index.php\\\/2026\\\/09\\\/05\\\/melhor-amigo-da-atriz-titina-machado-m0rre-aos-48-anos-dias-depois-de-homenagea-la\\\/#primaryimage\",\"url\":\"https:\\\/\\\/mrnews.com.br\\\/wp-content\\\/uploads\\\/2026\\\/07\\\/09674d2f-cee5-4b0c-891a-fcf37bb79549.png\",\"contentUrl\":\"https:\\\/\\\/mrnews.com.br\\\/wp-content\\\/uploads\\\/2026\\\/07\\\/09674d2f-cee5-4b0c-891a-fcf37bb79549.png\",\"width\":1536,\"height\":1024,\"caption\":\"Luto\"},{\"@type\":\"BreadcrumbList\",\"@id\":\"https:\\\/\\\/mrnews.com.br\\\/index.php\\\/2026\\\/09\\\/05\\\/melhor-amigo-da-atriz-titina-machado-m0rre-aos-48-anos-dias-depois-de-homenagea-la\\\/#breadcrumb\",\"itemListElement\":[{\"@type\":\"ListItem\",\"position\":1,\"name\":\"In\u00edcio\",\"item\":\"https:\\\/\\\/mrnews.com.br\\\/\"},{\"@type\":\"ListItem\",\"position\":2,\"name\":\"Melhor amigo da atriz Titina Machado m0rre aos 48 anos dias depois de homenage\u00e1-la\"}]},{\"@type\":\"WebSite\",\"@id\":\"https:\\\/\\\/mrnews.com.br\\\/#website\",\"url\":\"https:\\\/\\\/mrnews.com.br\\\/\",\"name\":\"MRNews\",\"description\":\"MRNews Jogos de hoje da TV, transmiss\u00f5es ao vivo, Not\u00edcias de futebol, Jogos ao vivo, Lives, resumo de novelas, Programa\u00e7\u00e3o da Globo, A Fazenda e BBB\",\"publisher\":{\"@id\":\"https:\\\/\\\/mrnews.com.br\\\/#organization\"},\"potentialAction\":[{\"@type\":\"SearchAction\",\"target\":{\"@type\":\"EntryPoint\",\"urlTemplate\":\"https:\\\/\\\/mrnews.com.br\\\/?s={search_term_string}\"},\"query-input\":{\"@type\":\"PropertyValueSpecification\",\"valueRequired\":true,\"valueName\":\"search_term_string\"}}],\"inLanguage\":\"pt-BR\"},{\"@type\":\"Organization\",\"@id\":\"https:\\\/\\\/mrnews.com.br\\\/#organization\",\"name\":\"MRNews\",\"url\":\"https:\\\/\\\/mrnews.com.br\\\/\",\"logo\":{\"@type\":\"ImageObject\",\"inLanguage\":\"pt-BR\",\"@id\":\"https:\\\/\\\/mrnews.com.br\\\/#\\\/schema\\\/logo\\\/image\\\/\",\"url\":\"https:\\\/\\\/mrnews.com.br\\\/wp-content\\\/uploads\\\/2026\\\/08\\\/MRNEws.png\",\"contentUrl\":\"https:\\\/\\\/mrnews.com.br\\\/wp-content\\\/uploads\\\/2026\\\/08\\\/MRNEws.png\",\"width\":1254,\"height\":1254,\"caption\":\"MRNews\"},\"image\":{\"@id\":\"https:\\\/\\\/mrnews.com.br\\\/#\\\/schema\\\/logo\\\/image\\\/\"},\"sameAs\":[\"https:\\\/\\\/www.facebook.com\\\/eaipahpah\\\/?locale2=pt_BR\",\"https:\\\/\\\/x.com\\\/conspirou\",\"https:\\\/\\\/www.instagram.com\\\/eai_pahpah\",\"https:\\\/\\\/br.pinterest.com\\\/mrnewsn\\\/boards\\\/\",\"https:\\\/\\\/www.youtube.com\\\/channel\\\/UCacgnpznQ61fifLWr1tQ-vA?view_as=subscriber\"]},{\"@type\":\"Person\",\"@id\":\"https:\\\/\\\/mrnews.com.br\\\/#\\\/schema\\\/person\\\/be3203154562a9f207407861cef7827b\",\"name\":\"MR News\",\"image\":{\"@type\":\"ImageObject\",\"inLanguage\":\"pt-BR\",\"@id\":\"https:\\\/\\\/secure.gravatar.com\\\/avatar\\\/04084e6d73c042b8646e7c17b494073bf0ede3ea13c7105cfc45cbbbc28385a4?s=96&d=monsterid&r=g\",\"url\":\"https:\\\/\\\/secure.gravatar.com\\\/avatar\\\/04084e6d73c042b8646e7c17b494073bf0ede3ea13c7105cfc45cbbbc28385a4?s=96&d=monsterid&r=g\",\"contentUrl\":\"https:\\\/\\\/secure.gravatar.com\\\/avatar\\\/04084e6d73c042b8646e7c17b494073bf0ede3ea13c7105cfc45cbbbc28385a4?s=96&d=monsterid&r=g\",\"caption\":\"MR News\"},\"description\":\"Especializado em jornalismo colaborativo pela FTP em n\u00edvel de p\u00f3s-gradua\u00e7\u00e3o. suporte@oimeliga.combr\",\"sameAs\":[\"HUGO R.\",\"Admin\"],\"url\":\"https:\\\/\\\/mrnews.com.br\\\/index.php\\\/author\\\/admin\\\/\"}]}<\/script>\n<!-- \/ Yoast SEO plugin. -->","yoast_head_json":{"title":"Melhor amigo da atriz Titina Machado m0rre aos 48 anos dias depois de homenage\u00e1-la","robots":{"index":"index","follow":"follow","max-snippet":"max-snippet:-1","max-image-preview":"max-image-preview:large","max-video-preview":"max-video-preview:-1"},"canonical":"https:\/\/mrnews.com.br\/index.php\/2026\/09\/05\/melhor-amigo-da-atriz-titina-machado-m0rre-aos-48-anos-dias-depois-de-homenagea-la\/","og_locale":"pt_BR","og_type":"article","og_title":"Melhor amigo da atriz Titina Machado m0rre aos 48 anos dias depois de homenage\u00e1-la","og_description":"Marc\u00edlio foi encontrado sem vida em sua resid\u00eancia, e a causa da morte ainda n\u00e3o havia sido divulgada at\u00e9 as \u00faltimas informa\u00e7\u00f5es dispon\u00edveis. A not\u00edcia ganhou ainda mais repercuss\u00e3o pela rela\u00e7\u00e3o de amizade que Marc\u00edlio mantinha com a atriz Titina Medeiros, que morreu em janeiro deste ano ap\u00f3s enfrentar um c\u00e2ncer de p\u00e2ncreas. Marc\u00edlio havia &hellip;","og_url":"https:\/\/mrnews.com.br\/index.php\/2026\/09\/05\/melhor-amigo-da-atriz-titina-machado-m0rre-aos-48-anos-dias-depois-de-homenagea-la\/","og_site_name":"MRNews","article_publisher":"https:\/\/www.facebook.com\/eaipahpah\/?locale2=pt_BR","article_published_time":"2026-09-05T16:11:22+00:00","og_image":[{"width":1024,"height":683,"url":"https:\/\/mrnews.com.br\/wp-content\/uploads\/2026\/07\/09674d2f-cee5-4b0c-891a-fcf37bb79549-1024x683.png","type":"image\/png"}],"author":"MR News","twitter_card":"summary_large_image","twitter_creator":"@conspirou","twitter_site":"@conspirou","twitter_misc":{"Escrito por":"MR News","Est. tempo de leitura":"5 minutos"},"schema":{"@context":"https:\/\/schema.org","@graph":[{"@type":"Article","@id":"https:\/\/mrnews.com.br\/index.php\/2026\/09\/05\/melhor-amigo-da-atriz-titina-machado-m0rre-aos-48-anos-dias-depois-de-homenagea-la\/#article","isPartOf":{"@id":"https:\/\/mrnews.com.br\/index.php\/2026\/09\/05\/melhor-amigo-da-atriz-titina-machado-m0rre-aos-48-anos-dias-depois-de-homenagea-la\/"},"author":{"name":"MR News","@id":"https:\/\/mrnews.com.br\/#\/schema\/person\/be3203154562a9f207407861cef7827b"},"headline":"Melhor amigo da atriz Titina Machado m0rre aos 48 anos dias depois de homenage\u00e1-la","datePublished":"2026-09-05T16:11:22+00:00","mainEntityOfPage":{"@id":"https:\/\/mrnews.com.br\/index.php\/2026\/09\/05\/melhor-amigo-da-atriz-titina-machado-m0rre-aos-48-anos-dias-depois-de-homenagea-la\/"},"wordCount":910,"commentCount":0,"publisher":{"@id":"https:\/\/mrnews.com.br\/#organization"},"image":{"@id":"https:\/\/mrnews.com.br\/index.php\/2026\/09\/05\/melhor-amigo-da-atriz-titina-machado-m0rre-aos-48-anos-dias-depois-de-homenagea-la\/#primaryimage"},"thumbnailUrl":"https:\/\/mrnews.com.br\/wp-content\/uploads\/2026\/07\/09674d2f-cee5-4b0c-891a-fcf37bb79549.png","articleSection":["ENTRETENIMENTO"],"inLanguage":"pt-BR","potentialAction":[{"@type":"CommentAction","name":"Comment","target":["https:\/\/mrnews.com.br\/index.php\/2026\/09\/05\/melhor-amigo-da-atriz-titina-machado-m0rre-aos-48-anos-dias-depois-de-homenagea-la\/#respond"]}]},{"@type":"WebPage","@id":"https:\/\/mrnews.com.br\/index.php\/2026\/09\/05\/melhor-amigo-da-atriz-titina-machado-m0rre-aos-48-anos-dias-depois-de-homenagea-la\/","url":"https:\/\/mrnews.com.br\/index.php\/2026\/09\/05\/melhor-amigo-da-atriz-titina-machado-m0rre-aos-48-anos-dias-depois-de-homenagea-la\/","name":"Melhor amigo da atriz Titina Machado m0rre aos 48 anos dias depois de homenage\u00e1-la","isPartOf":{"@id":"https:\/\/mrnews.com.br\/#website"},"primaryImageOfPage":{"@id":"https:\/\/mrnews.com.br\/index.php\/2026\/09\/05\/melhor-amigo-da-atriz-titina-machado-m0rre-aos-48-anos-dias-depois-de-homenagea-la\/#primaryimage"},"image":{"@id":"https:\/\/mrnews.com.br\/index.php\/2026\/09\/05\/melhor-amigo-da-atriz-titina-machado-m0rre-aos-48-anos-dias-depois-de-homenagea-la\/#primaryimage"},"thumbnailUrl":"https:\/\/mrnews.com.br\/wp-content\/uploads\/2026\/07\/09674d2f-cee5-4b0c-891a-fcf37bb79549.png","datePublished":"2026-09-05T16:11:22+00:00","breadcrumb":{"@id":"https:\/\/mrnews.com.br\/index.php\/2026\/09\/05\/melhor-amigo-da-atriz-titina-machado-m0rre-aos-48-anos-dias-depois-de-homenagea-la\/#breadcrumb"},"inLanguage":"pt-BR","potentialAction":[{"@type":"ReadAction","target":["https:\/\/mrnews.com.br\/index.php\/2026\/09\/05\/melhor-amigo-da-atriz-titina-machado-m0rre-aos-48-anos-dias-depois-de-homenagea-la\/"]}]},{"@type":"ImageObject","inLanguage":"pt-BR","@id":"https:\/\/mrnews.com.br\/index.php\/2026\/09\/05\/melhor-amigo-da-atriz-titina-machado-m0rre-aos-48-anos-dias-depois-de-homenagea-la\/#primaryimage","url":"https:\/\/mrnews.com.br\/wp-content\/uploads\/2026\/07\/09674d2f-cee5-4b0c-891a-fcf37bb79549.png","contentUrl":"https:\/\/mrnews.com.br\/wp-content\/uploads\/2026\/07\/09674d2f-cee5-4b0c-891a-fcf37bb79549.png","width":1536,"height":1024,"caption":"Luto"},{"@type":"BreadcrumbList","@id":"https:\/\/mrnews.com.br\/index.php\/2026\/09\/05\/melhor-amigo-da-atriz-titina-machado-m0rre-aos-48-anos-dias-depois-de-homenagea-la\/#breadcrumb","itemListElement":[{"@type":"ListItem","position":1,"name":"In\u00edcio","item":"https:\/\/mrnews.com.br\/"},{"@type":"ListItem","position":2,"name":"Melhor amigo da atriz Titina Machado m0rre aos 48 anos dias depois de homenage\u00e1-la"}]},{"@type":"WebSite","@id":"https:\/\/mrnews.com.br\/#website","url":"https:\/\/mrnews.com.br\/","name":"MRNews","description":"MRNews Jogos de hoje da TV, transmiss\u00f5es ao vivo, Not\u00edcias de futebol, Jogos ao vivo, Lives, resumo de novelas, Programa\u00e7\u00e3o da Globo, A Fazenda e BBB","publisher":{"@id":"https:\/\/mrnews.com.br\/#organization"},"potentialAction":[{"@type":"SearchAction","target":{"@type":"EntryPoint","urlTemplate":"https:\/\/mrnews.com.br\/?s={search_term_string}"},"query-input":{"@type":"PropertyValueSpecification","valueRequired":true,"valueName":"search_term_string"}}],"inLanguage":"pt-BR"},{"@type":"Organization","@id":"https:\/\/mrnews.com.br\/#organization","name":"MRNews","url":"https:\/\/mrnews.com.br\/","logo":{"@type":"ImageObject","inLanguage":"pt-BR","@id":"https:\/\/mrnews.com.br\/#\/schema\/logo\/image\/","url":"https:\/\/mrnews.com.br\/wp-content\/uploads\/2026\/08\/MRNEws.png","contentUrl":"https:\/\/mrnews.com.br\/wp-content\/uploads\/2026\/08\/MRNEws.png","width":1254,"height":1254,"caption":"MRNews"},"image":{"@id":"https:\/\/mrnews.com.br\/#\/schema\/logo\/image\/"},"sameAs":["https:\/\/www.facebook.com\/eaipahpah\/?locale2=pt_BR","https:\/\/x.com\/conspirou","https:\/\/www.instagram.com\/eai_pahpah","https:\/\/br.pinterest.com\/mrnewsn\/boards\/","https:\/\/www.youtube.com\/channel\/UCacgnpznQ61fifLWr1tQ-vA?view_as=subscriber"]},{"@type":"Person","@id":"https:\/\/mrnews.com.br\/#\/schema\/person\/be3203154562a9f207407861cef7827b","name":"MR News","image":{"@type":"ImageObject","inLanguage":"pt-BR","@id":"https:\/\/secure.gravatar.com\/avatar\/04084e6d73c042b8646e7c17b494073bf0ede3ea13c7105cfc45cbbbc28385a4?s=96&d=monsterid&r=g","url":"https:\/\/secure.gravatar.com\/avatar\/04084e6d73c042b8646e7c17b494073bf0ede3ea13c7105cfc45cbbbc28385a4?s=96&d=monsterid&r=g","contentUrl":"https:\/\/secure.gravatar.com\/avatar\/04084e6d73c042b8646e7c17b494073bf0ede3ea13c7105cfc45cbbbc28385a4?s=96&d=monsterid&r=g","caption":"MR News"},"description":"Especializado em jornalismo colaborativo pela FTP em n\u00edvel de p\u00f3s-gradua\u00e7\u00e3o. suporte@oimeliga.combr","sameAs":["HUGO R.","Admin"],"url":"https:\/\/mrnews.com.br\/index.php\/author\/admin\/"}]}},"jetpack_sharing_enabled":true,"jetpack_shortlink":"https:\/\/wp.me\/pa2Qf7-1Xhf","amp_enabled":true,"jetpack_featured_media_url":"https:\/\/mrnews.com.br\/wp-content\/uploads\/2026\/07\/09674d2f-cee5-4b0c-891a-fcf37bb79549.png","_links":{"self":[{"href":"https:\/\/mrnews.com.br\/index.php\/wp-json\/wp\/v2\/posts\/466193","targetHints":{"allow":["GET"]}}],"collection":[{"href":"https:\/\/mrnews.com.br\/index.php\/wp-json\/wp\/v2\/posts"}],"about":[{"href":"https:\/\/mrnews.com.br\/index.php\/wp-json\/wp\/v2\/types\/post"}],"author":[{"embeddable":true,"href":"https:\/\/mrnews.com.br\/index.php\/wp-json\/wp\/v2\/users\/1"}],"replies":[{"embeddable":true,"href":"https:\/\/mrnews.com.br\/index.php\/wp-json\/wp\/v2\/comments?post=466193"}],"version-history":[{"count":1,"href":"https:\/\/mrnews.com.br\/index.php\/wp-json\/wp\/v2\/posts\/466193\/revisions"}],"predecessor-version":[{"id":466194,"href":"https:\/\/mrnews.com.br\/index.php\/wp-json\/wp\/v2\/posts\/466193\/revisions\/466194"}],"wp:featuredmedia":[{"embeddable":true,"href":"https:\/\/mrnews.com.br\/index.php\/wp-json\/wp\/v2\/media\/464390"}],"wp:attachment":[{"href":"https:\/\/mrnews.com.br\/index.php\/wp-json\/wp\/v2\/media?parent=466193"}],"wp:term":[{"taxonomy":"category","embeddable":true,"href":"https:\/\/mrnews.com.br\/index.php\/wp-json\/wp\/v2\/categories?post=466193"},{"taxonomy":"post_tag","embeddable":true,"href":"https:\/\/mrnews.com.br\/index.php\/wp-json\/wp\/v2\/tags?post=466193"}],"curies":[{"name":"wp","href":"https:\/\/api.w.org\/{rel}","templated":true}]}}