{"id":466195,"date":"2026-09-05T13:34:09","date_gmt":"2026-09-05T16:34:09","guid":{"rendered":"https:\/\/mrnews.com.br\/index.php\/2026\/09\/05\/aviao-f-4-grego-cai-durante-show-aereo-perto-de-atenas\/"},"modified":"2026-09-05T13:34:09","modified_gmt":"2026-09-05T16:34:09","slug":"aviao-f-4-grego-cai-durante-show-aereo-perto-de-atenas","status":"publish","type":"post","link":"https:\/\/mrnews.com.br\/index.php\/2026\/09\/05\/aviao-f-4-grego-cai-durante-show-aereo-perto-de-atenas\/","title":{"rendered":"Avi\u00e3o F-4 grego cai durante show a\u00e9reo perto de Atenas"},"content":{"rendered":"<p>Por EBC, <\/p>\n<div>\n<p><strong>Um ca\u00e7a F-4 Phantom grego de dois lugares caiu neste s\u00e1bado (5) durante uma exibi\u00e7\u00e3o a\u00e9rea no aeroporto de Tanagra, perto de Atenas, informou um oficial da For\u00e7a A\u00e9rea Grega \u00e0 Reuters.<\/strong><\/p>\n<p>Imagens de v\u00eddeo da emissora p\u00fablica ERT, a primeira a noticiar o acidente, mostraram uma coluna de fuma\u00e7a preta subindo a algumas centenas de metros dos espectadores que assistiam \u00e0 exibi\u00e7\u00e3o a\u00e9rea. Dois helic\u00f3pteros combatiam o inc\u00eandio no local.<\/p>\n<p><strong>O destino dos pilotos n\u00e3o foi conhecido imediatamente, e n\u00e3o ficou claro se algu\u00e9m na multid\u00e3o havia ficado ferido, disse o oficial.<\/strong><\/p>\n<p>Os alto-falantes da base a\u00e9rea estavam pedindo \u00e0s pessoas que deixassem a \u00e1rea, segundo a ERT.<\/p>\n<p><em><strong>* \u00c9 proibida a reprodu\u00e7\u00e3o deste conte\u00fado.<\/strong><\/em><\/p>\n<p>      <!-- Relacionada --><br \/>\n            <!-- Relacionada -->\n    <\/div>\n","protected":false},"excerpt":{"rendered":"<p>Por EBC, Um ca\u00e7a F-4 Phantom grego de dois lugares caiu neste s\u00e1bado (5) durante uma exibi\u00e7\u00e3o a\u00e9rea no aeroporto de Tanagra, perto de Atenas, informou um oficial da For\u00e7a A\u00e9rea Grega \u00e0 Reuters. Imagens de v\u00eddeo da emissora p\u00fablica ERT, a primeira a noticiar o acidente, mostraram uma coluna de fuma\u00e7a preta subindo a &hellip;<\/p>\n","protected":false},"author":39,"featured_media":0,"comment_status":"open","ping_status":"open","sticky":false,"template":"","format":"standard","meta":{"_jetpack_newsletter_access":"","_jetpack_dont_email_post_to_subs":false,"_jetpack_newsletter_tier_id":0,"_jetpack_memberships_contains_paywalled_content":false,"_jetpack_feature_clip_id":0,"_jetpack_memberships_contains_paid_content":false,"footnotes":"","jetpack_post_was_ever_published":false},"categories":[4],"tags":[],"class_list":["post-466195","post","type-post","status-publish","format-standard","hentry","category-servicos"],"yoast_head":"<!-- This site is optimized with the Yoast SEO plugin v28.4 - https:\/\/yoast.com\/product\/yoast-seo-wordpress\/ -->\n<title>Avi\u00e3o F-4 grego cai durante show a\u00e9reo perto de Atenas<\/title>\n<meta name=\"robots\" content=\"index, follow, max-snippet:-1, max-image-preview:large, max-video-preview:-1\" \/>\n<link rel=\"canonical\" href=\"https:\/\/agenciabrasil.ebc.com.br\/internacional\/noticia\/2026-09\/aviao-f-4-grego-cai-durante-show-aereo-perto-de-atenas\" \/>\n<meta property=\"og:locale\" content=\"pt_BR\" \/>\n<meta property=\"og:type\" content=\"article\" \/>\n<meta property=\"og:title\" content=\"Avi\u00e3o F-4 grego cai durante show a\u00e9reo perto de Atenas\" \/>\n<meta property=\"og:description\" content=\"Por EBC, Um ca\u00e7a F-4 Phantom grego de dois lugares caiu neste s\u00e1bado (5) durante uma exibi\u00e7\u00e3o a\u00e9rea no aeroporto de Tanagra, perto de Atenas, informou um oficial da For\u00e7a A\u00e9rea Grega \u00e0 Reuters. Imagens de v\u00eddeo da emissora p\u00fablica ERT, a primeira a noticiar o acidente, mostraram uma coluna de fuma\u00e7a preta subindo a &hellip;\" \/>\n<meta property=\"og:url\" content=\"https:\/\/agenciabrasil.ebc.com.br\/internacional\/noticia\/2026-09\/aviao-f-4-grego-cai-durante-show-aereo-perto-de-atenas\" \/>\n<meta property=\"og:site_name\" content=\"MRNews\" \/>\n<meta property=\"article:publisher\" content=\"https:\/\/www.facebook.com\/eaipahpah\/?locale2=pt_BR\" \/>\n<meta property=\"article:published_time\" content=\"2026-09-05T16:34:09+00:00\" \/>\n<meta name=\"author\" content=\"Fernando Corraa\" \/>\n<meta name=\"twitter:card\" content=\"summary_large_image\" \/>\n<meta name=\"twitter:creator\" content=\"@conspirou\" \/>\n<meta name=\"twitter:site\" content=\"@conspirou\" \/>\n<meta name=\"twitter:label1\" content=\"Escrito por\" \/>\n\t<meta name=\"twitter:data1\" content=\"Fernando Corraa\" \/>\n\t<meta name=\"twitter:label2\" content=\"Est. tempo de leitura\" \/>\n\t<meta name=\"twitter:data2\" content=\"1 minuto\" \/>\n<script type=\"application\/ld+json\" class=\"yoast-schema-graph\">{\"@context\":\"https:\\\/\\\/schema.org\",\"@graph\":[{\"@type\":\"Article\",\"@id\":\"https:\\\/\\\/agenciabrasil.ebc.com.br\\\/internacional\\\/noticia\\\/2026-09\\\/aviao-f-4-grego-cai-durante-show-aereo-perto-de-atenas#article\",\"isPartOf\":{\"@id\":\"https:\\\/\\\/mrnews.com.br\\\/index.php\\\/2026\\\/09\\\/05\\\/aviao-f-4-grego-cai-durante-show-aereo-perto-de-atenas\\\/\"},\"author\":{\"name\":\"Fernando Corraa\",\"@id\":\"https:\\\/\\\/mrnews.com.br\\\/#\\\/schema\\\/person\\\/2f073f2d87903a2ff9a065e41bbf17d4\"},\"headline\":\"Avi\u00e3o F-4 grego cai durante show a\u00e9reo perto de Atenas\",\"datePublished\":\"2026-09-05T16:34:09+00:00\",\"mainEntityOfPage\":{\"@id\":\"https:\\\/\\\/mrnews.com.br\\\/index.php\\\/2026\\\/09\\\/05\\\/aviao-f-4-grego-cai-durante-show-aereo-perto-de-atenas\\\/\"},\"wordCount\":145,\"commentCount\":0,\"publisher\":{\"@id\":\"https:\\\/\\\/mrnews.com.br\\\/#organization\"},\"articleSection\":[\"SERVI\u00c7OS\"],\"inLanguage\":\"pt-BR\",\"potentialAction\":[{\"@type\":\"CommentAction\",\"name\":\"Comment\",\"target\":[\"https:\\\/\\\/agenciabrasil.ebc.com.br\\\/internacional\\\/noticia\\\/2026-09\\\/aviao-f-4-grego-cai-durante-show-aereo-perto-de-atenas#respond\"]}]},{\"@type\":\"WebPage\",\"@id\":\"https:\\\/\\\/mrnews.com.br\\\/index.php\\\/2026\\\/09\\\/05\\\/aviao-f-4-grego-cai-durante-show-aereo-perto-de-atenas\\\/\",\"url\":\"https:\\\/\\\/agenciabrasil.ebc.com.br\\\/internacional\\\/noticia\\\/2026-09\\\/aviao-f-4-grego-cai-durante-show-aereo-perto-de-atenas\",\"name\":\"Avi\u00e3o F-4 grego cai durante show a\u00e9reo perto de Atenas\",\"isPartOf\":{\"@id\":\"https:\\\/\\\/mrnews.com.br\\\/#website\"},\"datePublished\":\"2026-09-05T16:34:09+00:00\",\"breadcrumb\":{\"@id\":\"https:\\\/\\\/agenciabrasil.ebc.com.br\\\/internacional\\\/noticia\\\/2026-09\\\/aviao-f-4-grego-cai-durante-show-aereo-perto-de-atenas#breadcrumb\"},\"inLanguage\":\"pt-BR\",\"potentialAction\":[{\"@type\":\"ReadAction\",\"target\":[\"https:\\\/\\\/agenciabrasil.ebc.com.br\\\/internacional\\\/noticia\\\/2026-09\\\/aviao-f-4-grego-cai-durante-show-aereo-perto-de-atenas\"]}]},{\"@type\":\"BreadcrumbList\",\"@id\":\"https:\\\/\\\/agenciabrasil.ebc.com.br\\\/internacional\\\/noticia\\\/2026-09\\\/aviao-f-4-grego-cai-durante-show-aereo-perto-de-atenas#breadcrumb\",\"itemListElement\":[{\"@type\":\"ListItem\",\"position\":1,\"name\":\"In\u00edcio\",\"item\":\"https:\\\/\\\/mrnews.com.br\\\/\"},{\"@type\":\"ListItem\",\"position\":2,\"name\":\"Avi\u00e3o F-4 grego cai durante show a\u00e9reo perto de Atenas\"}]},{\"@type\":\"WebSite\",\"@id\":\"https:\\\/\\\/mrnews.com.br\\\/#website\",\"url\":\"https:\\\/\\\/mrnews.com.br\\\/\",\"name\":\"MRNews\",\"description\":\"MRNews Jogos de hoje da TV, transmiss\u00f5es ao vivo, Not\u00edcias de futebol, Jogos ao vivo, Lives, resumo de novelas, Programa\u00e7\u00e3o da Globo, A Fazenda e BBB\",\"publisher\":{\"@id\":\"https:\\\/\\\/mrnews.com.br\\\/#organization\"},\"potentialAction\":[{\"@type\":\"SearchAction\",\"target\":{\"@type\":\"EntryPoint\",\"urlTemplate\":\"https:\\\/\\\/mrnews.com.br\\\/?s={search_term_string}\"},\"query-input\":{\"@type\":\"PropertyValueSpecification\",\"valueRequired\":true,\"valueName\":\"search_term_string\"}}],\"inLanguage\":\"pt-BR\"},{\"@type\":\"Organization\",\"@id\":\"https:\\\/\\\/mrnews.com.br\\\/#organization\",\"name\":\"MRNews\",\"url\":\"https:\\\/\\\/mrnews.com.br\\\/\",\"logo\":{\"@type\":\"ImageObject\",\"inLanguage\":\"pt-BR\",\"@id\":\"https:\\\/\\\/mrnews.com.br\\\/#\\\/schema\\\/logo\\\/image\\\/\",\"url\":\"https:\\\/\\\/mrnews.com.br\\\/wp-content\\\/uploads\\\/2026\\\/08\\\/MRNEws.png\",\"contentUrl\":\"https:\\\/\\\/mrnews.com.br\\\/wp-content\\\/uploads\\\/2026\\\/08\\\/MRNEws.png\",\"width\":1254,\"height\":1254,\"caption\":\"MRNews\"},\"image\":{\"@id\":\"https:\\\/\\\/mrnews.com.br\\\/#\\\/schema\\\/logo\\\/image\\\/\"},\"sameAs\":[\"https:\\\/\\\/www.facebook.com\\\/eaipahpah\\\/?locale2=pt_BR\",\"https:\\\/\\\/x.com\\\/conspirou\",\"https:\\\/\\\/www.instagram.com\\\/eai_pahpah\",\"https:\\\/\\\/br.pinterest.com\\\/mrnewsn\\\/boards\\\/\",\"https:\\\/\\\/www.youtube.com\\\/channel\\\/UCacgnpznQ61fifLWr1tQ-vA?view_as=subscriber\"]},{\"@type\":\"Person\",\"@id\":\"https:\\\/\\\/mrnews.com.br\\\/#\\\/schema\\\/person\\\/2f073f2d87903a2ff9a065e41bbf17d4\",\"name\":\"Fernando Corraa\",\"image\":{\"@type\":\"ImageObject\",\"inLanguage\":\"pt-BR\",\"@id\":\"https:\\\/\\\/secure.gravatar.com\\\/avatar\\\/9069acb0e588c9f4346ba747284aef18a5faaab575e89e9ccc64e315003f0b82?s=96&d=monsterid&r=g\",\"url\":\"https:\\\/\\\/secure.gravatar.com\\\/avatar\\\/9069acb0e588c9f4346ba747284aef18a5faaab575e89e9ccc64e315003f0b82?s=96&d=monsterid&r=g\",\"contentUrl\":\"https:\\\/\\\/secure.gravatar.com\\\/avatar\\\/9069acb0e588c9f4346ba747284aef18a5faaab575e89e9ccc64e315003f0b82?s=96&d=monsterid&r=g\",\"caption\":\"Fernando Corraa\"},\"url\":\"https:\\\/\\\/mrnews.com.br\\\/index.php\\\/author\\\/fernando-corraa\\\/\"}]}<\/script>\n<!-- \/ Yoast SEO plugin. -->","yoast_head_json":{"title":"Avi\u00e3o F-4 grego cai durante show a\u00e9reo perto de Atenas","robots":{"index":"index","follow":"follow","max-snippet":"max-snippet:-1","max-image-preview":"max-image-preview:large","max-video-preview":"max-video-preview:-1"},"canonical":"https:\/\/agenciabrasil.ebc.com.br\/internacional\/noticia\/2026-09\/aviao-f-4-grego-cai-durante-show-aereo-perto-de-atenas","og_locale":"pt_BR","og_type":"article","og_title":"Avi\u00e3o F-4 grego cai durante show a\u00e9reo perto de Atenas","og_description":"Por EBC, Um ca\u00e7a F-4 Phantom grego de dois lugares caiu neste s\u00e1bado (5) durante uma exibi\u00e7\u00e3o a\u00e9rea no aeroporto de Tanagra, perto de Atenas, informou um oficial da For\u00e7a A\u00e9rea Grega \u00e0 Reuters. Imagens de v\u00eddeo da emissora p\u00fablica ERT, a primeira a noticiar o acidente, mostraram uma coluna de fuma\u00e7a preta subindo a &hellip;","og_url":"https:\/\/agenciabrasil.ebc.com.br\/internacional\/noticia\/2026-09\/aviao-f-4-grego-cai-durante-show-aereo-perto-de-atenas","og_site_name":"MRNews","article_publisher":"https:\/\/www.facebook.com\/eaipahpah\/?locale2=pt_BR","article_published_time":"2026-09-05T16:34:09+00:00","author":"Fernando Corraa","twitter_card":"summary_large_image","twitter_creator":"@conspirou","twitter_site":"@conspirou","twitter_misc":{"Escrito por":"Fernando Corraa","Est. tempo de leitura":"1 minuto"},"schema":{"@context":"https:\/\/schema.org","@graph":[{"@type":"Article","@id":"https:\/\/agenciabrasil.ebc.com.br\/internacional\/noticia\/2026-09\/aviao-f-4-grego-cai-durante-show-aereo-perto-de-atenas#article","isPartOf":{"@id":"https:\/\/mrnews.com.br\/index.php\/2026\/09\/05\/aviao-f-4-grego-cai-durante-show-aereo-perto-de-atenas\/"},"author":{"name":"Fernando Corraa","@id":"https:\/\/mrnews.com.br\/#\/schema\/person\/2f073f2d87903a2ff9a065e41bbf17d4"},"headline":"Avi\u00e3o F-4 grego cai durante show a\u00e9reo perto de Atenas","datePublished":"2026-09-05T16:34:09+00:00","mainEntityOfPage":{"@id":"https:\/\/mrnews.com.br\/index.php\/2026\/09\/05\/aviao-f-4-grego-cai-durante-show-aereo-perto-de-atenas\/"},"wordCount":145,"commentCount":0,"publisher":{"@id":"https:\/\/mrnews.com.br\/#organization"},"articleSection":["SERVI\u00c7OS"],"inLanguage":"pt-BR","potentialAction":[{"@type":"CommentAction","name":"Comment","target":["https:\/\/agenciabrasil.ebc.com.br\/internacional\/noticia\/2026-09\/aviao-f-4-grego-cai-durante-show-aereo-perto-de-atenas#respond"]}]},{"@type":"WebPage","@id":"https:\/\/mrnews.com.br\/index.php\/2026\/09\/05\/aviao-f-4-grego-cai-durante-show-aereo-perto-de-atenas\/","url":"https:\/\/agenciabrasil.ebc.com.br\/internacional\/noticia\/2026-09\/aviao-f-4-grego-cai-durante-show-aereo-perto-de-atenas","name":"Avi\u00e3o F-4 grego cai durante show a\u00e9reo perto de Atenas","isPartOf":{"@id":"https:\/\/mrnews.com.br\/#website"},"datePublished":"2026-09-05T16:34:09+00:00","breadcrumb":{"@id":"https:\/\/agenciabrasil.ebc.com.br\/internacional\/noticia\/2026-09\/aviao-f-4-grego-cai-durante-show-aereo-perto-de-atenas#breadcrumb"},"inLanguage":"pt-BR","potentialAction":[{"@type":"ReadAction","target":["https:\/\/agenciabrasil.ebc.com.br\/internacional\/noticia\/2026-09\/aviao-f-4-grego-cai-durante-show-aereo-perto-de-atenas"]}]},{"@type":"BreadcrumbList","@id":"https:\/\/agenciabrasil.ebc.com.br\/internacional\/noticia\/2026-09\/aviao-f-4-grego-cai-durante-show-aereo-perto-de-atenas#breadcrumb","itemListElement":[{"@type":"ListItem","position":1,"name":"In\u00edcio","item":"https:\/\/mrnews.com.br\/"},{"@type":"ListItem","position":2,"name":"Avi\u00e3o F-4 grego cai durante show a\u00e9reo perto de Atenas"}]},{"@type":"WebSite","@id":"https:\/\/mrnews.com.br\/#website","url":"https:\/\/mrnews.com.br\/","name":"MRNews","description":"MRNews Jogos de hoje da TV, transmiss\u00f5es ao vivo, Not\u00edcias de futebol, Jogos ao vivo, Lives, resumo de novelas, Programa\u00e7\u00e3o da Globo, A Fazenda e BBB","publisher":{"@id":"https:\/\/mrnews.com.br\/#organization"},"potentialAction":[{"@type":"SearchAction","target":{"@type":"EntryPoint","urlTemplate":"https:\/\/mrnews.com.br\/?s={search_term_string}"},"query-input":{"@type":"PropertyValueSpecification","valueRequired":true,"valueName":"search_term_string"}}],"inLanguage":"pt-BR"},{"@type":"Organization","@id":"https:\/\/mrnews.com.br\/#organization","name":"MRNews","url":"https:\/\/mrnews.com.br\/","logo":{"@type":"ImageObject","inLanguage":"pt-BR","@id":"https:\/\/mrnews.com.br\/#\/schema\/logo\/image\/","url":"https:\/\/mrnews.com.br\/wp-content\/uploads\/2026\/08\/MRNEws.png","contentUrl":"https:\/\/mrnews.com.br\/wp-content\/uploads\/2026\/08\/MRNEws.png","width":1254,"height":1254,"caption":"MRNews"},"image":{"@id":"https:\/\/mrnews.com.br\/#\/schema\/logo\/image\/"},"sameAs":["https:\/\/www.facebook.com\/eaipahpah\/?locale2=pt_BR","https:\/\/x.com\/conspirou","https:\/\/www.instagram.com\/eai_pahpah","https:\/\/br.pinterest.com\/mrnewsn\/boards\/","https:\/\/www.youtube.com\/channel\/UCacgnpznQ61fifLWr1tQ-vA?view_as=subscriber"]},{"@type":"Person","@id":"https:\/\/mrnews.com.br\/#\/schema\/person\/2f073f2d87903a2ff9a065e41bbf17d4","name":"Fernando Corraa","image":{"@type":"ImageObject","inLanguage":"pt-BR","@id":"https:\/\/secure.gravatar.com\/avatar\/9069acb0e588c9f4346ba747284aef18a5faaab575e89e9ccc64e315003f0b82?s=96&d=monsterid&r=g","url":"https:\/\/secure.gravatar.com\/avatar\/9069acb0e588c9f4346ba747284aef18a5faaab575e89e9ccc64e315003f0b82?s=96&d=monsterid&r=g","contentUrl":"https:\/\/secure.gravatar.com\/avatar\/9069acb0e588c9f4346ba747284aef18a5faaab575e89e9ccc64e315003f0b82?s=96&d=monsterid&r=g","caption":"Fernando Corraa"},"url":"https:\/\/mrnews.com.br\/index.php\/author\/fernando-corraa\/"}]}},"jetpack_sharing_enabled":true,"jetpack_shortlink":"https:\/\/wp.me\/pa2Qf7-1Xhh","amp_enabled":true,"jetpack_featured_media_url":"","_links":{"self":[{"href":"https:\/\/mrnews.com.br\/index.php\/wp-json\/wp\/v2\/posts\/466195","targetHints":{"allow":["GET"]}}],"collection":[{"href":"https:\/\/mrnews.com.br\/index.php\/wp-json\/wp\/v2\/posts"}],"about":[{"href":"https:\/\/mrnews.com.br\/index.php\/wp-json\/wp\/v2\/types\/post"}],"author":[{"embeddable":true,"href":"https:\/\/mrnews.com.br\/index.php\/wp-json\/wp\/v2\/users\/39"}],"replies":[{"embeddable":true,"href":"https:\/\/mrnews.com.br\/index.php\/wp-json\/wp\/v2\/comments?post=466195"}],"version-history":[{"count":0,"href":"https:\/\/mrnews.com.br\/index.php\/wp-json\/wp\/v2\/posts\/466195\/revisions"}],"wp:attachment":[{"href":"https:\/\/mrnews.com.br\/index.php\/wp-json\/wp\/v2\/media?parent=466195"}],"wp:term":[{"taxonomy":"category","embeddable":true,"href":"https:\/\/mrnews.com.br\/index.php\/wp-json\/wp\/v2\/categories?post=466195"},{"taxonomy":"post_tag","embeddable":true,"href":"https:\/\/mrnews.com.br\/index.php\/wp-json\/wp\/v2\/tags?post=466195"}],"curies":[{"name":"wp","href":"https:\/\/api.w.org\/{rel}","templated":true}]}}