{"id":466198,"date":"2026-09-05T15:41:05","date_gmt":"2026-09-05T18:41:05","guid":{"rendered":"https:\/\/mrnews.com.br\/index.php\/2026\/09\/05\/peru-declara-estado-de-emergencia-em-cinco-presidios-de-alta-seguranca\/"},"modified":"2026-09-05T15:41:05","modified_gmt":"2026-09-05T18:41:05","slug":"peru-declara-estado-de-emergencia-em-cinco-presidios-de-alta-seguranca","status":"publish","type":"post","link":"https:\/\/mrnews.com.br\/index.php\/2026\/09\/05\/peru-declara-estado-de-emergencia-em-cinco-presidios-de-alta-seguranca\/","title":{"rendered":"Peru declara estado de emerg\u00eancia em cinco pres\u00eddios de alta seguran\u00e7a"},"content":{"rendered":"<p>Por EBC, <\/p>\n<div>\n<p>O Peru declarou neste s\u00e1bado (5) estado de emerg\u00eancia em cinco pres\u00eddios de alta seguran\u00e7a, permitindo que a pol\u00edcia e as for\u00e7as militares assumissem o controle das instala\u00e7\u00f5es em resposta \u00e0s preocupa\u00e7\u00f5es dos cidad\u00e3os com a seguran\u00e7a. A medida foi adotada\u00a0em decreto do governo. \u00a0<\/p>\n<p>A medida, com dura\u00e7\u00e3o de 60 dias, foi emitida\u00a0pelo governo da presidente Keiko Fujimori, que assumiu o cargo no final de julho. O objetivo \u00e9 combater organiza\u00e7\u00f5es criminosas que operam de dentro das pris\u00f5es.<\/p>\n<p>As cinco pris\u00f5es inclu\u00eddas\u00a0na\u00a0ordem de emerg\u00eancia abrigam cerca de 50% dos detentos ligados a organiza\u00e7\u00f5es criminosas, informou o governo.<\/p>\n<p>As for\u00e7as militares e policiais estar\u00e3o autorizadas a tomar medidas para proteger o espa\u00e7o a\u00e9reo e o espectro eletromagn\u00e9tico nas imedia\u00e7\u00f5es das pris\u00f5es.<\/p>\n<p>A taxa de homic\u00eddios no Peru subiu para 10,7 por 100 mil habitantes no ano passado, ante 10,1 em 2024, segundo dados oficiais.<\/p>\n<p>No domingo anterior, homens armados disfar\u00e7ados de policiais mataram quatro pessoas e sequestraram um empres\u00e1rio do setor de minera\u00e7\u00e3o no norte do pa\u00eds. Ele foi libertado horas depois, ap\u00f3s o pagamento de um resgate, disse\u00a0a pol\u00edcia.<\/p>\n<p>O governo solicitou ao Congresso poderes legislativos por 120 dias para classificar organiza\u00e7\u00f5es criminosas como \u201cterroristas\u201d, mas a oposi\u00e7\u00e3o levantou obje\u00e7\u00f5es ao pedido.<\/p>\n<p><em><strong>*\u00c9 proibida a reprodu\u00e7\u00e3o deste conte\u00fado.<\/strong><\/em><\/p>\n<p>      <!-- Relacionada --><\/p>\n<p>            <!-- Relacionada -->\n    <\/div>\n","protected":false},"excerpt":{"rendered":"<p>Por EBC, O Peru declarou neste s\u00e1bado (5) estado de emerg\u00eancia em cinco pres\u00eddios de alta seguran\u00e7a, permitindo que a pol\u00edcia e as for\u00e7as militares assumissem o controle das instala\u00e7\u00f5es em resposta \u00e0s preocupa\u00e7\u00f5es dos cidad\u00e3os com a seguran\u00e7a. A medida foi adotada\u00a0em decreto do governo. \u00a0 A medida, com dura\u00e7\u00e3o de 60 dias, foi &hellip;<\/p>\n","protected":false},"author":39,"featured_media":0,"comment_status":"open","ping_status":"open","sticky":false,"template":"","format":"standard","meta":{"_jetpack_newsletter_access":"","_jetpack_dont_email_post_to_subs":false,"_jetpack_newsletter_tier_id":0,"_jetpack_memberships_contains_paywalled_content":false,"_jetpack_feature_clip_id":0,"_jetpack_memberships_contains_paid_content":false,"footnotes":"","jetpack_post_was_ever_published":false},"categories":[4],"tags":[],"class_list":["post-466198","post","type-post","status-publish","format-standard","hentry","category-servicos"],"yoast_head":"<!-- This site is optimized with the Yoast SEO plugin v28.4 - https:\/\/yoast.com\/product\/yoast-seo-wordpress\/ -->\n<title>Peru declara estado de emerg\u00eancia em cinco pres\u00eddios de alta seguran\u00e7a<\/title>\n<meta name=\"robots\" content=\"index, follow, max-snippet:-1, max-image-preview:large, max-video-preview:-1\" \/>\n<link rel=\"canonical\" href=\"https:\/\/agenciabrasil.ebc.com.br\/internacional\/noticia\/2026-09\/peru-declara-estado-de-emergencia-em-cinco-presidios-de-alta-seguranca\" \/>\n<meta property=\"og:locale\" content=\"pt_BR\" \/>\n<meta property=\"og:type\" content=\"article\" \/>\n<meta property=\"og:title\" content=\"Peru declara estado de emerg\u00eancia em cinco pres\u00eddios de alta seguran\u00e7a\" \/>\n<meta property=\"og:description\" content=\"Por EBC, O Peru declarou neste s\u00e1bado (5) estado de emerg\u00eancia em cinco pres\u00eddios de alta seguran\u00e7a, permitindo que a pol\u00edcia e as for\u00e7as militares assumissem o controle das instala\u00e7\u00f5es em resposta \u00e0s preocupa\u00e7\u00f5es dos cidad\u00e3os com a seguran\u00e7a. A medida foi adotada\u00a0em decreto do governo. \u00a0 A medida, com dura\u00e7\u00e3o de 60 dias, foi &hellip;\" \/>\n<meta property=\"og:url\" content=\"https:\/\/agenciabrasil.ebc.com.br\/internacional\/noticia\/2026-09\/peru-declara-estado-de-emergencia-em-cinco-presidios-de-alta-seguranca\" \/>\n<meta property=\"og:site_name\" content=\"MRNews\" \/>\n<meta property=\"article:publisher\" content=\"https:\/\/www.facebook.com\/eaipahpah\/?locale2=pt_BR\" \/>\n<meta property=\"article:published_time\" content=\"2026-09-05T18:41:05+00:00\" \/>\n<meta name=\"author\" content=\"Fernando Corraa\" \/>\n<meta name=\"twitter:card\" content=\"summary_large_image\" \/>\n<meta name=\"twitter:creator\" content=\"@conspirou\" \/>\n<meta name=\"twitter:site\" content=\"@conspirou\" \/>\n<meta name=\"twitter:label1\" content=\"Escrito por\" \/>\n\t<meta name=\"twitter:data1\" content=\"Fernando Corraa\" \/>\n\t<meta name=\"twitter:label2\" content=\"Est. tempo de leitura\" \/>\n\t<meta name=\"twitter:data2\" content=\"1 minuto\" \/>\n<script type=\"application\/ld+json\" class=\"yoast-schema-graph\">{\"@context\":\"https:\\\/\\\/schema.org\",\"@graph\":[{\"@type\":\"Article\",\"@id\":\"https:\\\/\\\/agenciabrasil.ebc.com.br\\\/internacional\\\/noticia\\\/2026-09\\\/peru-declara-estado-de-emergencia-em-cinco-presidios-de-alta-seguranca#article\",\"isPartOf\":{\"@id\":\"https:\\\/\\\/mrnews.com.br\\\/index.php\\\/2026\\\/09\\\/05\\\/peru-declara-estado-de-emergencia-em-cinco-presidios-de-alta-seguranca\\\/\"},\"author\":{\"name\":\"Fernando Corraa\",\"@id\":\"https:\\\/\\\/mrnews.com.br\\\/#\\\/schema\\\/person\\\/2f073f2d87903a2ff9a065e41bbf17d4\"},\"headline\":\"Peru declara estado de emerg\u00eancia em cinco pres\u00eddios de alta seguran\u00e7a\",\"datePublished\":\"2026-09-05T18:41:05+00:00\",\"mainEntityOfPage\":{\"@id\":\"https:\\\/\\\/mrnews.com.br\\\/index.php\\\/2026\\\/09\\\/05\\\/peru-declara-estado-de-emergencia-em-cinco-presidios-de-alta-seguranca\\\/\"},\"wordCount\":255,\"commentCount\":0,\"publisher\":{\"@id\":\"https:\\\/\\\/mrnews.com.br\\\/#organization\"},\"articleSection\":[\"SERVI\u00c7OS\"],\"inLanguage\":\"pt-BR\",\"potentialAction\":[{\"@type\":\"CommentAction\",\"name\":\"Comment\",\"target\":[\"https:\\\/\\\/agenciabrasil.ebc.com.br\\\/internacional\\\/noticia\\\/2026-09\\\/peru-declara-estado-de-emergencia-em-cinco-presidios-de-alta-seguranca#respond\"]}]},{\"@type\":\"WebPage\",\"@id\":\"https:\\\/\\\/mrnews.com.br\\\/index.php\\\/2026\\\/09\\\/05\\\/peru-declara-estado-de-emergencia-em-cinco-presidios-de-alta-seguranca\\\/\",\"url\":\"https:\\\/\\\/agenciabrasil.ebc.com.br\\\/internacional\\\/noticia\\\/2026-09\\\/peru-declara-estado-de-emergencia-em-cinco-presidios-de-alta-seguranca\",\"name\":\"Peru declara estado de emerg\u00eancia em cinco pres\u00eddios de alta seguran\u00e7a\",\"isPartOf\":{\"@id\":\"https:\\\/\\\/mrnews.com.br\\\/#website\"},\"datePublished\":\"2026-09-05T18:41:05+00:00\",\"breadcrumb\":{\"@id\":\"https:\\\/\\\/agenciabrasil.ebc.com.br\\\/internacional\\\/noticia\\\/2026-09\\\/peru-declara-estado-de-emergencia-em-cinco-presidios-de-alta-seguranca#breadcrumb\"},\"inLanguage\":\"pt-BR\",\"potentialAction\":[{\"@type\":\"ReadAction\",\"target\":[\"https:\\\/\\\/agenciabrasil.ebc.com.br\\\/internacional\\\/noticia\\\/2026-09\\\/peru-declara-estado-de-emergencia-em-cinco-presidios-de-alta-seguranca\"]}]},{\"@type\":\"BreadcrumbList\",\"@id\":\"https:\\\/\\\/agenciabrasil.ebc.com.br\\\/internacional\\\/noticia\\\/2026-09\\\/peru-declara-estado-de-emergencia-em-cinco-presidios-de-alta-seguranca#breadcrumb\",\"itemListElement\":[{\"@type\":\"ListItem\",\"position\":1,\"name\":\"In\u00edcio\",\"item\":\"https:\\\/\\\/mrnews.com.br\\\/\"},{\"@type\":\"ListItem\",\"position\":2,\"name\":\"Peru declara estado de emerg\u00eancia em cinco pres\u00eddios de alta seguran\u00e7a\"}]},{\"@type\":\"WebSite\",\"@id\":\"https:\\\/\\\/mrnews.com.br\\\/#website\",\"url\":\"https:\\\/\\\/mrnews.com.br\\\/\",\"name\":\"MRNews\",\"description\":\"MRNews Jogos de hoje da TV, transmiss\u00f5es ao vivo, Not\u00edcias de futebol, Jogos ao vivo, Lives, resumo de novelas, Programa\u00e7\u00e3o da Globo, A Fazenda e BBB\",\"publisher\":{\"@id\":\"https:\\\/\\\/mrnews.com.br\\\/#organization\"},\"potentialAction\":[{\"@type\":\"SearchAction\",\"target\":{\"@type\":\"EntryPoint\",\"urlTemplate\":\"https:\\\/\\\/mrnews.com.br\\\/?s={search_term_string}\"},\"query-input\":{\"@type\":\"PropertyValueSpecification\",\"valueRequired\":true,\"valueName\":\"search_term_string\"}}],\"inLanguage\":\"pt-BR\"},{\"@type\":\"Organization\",\"@id\":\"https:\\\/\\\/mrnews.com.br\\\/#organization\",\"name\":\"MRNews\",\"url\":\"https:\\\/\\\/mrnews.com.br\\\/\",\"logo\":{\"@type\":\"ImageObject\",\"inLanguage\":\"pt-BR\",\"@id\":\"https:\\\/\\\/mrnews.com.br\\\/#\\\/schema\\\/logo\\\/image\\\/\",\"url\":\"https:\\\/\\\/mrnews.com.br\\\/wp-content\\\/uploads\\\/2026\\\/08\\\/MRNEws.png\",\"contentUrl\":\"https:\\\/\\\/mrnews.com.br\\\/wp-content\\\/uploads\\\/2026\\\/08\\\/MRNEws.png\",\"width\":1254,\"height\":1254,\"caption\":\"MRNews\"},\"image\":{\"@id\":\"https:\\\/\\\/mrnews.com.br\\\/#\\\/schema\\\/logo\\\/image\\\/\"},\"sameAs\":[\"https:\\\/\\\/www.facebook.com\\\/eaipahpah\\\/?locale2=pt_BR\",\"https:\\\/\\\/x.com\\\/conspirou\",\"https:\\\/\\\/www.instagram.com\\\/eai_pahpah\",\"https:\\\/\\\/br.pinterest.com\\\/mrnewsn\\\/boards\\\/\",\"https:\\\/\\\/www.youtube.com\\\/channel\\\/UCacgnpznQ61fifLWr1tQ-vA?view_as=subscriber\"]},{\"@type\":\"Person\",\"@id\":\"https:\\\/\\\/mrnews.com.br\\\/#\\\/schema\\\/person\\\/2f073f2d87903a2ff9a065e41bbf17d4\",\"name\":\"Fernando Corraa\",\"image\":{\"@type\":\"ImageObject\",\"inLanguage\":\"pt-BR\",\"@id\":\"https:\\\/\\\/secure.gravatar.com\\\/avatar\\\/9069acb0e588c9f4346ba747284aef18a5faaab575e89e9ccc64e315003f0b82?s=96&d=monsterid&r=g\",\"url\":\"https:\\\/\\\/secure.gravatar.com\\\/avatar\\\/9069acb0e588c9f4346ba747284aef18a5faaab575e89e9ccc64e315003f0b82?s=96&d=monsterid&r=g\",\"contentUrl\":\"https:\\\/\\\/secure.gravatar.com\\\/avatar\\\/9069acb0e588c9f4346ba747284aef18a5faaab575e89e9ccc64e315003f0b82?s=96&d=monsterid&r=g\",\"caption\":\"Fernando Corraa\"},\"url\":\"https:\\\/\\\/mrnews.com.br\\\/index.php\\\/author\\\/fernando-corraa\\\/\"}]}<\/script>\n<!-- \/ Yoast SEO plugin. -->","yoast_head_json":{"title":"Peru declara estado de emerg\u00eancia em cinco pres\u00eddios de alta seguran\u00e7a","robots":{"index":"index","follow":"follow","max-snippet":"max-snippet:-1","max-image-preview":"max-image-preview:large","max-video-preview":"max-video-preview:-1"},"canonical":"https:\/\/agenciabrasil.ebc.com.br\/internacional\/noticia\/2026-09\/peru-declara-estado-de-emergencia-em-cinco-presidios-de-alta-seguranca","og_locale":"pt_BR","og_type":"article","og_title":"Peru declara estado de emerg\u00eancia em cinco pres\u00eddios de alta seguran\u00e7a","og_description":"Por EBC, O Peru declarou neste s\u00e1bado (5) estado de emerg\u00eancia em cinco pres\u00eddios de alta seguran\u00e7a, permitindo que a pol\u00edcia e as for\u00e7as militares assumissem o controle das instala\u00e7\u00f5es em resposta \u00e0s preocupa\u00e7\u00f5es dos cidad\u00e3os com a seguran\u00e7a. A medida foi adotada\u00a0em decreto do governo. \u00a0 A medida, com dura\u00e7\u00e3o de 60 dias, foi &hellip;","og_url":"https:\/\/agenciabrasil.ebc.com.br\/internacional\/noticia\/2026-09\/peru-declara-estado-de-emergencia-em-cinco-presidios-de-alta-seguranca","og_site_name":"MRNews","article_publisher":"https:\/\/www.facebook.com\/eaipahpah\/?locale2=pt_BR","article_published_time":"2026-09-05T18:41:05+00:00","author":"Fernando Corraa","twitter_card":"summary_large_image","twitter_creator":"@conspirou","twitter_site":"@conspirou","twitter_misc":{"Escrito por":"Fernando Corraa","Est. tempo de leitura":"1 minuto"},"schema":{"@context":"https:\/\/schema.org","@graph":[{"@type":"Article","@id":"https:\/\/agenciabrasil.ebc.com.br\/internacional\/noticia\/2026-09\/peru-declara-estado-de-emergencia-em-cinco-presidios-de-alta-seguranca#article","isPartOf":{"@id":"https:\/\/mrnews.com.br\/index.php\/2026\/09\/05\/peru-declara-estado-de-emergencia-em-cinco-presidios-de-alta-seguranca\/"},"author":{"name":"Fernando Corraa","@id":"https:\/\/mrnews.com.br\/#\/schema\/person\/2f073f2d87903a2ff9a065e41bbf17d4"},"headline":"Peru declara estado de emerg\u00eancia em cinco pres\u00eddios de alta seguran\u00e7a","datePublished":"2026-09-05T18:41:05+00:00","mainEntityOfPage":{"@id":"https:\/\/mrnews.com.br\/index.php\/2026\/09\/05\/peru-declara-estado-de-emergencia-em-cinco-presidios-de-alta-seguranca\/"},"wordCount":255,"commentCount":0,"publisher":{"@id":"https:\/\/mrnews.com.br\/#organization"},"articleSection":["SERVI\u00c7OS"],"inLanguage":"pt-BR","potentialAction":[{"@type":"CommentAction","name":"Comment","target":["https:\/\/agenciabrasil.ebc.com.br\/internacional\/noticia\/2026-09\/peru-declara-estado-de-emergencia-em-cinco-presidios-de-alta-seguranca#respond"]}]},{"@type":"WebPage","@id":"https:\/\/mrnews.com.br\/index.php\/2026\/09\/05\/peru-declara-estado-de-emergencia-em-cinco-presidios-de-alta-seguranca\/","url":"https:\/\/agenciabrasil.ebc.com.br\/internacional\/noticia\/2026-09\/peru-declara-estado-de-emergencia-em-cinco-presidios-de-alta-seguranca","name":"Peru declara estado de emerg\u00eancia em cinco pres\u00eddios de alta seguran\u00e7a","isPartOf":{"@id":"https:\/\/mrnews.com.br\/#website"},"datePublished":"2026-09-05T18:41:05+00:00","breadcrumb":{"@id":"https:\/\/agenciabrasil.ebc.com.br\/internacional\/noticia\/2026-09\/peru-declara-estado-de-emergencia-em-cinco-presidios-de-alta-seguranca#breadcrumb"},"inLanguage":"pt-BR","potentialAction":[{"@type":"ReadAction","target":["https:\/\/agenciabrasil.ebc.com.br\/internacional\/noticia\/2026-09\/peru-declara-estado-de-emergencia-em-cinco-presidios-de-alta-seguranca"]}]},{"@type":"BreadcrumbList","@id":"https:\/\/agenciabrasil.ebc.com.br\/internacional\/noticia\/2026-09\/peru-declara-estado-de-emergencia-em-cinco-presidios-de-alta-seguranca#breadcrumb","itemListElement":[{"@type":"ListItem","position":1,"name":"In\u00edcio","item":"https:\/\/mrnews.com.br\/"},{"@type":"ListItem","position":2,"name":"Peru declara estado de emerg\u00eancia em cinco pres\u00eddios de alta seguran\u00e7a"}]},{"@type":"WebSite","@id":"https:\/\/mrnews.com.br\/#website","url":"https:\/\/mrnews.com.br\/","name":"MRNews","description":"MRNews Jogos de hoje da TV, transmiss\u00f5es ao vivo, Not\u00edcias de futebol, Jogos ao vivo, Lives, resumo de novelas, Programa\u00e7\u00e3o da Globo, A Fazenda e BBB","publisher":{"@id":"https:\/\/mrnews.com.br\/#organization"},"potentialAction":[{"@type":"SearchAction","target":{"@type":"EntryPoint","urlTemplate":"https:\/\/mrnews.com.br\/?s={search_term_string}"},"query-input":{"@type":"PropertyValueSpecification","valueRequired":true,"valueName":"search_term_string"}}],"inLanguage":"pt-BR"},{"@type":"Organization","@id":"https:\/\/mrnews.com.br\/#organization","name":"MRNews","url":"https:\/\/mrnews.com.br\/","logo":{"@type":"ImageObject","inLanguage":"pt-BR","@id":"https:\/\/mrnews.com.br\/#\/schema\/logo\/image\/","url":"https:\/\/mrnews.com.br\/wp-content\/uploads\/2026\/08\/MRNEws.png","contentUrl":"https:\/\/mrnews.com.br\/wp-content\/uploads\/2026\/08\/MRNEws.png","width":1254,"height":1254,"caption":"MRNews"},"image":{"@id":"https:\/\/mrnews.com.br\/#\/schema\/logo\/image\/"},"sameAs":["https:\/\/www.facebook.com\/eaipahpah\/?locale2=pt_BR","https:\/\/x.com\/conspirou","https:\/\/www.instagram.com\/eai_pahpah","https:\/\/br.pinterest.com\/mrnewsn\/boards\/","https:\/\/www.youtube.com\/channel\/UCacgnpznQ61fifLWr1tQ-vA?view_as=subscriber"]},{"@type":"Person","@id":"https:\/\/mrnews.com.br\/#\/schema\/person\/2f073f2d87903a2ff9a065e41bbf17d4","name":"Fernando Corraa","image":{"@type":"ImageObject","inLanguage":"pt-BR","@id":"https:\/\/secure.gravatar.com\/avatar\/9069acb0e588c9f4346ba747284aef18a5faaab575e89e9ccc64e315003f0b82?s=96&d=monsterid&r=g","url":"https:\/\/secure.gravatar.com\/avatar\/9069acb0e588c9f4346ba747284aef18a5faaab575e89e9ccc64e315003f0b82?s=96&d=monsterid&r=g","contentUrl":"https:\/\/secure.gravatar.com\/avatar\/9069acb0e588c9f4346ba747284aef18a5faaab575e89e9ccc64e315003f0b82?s=96&d=monsterid&r=g","caption":"Fernando Corraa"},"url":"https:\/\/mrnews.com.br\/index.php\/author\/fernando-corraa\/"}]}},"jetpack_sharing_enabled":true,"jetpack_shortlink":"https:\/\/wp.me\/pa2Qf7-1Xhk","amp_enabled":true,"jetpack_featured_media_url":"","_links":{"self":[{"href":"https:\/\/mrnews.com.br\/index.php\/wp-json\/wp\/v2\/posts\/466198","targetHints":{"allow":["GET"]}}],"collection":[{"href":"https:\/\/mrnews.com.br\/index.php\/wp-json\/wp\/v2\/posts"}],"about":[{"href":"https:\/\/mrnews.com.br\/index.php\/wp-json\/wp\/v2\/types\/post"}],"author":[{"embeddable":true,"href":"https:\/\/mrnews.com.br\/index.php\/wp-json\/wp\/v2\/users\/39"}],"replies":[{"embeddable":true,"href":"https:\/\/mrnews.com.br\/index.php\/wp-json\/wp\/v2\/comments?post=466198"}],"version-history":[{"count":0,"href":"https:\/\/mrnews.com.br\/index.php\/wp-json\/wp\/v2\/posts\/466198\/revisions"}],"wp:attachment":[{"href":"https:\/\/mrnews.com.br\/index.php\/wp-json\/wp\/v2\/media?parent=466198"}],"wp:term":[{"taxonomy":"category","embeddable":true,"href":"https:\/\/mrnews.com.br\/index.php\/wp-json\/wp\/v2\/categories?post=466198"},{"taxonomy":"post_tag","embeddable":true,"href":"https:\/\/mrnews.com.br\/index.php\/wp-json\/wp\/v2\/tags?post=466198"}],"curies":[{"name":"wp","href":"https:\/\/api.w.org\/{rel}","templated":true}]}}