{"id":466199,"date":"2026-09-05T16:11:06","date_gmt":"2026-09-05T19:11:06","guid":{"rendered":"https:\/\/mrnews.com.br\/index.php\/2026\/09\/05\/ex-tecnico-da-selecao-parreira-recebe-alta-apos-80-dias-internado\/"},"modified":"2026-09-05T16:11:06","modified_gmt":"2026-09-05T19:11:06","slug":"ex-tecnico-da-selecao-parreira-recebe-alta-apos-80-dias-internado","status":"publish","type":"post","link":"https:\/\/mrnews.com.br\/index.php\/2026\/09\/05\/ex-tecnico-da-selecao-parreira-recebe-alta-apos-80-dias-internado\/","title":{"rendered":"Ex-t\u00e9cnico da Sele\u00e7\u00e3o, Parreira recebe alta ap\u00f3s 80 dias internado"},"content":{"rendered":"<p><\/p>\n<div>\n<p><strong>O ex-t\u00e9cnico da Sele\u00e7\u00e3o Brasileira de Futebol\u00a0Carlos Alberto Parreira, 83 anos, recebeu alta m\u00e9dica neste s\u00e1bado (5), depois de ficar 80 dias internado no Hospital Samaritano Barra, da Rede Am\u00e9ricas, no Rio de Janeiro. Ele foi internado para tratar uma inflama\u00e7\u00e3o pulmonar.<\/strong><\/p>\n<p>Segundo o hospital, Parreira\u00a0seguir\u00e1 em acompanhamento domiciliar e ambulatorial para monitoramento do estado geral de sa\u00fade. Durante o per\u00edodo de hospitaliza\u00e7\u00e3o, o ex-t\u00e9cnico foi acompanhado pela equipe do pneumologista Arthur Vianna e por profissionais multidisciplinares da unidade.<\/p>\n<p><strong>Em 2023, foi diagnosticado com\u00a0linfoma de Hodgkin \u2013 tipo de c\u00e2ncer que afeta o sistema de defesa do organismo. Desde 2025, segue com acompanhamento m\u00e9dico permanente.<\/strong><\/p>\n<h2>Trajet\u00f3ria<\/h2>\n<p>Professor de educa\u00e7\u00e3o f\u00edsica, formado pelo Ex\u00e9rcito, Parreira \u00e9 um dos nomes mais vitoriosos da hist\u00f3ria do futebol brasileiro.\u00a0Parreira foi preparador f\u00edsico da Sele\u00e7\u00e3o no tricampeonato mundial de 1970 e t\u00e9cnico do Brasil na conquista do tetracampeonato, em 1994.<\/p>\n<p>Tamb\u00e9m comandou a equipe nas Copas de 1986 e 2006 e foi coordenador t\u00e9cnico em 2014. Pela Sele\u00e7\u00e3o, conquistou ainda a Copa Am\u00e9rica de 2004 e a Copa das Confedera\u00e7\u00f5es de 2005.<\/p>\n<p>      <!-- Relacionada --><\/p>\n<p>            <!-- Relacionada -->\n    <\/div>\n","protected":false},"excerpt":{"rendered":"<p>O ex-t\u00e9cnico da Sele\u00e7\u00e3o Brasileira de Futebol\u00a0Carlos Alberto Parreira, 83 anos, recebeu alta m\u00e9dica neste s\u00e1bado (5), depois de ficar 80 dias internado no Hospital Samaritano Barra, da Rede Am\u00e9ricas, no Rio de Janeiro. Ele foi internado para tratar uma inflama\u00e7\u00e3o pulmonar. Segundo o hospital, Parreira\u00a0seguir\u00e1 em acompanhamento domiciliar e ambulatorial para monitoramento do estado &hellip;<\/p>\n","protected":false},"author":39,"featured_media":0,"comment_status":"open","ping_status":"open","sticky":false,"template":"","format":"standard","meta":{"_jetpack_newsletter_access":"","_jetpack_dont_email_post_to_subs":false,"_jetpack_newsletter_tier_id":0,"_jetpack_memberships_contains_paywalled_content":false,"_jetpack_feature_clip_id":0,"_jetpack_memberships_contains_paid_content":false,"footnotes":"","jetpack_post_was_ever_published":false},"categories":[3,4587,4],"tags":[],"class_list":["post-466199","post","type-post","status-publish","format-standard","hentry","category-esportes1","category-esportes","category-servicos"],"yoast_head":"<!-- This site is optimized with the Yoast SEO plugin v28.4 - https:\/\/yoast.com\/product\/yoast-seo-wordpress\/ -->\n<title>Ex-t\u00e9cnico da Sele\u00e7\u00e3o, Parreira recebe alta ap\u00f3s 80 dias internado<\/title>\n<meta name=\"robots\" content=\"index, follow, max-snippet:-1, max-image-preview:large, max-video-preview:-1\" \/>\n<link rel=\"canonical\" href=\"https:\/\/agenciabrasil.ebc.com.br\/esportes\/noticia\/2026-09\/ex-tecnico-da-selecao-parreira-recebe-alta-apos-80-dias-internado\" \/>\n<meta property=\"og:locale\" content=\"pt_BR\" \/>\n<meta property=\"og:type\" content=\"article\" \/>\n<meta property=\"og:title\" content=\"Ex-t\u00e9cnico da Sele\u00e7\u00e3o, Parreira recebe alta ap\u00f3s 80 dias internado\" \/>\n<meta property=\"og:description\" content=\"O ex-t\u00e9cnico da Sele\u00e7\u00e3o Brasileira de Futebol\u00a0Carlos Alberto Parreira, 83 anos, recebeu alta m\u00e9dica neste s\u00e1bado (5), depois de ficar 80 dias internado no Hospital Samaritano Barra, da Rede Am\u00e9ricas, no Rio de Janeiro. Ele foi internado para tratar uma inflama\u00e7\u00e3o pulmonar. Segundo o hospital, Parreira\u00a0seguir\u00e1 em acompanhamento domiciliar e ambulatorial para monitoramento do estado &hellip;\" \/>\n<meta property=\"og:url\" content=\"https:\/\/agenciabrasil.ebc.com.br\/esportes\/noticia\/2026-09\/ex-tecnico-da-selecao-parreira-recebe-alta-apos-80-dias-internado\" \/>\n<meta property=\"og:site_name\" content=\"MRNews\" \/>\n<meta property=\"article:publisher\" content=\"https:\/\/www.facebook.com\/eaipahpah\/?locale2=pt_BR\" \/>\n<meta property=\"article:published_time\" content=\"2026-09-05T19:11:06+00:00\" \/>\n<meta name=\"author\" content=\"Fernando Corraa\" \/>\n<meta name=\"twitter:card\" content=\"summary_large_image\" \/>\n<meta name=\"twitter:creator\" content=\"@conspirou\" \/>\n<meta name=\"twitter:site\" content=\"@conspirou\" \/>\n<meta name=\"twitter:label1\" content=\"Escrito por\" \/>\n\t<meta name=\"twitter:data1\" content=\"Fernando Corraa\" \/>\n\t<meta name=\"twitter:label2\" content=\"Est. tempo de leitura\" \/>\n\t<meta name=\"twitter:data2\" content=\"1 minuto\" \/>\n<script type=\"application\/ld+json\" class=\"yoast-schema-graph\">{\"@context\":\"https:\\\/\\\/schema.org\",\"@graph\":[{\"@type\":\"Article\",\"@id\":\"https:\\\/\\\/agenciabrasil.ebc.com.br\\\/esportes\\\/noticia\\\/2026-09\\\/ex-tecnico-da-selecao-parreira-recebe-alta-apos-80-dias-internado#article\",\"isPartOf\":{\"@id\":\"https:\\\/\\\/mrnews.com.br\\\/index.php\\\/2026\\\/09\\\/05\\\/ex-tecnico-da-selecao-parreira-recebe-alta-apos-80-dias-internado\\\/\"},\"author\":{\"name\":\"Fernando Corraa\",\"@id\":\"https:\\\/\\\/mrnews.com.br\\\/#\\\/schema\\\/person\\\/2f073f2d87903a2ff9a065e41bbf17d4\"},\"headline\":\"Ex-t\u00e9cnico da Sele\u00e7\u00e3o, Parreira recebe alta ap\u00f3s 80 dias internado\",\"datePublished\":\"2026-09-05T19:11:06+00:00\",\"mainEntityOfPage\":{\"@id\":\"https:\\\/\\\/mrnews.com.br\\\/index.php\\\/2026\\\/09\\\/05\\\/ex-tecnico-da-selecao-parreira-recebe-alta-apos-80-dias-internado\\\/\"},\"wordCount\":204,\"commentCount\":0,\"publisher\":{\"@id\":\"https:\\\/\\\/mrnews.com.br\\\/#organization\"},\"articleSection\":[\"ESPORTES\",\"Esportes\",\"SERVI\u00c7OS\"],\"inLanguage\":\"pt-BR\",\"potentialAction\":[{\"@type\":\"CommentAction\",\"name\":\"Comment\",\"target\":[\"https:\\\/\\\/agenciabrasil.ebc.com.br\\\/esportes\\\/noticia\\\/2026-09\\\/ex-tecnico-da-selecao-parreira-recebe-alta-apos-80-dias-internado#respond\"]}]},{\"@type\":\"WebPage\",\"@id\":\"https:\\\/\\\/mrnews.com.br\\\/index.php\\\/2026\\\/09\\\/05\\\/ex-tecnico-da-selecao-parreira-recebe-alta-apos-80-dias-internado\\\/\",\"url\":\"https:\\\/\\\/agenciabrasil.ebc.com.br\\\/esportes\\\/noticia\\\/2026-09\\\/ex-tecnico-da-selecao-parreira-recebe-alta-apos-80-dias-internado\",\"name\":\"Ex-t\u00e9cnico da Sele\u00e7\u00e3o, Parreira recebe alta ap\u00f3s 80 dias internado\",\"isPartOf\":{\"@id\":\"https:\\\/\\\/mrnews.com.br\\\/#website\"},\"datePublished\":\"2026-09-05T19:11:06+00:00\",\"breadcrumb\":{\"@id\":\"https:\\\/\\\/agenciabrasil.ebc.com.br\\\/esportes\\\/noticia\\\/2026-09\\\/ex-tecnico-da-selecao-parreira-recebe-alta-apos-80-dias-internado#breadcrumb\"},\"inLanguage\":\"pt-BR\",\"potentialAction\":[{\"@type\":\"ReadAction\",\"target\":[\"https:\\\/\\\/agenciabrasil.ebc.com.br\\\/esportes\\\/noticia\\\/2026-09\\\/ex-tecnico-da-selecao-parreira-recebe-alta-apos-80-dias-internado\"]}]},{\"@type\":\"BreadcrumbList\",\"@id\":\"https:\\\/\\\/agenciabrasil.ebc.com.br\\\/esportes\\\/noticia\\\/2026-09\\\/ex-tecnico-da-selecao-parreira-recebe-alta-apos-80-dias-internado#breadcrumb\",\"itemListElement\":[{\"@type\":\"ListItem\",\"position\":1,\"name\":\"In\u00edcio\",\"item\":\"https:\\\/\\\/mrnews.com.br\\\/\"},{\"@type\":\"ListItem\",\"position\":2,\"name\":\"Ex-t\u00e9cnico da Sele\u00e7\u00e3o, Parreira recebe alta ap\u00f3s 80 dias internado\"}]},{\"@type\":\"WebSite\",\"@id\":\"https:\\\/\\\/mrnews.com.br\\\/#website\",\"url\":\"https:\\\/\\\/mrnews.com.br\\\/\",\"name\":\"MRNews\",\"description\":\"MRNews Jogos de hoje da TV, transmiss\u00f5es ao vivo, Not\u00edcias de futebol, Jogos ao vivo, Lives, resumo de novelas, Programa\u00e7\u00e3o da Globo, A Fazenda e BBB\",\"publisher\":{\"@id\":\"https:\\\/\\\/mrnews.com.br\\\/#organization\"},\"potentialAction\":[{\"@type\":\"SearchAction\",\"target\":{\"@type\":\"EntryPoint\",\"urlTemplate\":\"https:\\\/\\\/mrnews.com.br\\\/?s={search_term_string}\"},\"query-input\":{\"@type\":\"PropertyValueSpecification\",\"valueRequired\":true,\"valueName\":\"search_term_string\"}}],\"inLanguage\":\"pt-BR\"},{\"@type\":\"Organization\",\"@id\":\"https:\\\/\\\/mrnews.com.br\\\/#organization\",\"name\":\"MRNews\",\"url\":\"https:\\\/\\\/mrnews.com.br\\\/\",\"logo\":{\"@type\":\"ImageObject\",\"inLanguage\":\"pt-BR\",\"@id\":\"https:\\\/\\\/mrnews.com.br\\\/#\\\/schema\\\/logo\\\/image\\\/\",\"url\":\"https:\\\/\\\/mrnews.com.br\\\/wp-content\\\/uploads\\\/2026\\\/08\\\/MRNEws.png\",\"contentUrl\":\"https:\\\/\\\/mrnews.com.br\\\/wp-content\\\/uploads\\\/2026\\\/08\\\/MRNEws.png\",\"width\":1254,\"height\":1254,\"caption\":\"MRNews\"},\"image\":{\"@id\":\"https:\\\/\\\/mrnews.com.br\\\/#\\\/schema\\\/logo\\\/image\\\/\"},\"sameAs\":[\"https:\\\/\\\/www.facebook.com\\\/eaipahpah\\\/?locale2=pt_BR\",\"https:\\\/\\\/x.com\\\/conspirou\",\"https:\\\/\\\/www.instagram.com\\\/eai_pahpah\",\"https:\\\/\\\/br.pinterest.com\\\/mrnewsn\\\/boards\\\/\",\"https:\\\/\\\/www.youtube.com\\\/channel\\\/UCacgnpznQ61fifLWr1tQ-vA?view_as=subscriber\"]},{\"@type\":\"Person\",\"@id\":\"https:\\\/\\\/mrnews.com.br\\\/#\\\/schema\\\/person\\\/2f073f2d87903a2ff9a065e41bbf17d4\",\"name\":\"Fernando Corraa\",\"image\":{\"@type\":\"ImageObject\",\"inLanguage\":\"pt-BR\",\"@id\":\"https:\\\/\\\/secure.gravatar.com\\\/avatar\\\/9069acb0e588c9f4346ba747284aef18a5faaab575e89e9ccc64e315003f0b82?s=96&d=monsterid&r=g\",\"url\":\"https:\\\/\\\/secure.gravatar.com\\\/avatar\\\/9069acb0e588c9f4346ba747284aef18a5faaab575e89e9ccc64e315003f0b82?s=96&d=monsterid&r=g\",\"contentUrl\":\"https:\\\/\\\/secure.gravatar.com\\\/avatar\\\/9069acb0e588c9f4346ba747284aef18a5faaab575e89e9ccc64e315003f0b82?s=96&d=monsterid&r=g\",\"caption\":\"Fernando Corraa\"},\"url\":\"https:\\\/\\\/mrnews.com.br\\\/index.php\\\/author\\\/fernando-corraa\\\/\"}]}<\/script>\n<!-- \/ Yoast SEO plugin. -->","yoast_head_json":{"title":"Ex-t\u00e9cnico da Sele\u00e7\u00e3o, Parreira recebe alta ap\u00f3s 80 dias internado","robots":{"index":"index","follow":"follow","max-snippet":"max-snippet:-1","max-image-preview":"max-image-preview:large","max-video-preview":"max-video-preview:-1"},"canonical":"https:\/\/agenciabrasil.ebc.com.br\/esportes\/noticia\/2026-09\/ex-tecnico-da-selecao-parreira-recebe-alta-apos-80-dias-internado","og_locale":"pt_BR","og_type":"article","og_title":"Ex-t\u00e9cnico da Sele\u00e7\u00e3o, Parreira recebe alta ap\u00f3s 80 dias internado","og_description":"O ex-t\u00e9cnico da Sele\u00e7\u00e3o Brasileira de Futebol\u00a0Carlos Alberto Parreira, 83 anos, recebeu alta m\u00e9dica neste s\u00e1bado (5), depois de ficar 80 dias internado no Hospital Samaritano Barra, da Rede Am\u00e9ricas, no Rio de Janeiro. Ele foi internado para tratar uma inflama\u00e7\u00e3o pulmonar. Segundo o hospital, Parreira\u00a0seguir\u00e1 em acompanhamento domiciliar e ambulatorial para monitoramento do estado &hellip;","og_url":"https:\/\/agenciabrasil.ebc.com.br\/esportes\/noticia\/2026-09\/ex-tecnico-da-selecao-parreira-recebe-alta-apos-80-dias-internado","og_site_name":"MRNews","article_publisher":"https:\/\/www.facebook.com\/eaipahpah\/?locale2=pt_BR","article_published_time":"2026-09-05T19:11:06+00:00","author":"Fernando Corraa","twitter_card":"summary_large_image","twitter_creator":"@conspirou","twitter_site":"@conspirou","twitter_misc":{"Escrito por":"Fernando Corraa","Est. tempo de leitura":"1 minuto"},"schema":{"@context":"https:\/\/schema.org","@graph":[{"@type":"Article","@id":"https:\/\/agenciabrasil.ebc.com.br\/esportes\/noticia\/2026-09\/ex-tecnico-da-selecao-parreira-recebe-alta-apos-80-dias-internado#article","isPartOf":{"@id":"https:\/\/mrnews.com.br\/index.php\/2026\/09\/05\/ex-tecnico-da-selecao-parreira-recebe-alta-apos-80-dias-internado\/"},"author":{"name":"Fernando Corraa","@id":"https:\/\/mrnews.com.br\/#\/schema\/person\/2f073f2d87903a2ff9a065e41bbf17d4"},"headline":"Ex-t\u00e9cnico da Sele\u00e7\u00e3o, Parreira recebe alta ap\u00f3s 80 dias internado","datePublished":"2026-09-05T19:11:06+00:00","mainEntityOfPage":{"@id":"https:\/\/mrnews.com.br\/index.php\/2026\/09\/05\/ex-tecnico-da-selecao-parreira-recebe-alta-apos-80-dias-internado\/"},"wordCount":204,"commentCount":0,"publisher":{"@id":"https:\/\/mrnews.com.br\/#organization"},"articleSection":["ESPORTES","Esportes","SERVI\u00c7OS"],"inLanguage":"pt-BR","potentialAction":[{"@type":"CommentAction","name":"Comment","target":["https:\/\/agenciabrasil.ebc.com.br\/esportes\/noticia\/2026-09\/ex-tecnico-da-selecao-parreira-recebe-alta-apos-80-dias-internado#respond"]}]},{"@type":"WebPage","@id":"https:\/\/mrnews.com.br\/index.php\/2026\/09\/05\/ex-tecnico-da-selecao-parreira-recebe-alta-apos-80-dias-internado\/","url":"https:\/\/agenciabrasil.ebc.com.br\/esportes\/noticia\/2026-09\/ex-tecnico-da-selecao-parreira-recebe-alta-apos-80-dias-internado","name":"Ex-t\u00e9cnico da Sele\u00e7\u00e3o, Parreira recebe alta ap\u00f3s 80 dias internado","isPartOf":{"@id":"https:\/\/mrnews.com.br\/#website"},"datePublished":"2026-09-05T19:11:06+00:00","breadcrumb":{"@id":"https:\/\/agenciabrasil.ebc.com.br\/esportes\/noticia\/2026-09\/ex-tecnico-da-selecao-parreira-recebe-alta-apos-80-dias-internado#breadcrumb"},"inLanguage":"pt-BR","potentialAction":[{"@type":"ReadAction","target":["https:\/\/agenciabrasil.ebc.com.br\/esportes\/noticia\/2026-09\/ex-tecnico-da-selecao-parreira-recebe-alta-apos-80-dias-internado"]}]},{"@type":"BreadcrumbList","@id":"https:\/\/agenciabrasil.ebc.com.br\/esportes\/noticia\/2026-09\/ex-tecnico-da-selecao-parreira-recebe-alta-apos-80-dias-internado#breadcrumb","itemListElement":[{"@type":"ListItem","position":1,"name":"In\u00edcio","item":"https:\/\/mrnews.com.br\/"},{"@type":"ListItem","position":2,"name":"Ex-t\u00e9cnico da Sele\u00e7\u00e3o, Parreira recebe alta ap\u00f3s 80 dias internado"}]},{"@type":"WebSite","@id":"https:\/\/mrnews.com.br\/#website","url":"https:\/\/mrnews.com.br\/","name":"MRNews","description":"MRNews Jogos de hoje da TV, transmiss\u00f5es ao vivo, Not\u00edcias de futebol, Jogos ao vivo, Lives, resumo de novelas, Programa\u00e7\u00e3o da Globo, A Fazenda e BBB","publisher":{"@id":"https:\/\/mrnews.com.br\/#organization"},"potentialAction":[{"@type":"SearchAction","target":{"@type":"EntryPoint","urlTemplate":"https:\/\/mrnews.com.br\/?s={search_term_string}"},"query-input":{"@type":"PropertyValueSpecification","valueRequired":true,"valueName":"search_term_string"}}],"inLanguage":"pt-BR"},{"@type":"Organization","@id":"https:\/\/mrnews.com.br\/#organization","name":"MRNews","url":"https:\/\/mrnews.com.br\/","logo":{"@type":"ImageObject","inLanguage":"pt-BR","@id":"https:\/\/mrnews.com.br\/#\/schema\/logo\/image\/","url":"https:\/\/mrnews.com.br\/wp-content\/uploads\/2026\/08\/MRNEws.png","contentUrl":"https:\/\/mrnews.com.br\/wp-content\/uploads\/2026\/08\/MRNEws.png","width":1254,"height":1254,"caption":"MRNews"},"image":{"@id":"https:\/\/mrnews.com.br\/#\/schema\/logo\/image\/"},"sameAs":["https:\/\/www.facebook.com\/eaipahpah\/?locale2=pt_BR","https:\/\/x.com\/conspirou","https:\/\/www.instagram.com\/eai_pahpah","https:\/\/br.pinterest.com\/mrnewsn\/boards\/","https:\/\/www.youtube.com\/channel\/UCacgnpznQ61fifLWr1tQ-vA?view_as=subscriber"]},{"@type":"Person","@id":"https:\/\/mrnews.com.br\/#\/schema\/person\/2f073f2d87903a2ff9a065e41bbf17d4","name":"Fernando Corraa","image":{"@type":"ImageObject","inLanguage":"pt-BR","@id":"https:\/\/secure.gravatar.com\/avatar\/9069acb0e588c9f4346ba747284aef18a5faaab575e89e9ccc64e315003f0b82?s=96&d=monsterid&r=g","url":"https:\/\/secure.gravatar.com\/avatar\/9069acb0e588c9f4346ba747284aef18a5faaab575e89e9ccc64e315003f0b82?s=96&d=monsterid&r=g","contentUrl":"https:\/\/secure.gravatar.com\/avatar\/9069acb0e588c9f4346ba747284aef18a5faaab575e89e9ccc64e315003f0b82?s=96&d=monsterid&r=g","caption":"Fernando Corraa"},"url":"https:\/\/mrnews.com.br\/index.php\/author\/fernando-corraa\/"}]}},"jetpack_sharing_enabled":true,"jetpack_shortlink":"https:\/\/wp.me\/pa2Qf7-1Xhl","amp_enabled":true,"jetpack_featured_media_url":"","_links":{"self":[{"href":"https:\/\/mrnews.com.br\/index.php\/wp-json\/wp\/v2\/posts\/466199","targetHints":{"allow":["GET"]}}],"collection":[{"href":"https:\/\/mrnews.com.br\/index.php\/wp-json\/wp\/v2\/posts"}],"about":[{"href":"https:\/\/mrnews.com.br\/index.php\/wp-json\/wp\/v2\/types\/post"}],"author":[{"embeddable":true,"href":"https:\/\/mrnews.com.br\/index.php\/wp-json\/wp\/v2\/users\/39"}],"replies":[{"embeddable":true,"href":"https:\/\/mrnews.com.br\/index.php\/wp-json\/wp\/v2\/comments?post=466199"}],"version-history":[{"count":0,"href":"https:\/\/mrnews.com.br\/index.php\/wp-json\/wp\/v2\/posts\/466199\/revisions"}],"wp:attachment":[{"href":"https:\/\/mrnews.com.br\/index.php\/wp-json\/wp\/v2\/media?parent=466199"}],"wp:term":[{"taxonomy":"category","embeddable":true,"href":"https:\/\/mrnews.com.br\/index.php\/wp-json\/wp\/v2\/categories?post=466199"},{"taxonomy":"post_tag","embeddable":true,"href":"https:\/\/mrnews.com.br\/index.php\/wp-json\/wp\/v2\/tags?post=466199"}],"curies":[{"name":"wp","href":"https:\/\/api.w.org\/{rel}","templated":true}]}}