{"id":466211,"date":"2026-09-05T20:46:59","date_gmt":"2026-09-05T23:46:59","guid":{"rendered":"https:\/\/mrnews.com.br\/?p=466211"},"modified":"2026-09-05T21:04:57","modified_gmt":"2026-09-06T00:04:57","slug":"comunicamos-o-falecimento-de-olivia-amaral","status":"publish","type":"post","link":"https:\/\/mrnews.com.br\/index.php\/2026\/09\/05\/comunicamos-o-falecimento-de-olivia-amaral\/","title":{"rendered":"Comunicamos o falecimento de Ol\u00edvia Amaral"},"content":{"rendered":"<h1>Comunicamos o falecimento de Ol\u00edvia Amaral \ud83d\udda4<\/h1>\n<p>A not\u00edcia do falecimento de <strong>Ol\u00edvia Aparecida Amaral Silva, aos 52 anos<\/strong>, causou como\u00e7\u00e3o no Tocantins nesta sexta-feira (4). Educadora, servidora e diretora acad\u00eamica, Ol\u00edvia morreu ap\u00f3s se envolver em um grave acidente de tr\u00e2nsito na regi\u00e3o sul do estado.<\/p>\n<p>O acidente aconteceu na <strong>TO-070, entre Formoso do Araguaia e Duer\u00e9<\/strong>, nas proximidades da ponte sobre o Rio Xavante. Segundo informa\u00e7\u00f5es divulgadas pelas autoridades e pela imprensa local, o ve\u00edculo em que Ol\u00edvia estava saiu da pista e capotou. Ela n\u00e3o resistiu aos ferimentos e morreu ainda no local.<\/p>\n<h2>Ol\u00edvia estava acompanhada do marido e do filho<\/h2>\n<p>No ve\u00edculo tamb\u00e9m estavam o marido de Ol\u00edvia, <strong>Renato Jayme da Silva<\/strong>, ex-secret\u00e1rio de Estado da Sa\u00fade e ex-presidente do Instituto Natureza do Tocantins (Naturatins), e um dos filhos do casal.<\/p>\n<p>Renato foi socorrido e encaminhado inicialmente para atendimento m\u00e9dico em Formoso do Araguaia. Posteriormente, foi levado ao Hospital Regional de Gurupi, onde permanecia internado em estado grave. O filho do casal tamb\u00e9m recebeu atendimento m\u00e9dico e, segundo informa\u00e7\u00f5es divulgadas, apresentava quadro est\u00e1vel.<\/p>\n<p>As circunst\u00e2ncias exatas que levaram \u00e0 sa\u00edda do ve\u00edculo da pista ainda dever\u00e3o ser esclarecidas pelas autoridades respons\u00e1veis pela investiga\u00e7\u00e3o.<\/p>\n<h2>Uma trajet\u00f3ria ligada \u00e0 educa\u00e7\u00e3o<\/h2>\n<p>Ol\u00edvia era conhecida por sua atua\u00e7\u00e3o profissional na \u00e1rea da educa\u00e7\u00e3o. Ela trabalhava como <strong>diretora acad\u00eamica da IB Consulting<\/strong>, institui\u00e7\u00e3o voltada \u00e0 forma\u00e7\u00e3o e capacita\u00e7\u00e3o profissional.<\/p>\n<p>Tamb\u00e9m teve passagem pela <strong>Ulbra Palmas<\/strong>, onde trabalhou ao lado do marido. A institui\u00e7\u00e3o publicou uma nota de pesar lamentando profundamente sua morte e manifestando solidariedade \u00e0 fam\u00edlia.<\/p>\n<p>A morte repentina de Ol\u00edvia provocou manifesta\u00e7\u00f5es de pesar de autoridades, pol\u00edticos, institui\u00e7\u00f5es e pessoas que tiveram contato com sua trajet\u00f3ria profissional e pessoal.<\/p>\n<h2>Autoridades lamentam a perda<\/h2>\n<p>O governador do Tocantins, <strong>Wanderlei Barbosa<\/strong>, manifestou pesar pela morte de Ol\u00edvia e solidariedade aos familiares. Em sua manifesta\u00e7\u00e3o, tamb\u00e9m pediu ora\u00e7\u00f5es pela recupera\u00e7\u00e3o de Renato Jayme, que permanecia hospitalizado ap\u00f3s o acidente.<\/p>\n<p>A senadora <strong>Professora Dorinha Seabra<\/strong> tamb\u00e9m prestou condol\u00eancias aos filhos, familiares e amigos de Ol\u00edvia, destacando a gravidade da perda e desejando a recupera\u00e7\u00e3o de Renato.<\/p>\n<p>Outras autoridades e representantes p\u00fablicos tamb\u00e9m divulgaram mensagens de solidariedade diante da trag\u00e9dia.<\/p>\n<h2>Como\u00e7\u00e3o ap\u00f3s a not\u00edcia<\/h2>\n<p>A morte de Ol\u00edvia Amaral deixa familiares, amigos, colegas de trabalho e pessoas que acompanharam sua trajet\u00f3ria profundamente abalados.<\/p>\n<p>A despedida acontece em meio \u00e0 dor da fam\u00edlia, especialmente diante das circunst\u00e2ncias tr\u00e1gicas da morte e da necessidade de acompanhar a recupera\u00e7\u00e3o do marido e do filho, que tamb\u00e9m estavam no ve\u00edculo.<\/p>\n<p>Aos familiares e amigos de <strong>Ol\u00edvia Aparecida Amaral Silva<\/strong>, ficam os sentimentos de solidariedade e respeito neste momento de profunda dor.<\/p>\n<p><strong>Que Deus conforte o cora\u00e7\u00e3o de todos que sofrem com esta perda e receba Ol\u00edvia em seus bra\u00e7os. \ud83d\udda4<\/strong><\/p>\n","protected":false},"excerpt":{"rendered":"<p>Comunicamos o falecimento de Ol\u00edvia Amaral \ud83d\udda4 A not\u00edcia do falecimento de Ol\u00edvia Aparecida Amaral Silva, aos 52 anos, causou como\u00e7\u00e3o no Tocantins nesta sexta-feira (4). Educadora, servidora e diretora acad\u00eamica, Ol\u00edvia morreu ap\u00f3s se envolver em um grave acidente de tr\u00e2nsito na regi\u00e3o sul do estado. O acidente aconteceu na TO-070, entre Formoso do &hellip;<\/p>\n","protected":false},"author":1,"featured_media":464390,"comment_status":"open","ping_status":"open","sticky":false,"template":"","format":"standard","meta":{"_jetpack_newsletter_access":"","_jetpack_dont_email_post_to_subs":false,"_jetpack_newsletter_tier_id":0,"_jetpack_memberships_contains_paywalled_content":false,"_jetpack_feature_clip_id":0,"_jetpack_memberships_contains_paid_content":false,"footnotes":"","jetpack_post_was_ever_published":false},"categories":[2],"tags":[],"class_list":["post-466211","post","type-post","status-publish","format-standard","has-post-thumbnail","hentry","category-entretenimento"],"yoast_head":"<!-- This site is optimized with the Yoast SEO plugin v28.4 - https:\/\/yoast.com\/product\/yoast-seo-wordpress\/ -->\n<title>Comunicamos o falecimento de Ol\u00edvia Amaral<\/title>\n<meta name=\"robots\" content=\"index, follow, max-snippet:-1, max-image-preview:large, max-video-preview:-1\" \/>\n<link rel=\"canonical\" href=\"https:\/\/mrnews.com.br\/index.php\/2026\/09\/05\/comunicamos-o-falecimento-de-olivia-amaral\/\" \/>\n<meta property=\"og:locale\" content=\"pt_BR\" \/>\n<meta property=\"og:type\" content=\"article\" \/>\n<meta property=\"og:title\" content=\"Comunicamos o falecimento de Ol\u00edvia Amaral\" \/>\n<meta property=\"og:description\" content=\"Comunicamos o falecimento de Ol\u00edvia Amaral \ud83d\udda4 A not\u00edcia do falecimento de Ol\u00edvia Aparecida Amaral Silva, aos 52 anos, causou como\u00e7\u00e3o no Tocantins nesta sexta-feira (4). Educadora, servidora e diretora acad\u00eamica, Ol\u00edvia morreu ap\u00f3s se envolver em um grave acidente de tr\u00e2nsito na regi\u00e3o sul do estado. O acidente aconteceu na TO-070, entre Formoso do &hellip;\" \/>\n<meta property=\"og:url\" content=\"https:\/\/mrnews.com.br\/index.php\/2026\/09\/05\/comunicamos-o-falecimento-de-olivia-amaral\/\" \/>\n<meta property=\"og:site_name\" content=\"MRNews\" \/>\n<meta property=\"article:publisher\" content=\"https:\/\/www.facebook.com\/eaipahpah\/?locale2=pt_BR\" \/>\n<meta property=\"article:published_time\" content=\"2026-09-05T23:46:59+00:00\" \/>\n<meta property=\"article:modified_time\" content=\"2026-09-06T00:04:57+00:00\" \/>\n<meta property=\"og:image\" content=\"https:\/\/mrnews.com.br\/wp-content\/uploads\/2026\/07\/09674d2f-cee5-4b0c-891a-fcf37bb79549-1024x683.png\" \/>\n\t<meta property=\"og:image:width\" content=\"1024\" \/>\n\t<meta property=\"og:image:height\" content=\"683\" \/>\n\t<meta property=\"og:image:type\" content=\"image\/png\" \/>\n<meta name=\"author\" content=\"MR News\" \/>\n<meta name=\"twitter:card\" content=\"summary_large_image\" \/>\n<meta name=\"twitter:creator\" content=\"@conspirou\" \/>\n<meta name=\"twitter:site\" content=\"@conspirou\" \/>\n<meta name=\"twitter:label1\" content=\"Escrito por\" \/>\n\t<meta name=\"twitter:data1\" content=\"MR News\" \/>\n\t<meta name=\"twitter:label2\" content=\"Est. tempo de leitura\" \/>\n\t<meta name=\"twitter:data2\" content=\"3 minutos\" \/>\n<script type=\"application\/ld+json\" class=\"yoast-schema-graph\">{\"@context\":\"https:\\\/\\\/schema.org\",\"@graph\":[{\"@type\":\"Article\",\"@id\":\"https:\\\/\\\/mrnews.com.br\\\/index.php\\\/2026\\\/09\\\/05\\\/comunicamos-o-falecimento-de-olivia-amaral\\\/#article\",\"isPartOf\":{\"@id\":\"https:\\\/\\\/mrnews.com.br\\\/index.php\\\/2026\\\/09\\\/05\\\/comunicamos-o-falecimento-de-olivia-amaral\\\/\"},\"author\":{\"name\":\"MR News\",\"@id\":\"https:\\\/\\\/mrnews.com.br\\\/#\\\/schema\\\/person\\\/be3203154562a9f207407861cef7827b\"},\"headline\":\"Comunicamos o falecimento de Ol\u00edvia Amaral\",\"datePublished\":\"2026-09-05T23:46:59+00:00\",\"dateModified\":\"2026-09-06T00:04:57+00:00\",\"mainEntityOfPage\":{\"@id\":\"https:\\\/\\\/mrnews.com.br\\\/index.php\\\/2026\\\/09\\\/05\\\/comunicamos-o-falecimento-de-olivia-amaral\\\/\"},\"wordCount\":525,\"commentCount\":0,\"publisher\":{\"@id\":\"https:\\\/\\\/mrnews.com.br\\\/#organization\"},\"image\":{\"@id\":\"https:\\\/\\\/mrnews.com.br\\\/index.php\\\/2026\\\/09\\\/05\\\/comunicamos-o-falecimento-de-olivia-amaral\\\/#primaryimage\"},\"thumbnailUrl\":\"https:\\\/\\\/mrnews.com.br\\\/wp-content\\\/uploads\\\/2026\\\/07\\\/09674d2f-cee5-4b0c-891a-fcf37bb79549.png\",\"articleSection\":[\"ENTRETENIMENTO\"],\"inLanguage\":\"pt-BR\",\"potentialAction\":[{\"@type\":\"CommentAction\",\"name\":\"Comment\",\"target\":[\"https:\\\/\\\/mrnews.com.br\\\/index.php\\\/2026\\\/09\\\/05\\\/comunicamos-o-falecimento-de-olivia-amaral\\\/#respond\"]}]},{\"@type\":\"WebPage\",\"@id\":\"https:\\\/\\\/mrnews.com.br\\\/index.php\\\/2026\\\/09\\\/05\\\/comunicamos-o-falecimento-de-olivia-amaral\\\/\",\"url\":\"https:\\\/\\\/mrnews.com.br\\\/index.php\\\/2026\\\/09\\\/05\\\/comunicamos-o-falecimento-de-olivia-amaral\\\/\",\"name\":\"Comunicamos o falecimento de Ol\u00edvia Amaral\",\"isPartOf\":{\"@id\":\"https:\\\/\\\/mrnews.com.br\\\/#website\"},\"primaryImageOfPage\":{\"@id\":\"https:\\\/\\\/mrnews.com.br\\\/index.php\\\/2026\\\/09\\\/05\\\/comunicamos-o-falecimento-de-olivia-amaral\\\/#primaryimage\"},\"image\":{\"@id\":\"https:\\\/\\\/mrnews.com.br\\\/index.php\\\/2026\\\/09\\\/05\\\/comunicamos-o-falecimento-de-olivia-amaral\\\/#primaryimage\"},\"thumbnailUrl\":\"https:\\\/\\\/mrnews.com.br\\\/wp-content\\\/uploads\\\/2026\\\/07\\\/09674d2f-cee5-4b0c-891a-fcf37bb79549.png\",\"datePublished\":\"2026-09-05T23:46:59+00:00\",\"dateModified\":\"2026-09-06T00:04:57+00:00\",\"breadcrumb\":{\"@id\":\"https:\\\/\\\/mrnews.com.br\\\/index.php\\\/2026\\\/09\\\/05\\\/comunicamos-o-falecimento-de-olivia-amaral\\\/#breadcrumb\"},\"inLanguage\":\"pt-BR\",\"potentialAction\":[{\"@type\":\"ReadAction\",\"target\":[\"https:\\\/\\\/mrnews.com.br\\\/index.php\\\/2026\\\/09\\\/05\\\/comunicamos-o-falecimento-de-olivia-amaral\\\/\"]}]},{\"@type\":\"ImageObject\",\"inLanguage\":\"pt-BR\",\"@id\":\"https:\\\/\\\/mrnews.com.br\\\/index.php\\\/2026\\\/09\\\/05\\\/comunicamos-o-falecimento-de-olivia-amaral\\\/#primaryimage\",\"url\":\"https:\\\/\\\/mrnews.com.br\\\/wp-content\\\/uploads\\\/2026\\\/07\\\/09674d2f-cee5-4b0c-891a-fcf37bb79549.png\",\"contentUrl\":\"https:\\\/\\\/mrnews.com.br\\\/wp-content\\\/uploads\\\/2026\\\/07\\\/09674d2f-cee5-4b0c-891a-fcf37bb79549.png\",\"width\":1536,\"height\":1024,\"caption\":\"Luto\"},{\"@type\":\"BreadcrumbList\",\"@id\":\"https:\\\/\\\/mrnews.com.br\\\/index.php\\\/2026\\\/09\\\/05\\\/comunicamos-o-falecimento-de-olivia-amaral\\\/#breadcrumb\",\"itemListElement\":[{\"@type\":\"ListItem\",\"position\":1,\"name\":\"In\u00edcio\",\"item\":\"https:\\\/\\\/mrnews.com.br\\\/\"},{\"@type\":\"ListItem\",\"position\":2,\"name\":\"Comunicamos o falecimento de Ol\u00edvia Amaral\"}]},{\"@type\":\"WebSite\",\"@id\":\"https:\\\/\\\/mrnews.com.br\\\/#website\",\"url\":\"https:\\\/\\\/mrnews.com.br\\\/\",\"name\":\"MRNews\",\"description\":\"MRNews Jogos de hoje da TV, transmiss\u00f5es ao vivo, Not\u00edcias de futebol, Jogos ao vivo, Lives, resumo de novelas, Programa\u00e7\u00e3o da Globo, A Fazenda e BBB\",\"publisher\":{\"@id\":\"https:\\\/\\\/mrnews.com.br\\\/#organization\"},\"potentialAction\":[{\"@type\":\"SearchAction\",\"target\":{\"@type\":\"EntryPoint\",\"urlTemplate\":\"https:\\\/\\\/mrnews.com.br\\\/?s={search_term_string}\"},\"query-input\":{\"@type\":\"PropertyValueSpecification\",\"valueRequired\":true,\"valueName\":\"search_term_string\"}}],\"inLanguage\":\"pt-BR\"},{\"@type\":\"Organization\",\"@id\":\"https:\\\/\\\/mrnews.com.br\\\/#organization\",\"name\":\"MRNews\",\"url\":\"https:\\\/\\\/mrnews.com.br\\\/\",\"logo\":{\"@type\":\"ImageObject\",\"inLanguage\":\"pt-BR\",\"@id\":\"https:\\\/\\\/mrnews.com.br\\\/#\\\/schema\\\/logo\\\/image\\\/\",\"url\":\"https:\\\/\\\/mrnews.com.br\\\/wp-content\\\/uploads\\\/2026\\\/08\\\/MRNEws.png\",\"contentUrl\":\"https:\\\/\\\/mrnews.com.br\\\/wp-content\\\/uploads\\\/2026\\\/08\\\/MRNEws.png\",\"width\":1254,\"height\":1254,\"caption\":\"MRNews\"},\"image\":{\"@id\":\"https:\\\/\\\/mrnews.com.br\\\/#\\\/schema\\\/logo\\\/image\\\/\"},\"sameAs\":[\"https:\\\/\\\/www.facebook.com\\\/eaipahpah\\\/?locale2=pt_BR\",\"https:\\\/\\\/x.com\\\/conspirou\",\"https:\\\/\\\/www.instagram.com\\\/eai_pahpah\",\"https:\\\/\\\/br.pinterest.com\\\/mrnewsn\\\/boards\\\/\",\"https:\\\/\\\/www.youtube.com\\\/channel\\\/UCacgnpznQ61fifLWr1tQ-vA?view_as=subscriber\"]},{\"@type\":\"Person\",\"@id\":\"https:\\\/\\\/mrnews.com.br\\\/#\\\/schema\\\/person\\\/be3203154562a9f207407861cef7827b\",\"name\":\"MR News\",\"image\":{\"@type\":\"ImageObject\",\"inLanguage\":\"pt-BR\",\"@id\":\"https:\\\/\\\/secure.gravatar.com\\\/avatar\\\/04084e6d73c042b8646e7c17b494073bf0ede3ea13c7105cfc45cbbbc28385a4?s=96&d=monsterid&r=g\",\"url\":\"https:\\\/\\\/secure.gravatar.com\\\/avatar\\\/04084e6d73c042b8646e7c17b494073bf0ede3ea13c7105cfc45cbbbc28385a4?s=96&d=monsterid&r=g\",\"contentUrl\":\"https:\\\/\\\/secure.gravatar.com\\\/avatar\\\/04084e6d73c042b8646e7c17b494073bf0ede3ea13c7105cfc45cbbbc28385a4?s=96&d=monsterid&r=g\",\"caption\":\"MR News\"},\"description\":\"Especializado em jornalismo colaborativo pela FTP em n\u00edvel de p\u00f3s-gradua\u00e7\u00e3o. suporte@oimeliga.combr\",\"sameAs\":[\"HUGO R.\",\"Admin\"],\"url\":\"https:\\\/\\\/mrnews.com.br\\\/index.php\\\/author\\\/admin\\\/\"}]}<\/script>\n<!-- \/ Yoast SEO plugin. -->","yoast_head_json":{"title":"Comunicamos o falecimento de Ol\u00edvia Amaral","robots":{"index":"index","follow":"follow","max-snippet":"max-snippet:-1","max-image-preview":"max-image-preview:large","max-video-preview":"max-video-preview:-1"},"canonical":"https:\/\/mrnews.com.br\/index.php\/2026\/09\/05\/comunicamos-o-falecimento-de-olivia-amaral\/","og_locale":"pt_BR","og_type":"article","og_title":"Comunicamos o falecimento de Ol\u00edvia Amaral","og_description":"Comunicamos o falecimento de Ol\u00edvia Amaral \ud83d\udda4 A not\u00edcia do falecimento de Ol\u00edvia Aparecida Amaral Silva, aos 52 anos, causou como\u00e7\u00e3o no Tocantins nesta sexta-feira (4). Educadora, servidora e diretora acad\u00eamica, Ol\u00edvia morreu ap\u00f3s se envolver em um grave acidente de tr\u00e2nsito na regi\u00e3o sul do estado. O acidente aconteceu na TO-070, entre Formoso do &hellip;","og_url":"https:\/\/mrnews.com.br\/index.php\/2026\/09\/05\/comunicamos-o-falecimento-de-olivia-amaral\/","og_site_name":"MRNews","article_publisher":"https:\/\/www.facebook.com\/eaipahpah\/?locale2=pt_BR","article_published_time":"2026-09-05T23:46:59+00:00","article_modified_time":"2026-09-06T00:04:57+00:00","og_image":[{"width":1024,"height":683,"url":"https:\/\/mrnews.com.br\/wp-content\/uploads\/2026\/07\/09674d2f-cee5-4b0c-891a-fcf37bb79549-1024x683.png","type":"image\/png"}],"author":"MR News","twitter_card":"summary_large_image","twitter_creator":"@conspirou","twitter_site":"@conspirou","twitter_misc":{"Escrito por":"MR News","Est. tempo de leitura":"3 minutos"},"schema":{"@context":"https:\/\/schema.org","@graph":[{"@type":"Article","@id":"https:\/\/mrnews.com.br\/index.php\/2026\/09\/05\/comunicamos-o-falecimento-de-olivia-amaral\/#article","isPartOf":{"@id":"https:\/\/mrnews.com.br\/index.php\/2026\/09\/05\/comunicamos-o-falecimento-de-olivia-amaral\/"},"author":{"name":"MR News","@id":"https:\/\/mrnews.com.br\/#\/schema\/person\/be3203154562a9f207407861cef7827b"},"headline":"Comunicamos o falecimento de Ol\u00edvia Amaral","datePublished":"2026-09-05T23:46:59+00:00","dateModified":"2026-09-06T00:04:57+00:00","mainEntityOfPage":{"@id":"https:\/\/mrnews.com.br\/index.php\/2026\/09\/05\/comunicamos-o-falecimento-de-olivia-amaral\/"},"wordCount":525,"commentCount":0,"publisher":{"@id":"https:\/\/mrnews.com.br\/#organization"},"image":{"@id":"https:\/\/mrnews.com.br\/index.php\/2026\/09\/05\/comunicamos-o-falecimento-de-olivia-amaral\/#primaryimage"},"thumbnailUrl":"https:\/\/mrnews.com.br\/wp-content\/uploads\/2026\/07\/09674d2f-cee5-4b0c-891a-fcf37bb79549.png","articleSection":["ENTRETENIMENTO"],"inLanguage":"pt-BR","potentialAction":[{"@type":"CommentAction","name":"Comment","target":["https:\/\/mrnews.com.br\/index.php\/2026\/09\/05\/comunicamos-o-falecimento-de-olivia-amaral\/#respond"]}]},{"@type":"WebPage","@id":"https:\/\/mrnews.com.br\/index.php\/2026\/09\/05\/comunicamos-o-falecimento-de-olivia-amaral\/","url":"https:\/\/mrnews.com.br\/index.php\/2026\/09\/05\/comunicamos-o-falecimento-de-olivia-amaral\/","name":"Comunicamos o falecimento de Ol\u00edvia Amaral","isPartOf":{"@id":"https:\/\/mrnews.com.br\/#website"},"primaryImageOfPage":{"@id":"https:\/\/mrnews.com.br\/index.php\/2026\/09\/05\/comunicamos-o-falecimento-de-olivia-amaral\/#primaryimage"},"image":{"@id":"https:\/\/mrnews.com.br\/index.php\/2026\/09\/05\/comunicamos-o-falecimento-de-olivia-amaral\/#primaryimage"},"thumbnailUrl":"https:\/\/mrnews.com.br\/wp-content\/uploads\/2026\/07\/09674d2f-cee5-4b0c-891a-fcf37bb79549.png","datePublished":"2026-09-05T23:46:59+00:00","dateModified":"2026-09-06T00:04:57+00:00","breadcrumb":{"@id":"https:\/\/mrnews.com.br\/index.php\/2026\/09\/05\/comunicamos-o-falecimento-de-olivia-amaral\/#breadcrumb"},"inLanguage":"pt-BR","potentialAction":[{"@type":"ReadAction","target":["https:\/\/mrnews.com.br\/index.php\/2026\/09\/05\/comunicamos-o-falecimento-de-olivia-amaral\/"]}]},{"@type":"ImageObject","inLanguage":"pt-BR","@id":"https:\/\/mrnews.com.br\/index.php\/2026\/09\/05\/comunicamos-o-falecimento-de-olivia-amaral\/#primaryimage","url":"https:\/\/mrnews.com.br\/wp-content\/uploads\/2026\/07\/09674d2f-cee5-4b0c-891a-fcf37bb79549.png","contentUrl":"https:\/\/mrnews.com.br\/wp-content\/uploads\/2026\/07\/09674d2f-cee5-4b0c-891a-fcf37bb79549.png","width":1536,"height":1024,"caption":"Luto"},{"@type":"BreadcrumbList","@id":"https:\/\/mrnews.com.br\/index.php\/2026\/09\/05\/comunicamos-o-falecimento-de-olivia-amaral\/#breadcrumb","itemListElement":[{"@type":"ListItem","position":1,"name":"In\u00edcio","item":"https:\/\/mrnews.com.br\/"},{"@type":"ListItem","position":2,"name":"Comunicamos o falecimento de Ol\u00edvia Amaral"}]},{"@type":"WebSite","@id":"https:\/\/mrnews.com.br\/#website","url":"https:\/\/mrnews.com.br\/","name":"MRNews","description":"MRNews Jogos de hoje da TV, transmiss\u00f5es ao vivo, Not\u00edcias de futebol, Jogos ao vivo, Lives, resumo de novelas, Programa\u00e7\u00e3o da Globo, A Fazenda e BBB","publisher":{"@id":"https:\/\/mrnews.com.br\/#organization"},"potentialAction":[{"@type":"SearchAction","target":{"@type":"EntryPoint","urlTemplate":"https:\/\/mrnews.com.br\/?s={search_term_string}"},"query-input":{"@type":"PropertyValueSpecification","valueRequired":true,"valueName":"search_term_string"}}],"inLanguage":"pt-BR"},{"@type":"Organization","@id":"https:\/\/mrnews.com.br\/#organization","name":"MRNews","url":"https:\/\/mrnews.com.br\/","logo":{"@type":"ImageObject","inLanguage":"pt-BR","@id":"https:\/\/mrnews.com.br\/#\/schema\/logo\/image\/","url":"https:\/\/mrnews.com.br\/wp-content\/uploads\/2026\/08\/MRNEws.png","contentUrl":"https:\/\/mrnews.com.br\/wp-content\/uploads\/2026\/08\/MRNEws.png","width":1254,"height":1254,"caption":"MRNews"},"image":{"@id":"https:\/\/mrnews.com.br\/#\/schema\/logo\/image\/"},"sameAs":["https:\/\/www.facebook.com\/eaipahpah\/?locale2=pt_BR","https:\/\/x.com\/conspirou","https:\/\/www.instagram.com\/eai_pahpah","https:\/\/br.pinterest.com\/mrnewsn\/boards\/","https:\/\/www.youtube.com\/channel\/UCacgnpznQ61fifLWr1tQ-vA?view_as=subscriber"]},{"@type":"Person","@id":"https:\/\/mrnews.com.br\/#\/schema\/person\/be3203154562a9f207407861cef7827b","name":"MR News","image":{"@type":"ImageObject","inLanguage":"pt-BR","@id":"https:\/\/secure.gravatar.com\/avatar\/04084e6d73c042b8646e7c17b494073bf0ede3ea13c7105cfc45cbbbc28385a4?s=96&d=monsterid&r=g","url":"https:\/\/secure.gravatar.com\/avatar\/04084e6d73c042b8646e7c17b494073bf0ede3ea13c7105cfc45cbbbc28385a4?s=96&d=monsterid&r=g","contentUrl":"https:\/\/secure.gravatar.com\/avatar\/04084e6d73c042b8646e7c17b494073bf0ede3ea13c7105cfc45cbbbc28385a4?s=96&d=monsterid&r=g","caption":"MR News"},"description":"Especializado em jornalismo colaborativo pela FTP em n\u00edvel de p\u00f3s-gradua\u00e7\u00e3o. suporte@oimeliga.combr","sameAs":["HUGO R.","Admin"],"url":"https:\/\/mrnews.com.br\/index.php\/author\/admin\/"}]}},"jetpack_sharing_enabled":true,"jetpack_shortlink":"https:\/\/wp.me\/pa2Qf7-1Xhx","amp_enabled":true,"jetpack_featured_media_url":"https:\/\/mrnews.com.br\/wp-content\/uploads\/2026\/07\/09674d2f-cee5-4b0c-891a-fcf37bb79549.png","_links":{"self":[{"href":"https:\/\/mrnews.com.br\/index.php\/wp-json\/wp\/v2\/posts\/466211","targetHints":{"allow":["GET"]}}],"collection":[{"href":"https:\/\/mrnews.com.br\/index.php\/wp-json\/wp\/v2\/posts"}],"about":[{"href":"https:\/\/mrnews.com.br\/index.php\/wp-json\/wp\/v2\/types\/post"}],"author":[{"embeddable":true,"href":"https:\/\/mrnews.com.br\/index.php\/wp-json\/wp\/v2\/users\/1"}],"replies":[{"embeddable":true,"href":"https:\/\/mrnews.com.br\/index.php\/wp-json\/wp\/v2\/comments?post=466211"}],"version-history":[{"count":2,"href":"https:\/\/mrnews.com.br\/index.php\/wp-json\/wp\/v2\/posts\/466211\/revisions"}],"predecessor-version":[{"id":466213,"href":"https:\/\/mrnews.com.br\/index.php\/wp-json\/wp\/v2\/posts\/466211\/revisions\/466213"}],"wp:featuredmedia":[{"embeddable":true,"href":"https:\/\/mrnews.com.br\/index.php\/wp-json\/wp\/v2\/media\/464390"}],"wp:attachment":[{"href":"https:\/\/mrnews.com.br\/index.php\/wp-json\/wp\/v2\/media?parent=466211"}],"wp:term":[{"taxonomy":"category","embeddable":true,"href":"https:\/\/mrnews.com.br\/index.php\/wp-json\/wp\/v2\/categories?post=466211"},{"taxonomy":"post_tag","embeddable":true,"href":"https:\/\/mrnews.com.br\/index.php\/wp-json\/wp\/v2\/tags?post=466211"}],"curies":[{"name":"wp","href":"https:\/\/api.w.org\/{rel}","templated":true}]}}