{"id":466218,"date":"2026-09-06T02:12:47","date_gmt":"2026-09-06T05:12:47","guid":{"rendered":"https:\/\/mrnews.com.br\/index.php\/2026\/09\/06\/stf-mendes-propoe-vetar-delegados-da-pf-como-assessores-de-ministros\/"},"modified":"2026-09-06T02:12:47","modified_gmt":"2026-09-06T05:12:47","slug":"stf-mendes-propoe-vetar-delegados-da-pf-como-assessores-de-ministros","status":"publish","type":"post","link":"https:\/\/mrnews.com.br\/index.php\/2026\/09\/06\/stf-mendes-propoe-vetar-delegados-da-pf-como-assessores-de-ministros\/","title":{"rendered":"STF: Mendes prop\u00f5e vetar delegados da PF como assessores de ministros"},"content":{"rendered":"<p>Por EBC, <\/p>\n<div>\n<p><strong>O ministro Gilmar Mendes, decano do Supremo Tribunal Federal (STF), apresentou neste s\u00e1bado (5) uma proposta para proibir que militares, delegados ou policiais sejam cedidos para atuar como assessores nos gabinetes da Corte.<\/strong><\/p>\n<p>A proposta de altera\u00e7\u00e3o no Regimento Interno do STF j\u00e1 havia sido adiantada durante a semana ao presidente do Supremo, Edson Fachin, e foi agora formalizada por Mendes para que seja apreciada pelos demais ministros.<\/p>\n<p><strong>A ideia surge em meio \u00e0\u00a0escalada da crise entre os ministros Alexandre de Moraes e Andr\u00e9 Mendon\u00e7a. Cada um, por exemplo, possui dois delegados da Pol\u00edcia Federal os assessorando em seus gabinetes.<\/strong><\/p>\n<p><strong>Para Mendes, a presen\u00e7a desses policiais nos gabinetes representa o risco de que decis\u00f5es sobre a condu\u00e7\u00e3o de investiga\u00e7\u00f5es, que seria de exclusividade da autoridade policial, estejam sendo transferidas para o Supremo.<\/strong><\/p>\n<p>O texto apresentado pelo decano prev\u00ea que servidores das carreiras militares e policiais possam atuar em atividade de seguran\u00e7a dos gabinetes, mas que seja \u201cvedada a participa\u00e7\u00e3o na instru\u00e7\u00e3o de inqu\u00e9ritos ou processos e em atividades de assessoramento jur\u00eddico\u201d.<\/p>\n<p>Outro trecho diz que \u201ccaber\u00e1 ao Presidente do Supremo Tribunal Federal providenciar o imediato retorno aos \u00f3rg\u00e3os de origem dos servidores atualmente em exerc\u00edcio no Tribunal em desacordo com a regra ora acrescida ao art. 357 do Regimento Interno\u201d. \u00a0<\/p>\n<p>A proposta surge ainda ap\u00f3s o diretor-geral da PF, Andrei Rodrigues, ter tentado articular a volta para a corpora\u00e7\u00e3o dos delegados cedidos ao gabinete de Mendon\u00e7a, que \u00e9 relator dos esc\u00e2ndalos de fraude financeira e corrup\u00e7\u00e3o no Banco Master e do desvio em aposentadorias do Instituto Nacional do Seguro Social (INSS).<\/p>\n<p>Cabe agora a Fachin incluir a proposta em pauta para que seja apreciada e votada por todos os ministros do Supremo.<\/p>\n<h2>Relat\u00f3rios<\/h2>\n<p>A proposta do decano vem \u00e0 tona ap\u00f3s Mendon\u00e7a ter retirado o sigilo, nesta semana, de um relat\u00f3rio da PF em que constam dezenas mensagens enviadas pelo ex-banqueiro Daniel Vorcaro, antigo dono do Master, a Moraes, segundo afirmam os investigadores.<\/p>\n<p>Nas conversas, Vorcaro menciona um contrato de R$ 131 milh\u00f5es firmado pelo escrit\u00f3rio da advogada Viviane Barci de Moraes, esposa de Alexandre de Moraes, com o Master. Foram expostas tamb\u00e9m mensagens em que o ex-banqueiro demonstra ter obtido informa\u00e7\u00f5es sobre uma poss\u00edvel opera\u00e7\u00e3o da PF para prend\u00ea-lo.<\/p>\n<p>Logo em seguida \u00e0 divulga\u00e7\u00e3o do material, Moraes pediu \u00e0 presid\u00eancia do Supremo a abertura de uma investiga\u00e7\u00e3o contra Mendon\u00e7a pelo que disse ser \u201cfortes ind\u00edcios\u201d de abuso de autoridade, improbidade administrativa e crime de responsabilidade na condu\u00e7\u00e3o do caso Master.<\/p>\n<p>Para embasar suas acusa\u00e7\u00f5es, Moraes apresentou um relat\u00f3rio de intelig\u00eancia da PF segundo o qual Mendon\u00e7a atuaria de forma a direcionar as investiga\u00e7\u00f5es contra desafetos pol\u00edticos.<\/p>\n<p>O documento, contudo, n\u00e3o \u00e9 assinado e traz a advert\u00eancia de se tratarem de uma an\u00e1lise prospectiva interna, sobre poss\u00edveis caminhos de investiga\u00e7\u00e3o, e \u201csem valor probat\u00f3rio\u201d.<\/p>\n<p>      <!-- Relacionada --><\/p>\n<p>            <!-- Relacionada -->\n    <\/div>\n","protected":false},"excerpt":{"rendered":"<p>Por EBC, O ministro Gilmar Mendes, decano do Supremo Tribunal Federal (STF), apresentou neste s\u00e1bado (5) uma proposta para proibir que militares, delegados ou policiais sejam cedidos para atuar como assessores nos gabinetes da Corte. A proposta de altera\u00e7\u00e3o no Regimento Interno do STF j\u00e1 havia sido adiantada durante a semana ao presidente do Supremo, &hellip;<\/p>\n","protected":false},"author":39,"featured_media":0,"comment_status":"open","ping_status":"open","sticky":false,"template":"","format":"standard","meta":{"_jetpack_newsletter_access":"","_jetpack_dont_email_post_to_subs":false,"_jetpack_newsletter_tier_id":0,"_jetpack_memberships_contains_paywalled_content":false,"_jetpack_feature_clip_id":0,"_jetpack_memberships_contains_paid_content":false,"footnotes":"","jetpack_post_was_ever_published":false},"categories":[4],"tags":[],"class_list":["post-466218","post","type-post","status-publish","format-standard","hentry","category-servicos"],"yoast_head":"<!-- This site is optimized with the Yoast SEO plugin v28.4 - https:\/\/yoast.com\/product\/yoast-seo-wordpress\/ -->\n<title>STF: Mendes prop\u00f5e vetar delegados da PF como assessores de ministros<\/title>\n<meta name=\"robots\" content=\"index, follow, max-snippet:-1, max-image-preview:large, max-video-preview:-1\" \/>\n<link rel=\"canonical\" href=\"https:\/\/agenciabrasil.ebc.com.br\/justica\/noticia\/2026-09\/stf-mendes-propoe-vetar-delegados-da-pf-como-assessores-de-ministros\" \/>\n<meta property=\"og:locale\" content=\"pt_BR\" \/>\n<meta property=\"og:type\" content=\"article\" \/>\n<meta property=\"og:title\" content=\"STF: Mendes prop\u00f5e vetar delegados da PF como assessores de ministros\" \/>\n<meta property=\"og:description\" content=\"Por EBC, O ministro Gilmar Mendes, decano do Supremo Tribunal Federal (STF), apresentou neste s\u00e1bado (5) uma proposta para proibir que militares, delegados ou policiais sejam cedidos para atuar como assessores nos gabinetes da Corte. A proposta de altera\u00e7\u00e3o no Regimento Interno do STF j\u00e1 havia sido adiantada durante a semana ao presidente do Supremo, &hellip;\" \/>\n<meta property=\"og:url\" content=\"https:\/\/agenciabrasil.ebc.com.br\/justica\/noticia\/2026-09\/stf-mendes-propoe-vetar-delegados-da-pf-como-assessores-de-ministros\" \/>\n<meta property=\"og:site_name\" content=\"MRNews\" \/>\n<meta property=\"article:publisher\" content=\"https:\/\/www.facebook.com\/eaipahpah\/?locale2=pt_BR\" \/>\n<meta property=\"article:published_time\" content=\"2026-09-06T05:12:47+00:00\" \/>\n<meta name=\"author\" content=\"Fernando Corraa\" \/>\n<meta name=\"twitter:card\" content=\"summary_large_image\" \/>\n<meta name=\"twitter:creator\" content=\"@conspirou\" \/>\n<meta name=\"twitter:site\" content=\"@conspirou\" \/>\n<meta name=\"twitter:label1\" content=\"Escrito por\" \/>\n\t<meta name=\"twitter:data1\" content=\"Fernando Corraa\" \/>\n\t<meta name=\"twitter:label2\" content=\"Est. tempo de leitura\" \/>\n\t<meta name=\"twitter:data2\" content=\"3 minutos\" \/>\n<script type=\"application\/ld+json\" class=\"yoast-schema-graph\">{\"@context\":\"https:\\\/\\\/schema.org\",\"@graph\":[{\"@type\":\"Article\",\"@id\":\"https:\\\/\\\/agenciabrasil.ebc.com.br\\\/justica\\\/noticia\\\/2026-09\\\/stf-mendes-propoe-vetar-delegados-da-pf-como-assessores-de-ministros#article\",\"isPartOf\":{\"@id\":\"https:\\\/\\\/mrnews.com.br\\\/index.php\\\/2026\\\/09\\\/06\\\/stf-mendes-propoe-vetar-delegados-da-pf-como-assessores-de-ministros\\\/\"},\"author\":{\"name\":\"Fernando Corraa\",\"@id\":\"https:\\\/\\\/mrnews.com.br\\\/#\\\/schema\\\/person\\\/2f073f2d87903a2ff9a065e41bbf17d4\"},\"headline\":\"STF: Mendes prop\u00f5e vetar delegados da PF como assessores de ministros\",\"datePublished\":\"2026-09-06T05:12:47+00:00\",\"mainEntityOfPage\":{\"@id\":\"https:\\\/\\\/mrnews.com.br\\\/index.php\\\/2026\\\/09\\\/06\\\/stf-mendes-propoe-vetar-delegados-da-pf-como-assessores-de-ministros\\\/\"},\"wordCount\":519,\"commentCount\":0,\"publisher\":{\"@id\":\"https:\\\/\\\/mrnews.com.br\\\/#organization\"},\"articleSection\":[\"SERVI\u00c7OS\"],\"inLanguage\":\"pt-BR\",\"potentialAction\":[{\"@type\":\"CommentAction\",\"name\":\"Comment\",\"target\":[\"https:\\\/\\\/agenciabrasil.ebc.com.br\\\/justica\\\/noticia\\\/2026-09\\\/stf-mendes-propoe-vetar-delegados-da-pf-como-assessores-de-ministros#respond\"]}]},{\"@type\":\"WebPage\",\"@id\":\"https:\\\/\\\/mrnews.com.br\\\/index.php\\\/2026\\\/09\\\/06\\\/stf-mendes-propoe-vetar-delegados-da-pf-como-assessores-de-ministros\\\/\",\"url\":\"https:\\\/\\\/agenciabrasil.ebc.com.br\\\/justica\\\/noticia\\\/2026-09\\\/stf-mendes-propoe-vetar-delegados-da-pf-como-assessores-de-ministros\",\"name\":\"STF: Mendes prop\u00f5e vetar delegados da PF como assessores de ministros\",\"isPartOf\":{\"@id\":\"https:\\\/\\\/mrnews.com.br\\\/#website\"},\"datePublished\":\"2026-09-06T05:12:47+00:00\",\"breadcrumb\":{\"@id\":\"https:\\\/\\\/agenciabrasil.ebc.com.br\\\/justica\\\/noticia\\\/2026-09\\\/stf-mendes-propoe-vetar-delegados-da-pf-como-assessores-de-ministros#breadcrumb\"},\"inLanguage\":\"pt-BR\",\"potentialAction\":[{\"@type\":\"ReadAction\",\"target\":[\"https:\\\/\\\/agenciabrasil.ebc.com.br\\\/justica\\\/noticia\\\/2026-09\\\/stf-mendes-propoe-vetar-delegados-da-pf-como-assessores-de-ministros\"]}]},{\"@type\":\"BreadcrumbList\",\"@id\":\"https:\\\/\\\/agenciabrasil.ebc.com.br\\\/justica\\\/noticia\\\/2026-09\\\/stf-mendes-propoe-vetar-delegados-da-pf-como-assessores-de-ministros#breadcrumb\",\"itemListElement\":[{\"@type\":\"ListItem\",\"position\":1,\"name\":\"In\u00edcio\",\"item\":\"https:\\\/\\\/mrnews.com.br\\\/\"},{\"@type\":\"ListItem\",\"position\":2,\"name\":\"STF: Mendes prop\u00f5e vetar delegados da PF como assessores de ministros\"}]},{\"@type\":\"WebSite\",\"@id\":\"https:\\\/\\\/mrnews.com.br\\\/#website\",\"url\":\"https:\\\/\\\/mrnews.com.br\\\/\",\"name\":\"MRNews\",\"description\":\"MRNews Jogos de hoje da TV, transmiss\u00f5es ao vivo, Not\u00edcias de futebol, Jogos ao vivo, Lives, resumo de novelas, Programa\u00e7\u00e3o da Globo, A Fazenda e BBB\",\"publisher\":{\"@id\":\"https:\\\/\\\/mrnews.com.br\\\/#organization\"},\"potentialAction\":[{\"@type\":\"SearchAction\",\"target\":{\"@type\":\"EntryPoint\",\"urlTemplate\":\"https:\\\/\\\/mrnews.com.br\\\/?s={search_term_string}\"},\"query-input\":{\"@type\":\"PropertyValueSpecification\",\"valueRequired\":true,\"valueName\":\"search_term_string\"}}],\"inLanguage\":\"pt-BR\"},{\"@type\":\"Organization\",\"@id\":\"https:\\\/\\\/mrnews.com.br\\\/#organization\",\"name\":\"MRNews\",\"url\":\"https:\\\/\\\/mrnews.com.br\\\/\",\"logo\":{\"@type\":\"ImageObject\",\"inLanguage\":\"pt-BR\",\"@id\":\"https:\\\/\\\/mrnews.com.br\\\/#\\\/schema\\\/logo\\\/image\\\/\",\"url\":\"https:\\\/\\\/mrnews.com.br\\\/wp-content\\\/uploads\\\/2026\\\/08\\\/MRNEws.png\",\"contentUrl\":\"https:\\\/\\\/mrnews.com.br\\\/wp-content\\\/uploads\\\/2026\\\/08\\\/MRNEws.png\",\"width\":1254,\"height\":1254,\"caption\":\"MRNews\"},\"image\":{\"@id\":\"https:\\\/\\\/mrnews.com.br\\\/#\\\/schema\\\/logo\\\/image\\\/\"},\"sameAs\":[\"https:\\\/\\\/www.facebook.com\\\/eaipahpah\\\/?locale2=pt_BR\",\"https:\\\/\\\/x.com\\\/conspirou\",\"https:\\\/\\\/www.instagram.com\\\/eai_pahpah\",\"https:\\\/\\\/br.pinterest.com\\\/mrnewsn\\\/boards\\\/\",\"https:\\\/\\\/www.youtube.com\\\/channel\\\/UCacgnpznQ61fifLWr1tQ-vA?view_as=subscriber\"]},{\"@type\":\"Person\",\"@id\":\"https:\\\/\\\/mrnews.com.br\\\/#\\\/schema\\\/person\\\/2f073f2d87903a2ff9a065e41bbf17d4\",\"name\":\"Fernando Corraa\",\"image\":{\"@type\":\"ImageObject\",\"inLanguage\":\"pt-BR\",\"@id\":\"https:\\\/\\\/secure.gravatar.com\\\/avatar\\\/9069acb0e588c9f4346ba747284aef18a5faaab575e89e9ccc64e315003f0b82?s=96&d=monsterid&r=g\",\"url\":\"https:\\\/\\\/secure.gravatar.com\\\/avatar\\\/9069acb0e588c9f4346ba747284aef18a5faaab575e89e9ccc64e315003f0b82?s=96&d=monsterid&r=g\",\"contentUrl\":\"https:\\\/\\\/secure.gravatar.com\\\/avatar\\\/9069acb0e588c9f4346ba747284aef18a5faaab575e89e9ccc64e315003f0b82?s=96&d=monsterid&r=g\",\"caption\":\"Fernando Corraa\"},\"url\":\"https:\\\/\\\/mrnews.com.br\\\/index.php\\\/author\\\/fernando-corraa\\\/\"}]}<\/script>\n<!-- \/ Yoast SEO plugin. -->","yoast_head_json":{"title":"STF: Mendes prop\u00f5e vetar delegados da PF como assessores de ministros","robots":{"index":"index","follow":"follow","max-snippet":"max-snippet:-1","max-image-preview":"max-image-preview:large","max-video-preview":"max-video-preview:-1"},"canonical":"https:\/\/agenciabrasil.ebc.com.br\/justica\/noticia\/2026-09\/stf-mendes-propoe-vetar-delegados-da-pf-como-assessores-de-ministros","og_locale":"pt_BR","og_type":"article","og_title":"STF: Mendes prop\u00f5e vetar delegados da PF como assessores de ministros","og_description":"Por EBC, O ministro Gilmar Mendes, decano do Supremo Tribunal Federal (STF), apresentou neste s\u00e1bado (5) uma proposta para proibir que militares, delegados ou policiais sejam cedidos para atuar como assessores nos gabinetes da Corte. A proposta de altera\u00e7\u00e3o no Regimento Interno do STF j\u00e1 havia sido adiantada durante a semana ao presidente do Supremo, &hellip;","og_url":"https:\/\/agenciabrasil.ebc.com.br\/justica\/noticia\/2026-09\/stf-mendes-propoe-vetar-delegados-da-pf-como-assessores-de-ministros","og_site_name":"MRNews","article_publisher":"https:\/\/www.facebook.com\/eaipahpah\/?locale2=pt_BR","article_published_time":"2026-09-06T05:12:47+00:00","author":"Fernando Corraa","twitter_card":"summary_large_image","twitter_creator":"@conspirou","twitter_site":"@conspirou","twitter_misc":{"Escrito por":"Fernando Corraa","Est. tempo de leitura":"3 minutos"},"schema":{"@context":"https:\/\/schema.org","@graph":[{"@type":"Article","@id":"https:\/\/agenciabrasil.ebc.com.br\/justica\/noticia\/2026-09\/stf-mendes-propoe-vetar-delegados-da-pf-como-assessores-de-ministros#article","isPartOf":{"@id":"https:\/\/mrnews.com.br\/index.php\/2026\/09\/06\/stf-mendes-propoe-vetar-delegados-da-pf-como-assessores-de-ministros\/"},"author":{"name":"Fernando Corraa","@id":"https:\/\/mrnews.com.br\/#\/schema\/person\/2f073f2d87903a2ff9a065e41bbf17d4"},"headline":"STF: Mendes prop\u00f5e vetar delegados da PF como assessores de ministros","datePublished":"2026-09-06T05:12:47+00:00","mainEntityOfPage":{"@id":"https:\/\/mrnews.com.br\/index.php\/2026\/09\/06\/stf-mendes-propoe-vetar-delegados-da-pf-como-assessores-de-ministros\/"},"wordCount":519,"commentCount":0,"publisher":{"@id":"https:\/\/mrnews.com.br\/#organization"},"articleSection":["SERVI\u00c7OS"],"inLanguage":"pt-BR","potentialAction":[{"@type":"CommentAction","name":"Comment","target":["https:\/\/agenciabrasil.ebc.com.br\/justica\/noticia\/2026-09\/stf-mendes-propoe-vetar-delegados-da-pf-como-assessores-de-ministros#respond"]}]},{"@type":"WebPage","@id":"https:\/\/mrnews.com.br\/index.php\/2026\/09\/06\/stf-mendes-propoe-vetar-delegados-da-pf-como-assessores-de-ministros\/","url":"https:\/\/agenciabrasil.ebc.com.br\/justica\/noticia\/2026-09\/stf-mendes-propoe-vetar-delegados-da-pf-como-assessores-de-ministros","name":"STF: Mendes prop\u00f5e vetar delegados da PF como assessores de ministros","isPartOf":{"@id":"https:\/\/mrnews.com.br\/#website"},"datePublished":"2026-09-06T05:12:47+00:00","breadcrumb":{"@id":"https:\/\/agenciabrasil.ebc.com.br\/justica\/noticia\/2026-09\/stf-mendes-propoe-vetar-delegados-da-pf-como-assessores-de-ministros#breadcrumb"},"inLanguage":"pt-BR","potentialAction":[{"@type":"ReadAction","target":["https:\/\/agenciabrasil.ebc.com.br\/justica\/noticia\/2026-09\/stf-mendes-propoe-vetar-delegados-da-pf-como-assessores-de-ministros"]}]},{"@type":"BreadcrumbList","@id":"https:\/\/agenciabrasil.ebc.com.br\/justica\/noticia\/2026-09\/stf-mendes-propoe-vetar-delegados-da-pf-como-assessores-de-ministros#breadcrumb","itemListElement":[{"@type":"ListItem","position":1,"name":"In\u00edcio","item":"https:\/\/mrnews.com.br\/"},{"@type":"ListItem","position":2,"name":"STF: Mendes prop\u00f5e vetar delegados da PF como assessores de ministros"}]},{"@type":"WebSite","@id":"https:\/\/mrnews.com.br\/#website","url":"https:\/\/mrnews.com.br\/","name":"MRNews","description":"MRNews Jogos de hoje da TV, transmiss\u00f5es ao vivo, Not\u00edcias de futebol, Jogos ao vivo, Lives, resumo de novelas, Programa\u00e7\u00e3o da Globo, A Fazenda e BBB","publisher":{"@id":"https:\/\/mrnews.com.br\/#organization"},"potentialAction":[{"@type":"SearchAction","target":{"@type":"EntryPoint","urlTemplate":"https:\/\/mrnews.com.br\/?s={search_term_string}"},"query-input":{"@type":"PropertyValueSpecification","valueRequired":true,"valueName":"search_term_string"}}],"inLanguage":"pt-BR"},{"@type":"Organization","@id":"https:\/\/mrnews.com.br\/#organization","name":"MRNews","url":"https:\/\/mrnews.com.br\/","logo":{"@type":"ImageObject","inLanguage":"pt-BR","@id":"https:\/\/mrnews.com.br\/#\/schema\/logo\/image\/","url":"https:\/\/mrnews.com.br\/wp-content\/uploads\/2026\/08\/MRNEws.png","contentUrl":"https:\/\/mrnews.com.br\/wp-content\/uploads\/2026\/08\/MRNEws.png","width":1254,"height":1254,"caption":"MRNews"},"image":{"@id":"https:\/\/mrnews.com.br\/#\/schema\/logo\/image\/"},"sameAs":["https:\/\/www.facebook.com\/eaipahpah\/?locale2=pt_BR","https:\/\/x.com\/conspirou","https:\/\/www.instagram.com\/eai_pahpah","https:\/\/br.pinterest.com\/mrnewsn\/boards\/","https:\/\/www.youtube.com\/channel\/UCacgnpznQ61fifLWr1tQ-vA?view_as=subscriber"]},{"@type":"Person","@id":"https:\/\/mrnews.com.br\/#\/schema\/person\/2f073f2d87903a2ff9a065e41bbf17d4","name":"Fernando Corraa","image":{"@type":"ImageObject","inLanguage":"pt-BR","@id":"https:\/\/secure.gravatar.com\/avatar\/9069acb0e588c9f4346ba747284aef18a5faaab575e89e9ccc64e315003f0b82?s=96&d=monsterid&r=g","url":"https:\/\/secure.gravatar.com\/avatar\/9069acb0e588c9f4346ba747284aef18a5faaab575e89e9ccc64e315003f0b82?s=96&d=monsterid&r=g","contentUrl":"https:\/\/secure.gravatar.com\/avatar\/9069acb0e588c9f4346ba747284aef18a5faaab575e89e9ccc64e315003f0b82?s=96&d=monsterid&r=g","caption":"Fernando Corraa"},"url":"https:\/\/mrnews.com.br\/index.php\/author\/fernando-corraa\/"}]}},"jetpack_sharing_enabled":true,"jetpack_shortlink":"https:\/\/wp.me\/pa2Qf7-1XhE","amp_enabled":true,"jetpack_featured_media_url":"","_links":{"self":[{"href":"https:\/\/mrnews.com.br\/index.php\/wp-json\/wp\/v2\/posts\/466218","targetHints":{"allow":["GET"]}}],"collection":[{"href":"https:\/\/mrnews.com.br\/index.php\/wp-json\/wp\/v2\/posts"}],"about":[{"href":"https:\/\/mrnews.com.br\/index.php\/wp-json\/wp\/v2\/types\/post"}],"author":[{"embeddable":true,"href":"https:\/\/mrnews.com.br\/index.php\/wp-json\/wp\/v2\/users\/39"}],"replies":[{"embeddable":true,"href":"https:\/\/mrnews.com.br\/index.php\/wp-json\/wp\/v2\/comments?post=466218"}],"version-history":[{"count":0,"href":"https:\/\/mrnews.com.br\/index.php\/wp-json\/wp\/v2\/posts\/466218\/revisions"}],"wp:attachment":[{"href":"https:\/\/mrnews.com.br\/index.php\/wp-json\/wp\/v2\/media?parent=466218"}],"wp:term":[{"taxonomy":"category","embeddable":true,"href":"https:\/\/mrnews.com.br\/index.php\/wp-json\/wp\/v2\/categories?post=466218"},{"taxonomy":"post_tag","embeddable":true,"href":"https:\/\/mrnews.com.br\/index.php\/wp-json\/wp\/v2\/tags?post=466218"}],"curies":[{"name":"wp","href":"https:\/\/api.w.org\/{rel}","templated":true}]}}