{"id":466220,"date":"2026-09-06T10:37:34","date_gmt":"2026-09-06T13:37:34","guid":{"rendered":"https:\/\/mrnews.com.br\/index.php\/2026\/09\/06\/recursos-precisam-chegar-a-povos-tradicionais-defende-fundo-brasil\/"},"modified":"2026-09-06T10:37:34","modified_gmt":"2026-09-06T13:37:34","slug":"recursos-precisam-chegar-a-povos-tradicionais-defende-fundo-brasil","status":"publish","type":"post","link":"https:\/\/mrnews.com.br\/index.php\/2026\/09\/06\/recursos-precisam-chegar-a-povos-tradicionais-defende-fundo-brasil\/","title":{"rendered":"Recursos precisam chegar a povos tradicionais, defende Fundo Brasil"},"content":{"rendered":"<p>Por EBC, <\/p>\n<div>\n<p>\u00c0 frente da funda\u00e7\u00e3o filantr\u00f3pica Fundo Brasil desde maio deste ano, a diretora executiva Allyne Andrade chegou \u00e0 institui\u00e7\u00e3o para ajudar a repensar a luta por direitos humanos frente aos desafios que agravam a desigualdade social no pa\u00eds.\u00a0\u00a0<\/p>\n<p>Carioca de Realengo, na Zona Oeste, e com origem na pol\u00edtica de cotas da Universidade do Estado do Rio de Janeiro (Uerj), <strong>Allyne \u00e9 advogada, doutora, especialista em Teoria Cr\u00edtica\u00a0e construiu a carreira em paralelo ao trabalho ativista no movimento social antirracista<\/strong>.<\/p>\n<p>Em 2020, foi selecionada em um processo seletivo para ocupar o cargo de diretora executiva adjunta.\u00a0<\/p>\n<p>\u201cEsse lugar me d\u00e1 a oportunidade de juntar, de fazer pontes entre esses tr\u00eas mundos, o mundo ativista, o acad\u00eamico e o meu trabalho em si\u201d, diz.<\/p>\n<p>Em entrevista exclusiva \u00e0 <strong>Ag\u00eancia Brasil<\/strong>, ela avalia a\u00a0readequa\u00e7\u00e3o das iniciativas de filantropia em defesa dos direitos humanos, em um momento de crises globais.<\/p>\n<p>Criado pelos ativistas sociais Abdias do Nascimento, Margarida Genevois, Rose Muraro e Dom Pedro Casald\u00e1liga, o Fundo Brasil \u00e9 uma funda\u00e7\u00e3o independente, que surgiu com o objetivo de financiar, por meio da filantropia, organiza\u00e7\u00f5es da sociedade civil, protagonizadas por pessoas e comunidades diretamente afetadas por viola\u00e7\u00f5es de direitos.<\/p>\n<h2>Confira os principais trechos da entrevista<\/h2>\n<p><strong>Ag\u00eancia Brasil:<\/strong>\u00a0Voc\u00ea assumiu a\u00a0diretoria em um momento em que o mundo enfrenta o desafio sem precedentes das mudan\u00e7as clim\u00e1ticas, que agravam tamb\u00e9m quest\u00f5es sociais. Eu queria saber como o Fundo Brasil tem trabalhado isso aqui no pa\u00eds?<\/p>\n<p><strong>Allyne Andrade:<\/strong> Al\u00e9m de a crise clim\u00e1tica afetar desigualmente popula\u00e7\u00f5es mais pobres da periferia e em comunidades tradicionais, vivemos um momento em que pa\u00edses importantes, poluidores, que agravam essa crise, decidiram n\u00e3o fazer parte das decis\u00f5es e das negocia\u00e7\u00f5es multilaterais.<\/p>\n<p>J\u00e1 havia um diagn\u00f3stico da sociedade civil de que, embora essas grandes rodadas internacionais tratassem de financiamento de solu\u00e7\u00f5es clim\u00e1ticas e adapta\u00e7\u00e3o, esses recursos n\u00e3o chegavam aos povos e comunidades tradicionais \u2500 aquelas pessoas que est\u00e3o mais pr\u00f3ximas do territ\u00f3rio, que sofrem os efeitos da crise clim\u00e1tica mas que tamb\u00e9m s\u00e3o aquelas que mant\u00eam os territ\u00f3rios mais preservados dentro do Brasil.<\/p>\n<p>A gente trabalha muito a partir do que os movimentos sociais demandam \u00e0 gente. O Fundo Brasil foi criado para atuar tamb\u00e9m nos <em>gaps<\/em>\u00a0[lacunas] de financiamento, onde o dinheiro n\u00e3o est\u00e1 conseguindo chegar. N\u00e3o s\u00f3 recurso, mas tamb\u00e9m apoio t\u00e9cnico, apoio program\u00e1tico.<\/p>\n<p>O Fundo Brasil tem uma longa trajet\u00f3ria de apoio a povos e comunidades tradicionais desde que surgiu, e eles estavam pedindo que pass\u00e1ssemos a atuar nessa \u00e1rea de forma mais concentrada.\u00a0<\/p>\n<p>Ent\u00e3o, em 2023, a gente fez o [programa] Ra\u00edzes, que \u00e9 a nossa linha de justi\u00e7a clim\u00e1tica, para direcionar apoio financeiro para povos ind\u00edgenas, quilombolas e todos os povos e comunidades tradicionais.<\/p>\n<p><strong>Ag\u00eancia Brasil:<\/strong> E como funciona? Como os povos acessam esses recursos da filantropia?<\/p>\n<p><strong>Allyne Andrade:<\/strong> A ideia \u00e9 direcionar doa\u00e7\u00f5es estruturantes, por meio de editais p\u00fablicos, nos quais as organiza\u00e7\u00f5es sociais que atuam nos territ\u00f3rios podem se candidatar com projetos. A escolha dos projetos vem de processos participativos, por meio dos comit\u00eas externos com especialistas, que decidem quais s\u00e3o os projetos que mais necessitam de financiamento.<\/p>\n<p>O Ra\u00edzes tamb\u00e9m tem aportes emergenciais de resposta r\u00e1pida para proteger as lideran\u00e7as em territ\u00f3rios amea\u00e7ados. A gente sabe que o desmatamento atende a uma l\u00f3gica de conflito territorial, que exp\u00f5e lideran\u00e7as a amea\u00e7as durante a prote\u00e7\u00e3o do territ\u00f3rio contra processos de grilagem, de avan\u00e7o ilegal da fronteira agr\u00edcola, de desmatamento por minera\u00e7\u00e3o, madeireiras.<\/p>\n<p>Para emerg\u00eancias de extremos clim\u00e1ticos, como foi a do Rio Grande do Sul, a gente tem uma linha\u00a0para apoiar as comunidades a reagir rapidamente.<\/p>\n<p><strong>Ag\u00eancia Brasil:<\/strong> O Fundo Brasil completa 20 anos em 2026. O quanto j\u00e1 foi poss\u00edvel avan\u00e7ar at\u00e9 aqui?<\/p>\n<p><strong>Allyne Andrade:<\/strong> N\u00f3s somos uma funda\u00e7\u00e3o independente, o que significa que a gente tem um fundo de reserva e trabalha com recursos pr\u00f3prios. E aplica esses recursos pr\u00f3prios onde a gente v\u00ea falta de recursos de filantropia. Mas a gente tamb\u00e9m busca doadores.<\/p>\n<p>Ao longo de 20 anos, o Fundo Brasil doou R$ 141 milh\u00f5es \u00e0\u00a02,5 mil iniciativas. S\u00f3 em 2025, a gente doou R$ 32 milh\u00f5es \u00e0 sociedade civil organizada, o que foi um aumento de quase 20% em rela\u00e7\u00e3o ao volume de doa\u00e7\u00f5es de 2024.<\/p>\n<p>Com o Ra\u00edzes, a gente teve mais de R$ 6 milh\u00f5es em doa\u00e7\u00e3o direta desde 2023, para projetos e respostas emergenciais voltados aos povos e comunidades tradicionais.<\/p>\n<p><strong>Ag\u00eancia Brasil:<\/strong> Al\u00e9m dessa correla\u00e7\u00e3o com a crise clim\u00e1tica, quais outras frentes em que o Fundo Brasil atua no campo dos direitos humanos?<\/p>\n<p><strong>Allyne Andrade:<\/strong> A gente tem uma linha, o Labora, que \u00e9 de apoio ao trabalho digno, por direitos dos trabalhadores e combate ao trabalho an\u00e1logo \u00e0 escravid\u00e3o, e tamb\u00e9m apoia a organiza\u00e7\u00e3o de novas fronteiras de trabalho, como trabalhadores de aplicativo e do cuidado, al\u00e9m de empregados dom\u00e9sticos.<\/p>\n<p>A gente tem como prioridade o fortalecimento da sociedade civil e da democracia brasileira, e pensa nisso atrav\u00e9s do fortalecimento da sociedade civil organizada e defesa dos direitos raciais. Ent\u00e3o, a gente tem linhas de enfrentamento ao racismo e tamb\u00e9m ao racismo digital, e linhas de direitos digitais, pela defesa dos direitos humanos nesse campo, combate \u00e0 viol\u00eancia e defesa das pessoas LGBTQIAPN+,<\/p>\n<p>E a gente trabalha com uma linha de defensores de direitos humanos, em que a gente apoia as organiza\u00e7\u00f5es a pensarem cultura e seguran\u00e7a, mas tamb\u00e9m a ter uma estrutura de resposta r\u00e1pida em caso de amea\u00e7a a defensores de direitos humanos do Brasil.<\/p>\n<p>A gente combate a viol\u00eancia de g\u00eanero como uma das nossas prioridades, pensando tamb\u00e9m em trabalhadoras, mulheres, e como a gente apoia essas trabalhadoras a se organizarem.<\/p>\n<p>Por fim, tem uma linha de justi\u00e7a criminal, em que a gente trabalha com diminui\u00e7\u00e3o de pris\u00e3o provis\u00f3ria e combate \u00e0 tortura no c\u00e1rcere. A gente est\u00e1 tamb\u00e9m apoiando as organiza\u00e7\u00f5es a incidirem no Plano Pena Justa, para transformar o estado de coisas inconstitucional, tentando fazer um sistema prisional brasileiro mais humanizado.<\/p>\n<p><strong>Ag\u00eancia Brasil:<\/strong>\u00a0Qual a sua expectativa \u00e0 frente da diretoria executiva do Fundo Brasil?<\/p>\n<p><strong>Allyne Andrade:<\/strong> Ent\u00e3o, a ideia \u00e9 estar mais pr\u00f3xima dos movimentos sociais, das organiza\u00e7\u00f5es da sociedade civil, e tamb\u00e9m pensar uma comunica\u00e7\u00e3o estrat\u00e9gica junto com esse ecossistema, para essa reconquista da sociedade para a democracia, entendendo os direitos humanos como um valor reformulado pelo povo.<\/p>\n<blockquote>\n<p>N\u00e3o \u00e9 um direito humano da carta da ONU [Organiza\u00e7\u00e3o das Na\u00e7\u00f5es Unidas] \u2013 que tamb\u00e9m \u00e9 importante. Queremos tratar de direitos repensados para os desafios atuais, a partir de povos e comunidades tradicionais e de um movimento decolonial, antirracista, com diversidade, inclus\u00e3o e que respeite as cosmovis\u00f5es e cosmogonias dos povos e comunidades tradicionais.<\/p>\n<\/blockquote>\n<p>Al\u00e9m disso, nesses 20 anos, a gente vai ter uma confer\u00eancia para reunir ativistas, movimentos sociais, pesquisadores e iniciativa privada, para juntos pensarmos os desafios do pa\u00eds no campo dos direitos humanos e os caminhos da filantropia nesse contexto. Ent\u00e3o, a gente espera tamb\u00e9m, a partir dessa confer\u00eancia, ter um olhar constru\u00eddo coletivamente para o que ser\u00e3o os pr\u00f3ximos 20 anos.<\/p>\n<p>      <!-- Relacionada --><\/p>\n<p>            <!-- Relacionada -->\n    <\/div>\n","protected":false},"excerpt":{"rendered":"<p>Por EBC, \u00c0 frente da funda\u00e7\u00e3o filantr\u00f3pica Fundo Brasil desde maio deste ano, a diretora executiva Allyne Andrade chegou \u00e0 institui\u00e7\u00e3o para ajudar a repensar a luta por direitos humanos frente aos desafios que agravam a desigualdade social no pa\u00eds.\u00a0\u00a0 Carioca de Realengo, na Zona Oeste, e com origem na pol\u00edtica de cotas da Universidade &hellip;<\/p>\n","protected":false},"author":39,"featured_media":0,"comment_status":"open","ping_status":"open","sticky":false,"template":"","format":"standard","meta":{"_jetpack_newsletter_access":"","_jetpack_dont_email_post_to_subs":false,"_jetpack_newsletter_tier_id":0,"_jetpack_memberships_contains_paywalled_content":false,"_jetpack_feature_clip_id":0,"_jetpack_memberships_contains_paid_content":false,"footnotes":"","jetpack_post_was_ever_published":false},"categories":[4],"tags":[],"class_list":["post-466220","post","type-post","status-publish","format-standard","hentry","category-servicos"],"yoast_head":"<!-- This site is optimized with the Yoast SEO plugin v28.4 - https:\/\/yoast.com\/product\/yoast-seo-wordpress\/ -->\n<title>Recursos precisam chegar a povos tradicionais, defende Fundo Brasil<\/title>\n<meta name=\"robots\" content=\"index, follow, max-snippet:-1, max-image-preview:large, max-video-preview:-1\" \/>\n<link rel=\"canonical\" href=\"https:\/\/agenciabrasil.ebc.com.br\/direitos-humanos\/noticia\/2026-09\/recursos-precisam-chegar-povos-tradicionais-defende-fundo-brasil\" \/>\n<meta property=\"og:locale\" content=\"pt_BR\" \/>\n<meta property=\"og:type\" content=\"article\" \/>\n<meta property=\"og:title\" content=\"Recursos precisam chegar a povos tradicionais, defende Fundo Brasil\" \/>\n<meta property=\"og:description\" content=\"Por EBC, \u00c0 frente da funda\u00e7\u00e3o filantr\u00f3pica Fundo Brasil desde maio deste ano, a diretora executiva Allyne Andrade chegou \u00e0 institui\u00e7\u00e3o para ajudar a repensar a luta por direitos humanos frente aos desafios que agravam a desigualdade social no pa\u00eds.\u00a0\u00a0 Carioca de Realengo, na Zona Oeste, e com origem na pol\u00edtica de cotas da Universidade &hellip;\" \/>\n<meta property=\"og:url\" content=\"https:\/\/agenciabrasil.ebc.com.br\/direitos-humanos\/noticia\/2026-09\/recursos-precisam-chegar-povos-tradicionais-defende-fundo-brasil\" \/>\n<meta property=\"og:site_name\" content=\"MRNews\" \/>\n<meta property=\"article:publisher\" content=\"https:\/\/www.facebook.com\/eaipahpah\/?locale2=pt_BR\" \/>\n<meta property=\"article:published_time\" content=\"2026-09-06T13:37:34+00:00\" \/>\n<meta name=\"author\" content=\"Fernando Corraa\" \/>\n<meta name=\"twitter:card\" content=\"summary_large_image\" \/>\n<meta name=\"twitter:creator\" content=\"@conspirou\" \/>\n<meta name=\"twitter:site\" content=\"@conspirou\" \/>\n<meta name=\"twitter:label1\" content=\"Escrito por\" \/>\n\t<meta name=\"twitter:data1\" content=\"Fernando Corraa\" \/>\n\t<meta name=\"twitter:label2\" content=\"Est. tempo de leitura\" \/>\n\t<meta name=\"twitter:data2\" content=\"6 minutos\" \/>\n<script type=\"application\/ld+json\" class=\"yoast-schema-graph\">{\"@context\":\"https:\\\/\\\/schema.org\",\"@graph\":[{\"@type\":\"Article\",\"@id\":\"https:\\\/\\\/agenciabrasil.ebc.com.br\\\/direitos-humanos\\\/noticia\\\/2026-09\\\/recursos-precisam-chegar-povos-tradicionais-defende-fundo-brasil#article\",\"isPartOf\":{\"@id\":\"https:\\\/\\\/mrnews.com.br\\\/index.php\\\/2026\\\/09\\\/06\\\/recursos-precisam-chegar-a-povos-tradicionais-defende-fundo-brasil\\\/\"},\"author\":{\"name\":\"Fernando Corraa\",\"@id\":\"https:\\\/\\\/mrnews.com.br\\\/#\\\/schema\\\/person\\\/2f073f2d87903a2ff9a065e41bbf17d4\"},\"headline\":\"Recursos precisam chegar a povos tradicionais, defende Fundo Brasil\",\"datePublished\":\"2026-09-06T13:37:34+00:00\",\"mainEntityOfPage\":{\"@id\":\"https:\\\/\\\/mrnews.com.br\\\/index.php\\\/2026\\\/09\\\/06\\\/recursos-precisam-chegar-a-povos-tradicionais-defende-fundo-brasil\\\/\"},\"wordCount\":1278,\"commentCount\":0,\"publisher\":{\"@id\":\"https:\\\/\\\/mrnews.com.br\\\/#organization\"},\"articleSection\":[\"SERVI\u00c7OS\"],\"inLanguage\":\"pt-BR\",\"potentialAction\":[{\"@type\":\"CommentAction\",\"name\":\"Comment\",\"target\":[\"https:\\\/\\\/agenciabrasil.ebc.com.br\\\/direitos-humanos\\\/noticia\\\/2026-09\\\/recursos-precisam-chegar-povos-tradicionais-defende-fundo-brasil#respond\"]}]},{\"@type\":\"WebPage\",\"@id\":\"https:\\\/\\\/mrnews.com.br\\\/index.php\\\/2026\\\/09\\\/06\\\/recursos-precisam-chegar-a-povos-tradicionais-defende-fundo-brasil\\\/\",\"url\":\"https:\\\/\\\/agenciabrasil.ebc.com.br\\\/direitos-humanos\\\/noticia\\\/2026-09\\\/recursos-precisam-chegar-povos-tradicionais-defende-fundo-brasil\",\"name\":\"Recursos precisam chegar a povos tradicionais, defende Fundo Brasil\",\"isPartOf\":{\"@id\":\"https:\\\/\\\/mrnews.com.br\\\/#website\"},\"datePublished\":\"2026-09-06T13:37:34+00:00\",\"breadcrumb\":{\"@id\":\"https:\\\/\\\/agenciabrasil.ebc.com.br\\\/direitos-humanos\\\/noticia\\\/2026-09\\\/recursos-precisam-chegar-povos-tradicionais-defende-fundo-brasil#breadcrumb\"},\"inLanguage\":\"pt-BR\",\"potentialAction\":[{\"@type\":\"ReadAction\",\"target\":[\"https:\\\/\\\/agenciabrasil.ebc.com.br\\\/direitos-humanos\\\/noticia\\\/2026-09\\\/recursos-precisam-chegar-povos-tradicionais-defende-fundo-brasil\"]}]},{\"@type\":\"BreadcrumbList\",\"@id\":\"https:\\\/\\\/agenciabrasil.ebc.com.br\\\/direitos-humanos\\\/noticia\\\/2026-09\\\/recursos-precisam-chegar-povos-tradicionais-defende-fundo-brasil#breadcrumb\",\"itemListElement\":[{\"@type\":\"ListItem\",\"position\":1,\"name\":\"In\u00edcio\",\"item\":\"https:\\\/\\\/mrnews.com.br\\\/\"},{\"@type\":\"ListItem\",\"position\":2,\"name\":\"Recursos precisam chegar a povos tradicionais, defende Fundo Brasil\"}]},{\"@type\":\"WebSite\",\"@id\":\"https:\\\/\\\/mrnews.com.br\\\/#website\",\"url\":\"https:\\\/\\\/mrnews.com.br\\\/\",\"name\":\"MRNews\",\"description\":\"MRNews Jogos de hoje da TV, transmiss\u00f5es ao vivo, Not\u00edcias de futebol, Jogos ao vivo, Lives, resumo de novelas, Programa\u00e7\u00e3o da Globo, A Fazenda e BBB\",\"publisher\":{\"@id\":\"https:\\\/\\\/mrnews.com.br\\\/#organization\"},\"potentialAction\":[{\"@type\":\"SearchAction\",\"target\":{\"@type\":\"EntryPoint\",\"urlTemplate\":\"https:\\\/\\\/mrnews.com.br\\\/?s={search_term_string}\"},\"query-input\":{\"@type\":\"PropertyValueSpecification\",\"valueRequired\":true,\"valueName\":\"search_term_string\"}}],\"inLanguage\":\"pt-BR\"},{\"@type\":\"Organization\",\"@id\":\"https:\\\/\\\/mrnews.com.br\\\/#organization\",\"name\":\"MRNews\",\"url\":\"https:\\\/\\\/mrnews.com.br\\\/\",\"logo\":{\"@type\":\"ImageObject\",\"inLanguage\":\"pt-BR\",\"@id\":\"https:\\\/\\\/mrnews.com.br\\\/#\\\/schema\\\/logo\\\/image\\\/\",\"url\":\"https:\\\/\\\/mrnews.com.br\\\/wp-content\\\/uploads\\\/2026\\\/08\\\/MRNEws.png\",\"contentUrl\":\"https:\\\/\\\/mrnews.com.br\\\/wp-content\\\/uploads\\\/2026\\\/08\\\/MRNEws.png\",\"width\":1254,\"height\":1254,\"caption\":\"MRNews\"},\"image\":{\"@id\":\"https:\\\/\\\/mrnews.com.br\\\/#\\\/schema\\\/logo\\\/image\\\/\"},\"sameAs\":[\"https:\\\/\\\/www.facebook.com\\\/eaipahpah\\\/?locale2=pt_BR\",\"https:\\\/\\\/x.com\\\/conspirou\",\"https:\\\/\\\/www.instagram.com\\\/eai_pahpah\",\"https:\\\/\\\/br.pinterest.com\\\/mrnewsn\\\/boards\\\/\",\"https:\\\/\\\/www.youtube.com\\\/channel\\\/UCacgnpznQ61fifLWr1tQ-vA?view_as=subscriber\"]},{\"@type\":\"Person\",\"@id\":\"https:\\\/\\\/mrnews.com.br\\\/#\\\/schema\\\/person\\\/2f073f2d87903a2ff9a065e41bbf17d4\",\"name\":\"Fernando Corraa\",\"image\":{\"@type\":\"ImageObject\",\"inLanguage\":\"pt-BR\",\"@id\":\"https:\\\/\\\/secure.gravatar.com\\\/avatar\\\/9069acb0e588c9f4346ba747284aef18a5faaab575e89e9ccc64e315003f0b82?s=96&d=monsterid&r=g\",\"url\":\"https:\\\/\\\/secure.gravatar.com\\\/avatar\\\/9069acb0e588c9f4346ba747284aef18a5faaab575e89e9ccc64e315003f0b82?s=96&d=monsterid&r=g\",\"contentUrl\":\"https:\\\/\\\/secure.gravatar.com\\\/avatar\\\/9069acb0e588c9f4346ba747284aef18a5faaab575e89e9ccc64e315003f0b82?s=96&d=monsterid&r=g\",\"caption\":\"Fernando Corraa\"},\"url\":\"https:\\\/\\\/mrnews.com.br\\\/index.php\\\/author\\\/fernando-corraa\\\/\"}]}<\/script>\n<!-- \/ Yoast SEO plugin. -->","yoast_head_json":{"title":"Recursos precisam chegar a povos tradicionais, defende Fundo Brasil","robots":{"index":"index","follow":"follow","max-snippet":"max-snippet:-1","max-image-preview":"max-image-preview:large","max-video-preview":"max-video-preview:-1"},"canonical":"https:\/\/agenciabrasil.ebc.com.br\/direitos-humanos\/noticia\/2026-09\/recursos-precisam-chegar-povos-tradicionais-defende-fundo-brasil","og_locale":"pt_BR","og_type":"article","og_title":"Recursos precisam chegar a povos tradicionais, defende Fundo Brasil","og_description":"Por EBC, \u00c0 frente da funda\u00e7\u00e3o filantr\u00f3pica Fundo Brasil desde maio deste ano, a diretora executiva Allyne Andrade chegou \u00e0 institui\u00e7\u00e3o para ajudar a repensar a luta por direitos humanos frente aos desafios que agravam a desigualdade social no pa\u00eds.\u00a0\u00a0 Carioca de Realengo, na Zona Oeste, e com origem na pol\u00edtica de cotas da Universidade &hellip;","og_url":"https:\/\/agenciabrasil.ebc.com.br\/direitos-humanos\/noticia\/2026-09\/recursos-precisam-chegar-povos-tradicionais-defende-fundo-brasil","og_site_name":"MRNews","article_publisher":"https:\/\/www.facebook.com\/eaipahpah\/?locale2=pt_BR","article_published_time":"2026-09-06T13:37:34+00:00","author":"Fernando Corraa","twitter_card":"summary_large_image","twitter_creator":"@conspirou","twitter_site":"@conspirou","twitter_misc":{"Escrito por":"Fernando Corraa","Est. tempo de leitura":"6 minutos"},"schema":{"@context":"https:\/\/schema.org","@graph":[{"@type":"Article","@id":"https:\/\/agenciabrasil.ebc.com.br\/direitos-humanos\/noticia\/2026-09\/recursos-precisam-chegar-povos-tradicionais-defende-fundo-brasil#article","isPartOf":{"@id":"https:\/\/mrnews.com.br\/index.php\/2026\/09\/06\/recursos-precisam-chegar-a-povos-tradicionais-defende-fundo-brasil\/"},"author":{"name":"Fernando Corraa","@id":"https:\/\/mrnews.com.br\/#\/schema\/person\/2f073f2d87903a2ff9a065e41bbf17d4"},"headline":"Recursos precisam chegar a povos tradicionais, defende Fundo Brasil","datePublished":"2026-09-06T13:37:34+00:00","mainEntityOfPage":{"@id":"https:\/\/mrnews.com.br\/index.php\/2026\/09\/06\/recursos-precisam-chegar-a-povos-tradicionais-defende-fundo-brasil\/"},"wordCount":1278,"commentCount":0,"publisher":{"@id":"https:\/\/mrnews.com.br\/#organization"},"articleSection":["SERVI\u00c7OS"],"inLanguage":"pt-BR","potentialAction":[{"@type":"CommentAction","name":"Comment","target":["https:\/\/agenciabrasil.ebc.com.br\/direitos-humanos\/noticia\/2026-09\/recursos-precisam-chegar-povos-tradicionais-defende-fundo-brasil#respond"]}]},{"@type":"WebPage","@id":"https:\/\/mrnews.com.br\/index.php\/2026\/09\/06\/recursos-precisam-chegar-a-povos-tradicionais-defende-fundo-brasil\/","url":"https:\/\/agenciabrasil.ebc.com.br\/direitos-humanos\/noticia\/2026-09\/recursos-precisam-chegar-povos-tradicionais-defende-fundo-brasil","name":"Recursos precisam chegar a povos tradicionais, defende Fundo Brasil","isPartOf":{"@id":"https:\/\/mrnews.com.br\/#website"},"datePublished":"2026-09-06T13:37:34+00:00","breadcrumb":{"@id":"https:\/\/agenciabrasil.ebc.com.br\/direitos-humanos\/noticia\/2026-09\/recursos-precisam-chegar-povos-tradicionais-defende-fundo-brasil#breadcrumb"},"inLanguage":"pt-BR","potentialAction":[{"@type":"ReadAction","target":["https:\/\/agenciabrasil.ebc.com.br\/direitos-humanos\/noticia\/2026-09\/recursos-precisam-chegar-povos-tradicionais-defende-fundo-brasil"]}]},{"@type":"BreadcrumbList","@id":"https:\/\/agenciabrasil.ebc.com.br\/direitos-humanos\/noticia\/2026-09\/recursos-precisam-chegar-povos-tradicionais-defende-fundo-brasil#breadcrumb","itemListElement":[{"@type":"ListItem","position":1,"name":"In\u00edcio","item":"https:\/\/mrnews.com.br\/"},{"@type":"ListItem","position":2,"name":"Recursos precisam chegar a povos tradicionais, defende Fundo Brasil"}]},{"@type":"WebSite","@id":"https:\/\/mrnews.com.br\/#website","url":"https:\/\/mrnews.com.br\/","name":"MRNews","description":"MRNews Jogos de hoje da TV, transmiss\u00f5es ao vivo, Not\u00edcias de futebol, Jogos ao vivo, Lives, resumo de novelas, Programa\u00e7\u00e3o da Globo, A Fazenda e BBB","publisher":{"@id":"https:\/\/mrnews.com.br\/#organization"},"potentialAction":[{"@type":"SearchAction","target":{"@type":"EntryPoint","urlTemplate":"https:\/\/mrnews.com.br\/?s={search_term_string}"},"query-input":{"@type":"PropertyValueSpecification","valueRequired":true,"valueName":"search_term_string"}}],"inLanguage":"pt-BR"},{"@type":"Organization","@id":"https:\/\/mrnews.com.br\/#organization","name":"MRNews","url":"https:\/\/mrnews.com.br\/","logo":{"@type":"ImageObject","inLanguage":"pt-BR","@id":"https:\/\/mrnews.com.br\/#\/schema\/logo\/image\/","url":"https:\/\/mrnews.com.br\/wp-content\/uploads\/2026\/08\/MRNEws.png","contentUrl":"https:\/\/mrnews.com.br\/wp-content\/uploads\/2026\/08\/MRNEws.png","width":1254,"height":1254,"caption":"MRNews"},"image":{"@id":"https:\/\/mrnews.com.br\/#\/schema\/logo\/image\/"},"sameAs":["https:\/\/www.facebook.com\/eaipahpah\/?locale2=pt_BR","https:\/\/x.com\/conspirou","https:\/\/www.instagram.com\/eai_pahpah","https:\/\/br.pinterest.com\/mrnewsn\/boards\/","https:\/\/www.youtube.com\/channel\/UCacgnpznQ61fifLWr1tQ-vA?view_as=subscriber"]},{"@type":"Person","@id":"https:\/\/mrnews.com.br\/#\/schema\/person\/2f073f2d87903a2ff9a065e41bbf17d4","name":"Fernando Corraa","image":{"@type":"ImageObject","inLanguage":"pt-BR","@id":"https:\/\/secure.gravatar.com\/avatar\/9069acb0e588c9f4346ba747284aef18a5faaab575e89e9ccc64e315003f0b82?s=96&d=monsterid&r=g","url":"https:\/\/secure.gravatar.com\/avatar\/9069acb0e588c9f4346ba747284aef18a5faaab575e89e9ccc64e315003f0b82?s=96&d=monsterid&r=g","contentUrl":"https:\/\/secure.gravatar.com\/avatar\/9069acb0e588c9f4346ba747284aef18a5faaab575e89e9ccc64e315003f0b82?s=96&d=monsterid&r=g","caption":"Fernando Corraa"},"url":"https:\/\/mrnews.com.br\/index.php\/author\/fernando-corraa\/"}]}},"jetpack_sharing_enabled":true,"jetpack_shortlink":"https:\/\/wp.me\/pa2Qf7-1XhG","amp_enabled":true,"jetpack_featured_media_url":"","_links":{"self":[{"href":"https:\/\/mrnews.com.br\/index.php\/wp-json\/wp\/v2\/posts\/466220","targetHints":{"allow":["GET"]}}],"collection":[{"href":"https:\/\/mrnews.com.br\/index.php\/wp-json\/wp\/v2\/posts"}],"about":[{"href":"https:\/\/mrnews.com.br\/index.php\/wp-json\/wp\/v2\/types\/post"}],"author":[{"embeddable":true,"href":"https:\/\/mrnews.com.br\/index.php\/wp-json\/wp\/v2\/users\/39"}],"replies":[{"embeddable":true,"href":"https:\/\/mrnews.com.br\/index.php\/wp-json\/wp\/v2\/comments?post=466220"}],"version-history":[{"count":0,"href":"https:\/\/mrnews.com.br\/index.php\/wp-json\/wp\/v2\/posts\/466220\/revisions"}],"wp:attachment":[{"href":"https:\/\/mrnews.com.br\/index.php\/wp-json\/wp\/v2\/media?parent=466220"}],"wp:term":[{"taxonomy":"category","embeddable":true,"href":"https:\/\/mrnews.com.br\/index.php\/wp-json\/wp\/v2\/categories?post=466220"},{"taxonomy":"post_tag","embeddable":true,"href":"https:\/\/mrnews.com.br\/index.php\/wp-json\/wp\/v2\/tags?post=466220"}],"curies":[{"name":"wp","href":"https:\/\/api.w.org\/{rel}","templated":true}]}}