{"id":466223,"date":"2026-09-06T11:08:28","date_gmt":"2026-09-06T14:08:28","guid":{"rendered":"https:\/\/mrnews.com.br\/?p=466223"},"modified":"2026-09-06T11:08:28","modified_gmt":"2026-09-06T14:08:28","slug":"carlos-alberto-parreira-deixa-hospital-apos-80-dias-internado-e-fala-sobre-recuperacao","status":"publish","type":"post","link":"https:\/\/mrnews.com.br\/index.php\/2026\/09\/06\/carlos-alberto-parreira-deixa-hospital-apos-80-dias-internado-e-fala-sobre-recuperacao\/","title":{"rendered":"Carlos Alberto Parreira deixa hospital ap\u00f3s 80 dias internado e fala sobre recupera\u00e7\u00e3o"},"content":{"rendered":"<h1 style=\"text-align: left;\">Carlos Alberto Parreira deixa hospital ap\u00f3s 80 dias internado e fala sobre recupera\u00e7\u00e3o: \u201cEm breve&#8230;\u201d<\/h1>\n<p>O ex-t\u00e9cnico da Sele\u00e7\u00e3o Brasileira <strong>Carlos Alberto Parreira, de 83 anos, recebeu alta hospitalar neste s\u00e1bado (5)<\/strong> ap\u00f3s passar 80 dias internado no Hospital Samaritano Barra, no Rio de Janeiro. A sa\u00edda marcou o fim de um longo per\u00edodo de tratamento, que envolveu complica\u00e7\u00f5es importantes de sa\u00fade e exigiu cuidados intensivos. (<a title=\"Estas foram as palavras de Parreira ao deixar hospital depois de 80 dias internado: 'Em breve...'\" href=\"https:\/\/tvprime.correiobraziliense.com.br\/noticia\/402481\/celebridades\/estas-foram-as-palavras-de-parreira-ao-deixar-hospital-depois-de-80-dias-internado-em-breve-05092026?show_all_content=1&amp;utm_source=chatgpt.com\">TV Prime<\/a>)<\/p>\n<p>Parreira deixou a unidade em uma cadeira de rodas e foi recebido com aplausos por funcion\u00e1rios, familiares e pessoas que estavam no local. Em determinado momento, os presentes gritaram \u201c\u00e9 campe\u00e3o\u201d, em uma refer\u00eancia \u00e0 conquista do tetracampeonato mundial pela Sele\u00e7\u00e3o Brasileira em 1994, quando o treinador comandava a equipe. (<a title=\"V\u00eddeo: chega not\u00edcia sobre Carlos Alberto Parreira ap\u00f3s 80 dias internado\" href=\"https:\/\/tvprime.correiobraziliense.com.br\/noticia\/402435\/celebridades\/video-chega-noticia-sobre-carlos-alberto-parreira-apos-80-dias-internado-05092026?show_all_content=1&amp;utm_source=chatgpt.com\">TV Prime<\/a>)<\/p>\n<h2>Parreira agradece pelo carinho recebido<\/h2>\n<p>Ao deixar o hospital, Parreira falou sobre o apoio que recebeu durante os quase tr\u00eas meses de interna\u00e7\u00e3o. O ex-treinador destacou que o carinho demonstrado pelas pessoas teve import\u00e2ncia durante sua recupera\u00e7\u00e3o.<\/p>\n<p>\u201cFico agradecido por esse carinho, que, com certeza, ajudou muito\u201d, afirmou Parreira em entrevista exibida pela televis\u00e3o. (<a title=\"Estas foram as palavras de Parreira ao deixar hospital depois de 80 dias internado: 'Em breve...'\" href=\"https:\/\/tvprime.correiobraziliense.com.br\/noticia\/402481\/celebridades\/estas-foram-as-palavras-de-parreira-ao-deixar-hospital-depois-de-80-dias-internado-em-breve-05092026?show_all_content=1&amp;utm_source=chatgpt.com\">TV Prime<\/a>)<\/p>\n<p>O treinador tamb\u00e9m mostrou confian\u00e7a na recupera\u00e7\u00e3o f\u00edsica. Segundo ele, o aspecto emocional permaneceu bem durante o per\u00edodo de tratamento, enquanto a parte f\u00edsica agora ser\u00e1 recuperada gradualmente.<\/p>\n<p>Parreira ainda deixou uma mensagem de esperan\u00e7a ao falar sobre seus pr\u00f3ximos passos: <strong>\u201cEm breve, (espero) estar de volta \u00e0s atividades normais.\u201d<\/strong> (<a title=\"Estas foram as palavras de Parreira ao deixar hospital depois de 80 dias internado: 'Em breve...'\" href=\"https:\/\/tvprime.correiobraziliense.com.br\/noticia\/402481\/celebridades\/estas-foram-as-palavras-de-parreira-ao-deixar-hospital-depois-de-80-dias-internado-em-breve-05092026?show_all_content=1&amp;utm_source=chatgpt.com\">TV Prime<\/a>)<\/p>\n<h2>Foram 80 dias de interna\u00e7\u00e3o<\/h2>\n<p>Carlos Alberto Parreira foi internado em <strong>16 de junho de 2026<\/strong> com um quadro de insufici\u00eancia respirat\u00f3ria aguda, que teria sido provocado por toxicidade pulmonar relacionada a medicamentos.<\/p>\n<p>Durante a interna\u00e7\u00e3o, o ex-t\u00e9cnico precisou de cuidados intensivos e chegou a utilizar ventila\u00e7\u00e3o mec\u00e2nica. Tamb\u00e9m passou por hemodi\u00e1lise e outros procedimentos m\u00e9dicos necess\u00e1rios para a manuten\u00e7\u00e3o de sua sa\u00fade. (<a title=\"Parreira deixa hospital sob aplausos ap\u00f3s quase tr\u00eas meses internado; veja v\u00eddeo\" href=\"https:\/\/www1.folha.uol.com.br\/esporte\/2026\/09\/carlos-alberto-parreira-recebe-alta-apos-quase-tres-meses-internado.shtml?utm_source=chatgpt.com\">Folha de S.Paulo<\/a>)<\/p>\n<p>Em determinado momento da interna\u00e7\u00e3o, Parreira tamb\u00e9m precisou passar por um procedimento para controlar um sangramento nasal.<\/p>\n<p>O longo per\u00edodo no hospital exigiu acompanhamento permanente de uma equipe multidisciplinar.<\/p>\n<h2>Recupera\u00e7\u00e3o continuar\u00e1 em casa<\/h2>\n<p>Apesar da alta hospitalar, o tratamento de Parreira n\u00e3o chegou ao fim.<\/p>\n<p>Segundo informa\u00e7\u00f5es divulgadas pelo Hospital Samaritano Barra, o ex-t\u00e9cnico continuar\u00e1 sendo acompanhado <strong>em casa e tamb\u00e9m de forma ambulatorial<\/strong>, com monitoramento de seu quadro geral. (<a title=\"Parreira deixa hospital sob aplausos ap\u00f3s quase tr\u00eas meses internado; veja v\u00eddeo\" href=\"https:\/\/www1.folha.uol.com.br\/esporte\/2026\/09\/carlos-alberto-parreira-recebe-alta-apos-quase-tres-meses-internado.shtml?utm_source=chatgpt.com\">Folha de S.Paulo<\/a>)<\/p>\n<p>A sa\u00edda do hospital, portanto, representa uma nova etapa da recupera\u00e7\u00e3o, agora longe da interna\u00e7\u00e3o e pr\u00f3ximo dos familiares.<\/p>\n<h2>Parreira enfrentou outro problema de sa\u00fade nos \u00faltimos anos<\/h2>\n<p>O per\u00edodo recente de interna\u00e7\u00e3o aconteceu depois de outro importante desafio enfrentado pelo treinador.<\/p>\n<p>Em <strong>2024, Carlos Alberto Parreira passou por quimioterapia para tratar um linfoma de Hodgkin<\/strong>. (<a title=\"Parreira deixa hospital sob aplausos ap\u00f3s quase tr\u00eas meses internado; veja v\u00eddeo\" href=\"https:\/\/www1.folha.uol.com.br\/esporte\/2026\/09\/carlos-alberto-parreira-recebe-alta-apos-quase-tres-meses-internado.shtml?utm_source=chatgpt.com\">Folha de S.Paulo<\/a>)<\/p>\n<p>Mesmo diante dos problemas de sa\u00fade, Parreira continuou sendo lembrado pela enorme contribui\u00e7\u00e3o que deu ao futebol brasileiro.<\/p>\n<h2>Uma hist\u00f3ria marcada pela Sele\u00e7\u00e3o Brasileira<\/h2>\n<p>Carlos Alberto Parreira tem uma das trajet\u00f3rias mais importantes entre os profissionais que trabalharam com a Sele\u00e7\u00e3o Brasileira.<\/p>\n<p>Ele integrou a comiss\u00e3o t\u00e9cnica da equipe que conquistou o <strong>tricampeonato mundial em 1970<\/strong>, como preparador f\u00edsico.<\/p>\n<p>Anos depois, assumiu o comando da Sele\u00e7\u00e3o e entrou definitivamente para a hist\u00f3ria ao conduzir o Brasil ao <strong>tetracampeonato mundial de 1994<\/strong>, nos Estados Unidos.<\/p>\n<p>Na decis\u00e3o contra a It\u00e1lia, o Brasil conquistou o t\u00edtulo nos p\u00eanaltis, encerrando um jejum de 24 anos sem levantar a ta\u00e7a da Copa do Mundo.<\/p>\n<p>Parreira tamb\u00e9m esteve envolvido com a Sele\u00e7\u00e3o em outros Mundiais. Trabalhou na Copa de 2006 como treinador e integrou a comiss\u00e3o t\u00e9cnica brasileira na Copa de 2014. (<a title=\"Parreira deixa hospital sob aplausos ap\u00f3s quase tr\u00eas meses internado; veja v\u00eddeo\" href=\"https:\/\/www1.folha.uol.com.br\/esporte\/2026\/09\/carlos-alberto-parreira-recebe-alta-apos-quase-tres-meses-internado.shtml?utm_source=chatgpt.com\">Folha de S.Paulo<\/a>)<\/p>\n<p>Al\u00e9m do Brasil, comandou sele\u00e7\u00f5es como Kuwait, Emirados \u00c1rabes Unidos, Ar\u00e1bia Saudita e \u00c1frica do Sul em diferentes edi\u00e7\u00f5es da Copa do Mundo. (<a title=\"Parreira deixa hospital sob aplausos ap\u00f3s quase tr\u00eas meses internado; veja v\u00eddeo\" href=\"https:\/\/www1.folha.uol.com.br\/esporte\/2026\/09\/carlos-alberto-parreira-recebe-alta-apos-quase-tres-meses-internado.shtml?utm_source=chatgpt.com\">Folha de S.Paulo<\/a>)<\/p>\n<h2>Emo\u00e7\u00e3o na despedida do hospital<\/h2>\n<p>A alta de Parreira foi marcada por uma cena simb\u00f3lica. Ao deixar o hospital, o treinador recebeu aplausos e manifesta\u00e7\u00f5es de carinho daqueles que acompanharam sua sa\u00edda.<\/p>\n<p>A homenagem emocionou o ex-comandante da Sele\u00e7\u00e3o, que acenou para as pessoas enquanto deixava a unidade.<\/p>\n<p>Depois de 80 dias de interna\u00e7\u00e3o, Parreira agora inicia uma nova fase de recupera\u00e7\u00e3o ao lado da fam\u00edlia.<\/p>\n<p>A expectativa \u00e9 que o treinador continue evoluindo gradualmente e possa, como ele pr\u00f3prio afirmou, <strong>retomar suas atividades normais em breve<\/strong>. (<a title=\"Estas foram as palavras de Parreira ao deixar hospital depois de 80 dias internado: 'Em breve...'\" href=\"https:\/\/tvprime.correiobraziliense.com.br\/noticia\/402481\/celebridades\/estas-foram-as-palavras-de-parreira-ao-deixar-hospital-depois-de-80-dias-internado-em-breve-05092026?show_all_content=1&amp;utm_source=chatgpt.com\">TV Prime<\/a>)<\/p>\n","protected":false},"excerpt":{"rendered":"<p>Carlos Alberto Parreira deixa hospital ap\u00f3s 80 dias internado e fala sobre recupera\u00e7\u00e3o: \u201cEm breve&#8230;\u201d O ex-t\u00e9cnico da Sele\u00e7\u00e3o Brasileira Carlos Alberto Parreira, de 83 anos, recebeu alta hospitalar neste s\u00e1bado (5) ap\u00f3s passar 80 dias internado no Hospital Samaritano Barra, no Rio de Janeiro. A sa\u00edda marcou o fim de um longo per\u00edodo de &hellip;<\/p>\n","protected":false},"author":1,"featured_media":466224,"comment_status":"open","ping_status":"open","sticky":false,"template":"","format":"standard","meta":{"_jetpack_newsletter_access":"","_jetpack_dont_email_post_to_subs":false,"_jetpack_newsletter_tier_id":0,"_jetpack_memberships_contains_paywalled_content":false,"_jetpack_feature_clip_id":0,"_jetpack_memberships_contains_paid_content":false,"footnotes":"","jetpack_post_was_ever_published":false},"categories":[2],"tags":[],"class_list":["post-466223","post","type-post","status-publish","format-standard","has-post-thumbnail","hentry","category-entretenimento"],"yoast_head":"<!-- This site is optimized with the Yoast SEO plugin v28.4 - https:\/\/yoast.com\/product\/yoast-seo-wordpress\/ -->\n<title>Carlos Alberto Parreira deixa hospital ap\u00f3s 80 dias internado e fala sobre recupera\u00e7\u00e3o<\/title>\n<meta name=\"robots\" content=\"index, follow, max-snippet:-1, max-image-preview:large, max-video-preview:-1\" \/>\n<link rel=\"canonical\" href=\"https:\/\/mrnews.com.br\/index.php\/2026\/09\/06\/carlos-alberto-parreira-deixa-hospital-apos-80-dias-internado-e-fala-sobre-recuperacao\/\" \/>\n<meta property=\"og:locale\" content=\"pt_BR\" \/>\n<meta property=\"og:type\" content=\"article\" \/>\n<meta property=\"og:title\" content=\"Carlos Alberto Parreira deixa hospital ap\u00f3s 80 dias internado e fala sobre recupera\u00e7\u00e3o\" \/>\n<meta property=\"og:description\" content=\"Carlos Alberto Parreira deixa hospital ap\u00f3s 80 dias internado e fala sobre recupera\u00e7\u00e3o: \u201cEm breve&#8230;\u201d O ex-t\u00e9cnico da Sele\u00e7\u00e3o Brasileira Carlos Alberto Parreira, de 83 anos, recebeu alta hospitalar neste s\u00e1bado (5) ap\u00f3s passar 80 dias internado no Hospital Samaritano Barra, no Rio de Janeiro. A sa\u00edda marcou o fim de um longo per\u00edodo de &hellip;\" \/>\n<meta property=\"og:url\" content=\"https:\/\/mrnews.com.br\/index.php\/2026\/09\/06\/carlos-alberto-parreira-deixa-hospital-apos-80-dias-internado-e-fala-sobre-recuperacao\/\" \/>\n<meta property=\"og:site_name\" content=\"MRNews\" \/>\n<meta property=\"article:publisher\" content=\"https:\/\/www.facebook.com\/eaipahpah\/?locale2=pt_BR\" \/>\n<meta property=\"article:published_time\" content=\"2026-09-06T14:08:28+00:00\" \/>\n<meta property=\"og:image\" content=\"https:\/\/mrnews.com.br\/wp-content\/uploads\/2026\/09\/FB_IMG_1788703333822.jpg\" \/>\n\t<meta property=\"og:image:width\" content=\"984\" \/>\n\t<meta property=\"og:image:height\" content=\"1230\" \/>\n\t<meta property=\"og:image:type\" content=\"image\/jpeg\" \/>\n<meta name=\"author\" content=\"MR News\" \/>\n<meta name=\"twitter:card\" content=\"summary_large_image\" \/>\n<meta name=\"twitter:creator\" content=\"@conspirou\" \/>\n<meta name=\"twitter:site\" content=\"@conspirou\" \/>\n<meta name=\"twitter:label1\" content=\"Escrito por\" \/>\n\t<meta name=\"twitter:data1\" content=\"MR News\" \/>\n\t<meta name=\"twitter:label2\" content=\"Est. tempo de leitura\" \/>\n\t<meta name=\"twitter:data2\" content=\"4 minutos\" \/>\n<script type=\"application\/ld+json\" class=\"yoast-schema-graph\">{\"@context\":\"https:\\\/\\\/schema.org\",\"@graph\":[{\"@type\":\"Article\",\"@id\":\"https:\\\/\\\/mrnews.com.br\\\/index.php\\\/2026\\\/09\\\/06\\\/carlos-alberto-parreira-deixa-hospital-apos-80-dias-internado-e-fala-sobre-recuperacao\\\/#article\",\"isPartOf\":{\"@id\":\"https:\\\/\\\/mrnews.com.br\\\/index.php\\\/2026\\\/09\\\/06\\\/carlos-alberto-parreira-deixa-hospital-apos-80-dias-internado-e-fala-sobre-recuperacao\\\/\"},\"author\":{\"name\":\"MR News\",\"@id\":\"https:\\\/\\\/mrnews.com.br\\\/#\\\/schema\\\/person\\\/be3203154562a9f207407861cef7827b\"},\"headline\":\"Carlos Alberto Parreira deixa hospital ap\u00f3s 80 dias internado e fala sobre recupera\u00e7\u00e3o\",\"datePublished\":\"2026-09-06T14:08:28+00:00\",\"mainEntityOfPage\":{\"@id\":\"https:\\\/\\\/mrnews.com.br\\\/index.php\\\/2026\\\/09\\\/06\\\/carlos-alberto-parreira-deixa-hospital-apos-80-dias-internado-e-fala-sobre-recuperacao\\\/\"},\"wordCount\":770,\"commentCount\":0,\"publisher\":{\"@id\":\"https:\\\/\\\/mrnews.com.br\\\/#organization\"},\"image\":{\"@id\":\"https:\\\/\\\/mrnews.com.br\\\/index.php\\\/2026\\\/09\\\/06\\\/carlos-alberto-parreira-deixa-hospital-apos-80-dias-internado-e-fala-sobre-recuperacao\\\/#primaryimage\"},\"thumbnailUrl\":\"https:\\\/\\\/mrnews.com.br\\\/wp-content\\\/uploads\\\/2026\\\/09\\\/FB_IMG_1788703333822.jpg\",\"articleSection\":[\"ENTRETENIMENTO\"],\"inLanguage\":\"pt-BR\",\"potentialAction\":[{\"@type\":\"CommentAction\",\"name\":\"Comment\",\"target\":[\"https:\\\/\\\/mrnews.com.br\\\/index.php\\\/2026\\\/09\\\/06\\\/carlos-alberto-parreira-deixa-hospital-apos-80-dias-internado-e-fala-sobre-recuperacao\\\/#respond\"]}]},{\"@type\":\"WebPage\",\"@id\":\"https:\\\/\\\/mrnews.com.br\\\/index.php\\\/2026\\\/09\\\/06\\\/carlos-alberto-parreira-deixa-hospital-apos-80-dias-internado-e-fala-sobre-recuperacao\\\/\",\"url\":\"https:\\\/\\\/mrnews.com.br\\\/index.php\\\/2026\\\/09\\\/06\\\/carlos-alberto-parreira-deixa-hospital-apos-80-dias-internado-e-fala-sobre-recuperacao\\\/\",\"name\":\"Carlos Alberto Parreira deixa hospital ap\u00f3s 80 dias internado e fala sobre recupera\u00e7\u00e3o\",\"isPartOf\":{\"@id\":\"https:\\\/\\\/mrnews.com.br\\\/#website\"},\"primaryImageOfPage\":{\"@id\":\"https:\\\/\\\/mrnews.com.br\\\/index.php\\\/2026\\\/09\\\/06\\\/carlos-alberto-parreira-deixa-hospital-apos-80-dias-internado-e-fala-sobre-recuperacao\\\/#primaryimage\"},\"image\":{\"@id\":\"https:\\\/\\\/mrnews.com.br\\\/index.php\\\/2026\\\/09\\\/06\\\/carlos-alberto-parreira-deixa-hospital-apos-80-dias-internado-e-fala-sobre-recuperacao\\\/#primaryimage\"},\"thumbnailUrl\":\"https:\\\/\\\/mrnews.com.br\\\/wp-content\\\/uploads\\\/2026\\\/09\\\/FB_IMG_1788703333822.jpg\",\"datePublished\":\"2026-09-06T14:08:28+00:00\",\"breadcrumb\":{\"@id\":\"https:\\\/\\\/mrnews.com.br\\\/index.php\\\/2026\\\/09\\\/06\\\/carlos-alberto-parreira-deixa-hospital-apos-80-dias-internado-e-fala-sobre-recuperacao\\\/#breadcrumb\"},\"inLanguage\":\"pt-BR\",\"potentialAction\":[{\"@type\":\"ReadAction\",\"target\":[\"https:\\\/\\\/mrnews.com.br\\\/index.php\\\/2026\\\/09\\\/06\\\/carlos-alberto-parreira-deixa-hospital-apos-80-dias-internado-e-fala-sobre-recuperacao\\\/\"]}]},{\"@type\":\"ImageObject\",\"inLanguage\":\"pt-BR\",\"@id\":\"https:\\\/\\\/mrnews.com.br\\\/index.php\\\/2026\\\/09\\\/06\\\/carlos-alberto-parreira-deixa-hospital-apos-80-dias-internado-e-fala-sobre-recuperacao\\\/#primaryimage\",\"url\":\"https:\\\/\\\/mrnews.com.br\\\/wp-content\\\/uploads\\\/2026\\\/09\\\/FB_IMG_1788703333822.jpg\",\"contentUrl\":\"https:\\\/\\\/mrnews.com.br\\\/wp-content\\\/uploads\\\/2026\\\/09\\\/FB_IMG_1788703333822.jpg\",\"width\":984,\"height\":1230},{\"@type\":\"BreadcrumbList\",\"@id\":\"https:\\\/\\\/mrnews.com.br\\\/index.php\\\/2026\\\/09\\\/06\\\/carlos-alberto-parreira-deixa-hospital-apos-80-dias-internado-e-fala-sobre-recuperacao\\\/#breadcrumb\",\"itemListElement\":[{\"@type\":\"ListItem\",\"position\":1,\"name\":\"In\u00edcio\",\"item\":\"https:\\\/\\\/mrnews.com.br\\\/\"},{\"@type\":\"ListItem\",\"position\":2,\"name\":\"Carlos Alberto Parreira deixa hospital ap\u00f3s 80 dias internado e fala sobre recupera\u00e7\u00e3o\"}]},{\"@type\":\"WebSite\",\"@id\":\"https:\\\/\\\/mrnews.com.br\\\/#website\",\"url\":\"https:\\\/\\\/mrnews.com.br\\\/\",\"name\":\"MRNews\",\"description\":\"MRNews Jogos de hoje da TV, transmiss\u00f5es ao vivo, Not\u00edcias de futebol, Jogos ao vivo, Lives, resumo de novelas, Programa\u00e7\u00e3o da Globo, A Fazenda e BBB\",\"publisher\":{\"@id\":\"https:\\\/\\\/mrnews.com.br\\\/#organization\"},\"potentialAction\":[{\"@type\":\"SearchAction\",\"target\":{\"@type\":\"EntryPoint\",\"urlTemplate\":\"https:\\\/\\\/mrnews.com.br\\\/?s={search_term_string}\"},\"query-input\":{\"@type\":\"PropertyValueSpecification\",\"valueRequired\":true,\"valueName\":\"search_term_string\"}}],\"inLanguage\":\"pt-BR\"},{\"@type\":\"Organization\",\"@id\":\"https:\\\/\\\/mrnews.com.br\\\/#organization\",\"name\":\"MRNews\",\"url\":\"https:\\\/\\\/mrnews.com.br\\\/\",\"logo\":{\"@type\":\"ImageObject\",\"inLanguage\":\"pt-BR\",\"@id\":\"https:\\\/\\\/mrnews.com.br\\\/#\\\/schema\\\/logo\\\/image\\\/\",\"url\":\"https:\\\/\\\/mrnews.com.br\\\/wp-content\\\/uploads\\\/2026\\\/08\\\/MRNEws.png\",\"contentUrl\":\"https:\\\/\\\/mrnews.com.br\\\/wp-content\\\/uploads\\\/2026\\\/08\\\/MRNEws.png\",\"width\":1254,\"height\":1254,\"caption\":\"MRNews\"},\"image\":{\"@id\":\"https:\\\/\\\/mrnews.com.br\\\/#\\\/schema\\\/logo\\\/image\\\/\"},\"sameAs\":[\"https:\\\/\\\/www.facebook.com\\\/eaipahpah\\\/?locale2=pt_BR\",\"https:\\\/\\\/x.com\\\/conspirou\",\"https:\\\/\\\/www.instagram.com\\\/eai_pahpah\",\"https:\\\/\\\/br.pinterest.com\\\/mrnewsn\\\/boards\\\/\",\"https:\\\/\\\/www.youtube.com\\\/channel\\\/UCacgnpznQ61fifLWr1tQ-vA?view_as=subscriber\"]},{\"@type\":\"Person\",\"@id\":\"https:\\\/\\\/mrnews.com.br\\\/#\\\/schema\\\/person\\\/be3203154562a9f207407861cef7827b\",\"name\":\"MR News\",\"image\":{\"@type\":\"ImageObject\",\"inLanguage\":\"pt-BR\",\"@id\":\"https:\\\/\\\/secure.gravatar.com\\\/avatar\\\/04084e6d73c042b8646e7c17b494073bf0ede3ea13c7105cfc45cbbbc28385a4?s=96&d=monsterid&r=g\",\"url\":\"https:\\\/\\\/secure.gravatar.com\\\/avatar\\\/04084e6d73c042b8646e7c17b494073bf0ede3ea13c7105cfc45cbbbc28385a4?s=96&d=monsterid&r=g\",\"contentUrl\":\"https:\\\/\\\/secure.gravatar.com\\\/avatar\\\/04084e6d73c042b8646e7c17b494073bf0ede3ea13c7105cfc45cbbbc28385a4?s=96&d=monsterid&r=g\",\"caption\":\"MR News\"},\"description\":\"Especializado em jornalismo colaborativo pela FTP em n\u00edvel de p\u00f3s-gradua\u00e7\u00e3o. suporte@oimeliga.combr\",\"sameAs\":[\"HUGO R.\",\"Admin\"],\"url\":\"https:\\\/\\\/mrnews.com.br\\\/index.php\\\/author\\\/admin\\\/\"}]}<\/script>\n<!-- \/ Yoast SEO plugin. -->","yoast_head_json":{"title":"Carlos Alberto Parreira deixa hospital ap\u00f3s 80 dias internado e fala sobre recupera\u00e7\u00e3o","robots":{"index":"index","follow":"follow","max-snippet":"max-snippet:-1","max-image-preview":"max-image-preview:large","max-video-preview":"max-video-preview:-1"},"canonical":"https:\/\/mrnews.com.br\/index.php\/2026\/09\/06\/carlos-alberto-parreira-deixa-hospital-apos-80-dias-internado-e-fala-sobre-recuperacao\/","og_locale":"pt_BR","og_type":"article","og_title":"Carlos Alberto Parreira deixa hospital ap\u00f3s 80 dias internado e fala sobre recupera\u00e7\u00e3o","og_description":"Carlos Alberto Parreira deixa hospital ap\u00f3s 80 dias internado e fala sobre recupera\u00e7\u00e3o: \u201cEm breve&#8230;\u201d O ex-t\u00e9cnico da Sele\u00e7\u00e3o Brasileira Carlos Alberto Parreira, de 83 anos, recebeu alta hospitalar neste s\u00e1bado (5) ap\u00f3s passar 80 dias internado no Hospital Samaritano Barra, no Rio de Janeiro. A sa\u00edda marcou o fim de um longo per\u00edodo de &hellip;","og_url":"https:\/\/mrnews.com.br\/index.php\/2026\/09\/06\/carlos-alberto-parreira-deixa-hospital-apos-80-dias-internado-e-fala-sobre-recuperacao\/","og_site_name":"MRNews","article_publisher":"https:\/\/www.facebook.com\/eaipahpah\/?locale2=pt_BR","article_published_time":"2026-09-06T14:08:28+00:00","og_image":[{"width":984,"height":1230,"url":"https:\/\/mrnews.com.br\/wp-content\/uploads\/2026\/09\/FB_IMG_1788703333822.jpg","type":"image\/jpeg"}],"author":"MR News","twitter_card":"summary_large_image","twitter_creator":"@conspirou","twitter_site":"@conspirou","twitter_misc":{"Escrito por":"MR News","Est. tempo de leitura":"4 minutos"},"schema":{"@context":"https:\/\/schema.org","@graph":[{"@type":"Article","@id":"https:\/\/mrnews.com.br\/index.php\/2026\/09\/06\/carlos-alberto-parreira-deixa-hospital-apos-80-dias-internado-e-fala-sobre-recuperacao\/#article","isPartOf":{"@id":"https:\/\/mrnews.com.br\/index.php\/2026\/09\/06\/carlos-alberto-parreira-deixa-hospital-apos-80-dias-internado-e-fala-sobre-recuperacao\/"},"author":{"name":"MR News","@id":"https:\/\/mrnews.com.br\/#\/schema\/person\/be3203154562a9f207407861cef7827b"},"headline":"Carlos Alberto Parreira deixa hospital ap\u00f3s 80 dias internado e fala sobre recupera\u00e7\u00e3o","datePublished":"2026-09-06T14:08:28+00:00","mainEntityOfPage":{"@id":"https:\/\/mrnews.com.br\/index.php\/2026\/09\/06\/carlos-alberto-parreira-deixa-hospital-apos-80-dias-internado-e-fala-sobre-recuperacao\/"},"wordCount":770,"commentCount":0,"publisher":{"@id":"https:\/\/mrnews.com.br\/#organization"},"image":{"@id":"https:\/\/mrnews.com.br\/index.php\/2026\/09\/06\/carlos-alberto-parreira-deixa-hospital-apos-80-dias-internado-e-fala-sobre-recuperacao\/#primaryimage"},"thumbnailUrl":"https:\/\/mrnews.com.br\/wp-content\/uploads\/2026\/09\/FB_IMG_1788703333822.jpg","articleSection":["ENTRETENIMENTO"],"inLanguage":"pt-BR","potentialAction":[{"@type":"CommentAction","name":"Comment","target":["https:\/\/mrnews.com.br\/index.php\/2026\/09\/06\/carlos-alberto-parreira-deixa-hospital-apos-80-dias-internado-e-fala-sobre-recuperacao\/#respond"]}]},{"@type":"WebPage","@id":"https:\/\/mrnews.com.br\/index.php\/2026\/09\/06\/carlos-alberto-parreira-deixa-hospital-apos-80-dias-internado-e-fala-sobre-recuperacao\/","url":"https:\/\/mrnews.com.br\/index.php\/2026\/09\/06\/carlos-alberto-parreira-deixa-hospital-apos-80-dias-internado-e-fala-sobre-recuperacao\/","name":"Carlos Alberto Parreira deixa hospital ap\u00f3s 80 dias internado e fala sobre recupera\u00e7\u00e3o","isPartOf":{"@id":"https:\/\/mrnews.com.br\/#website"},"primaryImageOfPage":{"@id":"https:\/\/mrnews.com.br\/index.php\/2026\/09\/06\/carlos-alberto-parreira-deixa-hospital-apos-80-dias-internado-e-fala-sobre-recuperacao\/#primaryimage"},"image":{"@id":"https:\/\/mrnews.com.br\/index.php\/2026\/09\/06\/carlos-alberto-parreira-deixa-hospital-apos-80-dias-internado-e-fala-sobre-recuperacao\/#primaryimage"},"thumbnailUrl":"https:\/\/mrnews.com.br\/wp-content\/uploads\/2026\/09\/FB_IMG_1788703333822.jpg","datePublished":"2026-09-06T14:08:28+00:00","breadcrumb":{"@id":"https:\/\/mrnews.com.br\/index.php\/2026\/09\/06\/carlos-alberto-parreira-deixa-hospital-apos-80-dias-internado-e-fala-sobre-recuperacao\/#breadcrumb"},"inLanguage":"pt-BR","potentialAction":[{"@type":"ReadAction","target":["https:\/\/mrnews.com.br\/index.php\/2026\/09\/06\/carlos-alberto-parreira-deixa-hospital-apos-80-dias-internado-e-fala-sobre-recuperacao\/"]}]},{"@type":"ImageObject","inLanguage":"pt-BR","@id":"https:\/\/mrnews.com.br\/index.php\/2026\/09\/06\/carlos-alberto-parreira-deixa-hospital-apos-80-dias-internado-e-fala-sobre-recuperacao\/#primaryimage","url":"https:\/\/mrnews.com.br\/wp-content\/uploads\/2026\/09\/FB_IMG_1788703333822.jpg","contentUrl":"https:\/\/mrnews.com.br\/wp-content\/uploads\/2026\/09\/FB_IMG_1788703333822.jpg","width":984,"height":1230},{"@type":"BreadcrumbList","@id":"https:\/\/mrnews.com.br\/index.php\/2026\/09\/06\/carlos-alberto-parreira-deixa-hospital-apos-80-dias-internado-e-fala-sobre-recuperacao\/#breadcrumb","itemListElement":[{"@type":"ListItem","position":1,"name":"In\u00edcio","item":"https:\/\/mrnews.com.br\/"},{"@type":"ListItem","position":2,"name":"Carlos Alberto Parreira deixa hospital ap\u00f3s 80 dias internado e fala sobre recupera\u00e7\u00e3o"}]},{"@type":"WebSite","@id":"https:\/\/mrnews.com.br\/#website","url":"https:\/\/mrnews.com.br\/","name":"MRNews","description":"MRNews Jogos de hoje da TV, transmiss\u00f5es ao vivo, Not\u00edcias de futebol, Jogos ao vivo, Lives, resumo de novelas, Programa\u00e7\u00e3o da Globo, A Fazenda e BBB","publisher":{"@id":"https:\/\/mrnews.com.br\/#organization"},"potentialAction":[{"@type":"SearchAction","target":{"@type":"EntryPoint","urlTemplate":"https:\/\/mrnews.com.br\/?s={search_term_string}"},"query-input":{"@type":"PropertyValueSpecification","valueRequired":true,"valueName":"search_term_string"}}],"inLanguage":"pt-BR"},{"@type":"Organization","@id":"https:\/\/mrnews.com.br\/#organization","name":"MRNews","url":"https:\/\/mrnews.com.br\/","logo":{"@type":"ImageObject","inLanguage":"pt-BR","@id":"https:\/\/mrnews.com.br\/#\/schema\/logo\/image\/","url":"https:\/\/mrnews.com.br\/wp-content\/uploads\/2026\/08\/MRNEws.png","contentUrl":"https:\/\/mrnews.com.br\/wp-content\/uploads\/2026\/08\/MRNEws.png","width":1254,"height":1254,"caption":"MRNews"},"image":{"@id":"https:\/\/mrnews.com.br\/#\/schema\/logo\/image\/"},"sameAs":["https:\/\/www.facebook.com\/eaipahpah\/?locale2=pt_BR","https:\/\/x.com\/conspirou","https:\/\/www.instagram.com\/eai_pahpah","https:\/\/br.pinterest.com\/mrnewsn\/boards\/","https:\/\/www.youtube.com\/channel\/UCacgnpznQ61fifLWr1tQ-vA?view_as=subscriber"]},{"@type":"Person","@id":"https:\/\/mrnews.com.br\/#\/schema\/person\/be3203154562a9f207407861cef7827b","name":"MR News","image":{"@type":"ImageObject","inLanguage":"pt-BR","@id":"https:\/\/secure.gravatar.com\/avatar\/04084e6d73c042b8646e7c17b494073bf0ede3ea13c7105cfc45cbbbc28385a4?s=96&d=monsterid&r=g","url":"https:\/\/secure.gravatar.com\/avatar\/04084e6d73c042b8646e7c17b494073bf0ede3ea13c7105cfc45cbbbc28385a4?s=96&d=monsterid&r=g","contentUrl":"https:\/\/secure.gravatar.com\/avatar\/04084e6d73c042b8646e7c17b494073bf0ede3ea13c7105cfc45cbbbc28385a4?s=96&d=monsterid&r=g","caption":"MR News"},"description":"Especializado em jornalismo colaborativo pela FTP em n\u00edvel de p\u00f3s-gradua\u00e7\u00e3o. suporte@oimeliga.combr","sameAs":["HUGO R.","Admin"],"url":"https:\/\/mrnews.com.br\/index.php\/author\/admin\/"}]}},"jetpack_sharing_enabled":true,"jetpack_shortlink":"https:\/\/wp.me\/pa2Qf7-1XhJ","amp_enabled":true,"jetpack_featured_media_url":"https:\/\/mrnews.com.br\/wp-content\/uploads\/2026\/09\/FB_IMG_1788703333822.jpg","_links":{"self":[{"href":"https:\/\/mrnews.com.br\/index.php\/wp-json\/wp\/v2\/posts\/466223","targetHints":{"allow":["GET"]}}],"collection":[{"href":"https:\/\/mrnews.com.br\/index.php\/wp-json\/wp\/v2\/posts"}],"about":[{"href":"https:\/\/mrnews.com.br\/index.php\/wp-json\/wp\/v2\/types\/post"}],"author":[{"embeddable":true,"href":"https:\/\/mrnews.com.br\/index.php\/wp-json\/wp\/v2\/users\/1"}],"replies":[{"embeddable":true,"href":"https:\/\/mrnews.com.br\/index.php\/wp-json\/wp\/v2\/comments?post=466223"}],"version-history":[{"count":1,"href":"https:\/\/mrnews.com.br\/index.php\/wp-json\/wp\/v2\/posts\/466223\/revisions"}],"predecessor-version":[{"id":466225,"href":"https:\/\/mrnews.com.br\/index.php\/wp-json\/wp\/v2\/posts\/466223\/revisions\/466225"}],"wp:featuredmedia":[{"embeddable":true,"href":"https:\/\/mrnews.com.br\/index.php\/wp-json\/wp\/v2\/media\/466224"}],"wp:attachment":[{"href":"https:\/\/mrnews.com.br\/index.php\/wp-json\/wp\/v2\/media?parent=466223"}],"wp:term":[{"taxonomy":"category","embeddable":true,"href":"https:\/\/mrnews.com.br\/index.php\/wp-json\/wp\/v2\/categories?post=466223"},{"taxonomy":"post_tag","embeddable":true,"href":"https:\/\/mrnews.com.br\/index.php\/wp-json\/wp\/v2\/tags?post=466223"}],"curies":[{"name":"wp","href":"https:\/\/api.w.org\/{rel}","templated":true}]}}