{"id":466228,"date":"2026-09-06T12:21:36","date_gmt":"2026-09-06T15:21:36","guid":{"rendered":"https:\/\/mrnews.com.br\/index.php\/2026\/09\/06\/com-menos-de-dois-anos-de-vida-planalto-go-conquista-feminino-a3\/"},"modified":"2026-09-06T12:21:36","modified_gmt":"2026-09-06T15:21:36","slug":"com-menos-de-dois-anos-de-vida-planalto-go-conquista-feminino-a3","status":"publish","type":"post","link":"https:\/\/mrnews.com.br\/index.php\/2026\/09\/06\/com-menos-de-dois-anos-de-vida-planalto-go-conquista-feminino-a3\/","title":{"rendered":"Com menos de dois anos de vida, Planalto-GO conquista Feminino A3"},"content":{"rendered":"<p><\/p>\n<div>\n<p>O <strong>Planalto Esporte Clube<\/strong>, de Aparecida de Goi\u00e2nia (GO), colocou Goi\u00e1s na lista dos estados campe\u00f5es nacionais entre as mulheres. <strong>Na noite de s\u00e1bado (5), o Corvo da Massa (apelido da equipe) conquistou o t\u00edtulo da S\u00e9rie A3 (terceira divis\u00e3o) do Campeonato Brasileiro Feminino de futebol, ao derrotar o Juventude-SE por 1 a 0 no Batist\u00e3o, em Aracaju, com transmiss\u00e3o ao vivo da TV Brasil.<\/strong><\/p>\n<p>Fundado em dezembro de 2024 pelo presidente da Central \u00danica das Favelas (Cufa) de Goi\u00e1s, o Planalto estreou no futebol feminino no ano seguinte e j\u00e1 sendo vice-campe\u00e3o estadual.<strong> O resultado credenciou as Planaltinas a disputarem o Brasileir\u00e3o A3 em 2026 e levarem o t\u00edtulo logo na temporada de estreia. \u00c9 a primeira vez que um clube goiano conquista uma competi\u00e7\u00e3o nacional entre as mulheres.<\/strong><\/p>\n<p>Este foi o segundo ano consecutivo, o futebol de Goi\u00e1s marcou presen\u00e7a na decis\u00e3o da terceira divis\u00e3o. Em 2025, o Vila Nova perdeu o t\u00edtulo para o Atl\u00e9tico-PI.<\/p>\n<p><strong>O Centro-Oeste, por sua vez, igualou-se ao Sudeste (Taubat\u00e9 em 2022 e Vasco em 2024) como a regi\u00e3o com mais t\u00edtulos &#8211; dois &#8211; no Brasileir\u00e3o A3. Antes, o mato-grossense Mixto foi campe\u00e3o em 2023.<\/strong><\/p>\n<p>J\u00e1 a t\u00e9cnica Regiane Santos alcan\u00e7ou o terceiro acesso nacional dela de 2022 para c\u00e1. Na ocasi\u00e3o, a treinadora levou o Sport \u00e0 S\u00e9rie A2 (segunda divis\u00e3o). Dois anos depois, promoveu as Leoas rubro-negras \u00e0 elite.<\/p>\n<p>O vice frustrou o sonho do Juventude-SE de ser o primeiro clube de Sergipe campe\u00e3o nacional, independentemente do g\u00eanero. Mesmo assim, o Tricolor do Piauitinga (nome do rio que des\u00e1gua na cidade de Est\u00e2ncia) encerra a participa\u00e7\u00e3o com vaga na S\u00e9rie A2 (segunda divis\u00e3o) do Brasileir\u00e3o de 2027, bem como o campe\u00e3o e os times eliminados nas semifinais &#8211; Portuguesa-AP e Realidade Jovem, de S\u00e3o Jos\u00e9 do Rio Preto (SP).<\/p>\n<h2>Gola\u00e7o e reden\u00e7\u00e3o<\/h2>\n<p><strong>Em 14 jogos na competi\u00e7\u00e3o, o Planalto obteve dez vit\u00f3rias, com tr\u00eas empates e apenas uma derrota. Foram 28 gols marcados e 18 sofridos. A atacante Marcelly foi a artilheira do time, balan\u00e7ando as redes sete vezes na campanha.<\/strong><\/p>\n<p>Foi dela o gol do triunfo por 1 a 0 na partida de ida, domingo passado (30), no Est\u00e1dio Annibal Batista de Toledo, em Aparecida de Goi\u00e2nia, tamb\u00e9m com transmiss\u00e3o da <strong>TV Brasil.<\/strong> As goianas, portanto, foram a campo no s\u00e1bado com a vantagem do empate.<\/p>\n<p>Pouco antes do intervalo, o t\u00edtulo ficou ainda mais pr\u00f3ximo. Aos 44 minutos, Brenda cobrou falta pela esquerda, de longe. Mesmo sem tanta for\u00e7a, a bola foi no \u00e2ngulo direito da goleira Monique, que n\u00e3o conseguiu defender. Um gola\u00e7o da camisa 10.<\/p>\n<p>Na comemora\u00e7\u00e3o, a meia se emocionou. No jogo de volta das semifinais, contra o Realidade Jovem, no Teixeir\u00e3o, ela sofreu uma pancada forte na perna direita e teve que sair de ambul\u00e2ncia do est\u00e1dio do interior paulista, mas se recuperou a tempo de atuar nas finais e ser decisiva.<\/p>\n<p>No segundo tempo, o Juventude-SE buscou mais o ataque, mas sem lances de grande perigo \u00e0 goleira Lescaut. Bem marcada, a atacante Laureen, artilheira do Brasileir\u00e3o A3 com 11 gols, foi pouco acionada.<\/p>\n<p>Aos 41 minutos, ap\u00f3s uma dividida de Vanusa com a zaga sergipana na entrada da \u00e1rea, a bola sobrou com a tamb\u00e9m atacante Idalana, que bateu rasteiro e balan\u00e7ou as redes. Seria o segundo gol do Planalto se o lance n\u00e3o fosse anulado por impedimento. N\u00e3o fez falta. O t\u00edtulo foi mesmo para Goi\u00e1s.<\/p>\n<p>\u00a0<\/p>\n<p>      <!-- Relacionada --><\/p>\n<p>            <!-- Relacionada -->\n    <\/div>\n","protected":false},"excerpt":{"rendered":"<p>O Planalto Esporte Clube, de Aparecida de Goi\u00e2nia (GO), colocou Goi\u00e1s na lista dos estados campe\u00f5es nacionais entre as mulheres. Na noite de s\u00e1bado (5), o Corvo da Massa (apelido da equipe) conquistou o t\u00edtulo da S\u00e9rie A3 (terceira divis\u00e3o) do Campeonato Brasileiro Feminino de futebol, ao derrotar o Juventude-SE por 1 a 0 no &hellip;<\/p>\n","protected":false},"author":39,"featured_media":0,"comment_status":"open","ping_status":"open","sticky":false,"template":"","format":"standard","meta":{"_jetpack_newsletter_access":"","_jetpack_dont_email_post_to_subs":false,"_jetpack_newsletter_tier_id":0,"_jetpack_memberships_contains_paywalled_content":false,"_jetpack_feature_clip_id":0,"_jetpack_memberships_contains_paid_content":false,"footnotes":"","jetpack_post_was_ever_published":false},"categories":[3,4587,4],"tags":[],"class_list":["post-466228","post","type-post","status-publish","format-standard","hentry","category-esportes1","category-esportes","category-servicos"],"yoast_head":"<!-- This site is optimized with the Yoast SEO plugin v28.4 - https:\/\/yoast.com\/product\/yoast-seo-wordpress\/ -->\n<title>Com menos de dois anos de vida, Planalto-GO conquista Feminino A3<\/title>\n<meta name=\"robots\" content=\"index, follow, max-snippet:-1, max-image-preview:large, max-video-preview:-1\" \/>\n<link rel=\"canonical\" href=\"https:\/\/agenciabrasil.ebc.com.br\/esportes\/noticia\/2026-09\/com-menos-de-dois-anos-de-vida-planalto-go-conquista-feminino-a3\" \/>\n<meta property=\"og:locale\" content=\"pt_BR\" \/>\n<meta property=\"og:type\" content=\"article\" \/>\n<meta property=\"og:title\" content=\"Com menos de dois anos de vida, Planalto-GO conquista Feminino A3\" \/>\n<meta property=\"og:description\" content=\"O Planalto Esporte Clube, de Aparecida de Goi\u00e2nia (GO), colocou Goi\u00e1s na lista dos estados campe\u00f5es nacionais entre as mulheres. Na noite de s\u00e1bado (5), o Corvo da Massa (apelido da equipe) conquistou o t\u00edtulo da S\u00e9rie A3 (terceira divis\u00e3o) do Campeonato Brasileiro Feminino de futebol, ao derrotar o Juventude-SE por 1 a 0 no &hellip;\" \/>\n<meta property=\"og:url\" content=\"https:\/\/agenciabrasil.ebc.com.br\/esportes\/noticia\/2026-09\/com-menos-de-dois-anos-de-vida-planalto-go-conquista-feminino-a3\" \/>\n<meta property=\"og:site_name\" content=\"MRNews\" \/>\n<meta property=\"article:publisher\" content=\"https:\/\/www.facebook.com\/eaipahpah\/?locale2=pt_BR\" \/>\n<meta property=\"article:published_time\" content=\"2026-09-06T15:21:36+00:00\" \/>\n<meta name=\"author\" content=\"Fernando Corraa\" \/>\n<meta name=\"twitter:card\" content=\"summary_large_image\" \/>\n<meta name=\"twitter:creator\" content=\"@conspirou\" \/>\n<meta name=\"twitter:site\" content=\"@conspirou\" \/>\n<meta name=\"twitter:label1\" content=\"Escrito por\" \/>\n\t<meta name=\"twitter:data1\" content=\"Fernando Corraa\" \/>\n\t<meta name=\"twitter:label2\" content=\"Est. tempo de leitura\" \/>\n\t<meta name=\"twitter:data2\" content=\"3 minutos\" \/>\n<script type=\"application\/ld+json\" class=\"yoast-schema-graph\">{\"@context\":\"https:\\\/\\\/schema.org\",\"@graph\":[{\"@type\":\"Article\",\"@id\":\"https:\\\/\\\/agenciabrasil.ebc.com.br\\\/esportes\\\/noticia\\\/2026-09\\\/com-menos-de-dois-anos-de-vida-planalto-go-conquista-feminino-a3#article\",\"isPartOf\":{\"@id\":\"https:\\\/\\\/mrnews.com.br\\\/index.php\\\/2026\\\/09\\\/06\\\/com-menos-de-dois-anos-de-vida-planalto-go-conquista-feminino-a3\\\/\"},\"author\":{\"name\":\"Fernando Corraa\",\"@id\":\"https:\\\/\\\/mrnews.com.br\\\/#\\\/schema\\\/person\\\/2f073f2d87903a2ff9a065e41bbf17d4\"},\"headline\":\"Com menos de dois anos de vida, Planalto-GO conquista Feminino A3\",\"datePublished\":\"2026-09-06T15:21:36+00:00\",\"mainEntityOfPage\":{\"@id\":\"https:\\\/\\\/mrnews.com.br\\\/index.php\\\/2026\\\/09\\\/06\\\/com-menos-de-dois-anos-de-vida-planalto-go-conquista-feminino-a3\\\/\"},\"wordCount\":618,\"commentCount\":0,\"publisher\":{\"@id\":\"https:\\\/\\\/mrnews.com.br\\\/#organization\"},\"articleSection\":[\"ESPORTES\",\"Esportes\",\"SERVI\u00c7OS\"],\"inLanguage\":\"pt-BR\",\"potentialAction\":[{\"@type\":\"CommentAction\",\"name\":\"Comment\",\"target\":[\"https:\\\/\\\/agenciabrasil.ebc.com.br\\\/esportes\\\/noticia\\\/2026-09\\\/com-menos-de-dois-anos-de-vida-planalto-go-conquista-feminino-a3#respond\"]}]},{\"@type\":\"WebPage\",\"@id\":\"https:\\\/\\\/mrnews.com.br\\\/index.php\\\/2026\\\/09\\\/06\\\/com-menos-de-dois-anos-de-vida-planalto-go-conquista-feminino-a3\\\/\",\"url\":\"https:\\\/\\\/agenciabrasil.ebc.com.br\\\/esportes\\\/noticia\\\/2026-09\\\/com-menos-de-dois-anos-de-vida-planalto-go-conquista-feminino-a3\",\"name\":\"Com menos de dois anos de vida, Planalto-GO conquista Feminino A3\",\"isPartOf\":{\"@id\":\"https:\\\/\\\/mrnews.com.br\\\/#website\"},\"datePublished\":\"2026-09-06T15:21:36+00:00\",\"breadcrumb\":{\"@id\":\"https:\\\/\\\/agenciabrasil.ebc.com.br\\\/esportes\\\/noticia\\\/2026-09\\\/com-menos-de-dois-anos-de-vida-planalto-go-conquista-feminino-a3#breadcrumb\"},\"inLanguage\":\"pt-BR\",\"potentialAction\":[{\"@type\":\"ReadAction\",\"target\":[\"https:\\\/\\\/agenciabrasil.ebc.com.br\\\/esportes\\\/noticia\\\/2026-09\\\/com-menos-de-dois-anos-de-vida-planalto-go-conquista-feminino-a3\"]}]},{\"@type\":\"BreadcrumbList\",\"@id\":\"https:\\\/\\\/agenciabrasil.ebc.com.br\\\/esportes\\\/noticia\\\/2026-09\\\/com-menos-de-dois-anos-de-vida-planalto-go-conquista-feminino-a3#breadcrumb\",\"itemListElement\":[{\"@type\":\"ListItem\",\"position\":1,\"name\":\"In\u00edcio\",\"item\":\"https:\\\/\\\/mrnews.com.br\\\/\"},{\"@type\":\"ListItem\",\"position\":2,\"name\":\"Com menos de dois anos de vida, Planalto-GO conquista Feminino A3\"}]},{\"@type\":\"WebSite\",\"@id\":\"https:\\\/\\\/mrnews.com.br\\\/#website\",\"url\":\"https:\\\/\\\/mrnews.com.br\\\/\",\"name\":\"MRNews\",\"description\":\"MRNews Jogos de hoje da TV, transmiss\u00f5es ao vivo, Not\u00edcias de futebol, Jogos ao vivo, Lives, resumo de novelas, Programa\u00e7\u00e3o da Globo, A Fazenda e BBB\",\"publisher\":{\"@id\":\"https:\\\/\\\/mrnews.com.br\\\/#organization\"},\"potentialAction\":[{\"@type\":\"SearchAction\",\"target\":{\"@type\":\"EntryPoint\",\"urlTemplate\":\"https:\\\/\\\/mrnews.com.br\\\/?s={search_term_string}\"},\"query-input\":{\"@type\":\"PropertyValueSpecification\",\"valueRequired\":true,\"valueName\":\"search_term_string\"}}],\"inLanguage\":\"pt-BR\"},{\"@type\":\"Organization\",\"@id\":\"https:\\\/\\\/mrnews.com.br\\\/#organization\",\"name\":\"MRNews\",\"url\":\"https:\\\/\\\/mrnews.com.br\\\/\",\"logo\":{\"@type\":\"ImageObject\",\"inLanguage\":\"pt-BR\",\"@id\":\"https:\\\/\\\/mrnews.com.br\\\/#\\\/schema\\\/logo\\\/image\\\/\",\"url\":\"https:\\\/\\\/mrnews.com.br\\\/wp-content\\\/uploads\\\/2026\\\/08\\\/MRNEws.png\",\"contentUrl\":\"https:\\\/\\\/mrnews.com.br\\\/wp-content\\\/uploads\\\/2026\\\/08\\\/MRNEws.png\",\"width\":1254,\"height\":1254,\"caption\":\"MRNews\"},\"image\":{\"@id\":\"https:\\\/\\\/mrnews.com.br\\\/#\\\/schema\\\/logo\\\/image\\\/\"},\"sameAs\":[\"https:\\\/\\\/www.facebook.com\\\/eaipahpah\\\/?locale2=pt_BR\",\"https:\\\/\\\/x.com\\\/conspirou\",\"https:\\\/\\\/www.instagram.com\\\/eai_pahpah\",\"https:\\\/\\\/br.pinterest.com\\\/mrnewsn\\\/boards\\\/\",\"https:\\\/\\\/www.youtube.com\\\/channel\\\/UCacgnpznQ61fifLWr1tQ-vA?view_as=subscriber\"]},{\"@type\":\"Person\",\"@id\":\"https:\\\/\\\/mrnews.com.br\\\/#\\\/schema\\\/person\\\/2f073f2d87903a2ff9a065e41bbf17d4\",\"name\":\"Fernando Corraa\",\"image\":{\"@type\":\"ImageObject\",\"inLanguage\":\"pt-BR\",\"@id\":\"https:\\\/\\\/secure.gravatar.com\\\/avatar\\\/9069acb0e588c9f4346ba747284aef18a5faaab575e89e9ccc64e315003f0b82?s=96&d=monsterid&r=g\",\"url\":\"https:\\\/\\\/secure.gravatar.com\\\/avatar\\\/9069acb0e588c9f4346ba747284aef18a5faaab575e89e9ccc64e315003f0b82?s=96&d=monsterid&r=g\",\"contentUrl\":\"https:\\\/\\\/secure.gravatar.com\\\/avatar\\\/9069acb0e588c9f4346ba747284aef18a5faaab575e89e9ccc64e315003f0b82?s=96&d=monsterid&r=g\",\"caption\":\"Fernando Corraa\"},\"url\":\"https:\\\/\\\/mrnews.com.br\\\/index.php\\\/author\\\/fernando-corraa\\\/\"}]}<\/script>\n<!-- \/ Yoast SEO plugin. -->","yoast_head_json":{"title":"Com menos de dois anos de vida, Planalto-GO conquista Feminino A3","robots":{"index":"index","follow":"follow","max-snippet":"max-snippet:-1","max-image-preview":"max-image-preview:large","max-video-preview":"max-video-preview:-1"},"canonical":"https:\/\/agenciabrasil.ebc.com.br\/esportes\/noticia\/2026-09\/com-menos-de-dois-anos-de-vida-planalto-go-conquista-feminino-a3","og_locale":"pt_BR","og_type":"article","og_title":"Com menos de dois anos de vida, Planalto-GO conquista Feminino A3","og_description":"O Planalto Esporte Clube, de Aparecida de Goi\u00e2nia (GO), colocou Goi\u00e1s na lista dos estados campe\u00f5es nacionais entre as mulheres. Na noite de s\u00e1bado (5), o Corvo da Massa (apelido da equipe) conquistou o t\u00edtulo da S\u00e9rie A3 (terceira divis\u00e3o) do Campeonato Brasileiro Feminino de futebol, ao derrotar o Juventude-SE por 1 a 0 no &hellip;","og_url":"https:\/\/agenciabrasil.ebc.com.br\/esportes\/noticia\/2026-09\/com-menos-de-dois-anos-de-vida-planalto-go-conquista-feminino-a3","og_site_name":"MRNews","article_publisher":"https:\/\/www.facebook.com\/eaipahpah\/?locale2=pt_BR","article_published_time":"2026-09-06T15:21:36+00:00","author":"Fernando Corraa","twitter_card":"summary_large_image","twitter_creator":"@conspirou","twitter_site":"@conspirou","twitter_misc":{"Escrito por":"Fernando Corraa","Est. tempo de leitura":"3 minutos"},"schema":{"@context":"https:\/\/schema.org","@graph":[{"@type":"Article","@id":"https:\/\/agenciabrasil.ebc.com.br\/esportes\/noticia\/2026-09\/com-menos-de-dois-anos-de-vida-planalto-go-conquista-feminino-a3#article","isPartOf":{"@id":"https:\/\/mrnews.com.br\/index.php\/2026\/09\/06\/com-menos-de-dois-anos-de-vida-planalto-go-conquista-feminino-a3\/"},"author":{"name":"Fernando Corraa","@id":"https:\/\/mrnews.com.br\/#\/schema\/person\/2f073f2d87903a2ff9a065e41bbf17d4"},"headline":"Com menos de dois anos de vida, Planalto-GO conquista Feminino A3","datePublished":"2026-09-06T15:21:36+00:00","mainEntityOfPage":{"@id":"https:\/\/mrnews.com.br\/index.php\/2026\/09\/06\/com-menos-de-dois-anos-de-vida-planalto-go-conquista-feminino-a3\/"},"wordCount":618,"commentCount":0,"publisher":{"@id":"https:\/\/mrnews.com.br\/#organization"},"articleSection":["ESPORTES","Esportes","SERVI\u00c7OS"],"inLanguage":"pt-BR","potentialAction":[{"@type":"CommentAction","name":"Comment","target":["https:\/\/agenciabrasil.ebc.com.br\/esportes\/noticia\/2026-09\/com-menos-de-dois-anos-de-vida-planalto-go-conquista-feminino-a3#respond"]}]},{"@type":"WebPage","@id":"https:\/\/mrnews.com.br\/index.php\/2026\/09\/06\/com-menos-de-dois-anos-de-vida-planalto-go-conquista-feminino-a3\/","url":"https:\/\/agenciabrasil.ebc.com.br\/esportes\/noticia\/2026-09\/com-menos-de-dois-anos-de-vida-planalto-go-conquista-feminino-a3","name":"Com menos de dois anos de vida, Planalto-GO conquista Feminino A3","isPartOf":{"@id":"https:\/\/mrnews.com.br\/#website"},"datePublished":"2026-09-06T15:21:36+00:00","breadcrumb":{"@id":"https:\/\/agenciabrasil.ebc.com.br\/esportes\/noticia\/2026-09\/com-menos-de-dois-anos-de-vida-planalto-go-conquista-feminino-a3#breadcrumb"},"inLanguage":"pt-BR","potentialAction":[{"@type":"ReadAction","target":["https:\/\/agenciabrasil.ebc.com.br\/esportes\/noticia\/2026-09\/com-menos-de-dois-anos-de-vida-planalto-go-conquista-feminino-a3"]}]},{"@type":"BreadcrumbList","@id":"https:\/\/agenciabrasil.ebc.com.br\/esportes\/noticia\/2026-09\/com-menos-de-dois-anos-de-vida-planalto-go-conquista-feminino-a3#breadcrumb","itemListElement":[{"@type":"ListItem","position":1,"name":"In\u00edcio","item":"https:\/\/mrnews.com.br\/"},{"@type":"ListItem","position":2,"name":"Com menos de dois anos de vida, Planalto-GO conquista Feminino A3"}]},{"@type":"WebSite","@id":"https:\/\/mrnews.com.br\/#website","url":"https:\/\/mrnews.com.br\/","name":"MRNews","description":"MRNews Jogos de hoje da TV, transmiss\u00f5es ao vivo, Not\u00edcias de futebol, Jogos ao vivo, Lives, resumo de novelas, Programa\u00e7\u00e3o da Globo, A Fazenda e BBB","publisher":{"@id":"https:\/\/mrnews.com.br\/#organization"},"potentialAction":[{"@type":"SearchAction","target":{"@type":"EntryPoint","urlTemplate":"https:\/\/mrnews.com.br\/?s={search_term_string}"},"query-input":{"@type":"PropertyValueSpecification","valueRequired":true,"valueName":"search_term_string"}}],"inLanguage":"pt-BR"},{"@type":"Organization","@id":"https:\/\/mrnews.com.br\/#organization","name":"MRNews","url":"https:\/\/mrnews.com.br\/","logo":{"@type":"ImageObject","inLanguage":"pt-BR","@id":"https:\/\/mrnews.com.br\/#\/schema\/logo\/image\/","url":"https:\/\/mrnews.com.br\/wp-content\/uploads\/2026\/08\/MRNEws.png","contentUrl":"https:\/\/mrnews.com.br\/wp-content\/uploads\/2026\/08\/MRNEws.png","width":1254,"height":1254,"caption":"MRNews"},"image":{"@id":"https:\/\/mrnews.com.br\/#\/schema\/logo\/image\/"},"sameAs":["https:\/\/www.facebook.com\/eaipahpah\/?locale2=pt_BR","https:\/\/x.com\/conspirou","https:\/\/www.instagram.com\/eai_pahpah","https:\/\/br.pinterest.com\/mrnewsn\/boards\/","https:\/\/www.youtube.com\/channel\/UCacgnpznQ61fifLWr1tQ-vA?view_as=subscriber"]},{"@type":"Person","@id":"https:\/\/mrnews.com.br\/#\/schema\/person\/2f073f2d87903a2ff9a065e41bbf17d4","name":"Fernando Corraa","image":{"@type":"ImageObject","inLanguage":"pt-BR","@id":"https:\/\/secure.gravatar.com\/avatar\/9069acb0e588c9f4346ba747284aef18a5faaab575e89e9ccc64e315003f0b82?s=96&d=monsterid&r=g","url":"https:\/\/secure.gravatar.com\/avatar\/9069acb0e588c9f4346ba747284aef18a5faaab575e89e9ccc64e315003f0b82?s=96&d=monsterid&r=g","contentUrl":"https:\/\/secure.gravatar.com\/avatar\/9069acb0e588c9f4346ba747284aef18a5faaab575e89e9ccc64e315003f0b82?s=96&d=monsterid&r=g","caption":"Fernando Corraa"},"url":"https:\/\/mrnews.com.br\/index.php\/author\/fernando-corraa\/"}]}},"jetpack_sharing_enabled":true,"jetpack_shortlink":"https:\/\/wp.me\/pa2Qf7-1XhO","amp_enabled":true,"jetpack_featured_media_url":"","_links":{"self":[{"href":"https:\/\/mrnews.com.br\/index.php\/wp-json\/wp\/v2\/posts\/466228","targetHints":{"allow":["GET"]}}],"collection":[{"href":"https:\/\/mrnews.com.br\/index.php\/wp-json\/wp\/v2\/posts"}],"about":[{"href":"https:\/\/mrnews.com.br\/index.php\/wp-json\/wp\/v2\/types\/post"}],"author":[{"embeddable":true,"href":"https:\/\/mrnews.com.br\/index.php\/wp-json\/wp\/v2\/users\/39"}],"replies":[{"embeddable":true,"href":"https:\/\/mrnews.com.br\/index.php\/wp-json\/wp\/v2\/comments?post=466228"}],"version-history":[{"count":0,"href":"https:\/\/mrnews.com.br\/index.php\/wp-json\/wp\/v2\/posts\/466228\/revisions"}],"wp:attachment":[{"href":"https:\/\/mrnews.com.br\/index.php\/wp-json\/wp\/v2\/media?parent=466228"}],"wp:term":[{"taxonomy":"category","embeddable":true,"href":"https:\/\/mrnews.com.br\/index.php\/wp-json\/wp\/v2\/categories?post=466228"},{"taxonomy":"post_tag","embeddable":true,"href":"https:\/\/mrnews.com.br\/index.php\/wp-json\/wp\/v2\/tags?post=466228"}],"curies":[{"name":"wp","href":"https:\/\/api.w.org\/{rel}","templated":true}]}}