{"id":466230,"date":"2026-09-06T13:26:07","date_gmt":"2026-09-06T16:26:07","guid":{"rendered":"https:\/\/mrnews.com.br\/index.php\/2026\/09\/06\/roda-de-choro-estreia-com-homenagem-a-disco-de-jacob-do-bandolim\/"},"modified":"2026-09-06T13:26:07","modified_gmt":"2026-09-06T16:26:07","slug":"roda-de-choro-estreia-com-homenagem-a-disco-de-jacob-do-bandolim","status":"publish","type":"post","link":"https:\/\/mrnews.com.br\/index.php\/2026\/09\/06\/roda-de-choro-estreia-com-homenagem-a-disco-de-jacob-do-bandolim\/","title":{"rendered":"Roda de Choro estreia com homenagem a disco de Jacob do Bandolim"},"content":{"rendered":"<p>Por EBC, <\/p>\n<div>\n<p>A <strong>R\u00e1dio MEC<\/strong> leva ao ar neste domingo (6), \u00e0s 20h, o programa que abre mais uma temporada in\u00e9dita do Roda de Choro, com um tributo ao disco <em>Vibra\u00e7\u00f5es<\/em> de Jacob do Bandolim. A nova leva de epis\u00f3dios celebra \u00e1lbuns emblem\u00e1ticos do choro e tamb\u00e9m pode ser conferida pelos ouvintes na <strong>R\u00e1dio Nacional \u00e0s sextas, \u00e0s 22h.<\/strong><\/p>\n<p>Ao longo da nova temporada, ser\u00e3o homenageados discos ic\u00f4nicos como <em>Pixinguinha<\/em>, de Paulo Moura e Os Batutas, <em>Choros Imortais<\/em>, de Altamiro Carrilho e <em>Saudades de um clarinete<\/em>, de K-Ximbinho. A atra\u00e7\u00e3o segue mesclando sele\u00e7\u00e3o musical e entrevistas ao ressaltar grandes nomes e obras do choro.\u00a0<\/p>\n<p>Na produ\u00e7\u00e3o de estreia da nova temporada, o Roda de Choro destaca o \u00faltimo disco de Jacob do Bandolim e seu conjunto \u00c9poca de Ouro. Lan\u00e7ado em 1967, <em>Vibra\u00e7\u00f5es<\/em> \u00e9 considerado o melhor \u00e1lbum da carreira do m\u00fasico pelo apuro t\u00e9cnico e pela qualidade sonora impec\u00e1vel.<\/p>\n<div class=\"dnd-widget-wrapper context-medio_4colunas type-image atom-align-left\">\n<div class=\"dnd-atom-rendered\"><!-- scald=473551:medio_4colunas {\"additionalClasses\":\"\"} --><\/p>\n<p>    <!-- END scald=473551 --><\/div>\n<div class=\"dnd-caption-wrapper\">\n<p><!--copyright=473551-->Capa do disco Vibra\u00e7\u00f5es de Jacob do Bandolim.\u00a0<strong>Capa\/RCA\u00a0<\/strong><!--END copyright=473551--><\/p>\n<\/div>\n<\/div>\n<p>Durante o programa, al\u00e9m de ouvir as faixas que comp\u00f5em o disco, o p\u00fablico acompanha uma entrevista de Jacob do Bandolim para o Museu da Imagem e do Som. Ele fala sobre a ideia de gravar <em>Vibra\u00e7\u00f5es<\/em> e sobre a forma\u00e7\u00e3o inicial do grupo \u00c9poca de Ouro.<\/p>\n<p>Al\u00e9m de tr\u00eas m\u00fasicas de autoria de Jacob, o repert\u00f3rio do \u00e1lbum inclui tamb\u00e9m composi\u00e7\u00f5es de autores consagrados e compositores pouco conhecidos na \u00e9poca\u00a0 O Roda de Choro apresenta todas as obras da colet\u00e2nea: <em>Vibra\u00e7\u00f5es<\/em> (Jacob do Bandolim); <em>Receita de Samba<\/em> (Jacob do Bandolim); <em>Ing\u00eanuo<\/em> (Pixinguinha \/ Benedito Lacerda); <em>P\u00e9rolas<\/em> (Jacob do Bandolim); <em>Assim Mesmo<\/em> (Luiz Americano); <em>Fidalga<\/em> (Ernesto Nazareth); <em>Lamentos<\/em> (Vin\u00edcius de Moraes \/ Pixinguinha); <em>Murmurando<\/em> (M\u00e1rio Rossi \/ Octaviano Romero \/\u00a0 Monteiro &#8211; FonFon); <em>Cad\u00eancia<\/em> (Joventino Maciel); <em>Floraux <\/em>(Ernesto Nazareth); <em>Brejeiro<\/em> (Ernesto Nazareth); e<em> V\u00e9sper<\/em> (Ernesto Nazareth).<\/p>\n<h2>Sobre o programa\u00a0 \u00a0 \u00a0 \u00a0 \u00a0 \u00a0 \u00a0 \u00a0 \u00a0 \u00a0 \u00a0 \u00a0 \u00a0 \u00a0 \u00a0 \u00a0 \u00a0 \u00a0 \u00a0 \u00a0 \u00a0 \u00a0 \u00a0 \u00a0 \u00a0 \u00a0 \u00a0 \u00a0 \u00a0 \u00a0 \u00a0 \u00a0 \u00a0 \u00a0 \u00a0\u00a0<\/h2>\n<p>O programa Roda de Choro apresenta artistas cl\u00e1ssicos e contempor\u00e2neos que fazem do choro um estilo musical brasileiro respeitado mundo afora por sua originalidade e sofistica\u00e7\u00e3o. <strong>A produ\u00e7\u00e3o \u00e9 feita com grava\u00e7\u00f5es de grupos, m\u00fasicos e compositores, ao vivo no est\u00fadio.<\/strong><\/p>\n<p>A atra\u00e7\u00e3o mescla sele\u00e7\u00e3o musical e entrevistas com instrumentistas e pesquisadores, destacando grandes nomes do choro, lan\u00e7amentos fonogr\u00e1ficos, clubes e festivais.<\/p>\n<h2>Servi\u00e7o<\/h2>\n<p><strong>Roda de Choro \u2013 domingos, \u00e0s 20h, na R\u00e1dio MEC\u00a0<\/strong><\/p>\n<p>Roda de Choro \u2013 sextas-feiras, \u00e0s 22h, na R\u00e1dio Nacional<\/p>\n<p>R\u00e1dio MEC na internet e nas redes sociais<\/p>\n<p>Site: https:\/\/radiomec.ebc.com.br\u00a0<\/p>\n<p>Instagram:\u00a0https:\/\/www.instagram.com\/radiomec<\/p>\n<p>Spotify: https:\/\/open.spotify.com\/user\/radiomec<\/p>\n<p>YouTube: https:\/\/www.youtube.com\/radiomec<\/p>\n<p>Facebook: https:\/\/www.facebook.com\/radiomec<\/p>\n<p>X: https:\/\/x.com\/radiomec<\/p>\n<p>WhatsApp: (21) 99710-0537<\/p>\n<h2>Como sintonizar a R\u00e1dio MEC<\/h2>\n<p>Rio de Janeiro: FM 99,3 MHz e AM 800 kHz<\/p>\n<p>Belo Horizonte: FM 87,1 MHz<\/p>\n<p>Bras\u00edlia: FM 87,1 MHz e AM 800 kHz<\/p>\n<p>Parab\u00f3lica &#8211; Star One C2 &#8211; 3748,00 MHz &#8211; Servi\u00e7o 3<\/p>\n<p>Celular &#8211; App R\u00e1dios EBC para Android e iOS<\/p>\n<p>R\u00e1dio Nacional na internet e nas redes sociais\u00a0 \u00a0\u00a0<\/p>\n<p><em>Site<\/em>: https:\/\/radionacional.ebc.com.br\/\u00a0 \u00a0\u00a0<\/p>\n<p>Instagram: https:\/\/www.instagram.com\/radionacionalbr\u00a0 \u00a0\u00a0<\/p>\n<p>Spotify: https:\/\/open.spotify.com\/user\/vpj3k8ogjwf1nkv4nap3tlruv\u00a0 \u00a0\u00a0<\/p>\n<p>YouTube: http:\/\/youtube.com\/radionacionalbr\u00a0 \u00a0\u00a0<\/p>\n<p>Facebook: https:\/\/www.facebook.com\/radionacionalbr\u00a0 \u00a0\u00a0<\/p>\n<p>Threads: https:\/\/www.threads.com\/@radionacionalbr\u00a0 \u00a0\u00a0<\/p>\n<p>Streaming: https:\/\/aovivo.ebc.com.br\/embed-audio.html?emissora=radio-nacional-do-rio-de-janeiro\u00a0 \u00a0\u00a0<\/p>\n<h2>WhatsApp Nacional\u00a0 \u00a0\u00a0<\/h2>\n<p>&#8211; R\u00e1dio Nacional FM: (61) 99989-1201\u00a0 \u00a0\u00a0<\/p>\n<p>&#8211; R\u00e1dio Nacional AM: (61) 99674-1536\u00a0 \u00a0\u00a0<\/p>\n<p>&#8211; R\u00e1dio Nacional da Amaz\u00f4nia: (61) 99674-1568\u00a0 \u00a0\u00a0<\/p>\n<p>&#8211; R\u00e1dio Nacional do Rio de Janeiro: (21) 97119-9966\u00a0 \u00a0\u00a0<\/p>\n<h2>Saiba como sintonizar a R\u00e1dio Nacional\u00a0 \u00a0\u00a0<\/h2>\n<p>Bras\u00edlia: FM 96,1 MHz e AM 980 Khz\u00a0 \u00a0\u00a0<\/p>\n<p>Rio de Janeiro: FM 87,1 MHz e AM 1130 kHz\u00a0 \u00a0\u00a0<\/p>\n<p>S\u00e3o Paulo: FM 87,1 MHz\u00a0 \u00a0\u00a0<\/p>\n<p>Recife: FM 87,1 MHz\u00a0 \u00a0\u00a0<\/p>\n<p>S\u00e3o Lu\u00eds: FM 93,7 MHz\u00a0 \u00a0\u00a0<\/p>\n<p>Amaz\u00f4nia: 11.780KHz e 6.180KHz OC\u00a0 \u00a0\u00a0<\/p>\n<p>Alto Solim\u00f5es: FM 96,1 MHz\u00a0 \u00a0\u00a0<\/p>\n<p>Celular &#8211; App R\u00e1dios EBC para Android e iOS\u00a0 \u00a0<\/p>\n<p>\u00a0<\/p>\n<p>      <!-- Relacionada --><\/p>\n<p>            <!-- Relacionada -->\n    <\/div>\n<p><script async src=\"\/\/www.instagram.com\/embed.js\"><\/script><\/p>\n","protected":false},"excerpt":{"rendered":"<p>Por EBC, A R\u00e1dio MEC leva ao ar neste domingo (6), \u00e0s 20h, o programa que abre mais uma temporada in\u00e9dita do Roda de Choro, com um tributo ao disco Vibra\u00e7\u00f5es de Jacob do Bandolim. A nova leva de epis\u00f3dios celebra \u00e1lbuns emblem\u00e1ticos do choro e tamb\u00e9m pode ser conferida pelos ouvintes na R\u00e1dio Nacional &hellip;<\/p>\n","protected":false},"author":39,"featured_media":0,"comment_status":"open","ping_status":"open","sticky":false,"template":"","format":"standard","meta":{"_jetpack_newsletter_access":"","_jetpack_dont_email_post_to_subs":false,"_jetpack_newsletter_tier_id":0,"_jetpack_memberships_contains_paywalled_content":false,"_jetpack_feature_clip_id":0,"_jetpack_memberships_contains_paid_content":false,"footnotes":"","jetpack_post_was_ever_published":false},"categories":[4],"tags":[],"class_list":["post-466230","post","type-post","status-publish","format-standard","hentry","category-servicos"],"yoast_head":"<!-- This site is optimized with the Yoast SEO plugin v28.4 - https:\/\/yoast.com\/product\/yoast-seo-wordpress\/ -->\n<title>Roda de Choro estreia com homenagem a disco de Jacob do Bandolim<\/title>\n<meta name=\"robots\" content=\"index, follow, max-snippet:-1, max-image-preview:large, max-video-preview:-1\" \/>\n<link rel=\"canonical\" href=\"https:\/\/agenciabrasil.ebc.com.br\/cultura\/noticia\/2026-09\/roda-de-choro-estreia-com-homenagem-disco-de-jacob-do-bandolim\" \/>\n<meta property=\"og:locale\" content=\"pt_BR\" \/>\n<meta property=\"og:type\" content=\"article\" \/>\n<meta property=\"og:title\" content=\"Roda de Choro estreia com homenagem a disco de Jacob do Bandolim\" \/>\n<meta property=\"og:description\" content=\"Por EBC, A R\u00e1dio MEC leva ao ar neste domingo (6), \u00e0s 20h, o programa que abre mais uma temporada in\u00e9dita do Roda de Choro, com um tributo ao disco Vibra\u00e7\u00f5es de Jacob do Bandolim. A nova leva de epis\u00f3dios celebra \u00e1lbuns emblem\u00e1ticos do choro e tamb\u00e9m pode ser conferida pelos ouvintes na R\u00e1dio Nacional &hellip;\" \/>\n<meta property=\"og:url\" content=\"https:\/\/agenciabrasil.ebc.com.br\/cultura\/noticia\/2026-09\/roda-de-choro-estreia-com-homenagem-disco-de-jacob-do-bandolim\" \/>\n<meta property=\"og:site_name\" content=\"MRNews\" \/>\n<meta property=\"article:publisher\" content=\"https:\/\/www.facebook.com\/eaipahpah\/?locale2=pt_BR\" \/>\n<meta property=\"article:published_time\" content=\"2026-09-06T16:26:07+00:00\" \/>\n<meta name=\"author\" content=\"Fernando Corraa\" \/>\n<meta name=\"twitter:card\" content=\"summary_large_image\" \/>\n<meta name=\"twitter:creator\" content=\"@conspirou\" \/>\n<meta name=\"twitter:site\" content=\"@conspirou\" \/>\n<meta name=\"twitter:label1\" content=\"Escrito por\" \/>\n\t<meta name=\"twitter:data1\" content=\"Fernando Corraa\" \/>\n\t<meta name=\"twitter:label2\" content=\"Est. tempo de leitura\" \/>\n\t<meta name=\"twitter:data2\" content=\"3 minutos\" \/>\n<script type=\"application\/ld+json\" class=\"yoast-schema-graph\">{\"@context\":\"https:\\\/\\\/schema.org\",\"@graph\":[{\"@type\":\"Article\",\"@id\":\"https:\\\/\\\/agenciabrasil.ebc.com.br\\\/cultura\\\/noticia\\\/2026-09\\\/roda-de-choro-estreia-com-homenagem-disco-de-jacob-do-bandolim#article\",\"isPartOf\":{\"@id\":\"https:\\\/\\\/mrnews.com.br\\\/index.php\\\/2026\\\/09\\\/06\\\/roda-de-choro-estreia-com-homenagem-a-disco-de-jacob-do-bandolim\\\/\"},\"author\":{\"name\":\"Fernando Corraa\",\"@id\":\"https:\\\/\\\/mrnews.com.br\\\/#\\\/schema\\\/person\\\/2f073f2d87903a2ff9a065e41bbf17d4\"},\"headline\":\"Roda de Choro estreia com homenagem a disco de Jacob do Bandolim\",\"datePublished\":\"2026-09-06T16:26:07+00:00\",\"mainEntityOfPage\":{\"@id\":\"https:\\\/\\\/mrnews.com.br\\\/index.php\\\/2026\\\/09\\\/06\\\/roda-de-choro-estreia-com-homenagem-a-disco-de-jacob-do-bandolim\\\/\"},\"wordCount\":676,\"commentCount\":0,\"publisher\":{\"@id\":\"https:\\\/\\\/mrnews.com.br\\\/#organization\"},\"articleSection\":[\"SERVI\u00c7OS\"],\"inLanguage\":\"pt-BR\",\"potentialAction\":[{\"@type\":\"CommentAction\",\"name\":\"Comment\",\"target\":[\"https:\\\/\\\/agenciabrasil.ebc.com.br\\\/cultura\\\/noticia\\\/2026-09\\\/roda-de-choro-estreia-com-homenagem-disco-de-jacob-do-bandolim#respond\"]}]},{\"@type\":\"WebPage\",\"@id\":\"https:\\\/\\\/mrnews.com.br\\\/index.php\\\/2026\\\/09\\\/06\\\/roda-de-choro-estreia-com-homenagem-a-disco-de-jacob-do-bandolim\\\/\",\"url\":\"https:\\\/\\\/agenciabrasil.ebc.com.br\\\/cultura\\\/noticia\\\/2026-09\\\/roda-de-choro-estreia-com-homenagem-disco-de-jacob-do-bandolim\",\"name\":\"Roda de Choro estreia com homenagem a disco de Jacob do Bandolim\",\"isPartOf\":{\"@id\":\"https:\\\/\\\/mrnews.com.br\\\/#website\"},\"datePublished\":\"2026-09-06T16:26:07+00:00\",\"breadcrumb\":{\"@id\":\"https:\\\/\\\/agenciabrasil.ebc.com.br\\\/cultura\\\/noticia\\\/2026-09\\\/roda-de-choro-estreia-com-homenagem-disco-de-jacob-do-bandolim#breadcrumb\"},\"inLanguage\":\"pt-BR\",\"potentialAction\":[{\"@type\":\"ReadAction\",\"target\":[\"https:\\\/\\\/agenciabrasil.ebc.com.br\\\/cultura\\\/noticia\\\/2026-09\\\/roda-de-choro-estreia-com-homenagem-disco-de-jacob-do-bandolim\"]}]},{\"@type\":\"BreadcrumbList\",\"@id\":\"https:\\\/\\\/agenciabrasil.ebc.com.br\\\/cultura\\\/noticia\\\/2026-09\\\/roda-de-choro-estreia-com-homenagem-disco-de-jacob-do-bandolim#breadcrumb\",\"itemListElement\":[{\"@type\":\"ListItem\",\"position\":1,\"name\":\"In\u00edcio\",\"item\":\"https:\\\/\\\/mrnews.com.br\\\/\"},{\"@type\":\"ListItem\",\"position\":2,\"name\":\"Roda de Choro estreia com homenagem a disco de Jacob do Bandolim\"}]},{\"@type\":\"WebSite\",\"@id\":\"https:\\\/\\\/mrnews.com.br\\\/#website\",\"url\":\"https:\\\/\\\/mrnews.com.br\\\/\",\"name\":\"MRNews\",\"description\":\"MRNews Jogos de hoje da TV, transmiss\u00f5es ao vivo, Not\u00edcias de futebol, Jogos ao vivo, Lives, resumo de novelas, Programa\u00e7\u00e3o da Globo, A Fazenda e BBB\",\"publisher\":{\"@id\":\"https:\\\/\\\/mrnews.com.br\\\/#organization\"},\"potentialAction\":[{\"@type\":\"SearchAction\",\"target\":{\"@type\":\"EntryPoint\",\"urlTemplate\":\"https:\\\/\\\/mrnews.com.br\\\/?s={search_term_string}\"},\"query-input\":{\"@type\":\"PropertyValueSpecification\",\"valueRequired\":true,\"valueName\":\"search_term_string\"}}],\"inLanguage\":\"pt-BR\"},{\"@type\":\"Organization\",\"@id\":\"https:\\\/\\\/mrnews.com.br\\\/#organization\",\"name\":\"MRNews\",\"url\":\"https:\\\/\\\/mrnews.com.br\\\/\",\"logo\":{\"@type\":\"ImageObject\",\"inLanguage\":\"pt-BR\",\"@id\":\"https:\\\/\\\/mrnews.com.br\\\/#\\\/schema\\\/logo\\\/image\\\/\",\"url\":\"https:\\\/\\\/mrnews.com.br\\\/wp-content\\\/uploads\\\/2026\\\/08\\\/MRNEws.png\",\"contentUrl\":\"https:\\\/\\\/mrnews.com.br\\\/wp-content\\\/uploads\\\/2026\\\/08\\\/MRNEws.png\",\"width\":1254,\"height\":1254,\"caption\":\"MRNews\"},\"image\":{\"@id\":\"https:\\\/\\\/mrnews.com.br\\\/#\\\/schema\\\/logo\\\/image\\\/\"},\"sameAs\":[\"https:\\\/\\\/www.facebook.com\\\/eaipahpah\\\/?locale2=pt_BR\",\"https:\\\/\\\/x.com\\\/conspirou\",\"https:\\\/\\\/www.instagram.com\\\/eai_pahpah\",\"https:\\\/\\\/br.pinterest.com\\\/mrnewsn\\\/boards\\\/\",\"https:\\\/\\\/www.youtube.com\\\/channel\\\/UCacgnpznQ61fifLWr1tQ-vA?view_as=subscriber\"]},{\"@type\":\"Person\",\"@id\":\"https:\\\/\\\/mrnews.com.br\\\/#\\\/schema\\\/person\\\/2f073f2d87903a2ff9a065e41bbf17d4\",\"name\":\"Fernando Corraa\",\"image\":{\"@type\":\"ImageObject\",\"inLanguage\":\"pt-BR\",\"@id\":\"https:\\\/\\\/secure.gravatar.com\\\/avatar\\\/9069acb0e588c9f4346ba747284aef18a5faaab575e89e9ccc64e315003f0b82?s=96&d=monsterid&r=g\",\"url\":\"https:\\\/\\\/secure.gravatar.com\\\/avatar\\\/9069acb0e588c9f4346ba747284aef18a5faaab575e89e9ccc64e315003f0b82?s=96&d=monsterid&r=g\",\"contentUrl\":\"https:\\\/\\\/secure.gravatar.com\\\/avatar\\\/9069acb0e588c9f4346ba747284aef18a5faaab575e89e9ccc64e315003f0b82?s=96&d=monsterid&r=g\",\"caption\":\"Fernando Corraa\"},\"url\":\"https:\\\/\\\/mrnews.com.br\\\/index.php\\\/author\\\/fernando-corraa\\\/\"}]}<\/script>\n<!-- \/ Yoast SEO plugin. -->","yoast_head_json":{"title":"Roda de Choro estreia com homenagem a disco de Jacob do Bandolim","robots":{"index":"index","follow":"follow","max-snippet":"max-snippet:-1","max-image-preview":"max-image-preview:large","max-video-preview":"max-video-preview:-1"},"canonical":"https:\/\/agenciabrasil.ebc.com.br\/cultura\/noticia\/2026-09\/roda-de-choro-estreia-com-homenagem-disco-de-jacob-do-bandolim","og_locale":"pt_BR","og_type":"article","og_title":"Roda de Choro estreia com homenagem a disco de Jacob do Bandolim","og_description":"Por EBC, A R\u00e1dio MEC leva ao ar neste domingo (6), \u00e0s 20h, o programa que abre mais uma temporada in\u00e9dita do Roda de Choro, com um tributo ao disco Vibra\u00e7\u00f5es de Jacob do Bandolim. A nova leva de epis\u00f3dios celebra \u00e1lbuns emblem\u00e1ticos do choro e tamb\u00e9m pode ser conferida pelos ouvintes na R\u00e1dio Nacional &hellip;","og_url":"https:\/\/agenciabrasil.ebc.com.br\/cultura\/noticia\/2026-09\/roda-de-choro-estreia-com-homenagem-disco-de-jacob-do-bandolim","og_site_name":"MRNews","article_publisher":"https:\/\/www.facebook.com\/eaipahpah\/?locale2=pt_BR","article_published_time":"2026-09-06T16:26:07+00:00","author":"Fernando Corraa","twitter_card":"summary_large_image","twitter_creator":"@conspirou","twitter_site":"@conspirou","twitter_misc":{"Escrito por":"Fernando Corraa","Est. tempo de leitura":"3 minutos"},"schema":{"@context":"https:\/\/schema.org","@graph":[{"@type":"Article","@id":"https:\/\/agenciabrasil.ebc.com.br\/cultura\/noticia\/2026-09\/roda-de-choro-estreia-com-homenagem-disco-de-jacob-do-bandolim#article","isPartOf":{"@id":"https:\/\/mrnews.com.br\/index.php\/2026\/09\/06\/roda-de-choro-estreia-com-homenagem-a-disco-de-jacob-do-bandolim\/"},"author":{"name":"Fernando Corraa","@id":"https:\/\/mrnews.com.br\/#\/schema\/person\/2f073f2d87903a2ff9a065e41bbf17d4"},"headline":"Roda de Choro estreia com homenagem a disco de Jacob do Bandolim","datePublished":"2026-09-06T16:26:07+00:00","mainEntityOfPage":{"@id":"https:\/\/mrnews.com.br\/index.php\/2026\/09\/06\/roda-de-choro-estreia-com-homenagem-a-disco-de-jacob-do-bandolim\/"},"wordCount":676,"commentCount":0,"publisher":{"@id":"https:\/\/mrnews.com.br\/#organization"},"articleSection":["SERVI\u00c7OS"],"inLanguage":"pt-BR","potentialAction":[{"@type":"CommentAction","name":"Comment","target":["https:\/\/agenciabrasil.ebc.com.br\/cultura\/noticia\/2026-09\/roda-de-choro-estreia-com-homenagem-disco-de-jacob-do-bandolim#respond"]}]},{"@type":"WebPage","@id":"https:\/\/mrnews.com.br\/index.php\/2026\/09\/06\/roda-de-choro-estreia-com-homenagem-a-disco-de-jacob-do-bandolim\/","url":"https:\/\/agenciabrasil.ebc.com.br\/cultura\/noticia\/2026-09\/roda-de-choro-estreia-com-homenagem-disco-de-jacob-do-bandolim","name":"Roda de Choro estreia com homenagem a disco de Jacob do Bandolim","isPartOf":{"@id":"https:\/\/mrnews.com.br\/#website"},"datePublished":"2026-09-06T16:26:07+00:00","breadcrumb":{"@id":"https:\/\/agenciabrasil.ebc.com.br\/cultura\/noticia\/2026-09\/roda-de-choro-estreia-com-homenagem-disco-de-jacob-do-bandolim#breadcrumb"},"inLanguage":"pt-BR","potentialAction":[{"@type":"ReadAction","target":["https:\/\/agenciabrasil.ebc.com.br\/cultura\/noticia\/2026-09\/roda-de-choro-estreia-com-homenagem-disco-de-jacob-do-bandolim"]}]},{"@type":"BreadcrumbList","@id":"https:\/\/agenciabrasil.ebc.com.br\/cultura\/noticia\/2026-09\/roda-de-choro-estreia-com-homenagem-disco-de-jacob-do-bandolim#breadcrumb","itemListElement":[{"@type":"ListItem","position":1,"name":"In\u00edcio","item":"https:\/\/mrnews.com.br\/"},{"@type":"ListItem","position":2,"name":"Roda de Choro estreia com homenagem a disco de Jacob do Bandolim"}]},{"@type":"WebSite","@id":"https:\/\/mrnews.com.br\/#website","url":"https:\/\/mrnews.com.br\/","name":"MRNews","description":"MRNews Jogos de hoje da TV, transmiss\u00f5es ao vivo, Not\u00edcias de futebol, Jogos ao vivo, Lives, resumo de novelas, Programa\u00e7\u00e3o da Globo, A Fazenda e BBB","publisher":{"@id":"https:\/\/mrnews.com.br\/#organization"},"potentialAction":[{"@type":"SearchAction","target":{"@type":"EntryPoint","urlTemplate":"https:\/\/mrnews.com.br\/?s={search_term_string}"},"query-input":{"@type":"PropertyValueSpecification","valueRequired":true,"valueName":"search_term_string"}}],"inLanguage":"pt-BR"},{"@type":"Organization","@id":"https:\/\/mrnews.com.br\/#organization","name":"MRNews","url":"https:\/\/mrnews.com.br\/","logo":{"@type":"ImageObject","inLanguage":"pt-BR","@id":"https:\/\/mrnews.com.br\/#\/schema\/logo\/image\/","url":"https:\/\/mrnews.com.br\/wp-content\/uploads\/2026\/08\/MRNEws.png","contentUrl":"https:\/\/mrnews.com.br\/wp-content\/uploads\/2026\/08\/MRNEws.png","width":1254,"height":1254,"caption":"MRNews"},"image":{"@id":"https:\/\/mrnews.com.br\/#\/schema\/logo\/image\/"},"sameAs":["https:\/\/www.facebook.com\/eaipahpah\/?locale2=pt_BR","https:\/\/x.com\/conspirou","https:\/\/www.instagram.com\/eai_pahpah","https:\/\/br.pinterest.com\/mrnewsn\/boards\/","https:\/\/www.youtube.com\/channel\/UCacgnpznQ61fifLWr1tQ-vA?view_as=subscriber"]},{"@type":"Person","@id":"https:\/\/mrnews.com.br\/#\/schema\/person\/2f073f2d87903a2ff9a065e41bbf17d4","name":"Fernando Corraa","image":{"@type":"ImageObject","inLanguage":"pt-BR","@id":"https:\/\/secure.gravatar.com\/avatar\/9069acb0e588c9f4346ba747284aef18a5faaab575e89e9ccc64e315003f0b82?s=96&d=monsterid&r=g","url":"https:\/\/secure.gravatar.com\/avatar\/9069acb0e588c9f4346ba747284aef18a5faaab575e89e9ccc64e315003f0b82?s=96&d=monsterid&r=g","contentUrl":"https:\/\/secure.gravatar.com\/avatar\/9069acb0e588c9f4346ba747284aef18a5faaab575e89e9ccc64e315003f0b82?s=96&d=monsterid&r=g","caption":"Fernando Corraa"},"url":"https:\/\/mrnews.com.br\/index.php\/author\/fernando-corraa\/"}]}},"jetpack_sharing_enabled":true,"jetpack_shortlink":"https:\/\/wp.me\/pa2Qf7-1XhQ","amp_enabled":true,"jetpack_featured_media_url":"","_links":{"self":[{"href":"https:\/\/mrnews.com.br\/index.php\/wp-json\/wp\/v2\/posts\/466230","targetHints":{"allow":["GET"]}}],"collection":[{"href":"https:\/\/mrnews.com.br\/index.php\/wp-json\/wp\/v2\/posts"}],"about":[{"href":"https:\/\/mrnews.com.br\/index.php\/wp-json\/wp\/v2\/types\/post"}],"author":[{"embeddable":true,"href":"https:\/\/mrnews.com.br\/index.php\/wp-json\/wp\/v2\/users\/39"}],"replies":[{"embeddable":true,"href":"https:\/\/mrnews.com.br\/index.php\/wp-json\/wp\/v2\/comments?post=466230"}],"version-history":[{"count":0,"href":"https:\/\/mrnews.com.br\/index.php\/wp-json\/wp\/v2\/posts\/466230\/revisions"}],"wp:attachment":[{"href":"https:\/\/mrnews.com.br\/index.php\/wp-json\/wp\/v2\/media?parent=466230"}],"wp:term":[{"taxonomy":"category","embeddable":true,"href":"https:\/\/mrnews.com.br\/index.php\/wp-json\/wp\/v2\/categories?post=466230"},{"taxonomy":"post_tag","embeddable":true,"href":"https:\/\/mrnews.com.br\/index.php\/wp-json\/wp\/v2\/tags?post=466230"}],"curies":[{"name":"wp","href":"https:\/\/api.w.org\/{rel}","templated":true}]}}