{"id":466233,"date":"2026-09-06T15:11:48","date_gmt":"2026-09-06T18:11:48","guid":{"rendered":"https:\/\/mrnews.com.br\/?p=466233"},"modified":"2026-09-06T15:11:48","modified_gmt":"2026-09-06T18:11:48","slug":"quem-e-o-filho-de-francesca-em-quem-ama-cuida-revelacao-surpreende-na-novela","status":"publish","type":"post","link":"https:\/\/mrnews.com.br\/index.php\/2026\/09\/06\/quem-e-o-filho-de-francesca-em-quem-ama-cuida-revelacao-surpreende-na-novela\/","title":{"rendered":"Quem \u00e9 o filho de Francesca em Quem Ama Cuida? Revela\u00e7\u00e3o surpreende na novela"},"content":{"rendered":"<p>Quem \u00e9 o filho de Francesca em Quem Ama Cuida? Revela\u00e7\u00e3o surpreende na novela<\/p>\n<p>Os mist\u00e9rios envolvendo Francesca (Nathalia Dill) continuam movimentando a novela <strong>Quem Ama Cuida<\/strong>. A personagem, que j\u00e1 apareceu envolvida em acontecimentos sobrenaturais e em segredos do passado da fam\u00edlia Brand\u00e3o, ainda guarda informa\u00e7\u00f5es importantes sobre sua vida antes da morte.<\/p>\n<p>Uma das principais revela\u00e7\u00f5es relacionadas \u00e0 personagem \u00e9 justamente a identidade de seu filho. E a resposta j\u00e1 veio \u00e0 tona: <strong>Joel, interpretado por Ricardo Teodoro, \u00e9 filho de Francesca com Arthur (Antonio Fagundes)<\/strong>.<\/p>\n<p>A descoberta acrescenta uma nova camada \u00e0 hist\u00f3ria e ajuda a explicar a liga\u00e7\u00e3o que Francesca ainda mant\u00e9m com pessoas pr\u00f3ximas \u00e0 fam\u00edlia de Arthur.<\/p>\n<h2>Joel \u00e9 o filho de Francesca<\/h2>\n<p>Joel trabalha como chef de cozinha no restaurante de Laurentino (Alan Rocha) e, durante boa parte da trama, sua verdadeira origem permaneceu escondida.<\/p>\n<p>A situa\u00e7\u00e3o come\u00e7a a mudar quando Otoniel (Tony Ramos) v\u00ea uma fotografia de Francesca ao lado de Joel. A imagem desperta uma lembran\u00e7a e faz o personagem perceber que existe uma liga\u00e7\u00e3o muito mais profunda entre os dois.<\/p>\n<p>A partir dessa descoberta, fica confirmado que <strong>Joel \u00e9 o filho que Francesca teve com Arthur<\/strong>.<\/p>\n<p>A revela\u00e7\u00e3o \u00e9 importante porque Francesca trabalhou na casa de Arthur no passado. O relacionamento entre os dois permaneceu cercado de segredos, e as consequ\u00eancias daquela rela\u00e7\u00e3o acabaram sendo mantidas longe dos demais personagens.<\/p>\n<h2>Qual \u00e9 a rela\u00e7\u00e3o entre Francesca e Arthur?<\/h2>\n<p>Antes de sua morte, Francesca trabalhou como cozinheira na casa de Arthur. A personagem deixou marcas importantes na hist\u00f3ria da fam\u00edlia e, conforme os cap\u00edtulos avan\u00e7aram, come\u00e7aram a surgir pistas de que sua rela\u00e7\u00e3o com o milion\u00e1rio era muito mais pr\u00f3xima do que inicialmente parecia.<\/p>\n<p>Rosa (Tatiana Tiburcio), que passou a ocupar o lugar de Francesca na casa, j\u00e1 havia comentado sobre o carinho especial que Arthur tinha pela antiga funcion\u00e1ria.<\/p>\n<p>Al\u00e9m disso, lembran\u00e7as envolvendo receitas e momentos vividos na resid\u00eancia ajudaram a levantar suspeitas sobre o passado dos dois.<\/p>\n<p>Agora, com a confirma\u00e7\u00e3o de que Joel \u00e9 filho de Francesca, essa rela\u00e7\u00e3o ganha um novo significado dentro da trama.<\/p>\n<h2>Otoniel ajuda a revelar o segredo<\/h2>\n<p>Otoniel \u00e9 pe\u00e7a fundamental para que a verdade sobre Joel venha \u00e0 tona.<\/p>\n<p>O personagem j\u00e1 havia desenvolvido uma rela\u00e7\u00e3o especial com Francesca, mesmo depois de descobrir que ela estava morta. A presen\u00e7a misteriosa da personagem fez com que ele come\u00e7asse a investigar acontecimentos relacionados ao passado dela.<\/p>\n<p>Ao encontrar a fotografia de Francesca ao lado de Joel, Otoniel percebe que o rapaz n\u00e3o era apenas algu\u00e9m que conhecia a personagem.<\/p>\n<p>A imagem funciona como uma pista decisiva para reconstruir parte da hist\u00f3ria da mulher de preto.<\/p>\n<h2>Francesca ainda pode se aproximar de Joel<\/h2>\n<p>Mesmo depois de sua morte, Francesca continua tendo import\u00e2ncia na narrativa de <strong>Quem Ama Cuida<\/strong>.<\/p>\n<p>A personagem j\u00e1 apareceu para Otoniel e, posteriormente, passou a se aproximar de outras pessoas envolvidas em sua hist\u00f3ria. Em uma das situa\u00e7\u00f5es mais emocionantes, Francesca se aproxima justamente de Joel.<\/p>\n<p>O rapaz inicialmente demonstra dificuldade para acreditar nos relatos de Otoniel sobre a presen\u00e7a da m\u00e3e. A experi\u00eancia, por\u00e9m, acaba criando um momento de forte emo\u00e7\u00e3o entre os dois.<\/p>\n<p>Essa aproxima\u00e7\u00e3o pode ser fundamental para que Joel compreenda melhor sua pr\u00f3pria hist\u00f3ria e descubra informa\u00e7\u00f5es que permaneceram escondidas durante anos.<\/p>\n<h2>A fam\u00edlia Brand\u00e3o ainda guarda muitos segredos<\/h2>\n<p>A revela\u00e7\u00e3o sobre Joel acontece em um momento no qual a hist\u00f3ria da fam\u00edlia Brand\u00e3o est\u00e1 cercada de novas d\u00favidas.<\/p>\n<p>Al\u00e9m dos mist\u00e9rios envolvendo Francesca e Arthur, a novela tamb\u00e9m prepara o retorno de Heitor (Renato G\u00f3es), filho de Arthur, que havia desaparecido voluntariamente ap\u00f3s forjar a pr\u00f3pria morte durante uma viagem ao Himalaia.<\/p>\n<p>Com isso, o passado de Arthur volta a ganhar destaque e diferentes personagens passam a ter suas hist\u00f3rias conectadas.<\/p>\n<p>A confirma\u00e7\u00e3o de que Joel \u00e9 filho de Francesca tamb\u00e9m pode provocar novas consequ\u00eancias na trama, principalmente quando todas as pessoas envolvidas descobrirem a verdadeira dimens\u00e3o desse parentesco.<\/p>\n<h2>Afinal, quem \u00e9 o filho de Francesca em Quem Ama Cuida?<\/h2>\n<p>A resposta \u00e9 <strong>Joel<\/strong>, personagem vivido por <strong>Ricardo Teodoro<\/strong>.<\/p>\n<p>Ele \u00e9 filho de <strong>Francesca (Nathalia Dill) e Arthur (Antonio Fagundes)<\/strong> e atualmente trabalha como chef de cozinha.<\/p>\n<p>A descoberta representa mais uma pe\u00e7a importante no quebra-cabe\u00e7a envolvendo o passado de Francesca e a fam\u00edlia Brand\u00e3o. Com a presen\u00e7a sobrenatural da personagem ainda influenciando os acontecimentos, a tend\u00eancia \u00e9 que novos segredos sejam revelados nos pr\u00f3ximos cap\u00edtulos.<\/p>\n<p>Para quem acompanha a novela, a grande expectativa agora \u00e9 saber como Joel reagir\u00e1 quando compreender completamente sua origem e quais consequ\u00eancias essa revela\u00e7\u00e3o ter\u00e1 para os demais personagens.<\/p>\n<p><strong>Quem Ama Cuida<\/strong> segue, assim, ampliando os mist\u00e9rios envolvendo Francesca e mostrando que a morte da personagem n\u00e3o significou o fim de sua participa\u00e7\u00e3o na hist\u00f3ria.<\/p>\n","protected":false},"excerpt":{"rendered":"<p>Quem \u00e9 o filho de Francesca em Quem Ama Cuida? Revela\u00e7\u00e3o surpreende na novela Os mist\u00e9rios envolvendo Francesca (Nathalia Dill) continuam movimentando a novela Quem Ama Cuida. A personagem, que j\u00e1 apareceu envolvida em acontecimentos sobrenaturais e em segredos do passado da fam\u00edlia Brand\u00e3o, ainda guarda informa\u00e7\u00f5es importantes sobre sua vida antes da morte. Uma &hellip;<\/p>\n","protected":false},"author":1,"featured_media":466234,"comment_status":"open","ping_status":"open","sticky":false,"template":"","format":"standard","meta":{"_jetpack_newsletter_access":"","_jetpack_dont_email_post_to_subs":false,"_jetpack_newsletter_tier_id":0,"_jetpack_memberships_contains_paywalled_content":false,"_jetpack_feature_clip_id":0,"_jetpack_memberships_contains_paid_content":false,"footnotes":"","jetpack_post_was_ever_published":false},"categories":[2],"tags":[],"class_list":["post-466233","post","type-post","status-publish","format-standard","has-post-thumbnail","hentry","category-entretenimento"],"yoast_head":"<!-- This site is optimized with the Yoast SEO plugin v28.4 - https:\/\/yoast.com\/product\/yoast-seo-wordpress\/ -->\n<title>Quem \u00e9 o filho de Francesca em Quem Ama Cuida? Revela\u00e7\u00e3o surpreende na novela<\/title>\n<meta name=\"robots\" content=\"index, follow, max-snippet:-1, max-image-preview:large, max-video-preview:-1\" \/>\n<link rel=\"canonical\" href=\"https:\/\/mrnews.com.br\/index.php\/2026\/09\/06\/quem-e-o-filho-de-francesca-em-quem-ama-cuida-revelacao-surpreende-na-novela\/\" \/>\n<meta property=\"og:locale\" content=\"pt_BR\" \/>\n<meta property=\"og:type\" content=\"article\" \/>\n<meta property=\"og:title\" content=\"Quem \u00e9 o filho de Francesca em Quem Ama Cuida? Revela\u00e7\u00e3o surpreende na novela\" \/>\n<meta property=\"og:description\" content=\"Quem \u00e9 o filho de Francesca em Quem Ama Cuida? Revela\u00e7\u00e3o surpreende na novela Os mist\u00e9rios envolvendo Francesca (Nathalia Dill) continuam movimentando a novela Quem Ama Cuida. A personagem, que j\u00e1 apareceu envolvida em acontecimentos sobrenaturais e em segredos do passado da fam\u00edlia Brand\u00e3o, ainda guarda informa\u00e7\u00f5es importantes sobre sua vida antes da morte. Uma &hellip;\" \/>\n<meta property=\"og:url\" content=\"https:\/\/mrnews.com.br\/index.php\/2026\/09\/06\/quem-e-o-filho-de-francesca-em-quem-ama-cuida-revelacao-surpreende-na-novela\/\" \/>\n<meta property=\"og:site_name\" content=\"MRNews\" \/>\n<meta property=\"article:publisher\" content=\"https:\/\/www.facebook.com\/eaipahpah\/?locale2=pt_BR\" \/>\n<meta property=\"article:published_time\" content=\"2026-09-06T18:11:48+00:00\" \/>\n<meta property=\"og:image\" content=\"https:\/\/mrnews.com.br\/wp-content\/uploads\/2026\/09\/FB_IMG_1788718044246.jpg\" \/>\n\t<meta property=\"og:image:width\" content=\"1280\" \/>\n\t<meta property=\"og:image:height\" content=\"1280\" \/>\n\t<meta property=\"og:image:type\" content=\"image\/jpeg\" \/>\n<meta name=\"author\" content=\"MR News\" \/>\n<meta name=\"twitter:card\" content=\"summary_large_image\" \/>\n<meta name=\"twitter:creator\" content=\"@conspirou\" \/>\n<meta name=\"twitter:site\" content=\"@conspirou\" \/>\n<meta name=\"twitter:label1\" content=\"Escrito por\" \/>\n\t<meta name=\"twitter:data1\" content=\"MR News\" \/>\n\t<meta name=\"twitter:label2\" content=\"Est. tempo de leitura\" \/>\n\t<meta name=\"twitter:data2\" content=\"5 minutos\" \/>\n<script type=\"application\/ld+json\" class=\"yoast-schema-graph\">{\"@context\":\"https:\\\/\\\/schema.org\",\"@graph\":[{\"@type\":\"Article\",\"@id\":\"https:\\\/\\\/mrnews.com.br\\\/index.php\\\/2026\\\/09\\\/06\\\/quem-e-o-filho-de-francesca-em-quem-ama-cuida-revelacao-surpreende-na-novela\\\/#article\",\"isPartOf\":{\"@id\":\"https:\\\/\\\/mrnews.com.br\\\/index.php\\\/2026\\\/09\\\/06\\\/quem-e-o-filho-de-francesca-em-quem-ama-cuida-revelacao-surpreende-na-novela\\\/\"},\"author\":{\"name\":\"MR News\",\"@id\":\"https:\\\/\\\/mrnews.com.br\\\/#\\\/schema\\\/person\\\/be3203154562a9f207407861cef7827b\"},\"headline\":\"Quem \u00e9 o filho de Francesca em Quem Ama Cuida? Revela\u00e7\u00e3o surpreende na novela\",\"datePublished\":\"2026-09-06T18:11:48+00:00\",\"mainEntityOfPage\":{\"@id\":\"https:\\\/\\\/mrnews.com.br\\\/index.php\\\/2026\\\/09\\\/06\\\/quem-e-o-filho-de-francesca-em-quem-ama-cuida-revelacao-surpreende-na-novela\\\/\"},\"wordCount\":862,\"commentCount\":0,\"publisher\":{\"@id\":\"https:\\\/\\\/mrnews.com.br\\\/#organization\"},\"image\":{\"@id\":\"https:\\\/\\\/mrnews.com.br\\\/index.php\\\/2026\\\/09\\\/06\\\/quem-e-o-filho-de-francesca-em-quem-ama-cuida-revelacao-surpreende-na-novela\\\/#primaryimage\"},\"thumbnailUrl\":\"https:\\\/\\\/mrnews.com.br\\\/wp-content\\\/uploads\\\/2026\\\/09\\\/FB_IMG_1788718044246.jpg\",\"articleSection\":[\"ENTRETENIMENTO\"],\"inLanguage\":\"pt-BR\",\"potentialAction\":[{\"@type\":\"CommentAction\",\"name\":\"Comment\",\"target\":[\"https:\\\/\\\/mrnews.com.br\\\/index.php\\\/2026\\\/09\\\/06\\\/quem-e-o-filho-de-francesca-em-quem-ama-cuida-revelacao-surpreende-na-novela\\\/#respond\"]}]},{\"@type\":\"WebPage\",\"@id\":\"https:\\\/\\\/mrnews.com.br\\\/index.php\\\/2026\\\/09\\\/06\\\/quem-e-o-filho-de-francesca-em-quem-ama-cuida-revelacao-surpreende-na-novela\\\/\",\"url\":\"https:\\\/\\\/mrnews.com.br\\\/index.php\\\/2026\\\/09\\\/06\\\/quem-e-o-filho-de-francesca-em-quem-ama-cuida-revelacao-surpreende-na-novela\\\/\",\"name\":\"Quem \u00e9 o filho de Francesca em Quem Ama Cuida? Revela\u00e7\u00e3o surpreende na novela\",\"isPartOf\":{\"@id\":\"https:\\\/\\\/mrnews.com.br\\\/#website\"},\"primaryImageOfPage\":{\"@id\":\"https:\\\/\\\/mrnews.com.br\\\/index.php\\\/2026\\\/09\\\/06\\\/quem-e-o-filho-de-francesca-em-quem-ama-cuida-revelacao-surpreende-na-novela\\\/#primaryimage\"},\"image\":{\"@id\":\"https:\\\/\\\/mrnews.com.br\\\/index.php\\\/2026\\\/09\\\/06\\\/quem-e-o-filho-de-francesca-em-quem-ama-cuida-revelacao-surpreende-na-novela\\\/#primaryimage\"},\"thumbnailUrl\":\"https:\\\/\\\/mrnews.com.br\\\/wp-content\\\/uploads\\\/2026\\\/09\\\/FB_IMG_1788718044246.jpg\",\"datePublished\":\"2026-09-06T18:11:48+00:00\",\"breadcrumb\":{\"@id\":\"https:\\\/\\\/mrnews.com.br\\\/index.php\\\/2026\\\/09\\\/06\\\/quem-e-o-filho-de-francesca-em-quem-ama-cuida-revelacao-surpreende-na-novela\\\/#breadcrumb\"},\"inLanguage\":\"pt-BR\",\"potentialAction\":[{\"@type\":\"ReadAction\",\"target\":[\"https:\\\/\\\/mrnews.com.br\\\/index.php\\\/2026\\\/09\\\/06\\\/quem-e-o-filho-de-francesca-em-quem-ama-cuida-revelacao-surpreende-na-novela\\\/\"]}]},{\"@type\":\"ImageObject\",\"inLanguage\":\"pt-BR\",\"@id\":\"https:\\\/\\\/mrnews.com.br\\\/index.php\\\/2026\\\/09\\\/06\\\/quem-e-o-filho-de-francesca-em-quem-ama-cuida-revelacao-surpreende-na-novela\\\/#primaryimage\",\"url\":\"https:\\\/\\\/mrnews.com.br\\\/wp-content\\\/uploads\\\/2026\\\/09\\\/FB_IMG_1788718044246.jpg\",\"contentUrl\":\"https:\\\/\\\/mrnews.com.br\\\/wp-content\\\/uploads\\\/2026\\\/09\\\/FB_IMG_1788718044246.jpg\",\"width\":1280,\"height\":1280},{\"@type\":\"BreadcrumbList\",\"@id\":\"https:\\\/\\\/mrnews.com.br\\\/index.php\\\/2026\\\/09\\\/06\\\/quem-e-o-filho-de-francesca-em-quem-ama-cuida-revelacao-surpreende-na-novela\\\/#breadcrumb\",\"itemListElement\":[{\"@type\":\"ListItem\",\"position\":1,\"name\":\"In\u00edcio\",\"item\":\"https:\\\/\\\/mrnews.com.br\\\/\"},{\"@type\":\"ListItem\",\"position\":2,\"name\":\"Quem \u00e9 o filho de Francesca em Quem Ama Cuida? Revela\u00e7\u00e3o surpreende na novela\"}]},{\"@type\":\"WebSite\",\"@id\":\"https:\\\/\\\/mrnews.com.br\\\/#website\",\"url\":\"https:\\\/\\\/mrnews.com.br\\\/\",\"name\":\"MRNews\",\"description\":\"MRNews Jogos de hoje da TV, transmiss\u00f5es ao vivo, Not\u00edcias de futebol, Jogos ao vivo, Lives, resumo de novelas, Programa\u00e7\u00e3o da Globo, A Fazenda e BBB\",\"publisher\":{\"@id\":\"https:\\\/\\\/mrnews.com.br\\\/#organization\"},\"potentialAction\":[{\"@type\":\"SearchAction\",\"target\":{\"@type\":\"EntryPoint\",\"urlTemplate\":\"https:\\\/\\\/mrnews.com.br\\\/?s={search_term_string}\"},\"query-input\":{\"@type\":\"PropertyValueSpecification\",\"valueRequired\":true,\"valueName\":\"search_term_string\"}}],\"inLanguage\":\"pt-BR\"},{\"@type\":\"Organization\",\"@id\":\"https:\\\/\\\/mrnews.com.br\\\/#organization\",\"name\":\"MRNews\",\"url\":\"https:\\\/\\\/mrnews.com.br\\\/\",\"logo\":{\"@type\":\"ImageObject\",\"inLanguage\":\"pt-BR\",\"@id\":\"https:\\\/\\\/mrnews.com.br\\\/#\\\/schema\\\/logo\\\/image\\\/\",\"url\":\"https:\\\/\\\/mrnews.com.br\\\/wp-content\\\/uploads\\\/2026\\\/08\\\/MRNEws.png\",\"contentUrl\":\"https:\\\/\\\/mrnews.com.br\\\/wp-content\\\/uploads\\\/2026\\\/08\\\/MRNEws.png\",\"width\":1254,\"height\":1254,\"caption\":\"MRNews\"},\"image\":{\"@id\":\"https:\\\/\\\/mrnews.com.br\\\/#\\\/schema\\\/logo\\\/image\\\/\"},\"sameAs\":[\"https:\\\/\\\/www.facebook.com\\\/eaipahpah\\\/?locale2=pt_BR\",\"https:\\\/\\\/x.com\\\/conspirou\",\"https:\\\/\\\/www.instagram.com\\\/eai_pahpah\",\"https:\\\/\\\/br.pinterest.com\\\/mrnewsn\\\/boards\\\/\",\"https:\\\/\\\/www.youtube.com\\\/channel\\\/UCacgnpznQ61fifLWr1tQ-vA?view_as=subscriber\"]},{\"@type\":\"Person\",\"@id\":\"https:\\\/\\\/mrnews.com.br\\\/#\\\/schema\\\/person\\\/be3203154562a9f207407861cef7827b\",\"name\":\"MR News\",\"image\":{\"@type\":\"ImageObject\",\"inLanguage\":\"pt-BR\",\"@id\":\"https:\\\/\\\/secure.gravatar.com\\\/avatar\\\/04084e6d73c042b8646e7c17b494073bf0ede3ea13c7105cfc45cbbbc28385a4?s=96&d=monsterid&r=g\",\"url\":\"https:\\\/\\\/secure.gravatar.com\\\/avatar\\\/04084e6d73c042b8646e7c17b494073bf0ede3ea13c7105cfc45cbbbc28385a4?s=96&d=monsterid&r=g\",\"contentUrl\":\"https:\\\/\\\/secure.gravatar.com\\\/avatar\\\/04084e6d73c042b8646e7c17b494073bf0ede3ea13c7105cfc45cbbbc28385a4?s=96&d=monsterid&r=g\",\"caption\":\"MR News\"},\"description\":\"Especializado em jornalismo colaborativo pela FTP em n\u00edvel de p\u00f3s-gradua\u00e7\u00e3o. suporte@oimeliga.combr\",\"sameAs\":[\"HUGO R.\",\"Admin\"],\"url\":\"https:\\\/\\\/mrnews.com.br\\\/index.php\\\/author\\\/admin\\\/\"}]}<\/script>\n<!-- \/ Yoast SEO plugin. -->","yoast_head_json":{"title":"Quem \u00e9 o filho de Francesca em Quem Ama Cuida? Revela\u00e7\u00e3o surpreende na novela","robots":{"index":"index","follow":"follow","max-snippet":"max-snippet:-1","max-image-preview":"max-image-preview:large","max-video-preview":"max-video-preview:-1"},"canonical":"https:\/\/mrnews.com.br\/index.php\/2026\/09\/06\/quem-e-o-filho-de-francesca-em-quem-ama-cuida-revelacao-surpreende-na-novela\/","og_locale":"pt_BR","og_type":"article","og_title":"Quem \u00e9 o filho de Francesca em Quem Ama Cuida? Revela\u00e7\u00e3o surpreende na novela","og_description":"Quem \u00e9 o filho de Francesca em Quem Ama Cuida? Revela\u00e7\u00e3o surpreende na novela Os mist\u00e9rios envolvendo Francesca (Nathalia Dill) continuam movimentando a novela Quem Ama Cuida. A personagem, que j\u00e1 apareceu envolvida em acontecimentos sobrenaturais e em segredos do passado da fam\u00edlia Brand\u00e3o, ainda guarda informa\u00e7\u00f5es importantes sobre sua vida antes da morte. Uma &hellip;","og_url":"https:\/\/mrnews.com.br\/index.php\/2026\/09\/06\/quem-e-o-filho-de-francesca-em-quem-ama-cuida-revelacao-surpreende-na-novela\/","og_site_name":"MRNews","article_publisher":"https:\/\/www.facebook.com\/eaipahpah\/?locale2=pt_BR","article_published_time":"2026-09-06T18:11:48+00:00","og_image":[{"width":1280,"height":1280,"url":"https:\/\/mrnews.com.br\/wp-content\/uploads\/2026\/09\/FB_IMG_1788718044246.jpg","type":"image\/jpeg"}],"author":"MR News","twitter_card":"summary_large_image","twitter_creator":"@conspirou","twitter_site":"@conspirou","twitter_misc":{"Escrito por":"MR News","Est. tempo de leitura":"5 minutos"},"schema":{"@context":"https:\/\/schema.org","@graph":[{"@type":"Article","@id":"https:\/\/mrnews.com.br\/index.php\/2026\/09\/06\/quem-e-o-filho-de-francesca-em-quem-ama-cuida-revelacao-surpreende-na-novela\/#article","isPartOf":{"@id":"https:\/\/mrnews.com.br\/index.php\/2026\/09\/06\/quem-e-o-filho-de-francesca-em-quem-ama-cuida-revelacao-surpreende-na-novela\/"},"author":{"name":"MR News","@id":"https:\/\/mrnews.com.br\/#\/schema\/person\/be3203154562a9f207407861cef7827b"},"headline":"Quem \u00e9 o filho de Francesca em Quem Ama Cuida? Revela\u00e7\u00e3o surpreende na novela","datePublished":"2026-09-06T18:11:48+00:00","mainEntityOfPage":{"@id":"https:\/\/mrnews.com.br\/index.php\/2026\/09\/06\/quem-e-o-filho-de-francesca-em-quem-ama-cuida-revelacao-surpreende-na-novela\/"},"wordCount":862,"commentCount":0,"publisher":{"@id":"https:\/\/mrnews.com.br\/#organization"},"image":{"@id":"https:\/\/mrnews.com.br\/index.php\/2026\/09\/06\/quem-e-o-filho-de-francesca-em-quem-ama-cuida-revelacao-surpreende-na-novela\/#primaryimage"},"thumbnailUrl":"https:\/\/mrnews.com.br\/wp-content\/uploads\/2026\/09\/FB_IMG_1788718044246.jpg","articleSection":["ENTRETENIMENTO"],"inLanguage":"pt-BR","potentialAction":[{"@type":"CommentAction","name":"Comment","target":["https:\/\/mrnews.com.br\/index.php\/2026\/09\/06\/quem-e-o-filho-de-francesca-em-quem-ama-cuida-revelacao-surpreende-na-novela\/#respond"]}]},{"@type":"WebPage","@id":"https:\/\/mrnews.com.br\/index.php\/2026\/09\/06\/quem-e-o-filho-de-francesca-em-quem-ama-cuida-revelacao-surpreende-na-novela\/","url":"https:\/\/mrnews.com.br\/index.php\/2026\/09\/06\/quem-e-o-filho-de-francesca-em-quem-ama-cuida-revelacao-surpreende-na-novela\/","name":"Quem \u00e9 o filho de Francesca em Quem Ama Cuida? Revela\u00e7\u00e3o surpreende na novela","isPartOf":{"@id":"https:\/\/mrnews.com.br\/#website"},"primaryImageOfPage":{"@id":"https:\/\/mrnews.com.br\/index.php\/2026\/09\/06\/quem-e-o-filho-de-francesca-em-quem-ama-cuida-revelacao-surpreende-na-novela\/#primaryimage"},"image":{"@id":"https:\/\/mrnews.com.br\/index.php\/2026\/09\/06\/quem-e-o-filho-de-francesca-em-quem-ama-cuida-revelacao-surpreende-na-novela\/#primaryimage"},"thumbnailUrl":"https:\/\/mrnews.com.br\/wp-content\/uploads\/2026\/09\/FB_IMG_1788718044246.jpg","datePublished":"2026-09-06T18:11:48+00:00","breadcrumb":{"@id":"https:\/\/mrnews.com.br\/index.php\/2026\/09\/06\/quem-e-o-filho-de-francesca-em-quem-ama-cuida-revelacao-surpreende-na-novela\/#breadcrumb"},"inLanguage":"pt-BR","potentialAction":[{"@type":"ReadAction","target":["https:\/\/mrnews.com.br\/index.php\/2026\/09\/06\/quem-e-o-filho-de-francesca-em-quem-ama-cuida-revelacao-surpreende-na-novela\/"]}]},{"@type":"ImageObject","inLanguage":"pt-BR","@id":"https:\/\/mrnews.com.br\/index.php\/2026\/09\/06\/quem-e-o-filho-de-francesca-em-quem-ama-cuida-revelacao-surpreende-na-novela\/#primaryimage","url":"https:\/\/mrnews.com.br\/wp-content\/uploads\/2026\/09\/FB_IMG_1788718044246.jpg","contentUrl":"https:\/\/mrnews.com.br\/wp-content\/uploads\/2026\/09\/FB_IMG_1788718044246.jpg","width":1280,"height":1280},{"@type":"BreadcrumbList","@id":"https:\/\/mrnews.com.br\/index.php\/2026\/09\/06\/quem-e-o-filho-de-francesca-em-quem-ama-cuida-revelacao-surpreende-na-novela\/#breadcrumb","itemListElement":[{"@type":"ListItem","position":1,"name":"In\u00edcio","item":"https:\/\/mrnews.com.br\/"},{"@type":"ListItem","position":2,"name":"Quem \u00e9 o filho de Francesca em Quem Ama Cuida? Revela\u00e7\u00e3o surpreende na novela"}]},{"@type":"WebSite","@id":"https:\/\/mrnews.com.br\/#website","url":"https:\/\/mrnews.com.br\/","name":"MRNews","description":"MRNews Jogos de hoje da TV, transmiss\u00f5es ao vivo, Not\u00edcias de futebol, Jogos ao vivo, Lives, resumo de novelas, Programa\u00e7\u00e3o da Globo, A Fazenda e BBB","publisher":{"@id":"https:\/\/mrnews.com.br\/#organization"},"potentialAction":[{"@type":"SearchAction","target":{"@type":"EntryPoint","urlTemplate":"https:\/\/mrnews.com.br\/?s={search_term_string}"},"query-input":{"@type":"PropertyValueSpecification","valueRequired":true,"valueName":"search_term_string"}}],"inLanguage":"pt-BR"},{"@type":"Organization","@id":"https:\/\/mrnews.com.br\/#organization","name":"MRNews","url":"https:\/\/mrnews.com.br\/","logo":{"@type":"ImageObject","inLanguage":"pt-BR","@id":"https:\/\/mrnews.com.br\/#\/schema\/logo\/image\/","url":"https:\/\/mrnews.com.br\/wp-content\/uploads\/2026\/08\/MRNEws.png","contentUrl":"https:\/\/mrnews.com.br\/wp-content\/uploads\/2026\/08\/MRNEws.png","width":1254,"height":1254,"caption":"MRNews"},"image":{"@id":"https:\/\/mrnews.com.br\/#\/schema\/logo\/image\/"},"sameAs":["https:\/\/www.facebook.com\/eaipahpah\/?locale2=pt_BR","https:\/\/x.com\/conspirou","https:\/\/www.instagram.com\/eai_pahpah","https:\/\/br.pinterest.com\/mrnewsn\/boards\/","https:\/\/www.youtube.com\/channel\/UCacgnpznQ61fifLWr1tQ-vA?view_as=subscriber"]},{"@type":"Person","@id":"https:\/\/mrnews.com.br\/#\/schema\/person\/be3203154562a9f207407861cef7827b","name":"MR News","image":{"@type":"ImageObject","inLanguage":"pt-BR","@id":"https:\/\/secure.gravatar.com\/avatar\/04084e6d73c042b8646e7c17b494073bf0ede3ea13c7105cfc45cbbbc28385a4?s=96&d=monsterid&r=g","url":"https:\/\/secure.gravatar.com\/avatar\/04084e6d73c042b8646e7c17b494073bf0ede3ea13c7105cfc45cbbbc28385a4?s=96&d=monsterid&r=g","contentUrl":"https:\/\/secure.gravatar.com\/avatar\/04084e6d73c042b8646e7c17b494073bf0ede3ea13c7105cfc45cbbbc28385a4?s=96&d=monsterid&r=g","caption":"MR News"},"description":"Especializado em jornalismo colaborativo pela FTP em n\u00edvel de p\u00f3s-gradua\u00e7\u00e3o. suporte@oimeliga.combr","sameAs":["HUGO R.","Admin"],"url":"https:\/\/mrnews.com.br\/index.php\/author\/admin\/"}]}},"jetpack_sharing_enabled":true,"jetpack_shortlink":"https:\/\/wp.me\/pa2Qf7-1XhT","amp_enabled":true,"jetpack_featured_media_url":"https:\/\/mrnews.com.br\/wp-content\/uploads\/2026\/09\/FB_IMG_1788718044246.jpg","_links":{"self":[{"href":"https:\/\/mrnews.com.br\/index.php\/wp-json\/wp\/v2\/posts\/466233","targetHints":{"allow":["GET"]}}],"collection":[{"href":"https:\/\/mrnews.com.br\/index.php\/wp-json\/wp\/v2\/posts"}],"about":[{"href":"https:\/\/mrnews.com.br\/index.php\/wp-json\/wp\/v2\/types\/post"}],"author":[{"embeddable":true,"href":"https:\/\/mrnews.com.br\/index.php\/wp-json\/wp\/v2\/users\/1"}],"replies":[{"embeddable":true,"href":"https:\/\/mrnews.com.br\/index.php\/wp-json\/wp\/v2\/comments?post=466233"}],"version-history":[{"count":1,"href":"https:\/\/mrnews.com.br\/index.php\/wp-json\/wp\/v2\/posts\/466233\/revisions"}],"predecessor-version":[{"id":466235,"href":"https:\/\/mrnews.com.br\/index.php\/wp-json\/wp\/v2\/posts\/466233\/revisions\/466235"}],"wp:featuredmedia":[{"embeddable":true,"href":"https:\/\/mrnews.com.br\/index.php\/wp-json\/wp\/v2\/media\/466234"}],"wp:attachment":[{"href":"https:\/\/mrnews.com.br\/index.php\/wp-json\/wp\/v2\/media?parent=466233"}],"wp:term":[{"taxonomy":"category","embeddable":true,"href":"https:\/\/mrnews.com.br\/index.php\/wp-json\/wp\/v2\/categories?post=466233"},{"taxonomy":"post_tag","embeddable":true,"href":"https:\/\/mrnews.com.br\/index.php\/wp-json\/wp\/v2\/tags?post=466233"}],"curies":[{"name":"wp","href":"https:\/\/api.w.org\/{rel}","templated":true}]}}