{"id":466237,"date":"2026-09-06T15:32:02","date_gmt":"2026-09-06T18:32:02","guid":{"rendered":"https:\/\/mrnews.com.br\/index.php\/2026\/09\/06\/sao-paulo-tem-mais-de-58-mil-casos-de-dengue-desde-o-inicio-do-ano\/"},"modified":"2026-09-06T15:32:02","modified_gmt":"2026-09-06T18:32:02","slug":"sao-paulo-tem-mais-de-58-mil-casos-de-dengue-desde-o-inicio-do-ano","status":"publish","type":"post","link":"https:\/\/mrnews.com.br\/index.php\/2026\/09\/06\/sao-paulo-tem-mais-de-58-mil-casos-de-dengue-desde-o-inicio-do-ano\/","title":{"rendered":"S\u00e3o Paulo tem mais de 58 mil casos de dengue desde o in\u00edcio do ano"},"content":{"rendered":"<p>Por EBC, <\/p>\n<div>\n<p><strong>Autoridades de sa\u00fade confirmaram 58.683 casos de dengue em todo o estado de S\u00e3o Paulo, desde o in\u00edcio deste ano. Tamb\u00e9m foram contabilizados 42 \u00f3bitos, n\u00famero que pode crescer, pois h\u00e1 30 mortes sob investiga\u00e7\u00e3o.\u00a0<\/strong><\/p>\n<p>De acordo com a Secretaria da Sa\u00fade, 57.402 foram classificados como casos de dengue, 1.180 como de dengue com sinais de alarme e 101 de dengue grave.<\/p>\n<p>O quadro com sinais de alarme inclui v\u00f4mito, dor abdominal, sangramento de mucosas e outros sintomas, enquanto o de dengue grave \u00e9 configurado quando h\u00e1 choque ou desconforto respirat\u00f3rio, sangramento grave ou comprometimento severo de \u00f3rg\u00e3os.<\/p>\n<p>At\u00e9 o momento, mais de 297 mil suspeitas da doen\u00e7a foram descartadas e 7.256 restam em an\u00e1lise, elaborada com exames ou com crit\u00e9rios cl\u00ednico-epidemiol\u00f3gicos pendentes.<\/p>\n<p>Taubat\u00e9 \u00e9 o munic\u00edpio com maior quantidade de mortes decorrentes da doen\u00e7a. L\u00e1 faleceram sete pacientes com idade entre 10 anos e 79 anos e quatro com mais de 80 anos.\u00a0<\/p>\n<h2>Medidas de controle<\/h2>\n<p>Questionada sobre as medidas de controle da arbovirose no estado, a Secretaria da Sa\u00fade disse manter acompanhamento ininterrupto e aten\u00e7\u00e3o especial no intervalo de outubro a maio, quando h\u00e1 mais transmiss\u00f5es.<\/p>\n<p>A pasta destacou o lan\u00e7amento, no m\u00eas passado, do Plano Estadual de Prepara\u00e7\u00e3o e Resposta em Sa\u00fade para o Fen\u00f4meno El Ni\u00f1o, que adapta a\u00e7\u00f5es diante do prov\u00e1vel aumento no n\u00famero de casos de dengue.<\/p>\n<p><strong>No pacote de provid\u00eancias, est\u00e3o a identifica\u00e7\u00e3o de regi\u00f5es priorit\u00e1rias, o fortalecimento das salas de situa\u00e7\u00e3o e o apoio aos munic\u00edpios na organiza\u00e7\u00e3o da vigil\u00e2ncia e da rede de atendimento.<\/strong><\/p>\n<p>Segundo a secretaria, tamb\u00e9m s\u00e3o constantemente checados os estoques de medicamentos e insumos, ao mesmo tempo que os munic\u00edpios s\u00e3o provocados a atualizar seus planos locais de conting\u00eancia.<\/p>\n<p>&#8220;Conforme a evolu\u00e7\u00e3o do cen\u00e1rio, a capacidade de atendimento poder\u00e1 ser ampliada temporariamente. Desde 2024, o Governo de S\u00e3o Paulo repassou mais de R$ 1,5 bilh\u00e3o aos 645 munic\u00edpios por meio do IGM SUS Paulista para fortalecer a Aten\u00e7\u00e3o Prim\u00e1ria. O enfrentamento das arboviroses urbanas est\u00e1 entre os crit\u00e9rios considerados pelo programa&#8221;, ressaltou a secretaria em nota enviada \u00e0 <strong>Ag\u00eancia Brasil<\/strong>.\u00a0<\/p>\n<p>\u00a0<\/p>\n<p>      <!-- Relacionada --><\/p>\n<p>            <!-- Relacionada -->\n    <\/div>\n","protected":false},"excerpt":{"rendered":"<p>Por EBC, Autoridades de sa\u00fade confirmaram 58.683 casos de dengue em todo o estado de S\u00e3o Paulo, desde o in\u00edcio deste ano. Tamb\u00e9m foram contabilizados 42 \u00f3bitos, n\u00famero que pode crescer, pois h\u00e1 30 mortes sob investiga\u00e7\u00e3o.\u00a0 De acordo com a Secretaria da Sa\u00fade, 57.402 foram classificados como casos de dengue, 1.180 como de dengue &hellip;<\/p>\n","protected":false},"author":39,"featured_media":0,"comment_status":"open","ping_status":"open","sticky":false,"template":"","format":"standard","meta":{"_jetpack_newsletter_access":"","_jetpack_dont_email_post_to_subs":false,"_jetpack_newsletter_tier_id":0,"_jetpack_memberships_contains_paywalled_content":false,"_jetpack_feature_clip_id":0,"_jetpack_memberships_contains_paid_content":false,"footnotes":"","jetpack_post_was_ever_published":false},"categories":[4],"tags":[],"class_list":["post-466237","post","type-post","status-publish","format-standard","hentry","category-servicos"],"yoast_head":"<!-- This site is optimized with the Yoast SEO plugin v28.4 - https:\/\/yoast.com\/product\/yoast-seo-wordpress\/ -->\n<title>S\u00e3o Paulo tem mais de 58 mil casos de dengue desde o in\u00edcio do ano<\/title>\n<meta name=\"robots\" content=\"index, follow, max-snippet:-1, max-image-preview:large, max-video-preview:-1\" \/>\n<link rel=\"canonical\" href=\"https:\/\/agenciabrasil.ebc.com.br\/saude\/noticia\/2026-09\/sao-paulo-tem-mais-de-58-mil-casos-de-dengue-desde-o-inicio-do-ano\" \/>\n<meta property=\"og:locale\" content=\"pt_BR\" \/>\n<meta property=\"og:type\" content=\"article\" \/>\n<meta property=\"og:title\" content=\"S\u00e3o Paulo tem mais de 58 mil casos de dengue desde o in\u00edcio do ano\" \/>\n<meta property=\"og:description\" content=\"Por EBC, Autoridades de sa\u00fade confirmaram 58.683 casos de dengue em todo o estado de S\u00e3o Paulo, desde o in\u00edcio deste ano. Tamb\u00e9m foram contabilizados 42 \u00f3bitos, n\u00famero que pode crescer, pois h\u00e1 30 mortes sob investiga\u00e7\u00e3o.\u00a0 De acordo com a Secretaria da Sa\u00fade, 57.402 foram classificados como casos de dengue, 1.180 como de dengue &hellip;\" \/>\n<meta property=\"og:url\" content=\"https:\/\/agenciabrasil.ebc.com.br\/saude\/noticia\/2026-09\/sao-paulo-tem-mais-de-58-mil-casos-de-dengue-desde-o-inicio-do-ano\" \/>\n<meta property=\"og:site_name\" content=\"MRNews\" \/>\n<meta property=\"article:publisher\" content=\"https:\/\/www.facebook.com\/eaipahpah\/?locale2=pt_BR\" \/>\n<meta property=\"article:published_time\" content=\"2026-09-06T18:32:02+00:00\" \/>\n<meta name=\"author\" content=\"Fernando Corraa\" \/>\n<meta name=\"twitter:card\" content=\"summary_large_image\" \/>\n<meta name=\"twitter:creator\" content=\"@conspirou\" \/>\n<meta name=\"twitter:site\" content=\"@conspirou\" \/>\n<meta name=\"twitter:label1\" content=\"Escrito por\" \/>\n\t<meta name=\"twitter:data1\" content=\"Fernando Corraa\" \/>\n\t<meta name=\"twitter:label2\" content=\"Est. tempo de leitura\" \/>\n\t<meta name=\"twitter:data2\" content=\"2 minutos\" \/>\n<script type=\"application\/ld+json\" class=\"yoast-schema-graph\">{\"@context\":\"https:\\\/\\\/schema.org\",\"@graph\":[{\"@type\":\"Article\",\"@id\":\"https:\\\/\\\/agenciabrasil.ebc.com.br\\\/saude\\\/noticia\\\/2026-09\\\/sao-paulo-tem-mais-de-58-mil-casos-de-dengue-desde-o-inicio-do-ano#article\",\"isPartOf\":{\"@id\":\"https:\\\/\\\/mrnews.com.br\\\/index.php\\\/2026\\\/09\\\/06\\\/sao-paulo-tem-mais-de-58-mil-casos-de-dengue-desde-o-inicio-do-ano\\\/\"},\"author\":{\"name\":\"Fernando Corraa\",\"@id\":\"https:\\\/\\\/mrnews.com.br\\\/#\\\/schema\\\/person\\\/2f073f2d87903a2ff9a065e41bbf17d4\"},\"headline\":\"S\u00e3o Paulo tem mais de 58 mil casos de dengue desde o in\u00edcio do ano\",\"datePublished\":\"2026-09-06T18:32:02+00:00\",\"mainEntityOfPage\":{\"@id\":\"https:\\\/\\\/mrnews.com.br\\\/index.php\\\/2026\\\/09\\\/06\\\/sao-paulo-tem-mais-de-58-mil-casos-de-dengue-desde-o-inicio-do-ano\\\/\"},\"wordCount\":395,\"commentCount\":0,\"publisher\":{\"@id\":\"https:\\\/\\\/mrnews.com.br\\\/#organization\"},\"articleSection\":[\"SERVI\u00c7OS\"],\"inLanguage\":\"pt-BR\",\"potentialAction\":[{\"@type\":\"CommentAction\",\"name\":\"Comment\",\"target\":[\"https:\\\/\\\/agenciabrasil.ebc.com.br\\\/saude\\\/noticia\\\/2026-09\\\/sao-paulo-tem-mais-de-58-mil-casos-de-dengue-desde-o-inicio-do-ano#respond\"]}]},{\"@type\":\"WebPage\",\"@id\":\"https:\\\/\\\/mrnews.com.br\\\/index.php\\\/2026\\\/09\\\/06\\\/sao-paulo-tem-mais-de-58-mil-casos-de-dengue-desde-o-inicio-do-ano\\\/\",\"url\":\"https:\\\/\\\/agenciabrasil.ebc.com.br\\\/saude\\\/noticia\\\/2026-09\\\/sao-paulo-tem-mais-de-58-mil-casos-de-dengue-desde-o-inicio-do-ano\",\"name\":\"S\u00e3o Paulo tem mais de 58 mil casos de dengue desde o in\u00edcio do ano\",\"isPartOf\":{\"@id\":\"https:\\\/\\\/mrnews.com.br\\\/#website\"},\"datePublished\":\"2026-09-06T18:32:02+00:00\",\"breadcrumb\":{\"@id\":\"https:\\\/\\\/agenciabrasil.ebc.com.br\\\/saude\\\/noticia\\\/2026-09\\\/sao-paulo-tem-mais-de-58-mil-casos-de-dengue-desde-o-inicio-do-ano#breadcrumb\"},\"inLanguage\":\"pt-BR\",\"potentialAction\":[{\"@type\":\"ReadAction\",\"target\":[\"https:\\\/\\\/agenciabrasil.ebc.com.br\\\/saude\\\/noticia\\\/2026-09\\\/sao-paulo-tem-mais-de-58-mil-casos-de-dengue-desde-o-inicio-do-ano\"]}]},{\"@type\":\"BreadcrumbList\",\"@id\":\"https:\\\/\\\/agenciabrasil.ebc.com.br\\\/saude\\\/noticia\\\/2026-09\\\/sao-paulo-tem-mais-de-58-mil-casos-de-dengue-desde-o-inicio-do-ano#breadcrumb\",\"itemListElement\":[{\"@type\":\"ListItem\",\"position\":1,\"name\":\"In\u00edcio\",\"item\":\"https:\\\/\\\/mrnews.com.br\\\/\"},{\"@type\":\"ListItem\",\"position\":2,\"name\":\"S\u00e3o Paulo tem mais de 58 mil casos de dengue desde o in\u00edcio do ano\"}]},{\"@type\":\"WebSite\",\"@id\":\"https:\\\/\\\/mrnews.com.br\\\/#website\",\"url\":\"https:\\\/\\\/mrnews.com.br\\\/\",\"name\":\"MRNews\",\"description\":\"MRNews Jogos de hoje da TV, transmiss\u00f5es ao vivo, Not\u00edcias de futebol, Jogos ao vivo, Lives, resumo de novelas, Programa\u00e7\u00e3o da Globo, A Fazenda e BBB\",\"publisher\":{\"@id\":\"https:\\\/\\\/mrnews.com.br\\\/#organization\"},\"potentialAction\":[{\"@type\":\"SearchAction\",\"target\":{\"@type\":\"EntryPoint\",\"urlTemplate\":\"https:\\\/\\\/mrnews.com.br\\\/?s={search_term_string}\"},\"query-input\":{\"@type\":\"PropertyValueSpecification\",\"valueRequired\":true,\"valueName\":\"search_term_string\"}}],\"inLanguage\":\"pt-BR\"},{\"@type\":\"Organization\",\"@id\":\"https:\\\/\\\/mrnews.com.br\\\/#organization\",\"name\":\"MRNews\",\"url\":\"https:\\\/\\\/mrnews.com.br\\\/\",\"logo\":{\"@type\":\"ImageObject\",\"inLanguage\":\"pt-BR\",\"@id\":\"https:\\\/\\\/mrnews.com.br\\\/#\\\/schema\\\/logo\\\/image\\\/\",\"url\":\"https:\\\/\\\/mrnews.com.br\\\/wp-content\\\/uploads\\\/2026\\\/08\\\/MRNEws.png\",\"contentUrl\":\"https:\\\/\\\/mrnews.com.br\\\/wp-content\\\/uploads\\\/2026\\\/08\\\/MRNEws.png\",\"width\":1254,\"height\":1254,\"caption\":\"MRNews\"},\"image\":{\"@id\":\"https:\\\/\\\/mrnews.com.br\\\/#\\\/schema\\\/logo\\\/image\\\/\"},\"sameAs\":[\"https:\\\/\\\/www.facebook.com\\\/eaipahpah\\\/?locale2=pt_BR\",\"https:\\\/\\\/x.com\\\/conspirou\",\"https:\\\/\\\/www.instagram.com\\\/eai_pahpah\",\"https:\\\/\\\/br.pinterest.com\\\/mrnewsn\\\/boards\\\/\",\"https:\\\/\\\/www.youtube.com\\\/channel\\\/UCacgnpznQ61fifLWr1tQ-vA?view_as=subscriber\"]},{\"@type\":\"Person\",\"@id\":\"https:\\\/\\\/mrnews.com.br\\\/#\\\/schema\\\/person\\\/2f073f2d87903a2ff9a065e41bbf17d4\",\"name\":\"Fernando Corraa\",\"image\":{\"@type\":\"ImageObject\",\"inLanguage\":\"pt-BR\",\"@id\":\"https:\\\/\\\/secure.gravatar.com\\\/avatar\\\/9069acb0e588c9f4346ba747284aef18a5faaab575e89e9ccc64e315003f0b82?s=96&d=monsterid&r=g\",\"url\":\"https:\\\/\\\/secure.gravatar.com\\\/avatar\\\/9069acb0e588c9f4346ba747284aef18a5faaab575e89e9ccc64e315003f0b82?s=96&d=monsterid&r=g\",\"contentUrl\":\"https:\\\/\\\/secure.gravatar.com\\\/avatar\\\/9069acb0e588c9f4346ba747284aef18a5faaab575e89e9ccc64e315003f0b82?s=96&d=monsterid&r=g\",\"caption\":\"Fernando Corraa\"},\"url\":\"https:\\\/\\\/mrnews.com.br\\\/index.php\\\/author\\\/fernando-corraa\\\/\"}]}<\/script>\n<!-- \/ Yoast SEO plugin. -->","yoast_head_json":{"title":"S\u00e3o Paulo tem mais de 58 mil casos de dengue desde o in\u00edcio do ano","robots":{"index":"index","follow":"follow","max-snippet":"max-snippet:-1","max-image-preview":"max-image-preview:large","max-video-preview":"max-video-preview:-1"},"canonical":"https:\/\/agenciabrasil.ebc.com.br\/saude\/noticia\/2026-09\/sao-paulo-tem-mais-de-58-mil-casos-de-dengue-desde-o-inicio-do-ano","og_locale":"pt_BR","og_type":"article","og_title":"S\u00e3o Paulo tem mais de 58 mil casos de dengue desde o in\u00edcio do ano","og_description":"Por EBC, Autoridades de sa\u00fade confirmaram 58.683 casos de dengue em todo o estado de S\u00e3o Paulo, desde o in\u00edcio deste ano. Tamb\u00e9m foram contabilizados 42 \u00f3bitos, n\u00famero que pode crescer, pois h\u00e1 30 mortes sob investiga\u00e7\u00e3o.\u00a0 De acordo com a Secretaria da Sa\u00fade, 57.402 foram classificados como casos de dengue, 1.180 como de dengue &hellip;","og_url":"https:\/\/agenciabrasil.ebc.com.br\/saude\/noticia\/2026-09\/sao-paulo-tem-mais-de-58-mil-casos-de-dengue-desde-o-inicio-do-ano","og_site_name":"MRNews","article_publisher":"https:\/\/www.facebook.com\/eaipahpah\/?locale2=pt_BR","article_published_time":"2026-09-06T18:32:02+00:00","author":"Fernando Corraa","twitter_card":"summary_large_image","twitter_creator":"@conspirou","twitter_site":"@conspirou","twitter_misc":{"Escrito por":"Fernando Corraa","Est. tempo de leitura":"2 minutos"},"schema":{"@context":"https:\/\/schema.org","@graph":[{"@type":"Article","@id":"https:\/\/agenciabrasil.ebc.com.br\/saude\/noticia\/2026-09\/sao-paulo-tem-mais-de-58-mil-casos-de-dengue-desde-o-inicio-do-ano#article","isPartOf":{"@id":"https:\/\/mrnews.com.br\/index.php\/2026\/09\/06\/sao-paulo-tem-mais-de-58-mil-casos-de-dengue-desde-o-inicio-do-ano\/"},"author":{"name":"Fernando Corraa","@id":"https:\/\/mrnews.com.br\/#\/schema\/person\/2f073f2d87903a2ff9a065e41bbf17d4"},"headline":"S\u00e3o Paulo tem mais de 58 mil casos de dengue desde o in\u00edcio do ano","datePublished":"2026-09-06T18:32:02+00:00","mainEntityOfPage":{"@id":"https:\/\/mrnews.com.br\/index.php\/2026\/09\/06\/sao-paulo-tem-mais-de-58-mil-casos-de-dengue-desde-o-inicio-do-ano\/"},"wordCount":395,"commentCount":0,"publisher":{"@id":"https:\/\/mrnews.com.br\/#organization"},"articleSection":["SERVI\u00c7OS"],"inLanguage":"pt-BR","potentialAction":[{"@type":"CommentAction","name":"Comment","target":["https:\/\/agenciabrasil.ebc.com.br\/saude\/noticia\/2026-09\/sao-paulo-tem-mais-de-58-mil-casos-de-dengue-desde-o-inicio-do-ano#respond"]}]},{"@type":"WebPage","@id":"https:\/\/mrnews.com.br\/index.php\/2026\/09\/06\/sao-paulo-tem-mais-de-58-mil-casos-de-dengue-desde-o-inicio-do-ano\/","url":"https:\/\/agenciabrasil.ebc.com.br\/saude\/noticia\/2026-09\/sao-paulo-tem-mais-de-58-mil-casos-de-dengue-desde-o-inicio-do-ano","name":"S\u00e3o Paulo tem mais de 58 mil casos de dengue desde o in\u00edcio do ano","isPartOf":{"@id":"https:\/\/mrnews.com.br\/#website"},"datePublished":"2026-09-06T18:32:02+00:00","breadcrumb":{"@id":"https:\/\/agenciabrasil.ebc.com.br\/saude\/noticia\/2026-09\/sao-paulo-tem-mais-de-58-mil-casos-de-dengue-desde-o-inicio-do-ano#breadcrumb"},"inLanguage":"pt-BR","potentialAction":[{"@type":"ReadAction","target":["https:\/\/agenciabrasil.ebc.com.br\/saude\/noticia\/2026-09\/sao-paulo-tem-mais-de-58-mil-casos-de-dengue-desde-o-inicio-do-ano"]}]},{"@type":"BreadcrumbList","@id":"https:\/\/agenciabrasil.ebc.com.br\/saude\/noticia\/2026-09\/sao-paulo-tem-mais-de-58-mil-casos-de-dengue-desde-o-inicio-do-ano#breadcrumb","itemListElement":[{"@type":"ListItem","position":1,"name":"In\u00edcio","item":"https:\/\/mrnews.com.br\/"},{"@type":"ListItem","position":2,"name":"S\u00e3o Paulo tem mais de 58 mil casos de dengue desde o in\u00edcio do ano"}]},{"@type":"WebSite","@id":"https:\/\/mrnews.com.br\/#website","url":"https:\/\/mrnews.com.br\/","name":"MRNews","description":"MRNews Jogos de hoje da TV, transmiss\u00f5es ao vivo, Not\u00edcias de futebol, Jogos ao vivo, Lives, resumo de novelas, Programa\u00e7\u00e3o da Globo, A Fazenda e BBB","publisher":{"@id":"https:\/\/mrnews.com.br\/#organization"},"potentialAction":[{"@type":"SearchAction","target":{"@type":"EntryPoint","urlTemplate":"https:\/\/mrnews.com.br\/?s={search_term_string}"},"query-input":{"@type":"PropertyValueSpecification","valueRequired":true,"valueName":"search_term_string"}}],"inLanguage":"pt-BR"},{"@type":"Organization","@id":"https:\/\/mrnews.com.br\/#organization","name":"MRNews","url":"https:\/\/mrnews.com.br\/","logo":{"@type":"ImageObject","inLanguage":"pt-BR","@id":"https:\/\/mrnews.com.br\/#\/schema\/logo\/image\/","url":"https:\/\/mrnews.com.br\/wp-content\/uploads\/2026\/08\/MRNEws.png","contentUrl":"https:\/\/mrnews.com.br\/wp-content\/uploads\/2026\/08\/MRNEws.png","width":1254,"height":1254,"caption":"MRNews"},"image":{"@id":"https:\/\/mrnews.com.br\/#\/schema\/logo\/image\/"},"sameAs":["https:\/\/www.facebook.com\/eaipahpah\/?locale2=pt_BR","https:\/\/x.com\/conspirou","https:\/\/www.instagram.com\/eai_pahpah","https:\/\/br.pinterest.com\/mrnewsn\/boards\/","https:\/\/www.youtube.com\/channel\/UCacgnpznQ61fifLWr1tQ-vA?view_as=subscriber"]},{"@type":"Person","@id":"https:\/\/mrnews.com.br\/#\/schema\/person\/2f073f2d87903a2ff9a065e41bbf17d4","name":"Fernando Corraa","image":{"@type":"ImageObject","inLanguage":"pt-BR","@id":"https:\/\/secure.gravatar.com\/avatar\/9069acb0e588c9f4346ba747284aef18a5faaab575e89e9ccc64e315003f0b82?s=96&d=monsterid&r=g","url":"https:\/\/secure.gravatar.com\/avatar\/9069acb0e588c9f4346ba747284aef18a5faaab575e89e9ccc64e315003f0b82?s=96&d=monsterid&r=g","contentUrl":"https:\/\/secure.gravatar.com\/avatar\/9069acb0e588c9f4346ba747284aef18a5faaab575e89e9ccc64e315003f0b82?s=96&d=monsterid&r=g","caption":"Fernando Corraa"},"url":"https:\/\/mrnews.com.br\/index.php\/author\/fernando-corraa\/"}]}},"jetpack_sharing_enabled":true,"jetpack_shortlink":"https:\/\/wp.me\/pa2Qf7-1XhX","amp_enabled":true,"jetpack_featured_media_url":"","_links":{"self":[{"href":"https:\/\/mrnews.com.br\/index.php\/wp-json\/wp\/v2\/posts\/466237","targetHints":{"allow":["GET"]}}],"collection":[{"href":"https:\/\/mrnews.com.br\/index.php\/wp-json\/wp\/v2\/posts"}],"about":[{"href":"https:\/\/mrnews.com.br\/index.php\/wp-json\/wp\/v2\/types\/post"}],"author":[{"embeddable":true,"href":"https:\/\/mrnews.com.br\/index.php\/wp-json\/wp\/v2\/users\/39"}],"replies":[{"embeddable":true,"href":"https:\/\/mrnews.com.br\/index.php\/wp-json\/wp\/v2\/comments?post=466237"}],"version-history":[{"count":0,"href":"https:\/\/mrnews.com.br\/index.php\/wp-json\/wp\/v2\/posts\/466237\/revisions"}],"wp:attachment":[{"href":"https:\/\/mrnews.com.br\/index.php\/wp-json\/wp\/v2\/media?parent=466237"}],"wp:term":[{"taxonomy":"category","embeddable":true,"href":"https:\/\/mrnews.com.br\/index.php\/wp-json\/wp\/v2\/categories?post=466237"},{"taxonomy":"post_tag","embeddable":true,"href":"https:\/\/mrnews.com.br\/index.php\/wp-json\/wp\/v2\/tags?post=466237"}],"curies":[{"name":"wp","href":"https:\/\/api.w.org\/{rel}","templated":true}]}}