{"id":466243,"date":"2026-09-06T17:38:34","date_gmt":"2026-09-06T20:38:34","guid":{"rendered":"https:\/\/mrnews.com.br\/index.php\/2026\/09\/06\/confira-dicas-para-acompanhar-o-desfile-de-7-de-setembro-em-brasilia\/"},"modified":"2026-09-06T17:38:34","modified_gmt":"2026-09-06T20:38:34","slug":"confira-dicas-para-acompanhar-o-desfile-de-7-de-setembro-em-brasilia","status":"publish","type":"post","link":"https:\/\/mrnews.com.br\/index.php\/2026\/09\/06\/confira-dicas-para-acompanhar-o-desfile-de-7-de-setembro-em-brasilia\/","title":{"rendered":"Confira dicas para acompanhar o Desfile de 7 de Setembro em Bras\u00edlia"},"content":{"rendered":"<p>Por EBC, <\/p>\n<div>\n<p>O tradicional desfile de 7 de Setembro na Esplanada dos Minist\u00e9rios, nesta segunda-feira (7), ter\u00e1 um refor\u00e7o na seguran\u00e7a com atua\u00e7\u00e3o de tropas especializadas em toda a regi\u00e3o central de Bras\u00edlia.<\/p>\n<p><strong>No domingo (6), a partir das 16h o tr\u00e2nsito de ve\u00edculos ser\u00e1 interrompido de entre a Rodovi\u00e1ria do Plano Piloto e a Via L4. <\/strong>O acesso \u00e0 Pra\u00e7a dos Tr\u00eas Poderes ser\u00e1 restrito, e pr\u00e9dios p\u00fablicos estar\u00e3o protegidos por gradis.<\/p>\n<p>Equipes de emerg\u00eancia e combate a inc\u00eandios tamb\u00e9m atuar\u00e3o no local.<\/p>\n<p><strong>Neste ano s\u00e3o esperadas 30 mil pessoas para assistir o desfile. O in\u00edcio est\u00e1 previsto para 9h, com encerramento por volta das 11h. <\/strong><\/p>\n<p>As arquibancadas ser\u00e3o abertas \u00e0s 6h. O p\u00fablico ter\u00e1 cinco pontos de acesso \u00e0 \u00e1rea do desfile, todos com linhas de revistas pessoais, que ser\u00e3o feitas por policiais militares.<\/p>\n<p>O acesso \u00e0 Esplanada ocorre pela via S1 (lateral da Catedral) e escadarias dos minist\u00e9rios \u2013 as duas primeiras no lado Sul (blocos A e C) e as duas primeiras do Norte (blocos J e M). Pessoas com defici\u00eancia ter\u00e3o acesso pelo t\u00fanel do Bloco J, que possui rampa de liga\u00e7\u00e3o com o espa\u00e7o reservado entre o minist\u00e9rio e a Via N1.<\/p>\n<p><strong>Quando a capacidade das arquibancadas for atingida, o p\u00fablico ser\u00e1 orientado a permanecer nas \u00e1reas externas destinadas aos espectadores, com tendas e pontos de hidrata\u00e7\u00e3o nos lados Norte e Sul da Esplanada.<\/strong><\/p>\n<h2>Dicas de seguran\u00e7a<\/h2>\n<p>Diante da possibilidade de sol forte e temperaturas elevadas, a recomenda\u00e7\u00e3o e de refor\u00e7o na hidrata\u00e7\u00e3o, al\u00e9m do uso de roupas leves, protetor solar, bon\u00e9s ou chap\u00e9us.\u00a0\u00a0<\/p>\n<p>Vale lembra que n\u00e3o \u00e9 permitido acessar a Esplanada com garrafas de vidro, latas, copos, <em>coolers<\/em> e isopores. <strong>A sugest\u00e3o dos organizadores \u00e9 o uso de garrafas de pl\u00e1stico individuais para hidrata\u00e7\u00e3o.<\/strong><\/p>\n<p>Tamb\u00e9m s\u00e3o proibidos o porte de fogos de artif\u00edcio, <em>sprays<\/em> e aeross\u00f3is, armas de fogo, inclusive de brinquedo, objetos pontiagudos, apontadores a <em>laser<\/em>, m\u00e1scaras de qualquer tipo, exceto de prote\u00e7\u00e3o facial, hastes de bandeiras e outros materiais que coloquem em risco a seguran\u00e7a do p\u00fablico presente.<\/p>\n<p>Bolsas e mochilas dever\u00e3o ter at\u00e9 100 cent\u00edmetros na soma das dimens\u00f5es (altura, largura e profundidade).<\/p>\n<p>Motociclistas devem ficar atentos: capacetes n\u00e3o poder\u00e3o entrar na \u00e1rea do desfile. A orienta\u00e7\u00e3o \u00e9 providenciar previamente uma forma segura de mant\u00ea-los junto ao ve\u00edculo.<\/p>\n<p>Tamb\u00e9m \u00e9 importante ressaltar que somente drones autorizados poder\u00e3o acessar o espa\u00e7o a\u00e9reo do local do desfile. <strong>Animais em geral tamb\u00e9m n\u00e3o s\u00e3o permitidos, exceto c\u00e3es-guia.<\/strong><\/p>\n<p><strong>Uma estrutura, batizada de Cidade Policial ser\u00e1 montada ao lado do Museu da Rep\u00fablica. <\/strong>O local servir\u00e1 como ponto de apoio aos agentes de seguran\u00e7a, com os comandos m\u00f3veis das corpora\u00e7\u00f5es. Imagens de drones e de c\u00e2meras v\u00e3o contribuir com o policiamento.<\/p>\n<p>Na Cidade Policial ser\u00e1 poss\u00edvel fazer o registro de ocorr\u00eancias e bloqueio de celulares eventualmente perdidos, roubados ou furtados, por meio do programa Fora da Rede.\u00a0<\/p>\n<p>Ao lado da Cidade Policial ser\u00e1 instalada uma \u00e1rea espec\u00edfica para acolhimento de pessoas perdidas. <strong>Em caso de crian\u00e7a, adolescente, pessoa idosa ou qualquer outra pessoa perdida, a orienta\u00e7\u00e3o \u00e9 procurar imediatamente uma equipe uniformizada ou dirigir-se ao ponto de acolhimento.<\/strong><\/p>\n<h2>Transporte<\/h2>\n<p>O sistema de transporte p\u00fablico da capital ser\u00e1 refor\u00e7ado e funcionar\u00e1 da seguinte forma: Metr\u00f4 DF est\u00e1 funcionando em escala de feriado, das 5h30 \u00e0s 19h.<\/p>\n<p><strong>Os \u00f4nibus seguir\u00e3o o esquema do programa Vai de Gra\u00e7a, que funciona aos domingos e feriados, com gratuidade para o uso do transporte p\u00fablico em todo o Distrito Federal.<\/strong><\/p>\n<p>Para garantir o atendimento, 134 \u00f4nibus extras refor\u00e7ar\u00e3o a frota, em dire\u00e7\u00e3o \u00e0 \u00e1rea central da capital. As viagens extras ser\u00e3o acionadas conforme o aumento da demanda, a partir das 6h, no sentido Plano Piloto, e a partir das 13h, para o retorno da popula\u00e7\u00e3o.<\/p>\n<p>Para quem optar por transporte por aplicativos, o desembarque \u00e9 na plataforma superior da Rodovi\u00e1ria do Plano Piloto. J\u00e1 para os t\u00e1xis, o ponto \u00e9 o estacionamento do Sesi Lab, ao lado da rodovi\u00e1ria.<\/p>\n<p>\u201cQuem optar pelo ve\u00edculo particular poder\u00e1 utilizar, conforme a disponibilidade de vagas, os estacionamentos dos anexos dos minist\u00e9rios nos lados sul e norte e o estacionamento do SESI Lab. As vagas n\u00e3o ser\u00e3o reservadas e poder\u00e3o ser ocupadas rapidamente. A recomenda\u00e7\u00e3o, tamb\u00e9m neste caso, \u00e9 chegar cedo\u201d, informou o Governo do Distrito Federal (GDF).<\/p>\n<h2>Funciona no feriado:<\/h2>\n<p><strong>Neste do Dia da Independ\u00eancia, o Zool\u00f3gico de Bras\u00edlia e as unidades de conserva\u00e7\u00e3o do Instituto Bras\u00edlia Ambiental \u2014 cada uma com seu respectivo hor\u00e1rio \u2014 funcionam normalmente. <\/strong><\/p>\n<p>O Zool\u00f3gico estar\u00e1 aberto das 8h30 \u00e0s 17h, com entrada gratuita (permitida at\u00e9 as 16h), enquanto os parques abrem \u00e0s 5h30 e, em algumas unidades, v\u00e3o at\u00e9 as 22h.<\/p>\n<p>O Museu de Arte de Bras\u00edlia (MAB) e os complexos culturais de Samambaia e de Planaltina estar\u00e3o abertos, com atividades como exposi\u00e7\u00f5es, espet\u00e1culos, aulas de dan\u00e7a e de teatro entre as 8h e as 22h, a depender do espa\u00e7o.<\/p>\n<p>Os restaurantes comunit\u00e1rios tamb\u00e9m funcionar\u00e3o normalmente para caf\u00e9, almo\u00e7o e jantar, com exce\u00e7\u00e3o da unidade Ceil\u00e2ndia, DJ Jamaika, que n\u00e3o abre aos feriados e pontos facultativos.<\/p>\n<p>Ou seja, estar\u00e3o abetos os restaurantes comunit\u00e1rios de Arniqueira, Brazl\u00e2ndia, Ceil\u00e2ndia Norte, Estrutural, Gama, Itapo\u00e3, Santa Maria, Recanto das Emas, Riacho Fundo II, S\u00e3o Sebasti\u00e3o, Sol Nascente\/P\u00f4r do Sol, Samambaia, Samambaia Expans\u00e3o, Sobradinho, Varj\u00e3o, Parano\u00e1 e Planaltina.<\/p>\n<h2>N\u00e3o funciona no feriado:<\/h2>\n<p>O Jardim Bot\u00e2nico de Bras\u00edlia estar\u00e1 fechado para manuten\u00e7\u00e3o, como j\u00e1 ocorre \u00e0s segundas-feiras. Al\u00e9m disso, a Biblioteca Nacional de Bras\u00edlia e o Museu Nacional da Rep\u00fablica, assim como as ag\u00eancias banc\u00e1rias, estar\u00e3o fechados.\u00a0\u00a0<\/p>\n<p>\u00a0<\/p>\n<p>      <!-- Relacionada --><\/p>\n<p>            <!-- Relacionada -->\n    <\/div>\n","protected":false},"excerpt":{"rendered":"<p>Por EBC, O tradicional desfile de 7 de Setembro na Esplanada dos Minist\u00e9rios, nesta segunda-feira (7), ter\u00e1 um refor\u00e7o na seguran\u00e7a com atua\u00e7\u00e3o de tropas especializadas em toda a regi\u00e3o central de Bras\u00edlia. No domingo (6), a partir das 16h o tr\u00e2nsito de ve\u00edculos ser\u00e1 interrompido de entre a Rodovi\u00e1ria do Plano Piloto e a &hellip;<\/p>\n","protected":false},"author":39,"featured_media":0,"comment_status":"open","ping_status":"open","sticky":false,"template":"","format":"standard","meta":{"_jetpack_newsletter_access":"","_jetpack_dont_email_post_to_subs":false,"_jetpack_newsletter_tier_id":0,"_jetpack_memberships_contains_paywalled_content":false,"_jetpack_feature_clip_id":0,"_jetpack_memberships_contains_paid_content":false,"footnotes":"","jetpack_post_was_ever_published":false},"categories":[4],"tags":[],"class_list":["post-466243","post","type-post","status-publish","format-standard","hentry","category-servicos"],"yoast_head":"<!-- This site is optimized with the Yoast SEO plugin v28.4 - https:\/\/yoast.com\/product\/yoast-seo-wordpress\/ -->\n<title>Confira dicas para acompanhar o Desfile de 7 de Setembro em Bras\u00edlia<\/title>\n<meta name=\"robots\" content=\"index, follow, max-snippet:-1, max-image-preview:large, max-video-preview:-1\" \/>\n<link rel=\"canonical\" href=\"https:\/\/agenciabrasil.ebc.com.br\/geral\/noticia\/2026-09\/confira-dicas-para-acompanhar-o-desfile-de-7-de-setembro-em-brasilia\" \/>\n<meta property=\"og:locale\" content=\"pt_BR\" \/>\n<meta property=\"og:type\" content=\"article\" \/>\n<meta property=\"og:title\" content=\"Confira dicas para acompanhar o Desfile de 7 de Setembro em Bras\u00edlia\" \/>\n<meta property=\"og:description\" content=\"Por EBC, O tradicional desfile de 7 de Setembro na Esplanada dos Minist\u00e9rios, nesta segunda-feira (7), ter\u00e1 um refor\u00e7o na seguran\u00e7a com atua\u00e7\u00e3o de tropas especializadas em toda a regi\u00e3o central de Bras\u00edlia. No domingo (6), a partir das 16h o tr\u00e2nsito de ve\u00edculos ser\u00e1 interrompido de entre a Rodovi\u00e1ria do Plano Piloto e a &hellip;\" \/>\n<meta property=\"og:url\" content=\"https:\/\/agenciabrasil.ebc.com.br\/geral\/noticia\/2026-09\/confira-dicas-para-acompanhar-o-desfile-de-7-de-setembro-em-brasilia\" \/>\n<meta property=\"og:site_name\" content=\"MRNews\" \/>\n<meta property=\"article:publisher\" content=\"https:\/\/www.facebook.com\/eaipahpah\/?locale2=pt_BR\" \/>\n<meta property=\"article:published_time\" content=\"2026-09-06T20:38:34+00:00\" \/>\n<meta name=\"author\" content=\"Fernando Corraa\" \/>\n<meta name=\"twitter:card\" content=\"summary_large_image\" \/>\n<meta name=\"twitter:creator\" content=\"@conspirou\" \/>\n<meta name=\"twitter:site\" content=\"@conspirou\" \/>\n<meta name=\"twitter:label1\" content=\"Escrito por\" \/>\n\t<meta name=\"twitter:data1\" content=\"Fernando Corraa\" \/>\n\t<meta name=\"twitter:label2\" content=\"Est. tempo de leitura\" \/>\n\t<meta name=\"twitter:data2\" content=\"5 minutos\" \/>\n<script type=\"application\/ld+json\" class=\"yoast-schema-graph\">{\"@context\":\"https:\\\/\\\/schema.org\",\"@graph\":[{\"@type\":\"Article\",\"@id\":\"https:\\\/\\\/agenciabrasil.ebc.com.br\\\/geral\\\/noticia\\\/2026-09\\\/confira-dicas-para-acompanhar-o-desfile-de-7-de-setembro-em-brasilia#article\",\"isPartOf\":{\"@id\":\"https:\\\/\\\/mrnews.com.br\\\/index.php\\\/2026\\\/09\\\/06\\\/confira-dicas-para-acompanhar-o-desfile-de-7-de-setembro-em-brasilia\\\/\"},\"author\":{\"name\":\"Fernando Corraa\",\"@id\":\"https:\\\/\\\/mrnews.com.br\\\/#\\\/schema\\\/person\\\/2f073f2d87903a2ff9a065e41bbf17d4\"},\"headline\":\"Confira dicas para acompanhar o Desfile de 7 de Setembro em Bras\u00edlia\",\"datePublished\":\"2026-09-06T20:38:34+00:00\",\"mainEntityOfPage\":{\"@id\":\"https:\\\/\\\/mrnews.com.br\\\/index.php\\\/2026\\\/09\\\/06\\\/confira-dicas-para-acompanhar-o-desfile-de-7-de-setembro-em-brasilia\\\/\"},\"wordCount\":1033,\"commentCount\":0,\"publisher\":{\"@id\":\"https:\\\/\\\/mrnews.com.br\\\/#organization\"},\"articleSection\":[\"SERVI\u00c7OS\"],\"inLanguage\":\"pt-BR\",\"potentialAction\":[{\"@type\":\"CommentAction\",\"name\":\"Comment\",\"target\":[\"https:\\\/\\\/agenciabrasil.ebc.com.br\\\/geral\\\/noticia\\\/2026-09\\\/confira-dicas-para-acompanhar-o-desfile-de-7-de-setembro-em-brasilia#respond\"]}]},{\"@type\":\"WebPage\",\"@id\":\"https:\\\/\\\/mrnews.com.br\\\/index.php\\\/2026\\\/09\\\/06\\\/confira-dicas-para-acompanhar-o-desfile-de-7-de-setembro-em-brasilia\\\/\",\"url\":\"https:\\\/\\\/agenciabrasil.ebc.com.br\\\/geral\\\/noticia\\\/2026-09\\\/confira-dicas-para-acompanhar-o-desfile-de-7-de-setembro-em-brasilia\",\"name\":\"Confira dicas para acompanhar o Desfile de 7 de Setembro em Bras\u00edlia\",\"isPartOf\":{\"@id\":\"https:\\\/\\\/mrnews.com.br\\\/#website\"},\"datePublished\":\"2026-09-06T20:38:34+00:00\",\"breadcrumb\":{\"@id\":\"https:\\\/\\\/agenciabrasil.ebc.com.br\\\/geral\\\/noticia\\\/2026-09\\\/confira-dicas-para-acompanhar-o-desfile-de-7-de-setembro-em-brasilia#breadcrumb\"},\"inLanguage\":\"pt-BR\",\"potentialAction\":[{\"@type\":\"ReadAction\",\"target\":[\"https:\\\/\\\/agenciabrasil.ebc.com.br\\\/geral\\\/noticia\\\/2026-09\\\/confira-dicas-para-acompanhar-o-desfile-de-7-de-setembro-em-brasilia\"]}]},{\"@type\":\"BreadcrumbList\",\"@id\":\"https:\\\/\\\/agenciabrasil.ebc.com.br\\\/geral\\\/noticia\\\/2026-09\\\/confira-dicas-para-acompanhar-o-desfile-de-7-de-setembro-em-brasilia#breadcrumb\",\"itemListElement\":[{\"@type\":\"ListItem\",\"position\":1,\"name\":\"In\u00edcio\",\"item\":\"https:\\\/\\\/mrnews.com.br\\\/\"},{\"@type\":\"ListItem\",\"position\":2,\"name\":\"Confira dicas para acompanhar o Desfile de 7 de Setembro em Bras\u00edlia\"}]},{\"@type\":\"WebSite\",\"@id\":\"https:\\\/\\\/mrnews.com.br\\\/#website\",\"url\":\"https:\\\/\\\/mrnews.com.br\\\/\",\"name\":\"MRNews\",\"description\":\"MRNews Jogos de hoje da TV, transmiss\u00f5es ao vivo, Not\u00edcias de futebol, Jogos ao vivo, Lives, resumo de novelas, Programa\u00e7\u00e3o da Globo, A Fazenda e BBB\",\"publisher\":{\"@id\":\"https:\\\/\\\/mrnews.com.br\\\/#organization\"},\"potentialAction\":[{\"@type\":\"SearchAction\",\"target\":{\"@type\":\"EntryPoint\",\"urlTemplate\":\"https:\\\/\\\/mrnews.com.br\\\/?s={search_term_string}\"},\"query-input\":{\"@type\":\"PropertyValueSpecification\",\"valueRequired\":true,\"valueName\":\"search_term_string\"}}],\"inLanguage\":\"pt-BR\"},{\"@type\":\"Organization\",\"@id\":\"https:\\\/\\\/mrnews.com.br\\\/#organization\",\"name\":\"MRNews\",\"url\":\"https:\\\/\\\/mrnews.com.br\\\/\",\"logo\":{\"@type\":\"ImageObject\",\"inLanguage\":\"pt-BR\",\"@id\":\"https:\\\/\\\/mrnews.com.br\\\/#\\\/schema\\\/logo\\\/image\\\/\",\"url\":\"https:\\\/\\\/mrnews.com.br\\\/wp-content\\\/uploads\\\/2026\\\/08\\\/MRNEws.png\",\"contentUrl\":\"https:\\\/\\\/mrnews.com.br\\\/wp-content\\\/uploads\\\/2026\\\/08\\\/MRNEws.png\",\"width\":1254,\"height\":1254,\"caption\":\"MRNews\"},\"image\":{\"@id\":\"https:\\\/\\\/mrnews.com.br\\\/#\\\/schema\\\/logo\\\/image\\\/\"},\"sameAs\":[\"https:\\\/\\\/www.facebook.com\\\/eaipahpah\\\/?locale2=pt_BR\",\"https:\\\/\\\/x.com\\\/conspirou\",\"https:\\\/\\\/www.instagram.com\\\/eai_pahpah\",\"https:\\\/\\\/br.pinterest.com\\\/mrnewsn\\\/boards\\\/\",\"https:\\\/\\\/www.youtube.com\\\/channel\\\/UCacgnpznQ61fifLWr1tQ-vA?view_as=subscriber\"]},{\"@type\":\"Person\",\"@id\":\"https:\\\/\\\/mrnews.com.br\\\/#\\\/schema\\\/person\\\/2f073f2d87903a2ff9a065e41bbf17d4\",\"name\":\"Fernando Corraa\",\"image\":{\"@type\":\"ImageObject\",\"inLanguage\":\"pt-BR\",\"@id\":\"https:\\\/\\\/secure.gravatar.com\\\/avatar\\\/9069acb0e588c9f4346ba747284aef18a5faaab575e89e9ccc64e315003f0b82?s=96&d=monsterid&r=g\",\"url\":\"https:\\\/\\\/secure.gravatar.com\\\/avatar\\\/9069acb0e588c9f4346ba747284aef18a5faaab575e89e9ccc64e315003f0b82?s=96&d=monsterid&r=g\",\"contentUrl\":\"https:\\\/\\\/secure.gravatar.com\\\/avatar\\\/9069acb0e588c9f4346ba747284aef18a5faaab575e89e9ccc64e315003f0b82?s=96&d=monsterid&r=g\",\"caption\":\"Fernando Corraa\"},\"url\":\"https:\\\/\\\/mrnews.com.br\\\/index.php\\\/author\\\/fernando-corraa\\\/\"}]}<\/script>\n<!-- \/ Yoast SEO plugin. -->","yoast_head_json":{"title":"Confira dicas para acompanhar o Desfile de 7 de Setembro em Bras\u00edlia","robots":{"index":"index","follow":"follow","max-snippet":"max-snippet:-1","max-image-preview":"max-image-preview:large","max-video-preview":"max-video-preview:-1"},"canonical":"https:\/\/agenciabrasil.ebc.com.br\/geral\/noticia\/2026-09\/confira-dicas-para-acompanhar-o-desfile-de-7-de-setembro-em-brasilia","og_locale":"pt_BR","og_type":"article","og_title":"Confira dicas para acompanhar o Desfile de 7 de Setembro em Bras\u00edlia","og_description":"Por EBC, O tradicional desfile de 7 de Setembro na Esplanada dos Minist\u00e9rios, nesta segunda-feira (7), ter\u00e1 um refor\u00e7o na seguran\u00e7a com atua\u00e7\u00e3o de tropas especializadas em toda a regi\u00e3o central de Bras\u00edlia. No domingo (6), a partir das 16h o tr\u00e2nsito de ve\u00edculos ser\u00e1 interrompido de entre a Rodovi\u00e1ria do Plano Piloto e a &hellip;","og_url":"https:\/\/agenciabrasil.ebc.com.br\/geral\/noticia\/2026-09\/confira-dicas-para-acompanhar-o-desfile-de-7-de-setembro-em-brasilia","og_site_name":"MRNews","article_publisher":"https:\/\/www.facebook.com\/eaipahpah\/?locale2=pt_BR","article_published_time":"2026-09-06T20:38:34+00:00","author":"Fernando Corraa","twitter_card":"summary_large_image","twitter_creator":"@conspirou","twitter_site":"@conspirou","twitter_misc":{"Escrito por":"Fernando Corraa","Est. tempo de leitura":"5 minutos"},"schema":{"@context":"https:\/\/schema.org","@graph":[{"@type":"Article","@id":"https:\/\/agenciabrasil.ebc.com.br\/geral\/noticia\/2026-09\/confira-dicas-para-acompanhar-o-desfile-de-7-de-setembro-em-brasilia#article","isPartOf":{"@id":"https:\/\/mrnews.com.br\/index.php\/2026\/09\/06\/confira-dicas-para-acompanhar-o-desfile-de-7-de-setembro-em-brasilia\/"},"author":{"name":"Fernando Corraa","@id":"https:\/\/mrnews.com.br\/#\/schema\/person\/2f073f2d87903a2ff9a065e41bbf17d4"},"headline":"Confira dicas para acompanhar o Desfile de 7 de Setembro em Bras\u00edlia","datePublished":"2026-09-06T20:38:34+00:00","mainEntityOfPage":{"@id":"https:\/\/mrnews.com.br\/index.php\/2026\/09\/06\/confira-dicas-para-acompanhar-o-desfile-de-7-de-setembro-em-brasilia\/"},"wordCount":1033,"commentCount":0,"publisher":{"@id":"https:\/\/mrnews.com.br\/#organization"},"articleSection":["SERVI\u00c7OS"],"inLanguage":"pt-BR","potentialAction":[{"@type":"CommentAction","name":"Comment","target":["https:\/\/agenciabrasil.ebc.com.br\/geral\/noticia\/2026-09\/confira-dicas-para-acompanhar-o-desfile-de-7-de-setembro-em-brasilia#respond"]}]},{"@type":"WebPage","@id":"https:\/\/mrnews.com.br\/index.php\/2026\/09\/06\/confira-dicas-para-acompanhar-o-desfile-de-7-de-setembro-em-brasilia\/","url":"https:\/\/agenciabrasil.ebc.com.br\/geral\/noticia\/2026-09\/confira-dicas-para-acompanhar-o-desfile-de-7-de-setembro-em-brasilia","name":"Confira dicas para acompanhar o Desfile de 7 de Setembro em Bras\u00edlia","isPartOf":{"@id":"https:\/\/mrnews.com.br\/#website"},"datePublished":"2026-09-06T20:38:34+00:00","breadcrumb":{"@id":"https:\/\/agenciabrasil.ebc.com.br\/geral\/noticia\/2026-09\/confira-dicas-para-acompanhar-o-desfile-de-7-de-setembro-em-brasilia#breadcrumb"},"inLanguage":"pt-BR","potentialAction":[{"@type":"ReadAction","target":["https:\/\/agenciabrasil.ebc.com.br\/geral\/noticia\/2026-09\/confira-dicas-para-acompanhar-o-desfile-de-7-de-setembro-em-brasilia"]}]},{"@type":"BreadcrumbList","@id":"https:\/\/agenciabrasil.ebc.com.br\/geral\/noticia\/2026-09\/confira-dicas-para-acompanhar-o-desfile-de-7-de-setembro-em-brasilia#breadcrumb","itemListElement":[{"@type":"ListItem","position":1,"name":"In\u00edcio","item":"https:\/\/mrnews.com.br\/"},{"@type":"ListItem","position":2,"name":"Confira dicas para acompanhar o Desfile de 7 de Setembro em Bras\u00edlia"}]},{"@type":"WebSite","@id":"https:\/\/mrnews.com.br\/#website","url":"https:\/\/mrnews.com.br\/","name":"MRNews","description":"MRNews Jogos de hoje da TV, transmiss\u00f5es ao vivo, Not\u00edcias de futebol, Jogos ao vivo, Lives, resumo de novelas, Programa\u00e7\u00e3o da Globo, A Fazenda e BBB","publisher":{"@id":"https:\/\/mrnews.com.br\/#organization"},"potentialAction":[{"@type":"SearchAction","target":{"@type":"EntryPoint","urlTemplate":"https:\/\/mrnews.com.br\/?s={search_term_string}"},"query-input":{"@type":"PropertyValueSpecification","valueRequired":true,"valueName":"search_term_string"}}],"inLanguage":"pt-BR"},{"@type":"Organization","@id":"https:\/\/mrnews.com.br\/#organization","name":"MRNews","url":"https:\/\/mrnews.com.br\/","logo":{"@type":"ImageObject","inLanguage":"pt-BR","@id":"https:\/\/mrnews.com.br\/#\/schema\/logo\/image\/","url":"https:\/\/mrnews.com.br\/wp-content\/uploads\/2026\/08\/MRNEws.png","contentUrl":"https:\/\/mrnews.com.br\/wp-content\/uploads\/2026\/08\/MRNEws.png","width":1254,"height":1254,"caption":"MRNews"},"image":{"@id":"https:\/\/mrnews.com.br\/#\/schema\/logo\/image\/"},"sameAs":["https:\/\/www.facebook.com\/eaipahpah\/?locale2=pt_BR","https:\/\/x.com\/conspirou","https:\/\/www.instagram.com\/eai_pahpah","https:\/\/br.pinterest.com\/mrnewsn\/boards\/","https:\/\/www.youtube.com\/channel\/UCacgnpznQ61fifLWr1tQ-vA?view_as=subscriber"]},{"@type":"Person","@id":"https:\/\/mrnews.com.br\/#\/schema\/person\/2f073f2d87903a2ff9a065e41bbf17d4","name":"Fernando Corraa","image":{"@type":"ImageObject","inLanguage":"pt-BR","@id":"https:\/\/secure.gravatar.com\/avatar\/9069acb0e588c9f4346ba747284aef18a5faaab575e89e9ccc64e315003f0b82?s=96&d=monsterid&r=g","url":"https:\/\/secure.gravatar.com\/avatar\/9069acb0e588c9f4346ba747284aef18a5faaab575e89e9ccc64e315003f0b82?s=96&d=monsterid&r=g","contentUrl":"https:\/\/secure.gravatar.com\/avatar\/9069acb0e588c9f4346ba747284aef18a5faaab575e89e9ccc64e315003f0b82?s=96&d=monsterid&r=g","caption":"Fernando Corraa"},"url":"https:\/\/mrnews.com.br\/index.php\/author\/fernando-corraa\/"}]}},"jetpack_sharing_enabled":true,"jetpack_shortlink":"https:\/\/wp.me\/pa2Qf7-1Xi3","amp_enabled":true,"jetpack_featured_media_url":"","_links":{"self":[{"href":"https:\/\/mrnews.com.br\/index.php\/wp-json\/wp\/v2\/posts\/466243","targetHints":{"allow":["GET"]}}],"collection":[{"href":"https:\/\/mrnews.com.br\/index.php\/wp-json\/wp\/v2\/posts"}],"about":[{"href":"https:\/\/mrnews.com.br\/index.php\/wp-json\/wp\/v2\/types\/post"}],"author":[{"embeddable":true,"href":"https:\/\/mrnews.com.br\/index.php\/wp-json\/wp\/v2\/users\/39"}],"replies":[{"embeddable":true,"href":"https:\/\/mrnews.com.br\/index.php\/wp-json\/wp\/v2\/comments?post=466243"}],"version-history":[{"count":0,"href":"https:\/\/mrnews.com.br\/index.php\/wp-json\/wp\/v2\/posts\/466243\/revisions"}],"wp:attachment":[{"href":"https:\/\/mrnews.com.br\/index.php\/wp-json\/wp\/v2\/media?parent=466243"}],"wp:term":[{"taxonomy":"category","embeddable":true,"href":"https:\/\/mrnews.com.br\/index.php\/wp-json\/wp\/v2\/categories?post=466243"},{"taxonomy":"post_tag","embeddable":true,"href":"https:\/\/mrnews.com.br\/index.php\/wp-json\/wp\/v2\/tags?post=466243"}],"curies":[{"name":"wp","href":"https:\/\/api.w.org\/{rel}","templated":true}]}}