{"id":466244,"date":"2026-09-06T18:07:53","date_gmt":"2026-09-06T21:07:53","guid":{"rendered":"https:\/\/mrnews.com.br\/index.php\/2026\/09\/06\/radio-nacional-transmite-remo-e-flamengo-pelo-brasileirao-hoje\/"},"modified":"2026-09-06T18:07:53","modified_gmt":"2026-09-06T21:07:53","slug":"radio-nacional-transmite-remo-e-flamengo-pelo-brasileirao-hoje","status":"publish","type":"post","link":"https:\/\/mrnews.com.br\/index.php\/2026\/09\/06\/radio-nacional-transmite-remo-e-flamengo-pelo-brasileirao-hoje\/","title":{"rendered":"R\u00e1dio Nacional transmite Remo e Flamengo pelo Brasileir\u00e3o hoje"},"content":{"rendered":"<p><\/p>\n<div>\n<p>A <strong>R\u00e1dio Nacional<\/strong> leva ao ar neste domingo (6) a partida v\u00e1lida pela 26\u00aa rodada da S\u00e9rie A do Brasileir\u00e3o 2026 entre Remo e Flamengo. As equipes duelam pelos 3 pontos direto do Est\u00e1dio Mangueir\u00e3o, em Bel\u00e9m, Par\u00e1.\u00a0<\/p>\n<p><strong>O Remo recebe o Flamengo para um confronto pelo Campeonato Brasileiro que n\u00e3o acontece em Bel\u00e9m desde 2 de abril de 1978.<\/strong> A partida \u00e9 decisiva para os objetivos opostos das duas equipes na competi\u00e7\u00e3o: enquanto o time paraense, atual 19\u00ba colocado com 23 pontos, busca uma rea\u00e7\u00e3o urgente na luta contra o rebaixamento, o Rubro-Negro, vice-l\u00edder com 51 pontos, entra em campo de olho na lideran\u00e7a da tabela.\u00a0<\/p>\n<p>As transmiss\u00f5es da <strong>R\u00e1dio Nacional<\/strong>\u00a0iniciam com a faixa <em>Show de Bola Nacional<\/em>\u00a0e contar\u00e1 com uma equipe completa para levar ao p\u00fablico todas as emo\u00e7\u00f5es dos confrontos. <strong>A cobertura da partida tem um time de peso na equipe de esportes da emissora<\/strong>: a narra\u00e7\u00e3o fica por conta de Andr\u00e9 Luiz Mendes com coment\u00e1rios de Marcelo\u00a0Smigol, e Rafael Monteiro\u00a0comanda a reportagem e o plant\u00e3o de informa\u00e7\u00f5es da rodada.\u00a0<\/p>\n<p><strong>A transmiss\u00e3o da partida entra no ar para parte da rede em AM e OC, al\u00e9m da FM no Rio de Janeiro, no Alto Solim\u00f5es e parceiros da Rede Nacional de Comunica\u00e7\u00e3o P\u00fablica (RNCP).<\/strong> A <strong>Nacional FM<\/strong>\u00a0nas demais pra\u00e7as segue com o conte\u00fado musical. O ouvinte pode ficar ligado nas produ\u00e7\u00f5es preferidas pelo dial, no <strong>app R\u00e1dios EBC<\/strong> e no site da emissora. Os \u00e1udios ainda est\u00e3o dispon\u00edveis em tempo real por streaming\u00a0nas duas plataformas.\u00a0<\/p>\n<h2>Brasileir\u00e3o<\/h2>\n<p>\u00a0O <strong>Campeonato Brasileiro \u00e9 a liga brasileira de futebol profissional entre clubes do Brasil<\/strong>, sendo a principal competi\u00e7\u00e3o futebol\u00edstica no pa\u00eds. Por meio da disputa, s\u00e3o indicados os representantes brasileiros para a Copa Libertadores da Am\u00e9rica, junto ao campe\u00e3o da Copa do Brasil.\u00a0<\/p>\n<p>Vinte clubes participam do torneio. No decorrer da temporada, cada time joga duas vezes contra os outros, em um sistema de pontos corridos, uma vez em seu est\u00e1dio e a outra no de seu advers\u00e1rio, em um total de 38 jogos.\u00a0<\/p>\n<p><strong>As equipes recebem tr\u00eas pontos por vit\u00f3ria e um por empate.<\/strong> Os clubes s\u00e3o classificados pelo total de pontos, depois pelo saldo de gols e, em seguida, pelos gols marcados. Em caso de empate entre dois ou mais times, os crit\u00e9rios de desempate s\u00e3o: maior n\u00famero de vit\u00f3rias; maior saldo de gols; maior n\u00famero de gols pr\u00f3; confronto direto; menor n\u00famero de cart\u00f5es vermelhos recebidos; e menor n\u00famero de cart\u00f5es amarelos recebidos.\u00a0<\/p>\n<h2>Cobertura\u00a0<\/h2>\n<p>Esporte que \u00e9 paix\u00e3o do povo brasileiro, o <strong>futebol \u00e9 um dos destaques da programa\u00e7\u00e3o da R\u00e1dio Nacional<\/strong>, emissora p\u00fablica refer\u00eancia em transmiss\u00f5es de partidas no pa\u00eds h\u00e1 d\u00e9cadas. Os jogos das principais competi\u00e7\u00f5es e as not\u00edcias mais importantes t\u00eam espa\u00e7o nas jornadas esportivas di\u00e1rias.\u00a0<\/p>\n<p>Os torcedores podem ficar ligados pelo r\u00e1dio, site ou streaming\u00a0para acompanhar as emo\u00e7\u00f5es das disputas entre os maiores clubes brasileiros. Antes e depois dos confrontos, o ouvinte se informa sobre a prepara\u00e7\u00e3o das equipes e a repercuss\u00e3o do placar nas ondas da <strong>Nacional<\/strong>. A an\u00e1lise sobre os resultados da rodada ainda ganha janela di\u00e1ria para um rico debate em produ\u00e7\u00f5es consagradas no radiojornalismo esportivo.\u00a0<\/p>\n<p>A equipe da <strong>R\u00e1dio Nacional<\/strong>\u00a0re\u00fane craques da cr\u00f4nica esportiva. S\u00e3o produtores, jornalistas e apresentadores que buscam o diferencial da not\u00edcia. Al\u00e9m de informar o p\u00fablico nas ondas do r\u00e1dio, o time tamb\u00e9m faz bonito na telinha da <strong>TV Brasil<\/strong>. Os profissionais realizam o programa <em>Stadium<\/em>, de segunda a sexta, \u00e0s 12h30, e de ter\u00e7a a sexta, \u00e0s 18h30.\u00a0<\/p>\n<p><strong>Sempre ao vivo, as tradicionais produ\u00e7\u00f5es da emissora p\u00fablica trazem an\u00e1lises e apura\u00e7\u00f5es atualizadas.<\/strong> O esporte tem espa\u00e7o destacado na programa\u00e7\u00e3o do canal. O telejornal di\u00e1rio <em>Rep\u00f3rter Brasil<\/em>, \u00e0s 12h45 e \u00e0s 19h, tamb\u00e9m oferece uma ampla cobertura dos principais resultados do dia.\u00a0<\/p>\n<h2>Pr\u00eamio\u00a0<\/h2>\n<p>Aproveite a transmiss\u00e3o do Brasileir\u00e3o Masculino e ajude a escolher a vencedora da categoria Craque da Torcida do Pr\u00eamio TV Brasil Petrobras Para Elas.\u00a0A premia\u00e7\u00e3o criada pela <strong>TV Brasil<\/strong>\u00a0e pela Petrobras vai reconhecer ainda atletas, treinadores e treinadoras, dirigentes, departamentos de futebol feminino e clubes que se destacarem ao longo da temporada de 2026. <strong>A vota\u00e7\u00e3o da categoria com voto popular j\u00e1 est\u00e1 aberta<\/strong>, \u00e9 gratuita e tem votos ilimitados! Acesse ebc.com.br\/premiotvbrasilpetrobrasparaelas\u00a0at\u00e9 31 de outubro.<\/p>\n<p><strong>Servi\u00e7o<\/strong>\u00a0<\/p>\n<p>Campeonato Brasileiro 2026 \u2013\u00a0Remo\u00a0x\u00a0Flamengo,\u00a06\/9, a partir das 15h30, na <strong>R\u00e1dio Nacional <\/strong>RJ, AM, OC e AS + RNCP e Parceiros\u00a0<\/p>\n<p><strong>R\u00e1dio Nacional na internet e nas redes sociais<\/strong>:\u00a0<\/p>\n<ul>\n<li>Site: https:\/\/radionacional.ebc.com.br\u00a0<\/li>\n<li>Instagram: https:\/\/www.instagram.com\/radionacionalbr\u00a0<\/li>\n<li>Spotify: https:\/\/open.spotify.com\/user\/vpj3k8ogjwf1nkv4nap3tlruv\u00a0<\/li>\n<li>YouTube: http:\/\/youtube.com\/radionacionalbr\u00a0<\/li>\n<li>Facebook: https:\/\/www.facebook.com\/radionacionalbr\u00a0<\/li>\n<li>X: https:\/\/x.com\/radionacionalbr\u00a0<\/li>\n<li>Streaming: https:\/\/aovivo.ebc.com.br\/embed-audio.html?emissora=radio-nacional-do-rio-de-janeiro\u00a0<\/li>\n<\/ul>\n<p><strong>WhatsApp Nacional<\/strong>:\u00a0<\/p>\n<ul>\n<li>\u00a0R\u00e1dio Nacional FM: (61) 99989-1201\u00a0<\/li>\n<li>\u00a0R\u00e1dio Nacional AM: (61) 99674-1536\u00a0<\/li>\n<li>\u00a0R\u00e1dio Nacional da Amaz\u00f4nia: (61) 99674-1568\u00a0<\/li>\n<li>\u00a0R\u00e1dio Nacional do Rio de Janeiro: (21) 97119-9966\u00a0<\/li>\n<\/ul>\n<p><strong>Saiba como sintonizar a R\u00e1dio Nacional<\/strong>\u00a0<\/p>\n<ul>\n<li>Bras\u00edlia: FM 96,1 MHz e AM 980 Khz\u00a0<\/li>\n<li>Rio de Janeiro: FM 87,1 MHz e AM 1130 kHz\u00a0<\/li>\n<li>S\u00e3o Paulo: FM 87,1 MHz\u00a0<\/li>\n<li>Recife: FM 87,1 MHz\u00a0<\/li>\n<li>S\u00e3o Lu\u00eds: FM 93,7 MHz\u00a0<\/li>\n<li>Amaz\u00f4nia: 11.780KHz e 6.180KHz OC\u00a0<\/li>\n<li>Alto Solim\u00f5es: FM 96,1 MHz\u00a0<\/li>\n<\/ul>\n<p>      <!-- Relacionada --><\/p>\n<p>            <!-- Relacionada -->\n    <\/div>\n<p><script async src=\"\/\/www.instagram.com\/embed.js\"><\/script><\/p>\n","protected":false},"excerpt":{"rendered":"<p>A R\u00e1dio Nacional leva ao ar neste domingo (6) a partida v\u00e1lida pela 26\u00aa rodada da S\u00e9rie A do Brasileir\u00e3o 2026 entre Remo e Flamengo. As equipes duelam pelos 3 pontos direto do Est\u00e1dio Mangueir\u00e3o, em Bel\u00e9m, Par\u00e1.\u00a0 O Remo recebe o Flamengo para um confronto pelo Campeonato Brasileiro que n\u00e3o acontece em Bel\u00e9m desde &hellip;<\/p>\n","protected":false},"author":39,"featured_media":0,"comment_status":"open","ping_status":"open","sticky":false,"template":"","format":"standard","meta":{"_jetpack_newsletter_access":"","_jetpack_dont_email_post_to_subs":false,"_jetpack_newsletter_tier_id":0,"_jetpack_memberships_contains_paywalled_content":false,"_jetpack_feature_clip_id":0,"_jetpack_memberships_contains_paid_content":false,"footnotes":"","jetpack_post_was_ever_published":false},"categories":[3,4587,4],"tags":[],"class_list":["post-466244","post","type-post","status-publish","format-standard","hentry","category-esportes1","category-esportes","category-servicos"],"yoast_head":"<!-- This site is optimized with the Yoast SEO plugin v28.4 - https:\/\/yoast.com\/product\/yoast-seo-wordpress\/ -->\n<title>R\u00e1dio Nacional transmite Remo e Flamengo pelo Brasileir\u00e3o hoje<\/title>\n<meta name=\"robots\" content=\"index, follow, max-snippet:-1, max-image-preview:large, max-video-preview:-1\" \/>\n<link rel=\"canonical\" href=\"https:\/\/agenciabrasil.ebc.com.br\/esportes\/noticia\/2026-09\/radio-nacional-transmite-remo-e-flamengo-pelo-brasileirao-hoje\" \/>\n<meta property=\"og:locale\" content=\"pt_BR\" \/>\n<meta property=\"og:type\" content=\"article\" \/>\n<meta property=\"og:title\" content=\"R\u00e1dio Nacional transmite Remo e Flamengo pelo Brasileir\u00e3o hoje\" \/>\n<meta property=\"og:description\" content=\"A R\u00e1dio Nacional leva ao ar neste domingo (6) a partida v\u00e1lida pela 26\u00aa rodada da S\u00e9rie A do Brasileir\u00e3o 2026 entre Remo e Flamengo. As equipes duelam pelos 3 pontos direto do Est\u00e1dio Mangueir\u00e3o, em Bel\u00e9m, Par\u00e1.\u00a0 O Remo recebe o Flamengo para um confronto pelo Campeonato Brasileiro que n\u00e3o acontece em Bel\u00e9m desde &hellip;\" \/>\n<meta property=\"og:url\" content=\"https:\/\/agenciabrasil.ebc.com.br\/esportes\/noticia\/2026-09\/radio-nacional-transmite-remo-e-flamengo-pelo-brasileirao-hoje\" \/>\n<meta property=\"og:site_name\" content=\"MRNews\" \/>\n<meta property=\"article:publisher\" content=\"https:\/\/www.facebook.com\/eaipahpah\/?locale2=pt_BR\" \/>\n<meta property=\"article:published_time\" content=\"2026-09-06T21:07:53+00:00\" \/>\n<meta name=\"author\" content=\"Fernando Corraa\" \/>\n<meta name=\"twitter:card\" content=\"summary_large_image\" \/>\n<meta name=\"twitter:creator\" content=\"@conspirou\" \/>\n<meta name=\"twitter:site\" content=\"@conspirou\" \/>\n<meta name=\"twitter:label1\" content=\"Escrito por\" \/>\n\t<meta name=\"twitter:data1\" content=\"Fernando Corraa\" \/>\n\t<meta name=\"twitter:label2\" content=\"Est. tempo de leitura\" \/>\n\t<meta name=\"twitter:data2\" content=\"5 minutos\" \/>\n<script type=\"application\/ld+json\" class=\"yoast-schema-graph\">{\"@context\":\"https:\\\/\\\/schema.org\",\"@graph\":[{\"@type\":\"Article\",\"@id\":\"https:\\\/\\\/agenciabrasil.ebc.com.br\\\/esportes\\\/noticia\\\/2026-09\\\/radio-nacional-transmite-remo-e-flamengo-pelo-brasileirao-hoje#article\",\"isPartOf\":{\"@id\":\"https:\\\/\\\/mrnews.com.br\\\/index.php\\\/2026\\\/09\\\/06\\\/radio-nacional-transmite-remo-e-flamengo-pelo-brasileirao-hoje\\\/\"},\"author\":{\"name\":\"Fernando Corraa\",\"@id\":\"https:\\\/\\\/mrnews.com.br\\\/#\\\/schema\\\/person\\\/2f073f2d87903a2ff9a065e41bbf17d4\"},\"headline\":\"R\u00e1dio Nacional transmite Remo e Flamengo pelo Brasileir\u00e3o hoje\",\"datePublished\":\"2026-09-06T21:07:53+00:00\",\"mainEntityOfPage\":{\"@id\":\"https:\\\/\\\/mrnews.com.br\\\/index.php\\\/2026\\\/09\\\/06\\\/radio-nacional-transmite-remo-e-flamengo-pelo-brasileirao-hoje\\\/\"},\"wordCount\":954,\"commentCount\":0,\"publisher\":{\"@id\":\"https:\\\/\\\/mrnews.com.br\\\/#organization\"},\"articleSection\":[\"ESPORTES\",\"Esportes\",\"SERVI\u00c7OS\"],\"inLanguage\":\"pt-BR\",\"potentialAction\":[{\"@type\":\"CommentAction\",\"name\":\"Comment\",\"target\":[\"https:\\\/\\\/agenciabrasil.ebc.com.br\\\/esportes\\\/noticia\\\/2026-09\\\/radio-nacional-transmite-remo-e-flamengo-pelo-brasileirao-hoje#respond\"]}]},{\"@type\":\"WebPage\",\"@id\":\"https:\\\/\\\/mrnews.com.br\\\/index.php\\\/2026\\\/09\\\/06\\\/radio-nacional-transmite-remo-e-flamengo-pelo-brasileirao-hoje\\\/\",\"url\":\"https:\\\/\\\/agenciabrasil.ebc.com.br\\\/esportes\\\/noticia\\\/2026-09\\\/radio-nacional-transmite-remo-e-flamengo-pelo-brasileirao-hoje\",\"name\":\"R\u00e1dio Nacional transmite Remo e Flamengo pelo Brasileir\u00e3o hoje\",\"isPartOf\":{\"@id\":\"https:\\\/\\\/mrnews.com.br\\\/#website\"},\"datePublished\":\"2026-09-06T21:07:53+00:00\",\"breadcrumb\":{\"@id\":\"https:\\\/\\\/agenciabrasil.ebc.com.br\\\/esportes\\\/noticia\\\/2026-09\\\/radio-nacional-transmite-remo-e-flamengo-pelo-brasileirao-hoje#breadcrumb\"},\"inLanguage\":\"pt-BR\",\"potentialAction\":[{\"@type\":\"ReadAction\",\"target\":[\"https:\\\/\\\/agenciabrasil.ebc.com.br\\\/esportes\\\/noticia\\\/2026-09\\\/radio-nacional-transmite-remo-e-flamengo-pelo-brasileirao-hoje\"]}]},{\"@type\":\"BreadcrumbList\",\"@id\":\"https:\\\/\\\/agenciabrasil.ebc.com.br\\\/esportes\\\/noticia\\\/2026-09\\\/radio-nacional-transmite-remo-e-flamengo-pelo-brasileirao-hoje#breadcrumb\",\"itemListElement\":[{\"@type\":\"ListItem\",\"position\":1,\"name\":\"In\u00edcio\",\"item\":\"https:\\\/\\\/mrnews.com.br\\\/\"},{\"@type\":\"ListItem\",\"position\":2,\"name\":\"R\u00e1dio Nacional transmite Remo e Flamengo pelo Brasileir\u00e3o hoje\"}]},{\"@type\":\"WebSite\",\"@id\":\"https:\\\/\\\/mrnews.com.br\\\/#website\",\"url\":\"https:\\\/\\\/mrnews.com.br\\\/\",\"name\":\"MRNews\",\"description\":\"MRNews Jogos de hoje da TV, transmiss\u00f5es ao vivo, Not\u00edcias de futebol, Jogos ao vivo, Lives, resumo de novelas, Programa\u00e7\u00e3o da Globo, A Fazenda e BBB\",\"publisher\":{\"@id\":\"https:\\\/\\\/mrnews.com.br\\\/#organization\"},\"potentialAction\":[{\"@type\":\"SearchAction\",\"target\":{\"@type\":\"EntryPoint\",\"urlTemplate\":\"https:\\\/\\\/mrnews.com.br\\\/?s={search_term_string}\"},\"query-input\":{\"@type\":\"PropertyValueSpecification\",\"valueRequired\":true,\"valueName\":\"search_term_string\"}}],\"inLanguage\":\"pt-BR\"},{\"@type\":\"Organization\",\"@id\":\"https:\\\/\\\/mrnews.com.br\\\/#organization\",\"name\":\"MRNews\",\"url\":\"https:\\\/\\\/mrnews.com.br\\\/\",\"logo\":{\"@type\":\"ImageObject\",\"inLanguage\":\"pt-BR\",\"@id\":\"https:\\\/\\\/mrnews.com.br\\\/#\\\/schema\\\/logo\\\/image\\\/\",\"url\":\"https:\\\/\\\/mrnews.com.br\\\/wp-content\\\/uploads\\\/2026\\\/08\\\/MRNEws.png\",\"contentUrl\":\"https:\\\/\\\/mrnews.com.br\\\/wp-content\\\/uploads\\\/2026\\\/08\\\/MRNEws.png\",\"width\":1254,\"height\":1254,\"caption\":\"MRNews\"},\"image\":{\"@id\":\"https:\\\/\\\/mrnews.com.br\\\/#\\\/schema\\\/logo\\\/image\\\/\"},\"sameAs\":[\"https:\\\/\\\/www.facebook.com\\\/eaipahpah\\\/?locale2=pt_BR\",\"https:\\\/\\\/x.com\\\/conspirou\",\"https:\\\/\\\/www.instagram.com\\\/eai_pahpah\",\"https:\\\/\\\/br.pinterest.com\\\/mrnewsn\\\/boards\\\/\",\"https:\\\/\\\/www.youtube.com\\\/channel\\\/UCacgnpznQ61fifLWr1tQ-vA?view_as=subscriber\"]},{\"@type\":\"Person\",\"@id\":\"https:\\\/\\\/mrnews.com.br\\\/#\\\/schema\\\/person\\\/2f073f2d87903a2ff9a065e41bbf17d4\",\"name\":\"Fernando Corraa\",\"image\":{\"@type\":\"ImageObject\",\"inLanguage\":\"pt-BR\",\"@id\":\"https:\\\/\\\/secure.gravatar.com\\\/avatar\\\/9069acb0e588c9f4346ba747284aef18a5faaab575e89e9ccc64e315003f0b82?s=96&d=monsterid&r=g\",\"url\":\"https:\\\/\\\/secure.gravatar.com\\\/avatar\\\/9069acb0e588c9f4346ba747284aef18a5faaab575e89e9ccc64e315003f0b82?s=96&d=monsterid&r=g\",\"contentUrl\":\"https:\\\/\\\/secure.gravatar.com\\\/avatar\\\/9069acb0e588c9f4346ba747284aef18a5faaab575e89e9ccc64e315003f0b82?s=96&d=monsterid&r=g\",\"caption\":\"Fernando Corraa\"},\"url\":\"https:\\\/\\\/mrnews.com.br\\\/index.php\\\/author\\\/fernando-corraa\\\/\"}]}<\/script>\n<!-- \/ Yoast SEO plugin. -->","yoast_head_json":{"title":"R\u00e1dio Nacional transmite Remo e Flamengo pelo Brasileir\u00e3o hoje","robots":{"index":"index","follow":"follow","max-snippet":"max-snippet:-1","max-image-preview":"max-image-preview:large","max-video-preview":"max-video-preview:-1"},"canonical":"https:\/\/agenciabrasil.ebc.com.br\/esportes\/noticia\/2026-09\/radio-nacional-transmite-remo-e-flamengo-pelo-brasileirao-hoje","og_locale":"pt_BR","og_type":"article","og_title":"R\u00e1dio Nacional transmite Remo e Flamengo pelo Brasileir\u00e3o hoje","og_description":"A R\u00e1dio Nacional leva ao ar neste domingo (6) a partida v\u00e1lida pela 26\u00aa rodada da S\u00e9rie A do Brasileir\u00e3o 2026 entre Remo e Flamengo. As equipes duelam pelos 3 pontos direto do Est\u00e1dio Mangueir\u00e3o, em Bel\u00e9m, Par\u00e1.\u00a0 O Remo recebe o Flamengo para um confronto pelo Campeonato Brasileiro que n\u00e3o acontece em Bel\u00e9m desde &hellip;","og_url":"https:\/\/agenciabrasil.ebc.com.br\/esportes\/noticia\/2026-09\/radio-nacional-transmite-remo-e-flamengo-pelo-brasileirao-hoje","og_site_name":"MRNews","article_publisher":"https:\/\/www.facebook.com\/eaipahpah\/?locale2=pt_BR","article_published_time":"2026-09-06T21:07:53+00:00","author":"Fernando Corraa","twitter_card":"summary_large_image","twitter_creator":"@conspirou","twitter_site":"@conspirou","twitter_misc":{"Escrito por":"Fernando Corraa","Est. tempo de leitura":"5 minutos"},"schema":{"@context":"https:\/\/schema.org","@graph":[{"@type":"Article","@id":"https:\/\/agenciabrasil.ebc.com.br\/esportes\/noticia\/2026-09\/radio-nacional-transmite-remo-e-flamengo-pelo-brasileirao-hoje#article","isPartOf":{"@id":"https:\/\/mrnews.com.br\/index.php\/2026\/09\/06\/radio-nacional-transmite-remo-e-flamengo-pelo-brasileirao-hoje\/"},"author":{"name":"Fernando Corraa","@id":"https:\/\/mrnews.com.br\/#\/schema\/person\/2f073f2d87903a2ff9a065e41bbf17d4"},"headline":"R\u00e1dio Nacional transmite Remo e Flamengo pelo Brasileir\u00e3o hoje","datePublished":"2026-09-06T21:07:53+00:00","mainEntityOfPage":{"@id":"https:\/\/mrnews.com.br\/index.php\/2026\/09\/06\/radio-nacional-transmite-remo-e-flamengo-pelo-brasileirao-hoje\/"},"wordCount":954,"commentCount":0,"publisher":{"@id":"https:\/\/mrnews.com.br\/#organization"},"articleSection":["ESPORTES","Esportes","SERVI\u00c7OS"],"inLanguage":"pt-BR","potentialAction":[{"@type":"CommentAction","name":"Comment","target":["https:\/\/agenciabrasil.ebc.com.br\/esportes\/noticia\/2026-09\/radio-nacional-transmite-remo-e-flamengo-pelo-brasileirao-hoje#respond"]}]},{"@type":"WebPage","@id":"https:\/\/mrnews.com.br\/index.php\/2026\/09\/06\/radio-nacional-transmite-remo-e-flamengo-pelo-brasileirao-hoje\/","url":"https:\/\/agenciabrasil.ebc.com.br\/esportes\/noticia\/2026-09\/radio-nacional-transmite-remo-e-flamengo-pelo-brasileirao-hoje","name":"R\u00e1dio Nacional transmite Remo e Flamengo pelo Brasileir\u00e3o hoje","isPartOf":{"@id":"https:\/\/mrnews.com.br\/#website"},"datePublished":"2026-09-06T21:07:53+00:00","breadcrumb":{"@id":"https:\/\/agenciabrasil.ebc.com.br\/esportes\/noticia\/2026-09\/radio-nacional-transmite-remo-e-flamengo-pelo-brasileirao-hoje#breadcrumb"},"inLanguage":"pt-BR","potentialAction":[{"@type":"ReadAction","target":["https:\/\/agenciabrasil.ebc.com.br\/esportes\/noticia\/2026-09\/radio-nacional-transmite-remo-e-flamengo-pelo-brasileirao-hoje"]}]},{"@type":"BreadcrumbList","@id":"https:\/\/agenciabrasil.ebc.com.br\/esportes\/noticia\/2026-09\/radio-nacional-transmite-remo-e-flamengo-pelo-brasileirao-hoje#breadcrumb","itemListElement":[{"@type":"ListItem","position":1,"name":"In\u00edcio","item":"https:\/\/mrnews.com.br\/"},{"@type":"ListItem","position":2,"name":"R\u00e1dio Nacional transmite Remo e Flamengo pelo Brasileir\u00e3o hoje"}]},{"@type":"WebSite","@id":"https:\/\/mrnews.com.br\/#website","url":"https:\/\/mrnews.com.br\/","name":"MRNews","description":"MRNews Jogos de hoje da TV, transmiss\u00f5es ao vivo, Not\u00edcias de futebol, Jogos ao vivo, Lives, resumo de novelas, Programa\u00e7\u00e3o da Globo, A Fazenda e BBB","publisher":{"@id":"https:\/\/mrnews.com.br\/#organization"},"potentialAction":[{"@type":"SearchAction","target":{"@type":"EntryPoint","urlTemplate":"https:\/\/mrnews.com.br\/?s={search_term_string}"},"query-input":{"@type":"PropertyValueSpecification","valueRequired":true,"valueName":"search_term_string"}}],"inLanguage":"pt-BR"},{"@type":"Organization","@id":"https:\/\/mrnews.com.br\/#organization","name":"MRNews","url":"https:\/\/mrnews.com.br\/","logo":{"@type":"ImageObject","inLanguage":"pt-BR","@id":"https:\/\/mrnews.com.br\/#\/schema\/logo\/image\/","url":"https:\/\/mrnews.com.br\/wp-content\/uploads\/2026\/08\/MRNEws.png","contentUrl":"https:\/\/mrnews.com.br\/wp-content\/uploads\/2026\/08\/MRNEws.png","width":1254,"height":1254,"caption":"MRNews"},"image":{"@id":"https:\/\/mrnews.com.br\/#\/schema\/logo\/image\/"},"sameAs":["https:\/\/www.facebook.com\/eaipahpah\/?locale2=pt_BR","https:\/\/x.com\/conspirou","https:\/\/www.instagram.com\/eai_pahpah","https:\/\/br.pinterest.com\/mrnewsn\/boards\/","https:\/\/www.youtube.com\/channel\/UCacgnpznQ61fifLWr1tQ-vA?view_as=subscriber"]},{"@type":"Person","@id":"https:\/\/mrnews.com.br\/#\/schema\/person\/2f073f2d87903a2ff9a065e41bbf17d4","name":"Fernando Corraa","image":{"@type":"ImageObject","inLanguage":"pt-BR","@id":"https:\/\/secure.gravatar.com\/avatar\/9069acb0e588c9f4346ba747284aef18a5faaab575e89e9ccc64e315003f0b82?s=96&d=monsterid&r=g","url":"https:\/\/secure.gravatar.com\/avatar\/9069acb0e588c9f4346ba747284aef18a5faaab575e89e9ccc64e315003f0b82?s=96&d=monsterid&r=g","contentUrl":"https:\/\/secure.gravatar.com\/avatar\/9069acb0e588c9f4346ba747284aef18a5faaab575e89e9ccc64e315003f0b82?s=96&d=monsterid&r=g","caption":"Fernando Corraa"},"url":"https:\/\/mrnews.com.br\/index.php\/author\/fernando-corraa\/"}]}},"jetpack_sharing_enabled":true,"jetpack_shortlink":"https:\/\/wp.me\/pa2Qf7-1Xi4","amp_enabled":true,"jetpack_featured_media_url":"","_links":{"self":[{"href":"https:\/\/mrnews.com.br\/index.php\/wp-json\/wp\/v2\/posts\/466244","targetHints":{"allow":["GET"]}}],"collection":[{"href":"https:\/\/mrnews.com.br\/index.php\/wp-json\/wp\/v2\/posts"}],"about":[{"href":"https:\/\/mrnews.com.br\/index.php\/wp-json\/wp\/v2\/types\/post"}],"author":[{"embeddable":true,"href":"https:\/\/mrnews.com.br\/index.php\/wp-json\/wp\/v2\/users\/39"}],"replies":[{"embeddable":true,"href":"https:\/\/mrnews.com.br\/index.php\/wp-json\/wp\/v2\/comments?post=466244"}],"version-history":[{"count":0,"href":"https:\/\/mrnews.com.br\/index.php\/wp-json\/wp\/v2\/posts\/466244\/revisions"}],"wp:attachment":[{"href":"https:\/\/mrnews.com.br\/index.php\/wp-json\/wp\/v2\/media?parent=466244"}],"wp:term":[{"taxonomy":"category","embeddable":true,"href":"https:\/\/mrnews.com.br\/index.php\/wp-json\/wp\/v2\/categories?post=466244"},{"taxonomy":"post_tag","embeddable":true,"href":"https:\/\/mrnews.com.br\/index.php\/wp-json\/wp\/v2\/tags?post=466244"}],"curies":[{"name":"wp","href":"https:\/\/api.w.org\/{rel}","templated":true}]}}