{"id":466246,"date":"2026-09-06T19:02:53","date_gmt":"2026-09-06T22:02:53","guid":{"rendered":"https:\/\/mrnews.com.br\/index.php\/2026\/09\/06\/veja-como-foi-o-fim-de-semana-dos-candidatos-a-presidente\/"},"modified":"2026-09-06T19:02:53","modified_gmt":"2026-09-06T22:02:53","slug":"veja-como-foi-o-fim-de-semana-dos-candidatos-a-presidente","status":"publish","type":"post","link":"https:\/\/mrnews.com.br\/index.php\/2026\/09\/06\/veja-como-foi-o-fim-de-semana-dos-candidatos-a-presidente\/","title":{"rendered":"Veja como foi o fim de semana dos candidatos a presidente"},"content":{"rendered":"<p>Por EBC, <\/p>\n<div>\n<p>A agenda dos presidenci\u00e1veis neste fim de semana incluiu lan\u00e7amentos de campanha, caminhadas, panfletagens e eventos pol\u00edticos. Tamb\u00e9m participaram de entrevistas, visitas, atos com aliados, encontros com representantes do setor produtivo e participa\u00e7\u00e3o em eventos de campanha e manifesta\u00e7\u00f5es pol\u00edticas.<\/p>\n<p><strong>Augusto Cury (Avante)<\/strong><\/p>\n<p>No s\u00e1bado, o candidato participou de agenda de campanha em Ara\u00e7atuba (SP). Na cidade, Cury visitou o camel\u00f3dromo e o cal\u00e7ad\u00e3o. Antes, participou de uma carreata pelo centro da cidade.<\/p>\n<p>O candidato disse que, caso eleito, vai trabalhar para melhorar a sa\u00fade do pa\u00eds.\u00a0<\/p>\n<p>&#8220;Temos que melhorar o SUS [Sistema \u00danico de Sa\u00fade], torn\u00e1-lo mais eficiente. Mas tamb\u00e9m temos que fazer uma telemedicina das mais tecnol\u00f3gicas e modernas para ajudar a atender a popula\u00e7\u00e3o&#8221;, afirmou.<\/p>\n<p>Cury tamb\u00e9m tirou fotos com eleitores e autografou livros em um shopping da cidade. Depois retornou para Ribeir\u00e3o Preto, onde mora. O candidato n\u00e3o teve agenda de campanha neste domingo.<\/p>\n<p><strong>Clariana Bar\u00e3o (DC)<\/strong><br \/>A candidata Clariana Bar\u00e3o concedeu entrevista para o Jornal News SBT\u00a0no s\u00e1bado (5).<\/p>\n<p><strong>Edmilson Costa (PCB)<\/strong><br \/>O candidato Edmilson Costa cumpriu\u00a0agenda da secretaria-geral do PCB em Lisboa.\u00a0<\/p>\n<p><strong>Fl\u00e1vio Bolsonaro (PL)<\/strong><br \/>O candidato Fl\u00e1vio Bolsonaro visitou, no s\u00e1bado (5), Filipe Martins, ex-assessor internacional de Jair Bolsonaro. Ele cumpre pena em pres\u00eddio de Ponta Grossa (PR), ap\u00f3s ter sido condenado pelo Supremo Tribunal Federal (STF) por participa\u00e7\u00e3o na trama golpista.<\/p>\n<p>Ap\u00f3s a visita, Fl\u00e1vio disse que a pris\u00e3o de Martins \u00e9 injusta e viola\u00a0direitos. O candidato abordou o tema da seguran\u00e7a p\u00fablica, prometendo, se eleito, criar cerca de 500 mil vagas em pres\u00eddios.<\/p>\n<p>&#8220;Temos em nosso plano de governo a cria\u00e7\u00e3o de mais de meio milh\u00e3o de vagas no sistema penitenci\u00e1rio.\u00a0Mudan\u00e7a na legisla\u00e7\u00e3o penal para que fac\u00e7\u00f5es criminosas, como PCC, Comando Vermelho, mil\u00edcias, possam ser declaradas grupos terroristas a partir do ano que vem&#8221;, afirmou.<\/p>\n<p><strong>Hertz Dias (PSTU)<\/strong><\/p>\n<p>No s\u00e1bado, o candidato participou de panfletagem na Esta\u00e7\u00e3o da Lapa, em Salvador (BA), e de conversa de apresenta\u00e7\u00e3o do programa do PSTU no Emp\u00f3rio Bourbon Beer.\u00a0<\/p>\n<p>Na capital com a maior popula\u00e7\u00e3o negra fora do continente africano, Hertz Dias disse que a realidade vivida pelo povo negro continua marcada pela exclus\u00e3o social, pela viol\u00eancia e pela falta de acesso a direitos fundamentais.<\/p>\n<p>&#8220;O povo negro foi respons\u00e1vel por construir grande parte da riqueza deste pa\u00eds, mas segue ocupando os piores empregos, recebendo os menores sal\u00e1rios e sendo a principal v\u00edtima da viol\u00eancia policial&#8221;, afirmou.<\/p>\n<p>Para o candidato, o combate ao racismo tamb\u00e9m passa por mudan\u00e7as profundas na economia e nas pol\u00edticas p\u00fablicas do pa\u00eds, com o objetivo de garantir emprego, sal\u00e1rio digno, educa\u00e7\u00e3o p\u00fablica de qualidade, moradia, sa\u00fade, cultura e oportunidades para a juventude negra.<\/p>\n<p>O candidato n\u00e3o teve agenda de campanha neste domingo.<\/p>\n<p><strong>Luiz In\u00e1cio Lula da Silva (PT)\u00a0<\/strong><\/p>\n<p>O presidente Luiz In\u00e1cio Lula da Silva, que disputa a reelei\u00e7\u00e3o, cumpriu agenda de campanha no s\u00e1bado (5) em S\u00e3o Jos\u00e9 do Rio Preto (SP).\u00a0<\/p>\n<p>Lula disse que, caso reeleito, pretende ampliar as escolas em tempo integral no pa\u00eds.\u00a0<\/p>\n<p>&#8220;Todas as escolas do Brasil v\u00e3o ser de tempo integral, para dar tranquilidade \u00e0 crian\u00e7a e aos pais, que podem trabalhar tranquilo que o filho est\u00e1 sendo cuidado. N\u00e3o h\u00e1 na\u00e7\u00e3o na face da Terra que se desenvolveu sem educa\u00e7\u00e3o&#8221;, afirmou.<\/p>\n<p><strong>Renan Santos (Miss\u00e3o)<\/strong><\/p>\n<p>No s\u00e1bado, o candidato fez campanha em Pernambuco e no Cear\u00e1. Em Recife, Renan visitou os morros da Zona Sul, onde conversou com moradores e gravou v\u00eddeos. Na sequ\u00eancia viajou para Fortaleza, onde chegou \u00e0 noite e participou de atividade com apoiadores.<\/p>\n<p>No domingo pela manh\u00e3, o candidato participou de uma carreata no bairro Mucuripe, e depois seguiu para Vicente Pinz\u00f3n. A localidade, segundo o candidato, teria sido impedida de realizar atividades de campanha eleitoral por determina\u00e7\u00e3o de uma fac\u00e7\u00e3o criminosa. Renan Santos afirmou que vai combater o dom\u00ednio de fac\u00e7\u00f5es sobre territ\u00f3rios em diferentes regi\u00f5es do pa\u00eds.<\/p>\n<p>\u201cSe a gente come\u00e7ar a aceitar que voc\u00ea n\u00e3o pode fazer campanha no lugar A, B ou C porque a fac\u00e7\u00e3o n\u00e3o deixa, voc\u00ea aceitou que a fac\u00e7\u00e3o manda em voc\u00ea. N\u00f3s temos sempre que desobedecer \u00e0 ordem ileg\u00edtima de fac\u00e7\u00e3o criminosa\u201d, disse.<\/p>\n<p>Durante a passagem pelo bairro, Renan tamb\u00e9m defendeu a recupera\u00e7\u00e3o econ\u00f4mica e tur\u00edstica da regi\u00e3o. Segundo ele, o avan\u00e7o do crime organizado contribuiu para afastar atividades que anteriormente movimentavam a economia local.<\/p>\n<p>Depois viajou para S\u00e3o Lu\u00eds (MA), onde participou de atividade com apoiadores de campanha.<\/p>\n<p><strong>Romeu Zema<\/strong><\/p>\n<p>No s\u00e1bado, o candidato concedeu entrevista \u00e0 TV Record. Em seguida, viajou para Uberl\u00e2ndia (MG), onde participou da exposi\u00e7\u00e3o agropecu\u00e1ria Camaru. No parque de exposi\u00e7\u00f5es, o\u00a0candidato do Novo conversou com eleitores e com representantes do agroneg\u00f3cio.<\/p>\n<p>No domingo pela manh\u00e3, Romeu Zema fez uma vistoria ao Anel Vi\u00e1rio de Uberl\u00e2ndia. Na sequ\u00eancia participou de adesiva\u00e7o no Parque Sabi\u00e1.<\/p>\n<p><strong>Ronaldo Caiado (PSD)<\/strong><\/p>\n<p>No s\u00e1bado, o candidato visitou a 49\u00aa edi\u00e7\u00e3o da Expointer, em Esteio (RS), na grande Porto Alegre. Durante o evento, Caiado tirou fotos com apoiadores e esteve nos pavilh\u00f5es da agricultura familiar e de m\u00e1quinas agr\u00edcolas.<\/p>\n<p>No domingo, o candidato visitou a Feira do Garavelo, em Aparecida de Goi\u00e2nia (GO). Durante a visita, foi questionado sobre as medidas que tomaria, caso eleito, para favorecer o empreendedorismo e os pequenos neg\u00f3cios. Caiado respondeu que a primeira medida seria trabalhar para reduzir a taxa b\u00e1sica de juros da economia, a Selic, atualmente em 14% ao ano.\u00a0<\/p>\n<p>&#8220;Chegando no governo, garanto \u00e0 popula\u00e7\u00e3o brasileira que vou diminuir a taxa de juros para 7% , a metade do que est\u00e1 hoje, com as medidas que n\u00f3s vamos tomar a partir do dia 5 de janeiro&#8221;, finalizou.<\/p>\n<p>A taxa Selic \u00e9 definida pelo Copom (Comit\u00ea de Pol\u00edtica Monet\u00e1ria) do Banco Central, com base em dados e previs\u00f5es econ\u00f4micas.<\/p>\n<p><strong>Rui Costa Pimenta (PCO)\u00a0<\/strong><\/p>\n<p>No s\u00e1bado, o candidato esteve em Belo Horizonte (MG), onde participou de almo\u00e7o e lan\u00e7amento de candidaturas do partido, na sede do Centro Nacional de Africanidade e Resist\u00eancia Afro-Brasileira.<\/p>\n<p>Rui Costa disse que, se eleito, vai reestatizar empresas p\u00fablicas. Ele tamb\u00e9m defendeu o fim da escala de trabalho 6&#215;1 e o aumento no sal\u00e1rio m\u00ednimo, conforme o calculado pelo Departamento Intersindical de Estat\u00edstica e Estudos Socioecon\u00f4micos (DIEESE).<\/p>\n<p>Atualmente, o departamento defende que o sal\u00e1rio m\u00ednimo para sustentar uma fam\u00edlia de quatro pessoas deveria ser de R$ 7.687,01.\u00a0<\/p>\n<p>\u201c\u00c9 o que est\u00e1 na Constitui\u00e7\u00e3o. E que, calculado pelo Dieese, \u00e9 uma refer\u00eancia, estaria na casa de R$ 8 mil hoje em dia. Acho que provocaria um abalo na economia inicialmente. Mas a situa\u00e7\u00e3o tenderia a se estabilizar\u201d.<\/p>\n<p>No s\u00e1bado a noite, Rui Costa Pimenta seguiu para a cidade de S\u00e3o Paulo.<\/p>\n<p><strong>Samara Martins (UP)<\/strong><\/p>\n<p>Em Santo Andr\u00e9 (SP), a candidata participou, no s\u00e1bado, da Marcha do Hero\u00edsmo Revolucion\u00e1rio, em homenagem aos militantes assassinados e desaparecidos durante a ditadura militar.\u00a0<\/p>\n<p>A caminhada terminou no gin\u00e1sio da Universidade Federal do ABC (UFABC), na Grande S\u00e3o Paulo. Samara defendeu propostas com foco na gera\u00e7\u00e3o de emprego e renda, al\u00e9m da reforma urbana.\u00a0<\/p>\n<p>&#8220;N\u00f3s tamb\u00e9m defendemos a reforma urbana nas comunidades para que, al\u00e9m de casas, a gente tenha acesso \u00e0 sa\u00fade, educa\u00e7\u00e3o e a garantia de cultura e esporte e para a juventude&#8221;, afirmou.<\/p>\n<p>No domingo, a candidata fez campanha em Bel\u00e9m (PA), onde visitou comunidades ribeirinhas e quilombolas do M\u00e9dio Rio Moju.<\/p>\n<p><strong>Wilson Grassi (Democrata)\u00a0<\/strong><\/p>\n<p>O candidato Wilson Grassi n\u00e3o teve\u00a0agenda p\u00fablica de campanha neste fim de semana.\u00a0<\/p>\n<p>A ordem de apresenta\u00e7\u00e3o da cobertura da agenda dos candidatos a presidente segue rod\u00edzio di\u00e1rio em ordem alfab\u00e9tica.<\/p>\n<p><em>* Colaborou Pedro Rafael Vilela (Bras\u00edlia)<\/em><\/p>\n<p>      <!-- Relacionada --><\/p>\n<p>            <!-- Relacionada -->\n    <\/div>\n","protected":false},"excerpt":{"rendered":"<p>Por EBC, A agenda dos presidenci\u00e1veis neste fim de semana incluiu lan\u00e7amentos de campanha, caminhadas, panfletagens e eventos pol\u00edticos. Tamb\u00e9m participaram de entrevistas, visitas, atos com aliados, encontros com representantes do setor produtivo e participa\u00e7\u00e3o em eventos de campanha e manifesta\u00e7\u00f5es pol\u00edticas. Augusto Cury (Avante) No s\u00e1bado, o candidato participou de agenda de campanha em &hellip;<\/p>\n","protected":false},"author":39,"featured_media":0,"comment_status":"open","ping_status":"open","sticky":false,"template":"","format":"standard","meta":{"_jetpack_newsletter_access":"","_jetpack_dont_email_post_to_subs":false,"_jetpack_newsletter_tier_id":0,"_jetpack_memberships_contains_paywalled_content":false,"_jetpack_feature_clip_id":0,"_jetpack_memberships_contains_paid_content":false,"footnotes":"","jetpack_post_was_ever_published":false},"categories":[4],"tags":[],"class_list":["post-466246","post","type-post","status-publish","format-standard","hentry","category-servicos"],"yoast_head":"<!-- This site is optimized with the Yoast SEO plugin v28.4 - https:\/\/yoast.com\/product\/yoast-seo-wordpress\/ -->\n<title>Veja como foi o fim de semana dos candidatos a presidente<\/title>\n<meta name=\"robots\" content=\"index, follow, max-snippet:-1, max-image-preview:large, max-video-preview:-1\" \/>\n<link rel=\"canonical\" href=\"https:\/\/agenciabrasil.ebc.com.br\/politica\/noticia\/2026-09\/veja-como-foi-o-fim-de-semana-dos-candidatos-presidente\" \/>\n<meta property=\"og:locale\" content=\"pt_BR\" \/>\n<meta property=\"og:type\" content=\"article\" \/>\n<meta property=\"og:title\" content=\"Veja como foi o fim de semana dos candidatos a presidente\" \/>\n<meta property=\"og:description\" content=\"Por EBC, A agenda dos presidenci\u00e1veis neste fim de semana incluiu lan\u00e7amentos de campanha, caminhadas, panfletagens e eventos pol\u00edticos. Tamb\u00e9m participaram de entrevistas, visitas, atos com aliados, encontros com representantes do setor produtivo e participa\u00e7\u00e3o em eventos de campanha e manifesta\u00e7\u00f5es pol\u00edticas. Augusto Cury (Avante) No s\u00e1bado, o candidato participou de agenda de campanha em &hellip;\" \/>\n<meta property=\"og:url\" content=\"https:\/\/agenciabrasil.ebc.com.br\/politica\/noticia\/2026-09\/veja-como-foi-o-fim-de-semana-dos-candidatos-presidente\" \/>\n<meta property=\"og:site_name\" content=\"MRNews\" \/>\n<meta property=\"article:publisher\" content=\"https:\/\/www.facebook.com\/eaipahpah\/?locale2=pt_BR\" \/>\n<meta property=\"article:published_time\" content=\"2026-09-06T22:02:53+00:00\" \/>\n<meta name=\"author\" content=\"Fernando Corraa\" \/>\n<meta name=\"twitter:card\" content=\"summary_large_image\" \/>\n<meta name=\"twitter:creator\" content=\"@conspirou\" \/>\n<meta name=\"twitter:site\" content=\"@conspirou\" \/>\n<meta name=\"twitter:label1\" content=\"Escrito por\" \/>\n\t<meta name=\"twitter:data1\" content=\"Fernando Corraa\" \/>\n\t<meta name=\"twitter:label2\" content=\"Est. tempo de leitura\" \/>\n\t<meta name=\"twitter:data2\" content=\"7 minutos\" \/>\n<script type=\"application\/ld+json\" class=\"yoast-schema-graph\">{\"@context\":\"https:\\\/\\\/schema.org\",\"@graph\":[{\"@type\":\"Article\",\"@id\":\"https:\\\/\\\/agenciabrasil.ebc.com.br\\\/politica\\\/noticia\\\/2026-09\\\/veja-como-foi-o-fim-de-semana-dos-candidatos-presidente#article\",\"isPartOf\":{\"@id\":\"https:\\\/\\\/mrnews.com.br\\\/index.php\\\/2026\\\/09\\\/06\\\/veja-como-foi-o-fim-de-semana-dos-candidatos-a-presidente\\\/\"},\"author\":{\"name\":\"Fernando Corraa\",\"@id\":\"https:\\\/\\\/mrnews.com.br\\\/#\\\/schema\\\/person\\\/2f073f2d87903a2ff9a065e41bbf17d4\"},\"headline\":\"Veja como foi o fim de semana dos candidatos a presidente\",\"datePublished\":\"2026-09-06T22:02:53+00:00\",\"mainEntityOfPage\":{\"@id\":\"https:\\\/\\\/mrnews.com.br\\\/index.php\\\/2026\\\/09\\\/06\\\/veja-como-foi-o-fim-de-semana-dos-candidatos-a-presidente\\\/\"},\"wordCount\":1392,\"commentCount\":0,\"publisher\":{\"@id\":\"https:\\\/\\\/mrnews.com.br\\\/#organization\"},\"articleSection\":[\"SERVI\u00c7OS\"],\"inLanguage\":\"pt-BR\",\"potentialAction\":[{\"@type\":\"CommentAction\",\"name\":\"Comment\",\"target\":[\"https:\\\/\\\/agenciabrasil.ebc.com.br\\\/politica\\\/noticia\\\/2026-09\\\/veja-como-foi-o-fim-de-semana-dos-candidatos-presidente#respond\"]}]},{\"@type\":\"WebPage\",\"@id\":\"https:\\\/\\\/mrnews.com.br\\\/index.php\\\/2026\\\/09\\\/06\\\/veja-como-foi-o-fim-de-semana-dos-candidatos-a-presidente\\\/\",\"url\":\"https:\\\/\\\/agenciabrasil.ebc.com.br\\\/politica\\\/noticia\\\/2026-09\\\/veja-como-foi-o-fim-de-semana-dos-candidatos-presidente\",\"name\":\"Veja como foi o fim de semana dos candidatos a presidente\",\"isPartOf\":{\"@id\":\"https:\\\/\\\/mrnews.com.br\\\/#website\"},\"datePublished\":\"2026-09-06T22:02:53+00:00\",\"breadcrumb\":{\"@id\":\"https:\\\/\\\/agenciabrasil.ebc.com.br\\\/politica\\\/noticia\\\/2026-09\\\/veja-como-foi-o-fim-de-semana-dos-candidatos-presidente#breadcrumb\"},\"inLanguage\":\"pt-BR\",\"potentialAction\":[{\"@type\":\"ReadAction\",\"target\":[\"https:\\\/\\\/agenciabrasil.ebc.com.br\\\/politica\\\/noticia\\\/2026-09\\\/veja-como-foi-o-fim-de-semana-dos-candidatos-presidente\"]}]},{\"@type\":\"BreadcrumbList\",\"@id\":\"https:\\\/\\\/agenciabrasil.ebc.com.br\\\/politica\\\/noticia\\\/2026-09\\\/veja-como-foi-o-fim-de-semana-dos-candidatos-presidente#breadcrumb\",\"itemListElement\":[{\"@type\":\"ListItem\",\"position\":1,\"name\":\"In\u00edcio\",\"item\":\"https:\\\/\\\/mrnews.com.br\\\/\"},{\"@type\":\"ListItem\",\"position\":2,\"name\":\"Veja como foi o fim de semana dos candidatos a presidente\"}]},{\"@type\":\"WebSite\",\"@id\":\"https:\\\/\\\/mrnews.com.br\\\/#website\",\"url\":\"https:\\\/\\\/mrnews.com.br\\\/\",\"name\":\"MRNews\",\"description\":\"MRNews Jogos de hoje da TV, transmiss\u00f5es ao vivo, Not\u00edcias de futebol, Jogos ao vivo, Lives, resumo de novelas, Programa\u00e7\u00e3o da Globo, A Fazenda e BBB\",\"publisher\":{\"@id\":\"https:\\\/\\\/mrnews.com.br\\\/#organization\"},\"potentialAction\":[{\"@type\":\"SearchAction\",\"target\":{\"@type\":\"EntryPoint\",\"urlTemplate\":\"https:\\\/\\\/mrnews.com.br\\\/?s={search_term_string}\"},\"query-input\":{\"@type\":\"PropertyValueSpecification\",\"valueRequired\":true,\"valueName\":\"search_term_string\"}}],\"inLanguage\":\"pt-BR\"},{\"@type\":\"Organization\",\"@id\":\"https:\\\/\\\/mrnews.com.br\\\/#organization\",\"name\":\"MRNews\",\"url\":\"https:\\\/\\\/mrnews.com.br\\\/\",\"logo\":{\"@type\":\"ImageObject\",\"inLanguage\":\"pt-BR\",\"@id\":\"https:\\\/\\\/mrnews.com.br\\\/#\\\/schema\\\/logo\\\/image\\\/\",\"url\":\"https:\\\/\\\/mrnews.com.br\\\/wp-content\\\/uploads\\\/2026\\\/08\\\/MRNEws.png\",\"contentUrl\":\"https:\\\/\\\/mrnews.com.br\\\/wp-content\\\/uploads\\\/2026\\\/08\\\/MRNEws.png\",\"width\":1254,\"height\":1254,\"caption\":\"MRNews\"},\"image\":{\"@id\":\"https:\\\/\\\/mrnews.com.br\\\/#\\\/schema\\\/logo\\\/image\\\/\"},\"sameAs\":[\"https:\\\/\\\/www.facebook.com\\\/eaipahpah\\\/?locale2=pt_BR\",\"https:\\\/\\\/x.com\\\/conspirou\",\"https:\\\/\\\/www.instagram.com\\\/eai_pahpah\",\"https:\\\/\\\/br.pinterest.com\\\/mrnewsn\\\/boards\\\/\",\"https:\\\/\\\/www.youtube.com\\\/channel\\\/UCacgnpznQ61fifLWr1tQ-vA?view_as=subscriber\"]},{\"@type\":\"Person\",\"@id\":\"https:\\\/\\\/mrnews.com.br\\\/#\\\/schema\\\/person\\\/2f073f2d87903a2ff9a065e41bbf17d4\",\"name\":\"Fernando Corraa\",\"image\":{\"@type\":\"ImageObject\",\"inLanguage\":\"pt-BR\",\"@id\":\"https:\\\/\\\/secure.gravatar.com\\\/avatar\\\/9069acb0e588c9f4346ba747284aef18a5faaab575e89e9ccc64e315003f0b82?s=96&d=monsterid&r=g\",\"url\":\"https:\\\/\\\/secure.gravatar.com\\\/avatar\\\/9069acb0e588c9f4346ba747284aef18a5faaab575e89e9ccc64e315003f0b82?s=96&d=monsterid&r=g\",\"contentUrl\":\"https:\\\/\\\/secure.gravatar.com\\\/avatar\\\/9069acb0e588c9f4346ba747284aef18a5faaab575e89e9ccc64e315003f0b82?s=96&d=monsterid&r=g\",\"caption\":\"Fernando Corraa\"},\"url\":\"https:\\\/\\\/mrnews.com.br\\\/index.php\\\/author\\\/fernando-corraa\\\/\"}]}<\/script>\n<!-- \/ Yoast SEO plugin. -->","yoast_head_json":{"title":"Veja como foi o fim de semana dos candidatos a presidente","robots":{"index":"index","follow":"follow","max-snippet":"max-snippet:-1","max-image-preview":"max-image-preview:large","max-video-preview":"max-video-preview:-1"},"canonical":"https:\/\/agenciabrasil.ebc.com.br\/politica\/noticia\/2026-09\/veja-como-foi-o-fim-de-semana-dos-candidatos-presidente","og_locale":"pt_BR","og_type":"article","og_title":"Veja como foi o fim de semana dos candidatos a presidente","og_description":"Por EBC, A agenda dos presidenci\u00e1veis neste fim de semana incluiu lan\u00e7amentos de campanha, caminhadas, panfletagens e eventos pol\u00edticos. Tamb\u00e9m participaram de entrevistas, visitas, atos com aliados, encontros com representantes do setor produtivo e participa\u00e7\u00e3o em eventos de campanha e manifesta\u00e7\u00f5es pol\u00edticas. Augusto Cury (Avante) No s\u00e1bado, o candidato participou de agenda de campanha em &hellip;","og_url":"https:\/\/agenciabrasil.ebc.com.br\/politica\/noticia\/2026-09\/veja-como-foi-o-fim-de-semana-dos-candidatos-presidente","og_site_name":"MRNews","article_publisher":"https:\/\/www.facebook.com\/eaipahpah\/?locale2=pt_BR","article_published_time":"2026-09-06T22:02:53+00:00","author":"Fernando Corraa","twitter_card":"summary_large_image","twitter_creator":"@conspirou","twitter_site":"@conspirou","twitter_misc":{"Escrito por":"Fernando Corraa","Est. tempo de leitura":"7 minutos"},"schema":{"@context":"https:\/\/schema.org","@graph":[{"@type":"Article","@id":"https:\/\/agenciabrasil.ebc.com.br\/politica\/noticia\/2026-09\/veja-como-foi-o-fim-de-semana-dos-candidatos-presidente#article","isPartOf":{"@id":"https:\/\/mrnews.com.br\/index.php\/2026\/09\/06\/veja-como-foi-o-fim-de-semana-dos-candidatos-a-presidente\/"},"author":{"name":"Fernando Corraa","@id":"https:\/\/mrnews.com.br\/#\/schema\/person\/2f073f2d87903a2ff9a065e41bbf17d4"},"headline":"Veja como foi o fim de semana dos candidatos a presidente","datePublished":"2026-09-06T22:02:53+00:00","mainEntityOfPage":{"@id":"https:\/\/mrnews.com.br\/index.php\/2026\/09\/06\/veja-como-foi-o-fim-de-semana-dos-candidatos-a-presidente\/"},"wordCount":1392,"commentCount":0,"publisher":{"@id":"https:\/\/mrnews.com.br\/#organization"},"articleSection":["SERVI\u00c7OS"],"inLanguage":"pt-BR","potentialAction":[{"@type":"CommentAction","name":"Comment","target":["https:\/\/agenciabrasil.ebc.com.br\/politica\/noticia\/2026-09\/veja-como-foi-o-fim-de-semana-dos-candidatos-presidente#respond"]}]},{"@type":"WebPage","@id":"https:\/\/mrnews.com.br\/index.php\/2026\/09\/06\/veja-como-foi-o-fim-de-semana-dos-candidatos-a-presidente\/","url":"https:\/\/agenciabrasil.ebc.com.br\/politica\/noticia\/2026-09\/veja-como-foi-o-fim-de-semana-dos-candidatos-presidente","name":"Veja como foi o fim de semana dos candidatos a presidente","isPartOf":{"@id":"https:\/\/mrnews.com.br\/#website"},"datePublished":"2026-09-06T22:02:53+00:00","breadcrumb":{"@id":"https:\/\/agenciabrasil.ebc.com.br\/politica\/noticia\/2026-09\/veja-como-foi-o-fim-de-semana-dos-candidatos-presidente#breadcrumb"},"inLanguage":"pt-BR","potentialAction":[{"@type":"ReadAction","target":["https:\/\/agenciabrasil.ebc.com.br\/politica\/noticia\/2026-09\/veja-como-foi-o-fim-de-semana-dos-candidatos-presidente"]}]},{"@type":"BreadcrumbList","@id":"https:\/\/agenciabrasil.ebc.com.br\/politica\/noticia\/2026-09\/veja-como-foi-o-fim-de-semana-dos-candidatos-presidente#breadcrumb","itemListElement":[{"@type":"ListItem","position":1,"name":"In\u00edcio","item":"https:\/\/mrnews.com.br\/"},{"@type":"ListItem","position":2,"name":"Veja como foi o fim de semana dos candidatos a presidente"}]},{"@type":"WebSite","@id":"https:\/\/mrnews.com.br\/#website","url":"https:\/\/mrnews.com.br\/","name":"MRNews","description":"MRNews Jogos de hoje da TV, transmiss\u00f5es ao vivo, Not\u00edcias de futebol, Jogos ao vivo, Lives, resumo de novelas, Programa\u00e7\u00e3o da Globo, A Fazenda e BBB","publisher":{"@id":"https:\/\/mrnews.com.br\/#organization"},"potentialAction":[{"@type":"SearchAction","target":{"@type":"EntryPoint","urlTemplate":"https:\/\/mrnews.com.br\/?s={search_term_string}"},"query-input":{"@type":"PropertyValueSpecification","valueRequired":true,"valueName":"search_term_string"}}],"inLanguage":"pt-BR"},{"@type":"Organization","@id":"https:\/\/mrnews.com.br\/#organization","name":"MRNews","url":"https:\/\/mrnews.com.br\/","logo":{"@type":"ImageObject","inLanguage":"pt-BR","@id":"https:\/\/mrnews.com.br\/#\/schema\/logo\/image\/","url":"https:\/\/mrnews.com.br\/wp-content\/uploads\/2026\/08\/MRNEws.png","contentUrl":"https:\/\/mrnews.com.br\/wp-content\/uploads\/2026\/08\/MRNEws.png","width":1254,"height":1254,"caption":"MRNews"},"image":{"@id":"https:\/\/mrnews.com.br\/#\/schema\/logo\/image\/"},"sameAs":["https:\/\/www.facebook.com\/eaipahpah\/?locale2=pt_BR","https:\/\/x.com\/conspirou","https:\/\/www.instagram.com\/eai_pahpah","https:\/\/br.pinterest.com\/mrnewsn\/boards\/","https:\/\/www.youtube.com\/channel\/UCacgnpznQ61fifLWr1tQ-vA?view_as=subscriber"]},{"@type":"Person","@id":"https:\/\/mrnews.com.br\/#\/schema\/person\/2f073f2d87903a2ff9a065e41bbf17d4","name":"Fernando Corraa","image":{"@type":"ImageObject","inLanguage":"pt-BR","@id":"https:\/\/secure.gravatar.com\/avatar\/9069acb0e588c9f4346ba747284aef18a5faaab575e89e9ccc64e315003f0b82?s=96&d=monsterid&r=g","url":"https:\/\/secure.gravatar.com\/avatar\/9069acb0e588c9f4346ba747284aef18a5faaab575e89e9ccc64e315003f0b82?s=96&d=monsterid&r=g","contentUrl":"https:\/\/secure.gravatar.com\/avatar\/9069acb0e588c9f4346ba747284aef18a5faaab575e89e9ccc64e315003f0b82?s=96&d=monsterid&r=g","caption":"Fernando Corraa"},"url":"https:\/\/mrnews.com.br\/index.php\/author\/fernando-corraa\/"}]}},"jetpack_sharing_enabled":true,"jetpack_shortlink":"https:\/\/wp.me\/pa2Qf7-1Xi6","amp_enabled":true,"jetpack_featured_media_url":"","_links":{"self":[{"href":"https:\/\/mrnews.com.br\/index.php\/wp-json\/wp\/v2\/posts\/466246","targetHints":{"allow":["GET"]}}],"collection":[{"href":"https:\/\/mrnews.com.br\/index.php\/wp-json\/wp\/v2\/posts"}],"about":[{"href":"https:\/\/mrnews.com.br\/index.php\/wp-json\/wp\/v2\/types\/post"}],"author":[{"embeddable":true,"href":"https:\/\/mrnews.com.br\/index.php\/wp-json\/wp\/v2\/users\/39"}],"replies":[{"embeddable":true,"href":"https:\/\/mrnews.com.br\/index.php\/wp-json\/wp\/v2\/comments?post=466246"}],"version-history":[{"count":0,"href":"https:\/\/mrnews.com.br\/index.php\/wp-json\/wp\/v2\/posts\/466246\/revisions"}],"wp:attachment":[{"href":"https:\/\/mrnews.com.br\/index.php\/wp-json\/wp\/v2\/media?parent=466246"}],"wp:term":[{"taxonomy":"category","embeddable":true,"href":"https:\/\/mrnews.com.br\/index.php\/wp-json\/wp\/v2\/categories?post=466246"},{"taxonomy":"post_tag","embeddable":true,"href":"https:\/\/mrnews.com.br\/index.php\/wp-json\/wp\/v2\/tags?post=466246"}],"curies":[{"name":"wp","href":"https:\/\/api.w.org\/{rel}","templated":true}]}}